{"id":2215,"date":"2024-11-09T12:18:29","date_gmt":"2024-11-09T11:18:29","guid":{"rendered":"https:\/\/vieassociative.be\/actualites\/la-routine-de-soins-de-la-peau-dont-chaque-preadolescent-a-besoin-selon-un-dermatologue\/"},"modified":"2024-11-09T12:18:29","modified_gmt":"2024-11-09T11:18:29","slug":"la-routine-de-soins-de-la-peau-dont-chaque-preadolescent-a-besoin-selon-un-dermatologue","status":"publish","type":"post","link":"https:\/\/vieassociative.be\/actualites\/la-routine-de-soins-de-la-peau-dont-chaque-preadolescent-a-besoin-selon-un-dermatologue\/","title":{"rendered":"La routine de soins de la peau dont chaque pr\u00e9adolescent a besoin, selon un dermatologue"},"content":{"rendered":"<div class=\"mt-4 leading-6 md:mb-8\">Ils n&rsquo;ont pas besoin d&rsquo;un comptoir rempli de produits, mais les pr\u00e9adolescents devraient \u00e9tablir une routine de soins de base.<\/div>\n<p><\/p>\n<p>Peut-\u00eatre que vous le r\u00e9alisez d\u00e9j\u00e0, mais la pubert\u00e9 est <em>sauvage<\/em>. Entre 9 et 12 ans environ, les pr\u00e9adolescents tentent de comprendre comment fonctionner dans le monde, m\u00eame si tout change chez eux. Alors, qui peut leur reprocher de s\u2019\u00eatre concentr\u00e9s sur TikTok et peut-\u00eatre d\u2019avoir suivi quelques conseils de soins de la peau de Northie en m\u00eame temps ? M\u00eame si North West a peut-\u00eatre acc\u00e8s \u00e0 tous les produits disponibles, nous voulions demander \u00e0 un v\u00e9ritable <em>dermatologue<\/em> ce dont un adolescent moyen a besoin pour garder sa peau saine. Voici ce que nous avons appris.<\/p>\n<h2 id=\"start-them-early\">Commencez-les t\u00f4t<\/h2>\n<p>Non, b\u00e9b\u00e9 n&rsquo;a pas besoin d&rsquo;un s\u00e9rum antioxydant, mais il n&rsquo;est jamais trop t\u00f4t pour commencer \u00e0 lui enseigner les soins et les produits de la peau. <\/p>\n<p>\u00ab\u00a0D\u00e8s son plus jeune \u00e2ge, commencez \u00e0 parler de sa peau \u00e0 votre enfant \u00e0 l&rsquo;heure du bain. C\u2019est une excellente occasion de leur apprendre \u00e0 conna\u00eetre leur peau et \u00e0 en prendre soin correctement \u00bb, a d\u00e9clar\u00e9 le dermatologue certifi\u00e9 Aanand Geria. \u00ab Laissez-les explorer la texture de produits tels que le shampoing, la lotion, le gel douche et la cr\u00e8me hydratante. Lorsque vous effectuez votre routine de soins de la peau, placez votre enfant \u00e0 c\u00f4t\u00e9 de vous pour lui permettre de poser des questions et de participer.<\/p>\n<h2 id=\"upgrade-their-bath-schedule\">Am\u00e9liorer leur horaire de bain<\/h2>\n<p>Une approche controvers\u00e9e, peut-\u00eatre, mais les petits enfants peuvent en fait s&rsquo;en sortir avec 1 \u00e0 2 bains par semaine s&rsquo;ils ne transpirent pas et ne se salissent pas tous les jours. Avons-nous mentionn\u00e9 que la pubert\u00e9 change tout ? Il est temps de dire doucement \u00e0 votre plus grand enfant qu\u2019il a besoin d\u2019une routine quotidienne de bain et de soins de la peau.<\/p>\n<p>Amusez-vous en allant acheter des nettoyants et des hydratants \u00ab\u00a0adultes\u00a0\u00bb (mais toujours doux). Vous pouvez trouver des kits de soins de la peau en plusieurs \u00e9tapes comprenant des masques et des s\u00e9rums, mais tout ce dont votre enfant de 9 \u00e0 12 ans a r\u00e9ellement besoin est un nettoyant et une cr\u00e8me hydratante de base. (Essayez les bases des pharmacies traditionnelles de CeraVe ou Cetaphil.)<\/p>\n<p>\u00ab\u00a0Il peut \u00eatre utile pour les pr\u00e9adolescents de commencer \u00e0 prendre l&rsquo;habitude d&rsquo;une routine de soins de la peau\u00a0\u00bb, a d\u00e9clar\u00e9 Geria. \u00ab \u00c0 cet \u00e2ge, les pr\u00e9adolescents luttent contre les hormones qui peuvent provoquer des \u00e9ruptions cutan\u00e9es et de l\u2019acn\u00e9. La routine de soins de la peau d&rsquo;une pr\u00e9adolescente devrait inclure un bain quotidien avec un nettoyant doux, suivi d&rsquo;une cr\u00e8me hydratante.<\/p>\n<h2 id=\"give-them-step-by-step-guidance\">Donnez-leur des conseils \u00e9tape par \u00e9tape<\/h2>\n<p>En supposant qu&rsquo;ils n&rsquo;en aient pas d\u00e9j\u00e0 appris plus sur les soins de la peau gr\u00e2ce \u00e0 TikTok qu&rsquo;apr\u00e8s une d\u00e9cennie de lecture du magazine Seventeen, d\u00e9composez les soins de la peau pour votre pr\u00e9adolescent en ces \u00e9tapes simples de l&rsquo;American Academy of Dermatology :<\/p>\n<ul>\n<li>\n<p>Mouillez votre visage avec de l&rsquo;eau ti\u00e8de et utilisez le bout de vos doigts pour appliquer un nettoyant doux.<\/p>\n<\/li>\n<li>\n<p>Ne frottez pas !<\/p>\n<\/li>\n<li>\n<p>Rincer \u00e0 l&rsquo;eau ti\u00e8de et s\u00e9cher.<\/p>\n<\/li>\n<li>\n<p>Appliquez une cr\u00e8me hydratante douce.<\/p>\n<\/li>\n<\/ul>\n<h2 id=\"beyond-the-basics\">Au-del\u00e0 des fondamentaux<\/h2>\n<p>Portez de la cr\u00e8me solaire ! Les filtres anti-taches de rousseur sont mignons, mais les dommages caus\u00e9s par le soleil ne vieillissent pas bien.<\/p>\n<p>\u00ab\u00a0Il est \u00e9galement important d&rsquo;appliquer un \u00e9cran solaire chaque matin et tout au long de la journ\u00e9e pour les personnes ayant la peau sensible\u00a0\u00bb, a d\u00e9clar\u00e9 Geria.<\/p>\n<p>Et \u00e0 un moment donn\u00e9, les hormones pr\u00e9adolescentes entra\u00eeneront in\u00e9vitablement des visages gras, des \u00e9ruptions cutan\u00e9es ou des pores obstru\u00e9s.<\/p>\n<p>\u00ab Les pr\u00e9adolescents traversent la pubert\u00e9 \u00e0 des rythmes diff\u00e9rents. Si un pr\u00e9adolescent entre dans la pubert\u00e9, sa peau sera probablement plus grasse que celle d\u2019une personne plus tardive. Pour les premiers, davantage de mesures anti-acn\u00e9iques pourraient \u00eatre appropri\u00e9es pour att\u00e9nuer la peau grasse et les pores obstru\u00e9s \u00bb, a d\u00e9clar\u00e9 Geria.<\/p>\n<p>Se laver le visage tous les soirs avec un nettoyant doux devrait suffire \u00e0 traiter l&rsquo;acn\u00e9 l\u00e9g\u00e8re, a d\u00e9clar\u00e9 Geria, mais les enfants souffrant d&rsquo;\u00e9ruptions cutan\u00e9es plus graves peuvent avoir besoin d&rsquo;un produit contenant du peroxyde de benzoyle ou de l&rsquo;acide salicylique. \u00c9tant donn\u00e9 que ces ingr\u00e9dients peuvent ass\u00e9cher la peau, la cr\u00e8me hydratante est essentielle.<\/p>\n<h2 id=\"caution-what-to-avoid\">Prudence! Ce qu&rsquo;il faut \u00e9viter<\/h2>\n<p>Geria recommande aux pr\u00e9adolescents d&rsquo;\u00e9viter les ingr\u00e9dients suivants car ils peuvent \u00eatre trop agressifs ou provoquer des \u00e9ruptions cutan\u00e9es sur la peau jeune\u00a0:<\/p>\n<ul>\n<li>\n<p>Parfum<\/p>\n<\/li>\n<li>\n<p>Colorants<\/p>\n<\/li>\n<li>\n<p>Formald\u00e9hyde<\/p>\n<\/li>\n<li>\n<p>Parab\u00e8nes<\/p>\n<\/li>\n<li>\n<p>Produits exfoliants<\/p>\n<\/li>\n<\/ul>\n<p>Enfin, apprenez-leur tr\u00e8s t\u00f4t que gratter les bosses n\u2019est pas bon pour une peau \u00e9clatante (et en pleine croissance).<\/p>\n<p>\u00ab\u00a0Maintenir une politique de non-intervention en ce qui concerne le visage aidera \u00e9galement \u00e0 emp\u00eacher les pr\u00e9adolescents de s&rsquo;attaquer \u00e0 l&rsquo;acn\u00e9 irritante qui peut aggraver les \u00e9ruptions cutan\u00e9es\u00a0\u00bb, a d\u00e9clar\u00e9 Geria.<\/p>\n<p><script async src=\"\/\/www.tiktok.com\/embed.js\"><\/script><\/p>\n","protected":false},"excerpt":{"rendered":"<p>Ils n&rsquo;ont pas besoin d&rsquo;un comptoir rempli de produits, mais les pr\u00e9adolescents devraient \u00e9tablir une routine de soins de base. Peut-\u00eatre que vous le r\u00e9alisez<\/p>\n","protected":false},"author":1,"featured_media":2216,"comment_status":"","ping_status":"","sticky":false,"template":"","format":"standard","meta":{"footnotes":""},"categories":[37],"tags":[259,90,2965,257,2255,1024,1375,507,1401],"class_list":["post-2215","post","type-post","status-publish","format-standard","has-post-thumbnail","hentry","category-famille","tag-besoin","tag-chaque","tag-dermatologue","tag-dont","tag-peau","tag-preadolescent","tag-routine","tag-selon","tag-soins","generate-columns","tablet-grid-50","mobile-grid-100","grid-parent","grid-33"],"yoast_head":"<!-- This site is optimized with the Yoast SEO plugin v24.0 - https:\/\/yoast.com\/wordpress\/plugins\/seo\/ -->\n<title>La routine de soins de la peau dont chaque pr\u00e9adolescent a besoin, selon un dermatologue | Vie Associative<\/title>\n<meta name=\"robots\" content=\"index, follow, max-snippet:-1, max-image-preview:large, max-video-preview:-1\" \/>\n<link rel=\"canonical\" href=\"https:\/\/vieassociative.be\/actualites\/la-routine-de-soins-de-la-peau-dont-chaque-preadolescent-a-besoin-selon-un-dermatologue\/\" \/>\n<meta property=\"og:locale\" content=\"fr_FR\" \/>\n<meta property=\"og:type\" content=\"article\" \/>\n<meta property=\"og:title\" content=\"La routine de soins de la peau dont chaque pr\u00e9adolescent a besoin, selon un dermatologue | Vie Associative\" \/>\n<meta property=\"og:description\" content=\"Ils n&rsquo;ont pas besoin d&rsquo;un comptoir rempli de produits, mais les pr\u00e9adolescents devraient \u00e9tablir une routine de soins de base. Peut-\u00eatre que vous le r\u00e9alisez\" \/>\n<meta property=\"og:url\" content=\"https:\/\/vieassociative.be\/actualites\/la-routine-de-soins-de-la-peau-dont-chaque-preadolescent-a-besoin-selon-un-dermatologue\/\" \/>\n<meta property=\"og:site_name\" content=\"Vie Associative\" \/>\n<meta property=\"article:published_time\" content=\"2024-11-09T11:18:29+00:00\" \/>\n<meta property=\"og:image\" content=\"https:\/\/vieassociative.be\/actualites\/wp-content\/uploads\/2024\/09\/header_backgroundk-01-e1726694325946.png\" \/>\n\t<meta property=\"og:image:width\" content=\"279\" \/>\n\t<meta property=\"og:image:height\" content=\"92\" \/>\n\t<meta property=\"og:image:type\" content=\"image\/png\" \/>\n<meta name=\"author\" content=\"Julien\" \/>\n<meta name=\"twitter:card\" content=\"summary_large_image\" \/>\n<meta name=\"twitter:label1\" content=\"\u00c9crit par\" \/>\n\t<meta name=\"twitter:data1\" content=\"Julien\" \/>\n\t<meta name=\"twitter:label2\" content=\"Dur\u00e9e de lecture est.\" \/>\n\t<meta name=\"twitter:data2\" content=\"4 minutes\" \/>\n<script type=\"application\/ld+json\" class=\"yoast-schema-graph\">{\"@context\":\"https:\/\/schema.org\",\"@graph\":[{\"@type\":\"Article\",\"@id\":\"https:\/\/vieassociative.be\/actualites\/la-routine-de-soins-de-la-peau-dont-chaque-preadolescent-a-besoin-selon-un-dermatologue\/#article\",\"isPartOf\":{\"@id\":\"https:\/\/vieassociative.be\/actualites\/la-routine-de-soins-de-la-peau-dont-chaque-preadolescent-a-besoin-selon-un-dermatologue\/\"},\"author\":{\"name\":\"Julien\",\"@id\":\"https:\/\/vieassociative.be\/actualites\/#\/schema\/person\/b87ac4f82f9d4e7b7cec7395b679edc4\"},\"headline\":\"La routine de soins de la peau dont chaque pr\u00e9adolescent a besoin, selon un dermatologue\",\"datePublished\":\"2024-11-09T11:18:29+00:00\",\"dateModified\":\"2024-11-09T11:18:29+00:00\",\"mainEntityOfPage\":{\"@id\":\"https:\/\/vieassociative.be\/actualites\/la-routine-de-soins-de-la-peau-dont-chaque-preadolescent-a-besoin-selon-un-dermatologue\/\"},\"wordCount\":878,\"publisher\":{\"@id\":\"https:\/\/vieassociative.be\/actualites\/#organization\"},\"image\":{\"@id\":\"https:\/\/vieassociative.be\/actualites\/la-routine-de-soins-de-la-peau-dont-chaque-preadolescent-a-besoin-selon-un-dermatologue\/#primaryimage\"},\"thumbnailUrl\":\"https:\/\/vieassociative.be\/actualites\/wp-content\/uploads\/2024\/11\/La-routine-de-soins-de-la-peau-dont-chaque-preadolescent.jpg\",\"keywords\":[\"besoin\",\"chaque\",\"dermatologue\",\"dont\",\"peau\",\"pr\u00e9adolescent\",\"routine\",\"selon\",\"soins\"],\"articleSection\":[\"Famille\"],\"inLanguage\":\"fr-BE\"},{\"@type\":\"WebPage\",\"@id\":\"https:\/\/vieassociative.be\/actualites\/la-routine-de-soins-de-la-peau-dont-chaque-preadolescent-a-besoin-selon-un-dermatologue\/\",\"url\":\"https:\/\/vieassociative.be\/actualites\/la-routine-de-soins-de-la-peau-dont-chaque-preadolescent-a-besoin-selon-un-dermatologue\/\",\"name\":\"La routine de soins de la peau dont chaque pr\u00e9adolescent a besoin, selon un dermatologue | Vie Associative\",\"isPartOf\":{\"@id\":\"https:\/\/vieassociative.be\/actualites\/#website\"},\"primaryImageOfPage\":{\"@id\":\"https:\/\/vieassociative.be\/actualites\/la-routine-de-soins-de-la-peau-dont-chaque-preadolescent-a-besoin-selon-un-dermatologue\/#primaryimage\"},\"image\":{\"@id\":\"https:\/\/vieassociative.be\/actualites\/la-routine-de-soins-de-la-peau-dont-chaque-preadolescent-a-besoin-selon-un-dermatologue\/#primaryimage\"},\"thumbnailUrl\":\"https:\/\/vieassociative.be\/actualites\/wp-content\/uploads\/2024\/11\/La-routine-de-soins-de-la-peau-dont-chaque-preadolescent.jpg\",\"datePublished\":\"2024-11-09T11:18:29+00:00\",\"dateModified\":\"2024-11-09T11:18:29+00:00\",\"breadcrumb\":{\"@id\":\"https:\/\/vieassociative.be\/actualites\/la-routine-de-soins-de-la-peau-dont-chaque-preadolescent-a-besoin-selon-un-dermatologue\/#breadcrumb\"},\"inLanguage\":\"fr-BE\",\"potentialAction\":[{\"@type\":\"ReadAction\",\"target\":[\"https:\/\/vieassociative.be\/actualites\/la-routine-de-soins-de-la-peau-dont-chaque-preadolescent-a-besoin-selon-un-dermatologue\/\"]}]},{\"@type\":\"ImageObject\",\"inLanguage\":\"fr-BE\",\"@id\":\"https:\/\/vieassociative.be\/actualites\/la-routine-de-soins-de-la-peau-dont-chaque-preadolescent-a-besoin-selon-un-dermatologue\/#primaryimage\",\"url\":\"https:\/\/vieassociative.be\/actualites\/wp-content\/uploads\/2024\/11\/La-routine-de-soins-de-la-peau-dont-chaque-preadolescent.jpg\",\"contentUrl\":\"https:\/\/vieassociative.be\/actualites\/wp-content\/uploads\/2024\/11\/La-routine-de-soins-de-la-peau-dont-chaque-preadolescent.jpg\",\"width\":1200,\"height\":675,\"caption\":\"La routine de soins de la peau dont chaque pr\u00e9adolescent a besoin, selon un dermatologue\"},{\"@type\":\"BreadcrumbList\",\"@id\":\"https:\/\/vieassociative.be\/actualites\/la-routine-de-soins-de-la-peau-dont-chaque-preadolescent-a-besoin-selon-un-dermatologue\/#breadcrumb\",\"itemListElement\":[{\"@type\":\"ListItem\",\"position\":1,\"name\":\"Accueil\",\"item\":\"https:\/\/vieassociative.be\/actualites\/\"},{\"@type\":\"ListItem\",\"position\":2,\"name\":\"La routine de soins de la peau dont chaque pr\u00e9adolescent a besoin, selon un dermatologue\"}]},{\"@type\":\"WebSite\",\"@id\":\"https:\/\/vieassociative.be\/actualites\/#website\",\"url\":\"https:\/\/vieassociative.be\/actualites\/\",\"name\":\"Vie Associative\",\"description\":\"\",\"publisher\":{\"@id\":\"https:\/\/vieassociative.be\/actualites\/#organization\"},\"potentialAction\":[{\"@type\":\"SearchAction\",\"target\":{\"@type\":\"EntryPoint\",\"urlTemplate\":\"https:\/\/vieassociative.be\/actualites\/?s={search_term_string}\"},\"query-input\":{\"@type\":\"PropertyValueSpecification\",\"valueRequired\":true,\"valueName\":\"search_term_string\"}}],\"inLanguage\":\"fr-BE\"},{\"@type\":\"Organization\",\"@id\":\"https:\/\/vieassociative.be\/actualites\/#organization\",\"name\":\"Vie Associative\",\"url\":\"https:\/\/vieassociative.be\/actualites\/\",\"logo\":{\"@type\":\"ImageObject\",\"inLanguage\":\"fr-BE\",\"@id\":\"https:\/\/vieassociative.be\/actualites\/#\/schema\/logo\/image\/\",\"url\":\"https:\/\/vieassociative.be\/actualites\/wp-content\/uploads\/2024\/09\/cropped-vieassociative_favicon.ico.png\",\"contentUrl\":\"https:\/\/vieassociative.be\/actualites\/wp-content\/uploads\/2024\/09\/cropped-vieassociative_favicon.ico.png\",\"width\":512,\"height\":512,\"caption\":\"Vie Associative\"},\"image\":{\"@id\":\"https:\/\/vieassociative.be\/actualites\/#\/schema\/logo\/image\/\"}},{\"@type\":\"Person\",\"@id\":\"https:\/\/vieassociative.be\/actualites\/#\/schema\/person\/b87ac4f82f9d4e7b7cec7395b679edc4\",\"name\":\"Julien\",\"image\":{\"@type\":\"ImageObject\",\"inLanguage\":\"fr-BE\",\"@id\":\"https:\/\/vieassociative.be\/actualites\/#\/schema\/person\/image\/\",\"url\":\"https:\/\/vieassociative.be\/actualites\/wp-content\/uploads\/2024\/09\/vie-associative-1-150x150.jpg\",\"contentUrl\":\"https:\/\/vieassociative.be\/actualites\/wp-content\/uploads\/2024\/09\/vie-associative-1-150x150.jpg\",\"caption\":\"Julien\"},\"description\":\"Je suis Julien, r\u00e9dacteur pour Vie Associative. Passionn\u00e9 par le monde associatif depuis plus de 10 ans, j'ai \u00e0 c\u0153ur de partager des histoires inspirantes et de mettre en lumi\u00e8re les initiatives locales. Mon objectif est de sensibiliser et d'encourager l'engagement communautaire \u00e0 travers mes articles.\",\"sameAs\":[\"https:\/\/vieassociative.be\/\"]}]}<\/script>\n<!-- \/ Yoast SEO plugin. -->","yoast_head_json":{"title":"La routine de soins de la peau dont chaque pr\u00e9adolescent a besoin, selon un dermatologue | Vie Associative","robots":{"index":"index","follow":"follow","max-snippet":"max-snippet:-1","max-image-preview":"max-image-preview:large","max-video-preview":"max-video-preview:-1"},"canonical":"https:\/\/vieassociative.be\/actualites\/la-routine-de-soins-de-la-peau-dont-chaque-preadolescent-a-besoin-selon-un-dermatologue\/","og_locale":"fr_FR","og_type":"article","og_title":"La routine de soins de la peau dont chaque pr\u00e9adolescent a besoin, selon un dermatologue | Vie Associative","og_description":"Ils n&rsquo;ont pas besoin d&rsquo;un comptoir rempli de produits, mais les pr\u00e9adolescents devraient \u00e9tablir une routine de soins de base. Peut-\u00eatre que vous le r\u00e9alisez","og_url":"https:\/\/vieassociative.be\/actualites\/la-routine-de-soins-de-la-peau-dont-chaque-preadolescent-a-besoin-selon-un-dermatologue\/","og_site_name":"Vie Associative","article_published_time":"2024-11-09T11:18:29+00:00","og_image":[{"width":279,"height":92,"url":"https:\/\/vieassociative.be\/actualites\/wp-content\/uploads\/2024\/09\/header_backgroundk-01-e1726694325946.png","type":"image\/png"}],"author":"Julien","twitter_card":"summary_large_image","twitter_misc":{"\u00c9crit par":"Julien","Dur\u00e9e de lecture est.":"4 minutes"},"schema":{"@context":"https:\/\/schema.org","@graph":[{"@type":"Article","@id":"https:\/\/vieassociative.be\/actualites\/la-routine-de-soins-de-la-peau-dont-chaque-preadolescent-a-besoin-selon-un-dermatologue\/#article","isPartOf":{"@id":"https:\/\/vieassociative.be\/actualites\/la-routine-de-soins-de-la-peau-dont-chaque-preadolescent-a-besoin-selon-un-dermatologue\/"},"author":{"name":"Julien","@id":"https:\/\/vieassociative.be\/actualites\/#\/schema\/person\/b87ac4f82f9d4e7b7cec7395b679edc4"},"headline":"La routine de soins de la peau dont chaque pr\u00e9adolescent a besoin, selon un dermatologue","datePublished":"2024-11-09T11:18:29+00:00","dateModified":"2024-11-09T11:18:29+00:00","mainEntityOfPage":{"@id":"https:\/\/vieassociative.be\/actualites\/la-routine-de-soins-de-la-peau-dont-chaque-preadolescent-a-besoin-selon-un-dermatologue\/"},"wordCount":878,"publisher":{"@id":"https:\/\/vieassociative.be\/actualites\/#organization"},"image":{"@id":"https:\/\/vieassociative.be\/actualites\/la-routine-de-soins-de-la-peau-dont-chaque-preadolescent-a-besoin-selon-un-dermatologue\/#primaryimage"},"thumbnailUrl":"https:\/\/vieassociative.be\/actualites\/wp-content\/uploads\/2024\/11\/La-routine-de-soins-de-la-peau-dont-chaque-preadolescent.jpg","keywords":["besoin","chaque","dermatologue","dont","peau","pr\u00e9adolescent","routine","selon","soins"],"articleSection":["Famille"],"inLanguage":"fr-BE"},{"@type":"WebPage","@id":"https:\/\/vieassociative.be\/actualites\/la-routine-de-soins-de-la-peau-dont-chaque-preadolescent-a-besoin-selon-un-dermatologue\/","url":"https:\/\/vieassociative.be\/actualites\/la-routine-de-soins-de-la-peau-dont-chaque-preadolescent-a-besoin-selon-un-dermatologue\/","name":"La routine de soins de la peau dont chaque pr\u00e9adolescent a besoin, selon un dermatologue | Vie Associative","isPartOf":{"@id":"https:\/\/vieassociative.be\/actualites\/#website"},"primaryImageOfPage":{"@id":"https:\/\/vieassociative.be\/actualites\/la-routine-de-soins-de-la-peau-dont-chaque-preadolescent-a-besoin-selon-un-dermatologue\/#primaryimage"},"image":{"@id":"https:\/\/vieassociative.be\/actualites\/la-routine-de-soins-de-la-peau-dont-chaque-preadolescent-a-besoin-selon-un-dermatologue\/#primaryimage"},"thumbnailUrl":"https:\/\/vieassociative.be\/actualites\/wp-content\/uploads\/2024\/11\/La-routine-de-soins-de-la-peau-dont-chaque-preadolescent.jpg","datePublished":"2024-11-09T11:18:29+00:00","dateModified":"2024-11-09T11:18:29+00:00","breadcrumb":{"@id":"https:\/\/vieassociative.be\/actualites\/la-routine-de-soins-de-la-peau-dont-chaque-preadolescent-a-besoin-selon-un-dermatologue\/#breadcrumb"},"inLanguage":"fr-BE","potentialAction":[{"@type":"ReadAction","target":["https:\/\/vieassociative.be\/actualites\/la-routine-de-soins-de-la-peau-dont-chaque-preadolescent-a-besoin-selon-un-dermatologue\/"]}]},{"@type":"ImageObject","inLanguage":"fr-BE","@id":"https:\/\/vieassociative.be\/actualites\/la-routine-de-soins-de-la-peau-dont-chaque-preadolescent-a-besoin-selon-un-dermatologue\/#primaryimage","url":"https:\/\/vieassociative.be\/actualites\/wp-content\/uploads\/2024\/11\/La-routine-de-soins-de-la-peau-dont-chaque-preadolescent.jpg","contentUrl":"https:\/\/vieassociative.be\/actualites\/wp-content\/uploads\/2024\/11\/La-routine-de-soins-de-la-peau-dont-chaque-preadolescent.jpg","width":1200,"height":675,"caption":"La routine de soins de la peau dont chaque pr\u00e9adolescent a besoin, selon un dermatologue"},{"@type":"BreadcrumbList","@id":"https:\/\/vieassociative.be\/actualites\/la-routine-de-soins-de-la-peau-dont-chaque-preadolescent-a-besoin-selon-un-dermatologue\/#breadcrumb","itemListElement":[{"@type":"ListItem","position":1,"name":"Accueil","item":"https:\/\/vieassociative.be\/actualites\/"},{"@type":"ListItem","position":2,"name":"La routine de soins de la peau dont chaque pr\u00e9adolescent a besoin, selon un dermatologue"}]},{"@type":"WebSite","@id":"https:\/\/vieassociative.be\/actualites\/#website","url":"https:\/\/vieassociative.be\/actualites\/","name":"Vie Associative","description":"","publisher":{"@id":"https:\/\/vieassociative.be\/actualites\/#organization"},"potentialAction":[{"@type":"SearchAction","target":{"@type":"EntryPoint","urlTemplate":"https:\/\/vieassociative.be\/actualites\/?s={search_term_string}"},"query-input":{"@type":"PropertyValueSpecification","valueRequired":true,"valueName":"search_term_string"}}],"inLanguage":"fr-BE"},{"@type":"Organization","@id":"https:\/\/vieassociative.be\/actualites\/#organization","name":"Vie Associative","url":"https:\/\/vieassociative.be\/actualites\/","logo":{"@type":"ImageObject","inLanguage":"fr-BE","@id":"https:\/\/vieassociative.be\/actualites\/#\/schema\/logo\/image\/","url":"https:\/\/vieassociative.be\/actualites\/wp-content\/uploads\/2024\/09\/cropped-vieassociative_favicon.ico.png","contentUrl":"https:\/\/vieassociative.be\/actualites\/wp-content\/uploads\/2024\/09\/cropped-vieassociative_favicon.ico.png","width":512,"height":512,"caption":"Vie Associative"},"image":{"@id":"https:\/\/vieassociative.be\/actualites\/#\/schema\/logo\/image\/"}},{"@type":"Person","@id":"https:\/\/vieassociative.be\/actualites\/#\/schema\/person\/b87ac4f82f9d4e7b7cec7395b679edc4","name":"Julien","image":{"@type":"ImageObject","inLanguage":"fr-BE","@id":"https:\/\/vieassociative.be\/actualites\/#\/schema\/person\/image\/","url":"https:\/\/vieassociative.be\/actualites\/wp-content\/uploads\/2024\/09\/vie-associative-1-150x150.jpg","contentUrl":"https:\/\/vieassociative.be\/actualites\/wp-content\/uploads\/2024\/09\/vie-associative-1-150x150.jpg","caption":"Julien"},"description":"Je suis Julien, r\u00e9dacteur pour Vie Associative. Passionn\u00e9 par le monde associatif depuis plus de 10 ans, j'ai \u00e0 c\u0153ur de partager des histoires inspirantes et de mettre en lumi\u00e8re les initiatives locales. Mon objectif est de sensibiliser et d'encourager l'engagement communautaire \u00e0 travers mes articles.","sameAs":["https:\/\/vieassociative.be\/"]}]}},"_links":{"self":[{"href":"https:\/\/vieassociative.be\/actualites\/wp-json\/wp\/v2\/posts\/2215"}],"collection":[{"href":"https:\/\/vieassociative.be\/actualites\/wp-json\/wp\/v2\/posts"}],"about":[{"href":"https:\/\/vieassociative.be\/actualites\/wp-json\/wp\/v2\/types\/post"}],"author":[{"embeddable":true,"href":"https:\/\/vieassociative.be\/actualites\/wp-json\/wp\/v2\/users\/1"}],"replies":[{"embeddable":true,"href":"https:\/\/vieassociative.be\/actualites\/wp-json\/wp\/v2\/comments?post=2215"}],"version-history":[{"count":0,"href":"https:\/\/vieassociative.be\/actualites\/wp-json\/wp\/v2\/posts\/2215\/revisions"}],"wp:featuredmedia":[{"embeddable":true,"href":"https:\/\/vieassociative.be\/actualites\/wp-json\/wp\/v2\/media\/2216"}],"wp:attachment":[{"href":"https:\/\/vieassociative.be\/actualites\/wp-json\/wp\/v2\/media?parent=2215"}],"wp:term":[{"taxonomy":"category","embeddable":true,"href":"https:\/\/vieassociative.be\/actualites\/wp-json\/wp\/v2\/categories?post=2215"},{"taxonomy":"post_tag","embeddable":true,"href":"https:\/\/vieassociative.be\/actualites\/wp-json\/wp\/v2\/tags?post=2215"}],"curies":[{"name":"wp","href":"https:\/\/api.w.org\/{rel}","templated":true}]}}