{"id":2211,"date":"2024-11-09T09:17:41","date_gmt":"2024-11-09T08:17:41","guid":{"rendered":"https:\/\/vieassociative.be\/actualites\/horreur-apres-les-attaques-de-manifestants-pro-palestiniens-contre-des-supporters-israeliens-a-amsterdam\/"},"modified":"2024-11-09T09:17:41","modified_gmt":"2024-11-09T08:17:41","slug":"horreur-apres-les-attaques-de-manifestants-pro-palestiniens-contre-des-supporters-israeliens-a-amsterdam","status":"publish","type":"post","link":"https:\/\/vieassociative.be\/actualites\/horreur-apres-les-attaques-de-manifestants-pro-palestiniens-contre-des-supporters-israeliens-a-amsterdam\/","title":{"rendered":"Horreur apr\u00e8s les attaques de manifestants pro-palestiniens contre des supporters isra\u00e9liens \u00e0 Amsterdam"},"content":{"rendered":"<p><strong>MISE \u00c0 JOUR \u2013 Des \u00e9meutiers pro-palestiniens attaquent les partisans du Maccabi Tel Aviv. Plusieurs personnes sont bless\u00e9es. Isra\u00ebl et les Pays-Bas sont choqu\u00e9s. Amsterdam vit une \u00ab nuit noire et profonde \u00bb.<\/strong><\/p>\n<p><span id=\"more-401265\"><\/span>Les attaques perp\u00e9tr\u00e9es par des \u00e9meutiers pro-palestiniens contre des supporters de football isra\u00e9liens \u00e0 Amsterdam ont suscit\u00e9 l\u2019indignation et l\u2019indignation de la communaut\u00e9 internationale. Selon les autorit\u00e9s, les auteurs, en majorit\u00e9 des jeunes, auraient traqu\u00e9 activement les Isra\u00e9liens qui avaient d\u00e9j\u00e0 assist\u00e9 au match de Ligue Europa de l&rsquo;Ajax Amsterdam contre le Maccabi Tel Aviv.<\/p>\n<div id=\"attachment_401300\" class=\"wp-caption alignleft\" style=\"max-width: 300px\"><img fetchpriority=\"high\" decoding=\"async\" class=\"wp-image-401300 size-medium\" src=\"https:\/\/vieassociative.be\/actualites\/wp-content\/uploads\/2024\/11\/Horreur-apres-les-attaques-de-manifestants-pro-palestiniens-contre-des-supporters.jpg\" alt=\"\" width=\"300\" height=\"170\"><\/p>\n<p class=\"wp-caption-text\">8 novembre 2024, pays-Bas, Amsterdam : dans cette image tir\u00e9e d&rsquo;une vid\u00e9o, des supporters pro-palestiniens d\u00e9filent avec des drapeaux palestiniens pr\u00e8s du stade Ajax. Photo : InterVision\/AP\/dpa<\/p>\n<\/div>\n<p>Le ministre isra\u00e9lien des Affaires \u00e9trang\u00e8res, Gideon Saar, est arriv\u00e9 \u00e0 Amsterdam dans l&rsquo;apr\u00e8s-midi pour s&rsquo;entretenir avec des repr\u00e9sentants du gouvernement n\u00e9erlandais. Le Premier ministre n\u00e9erlandais Dick Schoof a \u00e9court\u00e9 son s\u00e9jour \u00e0 Budapest lors d&rsquo;un sommet europ\u00e9en.<\/p>\n<p>Ces violences ont suscit\u00e9 des r\u00e9actions d&rsquo;indignation en Isra\u00ebl. Les politiques parlaient de chasse aux Juifs. Le gouvernement isra\u00e9lien souhaitait envoyer deux avions pour r\u00e9cup\u00e9rer les supporters du Maccabi. Les politiciens n\u00e9erlandais \u00e9taient \u00e9galement horrifi\u00e9s.<\/p>\n<p>Selon les autorit\u00e9s, 20 \u00e0 30 personnes ont \u00e9t\u00e9 bless\u00e9es lors de ces attaques, la plupart l\u00e9g\u00e8rement. Cinq personnes ont \u00e9t\u00e9 soign\u00e9es \u00e0 l&rsquo;h\u00f4pital mais ont pu sortir vendredi. Le minist\u00e8re isra\u00e9lien des Affaires \u00e9trang\u00e8res affirme que le message a d\u00e9sormais atteint tous les Isra\u00e9liens pr\u00e9sents dans la capitale n\u00e9erlandaise. Trois citoyens \u00e9taient auparavant port\u00e9s disparus.<\/p>\n<div id=\"attachment_401299\" class=\"wp-caption alignleft\" style=\"max-width: 300px\"><img decoding=\"async\" class=\"wp-image-401299 size-medium\" src=\"https:\/\/vieassociative.be\/actualites\/wp-content\/uploads\/2024\/11\/1731140261_225_Horreur-apres-les-attaques-de-manifestants-pro-palestiniens-contre-des-supporters.jpg\" alt=\"\" width=\"300\" height=\"169\"><\/p>\n<p class=\"wp-caption-text\">8 novembre 2024, Pays-Bas, Amsterdam : Dans cette vid\u00e9o encore, des policiers escortent des supporters du Maccabi Tel Aviv jusqu&rsquo;\u00e0 la station de m\u00e9tro qui les m\u00e8ne au stade Ajax. Photo : InterVision\/AP\/dpa<\/p>\n<\/div>\n<p><strong>\u2013 Les autorit\u00e9s supposent des attaques cibl\u00e9es :<\/strong> Les fauteurs de troubles \u00ab recherchaient activement les supporters isra\u00e9liens afin de les attaquer et de les maltraiter \u00bb, ont indiqu\u00e9 la ville et la police dans un communiqu\u00e9.<\/p>\n<p>La maire d&rsquo;Amsterdam, Femke Halsema, a parl\u00e9 d&rsquo;une \u00ab nuit noire profonde \u00bb et d&rsquo;une \u00ab honte pour Amsterdam \u00bb. \u00ab\u00a0Dans plusieurs endroits de la ville, des supporters ont \u00e9t\u00e9 assi\u00e9g\u00e9s, maltrait\u00e9s et se sont vu lancer des feux d&rsquo;artifice\u00a0\u00bb, a d\u00e9clar\u00e9 Halsema. Elle a condamn\u00e9 ce \u00ab comportement antis\u00e9mite \u00bb. La ville a \u00e9galement annonc\u00e9 des mesures de s\u00e9curit\u00e9 strictes pour prot\u00e9ger les Isra\u00e9liens et les Juifs d\u2019Amsterdam.<\/p>\n<p>Selon le parquet, dix suspects sont toujours en garde \u00e0 vue, dont deux mineurs. Au total, 62 personnes ont \u00e9t\u00e9 arr\u00eat\u00e9es lors des \u00e9meutes. Le minist\u00e8re public a annonc\u00e9 qu&rsquo;il poursuivrait agressivement tous les auteurs pr\u00e9sum\u00e9s.<\/p>\n<p><strong>\u2013 Les jeunes \u00e0 moto :<\/strong> Selon la police, des supporters isra\u00e9liens ont \u00e9t\u00e9 pris pour cible alors qu&rsquo;ils rentraient au centre jeudi soir apr\u00e8s le match de football. Les Isra\u00e9liens ont notamment pers\u00e9cut\u00e9 et maltrait\u00e9 les jeunes \u00e0 mobylette.<\/p>\n<\/p>\n<div id=\"attachment_401335\" class=\"wp-caption alignleft\" style=\"max-width: 300px\"><img decoding=\"async\" class=\"wp-image-401335 size-medium\" src=\"https:\/\/vieassociative.be\/actualites\/wp-content\/uploads\/2024\/11\/1731140261_479_Horreur-apres-les-attaques-de-manifestants-pro-palestiniens-contre-des-supporters.jpg\" alt=\"\" width=\"300\" height=\"200\"><\/p>\n<p class=\"wp-caption-text\">08.11.2024, Isra\u00ebl, Lod : un fan de Maccabi tel Aviv tient le foulard du club \u00e0 son arriv\u00e9e d&rsquo;Amsterdam \u00e0 l&rsquo;a\u00e9roport Ben-Gurion. Photo : Ilia Efimovitch\/dpa<\/p>\n<\/div>\n<p>Des t\u00e9moins oculaires ont rapport\u00e9 des moments effrayants dans les m\u00e9dias n\u00e9erlandais. Ils ont \u00e9t\u00e9 pourchass\u00e9s, battus et frapp\u00e9s \u00e0 coups de pied par des jeunes hommes masqu\u00e9s. Certains ont d\u00fb se mettre en s\u00e9curit\u00e9 dans leurs h\u00f4tels.<\/p>\n<p><strong>\u2013 Des tensions en avance :<\/strong> Le jeu avait d\u00e9j\u00e0 \u00e9t\u00e9 class\u00e9 comme jeu risqu\u00e9 en raison des tensions politiques. Des mesures de s\u00e9curit\u00e9 suppl\u00e9mentaires avaient \u00e9t\u00e9 prises. Environ 800 agents \u00e9taient en service.<\/p>\n<p>La police a soulign\u00e9 que des affrontements avaient eu lieu la nuit pr\u00e9c\u00e9dente. Les supporters de Tel Aviv se sont \u00e9galement r\u00e9volt\u00e9s et provoqu\u00e9s. Ils ont br\u00fbl\u00e9 des drapeaux palestiniens et scand\u00e9 des slogans offensants. Mais cela ne constitue en aucun cas une excuse pour les attaques antis\u00e9mites, a soulign\u00e9 le maire.<\/p>\n<p><strong>\u2013 Homme politique indign\u00e9 :<\/strong> Le Premier ministre Dick Schoof a parl\u00e9 d\u2019\u00ab attaques antis\u00e9mites inacceptables contre les Isra\u00e9liens \u00bb. Le populiste radical de droite Geert Wilders a \u00e9crit sur X : \u00ab Un pogrom dans les rues d\u2019Amsterdam. (\u2026) Les musulmans arborant des drapeaux palestiniens chassent les juifs.\u00bb<\/p>\n<p>L&rsquo;Union europ\u00e9enne de football (UEFA) a \u00e9galement fermement condamn\u00e9 ces violences. \u00ab\u00a0Nous sommes convaincus que les autorit\u00e9s comp\u00e9tentes identifieront et inculperont autant de personnes que possible responsables de ces actions\u00a0\u00bb, poursuit un communiqu\u00e9 de l&rsquo;UEFA. (dpa)<\/p>\n","protected":false},"excerpt":{"rendered":"<p>MISE \u00c0 JOUR \u2013 Des \u00e9meutiers pro-palestiniens attaquent les partisans du Maccabi Tel Aviv. Plusieurs personnes sont bless\u00e9es. Isra\u00ebl et les Pays-Bas sont choqu\u00e9s. Amsterdam<\/p>\n","protected":false},"author":1,"featured_media":2212,"comment_status":"","ping_status":"","sticky":false,"template":"","format":"standard","meta":{"footnotes":""},"categories":[298],"tags":[2964,472,2959,796,29,2958,2963,14,2960,2961,2962],"class_list":["post-2211","post","type-post","status-publish","format-standard","has-post-thumbnail","hentry","category-belgique","tag-amsterdam","tag-apres","tag-attaques","tag-contre","tag-des","tag-horreur","tag-israeliens","tag-les","tag-manifestants","tag-propalestiniens","tag-supporters","generate-columns","tablet-grid-50","mobile-grid-100","grid-parent","grid-33"],"yoast_head":"<!-- This site is optimized with the Yoast SEO plugin v24.0 - https:\/\/yoast.com\/wordpress\/plugins\/seo\/ -->\n<title>Horreur apr\u00e8s les attaques de manifestants pro-palestiniens contre des supporters isra\u00e9liens \u00e0 Amsterdam | Vie Associative<\/title>\n<meta name=\"robots\" content=\"index, follow, max-snippet:-1, max-image-preview:large, max-video-preview:-1\" \/>\n<link rel=\"canonical\" href=\"https:\/\/vieassociative.be\/actualites\/horreur-apres-les-attaques-de-manifestants-pro-palestiniens-contre-des-supporters-israeliens-a-amsterdam\/\" \/>\n<meta property=\"og:locale\" content=\"fr_FR\" \/>\n<meta property=\"og:type\" content=\"article\" \/>\n<meta property=\"og:title\" content=\"Horreur apr\u00e8s les attaques de manifestants pro-palestiniens contre des supporters isra\u00e9liens \u00e0 Amsterdam | Vie Associative\" \/>\n<meta property=\"og:description\" content=\"MISE \u00c0 JOUR \u2013 Des \u00e9meutiers pro-palestiniens attaquent les partisans du Maccabi Tel Aviv. Plusieurs personnes sont bless\u00e9es. Isra\u00ebl et les Pays-Bas sont choqu\u00e9s. Amsterdam\" \/>\n<meta property=\"og:url\" content=\"https:\/\/vieassociative.be\/actualites\/horreur-apres-les-attaques-de-manifestants-pro-palestiniens-contre-des-supporters-israeliens-a-amsterdam\/\" \/>\n<meta property=\"og:site_name\" content=\"Vie Associative\" \/>\n<meta property=\"article:published_time\" content=\"2024-11-09T08:17:41+00:00\" \/>\n<meta property=\"og:image\" content=\"https:\/\/vieassociative.be\/actualites\/wp-content\/uploads\/2024\/11\/Horreur-apres-les-attaques-de-manifestants-pro-palestiniens-contre-des-supporters.jpg\" \/>\n<meta name=\"author\" content=\"Julien\" \/>\n<meta name=\"twitter:card\" content=\"summary_large_image\" \/>\n<meta name=\"twitter:label1\" content=\"\u00c9crit par\" \/>\n\t<meta name=\"twitter:data1\" content=\"Julien\" \/>\n\t<meta name=\"twitter:label2\" content=\"Dur\u00e9e de lecture est.\" \/>\n\t<meta name=\"twitter:data2\" content=\"4 minutes\" \/>\n<script type=\"application\/ld+json\" class=\"yoast-schema-graph\">{\"@context\":\"https:\/\/schema.org\",\"@graph\":[{\"@type\":\"Article\",\"@id\":\"https:\/\/vieassociative.be\/actualites\/horreur-apres-les-attaques-de-manifestants-pro-palestiniens-contre-des-supporters-israeliens-a-amsterdam\/#article\",\"isPartOf\":{\"@id\":\"https:\/\/vieassociative.be\/actualites\/horreur-apres-les-attaques-de-manifestants-pro-palestiniens-contre-des-supporters-israeliens-a-amsterdam\/\"},\"author\":{\"name\":\"Julien\",\"@id\":\"https:\/\/vieassociative.be\/actualites\/#\/schema\/person\/b87ac4f82f9d4e7b7cec7395b679edc4\"},\"headline\":\"Horreur apr\u00e8s les attaques de manifestants pro-palestiniens contre des supporters isra\u00e9liens \u00e0 Amsterdam\",\"datePublished\":\"2024-11-09T08:17:41+00:00\",\"dateModified\":\"2024-11-09T08:17:41+00:00\",\"mainEntityOfPage\":{\"@id\":\"https:\/\/vieassociative.be\/actualites\/horreur-apres-les-attaques-de-manifestants-pro-palestiniens-contre-des-supporters-israeliens-a-amsterdam\/\"},\"wordCount\":775,\"publisher\":{\"@id\":\"https:\/\/vieassociative.be\/actualites\/#organization\"},\"image\":{\"@id\":\"https:\/\/vieassociative.be\/actualites\/horreur-apres-les-attaques-de-manifestants-pro-palestiniens-contre-des-supporters-israeliens-a-amsterdam\/#primaryimage\"},\"thumbnailUrl\":\"https:\/\/vieassociative.be\/actualites\/wp-content\/uploads\/2024\/11\/1731140261_Horreur-apres-les-attaques-de-manifestants-pro-palestiniens-contre-des-supporters.jpg\",\"keywords\":[\"Amsterdam\",\"Apr\u00e8s\",\"attaques\",\"contre\",\"Des\",\"Horreur\",\"isra\u00e9liens\",\"Les\",\"manifestants\",\"propalestiniens\",\"supporters\"],\"articleSection\":[\"Belgique\"],\"inLanguage\":\"fr-BE\"},{\"@type\":\"WebPage\",\"@id\":\"https:\/\/vieassociative.be\/actualites\/horreur-apres-les-attaques-de-manifestants-pro-palestiniens-contre-des-supporters-israeliens-a-amsterdam\/\",\"url\":\"https:\/\/vieassociative.be\/actualites\/horreur-apres-les-attaques-de-manifestants-pro-palestiniens-contre-des-supporters-israeliens-a-amsterdam\/\",\"name\":\"Horreur apr\u00e8s les attaques de manifestants pro-palestiniens contre des supporters isra\u00e9liens \u00e0 Amsterdam | Vie Associative\",\"isPartOf\":{\"@id\":\"https:\/\/vieassociative.be\/actualites\/#website\"},\"primaryImageOfPage\":{\"@id\":\"https:\/\/vieassociative.be\/actualites\/horreur-apres-les-attaques-de-manifestants-pro-palestiniens-contre-des-supporters-israeliens-a-amsterdam\/#primaryimage\"},\"image\":{\"@id\":\"https:\/\/vieassociative.be\/actualites\/horreur-apres-les-attaques-de-manifestants-pro-palestiniens-contre-des-supporters-israeliens-a-amsterdam\/#primaryimage\"},\"thumbnailUrl\":\"https:\/\/vieassociative.be\/actualites\/wp-content\/uploads\/2024\/11\/1731140261_Horreur-apres-les-attaques-de-manifestants-pro-palestiniens-contre-des-supporters.jpg\",\"datePublished\":\"2024-11-09T08:17:41+00:00\",\"dateModified\":\"2024-11-09T08:17:41+00:00\",\"breadcrumb\":{\"@id\":\"https:\/\/vieassociative.be\/actualites\/horreur-apres-les-attaques-de-manifestants-pro-palestiniens-contre-des-supporters-israeliens-a-amsterdam\/#breadcrumb\"},\"inLanguage\":\"fr-BE\",\"potentialAction\":[{\"@type\":\"ReadAction\",\"target\":[\"https:\/\/vieassociative.be\/actualites\/horreur-apres-les-attaques-de-manifestants-pro-palestiniens-contre-des-supporters-israeliens-a-amsterdam\/\"]}]},{\"@type\":\"ImageObject\",\"inLanguage\":\"fr-BE\",\"@id\":\"https:\/\/vieassociative.be\/actualites\/horreur-apres-les-attaques-de-manifestants-pro-palestiniens-contre-des-supporters-israeliens-a-amsterdam\/#primaryimage\",\"url\":\"https:\/\/vieassociative.be\/actualites\/wp-content\/uploads\/2024\/11\/1731140261_Horreur-apres-les-attaques-de-manifestants-pro-palestiniens-contre-des-supporters.jpg\",\"contentUrl\":\"https:\/\/vieassociative.be\/actualites\/wp-content\/uploads\/2024\/11\/1731140261_Horreur-apres-les-attaques-de-manifestants-pro-palestiniens-contre-des-supporters.jpg\",\"width\":1200,\"height\":800,\"caption\":\"Horreur apr\u00e8s les attaques de manifestants pro-palestiniens contre des supporters isra\u00e9liens \u00e0 Amsterdam\"},{\"@type\":\"BreadcrumbList\",\"@id\":\"https:\/\/vieassociative.be\/actualites\/horreur-apres-les-attaques-de-manifestants-pro-palestiniens-contre-des-supporters-israeliens-a-amsterdam\/#breadcrumb\",\"itemListElement\":[{\"@type\":\"ListItem\",\"position\":1,\"name\":\"Accueil\",\"item\":\"https:\/\/vieassociative.be\/actualites\/\"},{\"@type\":\"ListItem\",\"position\":2,\"name\":\"Horreur apr\u00e8s les attaques de manifestants pro-palestiniens contre des supporters isra\u00e9liens \u00e0 Amsterdam\"}]},{\"@type\":\"WebSite\",\"@id\":\"https:\/\/vieassociative.be\/actualites\/#website\",\"url\":\"https:\/\/vieassociative.be\/actualites\/\",\"name\":\"Vie Associative\",\"description\":\"\",\"publisher\":{\"@id\":\"https:\/\/vieassociative.be\/actualites\/#organization\"},\"potentialAction\":[{\"@type\":\"SearchAction\",\"target\":{\"@type\":\"EntryPoint\",\"urlTemplate\":\"https:\/\/vieassociative.be\/actualites\/?s={search_term_string}\"},\"query-input\":{\"@type\":\"PropertyValueSpecification\",\"valueRequired\":true,\"valueName\":\"search_term_string\"}}],\"inLanguage\":\"fr-BE\"},{\"@type\":\"Organization\",\"@id\":\"https:\/\/vieassociative.be\/actualites\/#organization\",\"name\":\"Vie Associative\",\"url\":\"https:\/\/vieassociative.be\/actualites\/\",\"logo\":{\"@type\":\"ImageObject\",\"inLanguage\":\"fr-BE\",\"@id\":\"https:\/\/vieassociative.be\/actualites\/#\/schema\/logo\/image\/\",\"url\":\"https:\/\/vieassociative.be\/actualites\/wp-content\/uploads\/2024\/09\/cropped-vieassociative_favicon.ico.png\",\"contentUrl\":\"https:\/\/vieassociative.be\/actualites\/wp-content\/uploads\/2024\/09\/cropped-vieassociative_favicon.ico.png\",\"width\":512,\"height\":512,\"caption\":\"Vie Associative\"},\"image\":{\"@id\":\"https:\/\/vieassociative.be\/actualites\/#\/schema\/logo\/image\/\"}},{\"@type\":\"Person\",\"@id\":\"https:\/\/vieassociative.be\/actualites\/#\/schema\/person\/b87ac4f82f9d4e7b7cec7395b679edc4\",\"name\":\"Julien\",\"image\":{\"@type\":\"ImageObject\",\"inLanguage\":\"fr-BE\",\"@id\":\"https:\/\/vieassociative.be\/actualites\/#\/schema\/person\/image\/\",\"url\":\"https:\/\/vieassociative.be\/actualites\/wp-content\/uploads\/2024\/09\/vie-associative-1-150x150.jpg\",\"contentUrl\":\"https:\/\/vieassociative.be\/actualites\/wp-content\/uploads\/2024\/09\/vie-associative-1-150x150.jpg\",\"caption\":\"Julien\"},\"description\":\"Je suis Julien, r\u00e9dacteur pour Vie Associative. Passionn\u00e9 par le monde associatif depuis plus de 10 ans, j'ai \u00e0 c\u0153ur de partager des histoires inspirantes et de mettre en lumi\u00e8re les initiatives locales. Mon objectif est de sensibiliser et d'encourager l'engagement communautaire \u00e0 travers mes articles.\",\"sameAs\":[\"https:\/\/vieassociative.be\/\"]}]}<\/script>\n<!-- \/ Yoast SEO plugin. -->","yoast_head_json":{"title":"Horreur apr\u00e8s les attaques de manifestants pro-palestiniens contre des supporters isra\u00e9liens \u00e0 Amsterdam | Vie Associative","robots":{"index":"index","follow":"follow","max-snippet":"max-snippet:-1","max-image-preview":"max-image-preview:large","max-video-preview":"max-video-preview:-1"},"canonical":"https:\/\/vieassociative.be\/actualites\/horreur-apres-les-attaques-de-manifestants-pro-palestiniens-contre-des-supporters-israeliens-a-amsterdam\/","og_locale":"fr_FR","og_type":"article","og_title":"Horreur apr\u00e8s les attaques de manifestants pro-palestiniens contre des supporters isra\u00e9liens \u00e0 Amsterdam | Vie Associative","og_description":"MISE \u00c0 JOUR \u2013 Des \u00e9meutiers pro-palestiniens attaquent les partisans du Maccabi Tel Aviv. Plusieurs personnes sont bless\u00e9es. Isra\u00ebl et les Pays-Bas sont choqu\u00e9s. Amsterdam","og_url":"https:\/\/vieassociative.be\/actualites\/horreur-apres-les-attaques-de-manifestants-pro-palestiniens-contre-des-supporters-israeliens-a-amsterdam\/","og_site_name":"Vie Associative","article_published_time":"2024-11-09T08:17:41+00:00","og_image":[{"url":"https:\/\/vieassociative.be\/actualites\/wp-content\/uploads\/2024\/11\/Horreur-apres-les-attaques-de-manifestants-pro-palestiniens-contre-des-supporters.jpg","type":"","width":"","height":""}],"author":"Julien","twitter_card":"summary_large_image","twitter_misc":{"\u00c9crit par":"Julien","Dur\u00e9e de lecture est.":"4 minutes"},"schema":{"@context":"https:\/\/schema.org","@graph":[{"@type":"Article","@id":"https:\/\/vieassociative.be\/actualites\/horreur-apres-les-attaques-de-manifestants-pro-palestiniens-contre-des-supporters-israeliens-a-amsterdam\/#article","isPartOf":{"@id":"https:\/\/vieassociative.be\/actualites\/horreur-apres-les-attaques-de-manifestants-pro-palestiniens-contre-des-supporters-israeliens-a-amsterdam\/"},"author":{"name":"Julien","@id":"https:\/\/vieassociative.be\/actualites\/#\/schema\/person\/b87ac4f82f9d4e7b7cec7395b679edc4"},"headline":"Horreur apr\u00e8s les attaques de manifestants pro-palestiniens contre des supporters isra\u00e9liens \u00e0 Amsterdam","datePublished":"2024-11-09T08:17:41+00:00","dateModified":"2024-11-09T08:17:41+00:00","mainEntityOfPage":{"@id":"https:\/\/vieassociative.be\/actualites\/horreur-apres-les-attaques-de-manifestants-pro-palestiniens-contre-des-supporters-israeliens-a-amsterdam\/"},"wordCount":775,"publisher":{"@id":"https:\/\/vieassociative.be\/actualites\/#organization"},"image":{"@id":"https:\/\/vieassociative.be\/actualites\/horreur-apres-les-attaques-de-manifestants-pro-palestiniens-contre-des-supporters-israeliens-a-amsterdam\/#primaryimage"},"thumbnailUrl":"https:\/\/vieassociative.be\/actualites\/wp-content\/uploads\/2024\/11\/1731140261_Horreur-apres-les-attaques-de-manifestants-pro-palestiniens-contre-des-supporters.jpg","keywords":["Amsterdam","Apr\u00e8s","attaques","contre","Des","Horreur","isra\u00e9liens","Les","manifestants","propalestiniens","supporters"],"articleSection":["Belgique"],"inLanguage":"fr-BE"},{"@type":"WebPage","@id":"https:\/\/vieassociative.be\/actualites\/horreur-apres-les-attaques-de-manifestants-pro-palestiniens-contre-des-supporters-israeliens-a-amsterdam\/","url":"https:\/\/vieassociative.be\/actualites\/horreur-apres-les-attaques-de-manifestants-pro-palestiniens-contre-des-supporters-israeliens-a-amsterdam\/","name":"Horreur apr\u00e8s les attaques de manifestants pro-palestiniens contre des supporters isra\u00e9liens \u00e0 Amsterdam | Vie Associative","isPartOf":{"@id":"https:\/\/vieassociative.be\/actualites\/#website"},"primaryImageOfPage":{"@id":"https:\/\/vieassociative.be\/actualites\/horreur-apres-les-attaques-de-manifestants-pro-palestiniens-contre-des-supporters-israeliens-a-amsterdam\/#primaryimage"},"image":{"@id":"https:\/\/vieassociative.be\/actualites\/horreur-apres-les-attaques-de-manifestants-pro-palestiniens-contre-des-supporters-israeliens-a-amsterdam\/#primaryimage"},"thumbnailUrl":"https:\/\/vieassociative.be\/actualites\/wp-content\/uploads\/2024\/11\/1731140261_Horreur-apres-les-attaques-de-manifestants-pro-palestiniens-contre-des-supporters.jpg","datePublished":"2024-11-09T08:17:41+00:00","dateModified":"2024-11-09T08:17:41+00:00","breadcrumb":{"@id":"https:\/\/vieassociative.be\/actualites\/horreur-apres-les-attaques-de-manifestants-pro-palestiniens-contre-des-supporters-israeliens-a-amsterdam\/#breadcrumb"},"inLanguage":"fr-BE","potentialAction":[{"@type":"ReadAction","target":["https:\/\/vieassociative.be\/actualites\/horreur-apres-les-attaques-de-manifestants-pro-palestiniens-contre-des-supporters-israeliens-a-amsterdam\/"]}]},{"@type":"ImageObject","inLanguage":"fr-BE","@id":"https:\/\/vieassociative.be\/actualites\/horreur-apres-les-attaques-de-manifestants-pro-palestiniens-contre-des-supporters-israeliens-a-amsterdam\/#primaryimage","url":"https:\/\/vieassociative.be\/actualites\/wp-content\/uploads\/2024\/11\/1731140261_Horreur-apres-les-attaques-de-manifestants-pro-palestiniens-contre-des-supporters.jpg","contentUrl":"https:\/\/vieassociative.be\/actualites\/wp-content\/uploads\/2024\/11\/1731140261_Horreur-apres-les-attaques-de-manifestants-pro-palestiniens-contre-des-supporters.jpg","width":1200,"height":800,"caption":"Horreur apr\u00e8s les attaques de manifestants pro-palestiniens contre des supporters isra\u00e9liens \u00e0 Amsterdam"},{"@type":"BreadcrumbList","@id":"https:\/\/vieassociative.be\/actualites\/horreur-apres-les-attaques-de-manifestants-pro-palestiniens-contre-des-supporters-israeliens-a-amsterdam\/#breadcrumb","itemListElement":[{"@type":"ListItem","position":1,"name":"Accueil","item":"https:\/\/vieassociative.be\/actualites\/"},{"@type":"ListItem","position":2,"name":"Horreur apr\u00e8s les attaques de manifestants pro-palestiniens contre des supporters isra\u00e9liens \u00e0 Amsterdam"}]},{"@type":"WebSite","@id":"https:\/\/vieassociative.be\/actualites\/#website","url":"https:\/\/vieassociative.be\/actualites\/","name":"Vie Associative","description":"","publisher":{"@id":"https:\/\/vieassociative.be\/actualites\/#organization"},"potentialAction":[{"@type":"SearchAction","target":{"@type":"EntryPoint","urlTemplate":"https:\/\/vieassociative.be\/actualites\/?s={search_term_string}"},"query-input":{"@type":"PropertyValueSpecification","valueRequired":true,"valueName":"search_term_string"}}],"inLanguage":"fr-BE"},{"@type":"Organization","@id":"https:\/\/vieassociative.be\/actualites\/#organization","name":"Vie Associative","url":"https:\/\/vieassociative.be\/actualites\/","logo":{"@type":"ImageObject","inLanguage":"fr-BE","@id":"https:\/\/vieassociative.be\/actualites\/#\/schema\/logo\/image\/","url":"https:\/\/vieassociative.be\/actualites\/wp-content\/uploads\/2024\/09\/cropped-vieassociative_favicon.ico.png","contentUrl":"https:\/\/vieassociative.be\/actualites\/wp-content\/uploads\/2024\/09\/cropped-vieassociative_favicon.ico.png","width":512,"height":512,"caption":"Vie Associative"},"image":{"@id":"https:\/\/vieassociative.be\/actualites\/#\/schema\/logo\/image\/"}},{"@type":"Person","@id":"https:\/\/vieassociative.be\/actualites\/#\/schema\/person\/b87ac4f82f9d4e7b7cec7395b679edc4","name":"Julien","image":{"@type":"ImageObject","inLanguage":"fr-BE","@id":"https:\/\/vieassociative.be\/actualites\/#\/schema\/person\/image\/","url":"https:\/\/vieassociative.be\/actualites\/wp-content\/uploads\/2024\/09\/vie-associative-1-150x150.jpg","contentUrl":"https:\/\/vieassociative.be\/actualites\/wp-content\/uploads\/2024\/09\/vie-associative-1-150x150.jpg","caption":"Julien"},"description":"Je suis Julien, r\u00e9dacteur pour Vie Associative. Passionn\u00e9 par le monde associatif depuis plus de 10 ans, j'ai \u00e0 c\u0153ur de partager des histoires inspirantes et de mettre en lumi\u00e8re les initiatives locales. Mon objectif est de sensibiliser et d'encourager l'engagement communautaire \u00e0 travers mes articles.","sameAs":["https:\/\/vieassociative.be\/"]}]}},"_links":{"self":[{"href":"https:\/\/vieassociative.be\/actualites\/wp-json\/wp\/v2\/posts\/2211"}],"collection":[{"href":"https:\/\/vieassociative.be\/actualites\/wp-json\/wp\/v2\/posts"}],"about":[{"href":"https:\/\/vieassociative.be\/actualites\/wp-json\/wp\/v2\/types\/post"}],"author":[{"embeddable":true,"href":"https:\/\/vieassociative.be\/actualites\/wp-json\/wp\/v2\/users\/1"}],"replies":[{"embeddable":true,"href":"https:\/\/vieassociative.be\/actualites\/wp-json\/wp\/v2\/comments?post=2211"}],"version-history":[{"count":0,"href":"https:\/\/vieassociative.be\/actualites\/wp-json\/wp\/v2\/posts\/2211\/revisions"}],"wp:featuredmedia":[{"embeddable":true,"href":"https:\/\/vieassociative.be\/actualites\/wp-json\/wp\/v2\/media\/2212"}],"wp:attachment":[{"href":"https:\/\/vieassociative.be\/actualites\/wp-json\/wp\/v2\/media?parent=2211"}],"wp:term":[{"taxonomy":"category","embeddable":true,"href":"https:\/\/vieassociative.be\/actualites\/wp-json\/wp\/v2\/categories?post=2211"},{"taxonomy":"post_tag","embeddable":true,"href":"https:\/\/vieassociative.be\/actualites\/wp-json\/wp\/v2\/tags?post=2211"}],"curies":[{"name":"wp","href":"https:\/\/api.w.org\/{rel}","templated":true}]}}