{"id":2209,"date":"2024-11-09T08:19:24","date_gmt":"2024-11-09T07:19:24","guid":{"rendered":"https:\/\/vieassociative.be\/actualites\/la-fda-retire-enfin-du-marche-un-medicament-inutile-contre-le-rhume\/"},"modified":"2024-11-09T08:19:24","modified_gmt":"2024-11-09T07:19:24","slug":"la-fda-retire-enfin-du-marche-un-medicament-inutile-contre-le-rhume","status":"publish","type":"post","link":"https:\/\/vieassociative.be\/actualites\/la-fda-retire-enfin-du-marche-un-medicament-inutile-contre-le-rhume\/","title":{"rendered":"La FDA retire enfin du march\u00e9 un m\u00e9dicament inutile contre le rhume"},"content":{"rendered":"<div class=\"mt-4 leading-6 md:mb-8\">Les scientifiques savent depuis des ann\u00e9es que la ph\u00e9nyl\u00e9phrine est inefficace.<\/div>\n<p><\/p>\n<p>La ph\u00e9nyl\u00e9phrine est \u00e0 la fois le d\u00e9congestionnant le plus courant dans les rayons des pharmacies et sans doute le pire dans son r\u00f4le. Si vous avez d\u00e9j\u00e0 achet\u00e9 quelque chose comme Sudafed PE (au lieu de demander la formule originale Sudafed qu&rsquo;ils gardent derri\u00e8re le comptoir), vous connaissez le truc. L&rsquo;ann\u00e9e derni\u00e8re, le comit\u00e9 consultatif de la FDA a d\u00e9cid\u00e9 que la ph\u00e9nyl\u00e9phrine ne devait plus \u00eatre consid\u00e9r\u00e9e comme un m\u00e9dicament efficace. Et enfin, l\u2019agence envisage de le retirer des rayons des pharmacies et des \u00e9piceries.<\/p>\n<p>Les m\u00e9dicaments resteront disponibles pour le moment, mais la FDA a propos\u00e9 une ordonnance qui, selon CBS News, sera ouverte aux commentaires jusqu&rsquo;au 7 mai 2025. Apr\u00e8s cette date, l&rsquo;agence devrait donner aux fabricants le temps de supprimer ou de reformuler leur produits. <\/p>\n<h2 id=\"which-cold-medicines-have-the-useless-medicine\">Quels m\u00e9dicaments contre le rhume contiennent des m\u00e9dicaments inutiles\u00a0?<\/h2>\n<p>L&rsquo;ingr\u00e9dient qui s&rsquo;est r\u00e9v\u00e9l\u00e9 inefficace, la ph\u00e9nyl\u00e9phrine, est celui que vous trouverez dans les m\u00e9dicaments contre le rhume disponibles dans le commerce comme Sudafed PE, Mucinex FastMax et Dayquil, pour n&rsquo;en nommer que quelques-uns. (Nous avons ci-dessous une liste d\u2019autres marques et produits, ainsi qu\u2019un guide des meilleurs m\u00e9dicaments contre le rhume ici.)<\/p>\n<p>La ph\u00e9nyl\u00e9phrine est <em>cens\u00e9<\/em> \u00eatre un d\u00e9congestionnant, r\u00e9duisant la congestion du nez et des sinus. Il a prolif\u00e9r\u00e9 sur le march\u00e9 des m\u00e9dicaments contre le rhume apr\u00e8s que la pseudo\u00e9ph\u00e9drine, qui fonctionne r\u00e9ellement, ait \u00e9t\u00e9 contrainte d&rsquo;\u00eatre plac\u00e9e derri\u00e8re les comptoirs des pharmacies en raison d&rsquo;une loi de 2006. (Il peut \u00eatre utilis\u00e9 pour fabriquer de la m\u00e9thamph\u00e9tamine, donc les ventes sont limit\u00e9es, mais il <em>est<\/em> toujours disponible sans ordonnance. Il suffit de le demander et de montrer sa pi\u00e8ce d&rsquo;identit\u00e9.) M\u00eame Sudafed, dont <em>tr\u00e8s marque<\/em> est une r\u00e9f\u00e9rence \u00e0 la pseudo\u00e9ph\u00e9drine, a propos\u00e9 une version reformul\u00e9e de son m\u00e9dicament afin de pouvoir conserver quelque chose sur les \u00e9tag\u00e8res. La ph\u00e9nyl\u00e9phrine est le \u00ab PE \u00bb dans \u00ab Sudafed PE \u00bb.<\/p>\n<p>La ph\u00e9nyl\u00e9phrine est celle qui, selon le panel de la FDA, <em>\u00e7a ne marche pas<\/em>. Cela n&rsquo;a jamais fonctionn\u00e9. La seule raison pour laquelle vous avez achet\u00e9 Sudafed PE est parce que vous recherchiez Sudafed et pensiez que c&rsquo;\u00e9tait tout.<\/p>\n<p>La ph\u00e9nyl\u00e9phrine n&rsquo;est pas seulement pr\u00e9sente dans Sudafed PE. C\u2019est en fait le d\u00e9congestionnant oral le plus populaire (oral, ce qui signifie qu\u2019il est administr\u00e9 sous forme de pilule ou de sirop). Certains autres m\u00e9dicaments en vente libre utilisant de la ph\u00e9nyl\u00e9phrine comprennent\u00a0: <\/p>\n<ul>\n<li>\n<p>Tylenol sinus et maux de t\u00eate, Tylenol sinus s\u00e9v\u00e8re, Tylenol rhume et grippe, Tylenol rhume et grippe s\u00e9v\u00e8re, Tylenol rhume et congestion de la t\u00eate s\u00e9v\u00e8re<\/p>\n<\/li>\n<li>\n<p>Theraflu Soulagement du rhume s\u00e9v\u00e8re, Theraflu ExpressMax, Theraflu Multi-Symptom Rhume s\u00e9v\u00e8re<\/p>\n<\/li>\n<li>\n<p>Mucinex FastMax, Mucinex NightShift, Mucinex SinusMax, <\/p>\n<\/li>\n<li>\n<p>Alka-Seltzer Plus Rhume et grippe (formules de jour et de nuit), Alka-Seltzer Plus Rhume et toux s\u00e9v\u00e8res PowerFast Fizz<\/p>\n<\/li>\n<li>\n<p>DayQuil, NyQuil Rhume et grippe s\u00e9v\u00e8res, Nyquil Rhume et grippe s\u00e9v\u00e8res au miel, DayQuil Rhume et grippe s\u00e9v\u00e8res au miel<\/p>\n<\/li>\n<\/ul>\n<p>Ce n&rsquo;est pas une liste compl\u00e8te, mais si vous la lisez en pensant \u00ab\u00a0eh bien, c&rsquo;est \u00e0 peu pr\u00e8s <em>chaque<\/em> un m\u00e9dicament contre le rhume qui dit qu&rsquo;il soulagera votre nez bouch\u00e9 \u00bb, c&rsquo;est \u00e0 peu pr\u00e8s vrai. Si vous voulez un m\u00e9dicament contre le rhume qui fonctionne, vous devrez pr\u00e9senter votre pi\u00e8ce d&rsquo;identit\u00e9 et vous procurer de la pseudo\u00e9ph\u00e9drine.<\/p>\n<h2 id=\"what-is-the-difference-between-phenylephrine-and-pseudoephedrine\">Quelle est la diff\u00e9rence entre la ph\u00e9nyl\u00e9phrine et la pseudo\u00e9ph\u00e9drine ?<\/h2>\n<p>Les deux sont vendus et (pour le moment) approuv\u00e9s par la FDA comme d\u00e9congestionnants en vente libre. Bref: <strong>la pseudo\u00e9ph\u00e9drine fonctionne bien, mais son achat est soumis \u00e0 des restrictions. La ph\u00e9nyl\u00e9phrine est plus largement disponible, mais ne fonctionne pas bien dans son r\u00f4le<\/strong>.<\/p>\n<p>La pseudo\u00e9ph\u00e9drine est l\u2019ingr\u00e9dient actif du Sudafed original et resserre les vaisseaux sanguins. En tant que m\u00e9dicament contre le rhume, cela lui permet de r\u00e9duire la congestion nasale. On l&rsquo;appelle pseudo\u00e9ph\u00e9drine parce qu&rsquo;elle est li\u00e9e \u00e0 l&rsquo;\u00e9ph\u00e9drine, un stimulant, comme l&rsquo;\u00e9ph\u00e9dra (ma huang). Il est \u00e9galement chimiquement suffisamment similaire \u00e0 la m\u00e9thamph\u00e9tamine pour que vous puissiez l&rsquo;utiliser comme ingr\u00e9dient dans la fabrication de m\u00e9thamph\u00e9tamine&#8230; c&rsquo;est pourquoi vous ne pouvez pas en acheter des quantit\u00e9s illimit\u00e9es \u00e0 la pharmacie. Depuis 2006, la loi f\u00e9d\u00e9rale exige que la pseudo\u00e9ph\u00e9drine soit conserv\u00e9e hors de port\u00e9e des clients. Les pharmaciens doivent enregistrer qui a achet\u00e9 de la pseudo\u00e9ph\u00e9drine, et la quantit\u00e9 que vous pouvez acheter en une seule journ\u00e9e et en un mois est limit\u00e9e.<\/p>\n<p>La ph\u00e9nyl\u00e9phrine est \u00e9galement cens\u00e9e \u00eatre capable de contracter les vaisseaux sanguins pour soulager la congestion, mais des \u00e9tudes montrent qu&rsquo;elle se d\u00e9compose dans le corps et que peu ou pas d&rsquo;ingr\u00e9dient actif parvient \u00e0 votre nez (\u00e0 moins que vous ne preniez de la ph\u00e9nyl\u00e9phrine sous forme de spray nasal). Lorsque la vente de la pseudo\u00e9ph\u00e9drine a \u00e9t\u00e9 restreinte, les fabricants de m\u00e9dicaments contre le rhume ont fabriqu\u00e9 des substituts contenant de la ph\u00e9nyl\u00e9phrine. Et ils ont eu raison de miser dessus, du moins financi\u00e8rement : si vous ne savez pas que le bon Sudafed est derri\u00e8re le comptoir (ou s&rsquo;il est tard et que le pharmacien est rentr\u00e9 chez lui), vous ach\u00e8terez du Sudafed PE et vous comprendrez que c&rsquo;est le m\u00eame chose. Ce n&rsquo;est pas. <\/p>\n<h2 id=\"how-can-they-sell-a-cold-medicine-that-doesnt-work\">Comment peuvent-ils vendre un m\u00e9dicament contre le rhume qui ne fonctionne pas ?<\/h2>\n<p>C\u2019est une bonne question, que les m\u00e9decins et les scientifiques se posent depuis des ann\u00e9es. Par exemple, voici un article des Annals of Pharmacotherapy intitul\u00e9 \u00ab\u00a0Pourquoi la ph\u00e9nyl\u00e9phrine orale est-elle sur le march\u00e9 apr\u00e8s des preuves convaincantes de son inefficacit\u00e9 en tant que d\u00e9congestionnant\u00a0?\u00a0\u00bb<\/p>\n<p>La FDA a envisag\u00e9 de retirer la ph\u00e9nyl\u00e9phrine du march\u00e9 en 2007, mais a finalement d\u00e9cid\u00e9 de la maintenir pendant que des recherches suppl\u00e9mentaires \u00e9taient effectu\u00e9es. Une possibilit\u00e9 \u00e9tait de tester des doses plus \u00e9lev\u00e9es du m\u00e9dicament. Lors de la r\u00e9union la plus r\u00e9cente, le panel de la FDA a d\u00e9cid\u00e9 que ce serait dangereux\u00a0; de fortes doses peuvent affecter la tension art\u00e9rielle des personnes. <\/p>\n<p>Si vous \u00eates curieux de conna\u00eetre les bases scientifiques de la conclusion selon laquelle la ph\u00e9nyl\u00e9phrine ne fonctionne pas, vous pouvez lire le document d&rsquo;information que les pan\u00e9listes de la FDA ont examin\u00e9 avant de voter. Il souligne les failles d&rsquo;\u00e9tudes plus anciennes sugg\u00e9rant que le m\u00e9dicament \u00e9tait efficace, et inclut les r\u00e9sultats d&rsquo;essais contr\u00f4l\u00e9s par placebo qui montrent que la ph\u00e9nyl\u00e9phrine n&rsquo;agit pas mieux qu&rsquo;une pilule ne contenant aucun m\u00e9dicament. <\/p>\n<p>Le document fait \u00e9galement valoir que vous et moi serons mieux lotis si nous ne gaspillons pas notre argent dans un m\u00e9dicament qui ne fait rien (et qui peut avoir des effets secondaires ou auquel nous pourrions \u00eatre allergiques, ce qui est toujours un risque avec n&rsquo;importe quel m\u00e9dicament). ). <\/p>\n<h2 id=\"what-should-i-do-if-my-favorite-cold-medicine-gets-pulled-from-the-market\">Que dois-je faire si mon m\u00e9dicament contre le rhume pr\u00e9f\u00e9r\u00e9 est retir\u00e9 du march\u00e9\u00a0?<\/h2>\n<p>Tout d\u2019abord, cela ne se produit pas du jour au lendemain. La FDA re\u00e7oit toujours des commentaires et n\u2019agira pas avant au moins l\u2019ann\u00e9e prochaine. (Il sait que les fabricants de m\u00e9dicaments ne seront pas contents.) <\/p>\n<p>Mais si vous avez l&rsquo;habitude d&rsquo;acheter l&rsquo;un des produits contenant de la ph\u00e9nyl\u00e9phrine et que si ce produit est retir\u00e9, vous vous retrouverez essentiellement dans la m\u00eame situation que celle dans laquelle nous sommes tous actuellement : devoir chercher d&rsquo;autres d\u00e9congestionnants, ou s&rsquo;en passer. Comme nous l&rsquo;avons d\u00e9j\u00e0 expliqu\u00e9, les meilleurs m\u00e9dicaments contre le rhume sont la pseudo\u00e9ph\u00e9drine derri\u00e8re le comptoir pour la congestion, le miel dans l&rsquo;all\u00e9e des \u00e9piceries pour la toux et l&rsquo;ac\u00e9taminoph\u00e8ne ou l&rsquo;ibuprof\u00e8ne ordinaire pour la fi\u00e8vre et les courbatures. (S\u2019il vous pla\u00eet, n\u2019achetez pas de m\u00e9dicaments hom\u00e9opathiques contre le rhume ; ils ne sont pas ce que vous pensez.)<\/p>\n<p>Cela dit, l\u00e0 <em>sont<\/em> d&rsquo;autres moyens de traiter la congestion que la pseudo\u00e9ph\u00e9drine. Si votre congestion est li\u00e9e \u00e0 une allergie, les antihistaminiques peuvent vous aider. Irriguer votre nez avec une solution saline (par exemple, avec un pot neti) semble aider. La ph\u00e9nyl\u00e9phrine en spray nasal fonctionne probablement et ne m\u00e8ne nulle part. Et n&rsquo;oubliez pas que vous pouvez toujours en parler \u00e0 votre m\u00e9decin, ou m\u00eame au pharmacien de la parapharmacie, pour conna\u00eetre d&rsquo;autres options.<\/p>\n","protected":false},"excerpt":{"rendered":"<p>Les scientifiques savent depuis des ann\u00e9es que la ph\u00e9nyl\u00e9phrine est inefficace. La ph\u00e9nyl\u00e9phrine est \u00e0 la fois le d\u00e9congestionnant le plus courant dans les rayons<\/p>\n","protected":false},"author":1,"featured_media":2210,"comment_status":"","ping_status":"","sticky":false,"template":"","format":"standard","meta":{"footnotes":""},"categories":[38],"tags":[796,545,2249,2957,1523,2956,2955,757],"class_list":["post-2209","post","type-post","status-publish","format-standard","has-post-thumbnail","hentry","category-sante","tag-contre","tag-enfin","tag-fda","tag-inutile","tag-marche","tag-medicament","tag-retire","tag-rhume","generate-columns","tablet-grid-50","mobile-grid-100","grid-parent","grid-33"],"yoast_head":"<!-- This site is optimized with the Yoast SEO plugin v24.0 - https:\/\/yoast.com\/wordpress\/plugins\/seo\/ -->\n<title>La FDA retire enfin du march\u00e9 un m\u00e9dicament inutile contre le rhume | Vie Associative<\/title>\n<meta name=\"robots\" content=\"index, follow, max-snippet:-1, max-image-preview:large, max-video-preview:-1\" \/>\n<link rel=\"canonical\" href=\"https:\/\/vieassociative.be\/actualites\/la-fda-retire-enfin-du-marche-un-medicament-inutile-contre-le-rhume\/\" \/>\n<meta property=\"og:locale\" content=\"fr_FR\" \/>\n<meta property=\"og:type\" content=\"article\" \/>\n<meta property=\"og:title\" content=\"La FDA retire enfin du march\u00e9 un m\u00e9dicament inutile contre le rhume | Vie Associative\" \/>\n<meta property=\"og:description\" content=\"Les scientifiques savent depuis des ann\u00e9es que la ph\u00e9nyl\u00e9phrine est inefficace. La ph\u00e9nyl\u00e9phrine est \u00e0 la fois le d\u00e9congestionnant le plus courant dans les rayons\" \/>\n<meta property=\"og:url\" content=\"https:\/\/vieassociative.be\/actualites\/la-fda-retire-enfin-du-marche-un-medicament-inutile-contre-le-rhume\/\" \/>\n<meta property=\"og:site_name\" content=\"Vie Associative\" \/>\n<meta property=\"article:published_time\" content=\"2024-11-09T07:19:24+00:00\" \/>\n<meta property=\"og:image\" content=\"https:\/\/vieassociative.be\/actualites\/wp-content\/uploads\/2024\/09\/header_backgroundk-01-e1726694325946.png\" \/>\n\t<meta property=\"og:image:width\" content=\"279\" \/>\n\t<meta property=\"og:image:height\" content=\"92\" \/>\n\t<meta property=\"og:image:type\" content=\"image\/png\" \/>\n<meta name=\"author\" content=\"Julien\" \/>\n<meta name=\"twitter:card\" content=\"summary_large_image\" \/>\n<meta name=\"twitter:label1\" content=\"\u00c9crit par\" \/>\n\t<meta name=\"twitter:data1\" content=\"Julien\" \/>\n\t<meta name=\"twitter:label2\" content=\"Dur\u00e9e de lecture est.\" \/>\n\t<meta name=\"twitter:data2\" content=\"8 minutes\" \/>\n<script type=\"application\/ld+json\" class=\"yoast-schema-graph\">{\"@context\":\"https:\/\/schema.org\",\"@graph\":[{\"@type\":\"Article\",\"@id\":\"https:\/\/vieassociative.be\/actualites\/la-fda-retire-enfin-du-marche-un-medicament-inutile-contre-le-rhume\/#article\",\"isPartOf\":{\"@id\":\"https:\/\/vieassociative.be\/actualites\/la-fda-retire-enfin-du-marche-un-medicament-inutile-contre-le-rhume\/\"},\"author\":{\"name\":\"Julien\",\"@id\":\"https:\/\/vieassociative.be\/actualites\/#\/schema\/person\/b87ac4f82f9d4e7b7cec7395b679edc4\"},\"headline\":\"La FDA retire enfin du march\u00e9 un m\u00e9dicament inutile contre le rhume\",\"datePublished\":\"2024-11-09T07:19:24+00:00\",\"dateModified\":\"2024-11-09T07:19:24+00:00\",\"mainEntityOfPage\":{\"@id\":\"https:\/\/vieassociative.be\/actualites\/la-fda-retire-enfin-du-marche-un-medicament-inutile-contre-le-rhume\/\"},\"wordCount\":1582,\"publisher\":{\"@id\":\"https:\/\/vieassociative.be\/actualites\/#organization\"},\"image\":{\"@id\":\"https:\/\/vieassociative.be\/actualites\/la-fda-retire-enfin-du-marche-un-medicament-inutile-contre-le-rhume\/#primaryimage\"},\"thumbnailUrl\":\"https:\/\/vieassociative.be\/actualites\/wp-content\/uploads\/2024\/11\/La-FDA-retire-enfin-du-marche-un-medicament-inutile-contre.jpg\",\"keywords\":[\"contre\",\"enfin\",\"FDA\",\"inutile\",\"march\u00e9\",\"m\u00e9dicament\",\"retire\",\"rhume\"],\"articleSection\":[\"Sant\u00e9\"],\"inLanguage\":\"fr-BE\"},{\"@type\":\"WebPage\",\"@id\":\"https:\/\/vieassociative.be\/actualites\/la-fda-retire-enfin-du-marche-un-medicament-inutile-contre-le-rhume\/\",\"url\":\"https:\/\/vieassociative.be\/actualites\/la-fda-retire-enfin-du-marche-un-medicament-inutile-contre-le-rhume\/\",\"name\":\"La FDA retire enfin du march\u00e9 un m\u00e9dicament inutile contre le rhume | Vie Associative\",\"isPartOf\":{\"@id\":\"https:\/\/vieassociative.be\/actualites\/#website\"},\"primaryImageOfPage\":{\"@id\":\"https:\/\/vieassociative.be\/actualites\/la-fda-retire-enfin-du-marche-un-medicament-inutile-contre-le-rhume\/#primaryimage\"},\"image\":{\"@id\":\"https:\/\/vieassociative.be\/actualites\/la-fda-retire-enfin-du-marche-un-medicament-inutile-contre-le-rhume\/#primaryimage\"},\"thumbnailUrl\":\"https:\/\/vieassociative.be\/actualites\/wp-content\/uploads\/2024\/11\/La-FDA-retire-enfin-du-marche-un-medicament-inutile-contre.jpg\",\"datePublished\":\"2024-11-09T07:19:24+00:00\",\"dateModified\":\"2024-11-09T07:19:24+00:00\",\"breadcrumb\":{\"@id\":\"https:\/\/vieassociative.be\/actualites\/la-fda-retire-enfin-du-marche-un-medicament-inutile-contre-le-rhume\/#breadcrumb\"},\"inLanguage\":\"fr-BE\",\"potentialAction\":[{\"@type\":\"ReadAction\",\"target\":[\"https:\/\/vieassociative.be\/actualites\/la-fda-retire-enfin-du-marche-un-medicament-inutile-contre-le-rhume\/\"]}]},{\"@type\":\"ImageObject\",\"inLanguage\":\"fr-BE\",\"@id\":\"https:\/\/vieassociative.be\/actualites\/la-fda-retire-enfin-du-marche-un-medicament-inutile-contre-le-rhume\/#primaryimage\",\"url\":\"https:\/\/vieassociative.be\/actualites\/wp-content\/uploads\/2024\/11\/La-FDA-retire-enfin-du-marche-un-medicament-inutile-contre.jpg\",\"contentUrl\":\"https:\/\/vieassociative.be\/actualites\/wp-content\/uploads\/2024\/11\/La-FDA-retire-enfin-du-marche-un-medicament-inutile-contre.jpg\",\"width\":1200,\"height\":675,\"caption\":\"La FDA retire enfin du march\u00e9 un m\u00e9dicament inutile contre le rhume\"},{\"@type\":\"BreadcrumbList\",\"@id\":\"https:\/\/vieassociative.be\/actualites\/la-fda-retire-enfin-du-marche-un-medicament-inutile-contre-le-rhume\/#breadcrumb\",\"itemListElement\":[{\"@type\":\"ListItem\",\"position\":1,\"name\":\"Accueil\",\"item\":\"https:\/\/vieassociative.be\/actualites\/\"},{\"@type\":\"ListItem\",\"position\":2,\"name\":\"La FDA retire enfin du march\u00e9 un m\u00e9dicament inutile contre le rhume\"}]},{\"@type\":\"WebSite\",\"@id\":\"https:\/\/vieassociative.be\/actualites\/#website\",\"url\":\"https:\/\/vieassociative.be\/actualites\/\",\"name\":\"Vie Associative\",\"description\":\"\",\"publisher\":{\"@id\":\"https:\/\/vieassociative.be\/actualites\/#organization\"},\"potentialAction\":[{\"@type\":\"SearchAction\",\"target\":{\"@type\":\"EntryPoint\",\"urlTemplate\":\"https:\/\/vieassociative.be\/actualites\/?s={search_term_string}\"},\"query-input\":{\"@type\":\"PropertyValueSpecification\",\"valueRequired\":true,\"valueName\":\"search_term_string\"}}],\"inLanguage\":\"fr-BE\"},{\"@type\":\"Organization\",\"@id\":\"https:\/\/vieassociative.be\/actualites\/#organization\",\"name\":\"Vie Associative\",\"url\":\"https:\/\/vieassociative.be\/actualites\/\",\"logo\":{\"@type\":\"ImageObject\",\"inLanguage\":\"fr-BE\",\"@id\":\"https:\/\/vieassociative.be\/actualites\/#\/schema\/logo\/image\/\",\"url\":\"https:\/\/vieassociative.be\/actualites\/wp-content\/uploads\/2024\/09\/cropped-vieassociative_favicon.ico.png\",\"contentUrl\":\"https:\/\/vieassociative.be\/actualites\/wp-content\/uploads\/2024\/09\/cropped-vieassociative_favicon.ico.png\",\"width\":512,\"height\":512,\"caption\":\"Vie Associative\"},\"image\":{\"@id\":\"https:\/\/vieassociative.be\/actualites\/#\/schema\/logo\/image\/\"}},{\"@type\":\"Person\",\"@id\":\"https:\/\/vieassociative.be\/actualites\/#\/schema\/person\/b87ac4f82f9d4e7b7cec7395b679edc4\",\"name\":\"Julien\",\"image\":{\"@type\":\"ImageObject\",\"inLanguage\":\"fr-BE\",\"@id\":\"https:\/\/vieassociative.be\/actualites\/#\/schema\/person\/image\/\",\"url\":\"https:\/\/vieassociative.be\/actualites\/wp-content\/uploads\/2024\/09\/vie-associative-1-150x150.jpg\",\"contentUrl\":\"https:\/\/vieassociative.be\/actualites\/wp-content\/uploads\/2024\/09\/vie-associative-1-150x150.jpg\",\"caption\":\"Julien\"},\"description\":\"Je suis Julien, r\u00e9dacteur pour Vie Associative. Passionn\u00e9 par le monde associatif depuis plus de 10 ans, j'ai \u00e0 c\u0153ur de partager des histoires inspirantes et de mettre en lumi\u00e8re les initiatives locales. Mon objectif est de sensibiliser et d'encourager l'engagement communautaire \u00e0 travers mes articles.\",\"sameAs\":[\"https:\/\/vieassociative.be\/\"]}]}<\/script>\n<!-- \/ Yoast SEO plugin. -->","yoast_head_json":{"title":"La FDA retire enfin du march\u00e9 un m\u00e9dicament inutile contre le rhume | Vie Associative","robots":{"index":"index","follow":"follow","max-snippet":"max-snippet:-1","max-image-preview":"max-image-preview:large","max-video-preview":"max-video-preview:-1"},"canonical":"https:\/\/vieassociative.be\/actualites\/la-fda-retire-enfin-du-marche-un-medicament-inutile-contre-le-rhume\/","og_locale":"fr_FR","og_type":"article","og_title":"La FDA retire enfin du march\u00e9 un m\u00e9dicament inutile contre le rhume | Vie Associative","og_description":"Les scientifiques savent depuis des ann\u00e9es que la ph\u00e9nyl\u00e9phrine est inefficace. La ph\u00e9nyl\u00e9phrine est \u00e0 la fois le d\u00e9congestionnant le plus courant dans les rayons","og_url":"https:\/\/vieassociative.be\/actualites\/la-fda-retire-enfin-du-marche-un-medicament-inutile-contre-le-rhume\/","og_site_name":"Vie Associative","article_published_time":"2024-11-09T07:19:24+00:00","og_image":[{"width":279,"height":92,"url":"https:\/\/vieassociative.be\/actualites\/wp-content\/uploads\/2024\/09\/header_backgroundk-01-e1726694325946.png","type":"image\/png"}],"author":"Julien","twitter_card":"summary_large_image","twitter_misc":{"\u00c9crit par":"Julien","Dur\u00e9e de lecture est.":"8 minutes"},"schema":{"@context":"https:\/\/schema.org","@graph":[{"@type":"Article","@id":"https:\/\/vieassociative.be\/actualites\/la-fda-retire-enfin-du-marche-un-medicament-inutile-contre-le-rhume\/#article","isPartOf":{"@id":"https:\/\/vieassociative.be\/actualites\/la-fda-retire-enfin-du-marche-un-medicament-inutile-contre-le-rhume\/"},"author":{"name":"Julien","@id":"https:\/\/vieassociative.be\/actualites\/#\/schema\/person\/b87ac4f82f9d4e7b7cec7395b679edc4"},"headline":"La FDA retire enfin du march\u00e9 un m\u00e9dicament inutile contre le rhume","datePublished":"2024-11-09T07:19:24+00:00","dateModified":"2024-11-09T07:19:24+00:00","mainEntityOfPage":{"@id":"https:\/\/vieassociative.be\/actualites\/la-fda-retire-enfin-du-marche-un-medicament-inutile-contre-le-rhume\/"},"wordCount":1582,"publisher":{"@id":"https:\/\/vieassociative.be\/actualites\/#organization"},"image":{"@id":"https:\/\/vieassociative.be\/actualites\/la-fda-retire-enfin-du-marche-un-medicament-inutile-contre-le-rhume\/#primaryimage"},"thumbnailUrl":"https:\/\/vieassociative.be\/actualites\/wp-content\/uploads\/2024\/11\/La-FDA-retire-enfin-du-marche-un-medicament-inutile-contre.jpg","keywords":["contre","enfin","FDA","inutile","march\u00e9","m\u00e9dicament","retire","rhume"],"articleSection":["Sant\u00e9"],"inLanguage":"fr-BE"},{"@type":"WebPage","@id":"https:\/\/vieassociative.be\/actualites\/la-fda-retire-enfin-du-marche-un-medicament-inutile-contre-le-rhume\/","url":"https:\/\/vieassociative.be\/actualites\/la-fda-retire-enfin-du-marche-un-medicament-inutile-contre-le-rhume\/","name":"La FDA retire enfin du march\u00e9 un m\u00e9dicament inutile contre le rhume | Vie Associative","isPartOf":{"@id":"https:\/\/vieassociative.be\/actualites\/#website"},"primaryImageOfPage":{"@id":"https:\/\/vieassociative.be\/actualites\/la-fda-retire-enfin-du-marche-un-medicament-inutile-contre-le-rhume\/#primaryimage"},"image":{"@id":"https:\/\/vieassociative.be\/actualites\/la-fda-retire-enfin-du-marche-un-medicament-inutile-contre-le-rhume\/#primaryimage"},"thumbnailUrl":"https:\/\/vieassociative.be\/actualites\/wp-content\/uploads\/2024\/11\/La-FDA-retire-enfin-du-marche-un-medicament-inutile-contre.jpg","datePublished":"2024-11-09T07:19:24+00:00","dateModified":"2024-11-09T07:19:24+00:00","breadcrumb":{"@id":"https:\/\/vieassociative.be\/actualites\/la-fda-retire-enfin-du-marche-un-medicament-inutile-contre-le-rhume\/#breadcrumb"},"inLanguage":"fr-BE","potentialAction":[{"@type":"ReadAction","target":["https:\/\/vieassociative.be\/actualites\/la-fda-retire-enfin-du-marche-un-medicament-inutile-contre-le-rhume\/"]}]},{"@type":"ImageObject","inLanguage":"fr-BE","@id":"https:\/\/vieassociative.be\/actualites\/la-fda-retire-enfin-du-marche-un-medicament-inutile-contre-le-rhume\/#primaryimage","url":"https:\/\/vieassociative.be\/actualites\/wp-content\/uploads\/2024\/11\/La-FDA-retire-enfin-du-marche-un-medicament-inutile-contre.jpg","contentUrl":"https:\/\/vieassociative.be\/actualites\/wp-content\/uploads\/2024\/11\/La-FDA-retire-enfin-du-marche-un-medicament-inutile-contre.jpg","width":1200,"height":675,"caption":"La FDA retire enfin du march\u00e9 un m\u00e9dicament inutile contre le rhume"},{"@type":"BreadcrumbList","@id":"https:\/\/vieassociative.be\/actualites\/la-fda-retire-enfin-du-marche-un-medicament-inutile-contre-le-rhume\/#breadcrumb","itemListElement":[{"@type":"ListItem","position":1,"name":"Accueil","item":"https:\/\/vieassociative.be\/actualites\/"},{"@type":"ListItem","position":2,"name":"La FDA retire enfin du march\u00e9 un m\u00e9dicament inutile contre le rhume"}]},{"@type":"WebSite","@id":"https:\/\/vieassociative.be\/actualites\/#website","url":"https:\/\/vieassociative.be\/actualites\/","name":"Vie Associative","description":"","publisher":{"@id":"https:\/\/vieassociative.be\/actualites\/#organization"},"potentialAction":[{"@type":"SearchAction","target":{"@type":"EntryPoint","urlTemplate":"https:\/\/vieassociative.be\/actualites\/?s={search_term_string}"},"query-input":{"@type":"PropertyValueSpecification","valueRequired":true,"valueName":"search_term_string"}}],"inLanguage":"fr-BE"},{"@type":"Organization","@id":"https:\/\/vieassociative.be\/actualites\/#organization","name":"Vie Associative","url":"https:\/\/vieassociative.be\/actualites\/","logo":{"@type":"ImageObject","inLanguage":"fr-BE","@id":"https:\/\/vieassociative.be\/actualites\/#\/schema\/logo\/image\/","url":"https:\/\/vieassociative.be\/actualites\/wp-content\/uploads\/2024\/09\/cropped-vieassociative_favicon.ico.png","contentUrl":"https:\/\/vieassociative.be\/actualites\/wp-content\/uploads\/2024\/09\/cropped-vieassociative_favicon.ico.png","width":512,"height":512,"caption":"Vie Associative"},"image":{"@id":"https:\/\/vieassociative.be\/actualites\/#\/schema\/logo\/image\/"}},{"@type":"Person","@id":"https:\/\/vieassociative.be\/actualites\/#\/schema\/person\/b87ac4f82f9d4e7b7cec7395b679edc4","name":"Julien","image":{"@type":"ImageObject","inLanguage":"fr-BE","@id":"https:\/\/vieassociative.be\/actualites\/#\/schema\/person\/image\/","url":"https:\/\/vieassociative.be\/actualites\/wp-content\/uploads\/2024\/09\/vie-associative-1-150x150.jpg","contentUrl":"https:\/\/vieassociative.be\/actualites\/wp-content\/uploads\/2024\/09\/vie-associative-1-150x150.jpg","caption":"Julien"},"description":"Je suis Julien, r\u00e9dacteur pour Vie Associative. Passionn\u00e9 par le monde associatif depuis plus de 10 ans, j'ai \u00e0 c\u0153ur de partager des histoires inspirantes et de mettre en lumi\u00e8re les initiatives locales. Mon objectif est de sensibiliser et d'encourager l'engagement communautaire \u00e0 travers mes articles.","sameAs":["https:\/\/vieassociative.be\/"]}]}},"_links":{"self":[{"href":"https:\/\/vieassociative.be\/actualites\/wp-json\/wp\/v2\/posts\/2209"}],"collection":[{"href":"https:\/\/vieassociative.be\/actualites\/wp-json\/wp\/v2\/posts"}],"about":[{"href":"https:\/\/vieassociative.be\/actualites\/wp-json\/wp\/v2\/types\/post"}],"author":[{"embeddable":true,"href":"https:\/\/vieassociative.be\/actualites\/wp-json\/wp\/v2\/users\/1"}],"replies":[{"embeddable":true,"href":"https:\/\/vieassociative.be\/actualites\/wp-json\/wp\/v2\/comments?post=2209"}],"version-history":[{"count":0,"href":"https:\/\/vieassociative.be\/actualites\/wp-json\/wp\/v2\/posts\/2209\/revisions"}],"wp:featuredmedia":[{"embeddable":true,"href":"https:\/\/vieassociative.be\/actualites\/wp-json\/wp\/v2\/media\/2210"}],"wp:attachment":[{"href":"https:\/\/vieassociative.be\/actualites\/wp-json\/wp\/v2\/media?parent=2209"}],"wp:term":[{"taxonomy":"category","embeddable":true,"href":"https:\/\/vieassociative.be\/actualites\/wp-json\/wp\/v2\/categories?post=2209"},{"taxonomy":"post_tag","embeddable":true,"href":"https:\/\/vieassociative.be\/actualites\/wp-json\/wp\/v2\/tags?post=2209"}],"curies":[{"name":"wp","href":"https:\/\/api.w.org\/{rel}","templated":true}]}}