{"id":2205,"date":"2024-11-09T06:21:45","date_gmt":"2024-11-09T05:21:45","guid":{"rendered":"https:\/\/vieassociative.be\/actualites\/comment-construire-un-village-parental-lorsque-vous-vous-sentez-isole\/"},"modified":"2024-11-09T06:21:45","modified_gmt":"2024-11-09T05:21:45","slug":"comment-construire-un-village-parental-lorsque-vous-vous-sentez-isole","status":"publish","type":"post","link":"https:\/\/vieassociative.be\/actualites\/comment-construire-un-village-parental-lorsque-vous-vous-sentez-isole\/","title":{"rendered":"Comment construire un \u00ab village \u00bb parental lorsque vous vous sentez isol\u00e9"},"content":{"rendered":"<div class=\"mt-4 leading-6 md:mb-8\">Vous pouvez retrouver vos proches m\u00eame lorsque vous \u00eates nouveau en ville ou allergique aux situations sociales.<\/div>\n<p><\/p>\n<p>Nous avons tous re\u00e7u le m\u00e9mo selon lequel \u00ab il faut tout un village \u00bb. Il est facile d&rsquo;imaginer \u00e9lever vos enfants dans une communaut\u00e9 id\u00e9alis\u00e9e remplie de villageois \u00e2g\u00e9s qui les nourrissent et prennent soin d&rsquo;eux\u00a0; des villageois qualifi\u00e9s qui leur enseignent des comp\u00e9tences, des sports et des arts ; et d&rsquo;autres villageois parents qui \u00e9coutent vos frustrations et proposent un soutien et des solutions. Wow, \u00e7a a l&rsquo;air sympa.<\/p>\n<p>Mais la r\u00e9alit\u00e9 est que certains d\u2019entre nous sont confront\u00e9s \u00e0 des difficult\u00e9s li\u00e9es au village. Nous ne vivons pas pr\u00e8s de notre famille, sommes nouveaux dans la r\u00e9gion, n&rsquo;avons pas de personnalit\u00e9 extravertie ou souffrons d&rsquo;anxi\u00e9t\u00e9 sociale et de traits neurodivergents qui rendent difficile la connexion avec d&rsquo;autres personnes. O\u00f9 est notre village ?<\/p>\n<p>Ne paniquez pas si vous vous retrouvez sans village. Il <em>est <\/em>Il est possible de construire un village pour subvenir aux besoins de votre famille, et vous pouvez \u00e9galement d\u00e9couvrir comment contribuer \u00e0 votre village d&rsquo;une mani\u00e8re qui vous convient. Voici quelques conseils pour combler les lacunes de votre communaut\u00e9.<\/p>\n<h2 id=\"be-intentional-in-building-your-village\">Soyez intentionnel dans la construction de votre village<\/h2>\n<p>Pour beaucoup d\u2019entre nous, ce village ne va pas appara\u00eetre soudainement autour de nous. \u00c0 moins que vous n\u2019ayez v\u00e9cu toute votre vie dans la m\u00eame communaut\u00e9 et que vous soyez entour\u00e9 de votre famille et d\u2019amis de confiance, il vous faudra faire des efforts pour trouver des personnes sur qui vous pouvez compter.<\/p>\n<p>Dans son livre <em>Du chaos pour apaiser\u00a0: 5 fa\u00e7ons dont les parents occup\u00e9s peuvent se lib\u00e9rer du sentiment d&rsquo;\u00eatre submerg\u00e9 <\/em>(sortie en avril), Jenna Hermans \u00e9crit sur la communaut\u00e9 comme l&rsquo;un des cinq piliers d&rsquo;un parent calme. Son conseil est de commencer \u00e0 consid\u00e9rer les personnes avec lesquelles vous interagissez r\u00e9guli\u00e8rement comme des villageois potentiels.<\/p>\n<p>Faites une liste de toutes les personnes avec lesquelles vous \u00eates en contact au cours d&rsquo;une semaine (ou d&rsquo;un mois), de l&rsquo;enseignant qui aide vos enfants \u00e0 sortir de la voiture au voisin que vous voyez promener son chien tous les jours. Peut-\u00eatre recevez-vous un SMS semi-r\u00e9gulier du parent PTO qui planifie tous les \u00e9v\u00e9nements. <\/p>\n<p>Toutes ces personnes ont le potentiel de devenir une connexion plus forte. Identifiez toute personne qui vous donne de bonnes vibrations et recherchez des occasions de prolonger la conversation ou de lui faire savoir que vous l&rsquo;appr\u00e9ciez.<\/p>\n<h2 id=\"check-in-with-your-connections\">Enregistrez-vous aupr\u00e8s de vos relations<\/h2>\n<p>Si vous disposez d\u00e9j\u00e0 d\u2019une feuille de calcul de tous vos contacts r\u00e9guliers afin que vous puissiez savoir quand vous leur parlez, je vous vois. Il s&rsquo;agit d&rsquo;un moyen solide de soutenir votre engagement social lorsque cela ne vous vient pas facilement.<\/p>\n<p>Les connexions font cro\u00eetre les communaut\u00e9s. Essayez une fois par mois de leur envoyer un SMS : envoyez un m\u00e8me, demandez-leur comment ils vont ou partagez un \u00ab avez-vous entendu ? avec quelques potins l\u00e9gers. Le pire qui puisse arriver, c&rsquo;est qu&rsquo;ils seront trop occup\u00e9s pour r\u00e9pondre et que vous r\u00e9essayerez le mois prochain.<\/p>\n<p>Garder des contacts r\u00e9guliers avec votre famille et vos amis qui ne vivent pas pr\u00e8s de chez vous peut \u00e9galement contribuer \u00e0 b\u00e2tir votre communaut\u00e9. On ne sait jamais quand quelqu&rsquo;un entre <em>leur<\/em> le cercle pourrait vivre assez pr\u00e8s pour le rejoindre <em>ton<\/em> cercle.<\/p>\n<h2 id=\"let-your-own-interests-lead-the-way\">Laissez vos propres int\u00e9r\u00eats vous guider<\/h2>\n<p>Ne vous inscrivez pas pour devenir entra\u00eeneur de football si vous n&rsquo;aimez pas le football. Vous serez simplement oblig\u00e9 de passer du temps avec un groupe de gens qui aiment quelque chose qui ne vous int\u00e9resse pas. Facilitez-vous la t\u00e2che en rejoignant des groupes ou des communaut\u00e9s en ligne et en faisant du b\u00e9n\u00e9volat pour les choses qui vous passionnent le plus. Vous \u00eates beaucoup plus susceptible d&rsquo;entrer en contact avec des personnes qui pourraient \u00e9ventuellement devenir votre syst\u00e8me de soutien local.<\/p>\n<h2 id=\"show-up-in-your-neighborhood-and-community\">Pr\u00e9sentez-vous dans votre quartier et votre communaut\u00e9<\/h2>\n<p>Anne Helen Petersen a \u00e9crit sur l&rsquo;action visant \u00e0 b\u00e2tir une communaut\u00e9 dans un num\u00e9ro r\u00e9cent de son bulletin d&rsquo;information Culture Study. Elle a \u00e9crit qu &lsquo;\u00abune grande partie du probl\u00e8me r\u00e9side dans l&rsquo;anxi\u00e9t\u00e9 sociale \u00e0 l&rsquo;ancienne, la nervosit\u00e9 et la peur de la g\u00eane\u2026 toutes ces choses qui vous viennent \u00e0 l&rsquo;esprit lorsque vous essayez de vous convaincre de vous pr\u00e9senter \u00e0 quelque chose et c&rsquo;est beaucoup. plus facile de rester sur place.<\/p>\n<p>Le simple fait de vous pr\u00e9senter \u00e0 un \u00e9v\u00e9nement communautaire augmente de fa\u00e7on exponentielle les chances d\u2019\u00e9tablir une connexion qui vous soutiendra \u00e0 l\u2019avenir. Essayez de vous pr\u00e9senter de l&rsquo;une des mani\u00e8res suivantes\u00a0:<\/p>\n<ul>\n<li>\n<p>Assistez \u00e0 un \u00e9v\u00e9nement ou \u00e0 une activit\u00e9 que vous voyez dans le calendrier communautaire.<\/p>\n<\/li>\n<li>\n<p>Inscrivez-vous \u00e0 un cours (et pr\u00e9sentez-vous).<\/p>\n<\/li>\n<li>\n<p>Soyez pr\u00e9sent et visible dans votre propre cour ou quartier.<\/p>\n<\/li>\n<\/ul>\n<p>Parce que se pr\u00e9senter peut \u00eatre tr\u00e8s difficile lorsque vous souffrez d&rsquo;anxi\u00e9t\u00e9 sociale, Petersen recommande d&rsquo;\u00e9crire votre intention de vous pr\u00e9senter et de partager votre plan avec quelqu&rsquo;un d&rsquo;autre afin qu&rsquo;il puisse vous soutenir. Parfois, un peu d\u2019encouragement suffit \u00e0 vous faire sortir.<\/p>\n<h2 id=\"make-conversation\">Faire la conversation<\/h2>\n<p>Une fois que vous \u00eates (en quelque sorte) \u00e0 l\u2019aise dans la communaut\u00e9, l\u2019\u00e9tape suivante consiste \u00e0 prendre la parole. Dites bonjour aux personnes que vous voyez tous les jours. Recherchez des occasions d&rsquo;offrir de l&rsquo;aide, de complimenter quelque chose de petit ou d&rsquo;\u00e9couter la conversation dont vous ne sortiriez normalement pas. Il ne s\u2019agit pas de plaisanter, mais une partie de la construction de votre communaut\u00e9 consiste \u00e0 \u00eatre vous-m\u00eame un bon villageois.<\/p>\n<p>Dans une conversation prolong\u00e9e, partagez quelque chose pour lequel vous avez besoin d&rsquo;aide, comme trouver un p\u00e9diatre ou un endroit pour faire changer votre huile. <\/p>\n<h2 id=\"find-an-emergency-friend\">Trouver un ami en cas d&rsquo;urgence<\/h2>\n<p>Construire un village peut prendre du temps, et vos petits pas ne vous feront peut-\u00eatre pas nager instantan\u00e9ment dans un oc\u00e9an de familles choisies. Mais finalement, de mauvais jours et de v\u00e9ritables urgences vont survenir. Identifiez la personne dans votre vie qui habite dans les 30 minutes et qui r\u00e9pondrait \u00e0 votre appel t\u00e9l\u00e9phonique au milieu de la nuit. Y a-t-il quelqu&rsquo;un qui surveillera votre b\u00e9b\u00e9 si votre partenaire est hors de la ville et que vous devez emmener votre tout-petit aux urgences\u00a0? Faites de la recherche de cet ami une priorit\u00e9\u00a0; proposez d&rsquo;\u00eatre cet ami \u00e0 quelqu&rsquo;un et vous gagnez automatiquement des milliards de points de villageois.<\/p>\n","protected":false},"excerpt":{"rendered":"<p>Vous pouvez retrouver vos proches m\u00eame lorsque vous \u00eates nouveau en ville ou allergique aux situations sociales. Nous avons tous re\u00e7u le m\u00e9mo selon lequel<\/p>\n","protected":false},"author":1,"featured_media":2206,"comment_status":"","ping_status":"","sticky":false,"template":"","format":"standard","meta":{"footnotes":""},"categories":[37],"tags":[44,2950,2952,559,1044,1743,2951,4],"class_list":["post-2205","post","type-post","status-publish","format-standard","has-post-thumbnail","hentry","category-famille","tag-comment","tag-construire","tag-isole","tag-lorsque","tag-parental","tag-sentez","tag-village","tag-vous","generate-columns","tablet-grid-50","mobile-grid-100","grid-parent","grid-33"],"yoast_head":"<!-- This site is optimized with the Yoast SEO plugin v24.0 - https:\/\/yoast.com\/wordpress\/plugins\/seo\/ -->\n<title>Comment construire un \u00ab village \u00bb parental lorsque vous vous sentez isol\u00e9 | Vie Associative<\/title>\n<meta name=\"robots\" content=\"index, follow, max-snippet:-1, max-image-preview:large, max-video-preview:-1\" \/>\n<link rel=\"canonical\" href=\"https:\/\/vieassociative.be\/actualites\/comment-construire-un-village-parental-lorsque-vous-vous-sentez-isole\/\" \/>\n<meta property=\"og:locale\" content=\"fr_FR\" \/>\n<meta property=\"og:type\" content=\"article\" \/>\n<meta property=\"og:title\" content=\"Comment construire un \u00ab village \u00bb parental lorsque vous vous sentez isol\u00e9 | Vie Associative\" \/>\n<meta property=\"og:description\" content=\"Vous pouvez retrouver vos proches m\u00eame lorsque vous \u00eates nouveau en ville ou allergique aux situations sociales. Nous avons tous re\u00e7u le m\u00e9mo selon lequel\" \/>\n<meta property=\"og:url\" content=\"https:\/\/vieassociative.be\/actualites\/comment-construire-un-village-parental-lorsque-vous-vous-sentez-isole\/\" \/>\n<meta property=\"og:site_name\" content=\"Vie Associative\" \/>\n<meta property=\"article:published_time\" content=\"2024-11-09T05:21:45+00:00\" \/>\n<meta property=\"og:image\" content=\"https:\/\/vieassociative.be\/actualites\/wp-content\/uploads\/2024\/09\/header_backgroundk-01-e1726694325946.png\" \/>\n\t<meta property=\"og:image:width\" content=\"279\" \/>\n\t<meta property=\"og:image:height\" content=\"92\" \/>\n\t<meta property=\"og:image:type\" content=\"image\/png\" \/>\n<meta name=\"author\" content=\"Julien\" \/>\n<meta name=\"twitter:card\" content=\"summary_large_image\" \/>\n<meta name=\"twitter:label1\" content=\"\u00c9crit par\" \/>\n\t<meta name=\"twitter:data1\" content=\"Julien\" \/>\n\t<meta name=\"twitter:label2\" content=\"Dur\u00e9e de lecture est.\" \/>\n\t<meta name=\"twitter:data2\" content=\"6 minutes\" \/>\n<script type=\"application\/ld+json\" class=\"yoast-schema-graph\">{\"@context\":\"https:\/\/schema.org\",\"@graph\":[{\"@type\":\"Article\",\"@id\":\"https:\/\/vieassociative.be\/actualites\/comment-construire-un-village-parental-lorsque-vous-vous-sentez-isole\/#article\",\"isPartOf\":{\"@id\":\"https:\/\/vieassociative.be\/actualites\/comment-construire-un-village-parental-lorsque-vous-vous-sentez-isole\/\"},\"author\":{\"name\":\"Julien\",\"@id\":\"https:\/\/vieassociative.be\/actualites\/#\/schema\/person\/b87ac4f82f9d4e7b7cec7395b679edc4\"},\"headline\":\"Comment construire un \u00ab village \u00bb parental lorsque vous vous sentez isol\u00e9\",\"datePublished\":\"2024-11-09T05:21:45+00:00\",\"dateModified\":\"2024-11-09T05:21:45+00:00\",\"mainEntityOfPage\":{\"@id\":\"https:\/\/vieassociative.be\/actualites\/comment-construire-un-village-parental-lorsque-vous-vous-sentez-isole\/\"},\"wordCount\":1157,\"publisher\":{\"@id\":\"https:\/\/vieassociative.be\/actualites\/#organization\"},\"image\":{\"@id\":\"https:\/\/vieassociative.be\/actualites\/comment-construire-un-village-parental-lorsque-vous-vous-sentez-isole\/#primaryimage\"},\"thumbnailUrl\":\"https:\/\/vieassociative.be\/actualites\/wp-content\/uploads\/2024\/11\/Comment-construire-un-village-parental-lorsque-vous-vous.jpg\",\"keywords\":[\"Comment\",\"construire\",\"isol\u00e9\",\"lorsque\",\"parental\",\"sentez\",\"village\",\"Vous\"],\"articleSection\":[\"Famille\"],\"inLanguage\":\"fr-BE\"},{\"@type\":\"WebPage\",\"@id\":\"https:\/\/vieassociative.be\/actualites\/comment-construire-un-village-parental-lorsque-vous-vous-sentez-isole\/\",\"url\":\"https:\/\/vieassociative.be\/actualites\/comment-construire-un-village-parental-lorsque-vous-vous-sentez-isole\/\",\"name\":\"Comment construire un \u00ab village \u00bb parental lorsque vous vous sentez isol\u00e9 | Vie Associative\",\"isPartOf\":{\"@id\":\"https:\/\/vieassociative.be\/actualites\/#website\"},\"primaryImageOfPage\":{\"@id\":\"https:\/\/vieassociative.be\/actualites\/comment-construire-un-village-parental-lorsque-vous-vous-sentez-isole\/#primaryimage\"},\"image\":{\"@id\":\"https:\/\/vieassociative.be\/actualites\/comment-construire-un-village-parental-lorsque-vous-vous-sentez-isole\/#primaryimage\"},\"thumbnailUrl\":\"https:\/\/vieassociative.be\/actualites\/wp-content\/uploads\/2024\/11\/Comment-construire-un-village-parental-lorsque-vous-vous.jpg\",\"datePublished\":\"2024-11-09T05:21:45+00:00\",\"dateModified\":\"2024-11-09T05:21:45+00:00\",\"breadcrumb\":{\"@id\":\"https:\/\/vieassociative.be\/actualites\/comment-construire-un-village-parental-lorsque-vous-vous-sentez-isole\/#breadcrumb\"},\"inLanguage\":\"fr-BE\",\"potentialAction\":[{\"@type\":\"ReadAction\",\"target\":[\"https:\/\/vieassociative.be\/actualites\/comment-construire-un-village-parental-lorsque-vous-vous-sentez-isole\/\"]}]},{\"@type\":\"ImageObject\",\"inLanguage\":\"fr-BE\",\"@id\":\"https:\/\/vieassociative.be\/actualites\/comment-construire-un-village-parental-lorsque-vous-vous-sentez-isole\/#primaryimage\",\"url\":\"https:\/\/vieassociative.be\/actualites\/wp-content\/uploads\/2024\/11\/Comment-construire-un-village-parental-lorsque-vous-vous.jpg\",\"contentUrl\":\"https:\/\/vieassociative.be\/actualites\/wp-content\/uploads\/2024\/11\/Comment-construire-un-village-parental-lorsque-vous-vous.jpg\",\"width\":1200,\"height\":675,\"caption\":\"Comment construire un \u00ab village \u00bb parental lorsque vous vous sentez isol\u00e9\"},{\"@type\":\"BreadcrumbList\",\"@id\":\"https:\/\/vieassociative.be\/actualites\/comment-construire-un-village-parental-lorsque-vous-vous-sentez-isole\/#breadcrumb\",\"itemListElement\":[{\"@type\":\"ListItem\",\"position\":1,\"name\":\"Accueil\",\"item\":\"https:\/\/vieassociative.be\/actualites\/\"},{\"@type\":\"ListItem\",\"position\":2,\"name\":\"Comment construire un \u00ab village \u00bb parental lorsque vous vous sentez isol\u00e9\"}]},{\"@type\":\"WebSite\",\"@id\":\"https:\/\/vieassociative.be\/actualites\/#website\",\"url\":\"https:\/\/vieassociative.be\/actualites\/\",\"name\":\"Vie Associative\",\"description\":\"\",\"publisher\":{\"@id\":\"https:\/\/vieassociative.be\/actualites\/#organization\"},\"potentialAction\":[{\"@type\":\"SearchAction\",\"target\":{\"@type\":\"EntryPoint\",\"urlTemplate\":\"https:\/\/vieassociative.be\/actualites\/?s={search_term_string}\"},\"query-input\":{\"@type\":\"PropertyValueSpecification\",\"valueRequired\":true,\"valueName\":\"search_term_string\"}}],\"inLanguage\":\"fr-BE\"},{\"@type\":\"Organization\",\"@id\":\"https:\/\/vieassociative.be\/actualites\/#organization\",\"name\":\"Vie Associative\",\"url\":\"https:\/\/vieassociative.be\/actualites\/\",\"logo\":{\"@type\":\"ImageObject\",\"inLanguage\":\"fr-BE\",\"@id\":\"https:\/\/vieassociative.be\/actualites\/#\/schema\/logo\/image\/\",\"url\":\"https:\/\/vieassociative.be\/actualites\/wp-content\/uploads\/2024\/09\/cropped-vieassociative_favicon.ico.png\",\"contentUrl\":\"https:\/\/vieassociative.be\/actualites\/wp-content\/uploads\/2024\/09\/cropped-vieassociative_favicon.ico.png\",\"width\":512,\"height\":512,\"caption\":\"Vie Associative\"},\"image\":{\"@id\":\"https:\/\/vieassociative.be\/actualites\/#\/schema\/logo\/image\/\"}},{\"@type\":\"Person\",\"@id\":\"https:\/\/vieassociative.be\/actualites\/#\/schema\/person\/b87ac4f82f9d4e7b7cec7395b679edc4\",\"name\":\"Julien\",\"image\":{\"@type\":\"ImageObject\",\"inLanguage\":\"fr-BE\",\"@id\":\"https:\/\/vieassociative.be\/actualites\/#\/schema\/person\/image\/\",\"url\":\"https:\/\/vieassociative.be\/actualites\/wp-content\/uploads\/2024\/09\/vie-associative-1-150x150.jpg\",\"contentUrl\":\"https:\/\/vieassociative.be\/actualites\/wp-content\/uploads\/2024\/09\/vie-associative-1-150x150.jpg\",\"caption\":\"Julien\"},\"description\":\"Je suis Julien, r\u00e9dacteur pour Vie Associative. Passionn\u00e9 par le monde associatif depuis plus de 10 ans, j'ai \u00e0 c\u0153ur de partager des histoires inspirantes et de mettre en lumi\u00e8re les initiatives locales. Mon objectif est de sensibiliser et d'encourager l'engagement communautaire \u00e0 travers mes articles.\",\"sameAs\":[\"https:\/\/vieassociative.be\/\"]}]}<\/script>\n<!-- \/ Yoast SEO plugin. -->","yoast_head_json":{"title":"Comment construire un \u00ab village \u00bb parental lorsque vous vous sentez isol\u00e9 | Vie Associative","robots":{"index":"index","follow":"follow","max-snippet":"max-snippet:-1","max-image-preview":"max-image-preview:large","max-video-preview":"max-video-preview:-1"},"canonical":"https:\/\/vieassociative.be\/actualites\/comment-construire-un-village-parental-lorsque-vous-vous-sentez-isole\/","og_locale":"fr_FR","og_type":"article","og_title":"Comment construire un \u00ab village \u00bb parental lorsque vous vous sentez isol\u00e9 | Vie Associative","og_description":"Vous pouvez retrouver vos proches m\u00eame lorsque vous \u00eates nouveau en ville ou allergique aux situations sociales. Nous avons tous re\u00e7u le m\u00e9mo selon lequel","og_url":"https:\/\/vieassociative.be\/actualites\/comment-construire-un-village-parental-lorsque-vous-vous-sentez-isole\/","og_site_name":"Vie Associative","article_published_time":"2024-11-09T05:21:45+00:00","og_image":[{"width":279,"height":92,"url":"https:\/\/vieassociative.be\/actualites\/wp-content\/uploads\/2024\/09\/header_backgroundk-01-e1726694325946.png","type":"image\/png"}],"author":"Julien","twitter_card":"summary_large_image","twitter_misc":{"\u00c9crit par":"Julien","Dur\u00e9e de lecture est.":"6 minutes"},"schema":{"@context":"https:\/\/schema.org","@graph":[{"@type":"Article","@id":"https:\/\/vieassociative.be\/actualites\/comment-construire-un-village-parental-lorsque-vous-vous-sentez-isole\/#article","isPartOf":{"@id":"https:\/\/vieassociative.be\/actualites\/comment-construire-un-village-parental-lorsque-vous-vous-sentez-isole\/"},"author":{"name":"Julien","@id":"https:\/\/vieassociative.be\/actualites\/#\/schema\/person\/b87ac4f82f9d4e7b7cec7395b679edc4"},"headline":"Comment construire un \u00ab village \u00bb parental lorsque vous vous sentez isol\u00e9","datePublished":"2024-11-09T05:21:45+00:00","dateModified":"2024-11-09T05:21:45+00:00","mainEntityOfPage":{"@id":"https:\/\/vieassociative.be\/actualites\/comment-construire-un-village-parental-lorsque-vous-vous-sentez-isole\/"},"wordCount":1157,"publisher":{"@id":"https:\/\/vieassociative.be\/actualites\/#organization"},"image":{"@id":"https:\/\/vieassociative.be\/actualites\/comment-construire-un-village-parental-lorsque-vous-vous-sentez-isole\/#primaryimage"},"thumbnailUrl":"https:\/\/vieassociative.be\/actualites\/wp-content\/uploads\/2024\/11\/Comment-construire-un-village-parental-lorsque-vous-vous.jpg","keywords":["Comment","construire","isol\u00e9","lorsque","parental","sentez","village","Vous"],"articleSection":["Famille"],"inLanguage":"fr-BE"},{"@type":"WebPage","@id":"https:\/\/vieassociative.be\/actualites\/comment-construire-un-village-parental-lorsque-vous-vous-sentez-isole\/","url":"https:\/\/vieassociative.be\/actualites\/comment-construire-un-village-parental-lorsque-vous-vous-sentez-isole\/","name":"Comment construire un \u00ab village \u00bb parental lorsque vous vous sentez isol\u00e9 | Vie Associative","isPartOf":{"@id":"https:\/\/vieassociative.be\/actualites\/#website"},"primaryImageOfPage":{"@id":"https:\/\/vieassociative.be\/actualites\/comment-construire-un-village-parental-lorsque-vous-vous-sentez-isole\/#primaryimage"},"image":{"@id":"https:\/\/vieassociative.be\/actualites\/comment-construire-un-village-parental-lorsque-vous-vous-sentez-isole\/#primaryimage"},"thumbnailUrl":"https:\/\/vieassociative.be\/actualites\/wp-content\/uploads\/2024\/11\/Comment-construire-un-village-parental-lorsque-vous-vous.jpg","datePublished":"2024-11-09T05:21:45+00:00","dateModified":"2024-11-09T05:21:45+00:00","breadcrumb":{"@id":"https:\/\/vieassociative.be\/actualites\/comment-construire-un-village-parental-lorsque-vous-vous-sentez-isole\/#breadcrumb"},"inLanguage":"fr-BE","potentialAction":[{"@type":"ReadAction","target":["https:\/\/vieassociative.be\/actualites\/comment-construire-un-village-parental-lorsque-vous-vous-sentez-isole\/"]}]},{"@type":"ImageObject","inLanguage":"fr-BE","@id":"https:\/\/vieassociative.be\/actualites\/comment-construire-un-village-parental-lorsque-vous-vous-sentez-isole\/#primaryimage","url":"https:\/\/vieassociative.be\/actualites\/wp-content\/uploads\/2024\/11\/Comment-construire-un-village-parental-lorsque-vous-vous.jpg","contentUrl":"https:\/\/vieassociative.be\/actualites\/wp-content\/uploads\/2024\/11\/Comment-construire-un-village-parental-lorsque-vous-vous.jpg","width":1200,"height":675,"caption":"Comment construire un \u00ab village \u00bb parental lorsque vous vous sentez isol\u00e9"},{"@type":"BreadcrumbList","@id":"https:\/\/vieassociative.be\/actualites\/comment-construire-un-village-parental-lorsque-vous-vous-sentez-isole\/#breadcrumb","itemListElement":[{"@type":"ListItem","position":1,"name":"Accueil","item":"https:\/\/vieassociative.be\/actualites\/"},{"@type":"ListItem","position":2,"name":"Comment construire un \u00ab village \u00bb parental lorsque vous vous sentez isol\u00e9"}]},{"@type":"WebSite","@id":"https:\/\/vieassociative.be\/actualites\/#website","url":"https:\/\/vieassociative.be\/actualites\/","name":"Vie Associative","description":"","publisher":{"@id":"https:\/\/vieassociative.be\/actualites\/#organization"},"potentialAction":[{"@type":"SearchAction","target":{"@type":"EntryPoint","urlTemplate":"https:\/\/vieassociative.be\/actualites\/?s={search_term_string}"},"query-input":{"@type":"PropertyValueSpecification","valueRequired":true,"valueName":"search_term_string"}}],"inLanguage":"fr-BE"},{"@type":"Organization","@id":"https:\/\/vieassociative.be\/actualites\/#organization","name":"Vie Associative","url":"https:\/\/vieassociative.be\/actualites\/","logo":{"@type":"ImageObject","inLanguage":"fr-BE","@id":"https:\/\/vieassociative.be\/actualites\/#\/schema\/logo\/image\/","url":"https:\/\/vieassociative.be\/actualites\/wp-content\/uploads\/2024\/09\/cropped-vieassociative_favicon.ico.png","contentUrl":"https:\/\/vieassociative.be\/actualites\/wp-content\/uploads\/2024\/09\/cropped-vieassociative_favicon.ico.png","width":512,"height":512,"caption":"Vie Associative"},"image":{"@id":"https:\/\/vieassociative.be\/actualites\/#\/schema\/logo\/image\/"}},{"@type":"Person","@id":"https:\/\/vieassociative.be\/actualites\/#\/schema\/person\/b87ac4f82f9d4e7b7cec7395b679edc4","name":"Julien","image":{"@type":"ImageObject","inLanguage":"fr-BE","@id":"https:\/\/vieassociative.be\/actualites\/#\/schema\/person\/image\/","url":"https:\/\/vieassociative.be\/actualites\/wp-content\/uploads\/2024\/09\/vie-associative-1-150x150.jpg","contentUrl":"https:\/\/vieassociative.be\/actualites\/wp-content\/uploads\/2024\/09\/vie-associative-1-150x150.jpg","caption":"Julien"},"description":"Je suis Julien, r\u00e9dacteur pour Vie Associative. Passionn\u00e9 par le monde associatif depuis plus de 10 ans, j'ai \u00e0 c\u0153ur de partager des histoires inspirantes et de mettre en lumi\u00e8re les initiatives locales. Mon objectif est de sensibiliser et d'encourager l'engagement communautaire \u00e0 travers mes articles.","sameAs":["https:\/\/vieassociative.be\/"]}]}},"_links":{"self":[{"href":"https:\/\/vieassociative.be\/actualites\/wp-json\/wp\/v2\/posts\/2205"}],"collection":[{"href":"https:\/\/vieassociative.be\/actualites\/wp-json\/wp\/v2\/posts"}],"about":[{"href":"https:\/\/vieassociative.be\/actualites\/wp-json\/wp\/v2\/types\/post"}],"author":[{"embeddable":true,"href":"https:\/\/vieassociative.be\/actualites\/wp-json\/wp\/v2\/users\/1"}],"replies":[{"embeddable":true,"href":"https:\/\/vieassociative.be\/actualites\/wp-json\/wp\/v2\/comments?post=2205"}],"version-history":[{"count":0,"href":"https:\/\/vieassociative.be\/actualites\/wp-json\/wp\/v2\/posts\/2205\/revisions"}],"wp:featuredmedia":[{"embeddable":true,"href":"https:\/\/vieassociative.be\/actualites\/wp-json\/wp\/v2\/media\/2206"}],"wp:attachment":[{"href":"https:\/\/vieassociative.be\/actualites\/wp-json\/wp\/v2\/media?parent=2205"}],"wp:term":[{"taxonomy":"category","embeddable":true,"href":"https:\/\/vieassociative.be\/actualites\/wp-json\/wp\/v2\/categories?post=2205"},{"taxonomy":"post_tag","embeddable":true,"href":"https:\/\/vieassociative.be\/actualites\/wp-json\/wp\/v2\/tags?post=2205"}],"curies":[{"name":"wp","href":"https:\/\/api.w.org\/{rel}","templated":true}]}}