{"id":2201,"date":"2024-11-09T03:19:45","date_gmt":"2024-11-09T02:19:45","guid":{"rendered":"https:\/\/vieassociative.be\/actualites\/lalliance-des-travailleurs-qualifies-a-rencontre-le-nouveau-gouvernement-de-la-dg\/"},"modified":"2024-11-09T03:19:45","modified_gmt":"2024-11-09T02:19:45","slug":"lalliance-des-travailleurs-qualifies-a-rencontre-le-nouveau-gouvernement-de-la-dg","status":"publish","type":"post","link":"https:\/\/vieassociative.be\/actualites\/lalliance-des-travailleurs-qualifies-a-rencontre-le-nouveau-gouvernement-de-la-dg\/","title":{"rendered":"L&rsquo;Alliance des travailleurs qualifi\u00e9s a rencontr\u00e9 le nouveau gouvernement de la DG"},"content":{"rendered":"<p><strong>La DG gouvernement consid\u00e8re la p\u00e9nurie actuelle et future de travailleurs qualifi\u00e9s sur le march\u00e9 du travail de l&rsquo;Est de la Belgique comme l&rsquo;un des plus grands d\u00e9fis de l&rsquo;Est de la Belgique. C\u2019est pourquoi cette question a \u00e9t\u00e9 d\u00e9sign\u00e9e comme l\u2019une des grandes priorit\u00e9s dans la d\u00e9claration gouvernementale de septembre 2024 pour la future l\u00e9gislature.<\/strong><\/p>\n<p><span id=\"more-401331\"><\/span>La premi\u00e8re r\u00e9union de l&rsquo;Alliance des travailleurs qualifi\u00e9s avec le nouveau gouvernement, dirig\u00e9e par le Premier ministre, a d&rsquo;abord discut\u00e9 de la d\u00e9claration gouvernementale et du budget.<\/p>\n<p>Le deuxi\u00e8me point \u00e0 l&rsquo;ordre du jour concernait les prochaines \u00e9tapes d&rsquo;une strat\u00e9gie globale pour les travailleurs qualifi\u00e9s. Il s\u2019av\u00e8re que de nombreuses actions sont initi\u00e9es et mises en \u0153uvre par diff\u00e9rents acteurs, mais celles-ci ne font pas l\u2019objet d\u2019une approche coordonn\u00e9e, de sorte qu\u2019une approche strat\u00e9gique a \u00e9t\u00e9 demand\u00e9e au gouvernement.<\/p>\n<div id=\"attachment_401342\" class=\"wp-caption alignleft\" style=\"max-width: 300px\"><img fetchpriority=\"high\" decoding=\"async\" class=\"wp-image-401342 size-medium\" src=\"https:\/\/vieassociative.be\/actualites\/wp-content\/uploads\/2024\/11\/LAlliance-des-travailleurs-qualifies-a-rencontre-le-nouveau-gouvernement-de.jpg\" alt=\"\" width=\"300\" height=\"240\"  ><\/p>\n<p class=\"wp-caption-text\">Photo : DG Gouvernement<\/p>\n<\/div>\n<p>En plus d&rsquo;une retraite th\u00e9matique en janvier, le gouvernement a demand\u00e9 le soutien scientifique de l&rsquo;Universit\u00e9 RWTH d&rsquo;Aix-la-Chapelle et de la Chaire de g\u00e9ographie \u00e9conomique pour \u00e9valuer l&rsquo;acquisition de travailleurs qualifi\u00e9s pour l&rsquo;Est de la Belgique \u00e0 l&rsquo;\u00e9tranger. Les r\u00e9sultats d\u2019une telle analyse devraient aider les diff\u00e9rents acteurs \u00e0 orienter les actions futures de mani\u00e8re plus cibl\u00e9e.<\/p>\n<p>En raison de l&rsquo;\u00e9volution d\u00e9mographique de l&rsquo;Est de la Belgique, d&rsquo;une part, tout le potentiel existant doit \u00eatre exploit\u00e9, mais d&rsquo;autre part, il d\u00e9pend d&rsquo;une immigration qualifi\u00e9e. C&rsquo;est pourquoi l&rsquo;Est de la Belgique doit se positionner comme une place \u00e0 l&rsquo;\u00e9tranger, a d\u00e9clar\u00e9 le Premier ministre. Gr\u00e2ce \u00e0 l&rsquo;analyse scientifique de la chaire, qui a d\u00e9j\u00e0 r\u00e9dig\u00e9 des \u00e9tudes similaires pour d&rsquo;autres r\u00e9gions, il sera possible d&rsquo;\u00e9valuer de premi\u00e8res \u00e9tudes de cas en tant que projets pilotes pour l&rsquo;Est de la Belgique.<\/p>\n<div id=\"attachment_401343\" class=\"wp-caption alignleft\" style=\"max-width: 300px\"><img decoding=\"async\" class=\"wp-image-401343 size-medium\" src=\"https:\/\/vieassociative.be\/actualites\/wp-content\/uploads\/2024\/11\/1731118785_881_LAlliance-des-travailleurs-qualifies-a-rencontre-le-nouveau-gouvernement-de.jpg\" alt=\"\" width=\"300\" height=\"240\"  ><\/p>\n<p class=\"wp-caption-text\">Photo : DG Gouvernement<\/p>\n<\/div>\n<p>La responsable de l&rsquo;agence pour l&#8217;emploi, Sabine Herzet, a \u00e9galement pr\u00e9sent\u00e9 le nouveau projet \u00ab vivre et travailler dans la grande r\u00e9gion \u00bb de l&rsquo;Eures, dans lequel les entreprises ont la possibilit\u00e9 de se pr\u00e9senter gratuitement avec une vid\u00e9o promotionnelle pour les employ\u00e9s potentiels en Europe.<\/p>\n<p>A la fin, le service localisation a pr\u00e9sent\u00e9, entre autres, le prochain rassemblement \u00e9tudiant du 31 mars 2025. Ici, le d\u00e9partement utilise les accords existants avec l&rsquo;Universit\u00e9 d&rsquo;HEC et l&rsquo;Universit\u00e9 Helmo\/Gramme de Li\u00e8ge pour pr\u00e9senter aux \u00e9tudiants int\u00e9ress\u00e9s le site employeur de l&rsquo;Est de la Belgique en utilisant des entreprises s\u00e9lectionn\u00e9es et ainsi faire de la publicit\u00e9 pour les employeurs locaux. A la fin de la journ\u00e9e aura lieu une rencontre \u00e0 laquelle les entreprises de la r\u00e9gion seront chaleureusement accueillies. Pour la premi\u00e8re fois, outre HEC et Helmo\/Gramme, le RWTH Aachen participera \u00e9galement avec des \u00e9tudiants.<\/p>\n<p>La prochaine r\u00e9union de l&rsquo;alliance aura lieu d\u00e9but avril 2025 et discutera des premiers r\u00e9sultats d&rsquo;une strat\u00e9gie de travailleurs qualifi\u00e9s pour l&rsquo;Est de la Belgique.<\/p>\n","protected":false},"excerpt":{"rendered":"<p>La DG gouvernement consid\u00e8re la p\u00e9nurie actuelle et future de travailleurs qualifi\u00e9s sur le march\u00e9 du travail de l&rsquo;Est de la Belgique comme l&rsquo;un des<\/p>\n","protected":false},"author":1,"featured_media":2202,"comment_status":"","ping_status":"","sticky":false,"template":"","format":"standard","meta":{"footnotes":""},"categories":[298],"tags":[29,615,2945,553,2947,1184,2946],"class_list":["post-2201","post","type-post","status-publish","format-standard","has-post-thumbnail","hentry","category-belgique","tag-des","tag-gouvernement","tag-lalliance","tag-nouveau","tag-qualifies","tag-rencontre","tag-travailleurs","generate-columns","tablet-grid-50","mobile-grid-100","grid-parent","grid-33"],"yoast_head":"<!-- This site is optimized with the Yoast SEO plugin v24.0 - https:\/\/yoast.com\/wordpress\/plugins\/seo\/ -->\n<title>L&#039;Alliance des travailleurs qualifi\u00e9s a rencontr\u00e9 le nouveau gouvernement de la DG | Vie Associative<\/title>\n<meta name=\"robots\" content=\"index, follow, max-snippet:-1, max-image-preview:large, max-video-preview:-1\" \/>\n<link rel=\"canonical\" href=\"https:\/\/vieassociative.be\/actualites\/lalliance-des-travailleurs-qualifies-a-rencontre-le-nouveau-gouvernement-de-la-dg\/\" \/>\n<meta property=\"og:locale\" content=\"fr_FR\" \/>\n<meta property=\"og:type\" content=\"article\" \/>\n<meta property=\"og:title\" content=\"L&#039;Alliance des travailleurs qualifi\u00e9s a rencontr\u00e9 le nouveau gouvernement de la DG | Vie Associative\" \/>\n<meta property=\"og:description\" content=\"La DG gouvernement consid\u00e8re la p\u00e9nurie actuelle et future de travailleurs qualifi\u00e9s sur le march\u00e9 du travail de l&rsquo;Est de la Belgique comme l&rsquo;un des\" \/>\n<meta property=\"og:url\" content=\"https:\/\/vieassociative.be\/actualites\/lalliance-des-travailleurs-qualifies-a-rencontre-le-nouveau-gouvernement-de-la-dg\/\" \/>\n<meta property=\"og:site_name\" content=\"Vie Associative\" \/>\n<meta property=\"article:published_time\" content=\"2024-11-09T02:19:45+00:00\" \/>\n<meta property=\"og:image\" content=\"https:\/\/vieassociative.be\/actualites\/wp-content\/uploads\/2024\/11\/LAlliance-des-travailleurs-qualifies-a-rencontre-le-nouveau-gouvernement-de.jpg\" \/>\n<meta name=\"author\" content=\"Julien\" \/>\n<meta name=\"twitter:card\" content=\"summary_large_image\" \/>\n<meta name=\"twitter:label1\" content=\"\u00c9crit par\" \/>\n\t<meta name=\"twitter:data1\" content=\"Julien\" \/>\n\t<meta name=\"twitter:label2\" content=\"Dur\u00e9e de lecture est.\" \/>\n\t<meta name=\"twitter:data2\" content=\"3 minutes\" \/>\n<script type=\"application\/ld+json\" class=\"yoast-schema-graph\">{\"@context\":\"https:\/\/schema.org\",\"@graph\":[{\"@type\":\"Article\",\"@id\":\"https:\/\/vieassociative.be\/actualites\/lalliance-des-travailleurs-qualifies-a-rencontre-le-nouveau-gouvernement-de-la-dg\/#article\",\"isPartOf\":{\"@id\":\"https:\/\/vieassociative.be\/actualites\/lalliance-des-travailleurs-qualifies-a-rencontre-le-nouveau-gouvernement-de-la-dg\/\"},\"author\":{\"name\":\"Julien\",\"@id\":\"https:\/\/vieassociative.be\/actualites\/#\/schema\/person\/b87ac4f82f9d4e7b7cec7395b679edc4\"},\"headline\":\"L&rsquo;Alliance des travailleurs qualifi\u00e9s a rencontr\u00e9 le nouveau gouvernement de la DG\",\"datePublished\":\"2024-11-09T02:19:45+00:00\",\"dateModified\":\"2024-11-09T02:19:45+00:00\",\"mainEntityOfPage\":{\"@id\":\"https:\/\/vieassociative.be\/actualites\/lalliance-des-travailleurs-qualifies-a-rencontre-le-nouveau-gouvernement-de-la-dg\/\"},\"wordCount\":554,\"publisher\":{\"@id\":\"https:\/\/vieassociative.be\/actualites\/#organization\"},\"image\":{\"@id\":\"https:\/\/vieassociative.be\/actualites\/lalliance-des-travailleurs-qualifies-a-rencontre-le-nouveau-gouvernement-de-la-dg\/#primaryimage\"},\"thumbnailUrl\":\"https:\/\/vieassociative.be\/actualites\/wp-content\/uploads\/2024\/11\/1731118785_LAlliance-des-travailleurs-qualifies-a-rencontre-le-nouveau-gouvernement-de.jpg\",\"keywords\":[\"Des\",\"gouvernement\",\"LAlliance\",\"nouveau\",\"qualifi\u00e9s\",\"rencontre\",\"travailleurs\"],\"articleSection\":[\"Belgique\"],\"inLanguage\":\"fr-BE\"},{\"@type\":\"WebPage\",\"@id\":\"https:\/\/vieassociative.be\/actualites\/lalliance-des-travailleurs-qualifies-a-rencontre-le-nouveau-gouvernement-de-la-dg\/\",\"url\":\"https:\/\/vieassociative.be\/actualites\/lalliance-des-travailleurs-qualifies-a-rencontre-le-nouveau-gouvernement-de-la-dg\/\",\"name\":\"L'Alliance des travailleurs qualifi\u00e9s a rencontr\u00e9 le nouveau gouvernement de la DG | Vie Associative\",\"isPartOf\":{\"@id\":\"https:\/\/vieassociative.be\/actualites\/#website\"},\"primaryImageOfPage\":{\"@id\":\"https:\/\/vieassociative.be\/actualites\/lalliance-des-travailleurs-qualifies-a-rencontre-le-nouveau-gouvernement-de-la-dg\/#primaryimage\"},\"image\":{\"@id\":\"https:\/\/vieassociative.be\/actualites\/lalliance-des-travailleurs-qualifies-a-rencontre-le-nouveau-gouvernement-de-la-dg\/#primaryimage\"},\"thumbnailUrl\":\"https:\/\/vieassociative.be\/actualites\/wp-content\/uploads\/2024\/11\/1731118785_LAlliance-des-travailleurs-qualifies-a-rencontre-le-nouveau-gouvernement-de.jpg\",\"datePublished\":\"2024-11-09T02:19:45+00:00\",\"dateModified\":\"2024-11-09T02:19:45+00:00\",\"breadcrumb\":{\"@id\":\"https:\/\/vieassociative.be\/actualites\/lalliance-des-travailleurs-qualifies-a-rencontre-le-nouveau-gouvernement-de-la-dg\/#breadcrumb\"},\"inLanguage\":\"fr-BE\",\"potentialAction\":[{\"@type\":\"ReadAction\",\"target\":[\"https:\/\/vieassociative.be\/actualites\/lalliance-des-travailleurs-qualifies-a-rencontre-le-nouveau-gouvernement-de-la-dg\/\"]}]},{\"@type\":\"ImageObject\",\"inLanguage\":\"fr-BE\",\"@id\":\"https:\/\/vieassociative.be\/actualites\/lalliance-des-travailleurs-qualifies-a-rencontre-le-nouveau-gouvernement-de-la-dg\/#primaryimage\",\"url\":\"https:\/\/vieassociative.be\/actualites\/wp-content\/uploads\/2024\/11\/1731118785_LAlliance-des-travailleurs-qualifies-a-rencontre-le-nouveau-gouvernement-de.jpg\",\"contentUrl\":\"https:\/\/vieassociative.be\/actualites\/wp-content\/uploads\/2024\/11\/1731118785_LAlliance-des-travailleurs-qualifies-a-rencontre-le-nouveau-gouvernement-de.jpg\",\"width\":1526,\"height\":1221,\"caption\":\"L'Alliance des travailleurs qualifi\u00e9s a rencontr\u00e9 le nouveau gouvernement de la DG\"},{\"@type\":\"BreadcrumbList\",\"@id\":\"https:\/\/vieassociative.be\/actualites\/lalliance-des-travailleurs-qualifies-a-rencontre-le-nouveau-gouvernement-de-la-dg\/#breadcrumb\",\"itemListElement\":[{\"@type\":\"ListItem\",\"position\":1,\"name\":\"Accueil\",\"item\":\"https:\/\/vieassociative.be\/actualites\/\"},{\"@type\":\"ListItem\",\"position\":2,\"name\":\"L&rsquo;Alliance des travailleurs qualifi\u00e9s a rencontr\u00e9 le nouveau gouvernement de la DG\"}]},{\"@type\":\"WebSite\",\"@id\":\"https:\/\/vieassociative.be\/actualites\/#website\",\"url\":\"https:\/\/vieassociative.be\/actualites\/\",\"name\":\"Vie Associative\",\"description\":\"\",\"publisher\":{\"@id\":\"https:\/\/vieassociative.be\/actualites\/#organization\"},\"potentialAction\":[{\"@type\":\"SearchAction\",\"target\":{\"@type\":\"EntryPoint\",\"urlTemplate\":\"https:\/\/vieassociative.be\/actualites\/?s={search_term_string}\"},\"query-input\":{\"@type\":\"PropertyValueSpecification\",\"valueRequired\":true,\"valueName\":\"search_term_string\"}}],\"inLanguage\":\"fr-BE\"},{\"@type\":\"Organization\",\"@id\":\"https:\/\/vieassociative.be\/actualites\/#organization\",\"name\":\"Vie Associative\",\"url\":\"https:\/\/vieassociative.be\/actualites\/\",\"logo\":{\"@type\":\"ImageObject\",\"inLanguage\":\"fr-BE\",\"@id\":\"https:\/\/vieassociative.be\/actualites\/#\/schema\/logo\/image\/\",\"url\":\"https:\/\/vieassociative.be\/actualites\/wp-content\/uploads\/2024\/09\/cropped-vieassociative_favicon.ico.png\",\"contentUrl\":\"https:\/\/vieassociative.be\/actualites\/wp-content\/uploads\/2024\/09\/cropped-vieassociative_favicon.ico.png\",\"width\":512,\"height\":512,\"caption\":\"Vie Associative\"},\"image\":{\"@id\":\"https:\/\/vieassociative.be\/actualites\/#\/schema\/logo\/image\/\"}},{\"@type\":\"Person\",\"@id\":\"https:\/\/vieassociative.be\/actualites\/#\/schema\/person\/b87ac4f82f9d4e7b7cec7395b679edc4\",\"name\":\"Julien\",\"image\":{\"@type\":\"ImageObject\",\"inLanguage\":\"fr-BE\",\"@id\":\"https:\/\/vieassociative.be\/actualites\/#\/schema\/person\/image\/\",\"url\":\"https:\/\/vieassociative.be\/actualites\/wp-content\/uploads\/2024\/09\/vie-associative-1-150x150.jpg\",\"contentUrl\":\"https:\/\/vieassociative.be\/actualites\/wp-content\/uploads\/2024\/09\/vie-associative-1-150x150.jpg\",\"caption\":\"Julien\"},\"description\":\"Je suis Julien, r\u00e9dacteur pour Vie Associative. Passionn\u00e9 par le monde associatif depuis plus de 10 ans, j'ai \u00e0 c\u0153ur de partager des histoires inspirantes et de mettre en lumi\u00e8re les initiatives locales. Mon objectif est de sensibiliser et d'encourager l'engagement communautaire \u00e0 travers mes articles.\",\"sameAs\":[\"https:\/\/vieassociative.be\/\"]}]}<\/script>\n<!-- \/ Yoast SEO plugin. -->","yoast_head_json":{"title":"L'Alliance des travailleurs qualifi\u00e9s a rencontr\u00e9 le nouveau gouvernement de la DG | Vie Associative","robots":{"index":"index","follow":"follow","max-snippet":"max-snippet:-1","max-image-preview":"max-image-preview:large","max-video-preview":"max-video-preview:-1"},"canonical":"https:\/\/vieassociative.be\/actualites\/lalliance-des-travailleurs-qualifies-a-rencontre-le-nouveau-gouvernement-de-la-dg\/","og_locale":"fr_FR","og_type":"article","og_title":"L'Alliance des travailleurs qualifi\u00e9s a rencontr\u00e9 le nouveau gouvernement de la DG | Vie Associative","og_description":"La DG gouvernement consid\u00e8re la p\u00e9nurie actuelle et future de travailleurs qualifi\u00e9s sur le march\u00e9 du travail de l&rsquo;Est de la Belgique comme l&rsquo;un des","og_url":"https:\/\/vieassociative.be\/actualites\/lalliance-des-travailleurs-qualifies-a-rencontre-le-nouveau-gouvernement-de-la-dg\/","og_site_name":"Vie Associative","article_published_time":"2024-11-09T02:19:45+00:00","og_image":[{"url":"https:\/\/vieassociative.be\/actualites\/wp-content\/uploads\/2024\/11\/LAlliance-des-travailleurs-qualifies-a-rencontre-le-nouveau-gouvernement-de.jpg","type":"","width":"","height":""}],"author":"Julien","twitter_card":"summary_large_image","twitter_misc":{"\u00c9crit par":"Julien","Dur\u00e9e de lecture est.":"3 minutes"},"schema":{"@context":"https:\/\/schema.org","@graph":[{"@type":"Article","@id":"https:\/\/vieassociative.be\/actualites\/lalliance-des-travailleurs-qualifies-a-rencontre-le-nouveau-gouvernement-de-la-dg\/#article","isPartOf":{"@id":"https:\/\/vieassociative.be\/actualites\/lalliance-des-travailleurs-qualifies-a-rencontre-le-nouveau-gouvernement-de-la-dg\/"},"author":{"name":"Julien","@id":"https:\/\/vieassociative.be\/actualites\/#\/schema\/person\/b87ac4f82f9d4e7b7cec7395b679edc4"},"headline":"L&rsquo;Alliance des travailleurs qualifi\u00e9s a rencontr\u00e9 le nouveau gouvernement de la DG","datePublished":"2024-11-09T02:19:45+00:00","dateModified":"2024-11-09T02:19:45+00:00","mainEntityOfPage":{"@id":"https:\/\/vieassociative.be\/actualites\/lalliance-des-travailleurs-qualifies-a-rencontre-le-nouveau-gouvernement-de-la-dg\/"},"wordCount":554,"publisher":{"@id":"https:\/\/vieassociative.be\/actualites\/#organization"},"image":{"@id":"https:\/\/vieassociative.be\/actualites\/lalliance-des-travailleurs-qualifies-a-rencontre-le-nouveau-gouvernement-de-la-dg\/#primaryimage"},"thumbnailUrl":"https:\/\/vieassociative.be\/actualites\/wp-content\/uploads\/2024\/11\/1731118785_LAlliance-des-travailleurs-qualifies-a-rencontre-le-nouveau-gouvernement-de.jpg","keywords":["Des","gouvernement","LAlliance","nouveau","qualifi\u00e9s","rencontre","travailleurs"],"articleSection":["Belgique"],"inLanguage":"fr-BE"},{"@type":"WebPage","@id":"https:\/\/vieassociative.be\/actualites\/lalliance-des-travailleurs-qualifies-a-rencontre-le-nouveau-gouvernement-de-la-dg\/","url":"https:\/\/vieassociative.be\/actualites\/lalliance-des-travailleurs-qualifies-a-rencontre-le-nouveau-gouvernement-de-la-dg\/","name":"L'Alliance des travailleurs qualifi\u00e9s a rencontr\u00e9 le nouveau gouvernement de la DG | Vie Associative","isPartOf":{"@id":"https:\/\/vieassociative.be\/actualites\/#website"},"primaryImageOfPage":{"@id":"https:\/\/vieassociative.be\/actualites\/lalliance-des-travailleurs-qualifies-a-rencontre-le-nouveau-gouvernement-de-la-dg\/#primaryimage"},"image":{"@id":"https:\/\/vieassociative.be\/actualites\/lalliance-des-travailleurs-qualifies-a-rencontre-le-nouveau-gouvernement-de-la-dg\/#primaryimage"},"thumbnailUrl":"https:\/\/vieassociative.be\/actualites\/wp-content\/uploads\/2024\/11\/1731118785_LAlliance-des-travailleurs-qualifies-a-rencontre-le-nouveau-gouvernement-de.jpg","datePublished":"2024-11-09T02:19:45+00:00","dateModified":"2024-11-09T02:19:45+00:00","breadcrumb":{"@id":"https:\/\/vieassociative.be\/actualites\/lalliance-des-travailleurs-qualifies-a-rencontre-le-nouveau-gouvernement-de-la-dg\/#breadcrumb"},"inLanguage":"fr-BE","potentialAction":[{"@type":"ReadAction","target":["https:\/\/vieassociative.be\/actualites\/lalliance-des-travailleurs-qualifies-a-rencontre-le-nouveau-gouvernement-de-la-dg\/"]}]},{"@type":"ImageObject","inLanguage":"fr-BE","@id":"https:\/\/vieassociative.be\/actualites\/lalliance-des-travailleurs-qualifies-a-rencontre-le-nouveau-gouvernement-de-la-dg\/#primaryimage","url":"https:\/\/vieassociative.be\/actualites\/wp-content\/uploads\/2024\/11\/1731118785_LAlliance-des-travailleurs-qualifies-a-rencontre-le-nouveau-gouvernement-de.jpg","contentUrl":"https:\/\/vieassociative.be\/actualites\/wp-content\/uploads\/2024\/11\/1731118785_LAlliance-des-travailleurs-qualifies-a-rencontre-le-nouveau-gouvernement-de.jpg","width":1526,"height":1221,"caption":"L'Alliance des travailleurs qualifi\u00e9s a rencontr\u00e9 le nouveau gouvernement de la DG"},{"@type":"BreadcrumbList","@id":"https:\/\/vieassociative.be\/actualites\/lalliance-des-travailleurs-qualifies-a-rencontre-le-nouveau-gouvernement-de-la-dg\/#breadcrumb","itemListElement":[{"@type":"ListItem","position":1,"name":"Accueil","item":"https:\/\/vieassociative.be\/actualites\/"},{"@type":"ListItem","position":2,"name":"L&rsquo;Alliance des travailleurs qualifi\u00e9s a rencontr\u00e9 le nouveau gouvernement de la DG"}]},{"@type":"WebSite","@id":"https:\/\/vieassociative.be\/actualites\/#website","url":"https:\/\/vieassociative.be\/actualites\/","name":"Vie Associative","description":"","publisher":{"@id":"https:\/\/vieassociative.be\/actualites\/#organization"},"potentialAction":[{"@type":"SearchAction","target":{"@type":"EntryPoint","urlTemplate":"https:\/\/vieassociative.be\/actualites\/?s={search_term_string}"},"query-input":{"@type":"PropertyValueSpecification","valueRequired":true,"valueName":"search_term_string"}}],"inLanguage":"fr-BE"},{"@type":"Organization","@id":"https:\/\/vieassociative.be\/actualites\/#organization","name":"Vie Associative","url":"https:\/\/vieassociative.be\/actualites\/","logo":{"@type":"ImageObject","inLanguage":"fr-BE","@id":"https:\/\/vieassociative.be\/actualites\/#\/schema\/logo\/image\/","url":"https:\/\/vieassociative.be\/actualites\/wp-content\/uploads\/2024\/09\/cropped-vieassociative_favicon.ico.png","contentUrl":"https:\/\/vieassociative.be\/actualites\/wp-content\/uploads\/2024\/09\/cropped-vieassociative_favicon.ico.png","width":512,"height":512,"caption":"Vie Associative"},"image":{"@id":"https:\/\/vieassociative.be\/actualites\/#\/schema\/logo\/image\/"}},{"@type":"Person","@id":"https:\/\/vieassociative.be\/actualites\/#\/schema\/person\/b87ac4f82f9d4e7b7cec7395b679edc4","name":"Julien","image":{"@type":"ImageObject","inLanguage":"fr-BE","@id":"https:\/\/vieassociative.be\/actualites\/#\/schema\/person\/image\/","url":"https:\/\/vieassociative.be\/actualites\/wp-content\/uploads\/2024\/09\/vie-associative-1-150x150.jpg","contentUrl":"https:\/\/vieassociative.be\/actualites\/wp-content\/uploads\/2024\/09\/vie-associative-1-150x150.jpg","caption":"Julien"},"description":"Je suis Julien, r\u00e9dacteur pour Vie Associative. Passionn\u00e9 par le monde associatif depuis plus de 10 ans, j'ai \u00e0 c\u0153ur de partager des histoires inspirantes et de mettre en lumi\u00e8re les initiatives locales. Mon objectif est de sensibiliser et d'encourager l'engagement communautaire \u00e0 travers mes articles.","sameAs":["https:\/\/vieassociative.be\/"]}]}},"_links":{"self":[{"href":"https:\/\/vieassociative.be\/actualites\/wp-json\/wp\/v2\/posts\/2201"}],"collection":[{"href":"https:\/\/vieassociative.be\/actualites\/wp-json\/wp\/v2\/posts"}],"about":[{"href":"https:\/\/vieassociative.be\/actualites\/wp-json\/wp\/v2\/types\/post"}],"author":[{"embeddable":true,"href":"https:\/\/vieassociative.be\/actualites\/wp-json\/wp\/v2\/users\/1"}],"replies":[{"embeddable":true,"href":"https:\/\/vieassociative.be\/actualites\/wp-json\/wp\/v2\/comments?post=2201"}],"version-history":[{"count":0,"href":"https:\/\/vieassociative.be\/actualites\/wp-json\/wp\/v2\/posts\/2201\/revisions"}],"wp:featuredmedia":[{"embeddable":true,"href":"https:\/\/vieassociative.be\/actualites\/wp-json\/wp\/v2\/media\/2202"}],"wp:attachment":[{"href":"https:\/\/vieassociative.be\/actualites\/wp-json\/wp\/v2\/media?parent=2201"}],"wp:term":[{"taxonomy":"category","embeddable":true,"href":"https:\/\/vieassociative.be\/actualites\/wp-json\/wp\/v2\/categories?post=2201"},{"taxonomy":"post_tag","embeddable":true,"href":"https:\/\/vieassociative.be\/actualites\/wp-json\/wp\/v2\/tags?post=2201"}],"curies":[{"name":"wp","href":"https:\/\/api.w.org\/{rel}","templated":true}]}}