{"id":2199,"date":"2024-11-09T02:26:14","date_gmt":"2024-11-09T01:26:14","guid":{"rendered":"https:\/\/vieassociative.be\/actualites\/govee-vient-de-rappeler-ces-radiateurs-intelligents-qui-peuvent-provoquer-des-incendies-et-des-brulures\/"},"modified":"2024-11-09T02:26:14","modified_gmt":"2024-11-09T01:26:14","slug":"govee-vient-de-rappeler-ces-radiateurs-intelligents-qui-peuvent-provoquer-des-incendies-et-des-brulures","status":"publish","type":"post","link":"https:\/\/vieassociative.be\/actualites\/govee-vient-de-rappeler-ces-radiateurs-intelligents-qui-peuvent-provoquer-des-incendies-et-des-brulures\/","title":{"rendered":"Govee vient de rappeler ces radiateurs intelligents qui peuvent provoquer des incendies et des br\u00fblures"},"content":{"rendered":"<div class=\"mt-4 leading-6 md:mb-8\">M\u00eame si j&rsquo;ai ador\u00e9 mon Govee Smart Heater, il est en train de revenir et le v\u00f4tre devrait aussi.<\/div>\n<p><\/p>\n<p>Les radiateurs intelligents produits par Govee et GoveeLife ont \u00e9t\u00e9 volontairement rappel\u00e9s cette semaine en raison de tests r\u00e9v\u00e9lant que certains mod\u00e8les peuvent surchauffer, provoquant potentiellement des incendies ou des br\u00fblures. Cela concerne plus de 500 000 unit\u00e9s aux \u00c9tats-Unis et au Canada. Plusieurs mod\u00e8les sont inclus dans le rappel, dont la plupart ont \u00e9t\u00e9 commercialis\u00e9s au cours de la derni\u00e8re ann\u00e9e. <\/p>\n<p><strong>Mod\u00e8les concern\u00e9s\u00a0: <\/strong><\/p>\n<ul>\n<li>\n<p>H7130 (y compris la variante H7130101)<\/p>\n<\/li>\n<li>\n<p>H7131<\/p>\n<\/li>\n<li>\n<p>H7132<\/p>\n<\/li>\n<li>\n<p>H7133<\/p>\n<\/li>\n<li>\n<p>H7134<\/p>\n<\/li>\n<li>\n<p>H7135<\/p>\n<\/li>\n<\/ul>\n<p>Vous pouvez localiser le num\u00e9ro de mod\u00e8le au bas de votre radiateur intelligent Govee sur l&rsquo;\u00e9tiquette UL. Si votre mod\u00e8le fait partie des mod\u00e8les concern\u00e9s, vous pouvez recevoir un remboursement : vous n&rsquo;avez pas besoin de retourner l&rsquo;appareil, mais vous aurez besoin d&rsquo;une preuve de destruction (une photo du cordon chauffant coup\u00e9) pour le processus de remboursement. Peu importe si le produit n&rsquo;est d\u00e9j\u00e0 plus sous garantie. Une fois le cordon coup\u00e9, il doit \u00eatre jet\u00e9 ou recycl\u00e9 (ne le recyclez pas et n&rsquo;en faites pas don ; il pr\u00e9sente \u00e9galement un risque d&rsquo;incendie pour celui qui l&rsquo;adopte). <\/p>\n<p>Pendant le processus de remboursement, il vous sera demand\u00e9 vos informations personnelles et vos informations de commande. Vous pouvez trouver des conseils suppl\u00e9mentaires pour localiser votre num\u00e9ro de commande sur la page d&rsquo;avis de rappel ici. Si vous avez besoin d&rsquo;aide suppl\u00e9mentaire ou si vous avez des questions, vous pouvez contacter directement Govee.<\/p>\n<p>J&rsquo;ai test\u00e9 et examin\u00e9 deux de ces radiateurs au cours de l&rsquo;ann\u00e9e derni\u00e8re, et bien que la tour de chauffage ait inspir\u00e9 des commentaires critiques sur la conception, j&rsquo;ai utilis\u00e9 et appr\u00e9ci\u00e9 le plus petit Smart Heater Lite au cours de la derni\u00e8re ann\u00e9e et je serai d\u00e9sol\u00e9 de le voir dispara\u00eetre. Mais il faut y aller. <\/p>\n","protected":false},"excerpt":{"rendered":"<p>M\u00eame si j&rsquo;ai ador\u00e9 mon Govee Smart Heater, il est en train de revenir et le v\u00f4tre devrait aussi. Les radiateurs intelligents produits par Govee<\/p>\n","protected":false},"author":1,"featured_media":2200,"comment_status":"","ping_status":"","sticky":false,"template":"","format":"standard","meta":{"footnotes":""},"categories":[13],"tags":[2944,248,29,2941,2943,452,293,1952,99,2942,1481,1213],"class_list":["post-2199","post","type-post","status-publish","format-standard","has-post-thumbnail","hentry","category-technologie","tag-brulures","tag-ces","tag-des","tag-govee","tag-incendies","tag-intelligents","tag-peuvent","tag-provoquer","tag-qui","tag-radiateurs","tag-rappeler","tag-vient","generate-columns","tablet-grid-50","mobile-grid-100","grid-parent","grid-33"],"yoast_head":"<!-- This site is optimized with the Yoast SEO plugin v24.0 - https:\/\/yoast.com\/wordpress\/plugins\/seo\/ -->\n<title>Govee vient de rappeler ces radiateurs intelligents qui peuvent provoquer des incendies et des br\u00fblures | Vie Associative<\/title>\n<meta name=\"robots\" content=\"index, follow, max-snippet:-1, max-image-preview:large, max-video-preview:-1\" \/>\n<link rel=\"canonical\" href=\"https:\/\/vieassociative.be\/actualites\/govee-vient-de-rappeler-ces-radiateurs-intelligents-qui-peuvent-provoquer-des-incendies-et-des-brulures\/\" \/>\n<meta property=\"og:locale\" content=\"fr_FR\" \/>\n<meta property=\"og:type\" content=\"article\" \/>\n<meta property=\"og:title\" content=\"Govee vient de rappeler ces radiateurs intelligents qui peuvent provoquer des incendies et des br\u00fblures | Vie Associative\" \/>\n<meta property=\"og:description\" content=\"M\u00eame si j&rsquo;ai ador\u00e9 mon Govee Smart Heater, il est en train de revenir et le v\u00f4tre devrait aussi. Les radiateurs intelligents produits par Govee\" \/>\n<meta property=\"og:url\" content=\"https:\/\/vieassociative.be\/actualites\/govee-vient-de-rappeler-ces-radiateurs-intelligents-qui-peuvent-provoquer-des-incendies-et-des-brulures\/\" \/>\n<meta property=\"og:site_name\" content=\"Vie Associative\" \/>\n<meta property=\"article:published_time\" content=\"2024-11-09T01:26:14+00:00\" \/>\n<meta property=\"og:image\" content=\"https:\/\/vieassociative.be\/actualites\/wp-content\/uploads\/2024\/09\/header_backgroundk-01-e1726694325946.png\" \/>\n\t<meta property=\"og:image:width\" content=\"279\" \/>\n\t<meta property=\"og:image:height\" content=\"92\" \/>\n\t<meta property=\"og:image:type\" content=\"image\/png\" \/>\n<meta name=\"author\" content=\"Julien\" \/>\n<meta name=\"twitter:card\" content=\"summary_large_image\" \/>\n<meta name=\"twitter:label1\" content=\"\u00c9crit par\" \/>\n\t<meta name=\"twitter:data1\" content=\"Julien\" \/>\n\t<meta name=\"twitter:label2\" content=\"Dur\u00e9e de lecture est.\" \/>\n\t<meta name=\"twitter:data2\" content=\"2 minutes\" \/>\n<script type=\"application\/ld+json\" class=\"yoast-schema-graph\">{\"@context\":\"https:\/\/schema.org\",\"@graph\":[{\"@type\":\"Article\",\"@id\":\"https:\/\/vieassociative.be\/actualites\/govee-vient-de-rappeler-ces-radiateurs-intelligents-qui-peuvent-provoquer-des-incendies-et-des-brulures\/#article\",\"isPartOf\":{\"@id\":\"https:\/\/vieassociative.be\/actualites\/govee-vient-de-rappeler-ces-radiateurs-intelligents-qui-peuvent-provoquer-des-incendies-et-des-brulures\/\"},\"author\":{\"name\":\"Julien\",\"@id\":\"https:\/\/vieassociative.be\/actualites\/#\/schema\/person\/b87ac4f82f9d4e7b7cec7395b679edc4\"},\"headline\":\"Govee vient de rappeler ces radiateurs intelligents qui peuvent provoquer des incendies et des br\u00fblures\",\"datePublished\":\"2024-11-09T01:26:14+00:00\",\"dateModified\":\"2024-11-09T01:26:14+00:00\",\"mainEntityOfPage\":{\"@id\":\"https:\/\/vieassociative.be\/actualites\/govee-vient-de-rappeler-ces-radiateurs-intelligents-qui-peuvent-provoquer-des-incendies-et-des-brulures\/\"},\"wordCount\":359,\"publisher\":{\"@id\":\"https:\/\/vieassociative.be\/actualites\/#organization\"},\"image\":{\"@id\":\"https:\/\/vieassociative.be\/actualites\/govee-vient-de-rappeler-ces-radiateurs-intelligents-qui-peuvent-provoquer-des-incendies-et-des-brulures\/#primaryimage\"},\"thumbnailUrl\":\"https:\/\/vieassociative.be\/actualites\/wp-content\/uploads\/2024\/11\/Govee-vient-de-rappeler-ces-radiateurs-intelligents-qui-peuvent-provoquer.jpg\",\"keywords\":[\"br\u00fblures\",\"ces\",\"Des\",\"Govee\",\"incendies\",\"intelligents\",\"peuvent\",\"provoquer\",\"qui\",\"radiateurs\",\"rappeler\",\"vient\"],\"articleSection\":[\"Technologie\"],\"inLanguage\":\"fr-BE\"},{\"@type\":\"WebPage\",\"@id\":\"https:\/\/vieassociative.be\/actualites\/govee-vient-de-rappeler-ces-radiateurs-intelligents-qui-peuvent-provoquer-des-incendies-et-des-brulures\/\",\"url\":\"https:\/\/vieassociative.be\/actualites\/govee-vient-de-rappeler-ces-radiateurs-intelligents-qui-peuvent-provoquer-des-incendies-et-des-brulures\/\",\"name\":\"Govee vient de rappeler ces radiateurs intelligents qui peuvent provoquer des incendies et des br\u00fblures | Vie Associative\",\"isPartOf\":{\"@id\":\"https:\/\/vieassociative.be\/actualites\/#website\"},\"primaryImageOfPage\":{\"@id\":\"https:\/\/vieassociative.be\/actualites\/govee-vient-de-rappeler-ces-radiateurs-intelligents-qui-peuvent-provoquer-des-incendies-et-des-brulures\/#primaryimage\"},\"image\":{\"@id\":\"https:\/\/vieassociative.be\/actualites\/govee-vient-de-rappeler-ces-radiateurs-intelligents-qui-peuvent-provoquer-des-incendies-et-des-brulures\/#primaryimage\"},\"thumbnailUrl\":\"https:\/\/vieassociative.be\/actualites\/wp-content\/uploads\/2024\/11\/Govee-vient-de-rappeler-ces-radiateurs-intelligents-qui-peuvent-provoquer.jpg\",\"datePublished\":\"2024-11-09T01:26:14+00:00\",\"dateModified\":\"2024-11-09T01:26:14+00:00\",\"breadcrumb\":{\"@id\":\"https:\/\/vieassociative.be\/actualites\/govee-vient-de-rappeler-ces-radiateurs-intelligents-qui-peuvent-provoquer-des-incendies-et-des-brulures\/#breadcrumb\"},\"inLanguage\":\"fr-BE\",\"potentialAction\":[{\"@type\":\"ReadAction\",\"target\":[\"https:\/\/vieassociative.be\/actualites\/govee-vient-de-rappeler-ces-radiateurs-intelligents-qui-peuvent-provoquer-des-incendies-et-des-brulures\/\"]}]},{\"@type\":\"ImageObject\",\"inLanguage\":\"fr-BE\",\"@id\":\"https:\/\/vieassociative.be\/actualites\/govee-vient-de-rappeler-ces-radiateurs-intelligents-qui-peuvent-provoquer-des-incendies-et-des-brulures\/#primaryimage\",\"url\":\"https:\/\/vieassociative.be\/actualites\/wp-content\/uploads\/2024\/11\/Govee-vient-de-rappeler-ces-radiateurs-intelligents-qui-peuvent-provoquer.jpg\",\"contentUrl\":\"https:\/\/vieassociative.be\/actualites\/wp-content\/uploads\/2024\/11\/Govee-vient-de-rappeler-ces-radiateurs-intelligents-qui-peuvent-provoquer.jpg\",\"width\":1200,\"height\":675,\"caption\":\"Govee vient de rappeler ces radiateurs intelligents qui peuvent provoquer des incendies et des br\u00fblures\"},{\"@type\":\"BreadcrumbList\",\"@id\":\"https:\/\/vieassociative.be\/actualites\/govee-vient-de-rappeler-ces-radiateurs-intelligents-qui-peuvent-provoquer-des-incendies-et-des-brulures\/#breadcrumb\",\"itemListElement\":[{\"@type\":\"ListItem\",\"position\":1,\"name\":\"Accueil\",\"item\":\"https:\/\/vieassociative.be\/actualites\/\"},{\"@type\":\"ListItem\",\"position\":2,\"name\":\"Govee vient de rappeler ces radiateurs intelligents qui peuvent provoquer des incendies et des br\u00fblures\"}]},{\"@type\":\"WebSite\",\"@id\":\"https:\/\/vieassociative.be\/actualites\/#website\",\"url\":\"https:\/\/vieassociative.be\/actualites\/\",\"name\":\"Vie Associative\",\"description\":\"\",\"publisher\":{\"@id\":\"https:\/\/vieassociative.be\/actualites\/#organization\"},\"potentialAction\":[{\"@type\":\"SearchAction\",\"target\":{\"@type\":\"EntryPoint\",\"urlTemplate\":\"https:\/\/vieassociative.be\/actualites\/?s={search_term_string}\"},\"query-input\":{\"@type\":\"PropertyValueSpecification\",\"valueRequired\":true,\"valueName\":\"search_term_string\"}}],\"inLanguage\":\"fr-BE\"},{\"@type\":\"Organization\",\"@id\":\"https:\/\/vieassociative.be\/actualites\/#organization\",\"name\":\"Vie Associative\",\"url\":\"https:\/\/vieassociative.be\/actualites\/\",\"logo\":{\"@type\":\"ImageObject\",\"inLanguage\":\"fr-BE\",\"@id\":\"https:\/\/vieassociative.be\/actualites\/#\/schema\/logo\/image\/\",\"url\":\"https:\/\/vieassociative.be\/actualites\/wp-content\/uploads\/2024\/09\/cropped-vieassociative_favicon.ico.png\",\"contentUrl\":\"https:\/\/vieassociative.be\/actualites\/wp-content\/uploads\/2024\/09\/cropped-vieassociative_favicon.ico.png\",\"width\":512,\"height\":512,\"caption\":\"Vie Associative\"},\"image\":{\"@id\":\"https:\/\/vieassociative.be\/actualites\/#\/schema\/logo\/image\/\"}},{\"@type\":\"Person\",\"@id\":\"https:\/\/vieassociative.be\/actualites\/#\/schema\/person\/b87ac4f82f9d4e7b7cec7395b679edc4\",\"name\":\"Julien\",\"image\":{\"@type\":\"ImageObject\",\"inLanguage\":\"fr-BE\",\"@id\":\"https:\/\/vieassociative.be\/actualites\/#\/schema\/person\/image\/\",\"url\":\"https:\/\/vieassociative.be\/actualites\/wp-content\/uploads\/2024\/09\/vie-associative-1-150x150.jpg\",\"contentUrl\":\"https:\/\/vieassociative.be\/actualites\/wp-content\/uploads\/2024\/09\/vie-associative-1-150x150.jpg\",\"caption\":\"Julien\"},\"description\":\"Je suis Julien, r\u00e9dacteur pour Vie Associative. Passionn\u00e9 par le monde associatif depuis plus de 10 ans, j'ai \u00e0 c\u0153ur de partager des histoires inspirantes et de mettre en lumi\u00e8re les initiatives locales. Mon objectif est de sensibiliser et d'encourager l'engagement communautaire \u00e0 travers mes articles.\",\"sameAs\":[\"https:\/\/vieassociative.be\/\"]}]}<\/script>\n<!-- \/ Yoast SEO plugin. -->","yoast_head_json":{"title":"Govee vient de rappeler ces radiateurs intelligents qui peuvent provoquer des incendies et des br\u00fblures | Vie Associative","robots":{"index":"index","follow":"follow","max-snippet":"max-snippet:-1","max-image-preview":"max-image-preview:large","max-video-preview":"max-video-preview:-1"},"canonical":"https:\/\/vieassociative.be\/actualites\/govee-vient-de-rappeler-ces-radiateurs-intelligents-qui-peuvent-provoquer-des-incendies-et-des-brulures\/","og_locale":"fr_FR","og_type":"article","og_title":"Govee vient de rappeler ces radiateurs intelligents qui peuvent provoquer des incendies et des br\u00fblures | Vie Associative","og_description":"M\u00eame si j&rsquo;ai ador\u00e9 mon Govee Smart Heater, il est en train de revenir et le v\u00f4tre devrait aussi. Les radiateurs intelligents produits par Govee","og_url":"https:\/\/vieassociative.be\/actualites\/govee-vient-de-rappeler-ces-radiateurs-intelligents-qui-peuvent-provoquer-des-incendies-et-des-brulures\/","og_site_name":"Vie Associative","article_published_time":"2024-11-09T01:26:14+00:00","og_image":[{"width":279,"height":92,"url":"https:\/\/vieassociative.be\/actualites\/wp-content\/uploads\/2024\/09\/header_backgroundk-01-e1726694325946.png","type":"image\/png"}],"author":"Julien","twitter_card":"summary_large_image","twitter_misc":{"\u00c9crit par":"Julien","Dur\u00e9e de lecture est.":"2 minutes"},"schema":{"@context":"https:\/\/schema.org","@graph":[{"@type":"Article","@id":"https:\/\/vieassociative.be\/actualites\/govee-vient-de-rappeler-ces-radiateurs-intelligents-qui-peuvent-provoquer-des-incendies-et-des-brulures\/#article","isPartOf":{"@id":"https:\/\/vieassociative.be\/actualites\/govee-vient-de-rappeler-ces-radiateurs-intelligents-qui-peuvent-provoquer-des-incendies-et-des-brulures\/"},"author":{"name":"Julien","@id":"https:\/\/vieassociative.be\/actualites\/#\/schema\/person\/b87ac4f82f9d4e7b7cec7395b679edc4"},"headline":"Govee vient de rappeler ces radiateurs intelligents qui peuvent provoquer des incendies et des br\u00fblures","datePublished":"2024-11-09T01:26:14+00:00","dateModified":"2024-11-09T01:26:14+00:00","mainEntityOfPage":{"@id":"https:\/\/vieassociative.be\/actualites\/govee-vient-de-rappeler-ces-radiateurs-intelligents-qui-peuvent-provoquer-des-incendies-et-des-brulures\/"},"wordCount":359,"publisher":{"@id":"https:\/\/vieassociative.be\/actualites\/#organization"},"image":{"@id":"https:\/\/vieassociative.be\/actualites\/govee-vient-de-rappeler-ces-radiateurs-intelligents-qui-peuvent-provoquer-des-incendies-et-des-brulures\/#primaryimage"},"thumbnailUrl":"https:\/\/vieassociative.be\/actualites\/wp-content\/uploads\/2024\/11\/Govee-vient-de-rappeler-ces-radiateurs-intelligents-qui-peuvent-provoquer.jpg","keywords":["br\u00fblures","ces","Des","Govee","incendies","intelligents","peuvent","provoquer","qui","radiateurs","rappeler","vient"],"articleSection":["Technologie"],"inLanguage":"fr-BE"},{"@type":"WebPage","@id":"https:\/\/vieassociative.be\/actualites\/govee-vient-de-rappeler-ces-radiateurs-intelligents-qui-peuvent-provoquer-des-incendies-et-des-brulures\/","url":"https:\/\/vieassociative.be\/actualites\/govee-vient-de-rappeler-ces-radiateurs-intelligents-qui-peuvent-provoquer-des-incendies-et-des-brulures\/","name":"Govee vient de rappeler ces radiateurs intelligents qui peuvent provoquer des incendies et des br\u00fblures | Vie Associative","isPartOf":{"@id":"https:\/\/vieassociative.be\/actualites\/#website"},"primaryImageOfPage":{"@id":"https:\/\/vieassociative.be\/actualites\/govee-vient-de-rappeler-ces-radiateurs-intelligents-qui-peuvent-provoquer-des-incendies-et-des-brulures\/#primaryimage"},"image":{"@id":"https:\/\/vieassociative.be\/actualites\/govee-vient-de-rappeler-ces-radiateurs-intelligents-qui-peuvent-provoquer-des-incendies-et-des-brulures\/#primaryimage"},"thumbnailUrl":"https:\/\/vieassociative.be\/actualites\/wp-content\/uploads\/2024\/11\/Govee-vient-de-rappeler-ces-radiateurs-intelligents-qui-peuvent-provoquer.jpg","datePublished":"2024-11-09T01:26:14+00:00","dateModified":"2024-11-09T01:26:14+00:00","breadcrumb":{"@id":"https:\/\/vieassociative.be\/actualites\/govee-vient-de-rappeler-ces-radiateurs-intelligents-qui-peuvent-provoquer-des-incendies-et-des-brulures\/#breadcrumb"},"inLanguage":"fr-BE","potentialAction":[{"@type":"ReadAction","target":["https:\/\/vieassociative.be\/actualites\/govee-vient-de-rappeler-ces-radiateurs-intelligents-qui-peuvent-provoquer-des-incendies-et-des-brulures\/"]}]},{"@type":"ImageObject","inLanguage":"fr-BE","@id":"https:\/\/vieassociative.be\/actualites\/govee-vient-de-rappeler-ces-radiateurs-intelligents-qui-peuvent-provoquer-des-incendies-et-des-brulures\/#primaryimage","url":"https:\/\/vieassociative.be\/actualites\/wp-content\/uploads\/2024\/11\/Govee-vient-de-rappeler-ces-radiateurs-intelligents-qui-peuvent-provoquer.jpg","contentUrl":"https:\/\/vieassociative.be\/actualites\/wp-content\/uploads\/2024\/11\/Govee-vient-de-rappeler-ces-radiateurs-intelligents-qui-peuvent-provoquer.jpg","width":1200,"height":675,"caption":"Govee vient de rappeler ces radiateurs intelligents qui peuvent provoquer des incendies et des br\u00fblures"},{"@type":"BreadcrumbList","@id":"https:\/\/vieassociative.be\/actualites\/govee-vient-de-rappeler-ces-radiateurs-intelligents-qui-peuvent-provoquer-des-incendies-et-des-brulures\/#breadcrumb","itemListElement":[{"@type":"ListItem","position":1,"name":"Accueil","item":"https:\/\/vieassociative.be\/actualites\/"},{"@type":"ListItem","position":2,"name":"Govee vient de rappeler ces radiateurs intelligents qui peuvent provoquer des incendies et des br\u00fblures"}]},{"@type":"WebSite","@id":"https:\/\/vieassociative.be\/actualites\/#website","url":"https:\/\/vieassociative.be\/actualites\/","name":"Vie Associative","description":"","publisher":{"@id":"https:\/\/vieassociative.be\/actualites\/#organization"},"potentialAction":[{"@type":"SearchAction","target":{"@type":"EntryPoint","urlTemplate":"https:\/\/vieassociative.be\/actualites\/?s={search_term_string}"},"query-input":{"@type":"PropertyValueSpecification","valueRequired":true,"valueName":"search_term_string"}}],"inLanguage":"fr-BE"},{"@type":"Organization","@id":"https:\/\/vieassociative.be\/actualites\/#organization","name":"Vie Associative","url":"https:\/\/vieassociative.be\/actualites\/","logo":{"@type":"ImageObject","inLanguage":"fr-BE","@id":"https:\/\/vieassociative.be\/actualites\/#\/schema\/logo\/image\/","url":"https:\/\/vieassociative.be\/actualites\/wp-content\/uploads\/2024\/09\/cropped-vieassociative_favicon.ico.png","contentUrl":"https:\/\/vieassociative.be\/actualites\/wp-content\/uploads\/2024\/09\/cropped-vieassociative_favicon.ico.png","width":512,"height":512,"caption":"Vie Associative"},"image":{"@id":"https:\/\/vieassociative.be\/actualites\/#\/schema\/logo\/image\/"}},{"@type":"Person","@id":"https:\/\/vieassociative.be\/actualites\/#\/schema\/person\/b87ac4f82f9d4e7b7cec7395b679edc4","name":"Julien","image":{"@type":"ImageObject","inLanguage":"fr-BE","@id":"https:\/\/vieassociative.be\/actualites\/#\/schema\/person\/image\/","url":"https:\/\/vieassociative.be\/actualites\/wp-content\/uploads\/2024\/09\/vie-associative-1-150x150.jpg","contentUrl":"https:\/\/vieassociative.be\/actualites\/wp-content\/uploads\/2024\/09\/vie-associative-1-150x150.jpg","caption":"Julien"},"description":"Je suis Julien, r\u00e9dacteur pour Vie Associative. Passionn\u00e9 par le monde associatif depuis plus de 10 ans, j'ai \u00e0 c\u0153ur de partager des histoires inspirantes et de mettre en lumi\u00e8re les initiatives locales. Mon objectif est de sensibiliser et d'encourager l'engagement communautaire \u00e0 travers mes articles.","sameAs":["https:\/\/vieassociative.be\/"]}]}},"_links":{"self":[{"href":"https:\/\/vieassociative.be\/actualites\/wp-json\/wp\/v2\/posts\/2199"}],"collection":[{"href":"https:\/\/vieassociative.be\/actualites\/wp-json\/wp\/v2\/posts"}],"about":[{"href":"https:\/\/vieassociative.be\/actualites\/wp-json\/wp\/v2\/types\/post"}],"author":[{"embeddable":true,"href":"https:\/\/vieassociative.be\/actualites\/wp-json\/wp\/v2\/users\/1"}],"replies":[{"embeddable":true,"href":"https:\/\/vieassociative.be\/actualites\/wp-json\/wp\/v2\/comments?post=2199"}],"version-history":[{"count":0,"href":"https:\/\/vieassociative.be\/actualites\/wp-json\/wp\/v2\/posts\/2199\/revisions"}],"wp:featuredmedia":[{"embeddable":true,"href":"https:\/\/vieassociative.be\/actualites\/wp-json\/wp\/v2\/media\/2200"}],"wp:attachment":[{"href":"https:\/\/vieassociative.be\/actualites\/wp-json\/wp\/v2\/media?parent=2199"}],"wp:term":[{"taxonomy":"category","embeddable":true,"href":"https:\/\/vieassociative.be\/actualites\/wp-json\/wp\/v2\/categories?post=2199"},{"taxonomy":"post_tag","embeddable":true,"href":"https:\/\/vieassociative.be\/actualites\/wp-json\/wp\/v2\/tags?post=2199"}],"curies":[{"name":"wp","href":"https:\/\/api.w.org\/{rel}","templated":true}]}}