{"id":2161,"date":"2024-11-08T03:18:02","date_gmt":"2024-11-08T02:18:02","guid":{"rendered":"https:\/\/vieassociative.be\/actualites\/les-choses-vont-elles-devenir-inconfortables-pour-leurope-apres-la-victoire-electorale-de-trump\/"},"modified":"2024-11-08T03:18:02","modified_gmt":"2024-11-08T02:18:02","slug":"les-choses-vont-elles-devenir-inconfortables-pour-leurope-apres-la-victoire-electorale-de-trump","status":"publish","type":"post","link":"https:\/\/vieassociative.be\/actualites\/les-choses-vont-elles-devenir-inconfortables-pour-leurope-apres-la-victoire-electorale-de-trump\/","title":{"rendered":"Les choses vont-elles devenir inconfortables pour l\u2019Europe apr\u00e8s la victoire \u00e9lectorale de Trump ?"},"content":{"rendered":"<p><strong>La plupart des chefs d\u2019\u00c9tat et de gouvernement europ\u00e9ens esp\u00e9raient une victoire de Kamala Harris aux \u00e9lections am\u00e9ricaines. L\u2019UE devient-elle vraiment mal \u00e0 l\u2019aise ?<\/strong><\/p>\n<p><span id=\"more-401229\"><\/span>Les premi\u00e8res f\u00e9licitations europ\u00e9ennes au futur pr\u00e9sident am\u00e9ricain Donald Trump ne se sont pas fait attendre et ont \u00e9t\u00e9 \u00e9tonnamment amicales. Le pr\u00e9sident fran\u00e7ais Emmanuel Macron \u00e9tait en premi\u00e8re ligne. \u00ab Je suis pr\u00eat \u00e0 travailler ensemble comme nous le faisons depuis quatre ans. Avec vos convictions et avec les miennes. Avec respect et ambition. Pour plus de paix et de prosp\u00e9rit\u00e9 \u00bb, a-t-il \u00e9crit \u00e0 Trump sur X.<\/p>\n<p>Un peu plus tard, le chancelier allemand Olaf Scholz a suivi avec ses f\u00e9licitations, d&rsquo;abord sur X puis devant les cam\u00e9ras de la Chancellerie. Il a propos\u00e9 \u00e0 Trump de poursuivre le partenariat fiable entre l\u2019Allemagne et les \u00c9tats-Unis : \u00ab Ensemble, nous pouvons r\u00e9aliser bien plus que l\u2019un contre l\u2019autre. \u00bb<\/p>\n<div id=\"attachment_223293\" class=\"wp-caption alignleft\" style=\"max-width: 300px\"><img fetchpriority=\"high\" decoding=\"async\" class=\"wp-image-223293 size-medium\" src=\"https:\/\/vieassociative.be\/actualites\/wp-content\/uploads\/2024\/11\/Les-choses-vont-elles-devenir-inconfortables-pour-lEurope-apres-la-victoire.jpeg\" alt=\"\" width=\"300\" height=\"200\"  ><\/p>\n<p class=\"wp-caption-text\">25\/08\/2019, France, Biarritz : Emmanuel Macron (r), Pr\u00e9sident de la France, regarde son \u00e9pouse Brigitte alors qu&rsquo;elle embrasse Donald Trump, Pr\u00e9sident des \u00c9tats-Unis, lors d&rsquo;une photo de famille dans le cadre du sommet du G7. Photo : Fran\u00e7ois Mori\/AP\/dpa<\/p>\n<\/div>\n<p>Mais ce n\u2019est qu\u2019un c\u00f4t\u00e9 de la m\u00e9daille. L\u2019Europe sait tr\u00e8s bien \u00e0 quel point Trump peut changer radicalement les relations transatlantiques. Pendant longtemps, beaucoup de gens n&rsquo;ont pas voulu y croire et esp\u00e9raient que la d\u00e9mocrate Kamala Harris succ\u00e9derait au pr\u00e9sident am\u00e9ricain Joe Biden.<\/p>\n<p>Ils sont d\u00e9sormais oblig\u00e9s de se pr\u00e9parer \u00e0 la deuxi\u00e8me \u00e8re Trump, avec toutes ses incertitudes. Personne ne peut vraiment estimer \u00e0 quel point les choses vont se passer avec le retour \u00e0 la Maison Blanche.<\/p>\n<p><strong>\u2013 Trump menace-t-il de retirer les \u00c9tats-Unis de l\u2019OTAN ?<\/strong><\/p>\n<p>Il n\u2019y a aucune preuve concr\u00e8te de cela. Au cours de la campagne \u00e9lectorale, Trump a une fois de plus d\u00e9nonc\u00e9 le fait que certains alli\u00e9s europ\u00e9ens n&rsquo;avaient pas atteint les objectifs de l&rsquo;alliance en mati\u00e8re de d\u00e9penses de d\u00e9fense et a \u00e9mis des doutes quant \u00e0 l&rsquo;engagement total des \u00c9tats-Unis, sous sa direction, \u00e0 fournir une aide. Cependant, il n\u2019a pas r\u00e9it\u00e9r\u00e9 ses pr\u00e9c\u00e9dentes menaces de d\u00e9part.<\/p>\n<p>Dans ce contexte, l\u2019OTAN souligne que de nombreux alli\u00e9s europ\u00e9ens ont consid\u00e9rablement augment\u00e9 leurs d\u00e9penses de d\u00e9fense ces derni\u00e8res ann\u00e9es.<\/p>\n<p>Apr\u00e8s la victoire \u00e9lectorale de Trump, le secr\u00e9taire g\u00e9n\u00e9ral de l&rsquo;OTAN, Mark Rutte, a d\u00e9clar\u00e9 : \u00ab Gr\u00e2ce \u00e0 l&rsquo;OTAN, les \u00c9tats-Unis comptent 31 amis et alli\u00e9s qui contribuent \u00e0 promouvoir les int\u00e9r\u00eats am\u00e9ricains, \u00e0 multiplier la puissance am\u00e9ricaine et \u00e0 assurer la s\u00e9curit\u00e9 des Am\u00e9ricains. Les alli\u00e9s disposent de la moiti\u00e9 des ressources \u00e9conomiques et militaires mondiales. \u00bb force. La coop\u00e9ration au sein de l\u2019OTAN contribue \u00e0 dissuader les agressions, \u00e0 prot\u00e9ger la s\u00e9curit\u00e9 collective et \u00e0 soutenir l\u2019\u00e9conomie.<\/p>\n<div id=\"attachment_401236\" class=\"wp-caption alignleft\" style=\"max-width: 300px\"><img decoding=\"async\" class=\"wp-image-401236 size-medium\" src=\"https:\/\/vieassociative.be\/actualites\/wp-content\/uploads\/2024\/11\/Les-choses-vont-elles-devenir-inconfortables-pour-lEurope-apres-la-victoire.jpg\" alt=\"\" width=\"300\" height=\"200\"><\/p>\n<p class=\"wp-caption-text\">27 septembre 2024, \u00c9tats-Unis, New York : le candidat r\u00e9publicain \u00e0 la pr\u00e9sidence et ancien pr\u00e9sident Donald Trump (r) rencontre Volodymyr Zelenskyj, pr\u00e9sident de l&rsquo;Ukraine, dans la Trump Tower. Photo : Julia Demaree Nikhinson\/AP\/dpa<\/p>\n<\/div>\n<p><strong>\u2013 Et si vous souteniez l\u2019Ukraine ?<\/strong><\/p>\n<p>C\u2019est la question la plus pertinente, notamment du point de vue des pays membres de l\u2019OTAN d\u2019Europe centrale et orientale. Au cours de la campagne \u00e9lectorale, Trump a affirm\u00e9 \u00e0 plusieurs reprises qu\u2019il pourrait mettre fin \u00e0 la guerre d\u2019agression russe en 24 heures. On craint \u00e0 Bruxelles qu\u2019il puisse forcer l\u2019Ukraine \u00e0 engager des n\u00e9gociations avec la Russie en mettant fin \u00e0 son aide militaire. Le chef du Kremlin, Vladimir Poutine, pourrait alors se voir proposer une d\u00e9rogation \u00e0 une nouvelle expansion de l&rsquo;OTAN \u00e0 l&rsquo;est. Du point de vue de la plupart des pays europ\u00e9ens, une telle approche constituerait une violation scandaleuse et extr\u00eamement dangereuse d\u2019un tabou. Poutine pourrait alors consid\u00e9rer sa guerre comme un succ\u00e8s et se laisser tenter par une nouvelle agression.<\/p>\n<p>Si les \u00c9tats-Unis renon\u00e7aient \u00e0 leur aide \u00e0 l\u2019Ukraine, l\u2019Allemagne jouerait un r\u00f4le cl\u00e9 en tant que deuxi\u00e8me fournisseur d\u2019armes. Le gouvernement f\u00e9d\u00e9ral ne serait toutefois pas en mesure de combler ce vide, m\u00eame s&rsquo;il identifiait une urgence budg\u00e9taire et suspendait \u00e0 nouveau le frein \u00e0 l&rsquo;endettement.<\/p>\n<p><strong>\u2013 Quel impact les \u00e9lections ont-elles sur les relations \u00e9conomiques ?<\/strong><\/p>\n<p>Pendant la campagne \u00e9lectorale, Trump a annonc\u00e9 vouloir introduire de nouveaux droits de douane de 10 \u00e0 20 pour cent sur les importations aux \u00c9tats-Unis \u2013 et m\u00eame de 60 pour cent pour les produits en provenance de Chine. Ce faisant, il souhaite renforcer les \u00c9tats-Unis en tant que site de production et r\u00e9duire le d\u00e9ficit commercial actuel. C&rsquo;est une \u00e9pine dans le pied de Trump que les entreprises europ\u00e9ennes vendent beaucoup plus de marchandises aux \u00c9tats-Unis que les entreprises am\u00e9ricaines dans l&rsquo;UE. Pour les entreprises de l\u2019UE, les \u00c9tats-Unis \u00e9taient le principal march\u00e9 d\u2019exportation de marchandises en 2023<\/p>\n<p><strong>\u2013 Comment l\u2019UE pourrait-elle r\u00e9agir ?<\/strong><\/p>\n<p>A Bruxelles, les commentaires de Trump sur les tarifs douaniers sont pris tr\u00e8s au s\u00e9rieux. En cas de victoire \u00e9lectorale, des pr\u00e9paratifs ont d\u00e9j\u00e0 \u00e9t\u00e9 faits pour un nouveau conflit commercial majeur ces derniers mois. Si Trump devait introduire de nouveaux droits de douane, l\u2019UE r\u00e9agirait tr\u00e8s probablement en imposant des droits de douane en repr\u00e9sailles sur les importations am\u00e9ricaines. Id\u00e9alement, ces cons\u00e9quences seraient si lourdes de cons\u00e9quences pour les fabricants am\u00e9ricains qu\u2019elles forceraient Trump \u00e0 s\u2019asseoir \u00e0 la table des n\u00e9gociations, o\u00f9 une solution \u00e0 l\u2019amiable serait alors trouv\u00e9e. Bruxelles est tr\u00e8s pr\u00e9occup\u00e9e par le fait que les droits de douane \u00e9lev\u00e9s impos\u00e9s par les \u00c9tats-Unis sur les produits en provenance de Chine pourraient conduire \u00e0 leur introduction sur le march\u00e9 europ\u00e9en et y rendre la vie difficile aux fabricants europ\u00e9ens.<\/p>\n<div id=\"attachment_381076\" class=\"wp-caption alignleft\" style=\"max-width: 300px\"><img decoding=\"async\" class=\"wp-image-381076 size-medium\" src=\"https:\/\/vieassociative.be\/actualites\/wp-content\/uploads\/2024\/11\/Election-presidentielle-americaine-Kamala-Harris-meilleure-pour-lEurope-que.jpg\" alt=\"\" width=\"300\" height=\"196\"><\/p>\n<p class=\"wp-caption-text\">11 juillet 2018, Belgique, Bruxelles : Donald Trump (r), pr\u00e9sident des \u00c9tats-Unis, fait un geste apr\u00e8s avoir \u00e9t\u00e9 accueilli par Jens Stoltenberg, secr\u00e9taire g\u00e9n\u00e9ral de l&rsquo;OTAN, apr\u00e8s son arriv\u00e9e au sommet de l&rsquo;OTAN au si\u00e8ge de l&rsquo;OTAN. Photo : Pablo Martinez Monsivais\/AP\/dpa<\/p>\n<\/div>\n<p>Imm\u00e9diatement apr\u00e8s son \u00e9lection, le pr\u00e9sident du Conseil europ\u00e9en, Charles Michel, a mis en garde Trump contre le fait d\u2019enfreindre les r\u00e8gles et de faire cavalier seul. \u00ab\u00a0L&rsquo;UE poursuivra son parcours conform\u00e9ment \u00e0 son agenda strat\u00e9gique en tant que partenaire fort, uni, comp\u00e9titif et souverain, tout en d\u00e9fendant le syst\u00e8me multilat\u00e9ral fond\u00e9 sur des r\u00e8gles\u00a0\u00bb, a-t-il \u00e9crit en f\u00e9licitant le r\u00e9publicain.<\/p>\n<p><strong>\u2013 Quelles industries le conflit commercial pourrait-il affecter ?<\/strong><\/p>\n<p>La situation pourrait \u00eatre particuli\u00e8rement difficile pour l\u2019industrie automobile allemande et ses fournisseurs. Pour des constructeurs tels que Volkswagen, BMW et Mercedes-Benz, les \u00c9tats-Unis constituent, avec la Chine, le march\u00e9 de vente le plus important en dehors de l&rsquo;UE. Les tarifs sp\u00e9ciaux auraient probablement des effets n\u00e9gatifs importants. Le conflit sur les tarifs sp\u00e9ciaux sur les importations d\u2019acier et d\u2019aluminium introduits par Trump lors de son premier mandat pourrait \u00e9galement s\u2019intensifier \u00e0 nouveau. Cette situation pourrait \u00eatre d\u00e9samorc\u00e9e par un accord avec l\u2019actuel pr\u00e9sident Biden \u2013 mais son mandat se termine en mars de l\u2019ann\u00e9e prochaine.<\/p>\n<p><strong>\u2013 Qui compte d\u00e9sormais dans l\u2019UE ?<\/strong><\/p>\n<p>En fait, il s\u2019agit des deux plus grandes \u00e9conomies de l\u2019UE, \u00e0 savoir Scholz et le pr\u00e9sident fran\u00e7ais Emmanuel Macron. Les deux hommes se sont entretenus au t\u00e9l\u00e9phone le matin apr\u00e8s les \u00e9lections pour discuter des cons\u00e9quences des r\u00e9sultats des \u00e9lections. \u00ab\u00a0Il a \u00e9t\u00e9 convenu de se coordonner \u00e9troitement \u00e0 ce sujet\u00a0\u00bb, a d\u00e9clar\u00e9 ensuite la partie allemande. Toutefois, au cours des trois derni\u00e8res ann\u00e9es, les deux pays n\u2019ont pas r\u00e9ussi \u00e0 trouver une ligne politique europ\u00e9enne commune.<\/p>\n<p>Les efforts de Macron en faveur d\u2019une plus grande souverainet\u00e9 europ\u00e9enne n\u2019avaient d\u00e9j\u00e0 suscit\u00e9 que peu d\u2019int\u00e9r\u00eat de la part de l\u2019ancienne chanceli\u00e8re Angela Merkel. Jusqu&rsquo;\u00e0 pr\u00e9sent, cela n&rsquo;a pas \u00e9t\u00e9 diff\u00e9rent avec Scholz. Mais cela pourrait peut-\u00eatre changer maintenant. \u00ab L\u2019Union europ\u00e9enne doit \u00eatre soud\u00e9e et agir comme une seule personne \u00bb, a d\u00e9clar\u00e9 Scholz dans sa premi\u00e8re r\u00e9action \u00e0 l\u2019\u00e9lection de Trump. C&rsquo;est ce \u00e0 quoi il souhaite \u0153uvrer en tant que chancelier. Le premier test d\u00e9cisif aura lieu dans les deux prochains jours, lorsque les chefs d&rsquo;\u00c9tat et de gouvernement de l&rsquo;UE se r\u00e9uniront \u00e0 Budapest. (dpa)<\/p>\n","protected":false},"excerpt":{"rendered":"<p>La plupart des chefs d\u2019\u00c9tat et de gouvernement europ\u00e9ens esp\u00e9raient une victoire de Kamala Harris aux \u00e9lections am\u00e9ricaines. L\u2019UE devient-elle vraiment mal \u00e0 l\u2019aise ?<\/p>\n","protected":false},"author":1,"featured_media":2162,"comment_status":"","ping_status":"","sticky":false,"template":"","format":"standard","meta":{"footnotes":""},"categories":[298],"tags":[472,93,963,2842,2905,14,2785,81,2425,784,2904],"class_list":["post-2161","post","type-post","status-publish","format-standard","has-post-thumbnail","hentry","category-belgique","tag-apres","tag-choses","tag-devenir","tag-electorale","tag-inconfortables","tag-les","tag-leurope","tag-pour","tag-trump","tag-victoire","tag-vontelles","generate-columns","tablet-grid-50","mobile-grid-100","grid-parent","grid-33"],"yoast_head":"<!-- This site is optimized with the Yoast SEO plugin v24.0 - https:\/\/yoast.com\/wordpress\/plugins\/seo\/ -->\n<title>Les choses vont-elles devenir inconfortables pour l\u2019Europe apr\u00e8s la victoire \u00e9lectorale de Trump ? | Vie Associative<\/title>\n<meta name=\"robots\" content=\"index, follow, max-snippet:-1, max-image-preview:large, max-video-preview:-1\" \/>\n<link rel=\"canonical\" href=\"https:\/\/vieassociative.be\/actualites\/les-choses-vont-elles-devenir-inconfortables-pour-leurope-apres-la-victoire-electorale-de-trump\/\" \/>\n<meta property=\"og:locale\" content=\"fr_FR\" \/>\n<meta property=\"og:type\" content=\"article\" \/>\n<meta property=\"og:title\" content=\"Les choses vont-elles devenir inconfortables pour l\u2019Europe apr\u00e8s la victoire \u00e9lectorale de Trump ? | Vie Associative\" \/>\n<meta property=\"og:description\" content=\"La plupart des chefs d\u2019\u00c9tat et de gouvernement europ\u00e9ens esp\u00e9raient une victoire de Kamala Harris aux \u00e9lections am\u00e9ricaines. L\u2019UE devient-elle vraiment mal \u00e0 l\u2019aise ?\" \/>\n<meta property=\"og:url\" content=\"https:\/\/vieassociative.be\/actualites\/les-choses-vont-elles-devenir-inconfortables-pour-leurope-apres-la-victoire-electorale-de-trump\/\" \/>\n<meta property=\"og:site_name\" content=\"Vie Associative\" \/>\n<meta property=\"article:published_time\" content=\"2024-11-08T02:18:02+00:00\" \/>\n<meta property=\"og:image\" content=\"https:\/\/vieassociative.be\/actualites\/wp-content\/uploads\/2024\/11\/Les-choses-vont-elles-devenir-inconfortables-pour-lEurope-apres-la-victoire.jpeg\" \/>\n<meta name=\"author\" content=\"Julien\" \/>\n<meta name=\"twitter:card\" content=\"summary_large_image\" \/>\n<meta name=\"twitter:label1\" content=\"\u00c9crit par\" \/>\n\t<meta name=\"twitter:data1\" content=\"Julien\" \/>\n\t<meta name=\"twitter:label2\" content=\"Dur\u00e9e de lecture est.\" \/>\n\t<meta name=\"twitter:data2\" content=\"7 minutes\" \/>\n<script type=\"application\/ld+json\" class=\"yoast-schema-graph\">{\"@context\":\"https:\/\/schema.org\",\"@graph\":[{\"@type\":\"Article\",\"@id\":\"https:\/\/vieassociative.be\/actualites\/les-choses-vont-elles-devenir-inconfortables-pour-leurope-apres-la-victoire-electorale-de-trump\/#article\",\"isPartOf\":{\"@id\":\"https:\/\/vieassociative.be\/actualites\/les-choses-vont-elles-devenir-inconfortables-pour-leurope-apres-la-victoire-electorale-de-trump\/\"},\"author\":{\"name\":\"Julien\",\"@id\":\"https:\/\/vieassociative.be\/actualites\/#\/schema\/person\/b87ac4f82f9d4e7b7cec7395b679edc4\"},\"headline\":\"Les choses vont-elles devenir inconfortables pour l\u2019Europe apr\u00e8s la victoire \u00e9lectorale de Trump ?\",\"datePublished\":\"2024-11-08T02:18:02+00:00\",\"dateModified\":\"2024-11-08T02:18:02+00:00\",\"mainEntityOfPage\":{\"@id\":\"https:\/\/vieassociative.be\/actualites\/les-choses-vont-elles-devenir-inconfortables-pour-leurope-apres-la-victoire-electorale-de-trump\/\"},\"wordCount\":1481,\"publisher\":{\"@id\":\"https:\/\/vieassociative.be\/actualites\/#organization\"},\"image\":{\"@id\":\"https:\/\/vieassociative.be\/actualites\/les-choses-vont-elles-devenir-inconfortables-pour-leurope-apres-la-victoire-electorale-de-trump\/#primaryimage\"},\"thumbnailUrl\":\"https:\/\/vieassociative.be\/actualites\/wp-content\/uploads\/2024\/11\/1731032282_Les-choses-vont-elles-devenir-inconfortables-pour-lEurope-apres-la-victoire.jpeg\",\"keywords\":[\"Apr\u00e8s\",\"choses\",\"devenir\",\"\u00e9lectorale\",\"inconfortables\",\"Les\",\"lEurope\",\"pour\",\"Trump\",\"victoire\",\"vontelles\"],\"articleSection\":[\"Belgique\"],\"inLanguage\":\"fr-BE\"},{\"@type\":\"WebPage\",\"@id\":\"https:\/\/vieassociative.be\/actualites\/les-choses-vont-elles-devenir-inconfortables-pour-leurope-apres-la-victoire-electorale-de-trump\/\",\"url\":\"https:\/\/vieassociative.be\/actualites\/les-choses-vont-elles-devenir-inconfortables-pour-leurope-apres-la-victoire-electorale-de-trump\/\",\"name\":\"Les choses vont-elles devenir inconfortables pour l\u2019Europe apr\u00e8s la victoire \u00e9lectorale de Trump ? | Vie Associative\",\"isPartOf\":{\"@id\":\"https:\/\/vieassociative.be\/actualites\/#website\"},\"primaryImageOfPage\":{\"@id\":\"https:\/\/vieassociative.be\/actualites\/les-choses-vont-elles-devenir-inconfortables-pour-leurope-apres-la-victoire-electorale-de-trump\/#primaryimage\"},\"image\":{\"@id\":\"https:\/\/vieassociative.be\/actualites\/les-choses-vont-elles-devenir-inconfortables-pour-leurope-apres-la-victoire-electorale-de-trump\/#primaryimage\"},\"thumbnailUrl\":\"https:\/\/vieassociative.be\/actualites\/wp-content\/uploads\/2024\/11\/1731032282_Les-choses-vont-elles-devenir-inconfortables-pour-lEurope-apres-la-victoire.jpeg\",\"datePublished\":\"2024-11-08T02:18:02+00:00\",\"dateModified\":\"2024-11-08T02:18:02+00:00\",\"breadcrumb\":{\"@id\":\"https:\/\/vieassociative.be\/actualites\/les-choses-vont-elles-devenir-inconfortables-pour-leurope-apres-la-victoire-electorale-de-trump\/#breadcrumb\"},\"inLanguage\":\"fr-BE\",\"potentialAction\":[{\"@type\":\"ReadAction\",\"target\":[\"https:\/\/vieassociative.be\/actualites\/les-choses-vont-elles-devenir-inconfortables-pour-leurope-apres-la-victoire-electorale-de-trump\/\"]}]},{\"@type\":\"ImageObject\",\"inLanguage\":\"fr-BE\",\"@id\":\"https:\/\/vieassociative.be\/actualites\/les-choses-vont-elles-devenir-inconfortables-pour-leurope-apres-la-victoire-electorale-de-trump\/#primaryimage\",\"url\":\"https:\/\/vieassociative.be\/actualites\/wp-content\/uploads\/2024\/11\/1731032282_Les-choses-vont-elles-devenir-inconfortables-pour-lEurope-apres-la-victoire.jpeg\",\"contentUrl\":\"https:\/\/vieassociative.be\/actualites\/wp-content\/uploads\/2024\/11\/1731032282_Les-choses-vont-elles-devenir-inconfortables-pour-lEurope-apres-la-victoire.jpeg\",\"width\":1200,\"height\":907,\"caption\":\"Les choses vont-elles devenir inconfortables pour l\u2019Europe apr\u00e8s la victoire \u00e9lectorale de Trump ?\"},{\"@type\":\"BreadcrumbList\",\"@id\":\"https:\/\/vieassociative.be\/actualites\/les-choses-vont-elles-devenir-inconfortables-pour-leurope-apres-la-victoire-electorale-de-trump\/#breadcrumb\",\"itemListElement\":[{\"@type\":\"ListItem\",\"position\":1,\"name\":\"Accueil\",\"item\":\"https:\/\/vieassociative.be\/actualites\/\"},{\"@type\":\"ListItem\",\"position\":2,\"name\":\"Les choses vont-elles devenir inconfortables pour l\u2019Europe apr\u00e8s la victoire \u00e9lectorale de Trump ?\"}]},{\"@type\":\"WebSite\",\"@id\":\"https:\/\/vieassociative.be\/actualites\/#website\",\"url\":\"https:\/\/vieassociative.be\/actualites\/\",\"name\":\"Vie Associative\",\"description\":\"\",\"publisher\":{\"@id\":\"https:\/\/vieassociative.be\/actualites\/#organization\"},\"potentialAction\":[{\"@type\":\"SearchAction\",\"target\":{\"@type\":\"EntryPoint\",\"urlTemplate\":\"https:\/\/vieassociative.be\/actualites\/?s={search_term_string}\"},\"query-input\":{\"@type\":\"PropertyValueSpecification\",\"valueRequired\":true,\"valueName\":\"search_term_string\"}}],\"inLanguage\":\"fr-BE\"},{\"@type\":\"Organization\",\"@id\":\"https:\/\/vieassociative.be\/actualites\/#organization\",\"name\":\"Vie Associative\",\"url\":\"https:\/\/vieassociative.be\/actualites\/\",\"logo\":{\"@type\":\"ImageObject\",\"inLanguage\":\"fr-BE\",\"@id\":\"https:\/\/vieassociative.be\/actualites\/#\/schema\/logo\/image\/\",\"url\":\"https:\/\/vieassociative.be\/actualites\/wp-content\/uploads\/2024\/09\/cropped-vieassociative_favicon.ico.png\",\"contentUrl\":\"https:\/\/vieassociative.be\/actualites\/wp-content\/uploads\/2024\/09\/cropped-vieassociative_favicon.ico.png\",\"width\":512,\"height\":512,\"caption\":\"Vie Associative\"},\"image\":{\"@id\":\"https:\/\/vieassociative.be\/actualites\/#\/schema\/logo\/image\/\"}},{\"@type\":\"Person\",\"@id\":\"https:\/\/vieassociative.be\/actualites\/#\/schema\/person\/b87ac4f82f9d4e7b7cec7395b679edc4\",\"name\":\"Julien\",\"image\":{\"@type\":\"ImageObject\",\"inLanguage\":\"fr-BE\",\"@id\":\"https:\/\/vieassociative.be\/actualites\/#\/schema\/person\/image\/\",\"url\":\"https:\/\/vieassociative.be\/actualites\/wp-content\/uploads\/2024\/09\/vie-associative-1-150x150.jpg\",\"contentUrl\":\"https:\/\/vieassociative.be\/actualites\/wp-content\/uploads\/2024\/09\/vie-associative-1-150x150.jpg\",\"caption\":\"Julien\"},\"description\":\"Je suis Julien, r\u00e9dacteur pour Vie Associative. Passionn\u00e9 par le monde associatif depuis plus de 10 ans, j'ai \u00e0 c\u0153ur de partager des histoires inspirantes et de mettre en lumi\u00e8re les initiatives locales. Mon objectif est de sensibiliser et d'encourager l'engagement communautaire \u00e0 travers mes articles.\",\"sameAs\":[\"https:\/\/vieassociative.be\/\"]}]}<\/script>\n<!-- \/ Yoast SEO plugin. -->","yoast_head_json":{"title":"Les choses vont-elles devenir inconfortables pour l\u2019Europe apr\u00e8s la victoire \u00e9lectorale de Trump ? | Vie Associative","robots":{"index":"index","follow":"follow","max-snippet":"max-snippet:-1","max-image-preview":"max-image-preview:large","max-video-preview":"max-video-preview:-1"},"canonical":"https:\/\/vieassociative.be\/actualites\/les-choses-vont-elles-devenir-inconfortables-pour-leurope-apres-la-victoire-electorale-de-trump\/","og_locale":"fr_FR","og_type":"article","og_title":"Les choses vont-elles devenir inconfortables pour l\u2019Europe apr\u00e8s la victoire \u00e9lectorale de Trump ? | Vie Associative","og_description":"La plupart des chefs d\u2019\u00c9tat et de gouvernement europ\u00e9ens esp\u00e9raient une victoire de Kamala Harris aux \u00e9lections am\u00e9ricaines. L\u2019UE devient-elle vraiment mal \u00e0 l\u2019aise ?","og_url":"https:\/\/vieassociative.be\/actualites\/les-choses-vont-elles-devenir-inconfortables-pour-leurope-apres-la-victoire-electorale-de-trump\/","og_site_name":"Vie Associative","article_published_time":"2024-11-08T02:18:02+00:00","og_image":[{"url":"https:\/\/vieassociative.be\/actualites\/wp-content\/uploads\/2024\/11\/Les-choses-vont-elles-devenir-inconfortables-pour-lEurope-apres-la-victoire.jpeg","type":"","width":"","height":""}],"author":"Julien","twitter_card":"summary_large_image","twitter_misc":{"\u00c9crit par":"Julien","Dur\u00e9e de lecture est.":"7 minutes"},"schema":{"@context":"https:\/\/schema.org","@graph":[{"@type":"Article","@id":"https:\/\/vieassociative.be\/actualites\/les-choses-vont-elles-devenir-inconfortables-pour-leurope-apres-la-victoire-electorale-de-trump\/#article","isPartOf":{"@id":"https:\/\/vieassociative.be\/actualites\/les-choses-vont-elles-devenir-inconfortables-pour-leurope-apres-la-victoire-electorale-de-trump\/"},"author":{"name":"Julien","@id":"https:\/\/vieassociative.be\/actualites\/#\/schema\/person\/b87ac4f82f9d4e7b7cec7395b679edc4"},"headline":"Les choses vont-elles devenir inconfortables pour l\u2019Europe apr\u00e8s la victoire \u00e9lectorale de Trump ?","datePublished":"2024-11-08T02:18:02+00:00","dateModified":"2024-11-08T02:18:02+00:00","mainEntityOfPage":{"@id":"https:\/\/vieassociative.be\/actualites\/les-choses-vont-elles-devenir-inconfortables-pour-leurope-apres-la-victoire-electorale-de-trump\/"},"wordCount":1481,"publisher":{"@id":"https:\/\/vieassociative.be\/actualites\/#organization"},"image":{"@id":"https:\/\/vieassociative.be\/actualites\/les-choses-vont-elles-devenir-inconfortables-pour-leurope-apres-la-victoire-electorale-de-trump\/#primaryimage"},"thumbnailUrl":"https:\/\/vieassociative.be\/actualites\/wp-content\/uploads\/2024\/11\/1731032282_Les-choses-vont-elles-devenir-inconfortables-pour-lEurope-apres-la-victoire.jpeg","keywords":["Apr\u00e8s","choses","devenir","\u00e9lectorale","inconfortables","Les","lEurope","pour","Trump","victoire","vontelles"],"articleSection":["Belgique"],"inLanguage":"fr-BE"},{"@type":"WebPage","@id":"https:\/\/vieassociative.be\/actualites\/les-choses-vont-elles-devenir-inconfortables-pour-leurope-apres-la-victoire-electorale-de-trump\/","url":"https:\/\/vieassociative.be\/actualites\/les-choses-vont-elles-devenir-inconfortables-pour-leurope-apres-la-victoire-electorale-de-trump\/","name":"Les choses vont-elles devenir inconfortables pour l\u2019Europe apr\u00e8s la victoire \u00e9lectorale de Trump ? | Vie Associative","isPartOf":{"@id":"https:\/\/vieassociative.be\/actualites\/#website"},"primaryImageOfPage":{"@id":"https:\/\/vieassociative.be\/actualites\/les-choses-vont-elles-devenir-inconfortables-pour-leurope-apres-la-victoire-electorale-de-trump\/#primaryimage"},"image":{"@id":"https:\/\/vieassociative.be\/actualites\/les-choses-vont-elles-devenir-inconfortables-pour-leurope-apres-la-victoire-electorale-de-trump\/#primaryimage"},"thumbnailUrl":"https:\/\/vieassociative.be\/actualites\/wp-content\/uploads\/2024\/11\/1731032282_Les-choses-vont-elles-devenir-inconfortables-pour-lEurope-apres-la-victoire.jpeg","datePublished":"2024-11-08T02:18:02+00:00","dateModified":"2024-11-08T02:18:02+00:00","breadcrumb":{"@id":"https:\/\/vieassociative.be\/actualites\/les-choses-vont-elles-devenir-inconfortables-pour-leurope-apres-la-victoire-electorale-de-trump\/#breadcrumb"},"inLanguage":"fr-BE","potentialAction":[{"@type":"ReadAction","target":["https:\/\/vieassociative.be\/actualites\/les-choses-vont-elles-devenir-inconfortables-pour-leurope-apres-la-victoire-electorale-de-trump\/"]}]},{"@type":"ImageObject","inLanguage":"fr-BE","@id":"https:\/\/vieassociative.be\/actualites\/les-choses-vont-elles-devenir-inconfortables-pour-leurope-apres-la-victoire-electorale-de-trump\/#primaryimage","url":"https:\/\/vieassociative.be\/actualites\/wp-content\/uploads\/2024\/11\/1731032282_Les-choses-vont-elles-devenir-inconfortables-pour-lEurope-apres-la-victoire.jpeg","contentUrl":"https:\/\/vieassociative.be\/actualites\/wp-content\/uploads\/2024\/11\/1731032282_Les-choses-vont-elles-devenir-inconfortables-pour-lEurope-apres-la-victoire.jpeg","width":1200,"height":907,"caption":"Les choses vont-elles devenir inconfortables pour l\u2019Europe apr\u00e8s la victoire \u00e9lectorale de Trump ?"},{"@type":"BreadcrumbList","@id":"https:\/\/vieassociative.be\/actualites\/les-choses-vont-elles-devenir-inconfortables-pour-leurope-apres-la-victoire-electorale-de-trump\/#breadcrumb","itemListElement":[{"@type":"ListItem","position":1,"name":"Accueil","item":"https:\/\/vieassociative.be\/actualites\/"},{"@type":"ListItem","position":2,"name":"Les choses vont-elles devenir inconfortables pour l\u2019Europe apr\u00e8s la victoire \u00e9lectorale de Trump ?"}]},{"@type":"WebSite","@id":"https:\/\/vieassociative.be\/actualites\/#website","url":"https:\/\/vieassociative.be\/actualites\/","name":"Vie Associative","description":"","publisher":{"@id":"https:\/\/vieassociative.be\/actualites\/#organization"},"potentialAction":[{"@type":"SearchAction","target":{"@type":"EntryPoint","urlTemplate":"https:\/\/vieassociative.be\/actualites\/?s={search_term_string}"},"query-input":{"@type":"PropertyValueSpecification","valueRequired":true,"valueName":"search_term_string"}}],"inLanguage":"fr-BE"},{"@type":"Organization","@id":"https:\/\/vieassociative.be\/actualites\/#organization","name":"Vie Associative","url":"https:\/\/vieassociative.be\/actualites\/","logo":{"@type":"ImageObject","inLanguage":"fr-BE","@id":"https:\/\/vieassociative.be\/actualites\/#\/schema\/logo\/image\/","url":"https:\/\/vieassociative.be\/actualites\/wp-content\/uploads\/2024\/09\/cropped-vieassociative_favicon.ico.png","contentUrl":"https:\/\/vieassociative.be\/actualites\/wp-content\/uploads\/2024\/09\/cropped-vieassociative_favicon.ico.png","width":512,"height":512,"caption":"Vie Associative"},"image":{"@id":"https:\/\/vieassociative.be\/actualites\/#\/schema\/logo\/image\/"}},{"@type":"Person","@id":"https:\/\/vieassociative.be\/actualites\/#\/schema\/person\/b87ac4f82f9d4e7b7cec7395b679edc4","name":"Julien","image":{"@type":"ImageObject","inLanguage":"fr-BE","@id":"https:\/\/vieassociative.be\/actualites\/#\/schema\/person\/image\/","url":"https:\/\/vieassociative.be\/actualites\/wp-content\/uploads\/2024\/09\/vie-associative-1-150x150.jpg","contentUrl":"https:\/\/vieassociative.be\/actualites\/wp-content\/uploads\/2024\/09\/vie-associative-1-150x150.jpg","caption":"Julien"},"description":"Je suis Julien, r\u00e9dacteur pour Vie Associative. Passionn\u00e9 par le monde associatif depuis plus de 10 ans, j'ai \u00e0 c\u0153ur de partager des histoires inspirantes et de mettre en lumi\u00e8re les initiatives locales. Mon objectif est de sensibiliser et d'encourager l'engagement communautaire \u00e0 travers mes articles.","sameAs":["https:\/\/vieassociative.be\/"]}]}},"_links":{"self":[{"href":"https:\/\/vieassociative.be\/actualites\/wp-json\/wp\/v2\/posts\/2161"}],"collection":[{"href":"https:\/\/vieassociative.be\/actualites\/wp-json\/wp\/v2\/posts"}],"about":[{"href":"https:\/\/vieassociative.be\/actualites\/wp-json\/wp\/v2\/types\/post"}],"author":[{"embeddable":true,"href":"https:\/\/vieassociative.be\/actualites\/wp-json\/wp\/v2\/users\/1"}],"replies":[{"embeddable":true,"href":"https:\/\/vieassociative.be\/actualites\/wp-json\/wp\/v2\/comments?post=2161"}],"version-history":[{"count":0,"href":"https:\/\/vieassociative.be\/actualites\/wp-json\/wp\/v2\/posts\/2161\/revisions"}],"wp:featuredmedia":[{"embeddable":true,"href":"https:\/\/vieassociative.be\/actualites\/wp-json\/wp\/v2\/media\/2162"}],"wp:attachment":[{"href":"https:\/\/vieassociative.be\/actualites\/wp-json\/wp\/v2\/media?parent=2161"}],"wp:term":[{"taxonomy":"category","embeddable":true,"href":"https:\/\/vieassociative.be\/actualites\/wp-json\/wp\/v2\/categories?post=2161"},{"taxonomy":"post_tag","embeddable":true,"href":"https:\/\/vieassociative.be\/actualites\/wp-json\/wp\/v2\/tags?post=2161"}],"curies":[{"name":"wp","href":"https:\/\/api.w.org\/{rel}","templated":true}]}}