{"id":2159,"date":"2024-11-08T02:19:10","date_gmt":"2024-11-08T01:19:10","guid":{"rendered":"https:\/\/vieassociative.be\/actualites\/voici-comment-corriger-le-bug-provoquant-la-disparition-des-notes-de-liphone\/"},"modified":"2024-11-08T02:19:10","modified_gmt":"2024-11-08T01:19:10","slug":"voici-comment-corriger-le-bug-provoquant-la-disparition-des-notes-de-liphone","status":"publish","type":"post","link":"https:\/\/vieassociative.be\/actualites\/voici-comment-corriger-le-bug-provoquant-la-disparition-des-notes-de-liphone\/","title":{"rendered":"Voici comment corriger le bug provoquant la disparition des notes de l&rsquo;iPhone"},"content":{"rendered":"<div class=\"mt-4 leading-6 md:mb-8\">Si vous avez perdu les fichiers de l&rsquo;application Notes de votre iPhone, pas de panique<\/div>\n<p><\/p>\n<p>Halloween est peut-\u00eatre termin\u00e9, mais les frayeurs continuent \u00e0 affluer pour certains utilisateurs d&rsquo;iPhone, qui sont tomb\u00e9s sur un bug assez pr\u00e9occupant apr\u00e8s avoir accept\u00e9 les conditions g\u00e9n\u00e9rales d&rsquo;iCloud mises \u00e0 jour. Les personnes concern\u00e9es ont signal\u00e9 sur les r\u00e9seaux sociaux qu&rsquo;elles avaient perdu tous les fichiers enregistr\u00e9s dans leur application Notes et, pour une tr\u00e8s bonne raison, elles cherchaient des r\u00e9ponses.<\/p>\n<p>Si vous \u00eates comme moi, l&rsquo;application Notes fait partie int\u00e9grante de votre organisation. Cela me permet de noter rapidement des id\u00e9es, de suivre les devoirs, de num\u00e9riser des documents importants et, depuis la mise \u00e0 jour iOS 18, de conserver toutes les notes vocales dans un endroit pratique. Comme j&rsquo;utilise \u00e9galement un MacBook Air, je sais que ces fichiers m&rsquo;attendront sur mon ordinateur portable. J&rsquo;ai donc tendance \u00e0 utiliser Notes sur tous mes appareils Apple. Si mes fichiers disparaissaient soudainement, je serais dans un d\u00e9sordre d\u00e9sorganis\u00e9.<\/p>\n<p>Voici un peu de contexte\u00a0: il n&rsquo;y a eu aucun changement significatif lors de la derni\u00e8re mise \u00e0 jour des conditions g\u00e9n\u00e9rales d&rsquo;iCloud, le 16\u00a0septembre\u00a02024. Selon <em>MacRumors.com<\/em>les r\u00e9visions comprenaient le remplacement de \u00ab\u00a0identifiant Apple\u00a0\u00bb par \u00ab\u00a0compte Apple\u00a0\u00bb et l&rsquo;ajout d&rsquo;un libell\u00e9 selon lequel les utilisateurs doivent accepter de ne pas s&rsquo;engager dans des activit\u00e9s qui exploitent, nuisent ou menacent les mineurs de quelque mani\u00e8re que ce soit.<\/p>\n<p>Puis, cette semaine, les utilisateurs d&rsquo;iPhone ont \u00e9t\u00e9 inform\u00e9s qu&rsquo;ils devaient d\u00e9sormais accepter ces nouveaux termes et conditions pour continuer \u00e0 utiliser iCloud, seulement pour que certains de ceux qui l&rsquo;avaient fait voient le contenu de leur application Notes dispara\u00eetre soudainement et ressentent la panique s&rsquo;installer.<\/p>\n<p>Si vous avez vu vos fichiers dispara\u00eetre, vous avez de la chance. Il existe des \u00e9tapes pour r\u00e9soudre le probl\u00e8me, et cela ne prendra pas un long appel en col\u00e8re au support technique. <\/p>\n<ol>\n<li>\n<p>Sur votre iPhone, ouvrez votre application Param\u00e8tres.<\/p>\n<\/li>\n<li>\n<p>Appuyez sur les param\u00e8tres de votre compte Apple (la sous-section sup\u00e9rieure o\u00f9 se trouvent votre nom et votre photo de profil).<\/p>\n<\/li>\n<li>\n<p>Faites d\u00e9filer vers le bas et appuyez sur iCloud.<\/p>\n<\/li>\n<li>\n<p>Sur l&rsquo;\u00e9cran suivant, appuyez sur Notes. Ce sera sous \u00ab\u00a0Enregistr\u00e9 sur iCloud\u00a0\u00bb.<\/p>\n<\/li>\n<li>\n<p>Cliquez sur le bouton \u00e0 c\u00f4t\u00e9 de \u00ab Synchroniser cet iPhone \u00bb pour qu&rsquo;il soit vert, ce qui indique que la fonctionnalit\u00e9 est activ\u00e9e. S&rsquo;il est d\u00e9j\u00e0 vert, \u00e9teignez-le puis rallumez-le.<\/p>\n<\/li>\n<li>\n<p>Ouvrez votre application Notes et attendez quelques minutes que vos fichiers soient restaur\u00e9s depuis iCloud.<\/p>\n<\/li>\n<\/ol>\n<p>Bien qu&rsquo;il n&rsquo;y ait actuellement aucune explication sur la cause du probl\u00e8me, je suis simplement soulag\u00e9 que la solution soit si simple.<\/p>\n","protected":false},"excerpt":{"rendered":"<p>Si vous avez perdu les fichiers de l&rsquo;application Notes de votre iPhone, pas de panique Halloween est peut-\u00eatre termin\u00e9, mais les frayeurs continuent \u00e0 affluer<\/p>\n","protected":false},"author":1,"featured_media":2160,"comment_status":"","ping_status":"","sticky":false,"template":"","format":"standard","meta":{"footnotes":""},"categories":[13],"tags":[20,44,2900,29,2902,2903,145,2901,529],"class_list":["post-2159","post","type-post","status-publish","format-standard","has-post-thumbnail","hentry","category-technologie","tag-bug","tag-comment","tag-corriger","tag-des","tag-disparition","tag-liphone","tag-notes","tag-provoquant","tag-voici","generate-columns","tablet-grid-50","mobile-grid-100","grid-parent","grid-33"],"yoast_head":"<!-- This site is optimized with the Yoast SEO plugin v24.0 - https:\/\/yoast.com\/wordpress\/plugins\/seo\/ -->\n<title>Voici comment corriger le bug provoquant la disparition des notes de l&#039;iPhone | Vie Associative<\/title>\n<meta name=\"robots\" content=\"index, follow, max-snippet:-1, max-image-preview:large, max-video-preview:-1\" \/>\n<link rel=\"canonical\" href=\"https:\/\/vieassociative.be\/actualites\/voici-comment-corriger-le-bug-provoquant-la-disparition-des-notes-de-liphone\/\" \/>\n<meta property=\"og:locale\" content=\"fr_FR\" \/>\n<meta property=\"og:type\" content=\"article\" \/>\n<meta property=\"og:title\" content=\"Voici comment corriger le bug provoquant la disparition des notes de l&#039;iPhone | Vie Associative\" \/>\n<meta property=\"og:description\" content=\"Si vous avez perdu les fichiers de l&rsquo;application Notes de votre iPhone, pas de panique Halloween est peut-\u00eatre termin\u00e9, mais les frayeurs continuent \u00e0 affluer\" \/>\n<meta property=\"og:url\" content=\"https:\/\/vieassociative.be\/actualites\/voici-comment-corriger-le-bug-provoquant-la-disparition-des-notes-de-liphone\/\" \/>\n<meta property=\"og:site_name\" content=\"Vie Associative\" \/>\n<meta property=\"article:published_time\" content=\"2024-11-08T01:19:10+00:00\" \/>\n<meta property=\"og:image\" content=\"https:\/\/vieassociative.be\/actualites\/wp-content\/uploads\/2024\/09\/header_backgroundk-01-e1726694325946.png\" \/>\n\t<meta property=\"og:image:width\" content=\"279\" \/>\n\t<meta property=\"og:image:height\" content=\"92\" \/>\n\t<meta property=\"og:image:type\" content=\"image\/png\" \/>\n<meta name=\"author\" content=\"Julien\" \/>\n<meta name=\"twitter:card\" content=\"summary_large_image\" \/>\n<meta name=\"twitter:label1\" content=\"\u00c9crit par\" \/>\n\t<meta name=\"twitter:data1\" content=\"Julien\" \/>\n\t<meta name=\"twitter:label2\" content=\"Dur\u00e9e de lecture est.\" \/>\n\t<meta name=\"twitter:data2\" content=\"2 minutes\" \/>\n<script type=\"application\/ld+json\" class=\"yoast-schema-graph\">{\"@context\":\"https:\/\/schema.org\",\"@graph\":[{\"@type\":\"Article\",\"@id\":\"https:\/\/vieassociative.be\/actualites\/voici-comment-corriger-le-bug-provoquant-la-disparition-des-notes-de-liphone\/#article\",\"isPartOf\":{\"@id\":\"https:\/\/vieassociative.be\/actualites\/voici-comment-corriger-le-bug-provoquant-la-disparition-des-notes-de-liphone\/\"},\"author\":{\"name\":\"Julien\",\"@id\":\"https:\/\/vieassociative.be\/actualites\/#\/schema\/person\/b87ac4f82f9d4e7b7cec7395b679edc4\"},\"headline\":\"Voici comment corriger le bug provoquant la disparition des notes de l&rsquo;iPhone\",\"datePublished\":\"2024-11-08T01:19:10+00:00\",\"dateModified\":\"2024-11-08T01:19:10+00:00\",\"mainEntityOfPage\":{\"@id\":\"https:\/\/vieassociative.be\/actualites\/voici-comment-corriger-le-bug-provoquant-la-disparition-des-notes-de-liphone\/\"},\"wordCount\":490,\"publisher\":{\"@id\":\"https:\/\/vieassociative.be\/actualites\/#organization\"},\"image\":{\"@id\":\"https:\/\/vieassociative.be\/actualites\/voici-comment-corriger-le-bug-provoquant-la-disparition-des-notes-de-liphone\/#primaryimage\"},\"thumbnailUrl\":\"https:\/\/vieassociative.be\/actualites\/wp-content\/uploads\/2024\/11\/Voici-comment-corriger-le-bug-provoquant-la-disparition-des-notes.jpg\",\"keywords\":[\"bug\",\"Comment\",\"corriger\",\"Des\",\"disparition\",\"liPhone\",\"notes\",\"provoquant\",\"Voici\"],\"articleSection\":[\"Technologie\"],\"inLanguage\":\"fr-BE\"},{\"@type\":\"WebPage\",\"@id\":\"https:\/\/vieassociative.be\/actualites\/voici-comment-corriger-le-bug-provoquant-la-disparition-des-notes-de-liphone\/\",\"url\":\"https:\/\/vieassociative.be\/actualites\/voici-comment-corriger-le-bug-provoquant-la-disparition-des-notes-de-liphone\/\",\"name\":\"Voici comment corriger le bug provoquant la disparition des notes de l'iPhone | Vie Associative\",\"isPartOf\":{\"@id\":\"https:\/\/vieassociative.be\/actualites\/#website\"},\"primaryImageOfPage\":{\"@id\":\"https:\/\/vieassociative.be\/actualites\/voici-comment-corriger-le-bug-provoquant-la-disparition-des-notes-de-liphone\/#primaryimage\"},\"image\":{\"@id\":\"https:\/\/vieassociative.be\/actualites\/voici-comment-corriger-le-bug-provoquant-la-disparition-des-notes-de-liphone\/#primaryimage\"},\"thumbnailUrl\":\"https:\/\/vieassociative.be\/actualites\/wp-content\/uploads\/2024\/11\/Voici-comment-corriger-le-bug-provoquant-la-disparition-des-notes.jpg\",\"datePublished\":\"2024-11-08T01:19:10+00:00\",\"dateModified\":\"2024-11-08T01:19:10+00:00\",\"breadcrumb\":{\"@id\":\"https:\/\/vieassociative.be\/actualites\/voici-comment-corriger-le-bug-provoquant-la-disparition-des-notes-de-liphone\/#breadcrumb\"},\"inLanguage\":\"fr-BE\",\"potentialAction\":[{\"@type\":\"ReadAction\",\"target\":[\"https:\/\/vieassociative.be\/actualites\/voici-comment-corriger-le-bug-provoquant-la-disparition-des-notes-de-liphone\/\"]}]},{\"@type\":\"ImageObject\",\"inLanguage\":\"fr-BE\",\"@id\":\"https:\/\/vieassociative.be\/actualites\/voici-comment-corriger-le-bug-provoquant-la-disparition-des-notes-de-liphone\/#primaryimage\",\"url\":\"https:\/\/vieassociative.be\/actualites\/wp-content\/uploads\/2024\/11\/Voici-comment-corriger-le-bug-provoquant-la-disparition-des-notes.jpg\",\"contentUrl\":\"https:\/\/vieassociative.be\/actualites\/wp-content\/uploads\/2024\/11\/Voici-comment-corriger-le-bug-provoquant-la-disparition-des-notes.jpg\",\"width\":1200,\"height\":675,\"caption\":\"Voici comment corriger le bug provoquant la disparition des notes de l'iPhone\"},{\"@type\":\"BreadcrumbList\",\"@id\":\"https:\/\/vieassociative.be\/actualites\/voici-comment-corriger-le-bug-provoquant-la-disparition-des-notes-de-liphone\/#breadcrumb\",\"itemListElement\":[{\"@type\":\"ListItem\",\"position\":1,\"name\":\"Accueil\",\"item\":\"https:\/\/vieassociative.be\/actualites\/\"},{\"@type\":\"ListItem\",\"position\":2,\"name\":\"Voici comment corriger le bug provoquant la disparition des notes de l&rsquo;iPhone\"}]},{\"@type\":\"WebSite\",\"@id\":\"https:\/\/vieassociative.be\/actualites\/#website\",\"url\":\"https:\/\/vieassociative.be\/actualites\/\",\"name\":\"Vie Associative\",\"description\":\"\",\"publisher\":{\"@id\":\"https:\/\/vieassociative.be\/actualites\/#organization\"},\"potentialAction\":[{\"@type\":\"SearchAction\",\"target\":{\"@type\":\"EntryPoint\",\"urlTemplate\":\"https:\/\/vieassociative.be\/actualites\/?s={search_term_string}\"},\"query-input\":{\"@type\":\"PropertyValueSpecification\",\"valueRequired\":true,\"valueName\":\"search_term_string\"}}],\"inLanguage\":\"fr-BE\"},{\"@type\":\"Organization\",\"@id\":\"https:\/\/vieassociative.be\/actualites\/#organization\",\"name\":\"Vie Associative\",\"url\":\"https:\/\/vieassociative.be\/actualites\/\",\"logo\":{\"@type\":\"ImageObject\",\"inLanguage\":\"fr-BE\",\"@id\":\"https:\/\/vieassociative.be\/actualites\/#\/schema\/logo\/image\/\",\"url\":\"https:\/\/vieassociative.be\/actualites\/wp-content\/uploads\/2024\/09\/cropped-vieassociative_favicon.ico.png\",\"contentUrl\":\"https:\/\/vieassociative.be\/actualites\/wp-content\/uploads\/2024\/09\/cropped-vieassociative_favicon.ico.png\",\"width\":512,\"height\":512,\"caption\":\"Vie Associative\"},\"image\":{\"@id\":\"https:\/\/vieassociative.be\/actualites\/#\/schema\/logo\/image\/\"}},{\"@type\":\"Person\",\"@id\":\"https:\/\/vieassociative.be\/actualites\/#\/schema\/person\/b87ac4f82f9d4e7b7cec7395b679edc4\",\"name\":\"Julien\",\"image\":{\"@type\":\"ImageObject\",\"inLanguage\":\"fr-BE\",\"@id\":\"https:\/\/vieassociative.be\/actualites\/#\/schema\/person\/image\/\",\"url\":\"https:\/\/vieassociative.be\/actualites\/wp-content\/uploads\/2024\/09\/vie-associative-1-150x150.jpg\",\"contentUrl\":\"https:\/\/vieassociative.be\/actualites\/wp-content\/uploads\/2024\/09\/vie-associative-1-150x150.jpg\",\"caption\":\"Julien\"},\"description\":\"Je suis Julien, r\u00e9dacteur pour Vie Associative. Passionn\u00e9 par le monde associatif depuis plus de 10 ans, j'ai \u00e0 c\u0153ur de partager des histoires inspirantes et de mettre en lumi\u00e8re les initiatives locales. Mon objectif est de sensibiliser et d'encourager l'engagement communautaire \u00e0 travers mes articles.\",\"sameAs\":[\"https:\/\/vieassociative.be\/\"]}]}<\/script>\n<!-- \/ Yoast SEO plugin. -->","yoast_head_json":{"title":"Voici comment corriger le bug provoquant la disparition des notes de l'iPhone | Vie Associative","robots":{"index":"index","follow":"follow","max-snippet":"max-snippet:-1","max-image-preview":"max-image-preview:large","max-video-preview":"max-video-preview:-1"},"canonical":"https:\/\/vieassociative.be\/actualites\/voici-comment-corriger-le-bug-provoquant-la-disparition-des-notes-de-liphone\/","og_locale":"fr_FR","og_type":"article","og_title":"Voici comment corriger le bug provoquant la disparition des notes de l'iPhone | Vie Associative","og_description":"Si vous avez perdu les fichiers de l&rsquo;application Notes de votre iPhone, pas de panique Halloween est peut-\u00eatre termin\u00e9, mais les frayeurs continuent \u00e0 affluer","og_url":"https:\/\/vieassociative.be\/actualites\/voici-comment-corriger-le-bug-provoquant-la-disparition-des-notes-de-liphone\/","og_site_name":"Vie Associative","article_published_time":"2024-11-08T01:19:10+00:00","og_image":[{"width":279,"height":92,"url":"https:\/\/vieassociative.be\/actualites\/wp-content\/uploads\/2024\/09\/header_backgroundk-01-e1726694325946.png","type":"image\/png"}],"author":"Julien","twitter_card":"summary_large_image","twitter_misc":{"\u00c9crit par":"Julien","Dur\u00e9e de lecture est.":"2 minutes"},"schema":{"@context":"https:\/\/schema.org","@graph":[{"@type":"Article","@id":"https:\/\/vieassociative.be\/actualites\/voici-comment-corriger-le-bug-provoquant-la-disparition-des-notes-de-liphone\/#article","isPartOf":{"@id":"https:\/\/vieassociative.be\/actualites\/voici-comment-corriger-le-bug-provoquant-la-disparition-des-notes-de-liphone\/"},"author":{"name":"Julien","@id":"https:\/\/vieassociative.be\/actualites\/#\/schema\/person\/b87ac4f82f9d4e7b7cec7395b679edc4"},"headline":"Voici comment corriger le bug provoquant la disparition des notes de l&rsquo;iPhone","datePublished":"2024-11-08T01:19:10+00:00","dateModified":"2024-11-08T01:19:10+00:00","mainEntityOfPage":{"@id":"https:\/\/vieassociative.be\/actualites\/voici-comment-corriger-le-bug-provoquant-la-disparition-des-notes-de-liphone\/"},"wordCount":490,"publisher":{"@id":"https:\/\/vieassociative.be\/actualites\/#organization"},"image":{"@id":"https:\/\/vieassociative.be\/actualites\/voici-comment-corriger-le-bug-provoquant-la-disparition-des-notes-de-liphone\/#primaryimage"},"thumbnailUrl":"https:\/\/vieassociative.be\/actualites\/wp-content\/uploads\/2024\/11\/Voici-comment-corriger-le-bug-provoquant-la-disparition-des-notes.jpg","keywords":["bug","Comment","corriger","Des","disparition","liPhone","notes","provoquant","Voici"],"articleSection":["Technologie"],"inLanguage":"fr-BE"},{"@type":"WebPage","@id":"https:\/\/vieassociative.be\/actualites\/voici-comment-corriger-le-bug-provoquant-la-disparition-des-notes-de-liphone\/","url":"https:\/\/vieassociative.be\/actualites\/voici-comment-corriger-le-bug-provoquant-la-disparition-des-notes-de-liphone\/","name":"Voici comment corriger le bug provoquant la disparition des notes de l'iPhone | Vie Associative","isPartOf":{"@id":"https:\/\/vieassociative.be\/actualites\/#website"},"primaryImageOfPage":{"@id":"https:\/\/vieassociative.be\/actualites\/voici-comment-corriger-le-bug-provoquant-la-disparition-des-notes-de-liphone\/#primaryimage"},"image":{"@id":"https:\/\/vieassociative.be\/actualites\/voici-comment-corriger-le-bug-provoquant-la-disparition-des-notes-de-liphone\/#primaryimage"},"thumbnailUrl":"https:\/\/vieassociative.be\/actualites\/wp-content\/uploads\/2024\/11\/Voici-comment-corriger-le-bug-provoquant-la-disparition-des-notes.jpg","datePublished":"2024-11-08T01:19:10+00:00","dateModified":"2024-11-08T01:19:10+00:00","breadcrumb":{"@id":"https:\/\/vieassociative.be\/actualites\/voici-comment-corriger-le-bug-provoquant-la-disparition-des-notes-de-liphone\/#breadcrumb"},"inLanguage":"fr-BE","potentialAction":[{"@type":"ReadAction","target":["https:\/\/vieassociative.be\/actualites\/voici-comment-corriger-le-bug-provoquant-la-disparition-des-notes-de-liphone\/"]}]},{"@type":"ImageObject","inLanguage":"fr-BE","@id":"https:\/\/vieassociative.be\/actualites\/voici-comment-corriger-le-bug-provoquant-la-disparition-des-notes-de-liphone\/#primaryimage","url":"https:\/\/vieassociative.be\/actualites\/wp-content\/uploads\/2024\/11\/Voici-comment-corriger-le-bug-provoquant-la-disparition-des-notes.jpg","contentUrl":"https:\/\/vieassociative.be\/actualites\/wp-content\/uploads\/2024\/11\/Voici-comment-corriger-le-bug-provoquant-la-disparition-des-notes.jpg","width":1200,"height":675,"caption":"Voici comment corriger le bug provoquant la disparition des notes de l'iPhone"},{"@type":"BreadcrumbList","@id":"https:\/\/vieassociative.be\/actualites\/voici-comment-corriger-le-bug-provoquant-la-disparition-des-notes-de-liphone\/#breadcrumb","itemListElement":[{"@type":"ListItem","position":1,"name":"Accueil","item":"https:\/\/vieassociative.be\/actualites\/"},{"@type":"ListItem","position":2,"name":"Voici comment corriger le bug provoquant la disparition des notes de l&rsquo;iPhone"}]},{"@type":"WebSite","@id":"https:\/\/vieassociative.be\/actualites\/#website","url":"https:\/\/vieassociative.be\/actualites\/","name":"Vie Associative","description":"","publisher":{"@id":"https:\/\/vieassociative.be\/actualites\/#organization"},"potentialAction":[{"@type":"SearchAction","target":{"@type":"EntryPoint","urlTemplate":"https:\/\/vieassociative.be\/actualites\/?s={search_term_string}"},"query-input":{"@type":"PropertyValueSpecification","valueRequired":true,"valueName":"search_term_string"}}],"inLanguage":"fr-BE"},{"@type":"Organization","@id":"https:\/\/vieassociative.be\/actualites\/#organization","name":"Vie Associative","url":"https:\/\/vieassociative.be\/actualites\/","logo":{"@type":"ImageObject","inLanguage":"fr-BE","@id":"https:\/\/vieassociative.be\/actualites\/#\/schema\/logo\/image\/","url":"https:\/\/vieassociative.be\/actualites\/wp-content\/uploads\/2024\/09\/cropped-vieassociative_favicon.ico.png","contentUrl":"https:\/\/vieassociative.be\/actualites\/wp-content\/uploads\/2024\/09\/cropped-vieassociative_favicon.ico.png","width":512,"height":512,"caption":"Vie Associative"},"image":{"@id":"https:\/\/vieassociative.be\/actualites\/#\/schema\/logo\/image\/"}},{"@type":"Person","@id":"https:\/\/vieassociative.be\/actualites\/#\/schema\/person\/b87ac4f82f9d4e7b7cec7395b679edc4","name":"Julien","image":{"@type":"ImageObject","inLanguage":"fr-BE","@id":"https:\/\/vieassociative.be\/actualites\/#\/schema\/person\/image\/","url":"https:\/\/vieassociative.be\/actualites\/wp-content\/uploads\/2024\/09\/vie-associative-1-150x150.jpg","contentUrl":"https:\/\/vieassociative.be\/actualites\/wp-content\/uploads\/2024\/09\/vie-associative-1-150x150.jpg","caption":"Julien"},"description":"Je suis Julien, r\u00e9dacteur pour Vie Associative. Passionn\u00e9 par le monde associatif depuis plus de 10 ans, j'ai \u00e0 c\u0153ur de partager des histoires inspirantes et de mettre en lumi\u00e8re les initiatives locales. Mon objectif est de sensibiliser et d'encourager l'engagement communautaire \u00e0 travers mes articles.","sameAs":["https:\/\/vieassociative.be\/"]}]}},"_links":{"self":[{"href":"https:\/\/vieassociative.be\/actualites\/wp-json\/wp\/v2\/posts\/2159"}],"collection":[{"href":"https:\/\/vieassociative.be\/actualites\/wp-json\/wp\/v2\/posts"}],"about":[{"href":"https:\/\/vieassociative.be\/actualites\/wp-json\/wp\/v2\/types\/post"}],"author":[{"embeddable":true,"href":"https:\/\/vieassociative.be\/actualites\/wp-json\/wp\/v2\/users\/1"}],"replies":[{"embeddable":true,"href":"https:\/\/vieassociative.be\/actualites\/wp-json\/wp\/v2\/comments?post=2159"}],"version-history":[{"count":0,"href":"https:\/\/vieassociative.be\/actualites\/wp-json\/wp\/v2\/posts\/2159\/revisions"}],"wp:featuredmedia":[{"embeddable":true,"href":"https:\/\/vieassociative.be\/actualites\/wp-json\/wp\/v2\/media\/2160"}],"wp:attachment":[{"href":"https:\/\/vieassociative.be\/actualites\/wp-json\/wp\/v2\/media?parent=2159"}],"wp:term":[{"taxonomy":"category","embeddable":true,"href":"https:\/\/vieassociative.be\/actualites\/wp-json\/wp\/v2\/categories?post=2159"},{"taxonomy":"post_tag","embeddable":true,"href":"https:\/\/vieassociative.be\/actualites\/wp-json\/wp\/v2\/tags?post=2159"}],"curies":[{"name":"wp","href":"https:\/\/api.w.org\/{rel}","templated":true}]}}