{"id":2151,"date":"2024-11-07T21:17:06","date_gmt":"2024-11-07T20:17:06","guid":{"rendered":"https:\/\/vieassociative.be\/actualites\/pascal-arimont-bonne-prestation-de-hadja-lahbib-lors-de-son-audition-au-parlement-europeen\/"},"modified":"2024-11-07T21:17:06","modified_gmt":"2024-11-07T20:17:06","slug":"pascal-arimont-bonne-prestation-de-hadja-lahbib-lors-de-son-audition-au-parlement-europeen","status":"publish","type":"post","link":"https:\/\/vieassociative.be\/actualites\/pascal-arimont-bonne-prestation-de-hadja-lahbib-lors-de-son-audition-au-parlement-europeen\/","title":{"rendered":"Pascal Arimont : \u00ab Bonne prestation de Hadja Lahbib lors de son audition au Parlement europ\u00e9en"},"content":{"rendered":"<p><strong>L&rsquo;audition de la commissaire europ\u00e9enne d\u00e9sign\u00e9e belge Hadja Lahbib a eu lieu mercredi \u00e0 Bruxelles. Au sein de la nouvelle Commission europ\u00e9enne, Lahbib sera notamment responsable de la pr\u00e9vention et de la gestion des crises.<\/strong><\/p>\n<p><span id=\"more-401226\"><\/span>Apr\u00e8s l&rsquo;audition, les membres des commissions sp\u00e9cialis\u00e9es comp\u00e9tentes ont discut\u00e9 de l&rsquo;aptitude du candidat et ont approuv\u00e9 la nomination de Lahbib au poste de commissaire europ\u00e9en. En tant que membre de la commission de l&rsquo;environnement, le d\u00e9put\u00e9 europ\u00e9en de l&rsquo;Est de la Belgique Pascal Arimont (CSP-PPE) a \u00e9galement particip\u00e9 \u00e0 l&rsquo;audition. Il en profite pour souligner une nouvelle fois l&rsquo;importance des pompiers volontaires pour la protection civile en Europe et pour exiger un all\u00e8gement de leur engagement :<\/p>\n<p>\u00ab En cas de catastrophe, une chose est indispensable : le d\u00e9ploiement d\u2019un grand nombre de pompiers volontaires et de param\u00e9dicaux dans toute l\u2019Europe. Dans l\u2019UE, on estime que 2,5 millions de personnes servent notre soci\u00e9t\u00e9 en tant que pompiers volontaires. Dans certains \u00c9tats membres, une grande partie du nombre total de pompiers est presque enti\u00e8rement compos\u00e9e de volontaires. Cela montre tr\u00e8s clairement que nous d\u00e9pendons de cet engagement. \u00abC\u2019est pourquoi nous ne devrions pas rendre cet effort plus difficile par des exigences bureaucratiques ou des d\u00e9savantages financiers\u00bb, d\u00e9clare Arimont.<\/p>\n<div id=\"attachment_401261\" class=\"wp-caption alignleft\" style=\"max-width: 300px\"><img fetchpriority=\"high\" decoding=\"async\" class=\"wp-image-401261 size-medium\" src=\"https:\/\/vieassociative.be\/actualites\/wp-content\/uploads\/2024\/11\/Pascal-Arimont-Bonne-prestation-de-Hadja-Lahbib-lors.-Quelle-Eur.jpeg\" alt=\"\" width=\"300\" height=\"200\"><\/p>\n<p class=\"wp-caption-text\">Pascal Arimont \u00e0 l&rsquo;audition de Hadja Lahbib au Parlement europ\u00e9en \u00e0 Bruxelles. Photo : Parlement europ\u00e9en<\/p>\n<\/div>\n<p>\u00ab Surtout dans la zone frontali\u00e8re, les pompiers volontaires sont confront\u00e9s \u00e0 des obstacles lorsqu&rsquo;ils sont employ\u00e9s dans un pays voisin, par exemple en ce qui concerne les prestations sociales. Les effets de la directive dite sur le temps de travail, qui d\u00e9finit le travail de garde des pompiers volontaires comme du temps de travail, sont \u00e9galement d\u00e9savantageux. \u00ab\u00a0J&rsquo;ai une nouvelle fois confront\u00e9 Mme Lahbib avec la revendication d&rsquo;un statut social europ\u00e9en sp\u00e9cifique pour les pompiers, qui pourrait \u00e9viter de tels cas probl\u00e9matiques \u00e0 l&rsquo;avenir\u00a0\u00bb, explique Arimont.<\/p>\n<p>La commissaire d\u00e9sign\u00e9e a r\u00e9pondu qu&rsquo;elle \u00e9tait consciente de l&rsquo;importance des pompiers volontaires pour l&rsquo;ensemble de l&rsquo;UE et que les volontaires jouaient un r\u00f4le essentiel dans la strat\u00e9gie de pr\u00e9paration et de r\u00e9ponse de l&rsquo;UE. Toutefois, les cas probl\u00e9matiques \u00e9voqu\u00e9s sont li\u00e9s au statut social respectif des pompiers volontaires dans les diff\u00e9rents \u00c9tats membres. L\u2019UE n\u2019a actuellement pas le pouvoir de cr\u00e9er son propre statut social pour les pompiers volontaires, car cela rel\u00e8ve de la comp\u00e9tence des \u00c9tats-nations. Cependant, elle a promis de s&rsquo;efforcer de surmonter les obstacles existants dans ce domaine et de sensibiliser les \u00c9tats membres aux probl\u00e8mes pertinents.<\/p>\n<p>\u00ab La prestation de Hadja Lahbib a \u00e9t\u00e9 globalement sens\u00e9e et convaincante. Les d\u00e9fis dans leur domaine de responsabilit\u00e9 dans toutes les r\u00e9gions d\u2019Europe ne diminueront certainement pas dans les ann\u00e9es \u00e0 venir, comme le montrent \u00e9galement les r\u00e9cents \u00e9v\u00e9nements en Espagne. Si nous voulons nous pr\u00e9parer \u00e0 ces situations, nous devons \u00e9galement investir en cons\u00e9quence dans nos pompiers volontaires et nos auxiliaires. \u00ab\u00a0Je salue donc l&rsquo;offre du commissaire d\u00e9sign\u00e9 de coop\u00e9rer sur cette question importante\u00a0\u00bb, a conclu Arimont.<\/p>\n","protected":false},"excerpt":{"rendered":"<p>L&rsquo;audition de la commissaire europ\u00e9enne d\u00e9sign\u00e9e belge Hadja Lahbib a eu lieu mercredi \u00e0 Bruxelles. Au sein de la nouvelle Commission europ\u00e9enne, Lahbib sera notamment<\/p>\n","protected":false},"author":1,"featured_media":2152,"comment_status":"","ping_status":"","sticky":false,"template":"","format":"standard","meta":{"footnotes":""},"categories":[298],"tags":[2890,2894,680,2896,2892,2893,353,2895,2889,2891,800],"class_list":["post-2151","post","type-post","status-publish","format-standard","has-post-thumbnail","hentry","category-belgique","tag-arimont","tag-audition","tag-bonne","tag-europeen","tag-hadja","tag-lahbib","tag-lors","tag-parlement","tag-pascal","tag-prestation","tag-son","generate-columns","tablet-grid-50","mobile-grid-100","grid-parent","grid-33"],"yoast_head":"<!-- This site is optimized with the Yoast SEO plugin v24.0 - https:\/\/yoast.com\/wordpress\/plugins\/seo\/ -->\n<title>Pascal Arimont : \u00ab Bonne prestation de Hadja Lahbib lors de son audition au Parlement europ\u00e9en | Vie Associative<\/title>\n<meta name=\"robots\" content=\"index, follow, max-snippet:-1, max-image-preview:large, max-video-preview:-1\" \/>\n<link rel=\"canonical\" href=\"https:\/\/vieassociative.be\/actualites\/pascal-arimont-bonne-prestation-de-hadja-lahbib-lors-de-son-audition-au-parlement-europeen\/\" \/>\n<meta property=\"og:locale\" content=\"fr_FR\" \/>\n<meta property=\"og:type\" content=\"article\" \/>\n<meta property=\"og:title\" content=\"Pascal Arimont : \u00ab Bonne prestation de Hadja Lahbib lors de son audition au Parlement europ\u00e9en | Vie Associative\" \/>\n<meta property=\"og:description\" content=\"L&rsquo;audition de la commissaire europ\u00e9enne d\u00e9sign\u00e9e belge Hadja Lahbib a eu lieu mercredi \u00e0 Bruxelles. Au sein de la nouvelle Commission europ\u00e9enne, Lahbib sera notamment\" \/>\n<meta property=\"og:url\" content=\"https:\/\/vieassociative.be\/actualites\/pascal-arimont-bonne-prestation-de-hadja-lahbib-lors-de-son-audition-au-parlement-europeen\/\" \/>\n<meta property=\"og:site_name\" content=\"Vie Associative\" \/>\n<meta property=\"article:published_time\" content=\"2024-11-07T20:17:06+00:00\" \/>\n<meta property=\"og:image\" content=\"https:\/\/vieassociative.be\/actualites\/wp-content\/uploads\/2024\/11\/Pascal-Arimont-Bonne-prestation-de-Hadja-Lahbib-lors.-Quelle-Eur.jpeg\" \/>\n<meta name=\"author\" content=\"Julien\" \/>\n<meta name=\"twitter:card\" content=\"summary_large_image\" \/>\n<meta name=\"twitter:label1\" content=\"\u00c9crit par\" \/>\n\t<meta name=\"twitter:data1\" content=\"Julien\" \/>\n\t<meta name=\"twitter:label2\" content=\"Dur\u00e9e de lecture est.\" \/>\n\t<meta name=\"twitter:data2\" content=\"3 minutes\" \/>\n<script type=\"application\/ld+json\" class=\"yoast-schema-graph\">{\"@context\":\"https:\/\/schema.org\",\"@graph\":[{\"@type\":\"Article\",\"@id\":\"https:\/\/vieassociative.be\/actualites\/pascal-arimont-bonne-prestation-de-hadja-lahbib-lors-de-son-audition-au-parlement-europeen\/#article\",\"isPartOf\":{\"@id\":\"https:\/\/vieassociative.be\/actualites\/pascal-arimont-bonne-prestation-de-hadja-lahbib-lors-de-son-audition-au-parlement-europeen\/\"},\"author\":{\"name\":\"Julien\",\"@id\":\"https:\/\/vieassociative.be\/actualites\/#\/schema\/person\/b87ac4f82f9d4e7b7cec7395b679edc4\"},\"headline\":\"Pascal Arimont : \u00ab Bonne prestation de Hadja Lahbib lors de son audition au Parlement europ\u00e9en\",\"datePublished\":\"2024-11-07T20:17:06+00:00\",\"dateModified\":\"2024-11-07T20:17:06+00:00\",\"mainEntityOfPage\":{\"@id\":\"https:\/\/vieassociative.be\/actualites\/pascal-arimont-bonne-prestation-de-hadja-lahbib-lors-de-son-audition-au-parlement-europeen\/\"},\"wordCount\":569,\"publisher\":{\"@id\":\"https:\/\/vieassociative.be\/actualites\/#organization\"},\"image\":{\"@id\":\"https:\/\/vieassociative.be\/actualites\/pascal-arimont-bonne-prestation-de-hadja-lahbib-lors-de-son-audition-au-parlement-europeen\/#primaryimage\"},\"thumbnailUrl\":\"https:\/\/vieassociative.be\/actualites\/wp-content\/uploads\/2024\/11\/Pascal-Arimont-Bonne-prestation-de-Hadja-Lahbib-lors.jpg\",\"keywords\":[\"Arimont\",\"audition\",\"bonne\",\"europ\u00e9en\",\"Hadja\",\"Lahbib\",\"lors\",\"Parlement\",\"Pascal\",\"prestation\",\"son\"],\"articleSection\":[\"Belgique\"],\"inLanguage\":\"fr-BE\"},{\"@type\":\"WebPage\",\"@id\":\"https:\/\/vieassociative.be\/actualites\/pascal-arimont-bonne-prestation-de-hadja-lahbib-lors-de-son-audition-au-parlement-europeen\/\",\"url\":\"https:\/\/vieassociative.be\/actualites\/pascal-arimont-bonne-prestation-de-hadja-lahbib-lors-de-son-audition-au-parlement-europeen\/\",\"name\":\"Pascal Arimont : \u00ab Bonne prestation de Hadja Lahbib lors de son audition au Parlement europ\u00e9en | Vie Associative\",\"isPartOf\":{\"@id\":\"https:\/\/vieassociative.be\/actualites\/#website\"},\"primaryImageOfPage\":{\"@id\":\"https:\/\/vieassociative.be\/actualites\/pascal-arimont-bonne-prestation-de-hadja-lahbib-lors-de-son-audition-au-parlement-europeen\/#primaryimage\"},\"image\":{\"@id\":\"https:\/\/vieassociative.be\/actualites\/pascal-arimont-bonne-prestation-de-hadja-lahbib-lors-de-son-audition-au-parlement-europeen\/#primaryimage\"},\"thumbnailUrl\":\"https:\/\/vieassociative.be\/actualites\/wp-content\/uploads\/2024\/11\/Pascal-Arimont-Bonne-prestation-de-Hadja-Lahbib-lors.jpg\",\"datePublished\":\"2024-11-07T20:17:06+00:00\",\"dateModified\":\"2024-11-07T20:17:06+00:00\",\"breadcrumb\":{\"@id\":\"https:\/\/vieassociative.be\/actualites\/pascal-arimont-bonne-prestation-de-hadja-lahbib-lors-de-son-audition-au-parlement-europeen\/#breadcrumb\"},\"inLanguage\":\"fr-BE\",\"potentialAction\":[{\"@type\":\"ReadAction\",\"target\":[\"https:\/\/vieassociative.be\/actualites\/pascal-arimont-bonne-prestation-de-hadja-lahbib-lors-de-son-audition-au-parlement-europeen\/\"]}]},{\"@type\":\"ImageObject\",\"inLanguage\":\"fr-BE\",\"@id\":\"https:\/\/vieassociative.be\/actualites\/pascal-arimont-bonne-prestation-de-hadja-lahbib-lors-de-son-audition-au-parlement-europeen\/#primaryimage\",\"url\":\"https:\/\/vieassociative.be\/actualites\/wp-content\/uploads\/2024\/11\/Pascal-Arimont-Bonne-prestation-de-Hadja-Lahbib-lors.jpg\",\"contentUrl\":\"https:\/\/vieassociative.be\/actualites\/wp-content\/uploads\/2024\/11\/Pascal-Arimont-Bonne-prestation-de-Hadja-Lahbib-lors.jpg\",\"width\":1200,\"height\":800,\"caption\":\"Pascal Arimont : \u00ab Bonne prestation de Hadja Lahbib lors de son audition au Parlement europ\u00e9en\"},{\"@type\":\"BreadcrumbList\",\"@id\":\"https:\/\/vieassociative.be\/actualites\/pascal-arimont-bonne-prestation-de-hadja-lahbib-lors-de-son-audition-au-parlement-europeen\/#breadcrumb\",\"itemListElement\":[{\"@type\":\"ListItem\",\"position\":1,\"name\":\"Accueil\",\"item\":\"https:\/\/vieassociative.be\/actualites\/\"},{\"@type\":\"ListItem\",\"position\":2,\"name\":\"Pascal Arimont : \u00ab Bonne prestation de Hadja Lahbib lors de son audition au Parlement europ\u00e9en\"}]},{\"@type\":\"WebSite\",\"@id\":\"https:\/\/vieassociative.be\/actualites\/#website\",\"url\":\"https:\/\/vieassociative.be\/actualites\/\",\"name\":\"Vie Associative\",\"description\":\"\",\"publisher\":{\"@id\":\"https:\/\/vieassociative.be\/actualites\/#organization\"},\"potentialAction\":[{\"@type\":\"SearchAction\",\"target\":{\"@type\":\"EntryPoint\",\"urlTemplate\":\"https:\/\/vieassociative.be\/actualites\/?s={search_term_string}\"},\"query-input\":{\"@type\":\"PropertyValueSpecification\",\"valueRequired\":true,\"valueName\":\"search_term_string\"}}],\"inLanguage\":\"fr-BE\"},{\"@type\":\"Organization\",\"@id\":\"https:\/\/vieassociative.be\/actualites\/#organization\",\"name\":\"Vie Associative\",\"url\":\"https:\/\/vieassociative.be\/actualites\/\",\"logo\":{\"@type\":\"ImageObject\",\"inLanguage\":\"fr-BE\",\"@id\":\"https:\/\/vieassociative.be\/actualites\/#\/schema\/logo\/image\/\",\"url\":\"https:\/\/vieassociative.be\/actualites\/wp-content\/uploads\/2024\/09\/cropped-vieassociative_favicon.ico.png\",\"contentUrl\":\"https:\/\/vieassociative.be\/actualites\/wp-content\/uploads\/2024\/09\/cropped-vieassociative_favicon.ico.png\",\"width\":512,\"height\":512,\"caption\":\"Vie Associative\"},\"image\":{\"@id\":\"https:\/\/vieassociative.be\/actualites\/#\/schema\/logo\/image\/\"}},{\"@type\":\"Person\",\"@id\":\"https:\/\/vieassociative.be\/actualites\/#\/schema\/person\/b87ac4f82f9d4e7b7cec7395b679edc4\",\"name\":\"Julien\",\"image\":{\"@type\":\"ImageObject\",\"inLanguage\":\"fr-BE\",\"@id\":\"https:\/\/vieassociative.be\/actualites\/#\/schema\/person\/image\/\",\"url\":\"https:\/\/vieassociative.be\/actualites\/wp-content\/uploads\/2024\/09\/vie-associative-1-150x150.jpg\",\"contentUrl\":\"https:\/\/vieassociative.be\/actualites\/wp-content\/uploads\/2024\/09\/vie-associative-1-150x150.jpg\",\"caption\":\"Julien\"},\"description\":\"Je suis Julien, r\u00e9dacteur pour Vie Associative. Passionn\u00e9 par le monde associatif depuis plus de 10 ans, j'ai \u00e0 c\u0153ur de partager des histoires inspirantes et de mettre en lumi\u00e8re les initiatives locales. Mon objectif est de sensibiliser et d'encourager l'engagement communautaire \u00e0 travers mes articles.\",\"sameAs\":[\"https:\/\/vieassociative.be\/\"]}]}<\/script>\n<!-- \/ Yoast SEO plugin. -->","yoast_head_json":{"title":"Pascal Arimont : \u00ab Bonne prestation de Hadja Lahbib lors de son audition au Parlement europ\u00e9en | Vie Associative","robots":{"index":"index","follow":"follow","max-snippet":"max-snippet:-1","max-image-preview":"max-image-preview:large","max-video-preview":"max-video-preview:-1"},"canonical":"https:\/\/vieassociative.be\/actualites\/pascal-arimont-bonne-prestation-de-hadja-lahbib-lors-de-son-audition-au-parlement-europeen\/","og_locale":"fr_FR","og_type":"article","og_title":"Pascal Arimont : \u00ab Bonne prestation de Hadja Lahbib lors de son audition au Parlement europ\u00e9en | Vie Associative","og_description":"L&rsquo;audition de la commissaire europ\u00e9enne d\u00e9sign\u00e9e belge Hadja Lahbib a eu lieu mercredi \u00e0 Bruxelles. Au sein de la nouvelle Commission europ\u00e9enne, Lahbib sera notamment","og_url":"https:\/\/vieassociative.be\/actualites\/pascal-arimont-bonne-prestation-de-hadja-lahbib-lors-de-son-audition-au-parlement-europeen\/","og_site_name":"Vie Associative","article_published_time":"2024-11-07T20:17:06+00:00","og_image":[{"url":"https:\/\/vieassociative.be\/actualites\/wp-content\/uploads\/2024\/11\/Pascal-Arimont-Bonne-prestation-de-Hadja-Lahbib-lors.-Quelle-Eur.jpeg","type":"","width":"","height":""}],"author":"Julien","twitter_card":"summary_large_image","twitter_misc":{"\u00c9crit par":"Julien","Dur\u00e9e de lecture est.":"3 minutes"},"schema":{"@context":"https:\/\/schema.org","@graph":[{"@type":"Article","@id":"https:\/\/vieassociative.be\/actualites\/pascal-arimont-bonne-prestation-de-hadja-lahbib-lors-de-son-audition-au-parlement-europeen\/#article","isPartOf":{"@id":"https:\/\/vieassociative.be\/actualites\/pascal-arimont-bonne-prestation-de-hadja-lahbib-lors-de-son-audition-au-parlement-europeen\/"},"author":{"name":"Julien","@id":"https:\/\/vieassociative.be\/actualites\/#\/schema\/person\/b87ac4f82f9d4e7b7cec7395b679edc4"},"headline":"Pascal Arimont : \u00ab Bonne prestation de Hadja Lahbib lors de son audition au Parlement europ\u00e9en","datePublished":"2024-11-07T20:17:06+00:00","dateModified":"2024-11-07T20:17:06+00:00","mainEntityOfPage":{"@id":"https:\/\/vieassociative.be\/actualites\/pascal-arimont-bonne-prestation-de-hadja-lahbib-lors-de-son-audition-au-parlement-europeen\/"},"wordCount":569,"publisher":{"@id":"https:\/\/vieassociative.be\/actualites\/#organization"},"image":{"@id":"https:\/\/vieassociative.be\/actualites\/pascal-arimont-bonne-prestation-de-hadja-lahbib-lors-de-son-audition-au-parlement-europeen\/#primaryimage"},"thumbnailUrl":"https:\/\/vieassociative.be\/actualites\/wp-content\/uploads\/2024\/11\/Pascal-Arimont-Bonne-prestation-de-Hadja-Lahbib-lors.jpg","keywords":["Arimont","audition","bonne","europ\u00e9en","Hadja","Lahbib","lors","Parlement","Pascal","prestation","son"],"articleSection":["Belgique"],"inLanguage":"fr-BE"},{"@type":"WebPage","@id":"https:\/\/vieassociative.be\/actualites\/pascal-arimont-bonne-prestation-de-hadja-lahbib-lors-de-son-audition-au-parlement-europeen\/","url":"https:\/\/vieassociative.be\/actualites\/pascal-arimont-bonne-prestation-de-hadja-lahbib-lors-de-son-audition-au-parlement-europeen\/","name":"Pascal Arimont : \u00ab Bonne prestation de Hadja Lahbib lors de son audition au Parlement europ\u00e9en | Vie Associative","isPartOf":{"@id":"https:\/\/vieassociative.be\/actualites\/#website"},"primaryImageOfPage":{"@id":"https:\/\/vieassociative.be\/actualites\/pascal-arimont-bonne-prestation-de-hadja-lahbib-lors-de-son-audition-au-parlement-europeen\/#primaryimage"},"image":{"@id":"https:\/\/vieassociative.be\/actualites\/pascal-arimont-bonne-prestation-de-hadja-lahbib-lors-de-son-audition-au-parlement-europeen\/#primaryimage"},"thumbnailUrl":"https:\/\/vieassociative.be\/actualites\/wp-content\/uploads\/2024\/11\/Pascal-Arimont-Bonne-prestation-de-Hadja-Lahbib-lors.jpg","datePublished":"2024-11-07T20:17:06+00:00","dateModified":"2024-11-07T20:17:06+00:00","breadcrumb":{"@id":"https:\/\/vieassociative.be\/actualites\/pascal-arimont-bonne-prestation-de-hadja-lahbib-lors-de-son-audition-au-parlement-europeen\/#breadcrumb"},"inLanguage":"fr-BE","potentialAction":[{"@type":"ReadAction","target":["https:\/\/vieassociative.be\/actualites\/pascal-arimont-bonne-prestation-de-hadja-lahbib-lors-de-son-audition-au-parlement-europeen\/"]}]},{"@type":"ImageObject","inLanguage":"fr-BE","@id":"https:\/\/vieassociative.be\/actualites\/pascal-arimont-bonne-prestation-de-hadja-lahbib-lors-de-son-audition-au-parlement-europeen\/#primaryimage","url":"https:\/\/vieassociative.be\/actualites\/wp-content\/uploads\/2024\/11\/Pascal-Arimont-Bonne-prestation-de-Hadja-Lahbib-lors.jpg","contentUrl":"https:\/\/vieassociative.be\/actualites\/wp-content\/uploads\/2024\/11\/Pascal-Arimont-Bonne-prestation-de-Hadja-Lahbib-lors.jpg","width":1200,"height":800,"caption":"Pascal Arimont : \u00ab Bonne prestation de Hadja Lahbib lors de son audition au Parlement europ\u00e9en"},{"@type":"BreadcrumbList","@id":"https:\/\/vieassociative.be\/actualites\/pascal-arimont-bonne-prestation-de-hadja-lahbib-lors-de-son-audition-au-parlement-europeen\/#breadcrumb","itemListElement":[{"@type":"ListItem","position":1,"name":"Accueil","item":"https:\/\/vieassociative.be\/actualites\/"},{"@type":"ListItem","position":2,"name":"Pascal Arimont : \u00ab Bonne prestation de Hadja Lahbib lors de son audition au Parlement europ\u00e9en"}]},{"@type":"WebSite","@id":"https:\/\/vieassociative.be\/actualites\/#website","url":"https:\/\/vieassociative.be\/actualites\/","name":"Vie Associative","description":"","publisher":{"@id":"https:\/\/vieassociative.be\/actualites\/#organization"},"potentialAction":[{"@type":"SearchAction","target":{"@type":"EntryPoint","urlTemplate":"https:\/\/vieassociative.be\/actualites\/?s={search_term_string}"},"query-input":{"@type":"PropertyValueSpecification","valueRequired":true,"valueName":"search_term_string"}}],"inLanguage":"fr-BE"},{"@type":"Organization","@id":"https:\/\/vieassociative.be\/actualites\/#organization","name":"Vie Associative","url":"https:\/\/vieassociative.be\/actualites\/","logo":{"@type":"ImageObject","inLanguage":"fr-BE","@id":"https:\/\/vieassociative.be\/actualites\/#\/schema\/logo\/image\/","url":"https:\/\/vieassociative.be\/actualites\/wp-content\/uploads\/2024\/09\/cropped-vieassociative_favicon.ico.png","contentUrl":"https:\/\/vieassociative.be\/actualites\/wp-content\/uploads\/2024\/09\/cropped-vieassociative_favicon.ico.png","width":512,"height":512,"caption":"Vie Associative"},"image":{"@id":"https:\/\/vieassociative.be\/actualites\/#\/schema\/logo\/image\/"}},{"@type":"Person","@id":"https:\/\/vieassociative.be\/actualites\/#\/schema\/person\/b87ac4f82f9d4e7b7cec7395b679edc4","name":"Julien","image":{"@type":"ImageObject","inLanguage":"fr-BE","@id":"https:\/\/vieassociative.be\/actualites\/#\/schema\/person\/image\/","url":"https:\/\/vieassociative.be\/actualites\/wp-content\/uploads\/2024\/09\/vie-associative-1-150x150.jpg","contentUrl":"https:\/\/vieassociative.be\/actualites\/wp-content\/uploads\/2024\/09\/vie-associative-1-150x150.jpg","caption":"Julien"},"description":"Je suis Julien, r\u00e9dacteur pour Vie Associative. Passionn\u00e9 par le monde associatif depuis plus de 10 ans, j'ai \u00e0 c\u0153ur de partager des histoires inspirantes et de mettre en lumi\u00e8re les initiatives locales. Mon objectif est de sensibiliser et d'encourager l'engagement communautaire \u00e0 travers mes articles.","sameAs":["https:\/\/vieassociative.be\/"]}]}},"_links":{"self":[{"href":"https:\/\/vieassociative.be\/actualites\/wp-json\/wp\/v2\/posts\/2151"}],"collection":[{"href":"https:\/\/vieassociative.be\/actualites\/wp-json\/wp\/v2\/posts"}],"about":[{"href":"https:\/\/vieassociative.be\/actualites\/wp-json\/wp\/v2\/types\/post"}],"author":[{"embeddable":true,"href":"https:\/\/vieassociative.be\/actualites\/wp-json\/wp\/v2\/users\/1"}],"replies":[{"embeddable":true,"href":"https:\/\/vieassociative.be\/actualites\/wp-json\/wp\/v2\/comments?post=2151"}],"version-history":[{"count":0,"href":"https:\/\/vieassociative.be\/actualites\/wp-json\/wp\/v2\/posts\/2151\/revisions"}],"wp:featuredmedia":[{"embeddable":true,"href":"https:\/\/vieassociative.be\/actualites\/wp-json\/wp\/v2\/media\/2152"}],"wp:attachment":[{"href":"https:\/\/vieassociative.be\/actualites\/wp-json\/wp\/v2\/media?parent=2151"}],"wp:term":[{"taxonomy":"category","embeddable":true,"href":"https:\/\/vieassociative.be\/actualites\/wp-json\/wp\/v2\/categories?post=2151"},{"taxonomy":"post_tag","embeddable":true,"href":"https:\/\/vieassociative.be\/actualites\/wp-json\/wp\/v2\/tags?post=2151"}],"curies":[{"name":"wp","href":"https:\/\/api.w.org\/{rel}","templated":true}]}}