{"id":2149,"date":"2024-11-07T20:23:38","date_gmt":"2024-11-07T19:23:38","guid":{"rendered":"https:\/\/vieassociative.be\/actualites\/mon-offre-amazon-preferee-du-jour-ces-ecouteurs-bose-quietcomfort\/"},"modified":"2024-11-07T20:23:38","modified_gmt":"2024-11-07T19:23:38","slug":"mon-offre-amazon-preferee-du-jour-ces-ecouteurs-bose-quietcomfort","status":"publish","type":"post","link":"https:\/\/vieassociative.be\/actualites\/mon-offre-amazon-preferee-du-jour-ces-ecouteurs-bose-quietcomfort\/","title":{"rendered":"Mon offre Amazon pr\u00e9f\u00e9r\u00e9e du jour : ces \u00e9couteurs Bose QuietComfort"},"content":{"rendered":"<div class=\"mt-4 leading-6 md:mb-8\">L\u2019un des meilleurs \u00e9couteurs pour l\u2019audio et l\u2019ANC est actuellement \u00e0 150 $ de r\u00e9duction, un nouveau prix record.<\/div>\n<p><\/p>\n<p>Bose est un nom reconnu dans le domaine de la technologie audio et fabrique des \u00e9couteurs \u00e0 r\u00e9duction de bruit active depuis 2016, lorsque la soci\u00e9t\u00e9 a lanc\u00e9 la gamme d&rsquo;appareils QuietComfort. \u00c0 l&rsquo;heure actuelle, vous pouvez vous procurer le mod\u00e8le 2023 d&rsquo;\u00e9couteurs QuietComfort de Bose pour <strong>199\u00a0$<\/strong>150 $ de r\u00e9duction sur le prix initial de 349 $. Il s&rsquo;agit du prix le plus bas qu&rsquo;ils ont atteint, selon les outils de suivi des prix, ce qui en fait un bon pari si vous cherchez \u00e0 obtenir une paire d&rsquo;\u00e9couteurs hautes performances sans d\u00e9penser une fortune.<\/p>\n<p>Les \u00e9couteurs Bose se trouvent souvent en t\u00eate de toute liste des meilleurs \u00e9couteurs du march\u00e9 et sont constamment salu\u00e9s depuis des ann\u00e9es. La gamme Bose QuietComfort en particulier excelle en termes de confort (d&rsquo;o\u00f9 son nom) et d&rsquo;ANC. Si ce sont des fonctionnalit\u00e9s que vous recherchez, ces \u00e9couteurs valent la peine d\u2019\u00eatre pris en compte, surtout \u00e0 ce niveau de prix.<\/p>\n<p>Gardez \u00e0 l\u2019esprit qu\u2019il s\u2019agit du mod\u00e8le le plus petit de la gamme QuietComfort actuelle. Bose a lanc\u00e9 le Bose QuietComfort et le Bose QuietComfort Ultra l&rsquo;ann\u00e9e derni\u00e8re. Les Ultras sont plus haut de gamme et incluent des fonctionnalit\u00e9s suppl\u00e9mentaires, mais ils co\u00fbtent 100 $ de plus et ne constituent pas n\u00e9cessairement le meilleur choix pour tous les utilisateurs. Si vous ne vous souciez pas du Bluetooth 5.3 contre 5.1, le mode immersion (qui vous permet d&rsquo;entendre l&rsquo;audio comme s&rsquo;il venait de diff\u00e9rentes directions), ou d&rsquo;autres fonctionnalit\u00e9s superflues, vous pouvez \u00e9conomiser de l&rsquo;argent et opter pour le Bose QuietComfort de base.<\/p>\n<p>Ces \u00e9couteurs peuvent se connecter \u00e0 plusieurs appareils \u00e0 la fois, ce qui vous permet de passer en toute transparence d&rsquo;un appareil \u00e0 l&rsquo;autre sans r\u00e9paration. Ils offrent \u00e9galement un mode de transparence qui vous permet d&rsquo;entendre votre environnement tout en les portant, un \u00e9galiseur personnalisable pour que vous puissiez \u00e9couter votre musique comme vous l&rsquo;aimez et une autonomie impressionnante de 24 heures, selon \u00ab\u00a0l&rsquo;excellente\u00a0\u00bb critique de PCMag. \u00a0\u00bb A noter \u00e9galement : ils ont des boutons physiques plut\u00f4t que des commandes tactiles, ce qui sera un plus ou un moins, selon vos pr\u00e9f\u00e9rences.<\/p>\n","protected":false},"excerpt":{"rendered":"<p>L\u2019un des meilleurs \u00e9couteurs pour l\u2019audio et l\u2019ANC est actuellement \u00e0 150 $ de r\u00e9duction, un nouveau prix record. Bose est un nom reconnu dans<\/p>\n","protected":false},"author":1,"featured_media":2150,"comment_status":"","ping_status":"","sticky":false,"template":"","format":"standard","meta":{"footnotes":""},"categories":[13],"tags":[51,2887,248,1537,53,49,50,52,2888],"class_list":["post-2149","post","type-post","status-publish","format-standard","has-post-thumbnail","hentry","category-technologie","tag-amazon","tag-bose","tag-ces","tag-ecouteurs","tag-jour","tag-mon","tag-offre","tag-preferee","tag-quietcomfort","generate-columns","tablet-grid-50","mobile-grid-100","grid-parent","grid-33"],"yoast_head":"<!-- This site is optimized with the Yoast SEO plugin v24.0 - https:\/\/yoast.com\/wordpress\/plugins\/seo\/ -->\n<title>Mon offre Amazon pr\u00e9f\u00e9r\u00e9e du jour : ces \u00e9couteurs Bose QuietComfort | Vie Associative<\/title>\n<meta name=\"robots\" content=\"index, follow, max-snippet:-1, max-image-preview:large, max-video-preview:-1\" \/>\n<link rel=\"canonical\" href=\"https:\/\/vieassociative.be\/actualites\/mon-offre-amazon-preferee-du-jour-ces-ecouteurs-bose-quietcomfort\/\" \/>\n<meta property=\"og:locale\" content=\"fr_FR\" \/>\n<meta property=\"og:type\" content=\"article\" \/>\n<meta property=\"og:title\" content=\"Mon offre Amazon pr\u00e9f\u00e9r\u00e9e du jour : ces \u00e9couteurs Bose QuietComfort | Vie Associative\" \/>\n<meta property=\"og:description\" content=\"L\u2019un des meilleurs \u00e9couteurs pour l\u2019audio et l\u2019ANC est actuellement \u00e0 150 $ de r\u00e9duction, un nouveau prix record. Bose est un nom reconnu dans\" \/>\n<meta property=\"og:url\" content=\"https:\/\/vieassociative.be\/actualites\/mon-offre-amazon-preferee-du-jour-ces-ecouteurs-bose-quietcomfort\/\" \/>\n<meta property=\"og:site_name\" content=\"Vie Associative\" \/>\n<meta property=\"article:published_time\" content=\"2024-11-07T19:23:38+00:00\" \/>\n<meta property=\"og:image\" content=\"https:\/\/vieassociative.be\/actualites\/wp-content\/uploads\/2024\/09\/header_backgroundk-01-e1726694325946.png\" \/>\n\t<meta property=\"og:image:width\" content=\"279\" \/>\n\t<meta property=\"og:image:height\" content=\"92\" \/>\n\t<meta property=\"og:image:type\" content=\"image\/png\" \/>\n<meta name=\"author\" content=\"Julien\" \/>\n<meta name=\"twitter:card\" content=\"summary_large_image\" \/>\n<meta name=\"twitter:label1\" content=\"\u00c9crit par\" \/>\n\t<meta name=\"twitter:data1\" content=\"Julien\" \/>\n\t<meta name=\"twitter:label2\" content=\"Dur\u00e9e de lecture est.\" \/>\n\t<meta name=\"twitter:data2\" content=\"2 minutes\" \/>\n<script type=\"application\/ld+json\" class=\"yoast-schema-graph\">{\"@context\":\"https:\/\/schema.org\",\"@graph\":[{\"@type\":\"Article\",\"@id\":\"https:\/\/vieassociative.be\/actualites\/mon-offre-amazon-preferee-du-jour-ces-ecouteurs-bose-quietcomfort\/#article\",\"isPartOf\":{\"@id\":\"https:\/\/vieassociative.be\/actualites\/mon-offre-amazon-preferee-du-jour-ces-ecouteurs-bose-quietcomfort\/\"},\"author\":{\"name\":\"Julien\",\"@id\":\"https:\/\/vieassociative.be\/actualites\/#\/schema\/person\/b87ac4f82f9d4e7b7cec7395b679edc4\"},\"headline\":\"Mon offre Amazon pr\u00e9f\u00e9r\u00e9e du jour : ces \u00e9couteurs Bose QuietComfort\",\"datePublished\":\"2024-11-07T19:23:38+00:00\",\"dateModified\":\"2024-11-07T19:23:38+00:00\",\"mainEntityOfPage\":{\"@id\":\"https:\/\/vieassociative.be\/actualites\/mon-offre-amazon-preferee-du-jour-ces-ecouteurs-bose-quietcomfort\/\"},\"wordCount\":410,\"publisher\":{\"@id\":\"https:\/\/vieassociative.be\/actualites\/#organization\"},\"image\":{\"@id\":\"https:\/\/vieassociative.be\/actualites\/mon-offre-amazon-preferee-du-jour-ces-ecouteurs-bose-quietcomfort\/#primaryimage\"},\"thumbnailUrl\":\"https:\/\/vieassociative.be\/actualites\/wp-content\/uploads\/2024\/11\/Mon-offre-Amazon-preferee-du-jour-ces-ecouteurs-Bose.png\",\"keywords\":[\"Amazon\",\"Bose\",\"ces\",\"\u00e9couteurs\",\"jour\",\"Mon\",\"offre\",\"pr\u00e9f\u00e9r\u00e9e\",\"QuietComfort\"],\"articleSection\":[\"Technologie\"],\"inLanguage\":\"fr-BE\"},{\"@type\":\"WebPage\",\"@id\":\"https:\/\/vieassociative.be\/actualites\/mon-offre-amazon-preferee-du-jour-ces-ecouteurs-bose-quietcomfort\/\",\"url\":\"https:\/\/vieassociative.be\/actualites\/mon-offre-amazon-preferee-du-jour-ces-ecouteurs-bose-quietcomfort\/\",\"name\":\"Mon offre Amazon pr\u00e9f\u00e9r\u00e9e du jour : ces \u00e9couteurs Bose QuietComfort | Vie Associative\",\"isPartOf\":{\"@id\":\"https:\/\/vieassociative.be\/actualites\/#website\"},\"primaryImageOfPage\":{\"@id\":\"https:\/\/vieassociative.be\/actualites\/mon-offre-amazon-preferee-du-jour-ces-ecouteurs-bose-quietcomfort\/#primaryimage\"},\"image\":{\"@id\":\"https:\/\/vieassociative.be\/actualites\/mon-offre-amazon-preferee-du-jour-ces-ecouteurs-bose-quietcomfort\/#primaryimage\"},\"thumbnailUrl\":\"https:\/\/vieassociative.be\/actualites\/wp-content\/uploads\/2024\/11\/Mon-offre-Amazon-preferee-du-jour-ces-ecouteurs-Bose.png\",\"datePublished\":\"2024-11-07T19:23:38+00:00\",\"dateModified\":\"2024-11-07T19:23:38+00:00\",\"breadcrumb\":{\"@id\":\"https:\/\/vieassociative.be\/actualites\/mon-offre-amazon-preferee-du-jour-ces-ecouteurs-bose-quietcomfort\/#breadcrumb\"},\"inLanguage\":\"fr-BE\",\"potentialAction\":[{\"@type\":\"ReadAction\",\"target\":[\"https:\/\/vieassociative.be\/actualites\/mon-offre-amazon-preferee-du-jour-ces-ecouteurs-bose-quietcomfort\/\"]}]},{\"@type\":\"ImageObject\",\"inLanguage\":\"fr-BE\",\"@id\":\"https:\/\/vieassociative.be\/actualites\/mon-offre-amazon-preferee-du-jour-ces-ecouteurs-bose-quietcomfort\/#primaryimage\",\"url\":\"https:\/\/vieassociative.be\/actualites\/wp-content\/uploads\/2024\/11\/Mon-offre-Amazon-preferee-du-jour-ces-ecouteurs-Bose.png\",\"contentUrl\":\"https:\/\/vieassociative.be\/actualites\/wp-content\/uploads\/2024\/11\/Mon-offre-Amazon-preferee-du-jour-ces-ecouteurs-Bose.png\",\"width\":1200,\"height\":675,\"caption\":\"Mon offre Amazon pr\u00e9f\u00e9r\u00e9e du jour : ces \u00e9couteurs Bose QuietComfort\"},{\"@type\":\"BreadcrumbList\",\"@id\":\"https:\/\/vieassociative.be\/actualites\/mon-offre-amazon-preferee-du-jour-ces-ecouteurs-bose-quietcomfort\/#breadcrumb\",\"itemListElement\":[{\"@type\":\"ListItem\",\"position\":1,\"name\":\"Accueil\",\"item\":\"https:\/\/vieassociative.be\/actualites\/\"},{\"@type\":\"ListItem\",\"position\":2,\"name\":\"Mon offre Amazon pr\u00e9f\u00e9r\u00e9e du jour : ces \u00e9couteurs Bose QuietComfort\"}]},{\"@type\":\"WebSite\",\"@id\":\"https:\/\/vieassociative.be\/actualites\/#website\",\"url\":\"https:\/\/vieassociative.be\/actualites\/\",\"name\":\"Vie Associative\",\"description\":\"\",\"publisher\":{\"@id\":\"https:\/\/vieassociative.be\/actualites\/#organization\"},\"potentialAction\":[{\"@type\":\"SearchAction\",\"target\":{\"@type\":\"EntryPoint\",\"urlTemplate\":\"https:\/\/vieassociative.be\/actualites\/?s={search_term_string}\"},\"query-input\":{\"@type\":\"PropertyValueSpecification\",\"valueRequired\":true,\"valueName\":\"search_term_string\"}}],\"inLanguage\":\"fr-BE\"},{\"@type\":\"Organization\",\"@id\":\"https:\/\/vieassociative.be\/actualites\/#organization\",\"name\":\"Vie Associative\",\"url\":\"https:\/\/vieassociative.be\/actualites\/\",\"logo\":{\"@type\":\"ImageObject\",\"inLanguage\":\"fr-BE\",\"@id\":\"https:\/\/vieassociative.be\/actualites\/#\/schema\/logo\/image\/\",\"url\":\"https:\/\/vieassociative.be\/actualites\/wp-content\/uploads\/2024\/09\/cropped-vieassociative_favicon.ico.png\",\"contentUrl\":\"https:\/\/vieassociative.be\/actualites\/wp-content\/uploads\/2024\/09\/cropped-vieassociative_favicon.ico.png\",\"width\":512,\"height\":512,\"caption\":\"Vie Associative\"},\"image\":{\"@id\":\"https:\/\/vieassociative.be\/actualites\/#\/schema\/logo\/image\/\"}},{\"@type\":\"Person\",\"@id\":\"https:\/\/vieassociative.be\/actualites\/#\/schema\/person\/b87ac4f82f9d4e7b7cec7395b679edc4\",\"name\":\"Julien\",\"image\":{\"@type\":\"ImageObject\",\"inLanguage\":\"fr-BE\",\"@id\":\"https:\/\/vieassociative.be\/actualites\/#\/schema\/person\/image\/\",\"url\":\"https:\/\/vieassociative.be\/actualites\/wp-content\/uploads\/2024\/09\/vie-associative-1-150x150.jpg\",\"contentUrl\":\"https:\/\/vieassociative.be\/actualites\/wp-content\/uploads\/2024\/09\/vie-associative-1-150x150.jpg\",\"caption\":\"Julien\"},\"description\":\"Je suis Julien, r\u00e9dacteur pour Vie Associative. Passionn\u00e9 par le monde associatif depuis plus de 10 ans, j'ai \u00e0 c\u0153ur de partager des histoires inspirantes et de mettre en lumi\u00e8re les initiatives locales. Mon objectif est de sensibiliser et d'encourager l'engagement communautaire \u00e0 travers mes articles.\",\"sameAs\":[\"https:\/\/vieassociative.be\/\"]}]}<\/script>\n<!-- \/ Yoast SEO plugin. -->","yoast_head_json":{"title":"Mon offre Amazon pr\u00e9f\u00e9r\u00e9e du jour : ces \u00e9couteurs Bose QuietComfort | Vie Associative","robots":{"index":"index","follow":"follow","max-snippet":"max-snippet:-1","max-image-preview":"max-image-preview:large","max-video-preview":"max-video-preview:-1"},"canonical":"https:\/\/vieassociative.be\/actualites\/mon-offre-amazon-preferee-du-jour-ces-ecouteurs-bose-quietcomfort\/","og_locale":"fr_FR","og_type":"article","og_title":"Mon offre Amazon pr\u00e9f\u00e9r\u00e9e du jour : ces \u00e9couteurs Bose QuietComfort | Vie Associative","og_description":"L\u2019un des meilleurs \u00e9couteurs pour l\u2019audio et l\u2019ANC est actuellement \u00e0 150 $ de r\u00e9duction, un nouveau prix record. Bose est un nom reconnu dans","og_url":"https:\/\/vieassociative.be\/actualites\/mon-offre-amazon-preferee-du-jour-ces-ecouteurs-bose-quietcomfort\/","og_site_name":"Vie Associative","article_published_time":"2024-11-07T19:23:38+00:00","og_image":[{"width":279,"height":92,"url":"https:\/\/vieassociative.be\/actualites\/wp-content\/uploads\/2024\/09\/header_backgroundk-01-e1726694325946.png","type":"image\/png"}],"author":"Julien","twitter_card":"summary_large_image","twitter_misc":{"\u00c9crit par":"Julien","Dur\u00e9e de lecture est.":"2 minutes"},"schema":{"@context":"https:\/\/schema.org","@graph":[{"@type":"Article","@id":"https:\/\/vieassociative.be\/actualites\/mon-offre-amazon-preferee-du-jour-ces-ecouteurs-bose-quietcomfort\/#article","isPartOf":{"@id":"https:\/\/vieassociative.be\/actualites\/mon-offre-amazon-preferee-du-jour-ces-ecouteurs-bose-quietcomfort\/"},"author":{"name":"Julien","@id":"https:\/\/vieassociative.be\/actualites\/#\/schema\/person\/b87ac4f82f9d4e7b7cec7395b679edc4"},"headline":"Mon offre Amazon pr\u00e9f\u00e9r\u00e9e du jour : ces \u00e9couteurs Bose QuietComfort","datePublished":"2024-11-07T19:23:38+00:00","dateModified":"2024-11-07T19:23:38+00:00","mainEntityOfPage":{"@id":"https:\/\/vieassociative.be\/actualites\/mon-offre-amazon-preferee-du-jour-ces-ecouteurs-bose-quietcomfort\/"},"wordCount":410,"publisher":{"@id":"https:\/\/vieassociative.be\/actualites\/#organization"},"image":{"@id":"https:\/\/vieassociative.be\/actualites\/mon-offre-amazon-preferee-du-jour-ces-ecouteurs-bose-quietcomfort\/#primaryimage"},"thumbnailUrl":"https:\/\/vieassociative.be\/actualites\/wp-content\/uploads\/2024\/11\/Mon-offre-Amazon-preferee-du-jour-ces-ecouteurs-Bose.png","keywords":["Amazon","Bose","ces","\u00e9couteurs","jour","Mon","offre","pr\u00e9f\u00e9r\u00e9e","QuietComfort"],"articleSection":["Technologie"],"inLanguage":"fr-BE"},{"@type":"WebPage","@id":"https:\/\/vieassociative.be\/actualites\/mon-offre-amazon-preferee-du-jour-ces-ecouteurs-bose-quietcomfort\/","url":"https:\/\/vieassociative.be\/actualites\/mon-offre-amazon-preferee-du-jour-ces-ecouteurs-bose-quietcomfort\/","name":"Mon offre Amazon pr\u00e9f\u00e9r\u00e9e du jour : ces \u00e9couteurs Bose QuietComfort | Vie Associative","isPartOf":{"@id":"https:\/\/vieassociative.be\/actualites\/#website"},"primaryImageOfPage":{"@id":"https:\/\/vieassociative.be\/actualites\/mon-offre-amazon-preferee-du-jour-ces-ecouteurs-bose-quietcomfort\/#primaryimage"},"image":{"@id":"https:\/\/vieassociative.be\/actualites\/mon-offre-amazon-preferee-du-jour-ces-ecouteurs-bose-quietcomfort\/#primaryimage"},"thumbnailUrl":"https:\/\/vieassociative.be\/actualites\/wp-content\/uploads\/2024\/11\/Mon-offre-Amazon-preferee-du-jour-ces-ecouteurs-Bose.png","datePublished":"2024-11-07T19:23:38+00:00","dateModified":"2024-11-07T19:23:38+00:00","breadcrumb":{"@id":"https:\/\/vieassociative.be\/actualites\/mon-offre-amazon-preferee-du-jour-ces-ecouteurs-bose-quietcomfort\/#breadcrumb"},"inLanguage":"fr-BE","potentialAction":[{"@type":"ReadAction","target":["https:\/\/vieassociative.be\/actualites\/mon-offre-amazon-preferee-du-jour-ces-ecouteurs-bose-quietcomfort\/"]}]},{"@type":"ImageObject","inLanguage":"fr-BE","@id":"https:\/\/vieassociative.be\/actualites\/mon-offre-amazon-preferee-du-jour-ces-ecouteurs-bose-quietcomfort\/#primaryimage","url":"https:\/\/vieassociative.be\/actualites\/wp-content\/uploads\/2024\/11\/Mon-offre-Amazon-preferee-du-jour-ces-ecouteurs-Bose.png","contentUrl":"https:\/\/vieassociative.be\/actualites\/wp-content\/uploads\/2024\/11\/Mon-offre-Amazon-preferee-du-jour-ces-ecouteurs-Bose.png","width":1200,"height":675,"caption":"Mon offre Amazon pr\u00e9f\u00e9r\u00e9e du jour : ces \u00e9couteurs Bose QuietComfort"},{"@type":"BreadcrumbList","@id":"https:\/\/vieassociative.be\/actualites\/mon-offre-amazon-preferee-du-jour-ces-ecouteurs-bose-quietcomfort\/#breadcrumb","itemListElement":[{"@type":"ListItem","position":1,"name":"Accueil","item":"https:\/\/vieassociative.be\/actualites\/"},{"@type":"ListItem","position":2,"name":"Mon offre Amazon pr\u00e9f\u00e9r\u00e9e du jour : ces \u00e9couteurs Bose QuietComfort"}]},{"@type":"WebSite","@id":"https:\/\/vieassociative.be\/actualites\/#website","url":"https:\/\/vieassociative.be\/actualites\/","name":"Vie Associative","description":"","publisher":{"@id":"https:\/\/vieassociative.be\/actualites\/#organization"},"potentialAction":[{"@type":"SearchAction","target":{"@type":"EntryPoint","urlTemplate":"https:\/\/vieassociative.be\/actualites\/?s={search_term_string}"},"query-input":{"@type":"PropertyValueSpecification","valueRequired":true,"valueName":"search_term_string"}}],"inLanguage":"fr-BE"},{"@type":"Organization","@id":"https:\/\/vieassociative.be\/actualites\/#organization","name":"Vie Associative","url":"https:\/\/vieassociative.be\/actualites\/","logo":{"@type":"ImageObject","inLanguage":"fr-BE","@id":"https:\/\/vieassociative.be\/actualites\/#\/schema\/logo\/image\/","url":"https:\/\/vieassociative.be\/actualites\/wp-content\/uploads\/2024\/09\/cropped-vieassociative_favicon.ico.png","contentUrl":"https:\/\/vieassociative.be\/actualites\/wp-content\/uploads\/2024\/09\/cropped-vieassociative_favicon.ico.png","width":512,"height":512,"caption":"Vie Associative"},"image":{"@id":"https:\/\/vieassociative.be\/actualites\/#\/schema\/logo\/image\/"}},{"@type":"Person","@id":"https:\/\/vieassociative.be\/actualites\/#\/schema\/person\/b87ac4f82f9d4e7b7cec7395b679edc4","name":"Julien","image":{"@type":"ImageObject","inLanguage":"fr-BE","@id":"https:\/\/vieassociative.be\/actualites\/#\/schema\/person\/image\/","url":"https:\/\/vieassociative.be\/actualites\/wp-content\/uploads\/2024\/09\/vie-associative-1-150x150.jpg","contentUrl":"https:\/\/vieassociative.be\/actualites\/wp-content\/uploads\/2024\/09\/vie-associative-1-150x150.jpg","caption":"Julien"},"description":"Je suis Julien, r\u00e9dacteur pour Vie Associative. Passionn\u00e9 par le monde associatif depuis plus de 10 ans, j'ai \u00e0 c\u0153ur de partager des histoires inspirantes et de mettre en lumi\u00e8re les initiatives locales. Mon objectif est de sensibiliser et d'encourager l'engagement communautaire \u00e0 travers mes articles.","sameAs":["https:\/\/vieassociative.be\/"]}]}},"_links":{"self":[{"href":"https:\/\/vieassociative.be\/actualites\/wp-json\/wp\/v2\/posts\/2149"}],"collection":[{"href":"https:\/\/vieassociative.be\/actualites\/wp-json\/wp\/v2\/posts"}],"about":[{"href":"https:\/\/vieassociative.be\/actualites\/wp-json\/wp\/v2\/types\/post"}],"author":[{"embeddable":true,"href":"https:\/\/vieassociative.be\/actualites\/wp-json\/wp\/v2\/users\/1"}],"replies":[{"embeddable":true,"href":"https:\/\/vieassociative.be\/actualites\/wp-json\/wp\/v2\/comments?post=2149"}],"version-history":[{"count":0,"href":"https:\/\/vieassociative.be\/actualites\/wp-json\/wp\/v2\/posts\/2149\/revisions"}],"wp:featuredmedia":[{"embeddable":true,"href":"https:\/\/vieassociative.be\/actualites\/wp-json\/wp\/v2\/media\/2150"}],"wp:attachment":[{"href":"https:\/\/vieassociative.be\/actualites\/wp-json\/wp\/v2\/media?parent=2149"}],"wp:term":[{"taxonomy":"category","embeddable":true,"href":"https:\/\/vieassociative.be\/actualites\/wp-json\/wp\/v2\/categories?post=2149"},{"taxonomy":"post_tag","embeddable":true,"href":"https:\/\/vieassociative.be\/actualites\/wp-json\/wp\/v2\/tags?post=2149"}],"curies":[{"name":"wp","href":"https:\/\/api.w.org\/{rel}","templated":true}]}}