{"id":2145,"date":"2024-11-07T18:18:17","date_gmt":"2024-11-07T17:18:17","guid":{"rendered":"https:\/\/vieassociative.be\/actualites\/comment-arreter-de-crier-apres-votre-enfant-a-propos-de-lutilisation-de-son-telephone\/"},"modified":"2024-11-07T18:18:17","modified_gmt":"2024-11-07T17:18:17","slug":"comment-arreter-de-crier-apres-votre-enfant-a-propos-de-lutilisation-de-son-telephone","status":"publish","type":"post","link":"https:\/\/vieassociative.be\/actualites\/comment-arreter-de-crier-apres-votre-enfant-a-propos-de-lutilisation-de-son-telephone\/","title":{"rendered":"Comment arr\u00eater de crier apr\u00e8s votre enfant \u00e0 propos de l&rsquo;utilisation de son t\u00e9l\u00e9phone"},"content":{"rendered":"<div class=\"mt-4 leading-6 md:mb-8\">Au lieu de dicter des r\u00e8gles, travaillez avec eux pour \u00e9laborer un plan d\u2019utilisation responsable du t\u00e9l\u00e9phone.<\/div>\n<p><\/p>\n<p>Vous ne pouvez pas reprocher aux adolescents d\u2019\u00eatre tr\u00e8s attach\u00e9s \u00e0 leur t\u00e9l\u00e9phone. Nous leur avons donn\u00e9 une technologie qui leur offre un acc\u00e8s illimit\u00e9 \u00e0 leurs amis et au monde entier. Bien s\u00fbr, ils voudront l&rsquo;utiliser autant qu&rsquo;ils le pourront. (N&rsquo;est-ce pas ?)<\/p>\n<p>Selon une \u00e9tude de Pew Research r\u00e9alis\u00e9e en 2022, 95 % des adolescents aux \u00c9tats-Unis utilisent YouTube, 67 % utilisent TikTok, 62 % utilisent Instagram, 59 % utilisent Snapchat et 32 \u200b\u200b% utilisent Facebook. Et 35\u00a0% des adolescents ont d\u00e9clar\u00e9 utiliser l&rsquo;un de ces cinq meilleurs sites \u00ab\u00a0presque constamment\u00a0\u00bb. Jim White, coach parental et auteur de<em> Comment \u00eatre le parent que votre adolescent a besoin que vous soyez<\/em>a dit plus que toute autre question, les parents d&rsquo;adolescents lui demandent comment g\u00e9rer l&rsquo;utilisation du t\u00e9l\u00e9phone de leurs enfants.<\/p>\n<p>\u00ab\u00a0Je dirais que l&rsquo;utilisation responsable des m\u00e9dias sociaux est le probl\u00e8me num\u00e9ro un auquel sont confront\u00e9s les parents aujourd&rsquo;hui\u00a0\u00bb, a d\u00e9clar\u00e9 White. \u00ab\u00a0Les parents s&rsquo;inqui\u00e8tent de la perte de comp\u00e9tences sociales, de l&rsquo;impact sur la sant\u00e9 et sur le travail scolaire, du risque de publications inappropri\u00e9es, de pr\u00e9dateurs sexuels et de harc\u00e8lement de leurs enfants.\u00a0\u00bb<\/p>\n<p>C&rsquo;est beaucoup. Mais White a partag\u00e9 avec nous son approche en trois \u00e9tapes pour aider les enfants \u00e0 utiliser leurs appareils de mani\u00e8re plus responsable, et cela revient \u00e0 les inclure dans le processus plut\u00f4t que de dicter des r\u00e8gles strictes et rapides.<\/p>\n<h2 id=\"step-one-shift-your-mindset\">Premi\u00e8re \u00e9tape\u00a0: Changez votre \u00e9tat d\u2019esprit<\/h2>\n<p>La triste r\u00e9alit\u00e9 est que votre capacit\u00e9 \u00e0 contr\u00f4ler la vie num\u00e9rique de votre adolescent ne fera que diminuer \u00e0 mesure qu\u2019il vieillit. Au lieu de contr\u00f4ler, fixez-vous pour objectif de responsabiliser votre enfant afin qu&rsquo;il puisse faire des choix et r\u00e9guler sa propre activit\u00e9 en ligne.<\/p>\n<p>\u00ab\u00a0N&rsquo;essayez plus de contr\u00f4ler ce que fait votre adolescent sur les r\u00e9seaux sociaux mais donnez-lui les moyens de faire des choix responsables\u00a0\u00bb, a d\u00e9clar\u00e9 White.<\/p>\n<p>Pour passer du contr\u00f4le \u00e0 l&rsquo;autonomisation, devenez plus conscient de la fa\u00e7on dont vous r\u00e9agissez \u00e0 l&rsquo;utilisation de leur t\u00e9l\u00e9phone.<\/p>\n<p>\u00ab La prochaine fois que vous serez confront\u00e9 \u00e0 un conflit autour des r\u00e9seaux sociaux avec votre adolescent, faites une pause. Remarquez comment vous essayez de contr\u00f4ler ce que fait votre adolescent \u00bb, a d\u00e9clar\u00e9 White. \u00ab\u00a0Alors demandez-vous\u00a0: comment cette circonstance pourrait-elle \u00eatre une opportunit\u00e9 d&rsquo;\u00e9tablir des liens ou de permettre \u00e0 mon fils\/ma fille de faire un choix responsable\u00a0?\u00a0\u00bb<\/p>\n<h2 id=\"step-two-be-curious-and-build-connections\">Deuxi\u00e8me \u00e9tape\u00a0: soyez curieux et \u00e9tablissez des liens<\/h2>\n<p>\u00ab\u00a0La capacit\u00e9 d&rsquo;influencer ou d&rsquo;autonomiser un adolescent est directement li\u00e9e \u00e0 la qualit\u00e9 du lien entre l&rsquo;adolescent et son parent\u00a0\u00bb, a d\u00e9clar\u00e9 White. Il sugg\u00e8re de commencer la conversation sur l&rsquo;utilisation du t\u00e9l\u00e9phone et des r\u00e9seaux sociaux par ces questions\u00a0:<\/p>\n<ul>\n<li>\n<p>Quelle plateforme de m\u00e9dias sociaux pr\u00e9f\u00e9rez-vous ? <\/p>\n<\/li>\n<li>\n<p>Qu\u2019est-ce que vous aimez l\u00e0-dedans ?<\/p>\n<\/li>\n<li>\n<p>Quel est le plus grand avantage des m\u00e9dias sociaux ?<\/p>\n<\/li>\n<li>\n<p>Quels sont les inconv\u00e9nients des r\u00e9seaux sociaux ?<\/p>\n<\/li>\n<li>\n<p>Que se passerait-il si vous ne pouviez pas utiliser les r\u00e9seaux sociaux pendant une journ\u00e9e enti\u00e8re\u00a0?<\/p>\n<\/li>\n<\/ul>\n<p>\u00ab\u00a0Pendant que votre adolescent r\u00e9pond \u00e0 ces questions, r\u00e9sistez \u00e0 l&rsquo;envie de rejeter ses opinions ou de les juger comme fausses\u00a0\u00bb, a d\u00e9clar\u00e9 White. \u00ab\u00a0C&rsquo;est le moyen le plus rapide de faire taire votre adolescent.\u00a0\u00bb N&rsquo;oubliez pas qu&rsquo;il ne s&rsquo;agit pas d&rsquo;un d\u00e9bat et que vous n&rsquo;\u00eates pas l\u00e0 pour corriger leurs opinions. Vous collectez des informations afin de mieux comprendre votre enfant.<\/p>\n<h2 id=\"step-three-empower-your-teen-to-use-technology-responsibly\">Troisi\u00e8me \u00e9tape\u00a0: donnez \u00e0 votre adolescent les moyens d\u2019utiliser la technologie de mani\u00e8re responsable<\/h2>\n<p>Enfin, travaillez avec votre enfant pour cr\u00e9er un plan afin que votre adolescent puisse profiter des avantages de l&rsquo;utilisation des m\u00e9dias sociaux tout en minimisant les risques. N\u2019oubliez pas qu\u2019il s\u2019agit de leur donner le pouvoir de faire de bons choix.<\/p>\n<p>\u00ab Pour chaque sujet pertinent, je recommande \u00e0 l\u2019adolescent de partager d\u2019abord ses r\u00e9flexions et ses opinions. Ensuite, les parents partagent leurs r\u00e9flexions et opinions. Lorsqu\u2019il y a un \u00e9cart, \u00e9laborez un plan pour combler l\u2019\u00e9cart \u00bb, a d\u00e9clar\u00e9 White.<\/p>\n<p>D\u00e9marrez votre s\u00e9ance de planification avec ces sujets\u00a0:<\/p>\n<ul>\n<li>\n<p>O\u00f9, quand et dans quelle mesure l\u2019utilisation des m\u00e9dias sociaux est-elle appropri\u00e9e\u00a0?<\/p>\n<\/li>\n<li>\n<p>Comment pouvez-vous rester en s\u00e9curit\u00e9 en ligne\u00a0?<\/p>\n<\/li>\n<li>\n<p>Comment adopter une bonne \u00e9tiquette sur les r\u00e9seaux sociaux <\/p>\n<\/li>\n<li>\n<p>Qu&rsquo;est-ce qui est acceptable de publier et ce qui ne l&rsquo;est pas<\/p>\n<\/li>\n<li>\n<p>Comment savoir si vous devez croire quelque chose que vous lisez sur Internet<\/p>\n<\/li>\n<\/ul>\n<p>En th\u00e9orie, suivre ce format signifie que les parents et les adolescents sauront ce qui est attendu, car vous avez collabor\u00e9 pour d\u00e9finir les limites.<\/p>\n<p>\u00ab\u00a0J&rsquo;encourage les parents \u00e0 ne jamais sous-estimer le pouvoir de leurs attentes\u00a0\u00bb, a d\u00e9clar\u00e9 White. \u00ab\u00a0Si vous voyez votre adolescent comme un jeune adulte r\u00e9fl\u00e9chi et responsable, vous pourriez \u00eatre surpris de voir \u00e0 quel point il peut \u00eatre r\u00e9fl\u00e9chi et responsable.\u00a0\u00bb<\/p>\n","protected":false},"excerpt":{"rendered":"<p>Au lieu de dicter des r\u00e8gles, travaillez avec eux pour \u00e9laborer un plan d\u2019utilisation responsable du t\u00e9l\u00e9phone. Vous ne pouvez pas reprocher aux adolescents d\u2019\u00eatre<\/p>\n","protected":false},"author":1,"featured_media":2146,"comment_status":"","ping_status":"","sticky":false,"template":"","format":"standard","meta":{"footnotes":""},"categories":[37],"tags":[472,1575,44,1699,295,450,1496,800,542,8],"class_list":["post-2145","post","type-post","status-publish","format-standard","has-post-thumbnail","hentry","category-famille","tag-apres","tag-arreter","tag-comment","tag-crier","tag-enfant","tag-lutilisation","tag-propos","tag-son","tag-telephone","tag-votre","generate-columns","tablet-grid-50","mobile-grid-100","grid-parent","grid-33"],"yoast_head":"<!-- This site is optimized with the Yoast SEO plugin v24.0 - https:\/\/yoast.com\/wordpress\/plugins\/seo\/ -->\n<title>Comment arr\u00eater de crier apr\u00e8s votre enfant \u00e0 propos de l&#039;utilisation de son t\u00e9l\u00e9phone | Vie Associative<\/title>\n<meta name=\"robots\" content=\"index, follow, max-snippet:-1, max-image-preview:large, max-video-preview:-1\" \/>\n<link rel=\"canonical\" href=\"https:\/\/vieassociative.be\/actualites\/comment-arreter-de-crier-apres-votre-enfant-a-propos-de-lutilisation-de-son-telephone\/\" \/>\n<meta property=\"og:locale\" content=\"fr_FR\" \/>\n<meta property=\"og:type\" content=\"article\" \/>\n<meta property=\"og:title\" content=\"Comment arr\u00eater de crier apr\u00e8s votre enfant \u00e0 propos de l&#039;utilisation de son t\u00e9l\u00e9phone | Vie Associative\" \/>\n<meta property=\"og:description\" content=\"Au lieu de dicter des r\u00e8gles, travaillez avec eux pour \u00e9laborer un plan d\u2019utilisation responsable du t\u00e9l\u00e9phone. Vous ne pouvez pas reprocher aux adolescents d\u2019\u00eatre\" \/>\n<meta property=\"og:url\" content=\"https:\/\/vieassociative.be\/actualites\/comment-arreter-de-crier-apres-votre-enfant-a-propos-de-lutilisation-de-son-telephone\/\" \/>\n<meta property=\"og:site_name\" content=\"Vie Associative\" \/>\n<meta property=\"article:published_time\" content=\"2024-11-07T17:18:17+00:00\" \/>\n<meta property=\"og:image\" content=\"https:\/\/vieassociative.be\/actualites\/wp-content\/uploads\/2024\/09\/header_backgroundk-01-e1726694325946.png\" \/>\n\t<meta property=\"og:image:width\" content=\"279\" \/>\n\t<meta property=\"og:image:height\" content=\"92\" \/>\n\t<meta property=\"og:image:type\" content=\"image\/png\" \/>\n<meta name=\"author\" content=\"Julien\" \/>\n<meta name=\"twitter:card\" content=\"summary_large_image\" \/>\n<meta name=\"twitter:label1\" content=\"\u00c9crit par\" \/>\n\t<meta name=\"twitter:data1\" content=\"Julien\" \/>\n\t<meta name=\"twitter:label2\" content=\"Dur\u00e9e de lecture est.\" \/>\n\t<meta name=\"twitter:data2\" content=\"4 minutes\" \/>\n<script type=\"application\/ld+json\" class=\"yoast-schema-graph\">{\"@context\":\"https:\/\/schema.org\",\"@graph\":[{\"@type\":\"Article\",\"@id\":\"https:\/\/vieassociative.be\/actualites\/comment-arreter-de-crier-apres-votre-enfant-a-propos-de-lutilisation-de-son-telephone\/#article\",\"isPartOf\":{\"@id\":\"https:\/\/vieassociative.be\/actualites\/comment-arreter-de-crier-apres-votre-enfant-a-propos-de-lutilisation-de-son-telephone\/\"},\"author\":{\"name\":\"Julien\",\"@id\":\"https:\/\/vieassociative.be\/actualites\/#\/schema\/person\/b87ac4f82f9d4e7b7cec7395b679edc4\"},\"headline\":\"Comment arr\u00eater de crier apr\u00e8s votre enfant \u00e0 propos de l&rsquo;utilisation de son t\u00e9l\u00e9phone\",\"datePublished\":\"2024-11-07T17:18:17+00:00\",\"dateModified\":\"2024-11-07T17:18:17+00:00\",\"mainEntityOfPage\":{\"@id\":\"https:\/\/vieassociative.be\/actualites\/comment-arreter-de-crier-apres-votre-enfant-a-propos-de-lutilisation-de-son-telephone\/\"},\"wordCount\":897,\"publisher\":{\"@id\":\"https:\/\/vieassociative.be\/actualites\/#organization\"},\"image\":{\"@id\":\"https:\/\/vieassociative.be\/actualites\/comment-arreter-de-crier-apres-votre-enfant-a-propos-de-lutilisation-de-son-telephone\/#primaryimage\"},\"thumbnailUrl\":\"https:\/\/vieassociative.be\/actualites\/wp-content\/uploads\/2024\/11\/Comment-arreter-de-crier-apres-votre-enfant-a-propos-de.jpg\",\"keywords\":[\"Apr\u00e8s\",\"arr\u00eater\",\"Comment\",\"crier\",\"enfant\",\"lutilisation\",\"propos\",\"son\",\"t\u00e9l\u00e9phone\",\"votre\"],\"articleSection\":[\"Famille\"],\"inLanguage\":\"fr-BE\"},{\"@type\":\"WebPage\",\"@id\":\"https:\/\/vieassociative.be\/actualites\/comment-arreter-de-crier-apres-votre-enfant-a-propos-de-lutilisation-de-son-telephone\/\",\"url\":\"https:\/\/vieassociative.be\/actualites\/comment-arreter-de-crier-apres-votre-enfant-a-propos-de-lutilisation-de-son-telephone\/\",\"name\":\"Comment arr\u00eater de crier apr\u00e8s votre enfant \u00e0 propos de l'utilisation de son t\u00e9l\u00e9phone | Vie Associative\",\"isPartOf\":{\"@id\":\"https:\/\/vieassociative.be\/actualites\/#website\"},\"primaryImageOfPage\":{\"@id\":\"https:\/\/vieassociative.be\/actualites\/comment-arreter-de-crier-apres-votre-enfant-a-propos-de-lutilisation-de-son-telephone\/#primaryimage\"},\"image\":{\"@id\":\"https:\/\/vieassociative.be\/actualites\/comment-arreter-de-crier-apres-votre-enfant-a-propos-de-lutilisation-de-son-telephone\/#primaryimage\"},\"thumbnailUrl\":\"https:\/\/vieassociative.be\/actualites\/wp-content\/uploads\/2024\/11\/Comment-arreter-de-crier-apres-votre-enfant-a-propos-de.jpg\",\"datePublished\":\"2024-11-07T17:18:17+00:00\",\"dateModified\":\"2024-11-07T17:18:17+00:00\",\"breadcrumb\":{\"@id\":\"https:\/\/vieassociative.be\/actualites\/comment-arreter-de-crier-apres-votre-enfant-a-propos-de-lutilisation-de-son-telephone\/#breadcrumb\"},\"inLanguage\":\"fr-BE\",\"potentialAction\":[{\"@type\":\"ReadAction\",\"target\":[\"https:\/\/vieassociative.be\/actualites\/comment-arreter-de-crier-apres-votre-enfant-a-propos-de-lutilisation-de-son-telephone\/\"]}]},{\"@type\":\"ImageObject\",\"inLanguage\":\"fr-BE\",\"@id\":\"https:\/\/vieassociative.be\/actualites\/comment-arreter-de-crier-apres-votre-enfant-a-propos-de-lutilisation-de-son-telephone\/#primaryimage\",\"url\":\"https:\/\/vieassociative.be\/actualites\/wp-content\/uploads\/2024\/11\/Comment-arreter-de-crier-apres-votre-enfant-a-propos-de.jpg\",\"contentUrl\":\"https:\/\/vieassociative.be\/actualites\/wp-content\/uploads\/2024\/11\/Comment-arreter-de-crier-apres-votre-enfant-a-propos-de.jpg\",\"width\":1200,\"height\":675,\"caption\":\"Comment arr\u00eater de crier apr\u00e8s votre enfant \u00e0 propos de l'utilisation de son t\u00e9l\u00e9phone\"},{\"@type\":\"BreadcrumbList\",\"@id\":\"https:\/\/vieassociative.be\/actualites\/comment-arreter-de-crier-apres-votre-enfant-a-propos-de-lutilisation-de-son-telephone\/#breadcrumb\",\"itemListElement\":[{\"@type\":\"ListItem\",\"position\":1,\"name\":\"Accueil\",\"item\":\"https:\/\/vieassociative.be\/actualites\/\"},{\"@type\":\"ListItem\",\"position\":2,\"name\":\"Comment arr\u00eater de crier apr\u00e8s votre enfant \u00e0 propos de l&rsquo;utilisation de son t\u00e9l\u00e9phone\"}]},{\"@type\":\"WebSite\",\"@id\":\"https:\/\/vieassociative.be\/actualites\/#website\",\"url\":\"https:\/\/vieassociative.be\/actualites\/\",\"name\":\"Vie Associative\",\"description\":\"\",\"publisher\":{\"@id\":\"https:\/\/vieassociative.be\/actualites\/#organization\"},\"potentialAction\":[{\"@type\":\"SearchAction\",\"target\":{\"@type\":\"EntryPoint\",\"urlTemplate\":\"https:\/\/vieassociative.be\/actualites\/?s={search_term_string}\"},\"query-input\":{\"@type\":\"PropertyValueSpecification\",\"valueRequired\":true,\"valueName\":\"search_term_string\"}}],\"inLanguage\":\"fr-BE\"},{\"@type\":\"Organization\",\"@id\":\"https:\/\/vieassociative.be\/actualites\/#organization\",\"name\":\"Vie Associative\",\"url\":\"https:\/\/vieassociative.be\/actualites\/\",\"logo\":{\"@type\":\"ImageObject\",\"inLanguage\":\"fr-BE\",\"@id\":\"https:\/\/vieassociative.be\/actualites\/#\/schema\/logo\/image\/\",\"url\":\"https:\/\/vieassociative.be\/actualites\/wp-content\/uploads\/2024\/09\/cropped-vieassociative_favicon.ico.png\",\"contentUrl\":\"https:\/\/vieassociative.be\/actualites\/wp-content\/uploads\/2024\/09\/cropped-vieassociative_favicon.ico.png\",\"width\":512,\"height\":512,\"caption\":\"Vie Associative\"},\"image\":{\"@id\":\"https:\/\/vieassociative.be\/actualites\/#\/schema\/logo\/image\/\"}},{\"@type\":\"Person\",\"@id\":\"https:\/\/vieassociative.be\/actualites\/#\/schema\/person\/b87ac4f82f9d4e7b7cec7395b679edc4\",\"name\":\"Julien\",\"image\":{\"@type\":\"ImageObject\",\"inLanguage\":\"fr-BE\",\"@id\":\"https:\/\/vieassociative.be\/actualites\/#\/schema\/person\/image\/\",\"url\":\"https:\/\/vieassociative.be\/actualites\/wp-content\/uploads\/2024\/09\/vie-associative-1-150x150.jpg\",\"contentUrl\":\"https:\/\/vieassociative.be\/actualites\/wp-content\/uploads\/2024\/09\/vie-associative-1-150x150.jpg\",\"caption\":\"Julien\"},\"description\":\"Je suis Julien, r\u00e9dacteur pour Vie Associative. Passionn\u00e9 par le monde associatif depuis plus de 10 ans, j'ai \u00e0 c\u0153ur de partager des histoires inspirantes et de mettre en lumi\u00e8re les initiatives locales. Mon objectif est de sensibiliser et d'encourager l'engagement communautaire \u00e0 travers mes articles.\",\"sameAs\":[\"https:\/\/vieassociative.be\/\"]}]}<\/script>\n<!-- \/ Yoast SEO plugin. -->","yoast_head_json":{"title":"Comment arr\u00eater de crier apr\u00e8s votre enfant \u00e0 propos de l'utilisation de son t\u00e9l\u00e9phone | Vie Associative","robots":{"index":"index","follow":"follow","max-snippet":"max-snippet:-1","max-image-preview":"max-image-preview:large","max-video-preview":"max-video-preview:-1"},"canonical":"https:\/\/vieassociative.be\/actualites\/comment-arreter-de-crier-apres-votre-enfant-a-propos-de-lutilisation-de-son-telephone\/","og_locale":"fr_FR","og_type":"article","og_title":"Comment arr\u00eater de crier apr\u00e8s votre enfant \u00e0 propos de l'utilisation de son t\u00e9l\u00e9phone | Vie Associative","og_description":"Au lieu de dicter des r\u00e8gles, travaillez avec eux pour \u00e9laborer un plan d\u2019utilisation responsable du t\u00e9l\u00e9phone. Vous ne pouvez pas reprocher aux adolescents d\u2019\u00eatre","og_url":"https:\/\/vieassociative.be\/actualites\/comment-arreter-de-crier-apres-votre-enfant-a-propos-de-lutilisation-de-son-telephone\/","og_site_name":"Vie Associative","article_published_time":"2024-11-07T17:18:17+00:00","og_image":[{"width":279,"height":92,"url":"https:\/\/vieassociative.be\/actualites\/wp-content\/uploads\/2024\/09\/header_backgroundk-01-e1726694325946.png","type":"image\/png"}],"author":"Julien","twitter_card":"summary_large_image","twitter_misc":{"\u00c9crit par":"Julien","Dur\u00e9e de lecture est.":"4 minutes"},"schema":{"@context":"https:\/\/schema.org","@graph":[{"@type":"Article","@id":"https:\/\/vieassociative.be\/actualites\/comment-arreter-de-crier-apres-votre-enfant-a-propos-de-lutilisation-de-son-telephone\/#article","isPartOf":{"@id":"https:\/\/vieassociative.be\/actualites\/comment-arreter-de-crier-apres-votre-enfant-a-propos-de-lutilisation-de-son-telephone\/"},"author":{"name":"Julien","@id":"https:\/\/vieassociative.be\/actualites\/#\/schema\/person\/b87ac4f82f9d4e7b7cec7395b679edc4"},"headline":"Comment arr\u00eater de crier apr\u00e8s votre enfant \u00e0 propos de l&rsquo;utilisation de son t\u00e9l\u00e9phone","datePublished":"2024-11-07T17:18:17+00:00","dateModified":"2024-11-07T17:18:17+00:00","mainEntityOfPage":{"@id":"https:\/\/vieassociative.be\/actualites\/comment-arreter-de-crier-apres-votre-enfant-a-propos-de-lutilisation-de-son-telephone\/"},"wordCount":897,"publisher":{"@id":"https:\/\/vieassociative.be\/actualites\/#organization"},"image":{"@id":"https:\/\/vieassociative.be\/actualites\/comment-arreter-de-crier-apres-votre-enfant-a-propos-de-lutilisation-de-son-telephone\/#primaryimage"},"thumbnailUrl":"https:\/\/vieassociative.be\/actualites\/wp-content\/uploads\/2024\/11\/Comment-arreter-de-crier-apres-votre-enfant-a-propos-de.jpg","keywords":["Apr\u00e8s","arr\u00eater","Comment","crier","enfant","lutilisation","propos","son","t\u00e9l\u00e9phone","votre"],"articleSection":["Famille"],"inLanguage":"fr-BE"},{"@type":"WebPage","@id":"https:\/\/vieassociative.be\/actualites\/comment-arreter-de-crier-apres-votre-enfant-a-propos-de-lutilisation-de-son-telephone\/","url":"https:\/\/vieassociative.be\/actualites\/comment-arreter-de-crier-apres-votre-enfant-a-propos-de-lutilisation-de-son-telephone\/","name":"Comment arr\u00eater de crier apr\u00e8s votre enfant \u00e0 propos de l'utilisation de son t\u00e9l\u00e9phone | Vie Associative","isPartOf":{"@id":"https:\/\/vieassociative.be\/actualites\/#website"},"primaryImageOfPage":{"@id":"https:\/\/vieassociative.be\/actualites\/comment-arreter-de-crier-apres-votre-enfant-a-propos-de-lutilisation-de-son-telephone\/#primaryimage"},"image":{"@id":"https:\/\/vieassociative.be\/actualites\/comment-arreter-de-crier-apres-votre-enfant-a-propos-de-lutilisation-de-son-telephone\/#primaryimage"},"thumbnailUrl":"https:\/\/vieassociative.be\/actualites\/wp-content\/uploads\/2024\/11\/Comment-arreter-de-crier-apres-votre-enfant-a-propos-de.jpg","datePublished":"2024-11-07T17:18:17+00:00","dateModified":"2024-11-07T17:18:17+00:00","breadcrumb":{"@id":"https:\/\/vieassociative.be\/actualites\/comment-arreter-de-crier-apres-votre-enfant-a-propos-de-lutilisation-de-son-telephone\/#breadcrumb"},"inLanguage":"fr-BE","potentialAction":[{"@type":"ReadAction","target":["https:\/\/vieassociative.be\/actualites\/comment-arreter-de-crier-apres-votre-enfant-a-propos-de-lutilisation-de-son-telephone\/"]}]},{"@type":"ImageObject","inLanguage":"fr-BE","@id":"https:\/\/vieassociative.be\/actualites\/comment-arreter-de-crier-apres-votre-enfant-a-propos-de-lutilisation-de-son-telephone\/#primaryimage","url":"https:\/\/vieassociative.be\/actualites\/wp-content\/uploads\/2024\/11\/Comment-arreter-de-crier-apres-votre-enfant-a-propos-de.jpg","contentUrl":"https:\/\/vieassociative.be\/actualites\/wp-content\/uploads\/2024\/11\/Comment-arreter-de-crier-apres-votre-enfant-a-propos-de.jpg","width":1200,"height":675,"caption":"Comment arr\u00eater de crier apr\u00e8s votre enfant \u00e0 propos de l'utilisation de son t\u00e9l\u00e9phone"},{"@type":"BreadcrumbList","@id":"https:\/\/vieassociative.be\/actualites\/comment-arreter-de-crier-apres-votre-enfant-a-propos-de-lutilisation-de-son-telephone\/#breadcrumb","itemListElement":[{"@type":"ListItem","position":1,"name":"Accueil","item":"https:\/\/vieassociative.be\/actualites\/"},{"@type":"ListItem","position":2,"name":"Comment arr\u00eater de crier apr\u00e8s votre enfant \u00e0 propos de l&rsquo;utilisation de son t\u00e9l\u00e9phone"}]},{"@type":"WebSite","@id":"https:\/\/vieassociative.be\/actualites\/#website","url":"https:\/\/vieassociative.be\/actualites\/","name":"Vie Associative","description":"","publisher":{"@id":"https:\/\/vieassociative.be\/actualites\/#organization"},"potentialAction":[{"@type":"SearchAction","target":{"@type":"EntryPoint","urlTemplate":"https:\/\/vieassociative.be\/actualites\/?s={search_term_string}"},"query-input":{"@type":"PropertyValueSpecification","valueRequired":true,"valueName":"search_term_string"}}],"inLanguage":"fr-BE"},{"@type":"Organization","@id":"https:\/\/vieassociative.be\/actualites\/#organization","name":"Vie Associative","url":"https:\/\/vieassociative.be\/actualites\/","logo":{"@type":"ImageObject","inLanguage":"fr-BE","@id":"https:\/\/vieassociative.be\/actualites\/#\/schema\/logo\/image\/","url":"https:\/\/vieassociative.be\/actualites\/wp-content\/uploads\/2024\/09\/cropped-vieassociative_favicon.ico.png","contentUrl":"https:\/\/vieassociative.be\/actualites\/wp-content\/uploads\/2024\/09\/cropped-vieassociative_favicon.ico.png","width":512,"height":512,"caption":"Vie Associative"},"image":{"@id":"https:\/\/vieassociative.be\/actualites\/#\/schema\/logo\/image\/"}},{"@type":"Person","@id":"https:\/\/vieassociative.be\/actualites\/#\/schema\/person\/b87ac4f82f9d4e7b7cec7395b679edc4","name":"Julien","image":{"@type":"ImageObject","inLanguage":"fr-BE","@id":"https:\/\/vieassociative.be\/actualites\/#\/schema\/person\/image\/","url":"https:\/\/vieassociative.be\/actualites\/wp-content\/uploads\/2024\/09\/vie-associative-1-150x150.jpg","contentUrl":"https:\/\/vieassociative.be\/actualites\/wp-content\/uploads\/2024\/09\/vie-associative-1-150x150.jpg","caption":"Julien"},"description":"Je suis Julien, r\u00e9dacteur pour Vie Associative. Passionn\u00e9 par le monde associatif depuis plus de 10 ans, j'ai \u00e0 c\u0153ur de partager des histoires inspirantes et de mettre en lumi\u00e8re les initiatives locales. Mon objectif est de sensibiliser et d'encourager l'engagement communautaire \u00e0 travers mes articles.","sameAs":["https:\/\/vieassociative.be\/"]}]}},"_links":{"self":[{"href":"https:\/\/vieassociative.be\/actualites\/wp-json\/wp\/v2\/posts\/2145"}],"collection":[{"href":"https:\/\/vieassociative.be\/actualites\/wp-json\/wp\/v2\/posts"}],"about":[{"href":"https:\/\/vieassociative.be\/actualites\/wp-json\/wp\/v2\/types\/post"}],"author":[{"embeddable":true,"href":"https:\/\/vieassociative.be\/actualites\/wp-json\/wp\/v2\/users\/1"}],"replies":[{"embeddable":true,"href":"https:\/\/vieassociative.be\/actualites\/wp-json\/wp\/v2\/comments?post=2145"}],"version-history":[{"count":0,"href":"https:\/\/vieassociative.be\/actualites\/wp-json\/wp\/v2\/posts\/2145\/revisions"}],"wp:featuredmedia":[{"embeddable":true,"href":"https:\/\/vieassociative.be\/actualites\/wp-json\/wp\/v2\/media\/2146"}],"wp:attachment":[{"href":"https:\/\/vieassociative.be\/actualites\/wp-json\/wp\/v2\/media?parent=2145"}],"wp:term":[{"taxonomy":"category","embeddable":true,"href":"https:\/\/vieassociative.be\/actualites\/wp-json\/wp\/v2\/categories?post=2145"},{"taxonomy":"post_tag","embeddable":true,"href":"https:\/\/vieassociative.be\/actualites\/wp-json\/wp\/v2\/tags?post=2145"}],"curies":[{"name":"wp","href":"https:\/\/api.w.org\/{rel}","templated":true}]}}