{"id":2140,"date":"2024-11-07T14:17:50","date_gmt":"2024-11-07T13:17:50","guid":{"rendered":"https:\/\/vieassociative.be\/actualites\/theme-chaque-journee-de-travail-pour-une-semaine-plus-productive\/"},"modified":"2024-11-07T14:17:50","modified_gmt":"2024-11-07T13:17:50","slug":"theme-chaque-journee-de-travail-pour-une-semaine-plus-productive","status":"publish","type":"post","link":"https:\/\/vieassociative.be\/actualites\/theme-chaque-journee-de-travail-pour-une-semaine-plus-productive\/","title":{"rendered":"\u00ab\u00a0Th\u00e8me\u00a0\u00bb chaque journ\u00e9e de travail pour une semaine plus productive"},"content":{"rendered":"<div class=\"mt-4 leading-6 md:mb-8\">Chaque jour devrait avoir un objectif sp\u00e9cifique lorsque vous travaillez sur quelque chose de grand.<\/div>\n<p><\/p>\n<p>Planifier votre journ\u00e9e est un \u00e9l\u00e9ment important pour \u00eatre productif. Vous pouvez (et devriez) chronom\u00e9trer votre chemin vers un emploi du temps d\u00e9taill\u00e9 et charg\u00e9, mais la gestion du temps ne se r\u00e9sume pas \u00e0 cela. Vous devriez envisager de diviser non seulement votre journ\u00e9e, mais aussi votre semaine dans son ensemble, pour maximiser la productivit\u00e9\u00a0: l&rsquo;astuce ici est de <em>th\u00e8me<\/em> vos journ\u00e9es de travail. <\/p>\n<p>Au lieu de passer d&rsquo;une t\u00e2che \u00e0 l&rsquo;autre un jour donn\u00e9, essayez de regrouper toutes les t\u00e2ches similaires et de les garer un jour sp\u00e9cifique. En regroupant des t\u00e2ches similaires le m\u00eame jour, vous resterez plus longtemps dans cette \u00ab zone \u00bb, en vous concentrant uniquement sur ce qui doit y \u00eatre fait. Si toutes les choses que vous avez \u00e0 faire ont quelque chose en commun, vous resterez concentr\u00e9 sur le th\u00e8me central du travail de la journ\u00e9e au fur et \u00e0 mesure que vous passerez d&rsquo;une t\u00e2che \u00e0 l&rsquo;autre.<\/p>\n<h2 id=\"how-to-divvy-up-themed-days-for-productivity\">Comment diviser les journ\u00e9es th\u00e9matiques pour la productivit\u00e9<\/h2>\n<p>Tout d\u2019abord, commencez par r\u00e9fl\u00e9chir aux raisons pour lesquelles vous voulez faire ce que vous faites. Je ne veux pas dire que vous devez faire preuve de philosophie, mais ajouter un \u00ab\u00a0pourquoi\u00a0\u00bb \u00e0 votre liste de choses \u00e0 faire est pr\u00e9cieux. Vous ne voulez pas seulement nettoyer votre maison parce que vous le devez, mais parce que vous voulez un espace s\u00fbr et confortable. Vous ne voulez pas seulement terminer votre grand projet au travail parce qu&rsquo;il vous a \u00e9t\u00e9 confi\u00e9, mais parce que vous souhaitez \u00e9voluer dans votre carri\u00e8re, conserver votre emploi ou obtenir une promotion. D\u00e9finissez ces intentions de mani\u00e8re \u00e0 avoir l&rsquo;impression d&rsquo;avoir quelque chose sur lequel travailler, et c&rsquo;est l\u00e0 que les th\u00e8mes quotidiens entrent en jeu. Si vous accomplissez des t\u00e2ches similaires au cours d&rsquo;une journ\u00e9e, vous vous efforcez d&rsquo;atteindre une intention : atteindre l&rsquo;objectif que vous vous \u00eates fix\u00e9. le th\u00e8me de la journ\u00e9e et rester concentr\u00e9 dessus d&rsquo;une t\u00e2che \u00e0 l&rsquo;autre.<\/p>\n<p>Disons que vous avez un grand projet au travail. Voici \u00e0 quoi pourraient ressembler vos trois premiers jours\u00a0: Pensez \u00e0 effectuer tous les travaux administratifs le lundi. D\u00e9signez des lundis pour r\u00e9pondre aux e-mails, en envoyer de nouveaux, prendre des appels ou planifier des r\u00e9unions. Les activit\u00e9s cr\u00e9atives, comme le brainstorming ou la conception, pourraient \u00eatre g\u00e9r\u00e9es le mardi, tandis que le mercredi pourrait \u00eatre consacr\u00e9 \u00e0 la recherche.<\/p>\n<p>Vous pouvez \u00e9galement th\u00e9matiser vos journ\u00e9es par projet, selon Leonard Alexandru, directeur de l&rsquo;ing\u00e9nierie chez Deloitte, qui a \u00e9crit sur la valeur des journ\u00e9es th\u00e9matiques. Au lieu de consacrer du temps chaque jour \u00e0 plusieurs projets, envisagez d&rsquo;attribuer \u00e0 chaque projet son propre jour de la semaine pour travailler, de sorte qu&rsquo;un projet qui n\u00e9cessite une grande concentration sur la gestion devrait prendre une journ\u00e9e enti\u00e8re tandis qu&rsquo;un projet qui n\u00e9cessite que vous vous concentriez sur le marketing, les communications, les ventes ou tout ce qui devrait \u00eatre sur un autre.<\/p>\n<p>Essayez de d\u00e9finir le th\u00e8me de chaque journ\u00e9e comme un \u00e9v\u00e9nement d&rsquo;une journ\u00e9e enti\u00e8re sur le logiciel de calendrier que vous utilisez, afin d&rsquo;avoir un rappel en haut de la page sur les sujets sur lesquels vous devez vous concentrer chaque jour. Le simple fait de savoir que vos jeudis sont r\u00e9serv\u00e9s aux r\u00e9unions avec les clients, par exemple, vous soulage de l&rsquo;anxi\u00e9t\u00e9 li\u00e9e \u00e0 la d\u00e9cision de d\u00e9cider quoi donner la priorit\u00e9 ce jour-l\u00e0 ou quand planifier ces r\u00e9unions. Il \u00e9limine la fatigue d\u00e9cisionnelle et vous permet de rester concentr\u00e9 sur votre t\u00e2che sans que vous ayez \u00e0 trop r\u00e9fl\u00e9chir \u00e0 quelle activit\u00e9 devrait avoir lieu \u00e0 quel cr\u00e9neau au cours de votre semaine charg\u00e9e. <\/p>\n<h2 id=\"calendar-options-for-theming-productive-days\">Options de calendrier pour th\u00e9matiser les journ\u00e9es productives<\/h2>\n<p>Votre planificateur num\u00e9rique, comme Google Calendar, sera utile ici pour votre timeboxing et votre r\u00e9glage du th\u00e8me quotidien, mais pensez \u00e9galement \u00e0 vous procurer un calendrier physique, car \u00e9crire des choses peut vous aider \u00e0 vous rappeler encore plus de ce que vous devez faire. Essayez ceux-ci\u00a0:<\/p>\n<ul>\n<li>\n<p>Un agenda hebdomadaire de bureau (16,15 $) comporte des cases suffisamment grandes pour chaque journ\u00e9e de travail pour que vous puissiez \u00e9crire le th\u00e8me visiblement dans chacune d&rsquo;elles, mais il ne couvre que sept jours, donc si vous avez besoin de r\u00e9viser les th\u00e8mes de la semaine suivante, tournez simplement la page. <\/p>\n<\/li>\n<li>\n<p>Un agenda avec des pages pour des jours individuels <em>et <\/em>des mois complets (13,69 $) peuvent vous aider \u00e0 visualiser les niveaux macro et micro de vos projets et leurs \u00e9ch\u00e9anciers.<\/p>\n<\/li>\n<li>\n<p>Un planificateur quotidien (17,99 $) vous aide \u00e0 visualiser chaque jour \u00e0 la minute pr\u00e8s, car chaque page ne repr\u00e9sente qu&rsquo;un jour. Il est m\u00eame possible de d\u00e9finir vos principales priorit\u00e9s sur celui-ci, alors collez-y vos th\u00e8mes.<\/p>\n<\/li>\n<\/ul>\n","protected":false},"excerpt":{"rendered":"<p>Chaque jour devrait avoir un objectif sp\u00e9cifique lorsque vous travaillez sur quelque chose de grand. Planifier votre journ\u00e9e est un \u00e9l\u00e9ment important pour \u00eatre productif.<\/p>\n","protected":false},"author":1,"featured_media":2141,"comment_status":"","ping_status":"","sticky":false,"template":"","format":"standard","meta":{"footnotes":""},"categories":[43],"tags":[90,2877,81,2878,1348,2541,504,110],"class_list":["post-2140","post","type-post","status-publish","format-standard","has-post-thumbnail","hentry","category-travail","tag-chaque","tag-journee","tag-pour","tag-productive","tag-semaine","tag-theme","tag-travail","tag-une","generate-columns","tablet-grid-50","mobile-grid-100","grid-parent","grid-33"],"yoast_head":"<!-- This site is optimized with the Yoast SEO plugin v24.0 - https:\/\/yoast.com\/wordpress\/plugins\/seo\/ -->\n<title>\u00ab\u00a0Th\u00e8me\u00a0\u00bb chaque journ\u00e9e de travail pour une semaine plus productive | Vie Associative<\/title>\n<meta name=\"robots\" content=\"index, follow, max-snippet:-1, max-image-preview:large, max-video-preview:-1\" \/>\n<link rel=\"canonical\" href=\"https:\/\/vieassociative.be\/actualites\/theme-chaque-journee-de-travail-pour-une-semaine-plus-productive\/\" \/>\n<meta property=\"og:locale\" content=\"fr_FR\" \/>\n<meta property=\"og:type\" content=\"article\" \/>\n<meta property=\"og:title\" content=\"\u00ab\u00a0Th\u00e8me\u00a0\u00bb chaque journ\u00e9e de travail pour une semaine plus productive | Vie Associative\" \/>\n<meta property=\"og:description\" content=\"Chaque jour devrait avoir un objectif sp\u00e9cifique lorsque vous travaillez sur quelque chose de grand. Planifier votre journ\u00e9e est un \u00e9l\u00e9ment important pour \u00eatre productif.\" \/>\n<meta property=\"og:url\" content=\"https:\/\/vieassociative.be\/actualites\/theme-chaque-journee-de-travail-pour-une-semaine-plus-productive\/\" \/>\n<meta property=\"og:site_name\" content=\"Vie Associative\" \/>\n<meta property=\"article:published_time\" content=\"2024-11-07T13:17:50+00:00\" \/>\n<meta property=\"og:image\" content=\"https:\/\/vieassociative.be\/actualites\/wp-content\/uploads\/2024\/09\/header_backgroundk-01-e1726694325946.png\" \/>\n\t<meta property=\"og:image:width\" content=\"279\" \/>\n\t<meta property=\"og:image:height\" content=\"92\" \/>\n\t<meta property=\"og:image:type\" content=\"image\/png\" \/>\n<meta name=\"author\" content=\"Julien\" \/>\n<meta name=\"twitter:card\" content=\"summary_large_image\" \/>\n<meta name=\"twitter:label1\" content=\"\u00c9crit par\" \/>\n\t<meta name=\"twitter:data1\" content=\"Julien\" \/>\n\t<meta name=\"twitter:label2\" content=\"Dur\u00e9e de lecture est.\" \/>\n\t<meta name=\"twitter:data2\" content=\"4 minutes\" \/>\n<script type=\"application\/ld+json\" class=\"yoast-schema-graph\">{\"@context\":\"https:\/\/schema.org\",\"@graph\":[{\"@type\":\"Article\",\"@id\":\"https:\/\/vieassociative.be\/actualites\/theme-chaque-journee-de-travail-pour-une-semaine-plus-productive\/#article\",\"isPartOf\":{\"@id\":\"https:\/\/vieassociative.be\/actualites\/theme-chaque-journee-de-travail-pour-une-semaine-plus-productive\/\"},\"author\":{\"name\":\"Julien\",\"@id\":\"https:\/\/vieassociative.be\/actualites\/#\/schema\/person\/b87ac4f82f9d4e7b7cec7395b679edc4\"},\"headline\":\"\u00ab\u00a0Th\u00e8me\u00a0\u00bb chaque journ\u00e9e de travail pour une semaine plus productive\",\"datePublished\":\"2024-11-07T13:17:50+00:00\",\"dateModified\":\"2024-11-07T13:17:50+00:00\",\"mainEntityOfPage\":{\"@id\":\"https:\/\/vieassociative.be\/actualites\/theme-chaque-journee-de-travail-pour-une-semaine-plus-productive\/\"},\"wordCount\":876,\"publisher\":{\"@id\":\"https:\/\/vieassociative.be\/actualites\/#organization\"},\"image\":{\"@id\":\"https:\/\/vieassociative.be\/actualites\/theme-chaque-journee-de-travail-pour-une-semaine-plus-productive\/#primaryimage\"},\"thumbnailUrl\":\"https:\/\/vieassociative.be\/actualites\/wp-content\/uploads\/2024\/11\/Theme-chaque-journee-de-travail-pour-une-semaine-plus-productive.jpg\",\"keywords\":[\"chaque\",\"journ\u00e9e\",\"pour\",\"productive\",\"semaine\",\"th\u00e8me\",\"travail\",\"une\"],\"articleSection\":[\"Travail\"],\"inLanguage\":\"fr-BE\"},{\"@type\":\"WebPage\",\"@id\":\"https:\/\/vieassociative.be\/actualites\/theme-chaque-journee-de-travail-pour-une-semaine-plus-productive\/\",\"url\":\"https:\/\/vieassociative.be\/actualites\/theme-chaque-journee-de-travail-pour-une-semaine-plus-productive\/\",\"name\":\"\u00ab\u00a0Th\u00e8me\u00a0\u00bb chaque journ\u00e9e de travail pour une semaine plus productive | Vie Associative\",\"isPartOf\":{\"@id\":\"https:\/\/vieassociative.be\/actualites\/#website\"},\"primaryImageOfPage\":{\"@id\":\"https:\/\/vieassociative.be\/actualites\/theme-chaque-journee-de-travail-pour-une-semaine-plus-productive\/#primaryimage\"},\"image\":{\"@id\":\"https:\/\/vieassociative.be\/actualites\/theme-chaque-journee-de-travail-pour-une-semaine-plus-productive\/#primaryimage\"},\"thumbnailUrl\":\"https:\/\/vieassociative.be\/actualites\/wp-content\/uploads\/2024\/11\/Theme-chaque-journee-de-travail-pour-une-semaine-plus-productive.jpg\",\"datePublished\":\"2024-11-07T13:17:50+00:00\",\"dateModified\":\"2024-11-07T13:17:50+00:00\",\"breadcrumb\":{\"@id\":\"https:\/\/vieassociative.be\/actualites\/theme-chaque-journee-de-travail-pour-une-semaine-plus-productive\/#breadcrumb\"},\"inLanguage\":\"fr-BE\",\"potentialAction\":[{\"@type\":\"ReadAction\",\"target\":[\"https:\/\/vieassociative.be\/actualites\/theme-chaque-journee-de-travail-pour-une-semaine-plus-productive\/\"]}]},{\"@type\":\"ImageObject\",\"inLanguage\":\"fr-BE\",\"@id\":\"https:\/\/vieassociative.be\/actualites\/theme-chaque-journee-de-travail-pour-une-semaine-plus-productive\/#primaryimage\",\"url\":\"https:\/\/vieassociative.be\/actualites\/wp-content\/uploads\/2024\/11\/Theme-chaque-journee-de-travail-pour-une-semaine-plus-productive.jpg\",\"contentUrl\":\"https:\/\/vieassociative.be\/actualites\/wp-content\/uploads\/2024\/11\/Theme-chaque-journee-de-travail-pour-une-semaine-plus-productive.jpg\",\"width\":1200,\"height\":675,\"caption\":\"\u00ab\u00a0Th\u00e8me\u00a0\u00bb chaque journ\u00e9e de travail pour une semaine plus productive\"},{\"@type\":\"BreadcrumbList\",\"@id\":\"https:\/\/vieassociative.be\/actualites\/theme-chaque-journee-de-travail-pour-une-semaine-plus-productive\/#breadcrumb\",\"itemListElement\":[{\"@type\":\"ListItem\",\"position\":1,\"name\":\"Accueil\",\"item\":\"https:\/\/vieassociative.be\/actualites\/\"},{\"@type\":\"ListItem\",\"position\":2,\"name\":\"\u00ab\u00a0Th\u00e8me\u00a0\u00bb chaque journ\u00e9e de travail pour une semaine plus productive\"}]},{\"@type\":\"WebSite\",\"@id\":\"https:\/\/vieassociative.be\/actualites\/#website\",\"url\":\"https:\/\/vieassociative.be\/actualites\/\",\"name\":\"Vie Associative\",\"description\":\"\",\"publisher\":{\"@id\":\"https:\/\/vieassociative.be\/actualites\/#organization\"},\"potentialAction\":[{\"@type\":\"SearchAction\",\"target\":{\"@type\":\"EntryPoint\",\"urlTemplate\":\"https:\/\/vieassociative.be\/actualites\/?s={search_term_string}\"},\"query-input\":{\"@type\":\"PropertyValueSpecification\",\"valueRequired\":true,\"valueName\":\"search_term_string\"}}],\"inLanguage\":\"fr-BE\"},{\"@type\":\"Organization\",\"@id\":\"https:\/\/vieassociative.be\/actualites\/#organization\",\"name\":\"Vie Associative\",\"url\":\"https:\/\/vieassociative.be\/actualites\/\",\"logo\":{\"@type\":\"ImageObject\",\"inLanguage\":\"fr-BE\",\"@id\":\"https:\/\/vieassociative.be\/actualites\/#\/schema\/logo\/image\/\",\"url\":\"https:\/\/vieassociative.be\/actualites\/wp-content\/uploads\/2024\/09\/cropped-vieassociative_favicon.ico.png\",\"contentUrl\":\"https:\/\/vieassociative.be\/actualites\/wp-content\/uploads\/2024\/09\/cropped-vieassociative_favicon.ico.png\",\"width\":512,\"height\":512,\"caption\":\"Vie Associative\"},\"image\":{\"@id\":\"https:\/\/vieassociative.be\/actualites\/#\/schema\/logo\/image\/\"}},{\"@type\":\"Person\",\"@id\":\"https:\/\/vieassociative.be\/actualites\/#\/schema\/person\/b87ac4f82f9d4e7b7cec7395b679edc4\",\"name\":\"Julien\",\"image\":{\"@type\":\"ImageObject\",\"inLanguage\":\"fr-BE\",\"@id\":\"https:\/\/vieassociative.be\/actualites\/#\/schema\/person\/image\/\",\"url\":\"https:\/\/vieassociative.be\/actualites\/wp-content\/uploads\/2024\/09\/vie-associative-1-150x150.jpg\",\"contentUrl\":\"https:\/\/vieassociative.be\/actualites\/wp-content\/uploads\/2024\/09\/vie-associative-1-150x150.jpg\",\"caption\":\"Julien\"},\"description\":\"Je suis Julien, r\u00e9dacteur pour Vie Associative. Passionn\u00e9 par le monde associatif depuis plus de 10 ans, j'ai \u00e0 c\u0153ur de partager des histoires inspirantes et de mettre en lumi\u00e8re les initiatives locales. Mon objectif est de sensibiliser et d'encourager l'engagement communautaire \u00e0 travers mes articles.\",\"sameAs\":[\"https:\/\/vieassociative.be\/\"]}]}<\/script>\n<!-- \/ Yoast SEO plugin. -->","yoast_head_json":{"title":"\u00ab\u00a0Th\u00e8me\u00a0\u00bb chaque journ\u00e9e de travail pour une semaine plus productive | Vie Associative","robots":{"index":"index","follow":"follow","max-snippet":"max-snippet:-1","max-image-preview":"max-image-preview:large","max-video-preview":"max-video-preview:-1"},"canonical":"https:\/\/vieassociative.be\/actualites\/theme-chaque-journee-de-travail-pour-une-semaine-plus-productive\/","og_locale":"fr_FR","og_type":"article","og_title":"\u00ab\u00a0Th\u00e8me\u00a0\u00bb chaque journ\u00e9e de travail pour une semaine plus productive | Vie Associative","og_description":"Chaque jour devrait avoir un objectif sp\u00e9cifique lorsque vous travaillez sur quelque chose de grand. Planifier votre journ\u00e9e est un \u00e9l\u00e9ment important pour \u00eatre productif.","og_url":"https:\/\/vieassociative.be\/actualites\/theme-chaque-journee-de-travail-pour-une-semaine-plus-productive\/","og_site_name":"Vie Associative","article_published_time":"2024-11-07T13:17:50+00:00","og_image":[{"width":279,"height":92,"url":"https:\/\/vieassociative.be\/actualites\/wp-content\/uploads\/2024\/09\/header_backgroundk-01-e1726694325946.png","type":"image\/png"}],"author":"Julien","twitter_card":"summary_large_image","twitter_misc":{"\u00c9crit par":"Julien","Dur\u00e9e de lecture est.":"4 minutes"},"schema":{"@context":"https:\/\/schema.org","@graph":[{"@type":"Article","@id":"https:\/\/vieassociative.be\/actualites\/theme-chaque-journee-de-travail-pour-une-semaine-plus-productive\/#article","isPartOf":{"@id":"https:\/\/vieassociative.be\/actualites\/theme-chaque-journee-de-travail-pour-une-semaine-plus-productive\/"},"author":{"name":"Julien","@id":"https:\/\/vieassociative.be\/actualites\/#\/schema\/person\/b87ac4f82f9d4e7b7cec7395b679edc4"},"headline":"\u00ab\u00a0Th\u00e8me\u00a0\u00bb chaque journ\u00e9e de travail pour une semaine plus productive","datePublished":"2024-11-07T13:17:50+00:00","dateModified":"2024-11-07T13:17:50+00:00","mainEntityOfPage":{"@id":"https:\/\/vieassociative.be\/actualites\/theme-chaque-journee-de-travail-pour-une-semaine-plus-productive\/"},"wordCount":876,"publisher":{"@id":"https:\/\/vieassociative.be\/actualites\/#organization"},"image":{"@id":"https:\/\/vieassociative.be\/actualites\/theme-chaque-journee-de-travail-pour-une-semaine-plus-productive\/#primaryimage"},"thumbnailUrl":"https:\/\/vieassociative.be\/actualites\/wp-content\/uploads\/2024\/11\/Theme-chaque-journee-de-travail-pour-une-semaine-plus-productive.jpg","keywords":["chaque","journ\u00e9e","pour","productive","semaine","th\u00e8me","travail","une"],"articleSection":["Travail"],"inLanguage":"fr-BE"},{"@type":"WebPage","@id":"https:\/\/vieassociative.be\/actualites\/theme-chaque-journee-de-travail-pour-une-semaine-plus-productive\/","url":"https:\/\/vieassociative.be\/actualites\/theme-chaque-journee-de-travail-pour-une-semaine-plus-productive\/","name":"\u00ab\u00a0Th\u00e8me\u00a0\u00bb chaque journ\u00e9e de travail pour une semaine plus productive | Vie Associative","isPartOf":{"@id":"https:\/\/vieassociative.be\/actualites\/#website"},"primaryImageOfPage":{"@id":"https:\/\/vieassociative.be\/actualites\/theme-chaque-journee-de-travail-pour-une-semaine-plus-productive\/#primaryimage"},"image":{"@id":"https:\/\/vieassociative.be\/actualites\/theme-chaque-journee-de-travail-pour-une-semaine-plus-productive\/#primaryimage"},"thumbnailUrl":"https:\/\/vieassociative.be\/actualites\/wp-content\/uploads\/2024\/11\/Theme-chaque-journee-de-travail-pour-une-semaine-plus-productive.jpg","datePublished":"2024-11-07T13:17:50+00:00","dateModified":"2024-11-07T13:17:50+00:00","breadcrumb":{"@id":"https:\/\/vieassociative.be\/actualites\/theme-chaque-journee-de-travail-pour-une-semaine-plus-productive\/#breadcrumb"},"inLanguage":"fr-BE","potentialAction":[{"@type":"ReadAction","target":["https:\/\/vieassociative.be\/actualites\/theme-chaque-journee-de-travail-pour-une-semaine-plus-productive\/"]}]},{"@type":"ImageObject","inLanguage":"fr-BE","@id":"https:\/\/vieassociative.be\/actualites\/theme-chaque-journee-de-travail-pour-une-semaine-plus-productive\/#primaryimage","url":"https:\/\/vieassociative.be\/actualites\/wp-content\/uploads\/2024\/11\/Theme-chaque-journee-de-travail-pour-une-semaine-plus-productive.jpg","contentUrl":"https:\/\/vieassociative.be\/actualites\/wp-content\/uploads\/2024\/11\/Theme-chaque-journee-de-travail-pour-une-semaine-plus-productive.jpg","width":1200,"height":675,"caption":"\u00ab\u00a0Th\u00e8me\u00a0\u00bb chaque journ\u00e9e de travail pour une semaine plus productive"},{"@type":"BreadcrumbList","@id":"https:\/\/vieassociative.be\/actualites\/theme-chaque-journee-de-travail-pour-une-semaine-plus-productive\/#breadcrumb","itemListElement":[{"@type":"ListItem","position":1,"name":"Accueil","item":"https:\/\/vieassociative.be\/actualites\/"},{"@type":"ListItem","position":2,"name":"\u00ab\u00a0Th\u00e8me\u00a0\u00bb chaque journ\u00e9e de travail pour une semaine plus productive"}]},{"@type":"WebSite","@id":"https:\/\/vieassociative.be\/actualites\/#website","url":"https:\/\/vieassociative.be\/actualites\/","name":"Vie Associative","description":"","publisher":{"@id":"https:\/\/vieassociative.be\/actualites\/#organization"},"potentialAction":[{"@type":"SearchAction","target":{"@type":"EntryPoint","urlTemplate":"https:\/\/vieassociative.be\/actualites\/?s={search_term_string}"},"query-input":{"@type":"PropertyValueSpecification","valueRequired":true,"valueName":"search_term_string"}}],"inLanguage":"fr-BE"},{"@type":"Organization","@id":"https:\/\/vieassociative.be\/actualites\/#organization","name":"Vie Associative","url":"https:\/\/vieassociative.be\/actualites\/","logo":{"@type":"ImageObject","inLanguage":"fr-BE","@id":"https:\/\/vieassociative.be\/actualites\/#\/schema\/logo\/image\/","url":"https:\/\/vieassociative.be\/actualites\/wp-content\/uploads\/2024\/09\/cropped-vieassociative_favicon.ico.png","contentUrl":"https:\/\/vieassociative.be\/actualites\/wp-content\/uploads\/2024\/09\/cropped-vieassociative_favicon.ico.png","width":512,"height":512,"caption":"Vie Associative"},"image":{"@id":"https:\/\/vieassociative.be\/actualites\/#\/schema\/logo\/image\/"}},{"@type":"Person","@id":"https:\/\/vieassociative.be\/actualites\/#\/schema\/person\/b87ac4f82f9d4e7b7cec7395b679edc4","name":"Julien","image":{"@type":"ImageObject","inLanguage":"fr-BE","@id":"https:\/\/vieassociative.be\/actualites\/#\/schema\/person\/image\/","url":"https:\/\/vieassociative.be\/actualites\/wp-content\/uploads\/2024\/09\/vie-associative-1-150x150.jpg","contentUrl":"https:\/\/vieassociative.be\/actualites\/wp-content\/uploads\/2024\/09\/vie-associative-1-150x150.jpg","caption":"Julien"},"description":"Je suis Julien, r\u00e9dacteur pour Vie Associative. Passionn\u00e9 par le monde associatif depuis plus de 10 ans, j'ai \u00e0 c\u0153ur de partager des histoires inspirantes et de mettre en lumi\u00e8re les initiatives locales. Mon objectif est de sensibiliser et d'encourager l'engagement communautaire \u00e0 travers mes articles.","sameAs":["https:\/\/vieassociative.be\/"]}]}},"_links":{"self":[{"href":"https:\/\/vieassociative.be\/actualites\/wp-json\/wp\/v2\/posts\/2140"}],"collection":[{"href":"https:\/\/vieassociative.be\/actualites\/wp-json\/wp\/v2\/posts"}],"about":[{"href":"https:\/\/vieassociative.be\/actualites\/wp-json\/wp\/v2\/types\/post"}],"author":[{"embeddable":true,"href":"https:\/\/vieassociative.be\/actualites\/wp-json\/wp\/v2\/users\/1"}],"replies":[{"embeddable":true,"href":"https:\/\/vieassociative.be\/actualites\/wp-json\/wp\/v2\/comments?post=2140"}],"version-history":[{"count":0,"href":"https:\/\/vieassociative.be\/actualites\/wp-json\/wp\/v2\/posts\/2140\/revisions"}],"wp:featuredmedia":[{"embeddable":true,"href":"https:\/\/vieassociative.be\/actualites\/wp-json\/wp\/v2\/media\/2141"}],"wp:attachment":[{"href":"https:\/\/vieassociative.be\/actualites\/wp-json\/wp\/v2\/media?parent=2140"}],"wp:term":[{"taxonomy":"category","embeddable":true,"href":"https:\/\/vieassociative.be\/actualites\/wp-json\/wp\/v2\/categories?post=2140"},{"taxonomy":"post_tag","embeddable":true,"href":"https:\/\/vieassociative.be\/actualites\/wp-json\/wp\/v2\/tags?post=2140"}],"curies":[{"name":"wp","href":"https:\/\/api.w.org\/{rel}","templated":true}]}}