{"id":2138,"date":"2024-11-07T12:18:11","date_gmt":"2024-11-07T11:18:11","guid":{"rendered":"https:\/\/vieassociative.be\/actualites\/comment-reinitialiser-votre-anxiete-parentale-post-pandemique\/"},"modified":"2024-11-07T12:18:11","modified_gmt":"2024-11-07T11:18:11","slug":"comment-reinitialiser-votre-anxiete-parentale-post-pandemique","status":"publish","type":"post","link":"https:\/\/vieassociative.be\/actualites\/comment-reinitialiser-votre-anxiete-parentale-post-pandemique\/","title":{"rendered":"Comment r\u00e9initialiser votre anxi\u00e9t\u00e9 parentale post-pand\u00e9mique"},"content":{"rendered":"<div class=\"mt-4 leading-6 md:mb-8\">Vous n\u2019\u00eates pas seul si chaque toux et chaque reniflement vous mettent en \u00e9tat d\u2019alerte ces jours-ci.<\/div>\n<p><\/p>\n<p>Vous entendez votre enfant tousser alors qu&rsquo;il descend pour le petit-d\u00e9jeuner et les calculs mentaux commencent\u00a0: <em>\u00c9tait-ce une toux ponctuelle ou un sympt\u00f4me l\u00e9gitime\u00a0? Dois-je prendre sa temp\u00e9rature ? Doit-elle aller \u00e0 l\u2019\u00e9cole ou rester \u00e0 la maison, juste au cas o\u00f9 ? <\/em>Pendant ce temps, votre enfant ne semble pas du tout \u00eatre en situation d\u2019urgence m\u00e9dicale\u00a0; elle veut juste ses gaufres. Peut-\u00eatre que vous r\u00e9agissez de mani\u00e8re excessive aux derniers sympt\u00f4mes du virus, ou peut-\u00eatre que vous r\u00e9agissez de mani\u00e8re insuffisante : c&rsquo;est le d\u00e9bat interne que tous les parents ont ces jours-ci.<\/p>\n<p>Depuis pr\u00e8s de trois ans, nous sommes en \u00e9tat d\u2019alerte maximale face aux signes de la COVID-19, et de nombreux parents ont du mal \u00e0 temp\u00e9rer leur panique face \u00e0 cette saison de nombreux virus. Nous avons parl\u00e9 \u00e0 Kelly Fradin,<strong> <\/strong>directeur de p\u00e9diatrie \u00e0 l&rsquo;Institut Atria et auteur de <em>Parentalit\u00e9 avanc\u00e9e\u00a0: conseils pour aider les enfants \u00e0 surmonter les diagnostics, les diff\u00e9rences et les probl\u00e8mes de sant\u00e9 mentale<\/em> pour quelques conseils sur la fa\u00e7on de recalibrer nos r\u00e9ponses aux sympt\u00f4mes du virus infantile \u00e0 l\u2019\u00e8re du COVID.<\/p>\n<p>\u00ab\u00a0Apr\u00e8s deux saisons respiratoires de distanciation sociale et de masquage, les parents ont perdu l&rsquo;habitude de soutenir leurs enfants face aux virus et aux bact\u00e9ries qui circulent en permanence\u00a0\u00bb, a d\u00e9clar\u00e9 Fradin. \u00ab De plus, nous avons pris l&rsquo;habitude de consid\u00e9rer chaque nez qui coule comme un signe avant-coureur potentiel d&rsquo;un COVID imminent qui pourrait constituer un risque pour les enseignants ou les soignants de notre famille ou de nos enfants.<\/p>\n<p>Outre que notre radar est plus sensible \u00e0 la d\u00e9tection (et \u00e0 la r\u00e9action) des sympt\u00f4mes du virus, de nombreux enfants rattrapent leur retard sur les services m\u00e9dicaux et de d\u00e9veloppement qui sont pass\u00e9s au second plan pendant les premi\u00e8res ann\u00e9es de la pand\u00e9mie, a d\u00e9clar\u00e9 Fradin. Certains enfants peuvent avoir des probl\u00e8mes de sant\u00e9 mentale ou des probl\u00e8mes de sant\u00e9 mentale li\u00e9s \u00e0 la pand\u00e9mie.<\/p>\n<p>\u00ab Tout cela pour dire qu&rsquo;il existe de nombreuses raisons l\u00e9gitimes et tangibles pour lesquelles les parents peuvent se sentir plus inquiets aujourd&rsquo;hui \u00e0 propos de la sant\u00e9 de leurs enfants, m\u00eame si pour la plupart, les menaces sanitaires auxquelles nos enfants sont confront\u00e9s ne sont pas plus courantes qu&rsquo;elles ne l&rsquo;\u00e9taient avant la pand\u00e9mie \u00bb, a-t-elle d\u00e9clar\u00e9.<\/p>\n<h2 id=\"everybodys-sick\">\u00ab\u00a0Tout le monde est malade.\u00a0\u00bb<\/h2>\n<p>Je ne sais pas combien de fois je l&rsquo;ai entendu (ou dit) cet hiver. Dans ma propre famille, nous avons affront\u00e9 le streptocoque, la grippe A, la grippe B et le coronavirus depuis d\u00e9cembre, ainsi que tous les reniflements al\u00e9atoires pour lesquels ils ne testent pas. Cela ressemble \u00e0 une saison de maladie sans fin, mais ce n\u2019est peut-\u00eatre pas n\u00e9cessairement une cause de panique.<\/p>\n<p>La p\u00e9diatre Krupa Playforth a partag\u00e9 sur son site Web un test de r\u00e9alit\u00e9 pour les parents anxieux : \u00ab Croyez-le ou non, au cours de la premi\u00e8re ann\u00e9e d&rsquo;\u00e9cole, il est normal d&rsquo;avoir 6 \u00e0 8 infections respiratoires (rhume, toux), 1 \u00e0 2 maux de ventre et quelques autres infections virales \u00e9parses telles que la fi\u00e8vre aphteuse ou la ros\u00e9ole \u00bb, a \u00e9crit Krupa.<\/p>\n<p>Tous ces virus s\u2019additionnent lorsque vous les regardez filtrer dans un foyer compos\u00e9 d\u2019un m\u00e9lange d\u2019enfants et d\u2019adultes d\u2019\u00e2ge \u00e9l\u00e9mentaire. Il n\u2019est pas \u00e9tonnant que les maladies semblent ne jamais s\u2019arr\u00eater.<\/p>\n<p>\u00abNous avons eu une saison grippale tr\u00e8s pr\u00e9coce et beaucoup de VRS, de m\u00e9tapneumovirus, d&rsquo;ad\u00e9novirus et de streptocoques ont circul\u00e9 \u00e0 New York. Les enfants et les adultes ont continu\u00e9 \u00e0 contracter le COVID, mais la fr\u00e9quence des hospitalisations a diminu\u00e9 \u00bb, a d\u00e9clar\u00e9 Fradin. \u00ab\u00a0Il est un peu difficile de dire si le nombre de cas de ces infections a augment\u00e9 par rapport aux hivers pr\u00e9c\u00e9dant la pand\u00e9mie, car nous avons \u00e9galement modifi\u00e9 notre comportement pour prendre les virus plus au s\u00e9rieux et tester plus fr\u00e9quemment.\u00a0\u00bb<\/p>\n<h2 id=\"rules-of-thumb-for-responding-to-virus-symptoms\">R\u00e8gles empiriques pour r\u00e9pondre aux sympt\u00f4mes du virus<\/h2>\n<ul>\n<li>\n<p><strong>Votre enfant doit-il rester \u00e0 la maison apr\u00e8s l&rsquo;\u00e9cole ?<\/strong> Gardez votre enfant \u00e0 la maison s&rsquo;il a de la fi\u00e8vre ou des sympt\u00f4mes qui pourraient interf\u00e9rer avec sa capacit\u00e9 d&rsquo;apprentissage, comme une congestion importante ou une toux, a d\u00e9clar\u00e9 Fradin. Gardez \u00e9galement les enfants \u00e0 la maison s\u2019ils pr\u00e9sentent des signes de conjonctivite, de vomissements ou de diarrh\u00e9e. Garder un enfant \u00e0 la maison apr\u00e8s l&rsquo;\u00e9cole, c&rsquo;est bien s\u00fbr l&rsquo;aider \u00e0 gu\u00e9rir de la maladie, mais c&rsquo;est aussi un moyen important de pr\u00e9venir la propagation de la maladie dans la communaut\u00e9.<\/p>\n<\/li>\n<li>\n<p><strong>Devriez-vous tester votre enfant pour le COVID ?<\/strong> S\u2019ils pr\u00e9sentent des sympt\u00f4mes du COVID comme de la fi\u00e8vre, de la toux, une perte du go\u00fbt ou de l\u2019odorat, une congestion, un mal de gorge, des maux d\u2019estomac ou des maux de t\u00eate, testez le COVID, a d\u00e9clar\u00e9 Fradin. S\u2019ils ont \u00e9t\u00e9 expos\u00e9s \u00e0 une personne atteinte du COVID mais ne pr\u00e9sentent aucun sympt\u00f4me, attendez cinq jours et faites un test.<\/p>\n<\/li>\n<li>\n<p><strong>Devez-vous appeler le p\u00e9diatre ou l\u2019infirmi\u00e8re ? <\/strong>\u00ab\u00a0De mani\u00e8re g\u00e9n\u00e9rale, je veux toujours que les parents appellent ou se rendent aux urgences s&rsquo;ils sont pr\u00e9occup\u00e9s par la respiration ou l&rsquo;\u00e9tat d&rsquo;hydratation de leur enfant\u00a0\u00bb, a d\u00e9clar\u00e9 Fraden. \u00ab En cas de fi\u00e8vre, je sugg\u00e8re de consulter le p\u00e9diatre pour une \u00e9valuation entre le troisi\u00e8me et le cinqui\u00e8me jour, en fonction de la dur\u00e9e et de la gravit\u00e9 des sympt\u00f4mes. Pour les b\u00e9b\u00e9s de moins de 2 mois, ils doivent appeler imm\u00e9diatement en cas de fi\u00e8vre.<\/p>\n<\/li>\n<li>\n<p><strong>Faut-il aller aux soins d\u2019urgence ?<\/strong> \u00ab\u00a0Le recours aux soins d&rsquo;urgence d\u00e9pend des services disponibles dans le centre m\u00e9dical\u00a0\u00bb, a d\u00e9clar\u00e9 Fraden, faisant r\u00e9f\u00e9rence au p\u00e9diatre habituel de l&rsquo;enfant. \u00ab Lorsque cela est possible, faire appel au m\u00eame p\u00e9diatre pour tous les soins peut vous aider \u00e0 organiser les soins de votre famille et \u00e0 d\u00e9tecter rapidement les tendances. Si votre p\u00e9diatre n&rsquo;est pas disponible, d\u00e9terminez qui s&rsquo;occupe de vos soins d&rsquo;urgence locaux et n&rsquo;h\u00e9sitez pas \u00e0 confirmer qu&rsquo;il est qualifi\u00e9 et exp\u00e9riment\u00e9 pour s&rsquo;occuper des enfants. <\/p>\n<\/li>\n<\/ul>\n<h2 id=\"managing-your-health-anxiety\">G\u00e9rer votre anxi\u00e9t\u00e9 li\u00e9e \u00e0 la sant\u00e9<\/h2>\n<p>Au cours de notre saison particuli\u00e8rement virale, j\u2019ai adopt\u00e9 un mantra : \u00ab Je choisis de gu\u00e9rir \u00bb. Je ne suis pas m\u00e9decin, mais je suis un parent tr\u00e8s inquiet quant \u00e0 la sant\u00e9 de mes deux jeunes enfants. Lorsque je commence \u00e0 paniquer \u00e0 cause d\u2019une toux ou d\u2019une fi\u00e8vre, je me souviens que le but de notre syst\u00e8me d\u2019alerte interne est d\u2019assurer la s\u00e9curit\u00e9 de nos familles. Ce qui assure notre s\u00e9curit\u00e9, c&rsquo;est de suivre les r\u00e8gles empiriques \u00e9num\u00e9r\u00e9es ci-dessus, de traiter les sympt\u00f4mes et d&rsquo;appeler un professionnel en cas de doute.<\/p>\n<p>\u00abJ&rsquo;ai sugg\u00e9r\u00e9 \u00e0 de nombreux parents le mantra suivant:\u00ab Je surveille les sympt\u00f4mes pour assurer la s\u00e9curit\u00e9 des autres \u00bb\u00bb, a d\u00e9clar\u00e9 Fradin. \u00ab Les parents ont assum\u00e9 la responsabilit\u00e9 de rechercher les contacts. \u00c9tant donn\u00e9 que les enfants peuvent avoir le nez qui coule pendant 4 \u00e0 6 semaines apr\u00e8s l&rsquo;infection par un virus, il est souvent difficile de dire s&rsquo;il s&rsquo;agit de sympt\u00f4mes r\u00e9siduels ou de quelque chose de nouveau. J\u2019encourage les parents \u00e0 utiliser les tests comme un outil lorsqu\u2019ils sont incertains, pour les aider \u00e0 \u00eatre gentils avec ceux qui entourent leur enfant.<\/p>\n","protected":false},"excerpt":{"rendered":"<p>Vous n\u2019\u00eates pas seul si chaque toux et chaque reniflement vous mettent en \u00e9tat d\u2019alerte ces jours-ci. Vous entendez votre enfant tousser alors qu&rsquo;il descend<\/p>\n","protected":false},"author":1,"featured_media":2139,"comment_status":"","ping_status":"","sticky":false,"template":"","format":"standard","meta":{"footnotes":""},"categories":[37],"tags":[2874,44,2875,2876,2873,8],"class_list":["post-2138","post","type-post","status-publish","format-standard","has-post-thumbnail","hentry","category-famille","tag-anxiete","tag-comment","tag-parentale","tag-postpandemique","tag-reinitialiser","tag-votre","generate-columns","tablet-grid-50","mobile-grid-100","grid-parent","grid-33"],"yoast_head":"<!-- This site is optimized with the Yoast SEO plugin v24.0 - https:\/\/yoast.com\/wordpress\/plugins\/seo\/ -->\n<title>Comment r\u00e9initialiser votre anxi\u00e9t\u00e9 parentale post-pand\u00e9mique | Vie Associative<\/title>\n<meta name=\"robots\" content=\"index, follow, max-snippet:-1, max-image-preview:large, max-video-preview:-1\" \/>\n<link rel=\"canonical\" href=\"https:\/\/vieassociative.be\/actualites\/comment-reinitialiser-votre-anxiete-parentale-post-pandemique\/\" \/>\n<meta property=\"og:locale\" content=\"fr_FR\" \/>\n<meta property=\"og:type\" content=\"article\" \/>\n<meta property=\"og:title\" content=\"Comment r\u00e9initialiser votre anxi\u00e9t\u00e9 parentale post-pand\u00e9mique | Vie Associative\" \/>\n<meta property=\"og:description\" content=\"Vous n\u2019\u00eates pas seul si chaque toux et chaque reniflement vous mettent en \u00e9tat d\u2019alerte ces jours-ci. Vous entendez votre enfant tousser alors qu&rsquo;il descend\" \/>\n<meta property=\"og:url\" content=\"https:\/\/vieassociative.be\/actualites\/comment-reinitialiser-votre-anxiete-parentale-post-pandemique\/\" \/>\n<meta property=\"og:site_name\" content=\"Vie Associative\" \/>\n<meta property=\"article:published_time\" content=\"2024-11-07T11:18:11+00:00\" \/>\n<meta property=\"og:image\" content=\"https:\/\/vieassociative.be\/actualites\/wp-content\/uploads\/2024\/09\/header_backgroundk-01-e1726694325946.png\" \/>\n\t<meta property=\"og:image:width\" content=\"279\" \/>\n\t<meta property=\"og:image:height\" content=\"92\" \/>\n\t<meta property=\"og:image:type\" content=\"image\/png\" \/>\n<meta name=\"author\" content=\"Julien\" \/>\n<meta name=\"twitter:card\" content=\"summary_large_image\" \/>\n<meta name=\"twitter:label1\" content=\"\u00c9crit par\" \/>\n\t<meta name=\"twitter:data1\" content=\"Julien\" \/>\n\t<meta name=\"twitter:label2\" content=\"Dur\u00e9e de lecture est.\" \/>\n\t<meta name=\"twitter:data2\" content=\"7 minutes\" \/>\n<script type=\"application\/ld+json\" class=\"yoast-schema-graph\">{\"@context\":\"https:\/\/schema.org\",\"@graph\":[{\"@type\":\"Article\",\"@id\":\"https:\/\/vieassociative.be\/actualites\/comment-reinitialiser-votre-anxiete-parentale-post-pandemique\/#article\",\"isPartOf\":{\"@id\":\"https:\/\/vieassociative.be\/actualites\/comment-reinitialiser-votre-anxiete-parentale-post-pandemique\/\"},\"author\":{\"name\":\"Julien\",\"@id\":\"https:\/\/vieassociative.be\/actualites\/#\/schema\/person\/b87ac4f82f9d4e7b7cec7395b679edc4\"},\"headline\":\"Comment r\u00e9initialiser votre anxi\u00e9t\u00e9 parentale post-pand\u00e9mique\",\"datePublished\":\"2024-11-07T11:18:11+00:00\",\"dateModified\":\"2024-11-07T11:18:11+00:00\",\"mainEntityOfPage\":{\"@id\":\"https:\/\/vieassociative.be\/actualites\/comment-reinitialiser-votre-anxiete-parentale-post-pandemique\/\"},\"wordCount\":1347,\"publisher\":{\"@id\":\"https:\/\/vieassociative.be\/actualites\/#organization\"},\"image\":{\"@id\":\"https:\/\/vieassociative.be\/actualites\/comment-reinitialiser-votre-anxiete-parentale-post-pandemique\/#primaryimage\"},\"thumbnailUrl\":\"https:\/\/vieassociative.be\/actualites\/wp-content\/uploads\/2024\/11\/Comment-reinitialiser-votre-anxiete-parentale-post-pandemique.jpg\",\"keywords\":[\"anxi\u00e9t\u00e9\",\"Comment\",\"parentale\",\"postpand\u00e9mique\",\"r\u00e9initialiser\",\"votre\"],\"articleSection\":[\"Famille\"],\"inLanguage\":\"fr-BE\"},{\"@type\":\"WebPage\",\"@id\":\"https:\/\/vieassociative.be\/actualites\/comment-reinitialiser-votre-anxiete-parentale-post-pandemique\/\",\"url\":\"https:\/\/vieassociative.be\/actualites\/comment-reinitialiser-votre-anxiete-parentale-post-pandemique\/\",\"name\":\"Comment r\u00e9initialiser votre anxi\u00e9t\u00e9 parentale post-pand\u00e9mique | Vie Associative\",\"isPartOf\":{\"@id\":\"https:\/\/vieassociative.be\/actualites\/#website\"},\"primaryImageOfPage\":{\"@id\":\"https:\/\/vieassociative.be\/actualites\/comment-reinitialiser-votre-anxiete-parentale-post-pandemique\/#primaryimage\"},\"image\":{\"@id\":\"https:\/\/vieassociative.be\/actualites\/comment-reinitialiser-votre-anxiete-parentale-post-pandemique\/#primaryimage\"},\"thumbnailUrl\":\"https:\/\/vieassociative.be\/actualites\/wp-content\/uploads\/2024\/11\/Comment-reinitialiser-votre-anxiete-parentale-post-pandemique.jpg\",\"datePublished\":\"2024-11-07T11:18:11+00:00\",\"dateModified\":\"2024-11-07T11:18:11+00:00\",\"breadcrumb\":{\"@id\":\"https:\/\/vieassociative.be\/actualites\/comment-reinitialiser-votre-anxiete-parentale-post-pandemique\/#breadcrumb\"},\"inLanguage\":\"fr-BE\",\"potentialAction\":[{\"@type\":\"ReadAction\",\"target\":[\"https:\/\/vieassociative.be\/actualites\/comment-reinitialiser-votre-anxiete-parentale-post-pandemique\/\"]}]},{\"@type\":\"ImageObject\",\"inLanguage\":\"fr-BE\",\"@id\":\"https:\/\/vieassociative.be\/actualites\/comment-reinitialiser-votre-anxiete-parentale-post-pandemique\/#primaryimage\",\"url\":\"https:\/\/vieassociative.be\/actualites\/wp-content\/uploads\/2024\/11\/Comment-reinitialiser-votre-anxiete-parentale-post-pandemique.jpg\",\"contentUrl\":\"https:\/\/vieassociative.be\/actualites\/wp-content\/uploads\/2024\/11\/Comment-reinitialiser-votre-anxiete-parentale-post-pandemique.jpg\",\"width\":1200,\"height\":675,\"caption\":\"Comment r\u00e9initialiser votre anxi\u00e9t\u00e9 parentale post-pand\u00e9mique\"},{\"@type\":\"BreadcrumbList\",\"@id\":\"https:\/\/vieassociative.be\/actualites\/comment-reinitialiser-votre-anxiete-parentale-post-pandemique\/#breadcrumb\",\"itemListElement\":[{\"@type\":\"ListItem\",\"position\":1,\"name\":\"Accueil\",\"item\":\"https:\/\/vieassociative.be\/actualites\/\"},{\"@type\":\"ListItem\",\"position\":2,\"name\":\"Comment r\u00e9initialiser votre anxi\u00e9t\u00e9 parentale post-pand\u00e9mique\"}]},{\"@type\":\"WebSite\",\"@id\":\"https:\/\/vieassociative.be\/actualites\/#website\",\"url\":\"https:\/\/vieassociative.be\/actualites\/\",\"name\":\"Vie Associative\",\"description\":\"\",\"publisher\":{\"@id\":\"https:\/\/vieassociative.be\/actualites\/#organization\"},\"potentialAction\":[{\"@type\":\"SearchAction\",\"target\":{\"@type\":\"EntryPoint\",\"urlTemplate\":\"https:\/\/vieassociative.be\/actualites\/?s={search_term_string}\"},\"query-input\":{\"@type\":\"PropertyValueSpecification\",\"valueRequired\":true,\"valueName\":\"search_term_string\"}}],\"inLanguage\":\"fr-BE\"},{\"@type\":\"Organization\",\"@id\":\"https:\/\/vieassociative.be\/actualites\/#organization\",\"name\":\"Vie Associative\",\"url\":\"https:\/\/vieassociative.be\/actualites\/\",\"logo\":{\"@type\":\"ImageObject\",\"inLanguage\":\"fr-BE\",\"@id\":\"https:\/\/vieassociative.be\/actualites\/#\/schema\/logo\/image\/\",\"url\":\"https:\/\/vieassociative.be\/actualites\/wp-content\/uploads\/2024\/09\/cropped-vieassociative_favicon.ico.png\",\"contentUrl\":\"https:\/\/vieassociative.be\/actualites\/wp-content\/uploads\/2024\/09\/cropped-vieassociative_favicon.ico.png\",\"width\":512,\"height\":512,\"caption\":\"Vie Associative\"},\"image\":{\"@id\":\"https:\/\/vieassociative.be\/actualites\/#\/schema\/logo\/image\/\"}},{\"@type\":\"Person\",\"@id\":\"https:\/\/vieassociative.be\/actualites\/#\/schema\/person\/b87ac4f82f9d4e7b7cec7395b679edc4\",\"name\":\"Julien\",\"image\":{\"@type\":\"ImageObject\",\"inLanguage\":\"fr-BE\",\"@id\":\"https:\/\/vieassociative.be\/actualites\/#\/schema\/person\/image\/\",\"url\":\"https:\/\/vieassociative.be\/actualites\/wp-content\/uploads\/2024\/09\/vie-associative-1-150x150.jpg\",\"contentUrl\":\"https:\/\/vieassociative.be\/actualites\/wp-content\/uploads\/2024\/09\/vie-associative-1-150x150.jpg\",\"caption\":\"Julien\"},\"description\":\"Je suis Julien, r\u00e9dacteur pour Vie Associative. Passionn\u00e9 par le monde associatif depuis plus de 10 ans, j'ai \u00e0 c\u0153ur de partager des histoires inspirantes et de mettre en lumi\u00e8re les initiatives locales. Mon objectif est de sensibiliser et d'encourager l'engagement communautaire \u00e0 travers mes articles.\",\"sameAs\":[\"https:\/\/vieassociative.be\/\"]}]}<\/script>\n<!-- \/ Yoast SEO plugin. -->","yoast_head_json":{"title":"Comment r\u00e9initialiser votre anxi\u00e9t\u00e9 parentale post-pand\u00e9mique | Vie Associative","robots":{"index":"index","follow":"follow","max-snippet":"max-snippet:-1","max-image-preview":"max-image-preview:large","max-video-preview":"max-video-preview:-1"},"canonical":"https:\/\/vieassociative.be\/actualites\/comment-reinitialiser-votre-anxiete-parentale-post-pandemique\/","og_locale":"fr_FR","og_type":"article","og_title":"Comment r\u00e9initialiser votre anxi\u00e9t\u00e9 parentale post-pand\u00e9mique | Vie Associative","og_description":"Vous n\u2019\u00eates pas seul si chaque toux et chaque reniflement vous mettent en \u00e9tat d\u2019alerte ces jours-ci. Vous entendez votre enfant tousser alors qu&rsquo;il descend","og_url":"https:\/\/vieassociative.be\/actualites\/comment-reinitialiser-votre-anxiete-parentale-post-pandemique\/","og_site_name":"Vie Associative","article_published_time":"2024-11-07T11:18:11+00:00","og_image":[{"width":279,"height":92,"url":"https:\/\/vieassociative.be\/actualites\/wp-content\/uploads\/2024\/09\/header_backgroundk-01-e1726694325946.png","type":"image\/png"}],"author":"Julien","twitter_card":"summary_large_image","twitter_misc":{"\u00c9crit par":"Julien","Dur\u00e9e de lecture est.":"7 minutes"},"schema":{"@context":"https:\/\/schema.org","@graph":[{"@type":"Article","@id":"https:\/\/vieassociative.be\/actualites\/comment-reinitialiser-votre-anxiete-parentale-post-pandemique\/#article","isPartOf":{"@id":"https:\/\/vieassociative.be\/actualites\/comment-reinitialiser-votre-anxiete-parentale-post-pandemique\/"},"author":{"name":"Julien","@id":"https:\/\/vieassociative.be\/actualites\/#\/schema\/person\/b87ac4f82f9d4e7b7cec7395b679edc4"},"headline":"Comment r\u00e9initialiser votre anxi\u00e9t\u00e9 parentale post-pand\u00e9mique","datePublished":"2024-11-07T11:18:11+00:00","dateModified":"2024-11-07T11:18:11+00:00","mainEntityOfPage":{"@id":"https:\/\/vieassociative.be\/actualites\/comment-reinitialiser-votre-anxiete-parentale-post-pandemique\/"},"wordCount":1347,"publisher":{"@id":"https:\/\/vieassociative.be\/actualites\/#organization"},"image":{"@id":"https:\/\/vieassociative.be\/actualites\/comment-reinitialiser-votre-anxiete-parentale-post-pandemique\/#primaryimage"},"thumbnailUrl":"https:\/\/vieassociative.be\/actualites\/wp-content\/uploads\/2024\/11\/Comment-reinitialiser-votre-anxiete-parentale-post-pandemique.jpg","keywords":["anxi\u00e9t\u00e9","Comment","parentale","postpand\u00e9mique","r\u00e9initialiser","votre"],"articleSection":["Famille"],"inLanguage":"fr-BE"},{"@type":"WebPage","@id":"https:\/\/vieassociative.be\/actualites\/comment-reinitialiser-votre-anxiete-parentale-post-pandemique\/","url":"https:\/\/vieassociative.be\/actualites\/comment-reinitialiser-votre-anxiete-parentale-post-pandemique\/","name":"Comment r\u00e9initialiser votre anxi\u00e9t\u00e9 parentale post-pand\u00e9mique | Vie Associative","isPartOf":{"@id":"https:\/\/vieassociative.be\/actualites\/#website"},"primaryImageOfPage":{"@id":"https:\/\/vieassociative.be\/actualites\/comment-reinitialiser-votre-anxiete-parentale-post-pandemique\/#primaryimage"},"image":{"@id":"https:\/\/vieassociative.be\/actualites\/comment-reinitialiser-votre-anxiete-parentale-post-pandemique\/#primaryimage"},"thumbnailUrl":"https:\/\/vieassociative.be\/actualites\/wp-content\/uploads\/2024\/11\/Comment-reinitialiser-votre-anxiete-parentale-post-pandemique.jpg","datePublished":"2024-11-07T11:18:11+00:00","dateModified":"2024-11-07T11:18:11+00:00","breadcrumb":{"@id":"https:\/\/vieassociative.be\/actualites\/comment-reinitialiser-votre-anxiete-parentale-post-pandemique\/#breadcrumb"},"inLanguage":"fr-BE","potentialAction":[{"@type":"ReadAction","target":["https:\/\/vieassociative.be\/actualites\/comment-reinitialiser-votre-anxiete-parentale-post-pandemique\/"]}]},{"@type":"ImageObject","inLanguage":"fr-BE","@id":"https:\/\/vieassociative.be\/actualites\/comment-reinitialiser-votre-anxiete-parentale-post-pandemique\/#primaryimage","url":"https:\/\/vieassociative.be\/actualites\/wp-content\/uploads\/2024\/11\/Comment-reinitialiser-votre-anxiete-parentale-post-pandemique.jpg","contentUrl":"https:\/\/vieassociative.be\/actualites\/wp-content\/uploads\/2024\/11\/Comment-reinitialiser-votre-anxiete-parentale-post-pandemique.jpg","width":1200,"height":675,"caption":"Comment r\u00e9initialiser votre anxi\u00e9t\u00e9 parentale post-pand\u00e9mique"},{"@type":"BreadcrumbList","@id":"https:\/\/vieassociative.be\/actualites\/comment-reinitialiser-votre-anxiete-parentale-post-pandemique\/#breadcrumb","itemListElement":[{"@type":"ListItem","position":1,"name":"Accueil","item":"https:\/\/vieassociative.be\/actualites\/"},{"@type":"ListItem","position":2,"name":"Comment r\u00e9initialiser votre anxi\u00e9t\u00e9 parentale post-pand\u00e9mique"}]},{"@type":"WebSite","@id":"https:\/\/vieassociative.be\/actualites\/#website","url":"https:\/\/vieassociative.be\/actualites\/","name":"Vie Associative","description":"","publisher":{"@id":"https:\/\/vieassociative.be\/actualites\/#organization"},"potentialAction":[{"@type":"SearchAction","target":{"@type":"EntryPoint","urlTemplate":"https:\/\/vieassociative.be\/actualites\/?s={search_term_string}"},"query-input":{"@type":"PropertyValueSpecification","valueRequired":true,"valueName":"search_term_string"}}],"inLanguage":"fr-BE"},{"@type":"Organization","@id":"https:\/\/vieassociative.be\/actualites\/#organization","name":"Vie Associative","url":"https:\/\/vieassociative.be\/actualites\/","logo":{"@type":"ImageObject","inLanguage":"fr-BE","@id":"https:\/\/vieassociative.be\/actualites\/#\/schema\/logo\/image\/","url":"https:\/\/vieassociative.be\/actualites\/wp-content\/uploads\/2024\/09\/cropped-vieassociative_favicon.ico.png","contentUrl":"https:\/\/vieassociative.be\/actualites\/wp-content\/uploads\/2024\/09\/cropped-vieassociative_favicon.ico.png","width":512,"height":512,"caption":"Vie Associative"},"image":{"@id":"https:\/\/vieassociative.be\/actualites\/#\/schema\/logo\/image\/"}},{"@type":"Person","@id":"https:\/\/vieassociative.be\/actualites\/#\/schema\/person\/b87ac4f82f9d4e7b7cec7395b679edc4","name":"Julien","image":{"@type":"ImageObject","inLanguage":"fr-BE","@id":"https:\/\/vieassociative.be\/actualites\/#\/schema\/person\/image\/","url":"https:\/\/vieassociative.be\/actualites\/wp-content\/uploads\/2024\/09\/vie-associative-1-150x150.jpg","contentUrl":"https:\/\/vieassociative.be\/actualites\/wp-content\/uploads\/2024\/09\/vie-associative-1-150x150.jpg","caption":"Julien"},"description":"Je suis Julien, r\u00e9dacteur pour Vie Associative. Passionn\u00e9 par le monde associatif depuis plus de 10 ans, j'ai \u00e0 c\u0153ur de partager des histoires inspirantes et de mettre en lumi\u00e8re les initiatives locales. Mon objectif est de sensibiliser et d'encourager l'engagement communautaire \u00e0 travers mes articles.","sameAs":["https:\/\/vieassociative.be\/"]}]}},"_links":{"self":[{"href":"https:\/\/vieassociative.be\/actualites\/wp-json\/wp\/v2\/posts\/2138"}],"collection":[{"href":"https:\/\/vieassociative.be\/actualites\/wp-json\/wp\/v2\/posts"}],"about":[{"href":"https:\/\/vieassociative.be\/actualites\/wp-json\/wp\/v2\/types\/post"}],"author":[{"embeddable":true,"href":"https:\/\/vieassociative.be\/actualites\/wp-json\/wp\/v2\/users\/1"}],"replies":[{"embeddable":true,"href":"https:\/\/vieassociative.be\/actualites\/wp-json\/wp\/v2\/comments?post=2138"}],"version-history":[{"count":0,"href":"https:\/\/vieassociative.be\/actualites\/wp-json\/wp\/v2\/posts\/2138\/revisions"}],"wp:featuredmedia":[{"embeddable":true,"href":"https:\/\/vieassociative.be\/actualites\/wp-json\/wp\/v2\/media\/2139"}],"wp:attachment":[{"href":"https:\/\/vieassociative.be\/actualites\/wp-json\/wp\/v2\/media?parent=2138"}],"wp:term":[{"taxonomy":"category","embeddable":true,"href":"https:\/\/vieassociative.be\/actualites\/wp-json\/wp\/v2\/categories?post=2138"},{"taxonomy":"post_tag","embeddable":true,"href":"https:\/\/vieassociative.be\/actualites\/wp-json\/wp\/v2\/tags?post=2138"}],"curies":[{"name":"wp","href":"https:\/\/api.w.org\/{rel}","templated":true}]}}