{"id":2123,"date":"2024-11-07T04:18:10","date_gmt":"2024-11-07T03:18:10","guid":{"rendered":"https:\/\/vieassociative.be\/actualites\/schalke-deux-etudiants-delgert-nomines-pour-lequipe-nationale\/"},"modified":"2024-11-07T04:18:13","modified_gmt":"2024-11-07T03:18:13","slug":"schalke-deux-etudiants-delgert-nomines-pour-lequipe-nationale","status":"publish","type":"post","link":"https:\/\/vieassociative.be\/actualites\/schalke-deux-etudiants-delgert-nomines-pour-lequipe-nationale\/","title":{"rendered":"Schalke : Deux \u00e9tudiants d&rsquo;Elgert nomin\u00e9s pour l&rsquo;\u00e9quipe nationale"},"content":{"rendered":"<p><\/p>\n<p class=\"font-sans font-medium\">  Les joueurs de Schalke A-juniors Mehmet Can Aydin et Kerim \u00c7alhano\u011flu font partie de l&rsquo;\u00e9quipe pour les matchs tests de l&rsquo;\u00e9quipe nationale allemande U-19.<\/p>\n<aside class=\"h-ad-280+text lg:h-0 \" data-slot-id=\"pos1_sm\" data-breakpoint=\"sm\" data-hide-ad-text=\"false\" data-module-id=\"SparkAdSlotModule\"><\/aside>\n<p>L&rsquo;\u00e9quipe nationale allemande U-19 entame les pr\u00e9paratifs pour le deuxi\u00e8me tour de qualification pour les Championnats d&rsquo;Europe en Irlande du Nord. L&rsquo;entra\u00eeneur Christian W\u00f6rns a d\u00e9sign\u00e9 un total de 26 joueurs pour les tests contre la Pologne et la Belgique, et 15 autres sont convoqu\u00e9s.<\/p>\n<p>L&rsquo;\u00e9quipe permanente de 26 joueurs de l&rsquo;\u00e9quipe allemande A-Juniors comprend \u00e9galement deux joueurs du FC Schalke 04 de l&rsquo;\u00e9quipe de Bundesliga U-19 de l&rsquo;entra\u00eeneur Norbert Elgert : Mehmet Can Aydin, 18 ans, et &#8211; en tant que jeune (2003) &#8211; le 17- Kerim \u00c7alhano\u011flu, \u00e2g\u00e9 d&rsquo;un an, qui a rejoint les Royal Blues cet \u00e9t\u00e9 en provenance du TSG 1899 Hoffenheim. Ansgar Knauff, 18 ans, vient du Borussia Dortmund, son rival du district, dans l&rsquo;\u00e9quipe de l&rsquo;ancien joueur national Christian W\u00f6rns, qui a \u00e9t\u00e9 entra\u00eeneur-chef de la Bundesliga B juniors de Schalke lors de la saison 2013\/14.<\/p>\n<div id=\"piano-banner-kampagne\" class=\"mb-4 block\"><\/div>\n<div id=\"piano-reco-widget\" class=\"mb-4 block\"><\/div>\n<h3>Matchs tests le 3 septembre contre la Pologne et le 8 septembre contre le Danemark<\/h3>\n<p>L&rsquo;\u00e9quipe allemande U-19 rencontrera pour la premi\u00e8re fois la Pologne le 3 septembre (jeudi, 18h00) \u00e0 Kalisz. Cinq jours plus tard, le 8 septembre (mardi, 11 heures), aura lieu la comparaison avec l&rsquo;\u00e9quipe nationale belge U-19 \u00e0 Genk. En raison de la pand\u00e9mie corona, tous les matchs et entra\u00eenements se d\u00e9rouleront \u00e0 huis clos. L\u2019\u00e9quipe DFB a termin\u00e9 le premier tour de qualification en route vers les Championnats d\u2019Europe en mars 2021 \u00e0 la deuxi\u00e8me place derri\u00e8re l\u2019\u00c9cosse.<\/p>\n<p><!-- opinary --><\/p>\n<div class=\"w-full bg-background-100\">\n<div id=\"opinary-automation-placeholder\" class=\"w-full\"><\/div>\n<\/p><\/div>\n<p>\u00ab\u00a0Le coronavirus domine toujours notre vie quotidienne, mais en m\u00eame temps nous sommes tr\u00e8s heureux qu&rsquo;un peu de normalit\u00e9 puisse revenir avec les prochains matches internationaux\u00a0\u00bb, d\u00e9clare Christian W\u00f6rns, 48 \u200b\u200bans (66 matches internationaux) sur dfb.de. \u00abNous agirons de mani\u00e8re responsable et conform\u00e9ment au concept d&rsquo;hygi\u00e8ne. Les jeux de haut niveau international sont d&rsquo;une grande importance pour le d\u00e9veloppement des jeunes joueurs. En ce d\u00e9but de saison internationale 2020\/21, nous affrontons deux adversaires s\u00e9duisants, la Pologne et la Belgique, contre lesquels nous devons tout donner. Apr\u00e8s une longue interruption de la comp\u00e9tition, il sera encore plus important d\u2019aborder les rencontres avec la bonne mentalit\u00e9 et la bonne attitude. Nous voulons r\u00e9ussir dans les deux matches internationaux.<\/p>\n","protected":false},"excerpt":{"rendered":"<p>Les joueurs de Schalke A-juniors Mehmet Can Aydin et Kerim \u00c7alhano\u011flu font partie de l&rsquo;\u00e9quipe pour les matchs tests de l&rsquo;\u00e9quipe nationale allemande U-19. L&rsquo;\u00e9quipe<\/p>\n","protected":false},"author":1,"featured_media":2124,"comment_status":"closed","ping_status":"","sticky":false,"template":"","format":"standard","meta":{"footnotes":""},"categories":[298],"tags":[2852,114,1359,537,538,2853,81,534],"class_list":["post-2123","post","type-post","status-publish","format-standard","has-post-thumbnail","hentry","category-belgique","tag-delgert","tag-deux","tag-etudiants","tag-lequipe","tag-nationale","tag-nomines","tag-pour","tag-schalke","generate-columns","tablet-grid-50","mobile-grid-100","grid-parent","grid-33"],"yoast_head":"<!-- This site is optimized with the Yoast SEO plugin v24.0 - https:\/\/yoast.com\/wordpress\/plugins\/seo\/ -->\n<title>Schalke : Deux \u00e9tudiants d&#039;Elgert nomin\u00e9s pour l&#039;\u00e9quipe nationale | Vie Associative<\/title>\n<meta name=\"robots\" content=\"index, follow, max-snippet:-1, max-image-preview:large, max-video-preview:-1\" \/>\n<link rel=\"canonical\" href=\"https:\/\/vieassociative.be\/actualites\/schalke-deux-etudiants-delgert-nomines-pour-lequipe-nationale\/\" \/>\n<meta property=\"og:locale\" content=\"fr_FR\" \/>\n<meta property=\"og:type\" content=\"article\" \/>\n<meta property=\"og:title\" content=\"Schalke : Deux \u00e9tudiants d&#039;Elgert nomin\u00e9s pour l&#039;\u00e9quipe nationale | Vie Associative\" \/>\n<meta property=\"og:description\" content=\"Les joueurs de Schalke A-juniors Mehmet Can Aydin et Kerim \u00c7alhano\u011flu font partie de l&rsquo;\u00e9quipe pour les matchs tests de l&rsquo;\u00e9quipe nationale allemande U-19. L&rsquo;\u00e9quipe\" \/>\n<meta property=\"og:url\" content=\"https:\/\/vieassociative.be\/actualites\/schalke-deux-etudiants-delgert-nomines-pour-lequipe-nationale\/\" \/>\n<meta property=\"og:site_name\" content=\"Vie Associative\" \/>\n<meta property=\"article:published_time\" content=\"2024-11-07T03:18:10+00:00\" \/>\n<meta property=\"article:modified_time\" content=\"2024-11-07T03:18:13+00:00\" \/>\n<meta property=\"og:image\" content=\"https:\/\/vieassociative.be\/actualites\/wp-content\/uploads\/2024\/11\/1730949491_Schalke-Deux-etudiants-dElgert-nomines-pour-lequipe-nationale.jpeg\" \/>\n\t<meta property=\"og:image:width\" content=\"1600\" \/>\n\t<meta property=\"og:image:height\" content=\"900\" \/>\n\t<meta property=\"og:image:type\" content=\"image\/jpeg\" \/>\n<meta name=\"author\" content=\"Julien\" \/>\n<meta name=\"twitter:card\" content=\"summary_large_image\" \/>\n<meta name=\"twitter:label1\" content=\"\u00c9crit par\" \/>\n\t<meta name=\"twitter:data1\" content=\"Julien\" \/>\n\t<meta name=\"twitter:label2\" content=\"Dur\u00e9e de lecture est.\" \/>\n\t<meta name=\"twitter:data2\" content=\"2 minutes\" \/>\n<script type=\"application\/ld+json\" class=\"yoast-schema-graph\">{\"@context\":\"https:\/\/schema.org\",\"@graph\":[{\"@type\":\"Article\",\"@id\":\"https:\/\/vieassociative.be\/actualites\/schalke-deux-etudiants-delgert-nomines-pour-lequipe-nationale\/#article\",\"isPartOf\":{\"@id\":\"https:\/\/vieassociative.be\/actualites\/schalke-deux-etudiants-delgert-nomines-pour-lequipe-nationale\/\"},\"author\":{\"name\":\"Julien\",\"@id\":\"https:\/\/vieassociative.be\/actualites\/#\/schema\/person\/b87ac4f82f9d4e7b7cec7395b679edc4\"},\"headline\":\"Schalke : Deux \u00e9tudiants d&rsquo;Elgert nomin\u00e9s pour l&rsquo;\u00e9quipe nationale\",\"datePublished\":\"2024-11-07T03:18:10+00:00\",\"dateModified\":\"2024-11-07T03:18:13+00:00\",\"mainEntityOfPage\":{\"@id\":\"https:\/\/vieassociative.be\/actualites\/schalke-deux-etudiants-delgert-nomines-pour-lequipe-nationale\/\"},\"wordCount\":415,\"publisher\":{\"@id\":\"https:\/\/vieassociative.be\/actualites\/#organization\"},\"image\":{\"@id\":\"https:\/\/vieassociative.be\/actualites\/schalke-deux-etudiants-delgert-nomines-pour-lequipe-nationale\/#primaryimage\"},\"thumbnailUrl\":\"https:\/\/vieassociative.be\/actualites\/wp-content\/uploads\/2024\/11\/1730949491_Schalke-Deux-etudiants-dElgert-nomines-pour-lequipe-nationale.jpeg\",\"keywords\":[\"dElgert\",\"deux\",\"\u00e9tudiants\",\"l\u00e9quipe\",\"nationale\",\"nomin\u00e9s\",\"pour\",\"Schalke\"],\"articleSection\":[\"Belgique\"],\"inLanguage\":\"fr-BE\"},{\"@type\":\"WebPage\",\"@id\":\"https:\/\/vieassociative.be\/actualites\/schalke-deux-etudiants-delgert-nomines-pour-lequipe-nationale\/\",\"url\":\"https:\/\/vieassociative.be\/actualites\/schalke-deux-etudiants-delgert-nomines-pour-lequipe-nationale\/\",\"name\":\"Schalke : Deux \u00e9tudiants d'Elgert nomin\u00e9s pour l'\u00e9quipe nationale | Vie Associative\",\"isPartOf\":{\"@id\":\"https:\/\/vieassociative.be\/actualites\/#website\"},\"primaryImageOfPage\":{\"@id\":\"https:\/\/vieassociative.be\/actualites\/schalke-deux-etudiants-delgert-nomines-pour-lequipe-nationale\/#primaryimage\"},\"image\":{\"@id\":\"https:\/\/vieassociative.be\/actualites\/schalke-deux-etudiants-delgert-nomines-pour-lequipe-nationale\/#primaryimage\"},\"thumbnailUrl\":\"https:\/\/vieassociative.be\/actualites\/wp-content\/uploads\/2024\/11\/1730949491_Schalke-Deux-etudiants-dElgert-nomines-pour-lequipe-nationale.jpeg\",\"datePublished\":\"2024-11-07T03:18:10+00:00\",\"dateModified\":\"2024-11-07T03:18:13+00:00\",\"breadcrumb\":{\"@id\":\"https:\/\/vieassociative.be\/actualites\/schalke-deux-etudiants-delgert-nomines-pour-lequipe-nationale\/#breadcrumb\"},\"inLanguage\":\"fr-BE\",\"potentialAction\":[{\"@type\":\"ReadAction\",\"target\":[\"https:\/\/vieassociative.be\/actualites\/schalke-deux-etudiants-delgert-nomines-pour-lequipe-nationale\/\"]}]},{\"@type\":\"ImageObject\",\"inLanguage\":\"fr-BE\",\"@id\":\"https:\/\/vieassociative.be\/actualites\/schalke-deux-etudiants-delgert-nomines-pour-lequipe-nationale\/#primaryimage\",\"url\":\"https:\/\/vieassociative.be\/actualites\/wp-content\/uploads\/2024\/11\/1730949491_Schalke-Deux-etudiants-dElgert-nomines-pour-lequipe-nationale.jpeg\",\"contentUrl\":\"https:\/\/vieassociative.be\/actualites\/wp-content\/uploads\/2024\/11\/1730949491_Schalke-Deux-etudiants-dElgert-nomines-pour-lequipe-nationale.jpeg\",\"width\":1600,\"height\":900,\"caption\":\"Schalke : Deux \u00e9tudiants d'Elgert nomin\u00e9s pour l'\u00e9quipe nationale\"},{\"@type\":\"BreadcrumbList\",\"@id\":\"https:\/\/vieassociative.be\/actualites\/schalke-deux-etudiants-delgert-nomines-pour-lequipe-nationale\/#breadcrumb\",\"itemListElement\":[{\"@type\":\"ListItem\",\"position\":1,\"name\":\"Accueil\",\"item\":\"https:\/\/vieassociative.be\/actualites\/\"},{\"@type\":\"ListItem\",\"position\":2,\"name\":\"Schalke : Deux \u00e9tudiants d&rsquo;Elgert nomin\u00e9s pour l&rsquo;\u00e9quipe nationale\"}]},{\"@type\":\"WebSite\",\"@id\":\"https:\/\/vieassociative.be\/actualites\/#website\",\"url\":\"https:\/\/vieassociative.be\/actualites\/\",\"name\":\"Vie Associative\",\"description\":\"\",\"publisher\":{\"@id\":\"https:\/\/vieassociative.be\/actualites\/#organization\"},\"potentialAction\":[{\"@type\":\"SearchAction\",\"target\":{\"@type\":\"EntryPoint\",\"urlTemplate\":\"https:\/\/vieassociative.be\/actualites\/?s={search_term_string}\"},\"query-input\":{\"@type\":\"PropertyValueSpecification\",\"valueRequired\":true,\"valueName\":\"search_term_string\"}}],\"inLanguage\":\"fr-BE\"},{\"@type\":\"Organization\",\"@id\":\"https:\/\/vieassociative.be\/actualites\/#organization\",\"name\":\"Vie Associative\",\"url\":\"https:\/\/vieassociative.be\/actualites\/\",\"logo\":{\"@type\":\"ImageObject\",\"inLanguage\":\"fr-BE\",\"@id\":\"https:\/\/vieassociative.be\/actualites\/#\/schema\/logo\/image\/\",\"url\":\"https:\/\/vieassociative.be\/actualites\/wp-content\/uploads\/2024\/09\/cropped-vieassociative_favicon.ico.png\",\"contentUrl\":\"https:\/\/vieassociative.be\/actualites\/wp-content\/uploads\/2024\/09\/cropped-vieassociative_favicon.ico.png\",\"width\":512,\"height\":512,\"caption\":\"Vie Associative\"},\"image\":{\"@id\":\"https:\/\/vieassociative.be\/actualites\/#\/schema\/logo\/image\/\"}},{\"@type\":\"Person\",\"@id\":\"https:\/\/vieassociative.be\/actualites\/#\/schema\/person\/b87ac4f82f9d4e7b7cec7395b679edc4\",\"name\":\"Julien\",\"image\":{\"@type\":\"ImageObject\",\"inLanguage\":\"fr-BE\",\"@id\":\"https:\/\/vieassociative.be\/actualites\/#\/schema\/person\/image\/\",\"url\":\"https:\/\/vieassociative.be\/actualites\/wp-content\/uploads\/2024\/09\/vie-associative-1-150x150.jpg\",\"contentUrl\":\"https:\/\/vieassociative.be\/actualites\/wp-content\/uploads\/2024\/09\/vie-associative-1-150x150.jpg\",\"caption\":\"Julien\"},\"description\":\"Je suis Julien, r\u00e9dacteur pour Vie Associative. Passionn\u00e9 par le monde associatif depuis plus de 10 ans, j'ai \u00e0 c\u0153ur de partager des histoires inspirantes et de mettre en lumi\u00e8re les initiatives locales. Mon objectif est de sensibiliser et d'encourager l'engagement communautaire \u00e0 travers mes articles.\",\"sameAs\":[\"https:\/\/vieassociative.be\/\"]}]}<\/script>\n<!-- \/ Yoast SEO plugin. -->","yoast_head_json":{"title":"Schalke : Deux \u00e9tudiants d'Elgert nomin\u00e9s pour l'\u00e9quipe nationale | Vie Associative","robots":{"index":"index","follow":"follow","max-snippet":"max-snippet:-1","max-image-preview":"max-image-preview:large","max-video-preview":"max-video-preview:-1"},"canonical":"https:\/\/vieassociative.be\/actualites\/schalke-deux-etudiants-delgert-nomines-pour-lequipe-nationale\/","og_locale":"fr_FR","og_type":"article","og_title":"Schalke : Deux \u00e9tudiants d'Elgert nomin\u00e9s pour l'\u00e9quipe nationale | Vie Associative","og_description":"Les joueurs de Schalke A-juniors Mehmet Can Aydin et Kerim \u00c7alhano\u011flu font partie de l&rsquo;\u00e9quipe pour les matchs tests de l&rsquo;\u00e9quipe nationale allemande U-19. L&rsquo;\u00e9quipe","og_url":"https:\/\/vieassociative.be\/actualites\/schalke-deux-etudiants-delgert-nomines-pour-lequipe-nationale\/","og_site_name":"Vie Associative","article_published_time":"2024-11-07T03:18:10+00:00","article_modified_time":"2024-11-07T03:18:13+00:00","og_image":[{"width":1600,"height":900,"url":"https:\/\/vieassociative.be\/actualites\/wp-content\/uploads\/2024\/11\/1730949491_Schalke-Deux-etudiants-dElgert-nomines-pour-lequipe-nationale.jpeg","type":"image\/jpeg"}],"author":"Julien","twitter_card":"summary_large_image","twitter_misc":{"\u00c9crit par":"Julien","Dur\u00e9e de lecture est.":"2 minutes"},"schema":{"@context":"https:\/\/schema.org","@graph":[{"@type":"Article","@id":"https:\/\/vieassociative.be\/actualites\/schalke-deux-etudiants-delgert-nomines-pour-lequipe-nationale\/#article","isPartOf":{"@id":"https:\/\/vieassociative.be\/actualites\/schalke-deux-etudiants-delgert-nomines-pour-lequipe-nationale\/"},"author":{"name":"Julien","@id":"https:\/\/vieassociative.be\/actualites\/#\/schema\/person\/b87ac4f82f9d4e7b7cec7395b679edc4"},"headline":"Schalke : Deux \u00e9tudiants d&rsquo;Elgert nomin\u00e9s pour l&rsquo;\u00e9quipe nationale","datePublished":"2024-11-07T03:18:10+00:00","dateModified":"2024-11-07T03:18:13+00:00","mainEntityOfPage":{"@id":"https:\/\/vieassociative.be\/actualites\/schalke-deux-etudiants-delgert-nomines-pour-lequipe-nationale\/"},"wordCount":415,"publisher":{"@id":"https:\/\/vieassociative.be\/actualites\/#organization"},"image":{"@id":"https:\/\/vieassociative.be\/actualites\/schalke-deux-etudiants-delgert-nomines-pour-lequipe-nationale\/#primaryimage"},"thumbnailUrl":"https:\/\/vieassociative.be\/actualites\/wp-content\/uploads\/2024\/11\/1730949491_Schalke-Deux-etudiants-dElgert-nomines-pour-lequipe-nationale.jpeg","keywords":["dElgert","deux","\u00e9tudiants","l\u00e9quipe","nationale","nomin\u00e9s","pour","Schalke"],"articleSection":["Belgique"],"inLanguage":"fr-BE"},{"@type":"WebPage","@id":"https:\/\/vieassociative.be\/actualites\/schalke-deux-etudiants-delgert-nomines-pour-lequipe-nationale\/","url":"https:\/\/vieassociative.be\/actualites\/schalke-deux-etudiants-delgert-nomines-pour-lequipe-nationale\/","name":"Schalke : Deux \u00e9tudiants d'Elgert nomin\u00e9s pour l'\u00e9quipe nationale | Vie Associative","isPartOf":{"@id":"https:\/\/vieassociative.be\/actualites\/#website"},"primaryImageOfPage":{"@id":"https:\/\/vieassociative.be\/actualites\/schalke-deux-etudiants-delgert-nomines-pour-lequipe-nationale\/#primaryimage"},"image":{"@id":"https:\/\/vieassociative.be\/actualites\/schalke-deux-etudiants-delgert-nomines-pour-lequipe-nationale\/#primaryimage"},"thumbnailUrl":"https:\/\/vieassociative.be\/actualites\/wp-content\/uploads\/2024\/11\/1730949491_Schalke-Deux-etudiants-dElgert-nomines-pour-lequipe-nationale.jpeg","datePublished":"2024-11-07T03:18:10+00:00","dateModified":"2024-11-07T03:18:13+00:00","breadcrumb":{"@id":"https:\/\/vieassociative.be\/actualites\/schalke-deux-etudiants-delgert-nomines-pour-lequipe-nationale\/#breadcrumb"},"inLanguage":"fr-BE","potentialAction":[{"@type":"ReadAction","target":["https:\/\/vieassociative.be\/actualites\/schalke-deux-etudiants-delgert-nomines-pour-lequipe-nationale\/"]}]},{"@type":"ImageObject","inLanguage":"fr-BE","@id":"https:\/\/vieassociative.be\/actualites\/schalke-deux-etudiants-delgert-nomines-pour-lequipe-nationale\/#primaryimage","url":"https:\/\/vieassociative.be\/actualites\/wp-content\/uploads\/2024\/11\/1730949491_Schalke-Deux-etudiants-dElgert-nomines-pour-lequipe-nationale.jpeg","contentUrl":"https:\/\/vieassociative.be\/actualites\/wp-content\/uploads\/2024\/11\/1730949491_Schalke-Deux-etudiants-dElgert-nomines-pour-lequipe-nationale.jpeg","width":1600,"height":900,"caption":"Schalke : Deux \u00e9tudiants d'Elgert nomin\u00e9s pour l'\u00e9quipe nationale"},{"@type":"BreadcrumbList","@id":"https:\/\/vieassociative.be\/actualites\/schalke-deux-etudiants-delgert-nomines-pour-lequipe-nationale\/#breadcrumb","itemListElement":[{"@type":"ListItem","position":1,"name":"Accueil","item":"https:\/\/vieassociative.be\/actualites\/"},{"@type":"ListItem","position":2,"name":"Schalke : Deux \u00e9tudiants d&rsquo;Elgert nomin\u00e9s pour l&rsquo;\u00e9quipe nationale"}]},{"@type":"WebSite","@id":"https:\/\/vieassociative.be\/actualites\/#website","url":"https:\/\/vieassociative.be\/actualites\/","name":"Vie Associative","description":"","publisher":{"@id":"https:\/\/vieassociative.be\/actualites\/#organization"},"potentialAction":[{"@type":"SearchAction","target":{"@type":"EntryPoint","urlTemplate":"https:\/\/vieassociative.be\/actualites\/?s={search_term_string}"},"query-input":{"@type":"PropertyValueSpecification","valueRequired":true,"valueName":"search_term_string"}}],"inLanguage":"fr-BE"},{"@type":"Organization","@id":"https:\/\/vieassociative.be\/actualites\/#organization","name":"Vie Associative","url":"https:\/\/vieassociative.be\/actualites\/","logo":{"@type":"ImageObject","inLanguage":"fr-BE","@id":"https:\/\/vieassociative.be\/actualites\/#\/schema\/logo\/image\/","url":"https:\/\/vieassociative.be\/actualites\/wp-content\/uploads\/2024\/09\/cropped-vieassociative_favicon.ico.png","contentUrl":"https:\/\/vieassociative.be\/actualites\/wp-content\/uploads\/2024\/09\/cropped-vieassociative_favicon.ico.png","width":512,"height":512,"caption":"Vie Associative"},"image":{"@id":"https:\/\/vieassociative.be\/actualites\/#\/schema\/logo\/image\/"}},{"@type":"Person","@id":"https:\/\/vieassociative.be\/actualites\/#\/schema\/person\/b87ac4f82f9d4e7b7cec7395b679edc4","name":"Julien","image":{"@type":"ImageObject","inLanguage":"fr-BE","@id":"https:\/\/vieassociative.be\/actualites\/#\/schema\/person\/image\/","url":"https:\/\/vieassociative.be\/actualites\/wp-content\/uploads\/2024\/09\/vie-associative-1-150x150.jpg","contentUrl":"https:\/\/vieassociative.be\/actualites\/wp-content\/uploads\/2024\/09\/vie-associative-1-150x150.jpg","caption":"Julien"},"description":"Je suis Julien, r\u00e9dacteur pour Vie Associative. Passionn\u00e9 par le monde associatif depuis plus de 10 ans, j'ai \u00e0 c\u0153ur de partager des histoires inspirantes et de mettre en lumi\u00e8re les initiatives locales. Mon objectif est de sensibiliser et d'encourager l'engagement communautaire \u00e0 travers mes articles.","sameAs":["https:\/\/vieassociative.be\/"]}]}},"_links":{"self":[{"href":"https:\/\/vieassociative.be\/actualites\/wp-json\/wp\/v2\/posts\/2123"}],"collection":[{"href":"https:\/\/vieassociative.be\/actualites\/wp-json\/wp\/v2\/posts"}],"about":[{"href":"https:\/\/vieassociative.be\/actualites\/wp-json\/wp\/v2\/types\/post"}],"author":[{"embeddable":true,"href":"https:\/\/vieassociative.be\/actualites\/wp-json\/wp\/v2\/users\/1"}],"replies":[{"embeddable":true,"href":"https:\/\/vieassociative.be\/actualites\/wp-json\/wp\/v2\/comments?post=2123"}],"version-history":[{"count":1,"href":"https:\/\/vieassociative.be\/actualites\/wp-json\/wp\/v2\/posts\/2123\/revisions"}],"predecessor-version":[{"id":2125,"href":"https:\/\/vieassociative.be\/actualites\/wp-json\/wp\/v2\/posts\/2123\/revisions\/2125"}],"wp:featuredmedia":[{"embeddable":true,"href":"https:\/\/vieassociative.be\/actualites\/wp-json\/wp\/v2\/media\/2124"}],"wp:attachment":[{"href":"https:\/\/vieassociative.be\/actualites\/wp-json\/wp\/v2\/media?parent=2123"}],"wp:term":[{"taxonomy":"category","embeddable":true,"href":"https:\/\/vieassociative.be\/actualites\/wp-json\/wp\/v2\/categories?post=2123"},{"taxonomy":"post_tag","embeddable":true,"href":"https:\/\/vieassociative.be\/actualites\/wp-json\/wp\/v2\/tags?post=2123"}],"curies":[{"name":"wp","href":"https:\/\/api.w.org\/{rel}","templated":true}]}}