{"id":2121,"date":"2024-11-07T03:18:09","date_gmt":"2024-11-07T02:18:09","guid":{"rendered":"https:\/\/vieassociative.be\/actualites\/le-fc-bruges-remporte-une-deuxieme-victoire-en-ligue-des-champions\/"},"modified":"2024-11-07T03:18:09","modified_gmt":"2024-11-07T02:18:09","slug":"le-fc-bruges-remporte-une-deuxieme-victoire-en-ligue-des-champions","status":"publish","type":"post","link":"https:\/\/vieassociative.be\/actualites\/le-fc-bruges-remporte-une-deuxieme-victoire-en-ligue-des-champions\/","title":{"rendered":"Le FC Bruges remporte une deuxi\u00e8me victoire en Ligue des Champions"},"content":{"rendered":"<p><strong>Gr\u00e2ce \u00e0 un \u00e9trange penalty, le FC Bruges s&rsquo;est impos\u00e9 1-0 contre Aston Villa lors de son 100\u00e8me match de Ligue des Champions.<\/strong><\/p>\n<p><span id=\"more-401182\"><\/span>Aston Villa, qui avait d\u00e9but\u00e9 avec l&rsquo;international belge Youri Tielemans mais sans Amadou Onana, n&rsquo;avait pas perdu un seul point ni encaiss\u00e9 le moindre but dans cette campagne de Ligue des Champions.<\/p>\n<p>Apr\u00e8s un premier quart d&rsquo;heure \u00e9quilibr\u00e9, au cours duquel Aston Villa a eu plusieurs occasions, dont une belle occasion de Watkins, Bruges a r\u00e9pondu et a eu une belle double occasion. Apr\u00e8s une demi-heure, Jutgla \u00e9tait bien jou\u00e9 par Tzolis, mais l&rsquo;Espagnol frappait le ballon de toutes ses forces au premier poteau. Peu de temps apr\u00e8s, le gardien Martinez, champion du monde avec l&rsquo;Argentine, a d\u00fb tendre la main pour repousser un tir de Tzolis.<\/p>\n<div id=\"attachment_401201\" class=\"wp-caption alignleft\" style=\"max-width: 300px\"><img fetchpriority=\"high\" decoding=\"async\" class=\"wp-image-401201 size-medium\" src=\"https:\/\/vieassociative.be\/actualites\/wp-content\/uploads\/2024\/11\/Le-FC-Bruges-remporte-une-deuxieme-victoire-en-Ligue-des.jpg\" alt=\"\" width=\"300\" height=\"200\"><\/p>\n<p class=\"wp-caption-text\">06.11.2024, Belgique, Bruges : Hans Vanaken (r) de Bruges et Morgan Rogers d&rsquo;Aston Villa se battent pour le ballon Photo : Geert Vanden Wijngaert\/AP.<\/p>\n<\/div>\n<p>Plus tard, c&rsquo;est Nielsen qui a \u00e9t\u00e9 bien servi par De Cuyper, qui n&rsquo;a pas r\u00e9ussi \u00e0 d\u00e9passer la t\u00eate de Martinez. Le score \u00e0 la mi-temps \u00e9tait de 0-0.<\/p>\n<p>Cinq minutes apr\u00e8s le d\u00e9but de la seconde mi-temps, Bruges obtenait un \u00e9trange penalty de la main. \u00c0 la 52e minute, le gardien de Villa Mart\u00ednez a envoy\u00e9 un coup de pied de but depuis la surface de but au d\u00e9fenseur Mings, qui a r\u00e9cup\u00e9r\u00e9 le ballon dans sa main. Apparemment, il pensait que le jeu n&rsquo;avait pas encore \u00e9t\u00e9 relanc\u00e9 par l&rsquo;arbitre allemand Tobias Stieler. Stieler a soulign\u00e9 le point de penalty \u2013 et Bruges a accept\u00e9 le cadeau par l&rsquo;interm\u00e9diaire de Hans Vanaken.<\/p>\n<p>Il y a quelques semaines, il y a eu deux p\u00e9nalit\u00e9s de main similaires lors du match entre le 1. FC Magdeburg et le SpVgg Greuther F\u00fcrth en 2e ligue. En avril, l&rsquo;arbitre Glenn Nyberg n&rsquo;avait pas accord\u00e9 de penalty dans une situation similaire lors du quart de finale aller entre Arsenal et le FC Bayern.<\/p>\n<p>En cons\u00e9quence, l&rsquo;\u00e9quipe de Bruges a r\u00e9sist\u00e9 aux attaques anglaises et a m\u00eame r\u00e9ussi \u00e0 se cr\u00e9er une occasion de porter le score \u00e0 2-0. Apr\u00e8s une contre-attaque, Tzolis Skov servait Olsen. Malheureusement, le tir puissant du Danois est pass\u00e9 au-dessus du but de Martinez.<\/p>\n<\/p>\n<div id=\"attachment_401202\" class=\"wp-caption alignleft\" style=\"max-width: 300px\"><img decoding=\"async\" class=\"wp-image-401202 size-medium\" src=\"https:\/\/vieassociative.be\/actualites\/wp-content\/uploads\/2024\/11\/1730945889_406_Le-FC-Bruges-remporte-une-deuxieme-victoire-en-Ligue-des.jpg\" alt=\"\" width=\"300\" height=\"200\"><\/p>\n<p class=\"wp-caption-text\">6 novembre 2024, Belgique, Bruges : Christos Tzolis (l) de Bruges arr\u00eate Aston Villas Ezri Konsa. Photo : Geert Vanden Wijngaert\/AP<\/p>\n<\/div>\n<p>Dans la phase finale, Aston Villa a tent\u00e9 d&rsquo;\u00e9galiser, mais les Anglais ont agi trop vite et de mani\u00e8re peu constructive, tandis que Bruges a d\u00e9fendu avec c\u0153ur et esprit son \u00e9troite avance.<\/p>\n<p>Il restait 1-0. Il s&rsquo;agit de la deuxi\u00e8me victoire des champions de Belgique en Ligue des Champions. L&rsquo;\u00e9quipe de l&rsquo;entra\u00eeneur Nicky Hayen compte d\u00e9sormais six points sur douze possibles. Les prochains adversaires des \u00ab Blauw en Zwart \u00bb sont le Celtic Glasgow (\u00e0 l&rsquo;ext\u00e9rieur), le Sporting Lisbonne (\u00e0 domicile), la Juventus Turin (\u00e0 domicile) et Manchester City (\u00e0 l&rsquo;ext\u00e9rieur).<\/p>\n<p>Alors que les huit meilleures \u00e9quipes se qualifient directement pour les huiti\u00e8mes de finale, les \u00e9quipes class\u00e9es 9 \u00e0 24 du classement disputeront un tour de barrage aller-retour afin de se qualifier pour les huiti\u00e8mes de finale. La saison de Coupe d&rsquo;Europe est termin\u00e9e pour les \u00e9quipes \u00e0 partir de la 25e place et elles ne continueront pas \u00e0 jouer en UEFA Europa League. Apr\u00e8s la victoire contre Aston Villa, le FC Bruges occupe la 22\u00e8me place (cre).<\/p>\n","protected":false},"excerpt":{"rendered":"<p>Gr\u00e2ce \u00e0 un \u00e9trange penalty, le FC Bruges s&rsquo;est impos\u00e9 1-0 contre Aston Villa lors de son 100\u00e8me match de Ligue des Champions. Aston Villa,<\/p>\n","protected":false},"author":1,"featured_media":2122,"comment_status":"","ping_status":"","sticky":false,"template":"","format":"standard","meta":{"footnotes":""},"categories":[298],"tags":[2851,2818,29,2525,2817,2809,110,784],"class_list":["post-2121","post","type-post","status-publish","format-standard","has-post-thumbnail","hentry","category-belgique","tag-bruges","tag-champions","tag-des","tag-deuxieme","tag-ligue","tag-remporte","tag-une","tag-victoire","generate-columns","tablet-grid-50","mobile-grid-100","grid-parent","grid-33"],"yoast_head":"<!-- This site is optimized with the Yoast SEO plugin v24.0 - https:\/\/yoast.com\/wordpress\/plugins\/seo\/ -->\n<title>Le FC Bruges remporte une deuxi\u00e8me victoire en Ligue des Champions | Vie Associative<\/title>\n<meta name=\"robots\" content=\"index, follow, max-snippet:-1, max-image-preview:large, max-video-preview:-1\" \/>\n<link rel=\"canonical\" href=\"https:\/\/vieassociative.be\/actualites\/le-fc-bruges-remporte-une-deuxieme-victoire-en-ligue-des-champions\/\" \/>\n<meta property=\"og:locale\" content=\"fr_FR\" \/>\n<meta property=\"og:type\" content=\"article\" \/>\n<meta property=\"og:title\" content=\"Le FC Bruges remporte une deuxi\u00e8me victoire en Ligue des Champions | Vie Associative\" \/>\n<meta property=\"og:description\" content=\"Gr\u00e2ce \u00e0 un \u00e9trange penalty, le FC Bruges s&rsquo;est impos\u00e9 1-0 contre Aston Villa lors de son 100\u00e8me match de Ligue des Champions. Aston Villa,\" \/>\n<meta property=\"og:url\" content=\"https:\/\/vieassociative.be\/actualites\/le-fc-bruges-remporte-une-deuxieme-victoire-en-ligue-des-champions\/\" \/>\n<meta property=\"og:site_name\" content=\"Vie Associative\" \/>\n<meta property=\"article:published_time\" content=\"2024-11-07T02:18:09+00:00\" \/>\n<meta property=\"og:image\" content=\"https:\/\/vieassociative.be\/actualites\/wp-content\/uploads\/2024\/11\/Le-FC-Bruges-remporte-une-deuxieme-victoire-en-Ligue-des.jpg\" \/>\n<meta name=\"author\" content=\"Julien\" \/>\n<meta name=\"twitter:card\" content=\"summary_large_image\" \/>\n<meta name=\"twitter:label1\" content=\"\u00c9crit par\" \/>\n\t<meta name=\"twitter:data1\" content=\"Julien\" \/>\n\t<meta name=\"twitter:label2\" content=\"Dur\u00e9e de lecture est.\" \/>\n\t<meta name=\"twitter:data2\" content=\"3 minutes\" \/>\n<script type=\"application\/ld+json\" class=\"yoast-schema-graph\">{\"@context\":\"https:\/\/schema.org\",\"@graph\":[{\"@type\":\"Article\",\"@id\":\"https:\/\/vieassociative.be\/actualites\/le-fc-bruges-remporte-une-deuxieme-victoire-en-ligue-des-champions\/#article\",\"isPartOf\":{\"@id\":\"https:\/\/vieassociative.be\/actualites\/le-fc-bruges-remporte-une-deuxieme-victoire-en-ligue-des-champions\/\"},\"author\":{\"name\":\"Julien\",\"@id\":\"https:\/\/vieassociative.be\/actualites\/#\/schema\/person\/b87ac4f82f9d4e7b7cec7395b679edc4\"},\"headline\":\"Le FC Bruges remporte une deuxi\u00e8me victoire en Ligue des Champions\",\"datePublished\":\"2024-11-07T02:18:09+00:00\",\"dateModified\":\"2024-11-07T02:18:09+00:00\",\"mainEntityOfPage\":{\"@id\":\"https:\/\/vieassociative.be\/actualites\/le-fc-bruges-remporte-une-deuxieme-victoire-en-ligue-des-champions\/\"},\"wordCount\":610,\"publisher\":{\"@id\":\"https:\/\/vieassociative.be\/actualites\/#organization\"},\"image\":{\"@id\":\"https:\/\/vieassociative.be\/actualites\/le-fc-bruges-remporte-une-deuxieme-victoire-en-ligue-des-champions\/#primaryimage\"},\"thumbnailUrl\":\"https:\/\/vieassociative.be\/actualites\/wp-content\/uploads\/2024\/11\/1730945890_Le-FC-Bruges-remporte-une-deuxieme-victoire-en-Ligue-des.jpg\",\"keywords\":[\"Bruges\",\"Champions\",\"Des\",\"deuxi\u00e8me\",\"Ligue\",\"remport\u00e9\",\"une\",\"victoire\"],\"articleSection\":[\"Belgique\"],\"inLanguage\":\"fr-BE\"},{\"@type\":\"WebPage\",\"@id\":\"https:\/\/vieassociative.be\/actualites\/le-fc-bruges-remporte-une-deuxieme-victoire-en-ligue-des-champions\/\",\"url\":\"https:\/\/vieassociative.be\/actualites\/le-fc-bruges-remporte-une-deuxieme-victoire-en-ligue-des-champions\/\",\"name\":\"Le FC Bruges remporte une deuxi\u00e8me victoire en Ligue des Champions | Vie Associative\",\"isPartOf\":{\"@id\":\"https:\/\/vieassociative.be\/actualites\/#website\"},\"primaryImageOfPage\":{\"@id\":\"https:\/\/vieassociative.be\/actualites\/le-fc-bruges-remporte-une-deuxieme-victoire-en-ligue-des-champions\/#primaryimage\"},\"image\":{\"@id\":\"https:\/\/vieassociative.be\/actualites\/le-fc-bruges-remporte-une-deuxieme-victoire-en-ligue-des-champions\/#primaryimage\"},\"thumbnailUrl\":\"https:\/\/vieassociative.be\/actualites\/wp-content\/uploads\/2024\/11\/1730945890_Le-FC-Bruges-remporte-une-deuxieme-victoire-en-Ligue-des.jpg\",\"datePublished\":\"2024-11-07T02:18:09+00:00\",\"dateModified\":\"2024-11-07T02:18:09+00:00\",\"breadcrumb\":{\"@id\":\"https:\/\/vieassociative.be\/actualites\/le-fc-bruges-remporte-une-deuxieme-victoire-en-ligue-des-champions\/#breadcrumb\"},\"inLanguage\":\"fr-BE\",\"potentialAction\":[{\"@type\":\"ReadAction\",\"target\":[\"https:\/\/vieassociative.be\/actualites\/le-fc-bruges-remporte-une-deuxieme-victoire-en-ligue-des-champions\/\"]}]},{\"@type\":\"ImageObject\",\"inLanguage\":\"fr-BE\",\"@id\":\"https:\/\/vieassociative.be\/actualites\/le-fc-bruges-remporte-une-deuxieme-victoire-en-ligue-des-champions\/#primaryimage\",\"url\":\"https:\/\/vieassociative.be\/actualites\/wp-content\/uploads\/2024\/11\/1730945890_Le-FC-Bruges-remporte-une-deuxieme-victoire-en-Ligue-des.jpg\",\"contentUrl\":\"https:\/\/vieassociative.be\/actualites\/wp-content\/uploads\/2024\/11\/1730945890_Le-FC-Bruges-remporte-une-deuxieme-victoire-en-Ligue-des.jpg\",\"width\":1200,\"height\":800,\"caption\":\"Le FC Bruges remporte une deuxi\u00e8me victoire en Ligue des Champions\"},{\"@type\":\"BreadcrumbList\",\"@id\":\"https:\/\/vieassociative.be\/actualites\/le-fc-bruges-remporte-une-deuxieme-victoire-en-ligue-des-champions\/#breadcrumb\",\"itemListElement\":[{\"@type\":\"ListItem\",\"position\":1,\"name\":\"Accueil\",\"item\":\"https:\/\/vieassociative.be\/actualites\/\"},{\"@type\":\"ListItem\",\"position\":2,\"name\":\"Le FC Bruges remporte une deuxi\u00e8me victoire en Ligue des Champions\"}]},{\"@type\":\"WebSite\",\"@id\":\"https:\/\/vieassociative.be\/actualites\/#website\",\"url\":\"https:\/\/vieassociative.be\/actualites\/\",\"name\":\"Vie Associative\",\"description\":\"\",\"publisher\":{\"@id\":\"https:\/\/vieassociative.be\/actualites\/#organization\"},\"potentialAction\":[{\"@type\":\"SearchAction\",\"target\":{\"@type\":\"EntryPoint\",\"urlTemplate\":\"https:\/\/vieassociative.be\/actualites\/?s={search_term_string}\"},\"query-input\":{\"@type\":\"PropertyValueSpecification\",\"valueRequired\":true,\"valueName\":\"search_term_string\"}}],\"inLanguage\":\"fr-BE\"},{\"@type\":\"Organization\",\"@id\":\"https:\/\/vieassociative.be\/actualites\/#organization\",\"name\":\"Vie Associative\",\"url\":\"https:\/\/vieassociative.be\/actualites\/\",\"logo\":{\"@type\":\"ImageObject\",\"inLanguage\":\"fr-BE\",\"@id\":\"https:\/\/vieassociative.be\/actualites\/#\/schema\/logo\/image\/\",\"url\":\"https:\/\/vieassociative.be\/actualites\/wp-content\/uploads\/2024\/09\/cropped-vieassociative_favicon.ico.png\",\"contentUrl\":\"https:\/\/vieassociative.be\/actualites\/wp-content\/uploads\/2024\/09\/cropped-vieassociative_favicon.ico.png\",\"width\":512,\"height\":512,\"caption\":\"Vie Associative\"},\"image\":{\"@id\":\"https:\/\/vieassociative.be\/actualites\/#\/schema\/logo\/image\/\"}},{\"@type\":\"Person\",\"@id\":\"https:\/\/vieassociative.be\/actualites\/#\/schema\/person\/b87ac4f82f9d4e7b7cec7395b679edc4\",\"name\":\"Julien\",\"image\":{\"@type\":\"ImageObject\",\"inLanguage\":\"fr-BE\",\"@id\":\"https:\/\/vieassociative.be\/actualites\/#\/schema\/person\/image\/\",\"url\":\"https:\/\/vieassociative.be\/actualites\/wp-content\/uploads\/2024\/09\/vie-associative-1-150x150.jpg\",\"contentUrl\":\"https:\/\/vieassociative.be\/actualites\/wp-content\/uploads\/2024\/09\/vie-associative-1-150x150.jpg\",\"caption\":\"Julien\"},\"description\":\"Je suis Julien, r\u00e9dacteur pour Vie Associative. Passionn\u00e9 par le monde associatif depuis plus de 10 ans, j'ai \u00e0 c\u0153ur de partager des histoires inspirantes et de mettre en lumi\u00e8re les initiatives locales. Mon objectif est de sensibiliser et d'encourager l'engagement communautaire \u00e0 travers mes articles.\",\"sameAs\":[\"https:\/\/vieassociative.be\/\"]}]}<\/script>\n<!-- \/ Yoast SEO plugin. -->","yoast_head_json":{"title":"Le FC Bruges remporte une deuxi\u00e8me victoire en Ligue des Champions | Vie Associative","robots":{"index":"index","follow":"follow","max-snippet":"max-snippet:-1","max-image-preview":"max-image-preview:large","max-video-preview":"max-video-preview:-1"},"canonical":"https:\/\/vieassociative.be\/actualites\/le-fc-bruges-remporte-une-deuxieme-victoire-en-ligue-des-champions\/","og_locale":"fr_FR","og_type":"article","og_title":"Le FC Bruges remporte une deuxi\u00e8me victoire en Ligue des Champions | Vie Associative","og_description":"Gr\u00e2ce \u00e0 un \u00e9trange penalty, le FC Bruges s&rsquo;est impos\u00e9 1-0 contre Aston Villa lors de son 100\u00e8me match de Ligue des Champions. Aston Villa,","og_url":"https:\/\/vieassociative.be\/actualites\/le-fc-bruges-remporte-une-deuxieme-victoire-en-ligue-des-champions\/","og_site_name":"Vie Associative","article_published_time":"2024-11-07T02:18:09+00:00","og_image":[{"url":"https:\/\/vieassociative.be\/actualites\/wp-content\/uploads\/2024\/11\/Le-FC-Bruges-remporte-une-deuxieme-victoire-en-Ligue-des.jpg","type":"","width":"","height":""}],"author":"Julien","twitter_card":"summary_large_image","twitter_misc":{"\u00c9crit par":"Julien","Dur\u00e9e de lecture est.":"3 minutes"},"schema":{"@context":"https:\/\/schema.org","@graph":[{"@type":"Article","@id":"https:\/\/vieassociative.be\/actualites\/le-fc-bruges-remporte-une-deuxieme-victoire-en-ligue-des-champions\/#article","isPartOf":{"@id":"https:\/\/vieassociative.be\/actualites\/le-fc-bruges-remporte-une-deuxieme-victoire-en-ligue-des-champions\/"},"author":{"name":"Julien","@id":"https:\/\/vieassociative.be\/actualites\/#\/schema\/person\/b87ac4f82f9d4e7b7cec7395b679edc4"},"headline":"Le FC Bruges remporte une deuxi\u00e8me victoire en Ligue des Champions","datePublished":"2024-11-07T02:18:09+00:00","dateModified":"2024-11-07T02:18:09+00:00","mainEntityOfPage":{"@id":"https:\/\/vieassociative.be\/actualites\/le-fc-bruges-remporte-une-deuxieme-victoire-en-ligue-des-champions\/"},"wordCount":610,"publisher":{"@id":"https:\/\/vieassociative.be\/actualites\/#organization"},"image":{"@id":"https:\/\/vieassociative.be\/actualites\/le-fc-bruges-remporte-une-deuxieme-victoire-en-ligue-des-champions\/#primaryimage"},"thumbnailUrl":"https:\/\/vieassociative.be\/actualites\/wp-content\/uploads\/2024\/11\/1730945890_Le-FC-Bruges-remporte-une-deuxieme-victoire-en-Ligue-des.jpg","keywords":["Bruges","Champions","Des","deuxi\u00e8me","Ligue","remport\u00e9","une","victoire"],"articleSection":["Belgique"],"inLanguage":"fr-BE"},{"@type":"WebPage","@id":"https:\/\/vieassociative.be\/actualites\/le-fc-bruges-remporte-une-deuxieme-victoire-en-ligue-des-champions\/","url":"https:\/\/vieassociative.be\/actualites\/le-fc-bruges-remporte-une-deuxieme-victoire-en-ligue-des-champions\/","name":"Le FC Bruges remporte une deuxi\u00e8me victoire en Ligue des Champions | Vie Associative","isPartOf":{"@id":"https:\/\/vieassociative.be\/actualites\/#website"},"primaryImageOfPage":{"@id":"https:\/\/vieassociative.be\/actualites\/le-fc-bruges-remporte-une-deuxieme-victoire-en-ligue-des-champions\/#primaryimage"},"image":{"@id":"https:\/\/vieassociative.be\/actualites\/le-fc-bruges-remporte-une-deuxieme-victoire-en-ligue-des-champions\/#primaryimage"},"thumbnailUrl":"https:\/\/vieassociative.be\/actualites\/wp-content\/uploads\/2024\/11\/1730945890_Le-FC-Bruges-remporte-une-deuxieme-victoire-en-Ligue-des.jpg","datePublished":"2024-11-07T02:18:09+00:00","dateModified":"2024-11-07T02:18:09+00:00","breadcrumb":{"@id":"https:\/\/vieassociative.be\/actualites\/le-fc-bruges-remporte-une-deuxieme-victoire-en-ligue-des-champions\/#breadcrumb"},"inLanguage":"fr-BE","potentialAction":[{"@type":"ReadAction","target":["https:\/\/vieassociative.be\/actualites\/le-fc-bruges-remporte-une-deuxieme-victoire-en-ligue-des-champions\/"]}]},{"@type":"ImageObject","inLanguage":"fr-BE","@id":"https:\/\/vieassociative.be\/actualites\/le-fc-bruges-remporte-une-deuxieme-victoire-en-ligue-des-champions\/#primaryimage","url":"https:\/\/vieassociative.be\/actualites\/wp-content\/uploads\/2024\/11\/1730945890_Le-FC-Bruges-remporte-une-deuxieme-victoire-en-Ligue-des.jpg","contentUrl":"https:\/\/vieassociative.be\/actualites\/wp-content\/uploads\/2024\/11\/1730945890_Le-FC-Bruges-remporte-une-deuxieme-victoire-en-Ligue-des.jpg","width":1200,"height":800,"caption":"Le FC Bruges remporte une deuxi\u00e8me victoire en Ligue des Champions"},{"@type":"BreadcrumbList","@id":"https:\/\/vieassociative.be\/actualites\/le-fc-bruges-remporte-une-deuxieme-victoire-en-ligue-des-champions\/#breadcrumb","itemListElement":[{"@type":"ListItem","position":1,"name":"Accueil","item":"https:\/\/vieassociative.be\/actualites\/"},{"@type":"ListItem","position":2,"name":"Le FC Bruges remporte une deuxi\u00e8me victoire en Ligue des Champions"}]},{"@type":"WebSite","@id":"https:\/\/vieassociative.be\/actualites\/#website","url":"https:\/\/vieassociative.be\/actualites\/","name":"Vie Associative","description":"","publisher":{"@id":"https:\/\/vieassociative.be\/actualites\/#organization"},"potentialAction":[{"@type":"SearchAction","target":{"@type":"EntryPoint","urlTemplate":"https:\/\/vieassociative.be\/actualites\/?s={search_term_string}"},"query-input":{"@type":"PropertyValueSpecification","valueRequired":true,"valueName":"search_term_string"}}],"inLanguage":"fr-BE"},{"@type":"Organization","@id":"https:\/\/vieassociative.be\/actualites\/#organization","name":"Vie Associative","url":"https:\/\/vieassociative.be\/actualites\/","logo":{"@type":"ImageObject","inLanguage":"fr-BE","@id":"https:\/\/vieassociative.be\/actualites\/#\/schema\/logo\/image\/","url":"https:\/\/vieassociative.be\/actualites\/wp-content\/uploads\/2024\/09\/cropped-vieassociative_favicon.ico.png","contentUrl":"https:\/\/vieassociative.be\/actualites\/wp-content\/uploads\/2024\/09\/cropped-vieassociative_favicon.ico.png","width":512,"height":512,"caption":"Vie Associative"},"image":{"@id":"https:\/\/vieassociative.be\/actualites\/#\/schema\/logo\/image\/"}},{"@type":"Person","@id":"https:\/\/vieassociative.be\/actualites\/#\/schema\/person\/b87ac4f82f9d4e7b7cec7395b679edc4","name":"Julien","image":{"@type":"ImageObject","inLanguage":"fr-BE","@id":"https:\/\/vieassociative.be\/actualites\/#\/schema\/person\/image\/","url":"https:\/\/vieassociative.be\/actualites\/wp-content\/uploads\/2024\/09\/vie-associative-1-150x150.jpg","contentUrl":"https:\/\/vieassociative.be\/actualites\/wp-content\/uploads\/2024\/09\/vie-associative-1-150x150.jpg","caption":"Julien"},"description":"Je suis Julien, r\u00e9dacteur pour Vie Associative. Passionn\u00e9 par le monde associatif depuis plus de 10 ans, j'ai \u00e0 c\u0153ur de partager des histoires inspirantes et de mettre en lumi\u00e8re les initiatives locales. Mon objectif est de sensibiliser et d'encourager l'engagement communautaire \u00e0 travers mes articles.","sameAs":["https:\/\/vieassociative.be\/"]}]}},"_links":{"self":[{"href":"https:\/\/vieassociative.be\/actualites\/wp-json\/wp\/v2\/posts\/2121"}],"collection":[{"href":"https:\/\/vieassociative.be\/actualites\/wp-json\/wp\/v2\/posts"}],"about":[{"href":"https:\/\/vieassociative.be\/actualites\/wp-json\/wp\/v2\/types\/post"}],"author":[{"embeddable":true,"href":"https:\/\/vieassociative.be\/actualites\/wp-json\/wp\/v2\/users\/1"}],"replies":[{"embeddable":true,"href":"https:\/\/vieassociative.be\/actualites\/wp-json\/wp\/v2\/comments?post=2121"}],"version-history":[{"count":0,"href":"https:\/\/vieassociative.be\/actualites\/wp-json\/wp\/v2\/posts\/2121\/revisions"}],"wp:featuredmedia":[{"embeddable":true,"href":"https:\/\/vieassociative.be\/actualites\/wp-json\/wp\/v2\/media\/2122"}],"wp:attachment":[{"href":"https:\/\/vieassociative.be\/actualites\/wp-json\/wp\/v2\/media?parent=2121"}],"wp:term":[{"taxonomy":"category","embeddable":true,"href":"https:\/\/vieassociative.be\/actualites\/wp-json\/wp\/v2\/categories?post=2121"},{"taxonomy":"post_tag","embeddable":true,"href":"https:\/\/vieassociative.be\/actualites\/wp-json\/wp\/v2\/tags?post=2121"}],"curies":[{"name":"wp","href":"https:\/\/api.w.org\/{rel}","templated":true}]}}