{"id":2116,"date":"2024-11-07T00:18:21","date_gmt":"2024-11-06T23:18:21","guid":{"rendered":"https:\/\/vieassociative.be\/actualites\/arretez-dapprendre-aux-enfants-a-dire-monsieur-et-madame\/"},"modified":"2024-11-07T00:18:21","modified_gmt":"2024-11-06T23:18:21","slug":"arretez-dapprendre-aux-enfants-a-dire-monsieur-et-madame","status":"publish","type":"post","link":"https:\/\/vieassociative.be\/actualites\/arretez-dapprendre-aux-enfants-a-dire-monsieur-et-madame\/","title":{"rendered":"Arr\u00eatez d&rsquo;apprendre aux enfants \u00e0 dire \u00ab\u00a0Monsieur\u00a0\u00bb et \u00ab\u00a0Madame\u00a0\u00bb"},"content":{"rendered":"<div class=\"mt-4 leading-6 md:mb-8\">De nos jours, c&rsquo;est aussi susceptible d&rsquo;offenser que d&rsquo;\u00eatre appr\u00e9ci\u00e9 \u2013 et c&rsquo;est tout simplement inutile.<\/div>\n<p><\/p>\n<p>\u00abMonsieur\u00bb est traditionnellement consid\u00e9r\u00e9 comme un terme de respect envers un homme, en particulier un homme de rang ou d&rsquo;autorit\u00e9 sup\u00e9rieur. \u00ab Madame \u00bb est utilis\u00e9 depuis les ann\u00e9es 1600 pour d\u00e9signer les \u00ab femmes de statut sup\u00e9rieur \u00bb. Mais ce qui \u00e9tait autrefois consid\u00e9r\u00e9 comme une mani\u00e8re respectueuse de s\u2019adresser \u00e0 quelqu\u2019un peut changer avec le temps ; Et c\u2019est le cas, surtout lorsqu\u2019il s\u2019agit de d\u00e9cider qui parmi nous a une autorit\u00e9 ou un statut sup\u00e9rieur \u2013 et qui se consid\u00e8re comme un monsieur ou une madame.<\/p>\n<p>Bien que j&rsquo;aie \u00e9t\u00e9 \u00e9lev\u00e9 dans la campagne de l&rsquo;Alabama par deux Alabamiens, on ne m&rsquo;a jamais appris \u00e0 utiliser mes \u00ab messieurs \u00bb et \u00ab madames \u00bb ; et des ann\u00e9es plus tard, en tant que parent, je me rends compte qu&rsquo;il existe de nombreuses raisons de participer activement <em>pas<\/em> Apprenez aux enfants \u00e0 utiliser ces mots et recherchez plut\u00f4t des moyens plus modernes d&rsquo;\u00eatre polis et de montrer du respect envers les personnes de tous \u00e2ges et de tous sexes.<\/p>\n<h2 id=\"some-reasons-to-stop-teaching-sir-and-maam\">Quelques raisons d\u2019arr\u00eater d\u2019enseigner \u00ab monsieur \u00bb et \u00ab madame \u00bb<\/h2>\n<ul>\n<li>\n<p>Cela comporte un risque \u00e9norme de maltraiter les personnes trans, non binaires et de genre non conforme. <\/p>\n<\/li>\n<li>\n<p>Cela offense souvent les personnes qui se sentent jeunes mais associent ce mot \u00e0 l\u2019\u00e2ge.<\/p>\n<\/li>\n<li>\n<p>Selon la professeure de psychologie Sheri Levy, \u00ab\u00a0madame\u00a0\u00bb n&rsquo;est pas intrins\u00e8quement bas\u00e9 sur l&rsquo;\u00e2ge, mais il est g\u00e9n\u00e9ralement utilis\u00e9 avec des femmes plus \u00e2g\u00e9es et peut \u00eatre offensant. D\u2019un autre c\u00f4t\u00e9, dit-elle, infantiliser les femmes plus \u00e2g\u00e9es avec des \u00e9tiquettes et des termes affectueux (\u00ab ch\u00e9rie \u00bb, \u00ab ch\u00e9rie \u00bb, \u00ab ch\u00e9rie \u00bb) est une forme d\u2019\u00e2gisme genr\u00e9 qui est aussi souvent condescendante.<\/p>\n<\/li>\n<li>\n<p>Les enfants qui grandissent dans un environnement de respect mutuel implicite entre tous ceux qu\u2019ils rencontrent sont d\u00e9sorient\u00e9s par les r\u00e8gles sp\u00e9ciales impos\u00e9es \u00e0 certaines personnes en fonction de leur \u00e2ge, de leur sexe ou de leur situation g\u00e9ographique.<\/p>\n<\/li>\n<li>\n<p>Cette attente est un retour troublant \u00e0 l&rsquo;obligation pour les personnes de couleur de dire \u00ab monsieur \u00bb et \u00ab madame \u00bb aux Blancs qu&rsquo;elles servaient.<\/p>\n<\/li>\n<\/ul>\n<h2 id=\"is-it-about-respect-deference-and-obedience\">S\u2019agit-il de respect, de d\u00e9f\u00e9rence et d\u2019ob\u00e9issance ?<\/h2>\n<p>Les adeptes de \u00ab monsieur \u00bb et de \u00ab madame \u00bb disent qu&rsquo;ils s&rsquo;attendent \u00e0 ce que les enfants le disent en signe de respect, ou que <em>ils<\/em> dites-le pour montrer du respect (peut-\u00eatre que quelqu&rsquo;un dans leur arbre g\u00e9n\u00e9alogique leur a appris les bonnes mani\u00e8res, et par Dieu, ils ont \u00e9cout\u00e9). Mais je ne sais pas \u00e0 ce stade si nous parlons de respect, ou de d\u00e9f\u00e9rence et d&rsquo;ob\u00e9issance. Enseigner aux enfants \u00e0 \u00eatre inconditionnellement soumis et ob\u00e9issants est \u00e9videmment probl\u00e9matique \u2013 en tant que personne qui \u00e9l\u00e8ve deux filles, je suis activement<em> vouloir<\/em> qu&rsquo;ils soient bruyants et opini\u00e2tres et qu&rsquo;ils s&rsquo;attendent \u00e9galement au respect d&rsquo;eux-m\u00eames. Et historiquement, la distinction entre qui est cens\u00e9 dire \u00ab monsieur \u00bb et \u00ab madame \u00bb (et les personnes qui s&rsquo;attendent \u00e0 l&rsquo;entendre) est divis\u00e9e en fonction de la classe, de la race, de l&rsquo;\u00e2ge et de l&rsquo;autorit\u00e9. <\/p>\n<p>Au lieu d&rsquo;apprendre aux enfants \u00e0 se classer continuellement en groupes qui <em>faire<\/em> ou <em>ne le faites pas<\/em> m\u00e9ritent un tel respect, nous devrions leur apprendre \u00e0 discerner quand il est n\u00e9cessaire d&rsquo;\u00eatre poli (la plupart du temps mais pas tout le temps) et comment \u00eatre respectueux dans leurs paroles et leurs actions d&rsquo;une mani\u00e8re qui ne fait pas d&rsquo;hypoth\u00e8ses ou ne risque pas d&rsquo;offenser. la personne \u00e0 qui ils parlent.<\/p>\n<h2 id=\"alternatives-to-sir-and-maam-that-are-still-polite\">Des alternatives \u00e0 monsieur et madame qui sont toujours polies<\/h2>\n<p>Vous pouvez vous adresser poliment et respectueusement \u00e0 quelqu&rsquo;un en supprimant simplement le \u00ab monsieur \u00bb ou la \u00ab madame \u00bb. Vous pouvez dire \u00ab merci \u00bb \u00e0 la personne qui vous tient la porte ; criez \u00ab\u00a0Excusez-moi\u00a0!\u00a0\u00bb pour attirer l&rsquo;attention de quelqu&rsquo;un devant vous qui a laiss\u00e9 tomber quelque chose\u00a0; et r\u00e9pondez aux questions directes par un simple \u00ab oui \u00bb ou \u00ab non \u00bb.<\/p>\n<p>J&rsquo;ai parl\u00e9 \u00e0 Jacqueline Whitmore, experte en \u00e9tiquette et fondatrice de la Protocol School of Palm Beach. Elle a dit qu&rsquo;elle avait aussi grandi dans le sud et <em>\u00e9tait<\/em> j&rsquo;ai appris \u00e0 utiliser \u00ab monsieur \u00bb et \u00ab madame \u00bb, mais ce n&rsquo;est plus le cas.<\/p>\n<p>\u00ab Si j&rsquo;enseignais \u00e0 mes enfants aujourd&rsquo;hui, je leur apprendrais \u00e0 dire \u00ab oui \u00bb ou \u00ab non \u00bb suivi d&rsquo;un titre honorifique (M.\/Mme\/Mx.). Par exemple, \u00ab\u00a0Oui, M. Butler\u00a0\u00bb, a-t-elle d\u00e9clar\u00e9.<\/p>\n<p>Je sais que m\u00eame si j&rsquo;ai tendance \u00e0 ne pas utiliser \u00ab\u00a0madame\u00a0\u00bb et \u00ab\u00a0monsieur\u00a0\u00bb pour \u00e9viter d&rsquo;offenser les gens, il y a des gens qui seront offens\u00e9s par <em>que<\/em> choix. Mon test de confort personnel pour l&rsquo;utilisation de \u00ab\u00a0madame\u00a0\u00bb et \u00ab\u00a0monsieur\u00a0\u00bb au cas par cas est de savoir qui est cens\u00e9 le dire \u00e0 qui, et cela indique-t-il une dynamique de pouvoir \u00e0 sens unique\u00a0? Si c&rsquo;est le cas, je vais passer mon tour.<\/p>\n","protected":false},"excerpt":{"rendered":"<p>De nos jours, c&rsquo;est aussi susceptible d&rsquo;offenser que d&rsquo;\u00eatre appr\u00e9ci\u00e9 \u2013 et c&rsquo;est tout simplement inutile. \u00abMonsieur\u00bb est traditionnellement consid\u00e9r\u00e9 comme un terme de respect<\/p>\n","protected":false},"author":1,"featured_media":2117,"comment_status":"","ping_status":"","sticky":false,"template":"","format":"standard","meta":{"footnotes":""},"categories":[37],"tags":[1570,289,1116,1074,324,2847,2846],"class_list":["post-2116","post","type-post","status-publish","format-standard","has-post-thumbnail","hentry","category-famille","tag-arretez","tag-aux","tag-dapprendre","tag-dire","tag-enfants","tag-madame","tag-monsieur","generate-columns","tablet-grid-50","mobile-grid-100","grid-parent","grid-33"],"yoast_head":"<!-- This site is optimized with the Yoast SEO plugin v24.0 - https:\/\/yoast.com\/wordpress\/plugins\/seo\/ -->\n<title>Arr\u00eatez d&#039;apprendre aux enfants \u00e0 dire \u00ab\u00a0Monsieur\u00a0\u00bb et \u00ab\u00a0Madame\u00a0\u00bb | Vie Associative<\/title>\n<meta name=\"robots\" content=\"index, follow, max-snippet:-1, max-image-preview:large, max-video-preview:-1\" \/>\n<link rel=\"canonical\" href=\"https:\/\/vieassociative.be\/actualites\/arretez-dapprendre-aux-enfants-a-dire-monsieur-et-madame\/\" \/>\n<meta property=\"og:locale\" content=\"fr_FR\" \/>\n<meta property=\"og:type\" content=\"article\" \/>\n<meta property=\"og:title\" content=\"Arr\u00eatez d&#039;apprendre aux enfants \u00e0 dire \u00ab\u00a0Monsieur\u00a0\u00bb et \u00ab\u00a0Madame\u00a0\u00bb | Vie Associative\" \/>\n<meta property=\"og:description\" content=\"De nos jours, c&rsquo;est aussi susceptible d&rsquo;offenser que d&rsquo;\u00eatre appr\u00e9ci\u00e9 \u2013 et c&rsquo;est tout simplement inutile. \u00abMonsieur\u00bb est traditionnellement consid\u00e9r\u00e9 comme un terme de respect\" \/>\n<meta property=\"og:url\" content=\"https:\/\/vieassociative.be\/actualites\/arretez-dapprendre-aux-enfants-a-dire-monsieur-et-madame\/\" \/>\n<meta property=\"og:site_name\" content=\"Vie Associative\" \/>\n<meta property=\"article:published_time\" content=\"2024-11-06T23:18:21+00:00\" \/>\n<meta property=\"og:image\" content=\"https:\/\/vieassociative.be\/actualites\/wp-content\/uploads\/2024\/09\/header_backgroundk-01-e1726694325946.png\" \/>\n\t<meta property=\"og:image:width\" content=\"279\" \/>\n\t<meta property=\"og:image:height\" content=\"92\" \/>\n\t<meta property=\"og:image:type\" content=\"image\/png\" \/>\n<meta name=\"author\" content=\"Julien\" \/>\n<meta name=\"twitter:card\" content=\"summary_large_image\" \/>\n<meta name=\"twitter:label1\" content=\"\u00c9crit par\" \/>\n\t<meta name=\"twitter:data1\" content=\"Julien\" \/>\n\t<meta name=\"twitter:label2\" content=\"Dur\u00e9e de lecture est.\" \/>\n\t<meta name=\"twitter:data2\" content=\"4 minutes\" \/>\n<script type=\"application\/ld+json\" class=\"yoast-schema-graph\">{\"@context\":\"https:\/\/schema.org\",\"@graph\":[{\"@type\":\"Article\",\"@id\":\"https:\/\/vieassociative.be\/actualites\/arretez-dapprendre-aux-enfants-a-dire-monsieur-et-madame\/#article\",\"isPartOf\":{\"@id\":\"https:\/\/vieassociative.be\/actualites\/arretez-dapprendre-aux-enfants-a-dire-monsieur-et-madame\/\"},\"author\":{\"name\":\"Julien\",\"@id\":\"https:\/\/vieassociative.be\/actualites\/#\/schema\/person\/b87ac4f82f9d4e7b7cec7395b679edc4\"},\"headline\":\"Arr\u00eatez d&rsquo;apprendre aux enfants \u00e0 dire \u00ab\u00a0Monsieur\u00a0\u00bb et \u00ab\u00a0Madame\u00a0\u00bb\",\"datePublished\":\"2024-11-06T23:18:21+00:00\",\"dateModified\":\"2024-11-06T23:18:21+00:00\",\"mainEntityOfPage\":{\"@id\":\"https:\/\/vieassociative.be\/actualites\/arretez-dapprendre-aux-enfants-a-dire-monsieur-et-madame\/\"},\"wordCount\":852,\"publisher\":{\"@id\":\"https:\/\/vieassociative.be\/actualites\/#organization\"},\"image\":{\"@id\":\"https:\/\/vieassociative.be\/actualites\/arretez-dapprendre-aux-enfants-a-dire-monsieur-et-madame\/#primaryimage\"},\"thumbnailUrl\":\"https:\/\/vieassociative.be\/actualites\/wp-content\/uploads\/2024\/11\/Arretez-dapprendre-aux-enfants-a-dire-Monsieur-et-Madame.jpg\",\"keywords\":[\"Arr\u00eatez\",\"aux\",\"dapprendre\",\"dire\",\"enfants\",\"Madame\",\"Monsieur\"],\"articleSection\":[\"Famille\"],\"inLanguage\":\"fr-BE\"},{\"@type\":\"WebPage\",\"@id\":\"https:\/\/vieassociative.be\/actualites\/arretez-dapprendre-aux-enfants-a-dire-monsieur-et-madame\/\",\"url\":\"https:\/\/vieassociative.be\/actualites\/arretez-dapprendre-aux-enfants-a-dire-monsieur-et-madame\/\",\"name\":\"Arr\u00eatez d'apprendre aux enfants \u00e0 dire \u00ab\u00a0Monsieur\u00a0\u00bb et \u00ab\u00a0Madame\u00a0\u00bb | Vie Associative\",\"isPartOf\":{\"@id\":\"https:\/\/vieassociative.be\/actualites\/#website\"},\"primaryImageOfPage\":{\"@id\":\"https:\/\/vieassociative.be\/actualites\/arretez-dapprendre-aux-enfants-a-dire-monsieur-et-madame\/#primaryimage\"},\"image\":{\"@id\":\"https:\/\/vieassociative.be\/actualites\/arretez-dapprendre-aux-enfants-a-dire-monsieur-et-madame\/#primaryimage\"},\"thumbnailUrl\":\"https:\/\/vieassociative.be\/actualites\/wp-content\/uploads\/2024\/11\/Arretez-dapprendre-aux-enfants-a-dire-Monsieur-et-Madame.jpg\",\"datePublished\":\"2024-11-06T23:18:21+00:00\",\"dateModified\":\"2024-11-06T23:18:21+00:00\",\"breadcrumb\":{\"@id\":\"https:\/\/vieassociative.be\/actualites\/arretez-dapprendre-aux-enfants-a-dire-monsieur-et-madame\/#breadcrumb\"},\"inLanguage\":\"fr-BE\",\"potentialAction\":[{\"@type\":\"ReadAction\",\"target\":[\"https:\/\/vieassociative.be\/actualites\/arretez-dapprendre-aux-enfants-a-dire-monsieur-et-madame\/\"]}]},{\"@type\":\"ImageObject\",\"inLanguage\":\"fr-BE\",\"@id\":\"https:\/\/vieassociative.be\/actualites\/arretez-dapprendre-aux-enfants-a-dire-monsieur-et-madame\/#primaryimage\",\"url\":\"https:\/\/vieassociative.be\/actualites\/wp-content\/uploads\/2024\/11\/Arretez-dapprendre-aux-enfants-a-dire-Monsieur-et-Madame.jpg\",\"contentUrl\":\"https:\/\/vieassociative.be\/actualites\/wp-content\/uploads\/2024\/11\/Arretez-dapprendre-aux-enfants-a-dire-Monsieur-et-Madame.jpg\",\"width\":1200,\"height\":675,\"caption\":\"Arr\u00eatez d'apprendre aux enfants \u00e0 dire \u00ab\u00a0Monsieur\u00a0\u00bb et \u00ab\u00a0Madame\u00a0\u00bb\"},{\"@type\":\"BreadcrumbList\",\"@id\":\"https:\/\/vieassociative.be\/actualites\/arretez-dapprendre-aux-enfants-a-dire-monsieur-et-madame\/#breadcrumb\",\"itemListElement\":[{\"@type\":\"ListItem\",\"position\":1,\"name\":\"Accueil\",\"item\":\"https:\/\/vieassociative.be\/actualites\/\"},{\"@type\":\"ListItem\",\"position\":2,\"name\":\"Arr\u00eatez d&rsquo;apprendre aux enfants \u00e0 dire \u00ab\u00a0Monsieur\u00a0\u00bb et \u00ab\u00a0Madame\u00a0\u00bb\"}]},{\"@type\":\"WebSite\",\"@id\":\"https:\/\/vieassociative.be\/actualites\/#website\",\"url\":\"https:\/\/vieassociative.be\/actualites\/\",\"name\":\"Vie Associative\",\"description\":\"\",\"publisher\":{\"@id\":\"https:\/\/vieassociative.be\/actualites\/#organization\"},\"potentialAction\":[{\"@type\":\"SearchAction\",\"target\":{\"@type\":\"EntryPoint\",\"urlTemplate\":\"https:\/\/vieassociative.be\/actualites\/?s={search_term_string}\"},\"query-input\":{\"@type\":\"PropertyValueSpecification\",\"valueRequired\":true,\"valueName\":\"search_term_string\"}}],\"inLanguage\":\"fr-BE\"},{\"@type\":\"Organization\",\"@id\":\"https:\/\/vieassociative.be\/actualites\/#organization\",\"name\":\"Vie Associative\",\"url\":\"https:\/\/vieassociative.be\/actualites\/\",\"logo\":{\"@type\":\"ImageObject\",\"inLanguage\":\"fr-BE\",\"@id\":\"https:\/\/vieassociative.be\/actualites\/#\/schema\/logo\/image\/\",\"url\":\"https:\/\/vieassociative.be\/actualites\/wp-content\/uploads\/2024\/09\/cropped-vieassociative_favicon.ico.png\",\"contentUrl\":\"https:\/\/vieassociative.be\/actualites\/wp-content\/uploads\/2024\/09\/cropped-vieassociative_favicon.ico.png\",\"width\":512,\"height\":512,\"caption\":\"Vie Associative\"},\"image\":{\"@id\":\"https:\/\/vieassociative.be\/actualites\/#\/schema\/logo\/image\/\"}},{\"@type\":\"Person\",\"@id\":\"https:\/\/vieassociative.be\/actualites\/#\/schema\/person\/b87ac4f82f9d4e7b7cec7395b679edc4\",\"name\":\"Julien\",\"image\":{\"@type\":\"ImageObject\",\"inLanguage\":\"fr-BE\",\"@id\":\"https:\/\/vieassociative.be\/actualites\/#\/schema\/person\/image\/\",\"url\":\"https:\/\/vieassociative.be\/actualites\/wp-content\/uploads\/2024\/09\/vie-associative-1-150x150.jpg\",\"contentUrl\":\"https:\/\/vieassociative.be\/actualites\/wp-content\/uploads\/2024\/09\/vie-associative-1-150x150.jpg\",\"caption\":\"Julien\"},\"description\":\"Je suis Julien, r\u00e9dacteur pour Vie Associative. Passionn\u00e9 par le monde associatif depuis plus de 10 ans, j'ai \u00e0 c\u0153ur de partager des histoires inspirantes et de mettre en lumi\u00e8re les initiatives locales. Mon objectif est de sensibiliser et d'encourager l'engagement communautaire \u00e0 travers mes articles.\",\"sameAs\":[\"https:\/\/vieassociative.be\/\"]}]}<\/script>\n<!-- \/ Yoast SEO plugin. -->","yoast_head_json":{"title":"Arr\u00eatez d'apprendre aux enfants \u00e0 dire \u00ab\u00a0Monsieur\u00a0\u00bb et \u00ab\u00a0Madame\u00a0\u00bb | Vie Associative","robots":{"index":"index","follow":"follow","max-snippet":"max-snippet:-1","max-image-preview":"max-image-preview:large","max-video-preview":"max-video-preview:-1"},"canonical":"https:\/\/vieassociative.be\/actualites\/arretez-dapprendre-aux-enfants-a-dire-monsieur-et-madame\/","og_locale":"fr_FR","og_type":"article","og_title":"Arr\u00eatez d'apprendre aux enfants \u00e0 dire \u00ab\u00a0Monsieur\u00a0\u00bb et \u00ab\u00a0Madame\u00a0\u00bb | Vie Associative","og_description":"De nos jours, c&rsquo;est aussi susceptible d&rsquo;offenser que d&rsquo;\u00eatre appr\u00e9ci\u00e9 \u2013 et c&rsquo;est tout simplement inutile. \u00abMonsieur\u00bb est traditionnellement consid\u00e9r\u00e9 comme un terme de respect","og_url":"https:\/\/vieassociative.be\/actualites\/arretez-dapprendre-aux-enfants-a-dire-monsieur-et-madame\/","og_site_name":"Vie Associative","article_published_time":"2024-11-06T23:18:21+00:00","og_image":[{"width":279,"height":92,"url":"https:\/\/vieassociative.be\/actualites\/wp-content\/uploads\/2024\/09\/header_backgroundk-01-e1726694325946.png","type":"image\/png"}],"author":"Julien","twitter_card":"summary_large_image","twitter_misc":{"\u00c9crit par":"Julien","Dur\u00e9e de lecture est.":"4 minutes"},"schema":{"@context":"https:\/\/schema.org","@graph":[{"@type":"Article","@id":"https:\/\/vieassociative.be\/actualites\/arretez-dapprendre-aux-enfants-a-dire-monsieur-et-madame\/#article","isPartOf":{"@id":"https:\/\/vieassociative.be\/actualites\/arretez-dapprendre-aux-enfants-a-dire-monsieur-et-madame\/"},"author":{"name":"Julien","@id":"https:\/\/vieassociative.be\/actualites\/#\/schema\/person\/b87ac4f82f9d4e7b7cec7395b679edc4"},"headline":"Arr\u00eatez d&rsquo;apprendre aux enfants \u00e0 dire \u00ab\u00a0Monsieur\u00a0\u00bb et \u00ab\u00a0Madame\u00a0\u00bb","datePublished":"2024-11-06T23:18:21+00:00","dateModified":"2024-11-06T23:18:21+00:00","mainEntityOfPage":{"@id":"https:\/\/vieassociative.be\/actualites\/arretez-dapprendre-aux-enfants-a-dire-monsieur-et-madame\/"},"wordCount":852,"publisher":{"@id":"https:\/\/vieassociative.be\/actualites\/#organization"},"image":{"@id":"https:\/\/vieassociative.be\/actualites\/arretez-dapprendre-aux-enfants-a-dire-monsieur-et-madame\/#primaryimage"},"thumbnailUrl":"https:\/\/vieassociative.be\/actualites\/wp-content\/uploads\/2024\/11\/Arretez-dapprendre-aux-enfants-a-dire-Monsieur-et-Madame.jpg","keywords":["Arr\u00eatez","aux","dapprendre","dire","enfants","Madame","Monsieur"],"articleSection":["Famille"],"inLanguage":"fr-BE"},{"@type":"WebPage","@id":"https:\/\/vieassociative.be\/actualites\/arretez-dapprendre-aux-enfants-a-dire-monsieur-et-madame\/","url":"https:\/\/vieassociative.be\/actualites\/arretez-dapprendre-aux-enfants-a-dire-monsieur-et-madame\/","name":"Arr\u00eatez d'apprendre aux enfants \u00e0 dire \u00ab\u00a0Monsieur\u00a0\u00bb et \u00ab\u00a0Madame\u00a0\u00bb | Vie Associative","isPartOf":{"@id":"https:\/\/vieassociative.be\/actualites\/#website"},"primaryImageOfPage":{"@id":"https:\/\/vieassociative.be\/actualites\/arretez-dapprendre-aux-enfants-a-dire-monsieur-et-madame\/#primaryimage"},"image":{"@id":"https:\/\/vieassociative.be\/actualites\/arretez-dapprendre-aux-enfants-a-dire-monsieur-et-madame\/#primaryimage"},"thumbnailUrl":"https:\/\/vieassociative.be\/actualites\/wp-content\/uploads\/2024\/11\/Arretez-dapprendre-aux-enfants-a-dire-Monsieur-et-Madame.jpg","datePublished":"2024-11-06T23:18:21+00:00","dateModified":"2024-11-06T23:18:21+00:00","breadcrumb":{"@id":"https:\/\/vieassociative.be\/actualites\/arretez-dapprendre-aux-enfants-a-dire-monsieur-et-madame\/#breadcrumb"},"inLanguage":"fr-BE","potentialAction":[{"@type":"ReadAction","target":["https:\/\/vieassociative.be\/actualites\/arretez-dapprendre-aux-enfants-a-dire-monsieur-et-madame\/"]}]},{"@type":"ImageObject","inLanguage":"fr-BE","@id":"https:\/\/vieassociative.be\/actualites\/arretez-dapprendre-aux-enfants-a-dire-monsieur-et-madame\/#primaryimage","url":"https:\/\/vieassociative.be\/actualites\/wp-content\/uploads\/2024\/11\/Arretez-dapprendre-aux-enfants-a-dire-Monsieur-et-Madame.jpg","contentUrl":"https:\/\/vieassociative.be\/actualites\/wp-content\/uploads\/2024\/11\/Arretez-dapprendre-aux-enfants-a-dire-Monsieur-et-Madame.jpg","width":1200,"height":675,"caption":"Arr\u00eatez d'apprendre aux enfants \u00e0 dire \u00ab\u00a0Monsieur\u00a0\u00bb et \u00ab\u00a0Madame\u00a0\u00bb"},{"@type":"BreadcrumbList","@id":"https:\/\/vieassociative.be\/actualites\/arretez-dapprendre-aux-enfants-a-dire-monsieur-et-madame\/#breadcrumb","itemListElement":[{"@type":"ListItem","position":1,"name":"Accueil","item":"https:\/\/vieassociative.be\/actualites\/"},{"@type":"ListItem","position":2,"name":"Arr\u00eatez d&rsquo;apprendre aux enfants \u00e0 dire \u00ab\u00a0Monsieur\u00a0\u00bb et \u00ab\u00a0Madame\u00a0\u00bb"}]},{"@type":"WebSite","@id":"https:\/\/vieassociative.be\/actualites\/#website","url":"https:\/\/vieassociative.be\/actualites\/","name":"Vie Associative","description":"","publisher":{"@id":"https:\/\/vieassociative.be\/actualites\/#organization"},"potentialAction":[{"@type":"SearchAction","target":{"@type":"EntryPoint","urlTemplate":"https:\/\/vieassociative.be\/actualites\/?s={search_term_string}"},"query-input":{"@type":"PropertyValueSpecification","valueRequired":true,"valueName":"search_term_string"}}],"inLanguage":"fr-BE"},{"@type":"Organization","@id":"https:\/\/vieassociative.be\/actualites\/#organization","name":"Vie Associative","url":"https:\/\/vieassociative.be\/actualites\/","logo":{"@type":"ImageObject","inLanguage":"fr-BE","@id":"https:\/\/vieassociative.be\/actualites\/#\/schema\/logo\/image\/","url":"https:\/\/vieassociative.be\/actualites\/wp-content\/uploads\/2024\/09\/cropped-vieassociative_favicon.ico.png","contentUrl":"https:\/\/vieassociative.be\/actualites\/wp-content\/uploads\/2024\/09\/cropped-vieassociative_favicon.ico.png","width":512,"height":512,"caption":"Vie Associative"},"image":{"@id":"https:\/\/vieassociative.be\/actualites\/#\/schema\/logo\/image\/"}},{"@type":"Person","@id":"https:\/\/vieassociative.be\/actualites\/#\/schema\/person\/b87ac4f82f9d4e7b7cec7395b679edc4","name":"Julien","image":{"@type":"ImageObject","inLanguage":"fr-BE","@id":"https:\/\/vieassociative.be\/actualites\/#\/schema\/person\/image\/","url":"https:\/\/vieassociative.be\/actualites\/wp-content\/uploads\/2024\/09\/vie-associative-1-150x150.jpg","contentUrl":"https:\/\/vieassociative.be\/actualites\/wp-content\/uploads\/2024\/09\/vie-associative-1-150x150.jpg","caption":"Julien"},"description":"Je suis Julien, r\u00e9dacteur pour Vie Associative. Passionn\u00e9 par le monde associatif depuis plus de 10 ans, j'ai \u00e0 c\u0153ur de partager des histoires inspirantes et de mettre en lumi\u00e8re les initiatives locales. Mon objectif est de sensibiliser et d'encourager l'engagement communautaire \u00e0 travers mes articles.","sameAs":["https:\/\/vieassociative.be\/"]}]}},"_links":{"self":[{"href":"https:\/\/vieassociative.be\/actualites\/wp-json\/wp\/v2\/posts\/2116"}],"collection":[{"href":"https:\/\/vieassociative.be\/actualites\/wp-json\/wp\/v2\/posts"}],"about":[{"href":"https:\/\/vieassociative.be\/actualites\/wp-json\/wp\/v2\/types\/post"}],"author":[{"embeddable":true,"href":"https:\/\/vieassociative.be\/actualites\/wp-json\/wp\/v2\/users\/1"}],"replies":[{"embeddable":true,"href":"https:\/\/vieassociative.be\/actualites\/wp-json\/wp\/v2\/comments?post=2116"}],"version-history":[{"count":0,"href":"https:\/\/vieassociative.be\/actualites\/wp-json\/wp\/v2\/posts\/2116\/revisions"}],"wp:featuredmedia":[{"embeddable":true,"href":"https:\/\/vieassociative.be\/actualites\/wp-json\/wp\/v2\/media\/2117"}],"wp:attachment":[{"href":"https:\/\/vieassociative.be\/actualites\/wp-json\/wp\/v2\/media?parent=2116"}],"wp:term":[{"taxonomy":"category","embeddable":true,"href":"https:\/\/vieassociative.be\/actualites\/wp-json\/wp\/v2\/categories?post=2116"},{"taxonomy":"post_tag","embeddable":true,"href":"https:\/\/vieassociative.be\/actualites\/wp-json\/wp\/v2\/tags?post=2116"}],"curies":[{"name":"wp","href":"https:\/\/api.w.org\/{rel}","templated":true}]}}