{"id":2111,"date":"2024-11-06T22:17:45","date_gmt":"2024-11-06T21:17:45","guid":{"rendered":"https:\/\/vieassociative.be\/actualites\/decouverte-effrayante-skeleton-est-compose-de-cinq-personnes\/"},"modified":"2024-11-06T22:17:47","modified_gmt":"2024-11-06T21:17:47","slug":"decouverte-effrayante-skeleton-est-compose-de-cinq-personnes","status":"publish","type":"post","link":"https:\/\/vieassociative.be\/actualites\/decouverte-effrayante-skeleton-est-compose-de-cinq-personnes\/","title":{"rendered":"D\u00e9couverte effrayante\u00a0: Skeleton est compos\u00e9 de cinq personnes"},"content":{"rendered":"<p class=\"font-sans font-medium\">  \u00c9taient-ce des Romains qui s&rsquo;amusaient, ou s&rsquo;agissait-il d&rsquo;un sombre rituel ? Les os sont parfois espac\u00e9s de plusieurs milliers d&rsquo;ann\u00e9es.<\/p>\n<aside class=\"h-ad-280+text lg:h-0 \" data-slot-id=\"pos1_sm\" data-breakpoint=\"sm\" data-hide-ad-text=\"false\" data-module-id=\"SparkAdSlotModule\"><\/aside>\n<p>Est-ce une blague ou un rituel myst\u00e9rieux ? UN <strong>squelette<\/strong> de Belgique soul\u00e8ve des questions parmi les arch\u00e9ologues. Car depuis que les ossements ont \u00e9t\u00e9 d\u00e9couverts dans les ann\u00e9es 1970, les chercheurs pensaient en r\u00e9alit\u00e9 qu\u2019ils remontaient aux IIe et IIIe si\u00e8cles romains de notre \u00e8re. Mais une nouvelle analyse arch\u00e9ologique du <strong>Os<\/strong> fait une d\u00e9couverte \u00e9tonnante sur l\u2019origine du squelette. <\/p>\n<p>Le squelette belge s&rsquo;av\u00e8re \u00eatre compos\u00e9 des restes d&rsquo;au moins cinq personnes diff\u00e9rentes ayant v\u00e9cu \u00e0 des milliers d&rsquo;ann\u00e9es d&rsquo;intervalle. Ce qui semblait initialement \u00eatre une s\u00e9pulture courante de l&rsquo;Empire romain s&rsquo;av\u00e8re \u00eatre une construction compos\u00e9e de diverses parties de corps de la p\u00e9riode tardive. <strong>P\u00e9riode n\u00e9olithique<\/strong> et \u00e9poque romaine. Pourquoi \u00e9tait-ce \u00ab artificiel \u00bb <strong>d\u00e9c\u00e9d\u00e9<\/strong> cr\u00e9\u00e9, et qu\u2019est-ce que cela dit sur la culture fun\u00e9raire de cette \u00e9poque ?<\/p>\n<aside class=\"w-full justify-center overflow-x-hidden\">\n<div>\n<\/div>\n<\/aside>\n<div id=\"piano-banner-kampagne\" class=\"mb-4 block\"><\/div>\n<div id=\"piano-reco-widget\" class=\"mb-4 block\"><\/div>\n<h3>Arch\u00e9ologie\u00a0: le squelette est compos\u00e9 d&rsquo;ossements provenant des empires n\u00e9olithique et romain. <\/h3>\n<p>Les arch\u00e9ologues ont d\u00e9terr\u00e9 le squelette il y a plusieurs d\u00e9cennies <strong>76 cr\u00e9mations<\/strong> dans les vestiges d&rsquo;un habitat gallo-romain. La zone de fouille se trouve d\u00e9sormais dans la ville belge de Pommer\u0153ul, pr\u00e8s de la fronti\u00e8re fran\u00e7aise. Les chercheurs ont imm\u00e9diatement remarqu\u00e9 le squelette car c&rsquo;\u00e9tait le seul qui n&rsquo;avait pas \u00e9t\u00e9 br\u00fbl\u00e9. A cette \u00e9poque, les caract\u00e9ristiques de la d\u00e9couverte indiqu\u00e9es, comme l&rsquo;ajout d&rsquo;une <strong>\u00c9pingle \u00e0 cheveux<\/strong>indiquant une s\u00e9pulture romaine.<\/p>\n<p><!-- opinary --><\/p>\n<div class=\"w-full bg-background-100\">\n<div id=\"opinary-automation-placeholder\" class=\"w-full\"><\/div>\n<\/p><\/div>\n<p>Mais la nouvelle \u00e9tude publi\u00e9e dans la revue sp\u00e9cialis\u00e9e \u00ab Antiquity \u00bb change radicalement la donne : <strong>Datation au radiocarbone<\/strong> a r\u00e9v\u00e9l\u00e9 que les ossements proviennent non seulement de la p\u00e9riode romaine, mais \u00e9galement de la fin du N\u00e9olithique (7000 \u00e0 3000 avant JC). Le <strong>Cadavre<\/strong>initialement interpr\u00e9t\u00e9 comme une personne seule, \u00e9tait en r\u00e9alit\u00e9 un ensemble d&rsquo;os dont l&rsquo;\u00e2ge variait jusqu&rsquo;\u00e0 2 500 ans et qui avaient \u00e9t\u00e9 enterr\u00e9s en position f\u0153tale.<\/p>\n<aside class=\"h-ad-600+text lg:h-0 \" data-slot-id=\"pos2_sm\" data-breakpoint=\"sm\" data-hide-ad-text=\"false\" data-module-id=\"SparkAdSlotModule\"><\/aside>\n<p><strong>Aussi passionnant : <\/strong>Des chercheurs d\u00e9bord\u00e9s\u00a0: d\u00e9couverte importante de l\u2019ancienne Babylone<\/p>\n<h3>Le squelette comprend probablement plus de cinq personnes, mais il est anatomiquement correct<\/h3>\n<p>D&rsquo;apr\u00e8s l&rsquo;analyse, le cr\u00e2ne appartenait au <strong>\u00ab Squelette de Frankenstein \u00bb<\/strong> \u00e0 une femme romaine. Les ossements des quatre autres individus proviennent probablement de trois phases diff\u00e9rentes de la p\u00e9riode n\u00e9olithique. Les os d&rsquo;un plus grand nombre de personnes font probablement partie du squelette, mais les chercheurs n&rsquo;ont pu d\u00e9tecter que cinq individus diff\u00e9rents \u00e0 l&rsquo;aide d&rsquo;\u00e9chantillons d&rsquo;ADN.  <\/p>\n<p>\u00ab\u00a0Je pense que\u00a0\u00bb l&rsquo;individu \u00ab\u00a0a \u00e9t\u00e9 cr\u00e9\u00e9 d&rsquo;un seul coup\u00a0\u00bb, a d\u00e9clar\u00e9 Barbara Veselka, arch\u00e9ologue \u00e0 la Vrije Universiteit Brussel qui a dirig\u00e9 l&rsquo;\u00e9tude, dans un e-mail \u00e0 Live Science. Le ph\u00e9nom\u00e8ne de manipulation de restes humains post mortem n\u2019est pas enti\u00e8rement inconnu, \u00e9crivent les scientifiques dans l\u2019\u00e9tude. D&rsquo;autres exemples, tels que Cladh Hallan de l&rsquo;\u00e2ge du bronze en <strong>\u00c9cosse<\/strong>montrent des pratiques similaires. Mais le cas de Pommer\u0153ul est exceptionnel car les os de diff\u00e9rents individus \u00e9taient dispos\u00e9s en un tout anatomiquement correct.<\/p>\n<p><!-- Taboola Container --><\/p>\n<aside class=\" w-full\" data-module-id=\"TaboolaContainerModule\" data-container-id=\"taboola-article-mid-article\" data-mode=\"thumbnails-a\" data-target-type=\"mix\" data-is-mid-article=\"true\" data-variant=\"mid-article\" data-gallery-number=\"undefined\">\n<div id=\"taboola-article-mid-article\"><\/div>\n<\/aside>\n<p>La position fortement tir\u00e9e du corps \u00e9tait atypique pour la p\u00e9riode romaine, o\u00f9 les morts \u00e9taient g\u00e9n\u00e9ralement enterr\u00e9s allong\u00e9s sur le dos. Cela correspond cependant <strong>Types d&rsquo;inhumation<\/strong> la p\u00e9riode n\u00e9olithique et peut indiquer que les habitants romains de Pommer\u0153ul ont d\u00e9couvert la s\u00e9pulture et l&rsquo;ont \u00ab compl\u00e9t\u00e9e \u00bb en ajoutant un cr\u00e2ne ou d&rsquo;autres parties du corps. Une autre th\u00e9orie est que les Romains rassemblaient les restes intentionnellement, peut-\u00eatre \u00e0 des fins rituelles ou <strong>superstitieux<\/strong> Des raisons de se connecter avec ou d&rsquo;honorer leurs pr\u00e9d\u00e9cesseurs.<\/p>\n<h3>Devinette\u00a0: R\u00e9parer le squelette \u00e9tait-il une pratique courante\u00a0? <\/h3>\n<p>En plus des ossements humains, les chercheurs ont \u00e9galement d\u00e9couvert<strong> <\/strong>restes<strong> <\/strong>depuis<strong> Blaireaux<\/strong>qui peut \u00eatre consid\u00e9r\u00e9 <strong>Objets fun\u00e9raires<\/strong> \u00e9taient pr\u00e9vus. La d\u00e9couverte d&rsquo;un os de blaireau br\u00fbl\u00e9 ajoute une touche myst\u00e9rieuse suppl\u00e9mentaire \u00e0 la d\u00e9couverte.<\/p>\n<p>\u00c9tait-ce un <strong>Cas individuel<\/strong>? Ou bien il y en avait un ici qui n&rsquo;a pas encore \u00e9t\u00e9 reconnu <strong>Tradition fun\u00e9raire<\/strong> exerc\u00e9? Selon l&rsquo;\u00e9tude, les r\u00e9sultats montrent que dans les temps anciens, la mort et l&rsquo;enterrement avaient lieu dans un environnement complexe, culturellement et rituellement charg\u00e9. La culture romaine consid\u00e9rait souvent les morts comme appartenant toujours \u00e0 la communaut\u00e9, ce qui peut expliquer \u00ab l\u2019ach\u00e8vement \u00bb d\u2019un squelette incomplet.<\/p>\n<aside class=\"h-ad-280+text lg:h-0 \" data-slot-id=\"pos3_sm\" data-breakpoint=\"sm\" data-hide-ad-text=\"false\" data-module-id=\"SparkAdSlotModule\"><\/aside>\n","protected":false},"excerpt":{"rendered":"<p>\u00c9taient-ce des Romains qui s&rsquo;amusaient, ou s&rsquo;agissait-il d&rsquo;un sombre rituel ? Les os sont parfois espac\u00e9s de plusieurs milliers d&rsquo;ann\u00e9es. Est-ce une blague ou un<\/p>\n","protected":false},"author":1,"featured_media":2112,"comment_status":"closed","ping_status":"","sticky":false,"template":"","format":"standard","meta":{"footnotes":""},"categories":[298],"tags":[317,2845,2843,2404,76,714,2844],"class_list":["post-2111","post","type-post","status-publish","format-standard","has-post-thumbnail","hentry","category-belgique","tag-cinq","tag-compose","tag-decouverte","tag-effrayante","tag-est","tag-personnes","tag-skeleton","generate-columns","tablet-grid-50","mobile-grid-100","grid-parent","grid-33"],"yoast_head":"<!-- This site is optimized with the Yoast SEO plugin v24.0 - https:\/\/yoast.com\/wordpress\/plugins\/seo\/ -->\n<title>D\u00e9couverte effrayante\u00a0: Skeleton est compos\u00e9 de cinq personnes | Vie Associative<\/title>\n<meta name=\"robots\" content=\"index, follow, max-snippet:-1, max-image-preview:large, max-video-preview:-1\" \/>\n<link rel=\"canonical\" href=\"https:\/\/vieassociative.be\/actualites\/decouverte-effrayante-skeleton-est-compose-de-cinq-personnes\/\" \/>\n<meta property=\"og:locale\" content=\"fr_FR\" \/>\n<meta property=\"og:type\" content=\"article\" \/>\n<meta property=\"og:title\" content=\"D\u00e9couverte effrayante\u00a0: Skeleton est compos\u00e9 de cinq personnes | Vie Associative\" \/>\n<meta property=\"og:description\" content=\"\u00c9taient-ce des Romains qui s&rsquo;amusaient, ou s&rsquo;agissait-il d&rsquo;un sombre rituel ? Les os sont parfois espac\u00e9s de plusieurs milliers d&rsquo;ann\u00e9es. Est-ce une blague ou un\" \/>\n<meta property=\"og:url\" content=\"https:\/\/vieassociative.be\/actualites\/decouverte-effrayante-skeleton-est-compose-de-cinq-personnes\/\" \/>\n<meta property=\"og:site_name\" content=\"Vie Associative\" \/>\n<meta property=\"article:published_time\" content=\"2024-11-06T21:17:45+00:00\" \/>\n<meta property=\"article:modified_time\" content=\"2024-11-06T21:17:47+00:00\" \/>\n<meta property=\"og:image\" content=\"https:\/\/vieassociative.be\/actualites\/wp-content\/uploads\/2024\/11\/Decouverte-effrayante-Skeleton-est-compose-de-cinq-personnes.jpeg\" \/>\n\t<meta property=\"og:image:width\" content=\"1600\" \/>\n\t<meta property=\"og:image:height\" content=\"900\" \/>\n\t<meta property=\"og:image:type\" content=\"image\/jpeg\" \/>\n<meta name=\"author\" content=\"Julien\" \/>\n<meta name=\"twitter:card\" content=\"summary_large_image\" \/>\n<meta name=\"twitter:label1\" content=\"\u00c9crit par\" \/>\n\t<meta name=\"twitter:data1\" content=\"Julien\" \/>\n\t<meta name=\"twitter:label2\" content=\"Dur\u00e9e de lecture est.\" \/>\n\t<meta name=\"twitter:data2\" content=\"4 minutes\" \/>\n<script type=\"application\/ld+json\" class=\"yoast-schema-graph\">{\"@context\":\"https:\/\/schema.org\",\"@graph\":[{\"@type\":\"Article\",\"@id\":\"https:\/\/vieassociative.be\/actualites\/decouverte-effrayante-skeleton-est-compose-de-cinq-personnes\/#article\",\"isPartOf\":{\"@id\":\"https:\/\/vieassociative.be\/actualites\/decouverte-effrayante-skeleton-est-compose-de-cinq-personnes\/\"},\"author\":{\"name\":\"Julien\",\"@id\":\"https:\/\/vieassociative.be\/actualites\/#\/schema\/person\/b87ac4f82f9d4e7b7cec7395b679edc4\"},\"headline\":\"D\u00e9couverte effrayante\u00a0: Skeleton est compos\u00e9 de cinq personnes\",\"datePublished\":\"2024-11-06T21:17:45+00:00\",\"dateModified\":\"2024-11-06T21:17:47+00:00\",\"mainEntityOfPage\":{\"@id\":\"https:\/\/vieassociative.be\/actualites\/decouverte-effrayante-skeleton-est-compose-de-cinq-personnes\/\"},\"wordCount\":793,\"publisher\":{\"@id\":\"https:\/\/vieassociative.be\/actualites\/#organization\"},\"image\":{\"@id\":\"https:\/\/vieassociative.be\/actualites\/decouverte-effrayante-skeleton-est-compose-de-cinq-personnes\/#primaryimage\"},\"thumbnailUrl\":\"https:\/\/vieassociative.be\/actualites\/wp-content\/uploads\/2024\/11\/Decouverte-effrayante-Skeleton-est-compose-de-cinq-personnes.jpeg\",\"keywords\":[\"Cinq\",\"compos\u00e9\",\"D\u00e9couverte\",\"effrayante\",\"est\",\"personnes\",\"Skeleton\"],\"articleSection\":[\"Belgique\"],\"inLanguage\":\"fr-BE\"},{\"@type\":\"WebPage\",\"@id\":\"https:\/\/vieassociative.be\/actualites\/decouverte-effrayante-skeleton-est-compose-de-cinq-personnes\/\",\"url\":\"https:\/\/vieassociative.be\/actualites\/decouverte-effrayante-skeleton-est-compose-de-cinq-personnes\/\",\"name\":\"D\u00e9couverte effrayante\u00a0: Skeleton est compos\u00e9 de cinq personnes | Vie Associative\",\"isPartOf\":{\"@id\":\"https:\/\/vieassociative.be\/actualites\/#website\"},\"primaryImageOfPage\":{\"@id\":\"https:\/\/vieassociative.be\/actualites\/decouverte-effrayante-skeleton-est-compose-de-cinq-personnes\/#primaryimage\"},\"image\":{\"@id\":\"https:\/\/vieassociative.be\/actualites\/decouverte-effrayante-skeleton-est-compose-de-cinq-personnes\/#primaryimage\"},\"thumbnailUrl\":\"https:\/\/vieassociative.be\/actualites\/wp-content\/uploads\/2024\/11\/Decouverte-effrayante-Skeleton-est-compose-de-cinq-personnes.jpeg\",\"datePublished\":\"2024-11-06T21:17:45+00:00\",\"dateModified\":\"2024-11-06T21:17:47+00:00\",\"breadcrumb\":{\"@id\":\"https:\/\/vieassociative.be\/actualites\/decouverte-effrayante-skeleton-est-compose-de-cinq-personnes\/#breadcrumb\"},\"inLanguage\":\"fr-BE\",\"potentialAction\":[{\"@type\":\"ReadAction\",\"target\":[\"https:\/\/vieassociative.be\/actualites\/decouverte-effrayante-skeleton-est-compose-de-cinq-personnes\/\"]}]},{\"@type\":\"ImageObject\",\"inLanguage\":\"fr-BE\",\"@id\":\"https:\/\/vieassociative.be\/actualites\/decouverte-effrayante-skeleton-est-compose-de-cinq-personnes\/#primaryimage\",\"url\":\"https:\/\/vieassociative.be\/actualites\/wp-content\/uploads\/2024\/11\/Decouverte-effrayante-Skeleton-est-compose-de-cinq-personnes.jpeg\",\"contentUrl\":\"https:\/\/vieassociative.be\/actualites\/wp-content\/uploads\/2024\/11\/Decouverte-effrayante-Skeleton-est-compose-de-cinq-personnes.jpeg\",\"width\":1600,\"height\":900,\"caption\":\"D\u00e9couverte effrayante\u00a0: Skeleton est compos\u00e9 de cinq personnes\"},{\"@type\":\"BreadcrumbList\",\"@id\":\"https:\/\/vieassociative.be\/actualites\/decouverte-effrayante-skeleton-est-compose-de-cinq-personnes\/#breadcrumb\",\"itemListElement\":[{\"@type\":\"ListItem\",\"position\":1,\"name\":\"Accueil\",\"item\":\"https:\/\/vieassociative.be\/actualites\/\"},{\"@type\":\"ListItem\",\"position\":2,\"name\":\"D\u00e9couverte effrayante\u00a0: Skeleton est compos\u00e9 de cinq personnes\"}]},{\"@type\":\"WebSite\",\"@id\":\"https:\/\/vieassociative.be\/actualites\/#website\",\"url\":\"https:\/\/vieassociative.be\/actualites\/\",\"name\":\"Vie Associative\",\"description\":\"\",\"publisher\":{\"@id\":\"https:\/\/vieassociative.be\/actualites\/#organization\"},\"potentialAction\":[{\"@type\":\"SearchAction\",\"target\":{\"@type\":\"EntryPoint\",\"urlTemplate\":\"https:\/\/vieassociative.be\/actualites\/?s={search_term_string}\"},\"query-input\":{\"@type\":\"PropertyValueSpecification\",\"valueRequired\":true,\"valueName\":\"search_term_string\"}}],\"inLanguage\":\"fr-BE\"},{\"@type\":\"Organization\",\"@id\":\"https:\/\/vieassociative.be\/actualites\/#organization\",\"name\":\"Vie Associative\",\"url\":\"https:\/\/vieassociative.be\/actualites\/\",\"logo\":{\"@type\":\"ImageObject\",\"inLanguage\":\"fr-BE\",\"@id\":\"https:\/\/vieassociative.be\/actualites\/#\/schema\/logo\/image\/\",\"url\":\"https:\/\/vieassociative.be\/actualites\/wp-content\/uploads\/2024\/09\/cropped-vieassociative_favicon.ico.png\",\"contentUrl\":\"https:\/\/vieassociative.be\/actualites\/wp-content\/uploads\/2024\/09\/cropped-vieassociative_favicon.ico.png\",\"width\":512,\"height\":512,\"caption\":\"Vie Associative\"},\"image\":{\"@id\":\"https:\/\/vieassociative.be\/actualites\/#\/schema\/logo\/image\/\"}},{\"@type\":\"Person\",\"@id\":\"https:\/\/vieassociative.be\/actualites\/#\/schema\/person\/b87ac4f82f9d4e7b7cec7395b679edc4\",\"name\":\"Julien\",\"image\":{\"@type\":\"ImageObject\",\"inLanguage\":\"fr-BE\",\"@id\":\"https:\/\/vieassociative.be\/actualites\/#\/schema\/person\/image\/\",\"url\":\"https:\/\/vieassociative.be\/actualites\/wp-content\/uploads\/2024\/09\/vie-associative-1-150x150.jpg\",\"contentUrl\":\"https:\/\/vieassociative.be\/actualites\/wp-content\/uploads\/2024\/09\/vie-associative-1-150x150.jpg\",\"caption\":\"Julien\"},\"description\":\"Je suis Julien, r\u00e9dacteur pour Vie Associative. Passionn\u00e9 par le monde associatif depuis plus de 10 ans, j'ai \u00e0 c\u0153ur de partager des histoires inspirantes et de mettre en lumi\u00e8re les initiatives locales. Mon objectif est de sensibiliser et d'encourager l'engagement communautaire \u00e0 travers mes articles.\",\"sameAs\":[\"https:\/\/vieassociative.be\/\"]}]}<\/script>\n<!-- \/ Yoast SEO plugin. -->","yoast_head_json":{"title":"D\u00e9couverte effrayante\u00a0: Skeleton est compos\u00e9 de cinq personnes | Vie Associative","robots":{"index":"index","follow":"follow","max-snippet":"max-snippet:-1","max-image-preview":"max-image-preview:large","max-video-preview":"max-video-preview:-1"},"canonical":"https:\/\/vieassociative.be\/actualites\/decouverte-effrayante-skeleton-est-compose-de-cinq-personnes\/","og_locale":"fr_FR","og_type":"article","og_title":"D\u00e9couverte effrayante\u00a0: Skeleton est compos\u00e9 de cinq personnes | Vie Associative","og_description":"\u00c9taient-ce des Romains qui s&rsquo;amusaient, ou s&rsquo;agissait-il d&rsquo;un sombre rituel ? Les os sont parfois espac\u00e9s de plusieurs milliers d&rsquo;ann\u00e9es. Est-ce une blague ou un","og_url":"https:\/\/vieassociative.be\/actualites\/decouverte-effrayante-skeleton-est-compose-de-cinq-personnes\/","og_site_name":"Vie Associative","article_published_time":"2024-11-06T21:17:45+00:00","article_modified_time":"2024-11-06T21:17:47+00:00","og_image":[{"width":1600,"height":900,"url":"https:\/\/vieassociative.be\/actualites\/wp-content\/uploads\/2024\/11\/Decouverte-effrayante-Skeleton-est-compose-de-cinq-personnes.jpeg","type":"image\/jpeg"}],"author":"Julien","twitter_card":"summary_large_image","twitter_misc":{"\u00c9crit par":"Julien","Dur\u00e9e de lecture est.":"4 minutes"},"schema":{"@context":"https:\/\/schema.org","@graph":[{"@type":"Article","@id":"https:\/\/vieassociative.be\/actualites\/decouverte-effrayante-skeleton-est-compose-de-cinq-personnes\/#article","isPartOf":{"@id":"https:\/\/vieassociative.be\/actualites\/decouverte-effrayante-skeleton-est-compose-de-cinq-personnes\/"},"author":{"name":"Julien","@id":"https:\/\/vieassociative.be\/actualites\/#\/schema\/person\/b87ac4f82f9d4e7b7cec7395b679edc4"},"headline":"D\u00e9couverte effrayante\u00a0: Skeleton est compos\u00e9 de cinq personnes","datePublished":"2024-11-06T21:17:45+00:00","dateModified":"2024-11-06T21:17:47+00:00","mainEntityOfPage":{"@id":"https:\/\/vieassociative.be\/actualites\/decouverte-effrayante-skeleton-est-compose-de-cinq-personnes\/"},"wordCount":793,"publisher":{"@id":"https:\/\/vieassociative.be\/actualites\/#organization"},"image":{"@id":"https:\/\/vieassociative.be\/actualites\/decouverte-effrayante-skeleton-est-compose-de-cinq-personnes\/#primaryimage"},"thumbnailUrl":"https:\/\/vieassociative.be\/actualites\/wp-content\/uploads\/2024\/11\/Decouverte-effrayante-Skeleton-est-compose-de-cinq-personnes.jpeg","keywords":["Cinq","compos\u00e9","D\u00e9couverte","effrayante","est","personnes","Skeleton"],"articleSection":["Belgique"],"inLanguage":"fr-BE"},{"@type":"WebPage","@id":"https:\/\/vieassociative.be\/actualites\/decouverte-effrayante-skeleton-est-compose-de-cinq-personnes\/","url":"https:\/\/vieassociative.be\/actualites\/decouverte-effrayante-skeleton-est-compose-de-cinq-personnes\/","name":"D\u00e9couverte effrayante\u00a0: Skeleton est compos\u00e9 de cinq personnes | Vie Associative","isPartOf":{"@id":"https:\/\/vieassociative.be\/actualites\/#website"},"primaryImageOfPage":{"@id":"https:\/\/vieassociative.be\/actualites\/decouverte-effrayante-skeleton-est-compose-de-cinq-personnes\/#primaryimage"},"image":{"@id":"https:\/\/vieassociative.be\/actualites\/decouverte-effrayante-skeleton-est-compose-de-cinq-personnes\/#primaryimage"},"thumbnailUrl":"https:\/\/vieassociative.be\/actualites\/wp-content\/uploads\/2024\/11\/Decouverte-effrayante-Skeleton-est-compose-de-cinq-personnes.jpeg","datePublished":"2024-11-06T21:17:45+00:00","dateModified":"2024-11-06T21:17:47+00:00","breadcrumb":{"@id":"https:\/\/vieassociative.be\/actualites\/decouverte-effrayante-skeleton-est-compose-de-cinq-personnes\/#breadcrumb"},"inLanguage":"fr-BE","potentialAction":[{"@type":"ReadAction","target":["https:\/\/vieassociative.be\/actualites\/decouverte-effrayante-skeleton-est-compose-de-cinq-personnes\/"]}]},{"@type":"ImageObject","inLanguage":"fr-BE","@id":"https:\/\/vieassociative.be\/actualites\/decouverte-effrayante-skeleton-est-compose-de-cinq-personnes\/#primaryimage","url":"https:\/\/vieassociative.be\/actualites\/wp-content\/uploads\/2024\/11\/Decouverte-effrayante-Skeleton-est-compose-de-cinq-personnes.jpeg","contentUrl":"https:\/\/vieassociative.be\/actualites\/wp-content\/uploads\/2024\/11\/Decouverte-effrayante-Skeleton-est-compose-de-cinq-personnes.jpeg","width":1600,"height":900,"caption":"D\u00e9couverte effrayante\u00a0: Skeleton est compos\u00e9 de cinq personnes"},{"@type":"BreadcrumbList","@id":"https:\/\/vieassociative.be\/actualites\/decouverte-effrayante-skeleton-est-compose-de-cinq-personnes\/#breadcrumb","itemListElement":[{"@type":"ListItem","position":1,"name":"Accueil","item":"https:\/\/vieassociative.be\/actualites\/"},{"@type":"ListItem","position":2,"name":"D\u00e9couverte effrayante\u00a0: Skeleton est compos\u00e9 de cinq personnes"}]},{"@type":"WebSite","@id":"https:\/\/vieassociative.be\/actualites\/#website","url":"https:\/\/vieassociative.be\/actualites\/","name":"Vie Associative","description":"","publisher":{"@id":"https:\/\/vieassociative.be\/actualites\/#organization"},"potentialAction":[{"@type":"SearchAction","target":{"@type":"EntryPoint","urlTemplate":"https:\/\/vieassociative.be\/actualites\/?s={search_term_string}"},"query-input":{"@type":"PropertyValueSpecification","valueRequired":true,"valueName":"search_term_string"}}],"inLanguage":"fr-BE"},{"@type":"Organization","@id":"https:\/\/vieassociative.be\/actualites\/#organization","name":"Vie Associative","url":"https:\/\/vieassociative.be\/actualites\/","logo":{"@type":"ImageObject","inLanguage":"fr-BE","@id":"https:\/\/vieassociative.be\/actualites\/#\/schema\/logo\/image\/","url":"https:\/\/vieassociative.be\/actualites\/wp-content\/uploads\/2024\/09\/cropped-vieassociative_favicon.ico.png","contentUrl":"https:\/\/vieassociative.be\/actualites\/wp-content\/uploads\/2024\/09\/cropped-vieassociative_favicon.ico.png","width":512,"height":512,"caption":"Vie Associative"},"image":{"@id":"https:\/\/vieassociative.be\/actualites\/#\/schema\/logo\/image\/"}},{"@type":"Person","@id":"https:\/\/vieassociative.be\/actualites\/#\/schema\/person\/b87ac4f82f9d4e7b7cec7395b679edc4","name":"Julien","image":{"@type":"ImageObject","inLanguage":"fr-BE","@id":"https:\/\/vieassociative.be\/actualites\/#\/schema\/person\/image\/","url":"https:\/\/vieassociative.be\/actualites\/wp-content\/uploads\/2024\/09\/vie-associative-1-150x150.jpg","contentUrl":"https:\/\/vieassociative.be\/actualites\/wp-content\/uploads\/2024\/09\/vie-associative-1-150x150.jpg","caption":"Julien"},"description":"Je suis Julien, r\u00e9dacteur pour Vie Associative. Passionn\u00e9 par le monde associatif depuis plus de 10 ans, j'ai \u00e0 c\u0153ur de partager des histoires inspirantes et de mettre en lumi\u00e8re les initiatives locales. Mon objectif est de sensibiliser et d'encourager l'engagement communautaire \u00e0 travers mes articles.","sameAs":["https:\/\/vieassociative.be\/"]}]}},"_links":{"self":[{"href":"https:\/\/vieassociative.be\/actualites\/wp-json\/wp\/v2\/posts\/2111"}],"collection":[{"href":"https:\/\/vieassociative.be\/actualites\/wp-json\/wp\/v2\/posts"}],"about":[{"href":"https:\/\/vieassociative.be\/actualites\/wp-json\/wp\/v2\/types\/post"}],"author":[{"embeddable":true,"href":"https:\/\/vieassociative.be\/actualites\/wp-json\/wp\/v2\/users\/1"}],"replies":[{"embeddable":true,"href":"https:\/\/vieassociative.be\/actualites\/wp-json\/wp\/v2\/comments?post=2111"}],"version-history":[{"count":1,"href":"https:\/\/vieassociative.be\/actualites\/wp-json\/wp\/v2\/posts\/2111\/revisions"}],"predecessor-version":[{"id":2113,"href":"https:\/\/vieassociative.be\/actualites\/wp-json\/wp\/v2\/posts\/2111\/revisions\/2113"}],"wp:featuredmedia":[{"embeddable":true,"href":"https:\/\/vieassociative.be\/actualites\/wp-json\/wp\/v2\/media\/2112"}],"wp:attachment":[{"href":"https:\/\/vieassociative.be\/actualites\/wp-json\/wp\/v2\/media?parent=2111"}],"wp:term":[{"taxonomy":"category","embeddable":true,"href":"https:\/\/vieassociative.be\/actualites\/wp-json\/wp\/v2\/categories?post=2111"},{"taxonomy":"post_tag","embeddable":true,"href":"https:\/\/vieassociative.be\/actualites\/wp-json\/wp\/v2\/tags?post=2111"}],"curies":[{"name":"wp","href":"https:\/\/api.w.org\/{rel}","templated":true}]}}