{"id":2109,"date":"2024-11-06T21:18:41","date_gmt":"2024-11-06T20:18:41","guid":{"rendered":"https:\/\/vieassociative.be\/actualites\/six-raisons-qui-expliquent-la-victoire-electorale-de-donald-trump\/"},"modified":"2024-11-06T21:18:41","modified_gmt":"2024-11-06T20:18:41","slug":"six-raisons-qui-expliquent-la-victoire-electorale-de-donald-trump","status":"publish","type":"post","link":"https:\/\/vieassociative.be\/actualites\/six-raisons-qui-expliquent-la-victoire-electorale-de-donald-trump\/","title":{"rendered":"Six raisons qui expliquent la victoire \u00e9lectorale de Donald Trump"},"content":{"rendered":"<p><strong>Au-del\u00e0 des paillettes et des paillettes, il y a des millions d\u2019Am\u00e9ricains pour qui le pays le plus riche du monde ne travaille pas. Mais ils ne sont pas les seuls \u00e0 consid\u00e9rer Donald Trump comme le d\u00e9but d\u2019une nouvelle \u00e8re.<\/strong><\/p>\n<p><span id=\"more-401174\"><\/span>Pour de nombreuses personnes dans d\u2019autres pays, il peut \u00eatre difficile de comprendre pourquoi des millions d\u2019Am\u00e9ricains souhaitent revoir Donald Trump au gouvernement. Mais il y a des raisons :<\/p>\n<p><b>1. Le facteur personnel<\/b><\/p>\n<p>Bien que Donald Trump soit milliardaire et fasse partie de l\u2019\u00e9lite am\u00e9ricaine depuis des d\u00e9cennies, il semble accessible \u00e0 de nombreux citoyens am\u00e9ricains. Il parle comme le gars du bar qui laisse parfois \u00e9chapper un mauvais mot. Il dit librement ce qu&rsquo;il pense et peut \u00e9galement se mettre \u00e0 table. Et il est connu comme un combattant, et pas seulement depuis les tentatives d\u2019assassinat dont il a \u00e9t\u00e9 victime. Il semble que ce soient des qualit\u00e9s que les \u00e9lecteurs souhaitent \u00e9galement voir \u00e0 la Maison Blanche. En revanche, le professionnalisme de la vice-pr\u00e9sidente Kamala Harris et sa capacit\u00e9 \u00e0 rester concentr\u00e9e sont per\u00e7us par certains comme \u00e9litistes et inauthentiques.<\/p>\n<div id=\"attachment_401178\" class=\"wp-caption alignleft\" style=\"max-width: 300px\"><img fetchpriority=\"high\" decoding=\"async\" class=\"wp-image-401178 size-medium\" src=\"https:\/\/vieassociative.be\/actualites\/wp-content\/uploads\/2024\/11\/Six-raisons-qui-expliquent-la-victoire-electorale-de-Donald-Trump.jpg\" alt=\"\" width=\"300\" height=\"200\"><\/p>\n<p class=\"wp-caption-text\">5 novembre 2024, \u00c9tats-Unis, Washington DC : les \u00e9tudiants de l&rsquo;Universit\u00e9 Howard regardent les r\u00e9sultats des \u00e9lections en direct lors d&rsquo;une f\u00eate \u00e9lectorale \u00e0 l&rsquo;Universit\u00e9 Howard. Photo : Nathan Howard\/AP\/dpa<\/p>\n<\/div>\n<p>Rien de tout cela ne signifie que la plupart des Am\u00e9ricains aiment ou m\u00eame aiment Trump. En fait, les sondages sugg\u00e8rent que la majorit\u00e9 a une impression d\u00e9favorable de sa personnalit\u00e9. Pour ces gens-l\u00e0, Trump est souvent encore \u00e9lu. D\u2019une part, parce que certains ne veulent pas d\u2019un saint comme pr\u00e9sident. D\u2019autre part, parce que Trump repr\u00e9sente des positions qui leur tiennent \u00e0 c\u0153ur.<\/p>\n<p>La rh\u00e9torique apocalyptique des d\u00e9mocrates en faveur d&rsquo;un second mandat pour le criminel condamn\u00e9 Trump n&rsquo;a pas s\u00e9duit grand monde &#8211; apr\u00e8s tout, l&rsquo;homme de 78 ans \u00e9tait d\u00e9j\u00e0 \u00e0 la Maison Blanche depuis quatre ans et n&rsquo;a ni d\u00e9clench\u00e9 de guerre ni d\u00e9truit l&rsquo;\u00e9conomie am\u00e9ricaine. Les scandales, le chaos et les controverses de l\u2019\u00e9poque sont plus faciles \u00e0 ignorer.<\/p>\n<p><b>2. De l&rsquo;argent, de l&rsquo;argent, de l&rsquo;argent<\/b><\/p>\n<p>Aucune soci\u00e9t\u00e9 au monde n\u2019est peut-\u00eatre plus attach\u00e9e au turbo-capitalisme, qui s\u2019appuie fortement sur des march\u00e9s lib\u00e9ralis\u00e9s, une intervention minimale du gouvernement et l\u2019id\u00e9e de libre entreprise. Le th\u00e8me \u00ab \u00e9conomie \u00bb est toujours en t\u00eate de l\u2019agenda de nombreux \u00e9lecteurs. Mais pendant la campagne \u00e9lectorale, cela signifiait rarement une croissance (forte) ou l\u2019orientation g\u00e9n\u00e9rale de l\u2019\u00e9conomie. C&rsquo;\u00e9tait beaucoup plus simple : combien co\u00fbtent les yaourts, les \u0153ufs, les chips et la bi\u00e8re au supermarch\u00e9 &#8211; et combien co\u00fbte l&rsquo;essence ?<\/p>\n<p>En raison de la pand\u00e9mie du coronavirus, l\u2019inflation a fait grimper les prix, et pas seulement aux \u00c9tats-Unis. Chaque \u00e9lecteur a ressenti cela quotidiennement dans son portefeuille, m\u00eame si les salaires ont rattrap\u00e9 leur retard au fil du temps. Beaucoup ont bl\u00e2m\u00e9 les politiques \u00e9conomiques du pr\u00e9sident Joe Biden et de son adjoint Harris. Ils ont exprim\u00e9 leur frustration face \u00e0 leurs voix, faisant passer leurs finances personnelles avant des questions telles que les vertus personnelles ou les valeurs d\u00e9mocratiques.<\/p>\n<p><b>3. Les laiss\u00e9s pour compte<\/b><\/p>\n<p>La base la plus fid\u00e8le de Trump est principalement constitu\u00e9e d\u2019hommes blancs sans dipl\u00f4me universitaire. Les statistiques montrent qu&rsquo;en 1980, les revenus de ce groupe aux \u00c9tats-Unis \u00e9taient bien sup\u00e9rieurs \u00e0 la moyenne am\u00e9ricaine ; aujourd&rsquo;hui, ils sont bien en dessous. Dans une soci\u00e9t\u00e9 o\u00f9 l&rsquo;industrie technologique ou l&rsquo;industrie financi\u00e8re concentre encore plus l&rsquo;immense richesse du pays dans les m\u00e9tropoles, notamment sur les c\u00f4tes, le syst\u00e8me ne fonctionne plus pour les travailleurs des \u00c9tats autrefois industriels comme la Pennsylvanie.<\/p>\n<div id=\"attachment_401179\" class=\"wp-caption alignleft\" style=\"max-width: 300px\"><img decoding=\"async\" class=\"wp-image-401179 size-medium\" src=\"https:\/\/vieassociative.be\/actualites\/wp-content\/uploads\/2024\/11\/1730924321_867_Six-raisons-qui-expliquent-la-victoire-electorale-de-Donald-Trump.jpg\" alt=\"\" width=\"300\" height=\"214\"><\/p>\n<p class=\"wp-caption-text\">5 novembre 2024, \u00c9tats-Unis, Washington : un partisan de Trump en costume de Spider-Man se tient avec une banni\u00e8re pour Trump dans une rue pr\u00e8s de la Maison Blanche le soir des \u00e9lections am\u00e9ricaines. Photo : Probal Rashid\/Zuma Press Wire\/dpa<\/p>\n<\/div>\n<p>Mais Trump a d\u00e9sormais \u00e9galement progress\u00e9 parmi d\u2019autres groupes de population, notamment les Latinos, qui constituaient auparavant un groupe cible tr\u00e8s important pour les d\u00e9mocrates. Avec ce large bloc d\u2019\u00e9lecteurs d\u2019origine latino-am\u00e9ricaine, Harris n\u2019a pas pu obtenir un score aussi fort qu\u2019esp\u00e9r\u00e9. Et m\u00eame parmi les hommes noirs, le pr\u00e9sident sortant Joe Biden a obtenu de meilleurs r\u00e9sultats il y a quatre ans que son adjoint Harris, selon les premi\u00e8res donn\u00e9es.<\/p>\n<p><b>4. La peur du \u00ab statu quo \u00bb<\/b><\/p>\n<p>Aux \u00c9tats-Unis, il y a un dicton : il faut parfois casser des \u0153ufs pour faire frire une omelette. Signification\u00a0: il faut parfois casser des choses pour les r\u00e9parer. Harris \u00e9tait consid\u00e9r\u00e9 par beaucoup comme un candidat de l\u2019establishment. Trump, l\u2019homme anti-syst\u00e8me, a promis un changement radical pendant la campagne \u00e9lectorale : tout serait diff\u00e9rent sous sa pr\u00e9sidence, tandis que Harris, en tant que membre du gouvernement actuel, d\u00e9fendait le \u00ab statu quo \u00bb, tel \u00e9tait l\u2019argument.<\/p>\n<p>Cela a touch\u00e9 une corde sensible : nombreux sont ceux qui, aux \u00c9tats-Unis, ont l&rsquo;impression que quelque chose doit changer. Ils se sont sentis interpell\u00e9s lorsque Trump a d\u00e9crit sombrement les \u00c9tats-Unis comme un pays en d\u00e9clin envahi par les migrants. L&rsquo;homme de 78 ans semble avoir un instinct infaillible pour ce qui inqui\u00e8te les gens. Dans les sondages post-\u00e9lectoraux, 73 % de ses \u00e9lecteurs ont d\u00e9clar\u00e9 que la chose la plus importante \u00e0 leurs yeux \u00e9tait que Trump puisse apporter les changements n\u00e9cessaires.<\/p>\n<p>Harris, le vice-pr\u00e9sident, n\u2019a pas r\u00e9ussi \u00e0 se distancier suffisamment du pr\u00e9sident sortant Joe Biden. Elle n\u2019aurait pas fait grand-chose diff\u00e9remment au cours des quatre derni\u00e8res ann\u00e9es, a-t-elle d\u00e9clar\u00e9 pendant la campagne \u00e9lectorale. De plus, elle n&rsquo;avait pas beaucoup de temps pour se familiariser avec ses propres id\u00e9es. Il est fort possible que le d\u00e9bat \u00e9clate d\u00e9sormais parmi les d\u00e9mocrates sur la question de savoir si le retrait de Biden de la course \u00e0 la pr\u00e9sidentielle est arriv\u00e9 trop tard \u2013 et co\u00fbtera finalement sa victoire \u00e0 Harris.<\/p>\n<p><b>5. Aucune femme noire comme pr\u00e9sidente<\/b><\/p>\n<p>Il y a des couches de la population qui n\u2019imaginent toujours pas une femme diriger le pays le plus puissant du monde. Aux \u00c9tats-Unis, de plus en plus de femmes ont acc\u00e9d\u00e9 \u00e0 des postes de direction politique ces derni\u00e8res ann\u00e9es, par exemple en tant que gouverneures. Mais beaucoup de gens pensent diff\u00e9remment, en particulier dans les \u00c9tats du sud et dans d\u2019autres r\u00e9gions conservatrices et souvent rurales du pays. Dans ce qu\u2019on appelle la Bible Belt, le protestantisme \u00e9vang\u00e9lique fait partie int\u00e9grante de la culture \u2013 et le f\u00e9minisme est presque un gros mot pour beaucoup. Le fait que Harris n\u2019ait pas d\u2019enfants biologiques n\u2019y est pas non plus bien accueilli.<\/p>\n<div id=\"attachment_401137\" class=\"wp-caption alignleft\" style=\"max-width: 300px\"><img decoding=\"async\" class=\"wp-image-401137 size-medium\" src=\"https:\/\/vieassociative.be\/actualites\/wp-content\/uploads\/2024\/11\/1730881027_865_Trump-se-rapproche-de-la-victoire-a-lelection-presidentielle.jpg\" alt=\"\" width=\"300\" height=\"200\"><\/p>\n<p class=\"wp-caption-text\">6 novembre 2024, \u00c9tats-Unis, Washington : le campus de l&rsquo;Universit\u00e9 Howard apr\u00e8s la fin d&rsquo;un parti de campagne pour le candidat d\u00e9mocrate \u00e0 la vice-pr\u00e9sidence K. Harris, le mercredi 6 novembre 2024, \u00e0 Washington. Photo : Susan Walsh\/AP\/dpa<\/p>\n<\/div>\n<p>En outre, le racisme et la discrimination \u00e0 l&rsquo;\u00e9gard des Noirs et d&rsquo;autres minorit\u00e9s sont structurellement profond\u00e9ment enracin\u00e9s dans de nombreuses r\u00e9gions des \u00c9tats-Unis, comme le montrent \u00e0 plusieurs reprises les statistiques de tous les domaines de la soci\u00e9t\u00e9. Dans l\u2019ensemble, vous obtenez une sorte de chauvinisme raciste qui a peut-\u00eatre co\u00fbt\u00e9 des votes \u00e0 Harris. Trump a sp\u00e9cifiquement exploit\u00e9 ces ressentiments pendant la campagne \u00e9lectorale.<\/p>\n<p>Selon les sondages post-\u00e9lectoraux, Trump a re\u00e7u de loin plus de voix que Harris parmi les chr\u00e9tiens \u00e9vang\u00e9liques, les protestants et les catholiques. De nombreux \u00e9lecteurs de Trump ont fait d\u00e9pendre leur d\u00e9cision de vote de la personne en qui ils avaient confiance pour diriger. Pour les \u00e9lecteurs de Harris, par exemple, il \u00e9tait plus important de savoir qui avait un bon jugement.<\/p>\n<p><b>6. Les perspectives politiques mondiales<\/b><\/p>\n<p>Avant les \u00e9lections, on se demandait souvent si le conflit au Moyen-Orient allait co\u00fbter des voix aux d\u00e9mocrates. Pour de nombreux Am\u00e9ricains d\u2019origine juive, le soutien de Biden \u00e0 Isra\u00ebl n\u2019est pas all\u00e9 assez loin \u2013 et pour de nombreux citoyens d\u2019origine arabe, il est all\u00e9 trop loin. Cela se refl\u00e8te dans les sondages post-\u00e9lectoraux : une grande majorit\u00e9 des \u00e9lecteurs de Trump ont d\u00e9clar\u00e9 que les \u00c9tats-Unis devraient soutenir davantage Isra\u00ebl.<\/p>\n<p>Mais un facteur encore plus d\u00e9terminant aurait pu \u00eatre le facteur d\u00e9terminant dans la volont\u00e9 de Trump de maintenir les \u00c9tats-Unis \u00e0 l\u2019\u00e9cart des conflits internationaux. Il promet par exemple de mettre fin rapidement \u00e0 la guerre en Ukraine \u2013 avec probablement des cons\u00e9quences d\u00e9sastreuses pour le pays attaqu\u00e9 par la Russie. Ce que certains citoyens am\u00e9ricains constatent avant tout, c\u2019est qu\u2019une moindre partie de l\u2019argent de leurs imp\u00f4ts devra alors y aller. (dpa)<\/p>\n<p><em><strong>Sur le sujet, voir aussi l&rsquo;article suivant sur l&rsquo;OD :<\/strong><\/em><\/p>\n<div class=\"responsive-embed widescreen\">\n<blockquote class=\"wp-embedded-content\" data-secret=\"JCKzW5vc7W\">\n<p>Trump est de retour \u2013 plus d\u00e9cha\u00een\u00e9 et extr\u00eame que jamais<\/p>\n<\/blockquote>\n<p><iframe loading=\"lazy\" class=\"wp-embedded-content\" sandbox=\"allow-scripts\" security=\"restricted\" style=\"position: absolute; visibility: hidden;\" title=\"\u201eTrump ist zur\u00fcck \u2013 entfesselter und extremer denn je\u201c \u2014 Ostbelgien Direkt\" src=\"https:\/\/ostbelgiendirekt.be\/about:blank\" data-secret=\"JCKzW5vc7W\" width=\"500\" height=\"282\" frameborder=\"0\" marginwidth=\"0\" marginheight=\"0\" scrolling=\"no\" data-rocket-lazyload=\"fitvidscompatible\" data-lazy-src=\"https:\/\/ostbelgiendirekt.be\/trump-kehrt-zurueck-401153\/embed#?secret=8p9cahmU7o#?secret=JCKzW5vc7W\"><\/iframe><noscript><iframe class=\"wp-embedded-content\" sandbox=\"allow-scripts\" security=\"restricted\" style=\"position: absolute; visibility: hidden;\" title=\"\u201eTrump ist zur\u00fcck \u2013 entfesselter und extremer denn je\u201c \u2014 Ostbelgien Direkt\" src=\"https:\/\/ostbelgiendirekt.be\/trump-kehrt-zurueck-401153\/embed#?secret=8p9cahmU7o#?secret=JCKzW5vc7W\" data-secret=\"JCKzW5vc7W\" width=\"500\" height=\"282\" frameborder=\"0\" marginwidth=\"0\" marginheight=\"0\" scrolling=\"no\"><\/iframe><\/noscript><\/p>\n<\/div>\n","protected":false},"excerpt":{"rendered":"<p>Au-del\u00e0 des paillettes et des paillettes, il y a des millions d\u2019Am\u00e9ricains pour qui le pays le plus riche du monde ne travaille pas. Mais<\/p>\n","protected":false},"author":1,"featured_media":2110,"comment_status":"","ping_status":"","sticky":false,"template":"","format":"standard","meta":{"footnotes":""},"categories":[298],"tags":[2424,2842,2841,99,2692,2425,784],"class_list":["post-2109","post","type-post","status-publish","format-standard","has-post-thumbnail","hentry","category-belgique","tag-donald","tag-electorale","tag-expliquent","tag-qui","tag-raisons","tag-trump","tag-victoire","generate-columns","tablet-grid-50","mobile-grid-100","grid-parent","grid-33"],"yoast_head":"<!-- This site is optimized with the Yoast SEO plugin v24.0 - https:\/\/yoast.com\/wordpress\/plugins\/seo\/ -->\n<title>Six raisons qui expliquent la victoire \u00e9lectorale de Donald Trump | Vie Associative<\/title>\n<meta name=\"robots\" content=\"index, follow, max-snippet:-1, max-image-preview:large, max-video-preview:-1\" \/>\n<link rel=\"canonical\" href=\"https:\/\/vieassociative.be\/actualites\/six-raisons-qui-expliquent-la-victoire-electorale-de-donald-trump\/\" \/>\n<meta property=\"og:locale\" content=\"fr_FR\" \/>\n<meta property=\"og:type\" content=\"article\" \/>\n<meta property=\"og:title\" content=\"Six raisons qui expliquent la victoire \u00e9lectorale de Donald Trump | Vie Associative\" \/>\n<meta property=\"og:description\" content=\"Au-del\u00e0 des paillettes et des paillettes, il y a des millions d\u2019Am\u00e9ricains pour qui le pays le plus riche du monde ne travaille pas. Mais\" \/>\n<meta property=\"og:url\" content=\"https:\/\/vieassociative.be\/actualites\/six-raisons-qui-expliquent-la-victoire-electorale-de-donald-trump\/\" \/>\n<meta property=\"og:site_name\" content=\"Vie Associative\" \/>\n<meta property=\"article:published_time\" content=\"2024-11-06T20:18:41+00:00\" \/>\n<meta property=\"og:image\" content=\"https:\/\/vieassociative.be\/actualites\/wp-content\/uploads\/2024\/11\/Six-raisons-qui-expliquent-la-victoire-electorale-de-Donald-Trump.jpg\" \/>\n<meta name=\"author\" content=\"Julien\" \/>\n<meta name=\"twitter:card\" content=\"summary_large_image\" \/>\n<meta name=\"twitter:label1\" content=\"\u00c9crit par\" \/>\n\t<meta name=\"twitter:data1\" content=\"Julien\" \/>\n\t<meta name=\"twitter:label2\" content=\"Dur\u00e9e de lecture est.\" \/>\n\t<meta name=\"twitter:data2\" content=\"8 minutes\" \/>\n<script type=\"application\/ld+json\" class=\"yoast-schema-graph\">{\"@context\":\"https:\/\/schema.org\",\"@graph\":[{\"@type\":\"Article\",\"@id\":\"https:\/\/vieassociative.be\/actualites\/six-raisons-qui-expliquent-la-victoire-electorale-de-donald-trump\/#article\",\"isPartOf\":{\"@id\":\"https:\/\/vieassociative.be\/actualites\/six-raisons-qui-expliquent-la-victoire-electorale-de-donald-trump\/\"},\"author\":{\"name\":\"Julien\",\"@id\":\"https:\/\/vieassociative.be\/actualites\/#\/schema\/person\/b87ac4f82f9d4e7b7cec7395b679edc4\"},\"headline\":\"Six raisons qui expliquent la victoire \u00e9lectorale de Donald Trump\",\"datePublished\":\"2024-11-06T20:18:41+00:00\",\"dateModified\":\"2024-11-06T20:18:41+00:00\",\"mainEntityOfPage\":{\"@id\":\"https:\/\/vieassociative.be\/actualites\/six-raisons-qui-expliquent-la-victoire-electorale-de-donald-trump\/\"},\"wordCount\":1572,\"publisher\":{\"@id\":\"https:\/\/vieassociative.be\/actualites\/#organization\"},\"image\":{\"@id\":\"https:\/\/vieassociative.be\/actualites\/six-raisons-qui-expliquent-la-victoire-electorale-de-donald-trump\/#primaryimage\"},\"thumbnailUrl\":\"https:\/\/vieassociative.be\/actualites\/wp-content\/uploads\/2024\/11\/1730924321_Six-raisons-qui-expliquent-la-victoire-electorale-de-Donald-Trump.jpg\",\"keywords\":[\"Donald\",\"\u00e9lectorale\",\"expliquent\",\"qui\",\"raisons\",\"Trump\",\"victoire\"],\"articleSection\":[\"Belgique\"],\"inLanguage\":\"fr-BE\"},{\"@type\":\"WebPage\",\"@id\":\"https:\/\/vieassociative.be\/actualites\/six-raisons-qui-expliquent-la-victoire-electorale-de-donald-trump\/\",\"url\":\"https:\/\/vieassociative.be\/actualites\/six-raisons-qui-expliquent-la-victoire-electorale-de-donald-trump\/\",\"name\":\"Six raisons qui expliquent la victoire \u00e9lectorale de Donald Trump | Vie Associative\",\"isPartOf\":{\"@id\":\"https:\/\/vieassociative.be\/actualites\/#website\"},\"primaryImageOfPage\":{\"@id\":\"https:\/\/vieassociative.be\/actualites\/six-raisons-qui-expliquent-la-victoire-electorale-de-donald-trump\/#primaryimage\"},\"image\":{\"@id\":\"https:\/\/vieassociative.be\/actualites\/six-raisons-qui-expliquent-la-victoire-electorale-de-donald-trump\/#primaryimage\"},\"thumbnailUrl\":\"https:\/\/vieassociative.be\/actualites\/wp-content\/uploads\/2024\/11\/1730924321_Six-raisons-qui-expliquent-la-victoire-electorale-de-Donald-Trump.jpg\",\"datePublished\":\"2024-11-06T20:18:41+00:00\",\"dateModified\":\"2024-11-06T20:18:41+00:00\",\"breadcrumb\":{\"@id\":\"https:\/\/vieassociative.be\/actualites\/six-raisons-qui-expliquent-la-victoire-electorale-de-donald-trump\/#breadcrumb\"},\"inLanguage\":\"fr-BE\",\"potentialAction\":[{\"@type\":\"ReadAction\",\"target\":[\"https:\/\/vieassociative.be\/actualites\/six-raisons-qui-expliquent-la-victoire-electorale-de-donald-trump\/\"]}]},{\"@type\":\"ImageObject\",\"inLanguage\":\"fr-BE\",\"@id\":\"https:\/\/vieassociative.be\/actualites\/six-raisons-qui-expliquent-la-victoire-electorale-de-donald-trump\/#primaryimage\",\"url\":\"https:\/\/vieassociative.be\/actualites\/wp-content\/uploads\/2024\/11\/1730924321_Six-raisons-qui-expliquent-la-victoire-electorale-de-Donald-Trump.jpg\",\"contentUrl\":\"https:\/\/vieassociative.be\/actualites\/wp-content\/uploads\/2024\/11\/1730924321_Six-raisons-qui-expliquent-la-victoire-electorale-de-Donald-Trump.jpg\",\"width\":1200,\"height\":800,\"caption\":\"Six raisons qui expliquent la victoire \u00e9lectorale de Donald Trump\"},{\"@type\":\"BreadcrumbList\",\"@id\":\"https:\/\/vieassociative.be\/actualites\/six-raisons-qui-expliquent-la-victoire-electorale-de-donald-trump\/#breadcrumb\",\"itemListElement\":[{\"@type\":\"ListItem\",\"position\":1,\"name\":\"Accueil\",\"item\":\"https:\/\/vieassociative.be\/actualites\/\"},{\"@type\":\"ListItem\",\"position\":2,\"name\":\"Six raisons qui expliquent la victoire \u00e9lectorale de Donald Trump\"}]},{\"@type\":\"WebSite\",\"@id\":\"https:\/\/vieassociative.be\/actualites\/#website\",\"url\":\"https:\/\/vieassociative.be\/actualites\/\",\"name\":\"Vie Associative\",\"description\":\"\",\"publisher\":{\"@id\":\"https:\/\/vieassociative.be\/actualites\/#organization\"},\"potentialAction\":[{\"@type\":\"SearchAction\",\"target\":{\"@type\":\"EntryPoint\",\"urlTemplate\":\"https:\/\/vieassociative.be\/actualites\/?s={search_term_string}\"},\"query-input\":{\"@type\":\"PropertyValueSpecification\",\"valueRequired\":true,\"valueName\":\"search_term_string\"}}],\"inLanguage\":\"fr-BE\"},{\"@type\":\"Organization\",\"@id\":\"https:\/\/vieassociative.be\/actualites\/#organization\",\"name\":\"Vie Associative\",\"url\":\"https:\/\/vieassociative.be\/actualites\/\",\"logo\":{\"@type\":\"ImageObject\",\"inLanguage\":\"fr-BE\",\"@id\":\"https:\/\/vieassociative.be\/actualites\/#\/schema\/logo\/image\/\",\"url\":\"https:\/\/vieassociative.be\/actualites\/wp-content\/uploads\/2024\/09\/cropped-vieassociative_favicon.ico.png\",\"contentUrl\":\"https:\/\/vieassociative.be\/actualites\/wp-content\/uploads\/2024\/09\/cropped-vieassociative_favicon.ico.png\",\"width\":512,\"height\":512,\"caption\":\"Vie Associative\"},\"image\":{\"@id\":\"https:\/\/vieassociative.be\/actualites\/#\/schema\/logo\/image\/\"}},{\"@type\":\"Person\",\"@id\":\"https:\/\/vieassociative.be\/actualites\/#\/schema\/person\/b87ac4f82f9d4e7b7cec7395b679edc4\",\"name\":\"Julien\",\"image\":{\"@type\":\"ImageObject\",\"inLanguage\":\"fr-BE\",\"@id\":\"https:\/\/vieassociative.be\/actualites\/#\/schema\/person\/image\/\",\"url\":\"https:\/\/vieassociative.be\/actualites\/wp-content\/uploads\/2024\/09\/vie-associative-1-150x150.jpg\",\"contentUrl\":\"https:\/\/vieassociative.be\/actualites\/wp-content\/uploads\/2024\/09\/vie-associative-1-150x150.jpg\",\"caption\":\"Julien\"},\"description\":\"Je suis Julien, r\u00e9dacteur pour Vie Associative. Passionn\u00e9 par le monde associatif depuis plus de 10 ans, j'ai \u00e0 c\u0153ur de partager des histoires inspirantes et de mettre en lumi\u00e8re les initiatives locales. Mon objectif est de sensibiliser et d'encourager l'engagement communautaire \u00e0 travers mes articles.\",\"sameAs\":[\"https:\/\/vieassociative.be\/\"]}]}<\/script>\n<!-- \/ Yoast SEO plugin. -->","yoast_head_json":{"title":"Six raisons qui expliquent la victoire \u00e9lectorale de Donald Trump | Vie Associative","robots":{"index":"index","follow":"follow","max-snippet":"max-snippet:-1","max-image-preview":"max-image-preview:large","max-video-preview":"max-video-preview:-1"},"canonical":"https:\/\/vieassociative.be\/actualites\/six-raisons-qui-expliquent-la-victoire-electorale-de-donald-trump\/","og_locale":"fr_FR","og_type":"article","og_title":"Six raisons qui expliquent la victoire \u00e9lectorale de Donald Trump | Vie Associative","og_description":"Au-del\u00e0 des paillettes et des paillettes, il y a des millions d\u2019Am\u00e9ricains pour qui le pays le plus riche du monde ne travaille pas. Mais","og_url":"https:\/\/vieassociative.be\/actualites\/six-raisons-qui-expliquent-la-victoire-electorale-de-donald-trump\/","og_site_name":"Vie Associative","article_published_time":"2024-11-06T20:18:41+00:00","og_image":[{"url":"https:\/\/vieassociative.be\/actualites\/wp-content\/uploads\/2024\/11\/Six-raisons-qui-expliquent-la-victoire-electorale-de-Donald-Trump.jpg","type":"","width":"","height":""}],"author":"Julien","twitter_card":"summary_large_image","twitter_misc":{"\u00c9crit par":"Julien","Dur\u00e9e de lecture est.":"8 minutes"},"schema":{"@context":"https:\/\/schema.org","@graph":[{"@type":"Article","@id":"https:\/\/vieassociative.be\/actualites\/six-raisons-qui-expliquent-la-victoire-electorale-de-donald-trump\/#article","isPartOf":{"@id":"https:\/\/vieassociative.be\/actualites\/six-raisons-qui-expliquent-la-victoire-electorale-de-donald-trump\/"},"author":{"name":"Julien","@id":"https:\/\/vieassociative.be\/actualites\/#\/schema\/person\/b87ac4f82f9d4e7b7cec7395b679edc4"},"headline":"Six raisons qui expliquent la victoire \u00e9lectorale de Donald Trump","datePublished":"2024-11-06T20:18:41+00:00","dateModified":"2024-11-06T20:18:41+00:00","mainEntityOfPage":{"@id":"https:\/\/vieassociative.be\/actualites\/six-raisons-qui-expliquent-la-victoire-electorale-de-donald-trump\/"},"wordCount":1572,"publisher":{"@id":"https:\/\/vieassociative.be\/actualites\/#organization"},"image":{"@id":"https:\/\/vieassociative.be\/actualites\/six-raisons-qui-expliquent-la-victoire-electorale-de-donald-trump\/#primaryimage"},"thumbnailUrl":"https:\/\/vieassociative.be\/actualites\/wp-content\/uploads\/2024\/11\/1730924321_Six-raisons-qui-expliquent-la-victoire-electorale-de-Donald-Trump.jpg","keywords":["Donald","\u00e9lectorale","expliquent","qui","raisons","Trump","victoire"],"articleSection":["Belgique"],"inLanguage":"fr-BE"},{"@type":"WebPage","@id":"https:\/\/vieassociative.be\/actualites\/six-raisons-qui-expliquent-la-victoire-electorale-de-donald-trump\/","url":"https:\/\/vieassociative.be\/actualites\/six-raisons-qui-expliquent-la-victoire-electorale-de-donald-trump\/","name":"Six raisons qui expliquent la victoire \u00e9lectorale de Donald Trump | Vie Associative","isPartOf":{"@id":"https:\/\/vieassociative.be\/actualites\/#website"},"primaryImageOfPage":{"@id":"https:\/\/vieassociative.be\/actualites\/six-raisons-qui-expliquent-la-victoire-electorale-de-donald-trump\/#primaryimage"},"image":{"@id":"https:\/\/vieassociative.be\/actualites\/six-raisons-qui-expliquent-la-victoire-electorale-de-donald-trump\/#primaryimage"},"thumbnailUrl":"https:\/\/vieassociative.be\/actualites\/wp-content\/uploads\/2024\/11\/1730924321_Six-raisons-qui-expliquent-la-victoire-electorale-de-Donald-Trump.jpg","datePublished":"2024-11-06T20:18:41+00:00","dateModified":"2024-11-06T20:18:41+00:00","breadcrumb":{"@id":"https:\/\/vieassociative.be\/actualites\/six-raisons-qui-expliquent-la-victoire-electorale-de-donald-trump\/#breadcrumb"},"inLanguage":"fr-BE","potentialAction":[{"@type":"ReadAction","target":["https:\/\/vieassociative.be\/actualites\/six-raisons-qui-expliquent-la-victoire-electorale-de-donald-trump\/"]}]},{"@type":"ImageObject","inLanguage":"fr-BE","@id":"https:\/\/vieassociative.be\/actualites\/six-raisons-qui-expliquent-la-victoire-electorale-de-donald-trump\/#primaryimage","url":"https:\/\/vieassociative.be\/actualites\/wp-content\/uploads\/2024\/11\/1730924321_Six-raisons-qui-expliquent-la-victoire-electorale-de-Donald-Trump.jpg","contentUrl":"https:\/\/vieassociative.be\/actualites\/wp-content\/uploads\/2024\/11\/1730924321_Six-raisons-qui-expliquent-la-victoire-electorale-de-Donald-Trump.jpg","width":1200,"height":800,"caption":"Six raisons qui expliquent la victoire \u00e9lectorale de Donald Trump"},{"@type":"BreadcrumbList","@id":"https:\/\/vieassociative.be\/actualites\/six-raisons-qui-expliquent-la-victoire-electorale-de-donald-trump\/#breadcrumb","itemListElement":[{"@type":"ListItem","position":1,"name":"Accueil","item":"https:\/\/vieassociative.be\/actualites\/"},{"@type":"ListItem","position":2,"name":"Six raisons qui expliquent la victoire \u00e9lectorale de Donald Trump"}]},{"@type":"WebSite","@id":"https:\/\/vieassociative.be\/actualites\/#website","url":"https:\/\/vieassociative.be\/actualites\/","name":"Vie Associative","description":"","publisher":{"@id":"https:\/\/vieassociative.be\/actualites\/#organization"},"potentialAction":[{"@type":"SearchAction","target":{"@type":"EntryPoint","urlTemplate":"https:\/\/vieassociative.be\/actualites\/?s={search_term_string}"},"query-input":{"@type":"PropertyValueSpecification","valueRequired":true,"valueName":"search_term_string"}}],"inLanguage":"fr-BE"},{"@type":"Organization","@id":"https:\/\/vieassociative.be\/actualites\/#organization","name":"Vie Associative","url":"https:\/\/vieassociative.be\/actualites\/","logo":{"@type":"ImageObject","inLanguage":"fr-BE","@id":"https:\/\/vieassociative.be\/actualites\/#\/schema\/logo\/image\/","url":"https:\/\/vieassociative.be\/actualites\/wp-content\/uploads\/2024\/09\/cropped-vieassociative_favicon.ico.png","contentUrl":"https:\/\/vieassociative.be\/actualites\/wp-content\/uploads\/2024\/09\/cropped-vieassociative_favicon.ico.png","width":512,"height":512,"caption":"Vie Associative"},"image":{"@id":"https:\/\/vieassociative.be\/actualites\/#\/schema\/logo\/image\/"}},{"@type":"Person","@id":"https:\/\/vieassociative.be\/actualites\/#\/schema\/person\/b87ac4f82f9d4e7b7cec7395b679edc4","name":"Julien","image":{"@type":"ImageObject","inLanguage":"fr-BE","@id":"https:\/\/vieassociative.be\/actualites\/#\/schema\/person\/image\/","url":"https:\/\/vieassociative.be\/actualites\/wp-content\/uploads\/2024\/09\/vie-associative-1-150x150.jpg","contentUrl":"https:\/\/vieassociative.be\/actualites\/wp-content\/uploads\/2024\/09\/vie-associative-1-150x150.jpg","caption":"Julien"},"description":"Je suis Julien, r\u00e9dacteur pour Vie Associative. Passionn\u00e9 par le monde associatif depuis plus de 10 ans, j'ai \u00e0 c\u0153ur de partager des histoires inspirantes et de mettre en lumi\u00e8re les initiatives locales. Mon objectif est de sensibiliser et d'encourager l'engagement communautaire \u00e0 travers mes articles.","sameAs":["https:\/\/vieassociative.be\/"]}]}},"_links":{"self":[{"href":"https:\/\/vieassociative.be\/actualites\/wp-json\/wp\/v2\/posts\/2109"}],"collection":[{"href":"https:\/\/vieassociative.be\/actualites\/wp-json\/wp\/v2\/posts"}],"about":[{"href":"https:\/\/vieassociative.be\/actualites\/wp-json\/wp\/v2\/types\/post"}],"author":[{"embeddable":true,"href":"https:\/\/vieassociative.be\/actualites\/wp-json\/wp\/v2\/users\/1"}],"replies":[{"embeddable":true,"href":"https:\/\/vieassociative.be\/actualites\/wp-json\/wp\/v2\/comments?post=2109"}],"version-history":[{"count":0,"href":"https:\/\/vieassociative.be\/actualites\/wp-json\/wp\/v2\/posts\/2109\/revisions"}],"wp:featuredmedia":[{"embeddable":true,"href":"https:\/\/vieassociative.be\/actualites\/wp-json\/wp\/v2\/media\/2110"}],"wp:attachment":[{"href":"https:\/\/vieassociative.be\/actualites\/wp-json\/wp\/v2\/media?parent=2109"}],"wp:term":[{"taxonomy":"category","embeddable":true,"href":"https:\/\/vieassociative.be\/actualites\/wp-json\/wp\/v2\/categories?post=2109"},{"taxonomy":"post_tag","embeddable":true,"href":"https:\/\/vieassociative.be\/actualites\/wp-json\/wp\/v2\/tags?post=2109"}],"curies":[{"name":"wp","href":"https:\/\/api.w.org\/{rel}","templated":true}]}}