{"id":2099,"date":"2024-11-06T15:18:25","date_gmt":"2024-11-06T14:18:25","guid":{"rendered":"https:\/\/vieassociative.be\/actualites\/trump-est-de-retour-plus-dechaine-et-extreme-que-jamais\/"},"modified":"2024-11-06T15:18:25","modified_gmt":"2024-11-06T14:18:25","slug":"trump-est-de-retour-plus-dechaine-et-extreme-que-jamais","status":"publish","type":"post","link":"https:\/\/vieassociative.be\/actualites\/trump-est-de-retour-plus-dechaine-et-extreme-que-jamais\/","title":{"rendered":"Trump est de retour \u2013 plus d\u00e9cha\u00een\u00e9 et extr\u00eame que jamais"},"content":{"rendered":"<p><strong>Lors de son premier mandat, Donald Trump a tenu en haleine les \u00c9tats-Unis et le monde. Il revient maintenant, plus d\u00e9cha\u00een\u00e9 et plus extr\u00eame que jamais. Avec des cons\u00e9quences dramatiques.<\/strong><\/p>\n<p><span id=\"more-401153\"><\/span>La satisfaction de Donald Trump est inscrite sur son visage. \u00ab\u00a0C&rsquo;est une victoire politique comme notre pays n&rsquo;en a jamais connu\u00a0\u00bb, crie le r\u00e9publicain \u00e0 ses partisans dans un centre de conf\u00e9rence de l&rsquo;Etat de Floride. Il monte sur sc\u00e8ne entour\u00e9 de sa famille et de son colistier JD Vance, c\u00e9l\u00e8bre et promet un avenir prosp\u00e8re pour le pays : \u00ab Ce sera v\u00e9ritablement l\u2019\u00e2ge d\u2019or de l\u2019Am\u00e9rique. \u00bb<\/p>\n<p>La cha\u00eene Fox News, affili\u00e9e \u00e0 Trump, l&rsquo;avait r\u00e9cemment proclam\u00e9 vainqueur de l&rsquo;\u00e9lection pr\u00e9sidentielle. D&rsquo;autres cha\u00eenes et l&rsquo;agence de presse AP suivent quelques heures plus tard. C\u2019est seulement alors qu\u2019il y aura une certitude \u2013 et beaucoup de gens se r\u00e9veilleront le lendemain des \u00e9lections dans une autre Am\u00e9rique et dans un autre monde.<\/p>\n<div id=\"attachment_401156\" class=\"wp-caption alignleft\" style=\"max-width: 300px\"><img fetchpriority=\"high\" decoding=\"async\" class=\"wp-image-401156 size-medium\" src=\"https:\/\/vieassociative.be\/actualites\/wp-content\/uploads\/2024\/11\/Trump-est-de-retour-\u2013-plus-dechaine-et-extreme-que.jpg\" alt=\"\" width=\"300\" height=\"200\"><\/p>\n<p class=\"wp-caption-text\">06.11.2024, \u00c9tats-Unis, West Palm Beach : le candidat r\u00e9publicain \u00e0 la pr\u00e9sidence et ancien pr\u00e9sident Donald Trump se pr\u00e9sente \u00e0 un parti \u00e9lectoral au Palm Beach Convention Center \u00e0 West Palm Beach, Floride, le mercredi 6 novembre 2024. Photo : Julia Demar\u00e9e Nikhinson\/AP<\/p>\n<\/div>\n<p><strong>\u2013 La grosse surprise du soir des \u00e9lections :<\/strong> En fait, tout ressemblait \u00e0 une course extr\u00eamement serr\u00e9e entre lui et la d\u00e9mocrate Kamala Harris \u2013 et apr\u00e8s des jours d&rsquo;inqui\u00e9tude pour le pays. Mais finalement tout s\u2019est pass\u00e9 tr\u00e8s vite. Trump a fait une perc\u00e9e inattendue, remportant un swing state apr\u00e8s l&rsquo;autre, puis se d\u00e9clarant vainqueur le soir des \u00e9lections &#8211; apr\u00e8s le freestyle de Fox News et avant que le r\u00e9sultat ne soit vraiment clair.<\/p>\n<p>Avec Trump, un criminel reconnu coupable acc\u00e8de \u00e0 la plus haute fonction de l\u2019\u00c9tat pour la premi\u00e8re fois dans l\u2019histoire des \u00c9tats-Unis. Une seconde pr\u00e9sidence Trump a des cons\u00e9quences dramatiques : les Am\u00e9ricains doivent s\u2019inqui\u00e9ter pour leur d\u00e9mocratie, les Ukrainiens doivent s\u2019inqui\u00e9ter de l\u2019existence de leur pays, les Europ\u00e9ens doivent s\u2019inqui\u00e9ter de la s\u00e9curit\u00e9 de leur continent et les peuples de l\u2019Occident global doivent s\u2019inqui\u00e9ter du pouvoir. structure du monde.<\/p>\n<p><strong>\u2013 Trump plus s\u00fbr de lui et plus impitoyable que jamais :<\/strong> Les \u00c9tats-Unis et le monde peuvent se pr\u00e9parer \u00e0 un Donald Trump d\u00e9cha\u00een\u00e9 : plus confiant et impitoyable que jamais. Et encore plus extr\u00eame et impr\u00e9visible que lors de son premier mandat. Le r\u00e9publicain avait d\u00e9j\u00e0 rompu avec presque toutes les conventions, d\u00e9clench\u00e9 de graves bouleversements internationaux et amen\u00e9 le syst\u00e8me constitutionnel am\u00e9ricain au bord de l\u2019effondrement.<\/p>\n<p>Depuis qu&rsquo;il a quitt\u00e9 ses fonctions, il a surv\u00e9cu indemne \u00e0 une multitude de scandales, d&rsquo;affaires et de d\u00e9sastres juridiques qui auraient co\u00fbt\u00e9 \u00e0 n&rsquo;importe qui d&rsquo;autre sa carri\u00e8re politique depuis longtemps. Au cours de son nouveau mandat, il ne devrait donc plus h\u00e9siter \u00e0 franchir de nouvelles fronti\u00e8res et \u00e0 briser les tabous.<\/p>\n<p>En m\u00eame temps, Trump a vieilli. Durant la campagne \u00e9lectorale, l&rsquo;homme de 78 ans s&rsquo;est montr\u00e9 parfois encore plus erratique que lors de son passage au gouvernement, pronon\u00e7ant parfois des monologues incoh\u00e9rents, des tirades interminables d&rsquo;insultes et d&rsquo;insultes dans tous les sens \u2013 notamment des attaques racistes et d\u00e9shumanisantes contre les migrants.<\/p>\n<div id=\"attachment_391481\" class=\"wp-caption alignleft\" style=\"max-width: 300px\"><img decoding=\"async\" class=\"wp-image-391481 size-medium\" src=\"https:\/\/vieassociative.be\/actualites\/wp-content\/uploads\/2024\/11\/1730902705_140_Trump-est-de-retour-\u2013-plus-dechaine-et-extreme-que.jpg\" alt=\"\" width=\"300\" height=\"200\"><\/p>\n<p class=\"wp-caption-text\">9 juillet 2024, \u00c9tats-Unis, Doral : l&rsquo;ancien pr\u00e9sident am\u00e9ricain Donald Trump vient \u00e0 un \u00e9v\u00e9nement de campagne au Trump National Doral Miami. Photo : Rebecca Blackwell\/AP\/dpa<\/p>\n<\/div>\n<p>Trump est all\u00e9 encore plus loin ces derni\u00e8res ann\u00e9es. Et lors d&rsquo;un second mandat, il n&rsquo;aura probablement plus \u00e0 ses c\u00f4t\u00e9s de nombreux r\u00e9publicains mod\u00e9r\u00e9s qui exercent une influence mod\u00e9ratrice sur lui &#8211; mais surtout des conservateurs radicaux qui ne feront que l&rsquo;encourager dans des positions extr\u00eames. Le candidat de la ligne dure Richard Grenell, qui a offens\u00e9 son attitude enrag\u00e9e en tant qu&rsquo;ambassadeur en Allemagne, est en discussion au poste de ministre des Affaires \u00e9trang\u00e8res.<\/p>\n<p><strong>\u2013 Ce que fait Trump :<\/strong> Trump a un programme radical pour sa deuxi\u00e8me campagne \u00e0 la Maison Blanche. Il pr\u00e9voit la \u00ab plus grande op\u00e9ration d\u2019expulsion de l\u2019histoire am\u00e9ricaine \u00bb pour chasser \u00e0 grande \u00e9chelle les migrants du pays. Il veut par exemple supprimer le minist\u00e8re de l\u2019\u00c9ducation, gracier les auteurs de l\u2019attaque du Capitole, assainir l\u2019appareil d\u2019\u00c9tat et se venger des opposants politiques.<\/p>\n<p>Le R\u00e9publicain flirte avec le fait qu\u2019il ne veut \u00eatre un \u00ab dictateur \u00bb que le premier jour d\u2019un second mandat, et en fait, les \u00c9tats-Unis pourraient d\u00e9velopper des traits autocratiques sous sa direction. Il a souvent menac\u00e9 de repr\u00e9sailles ses opposants, les journalistes et les m\u00e9dias. Il s\u2019est m\u00eame r\u00e9cemment prononc\u00e9 en faveur de l\u2019utilisation de l\u2019arm\u00e9e contre les \u00ab ennemis int\u00e9rieurs \u00bb, c\u2019est-\u00e0-dire contre les citoyens am\u00e9ricains, \u00e0 savoir contre les \u00ab fous radicaux de gauche \u00bb. Il a cit\u00e9 en exemple d\u2019\u00e9minents d\u00e9mocrates.<\/p>\n<p>Et \u00e0 l\u2019international ? Trump affirme, entre autres, qu\u2019il pourrait mettre fin \u00e0 la guerre en Ukraine dans les 24 heures et r\u00e9soudre en un rien de temps le conflit du Moyen-Orient. Dans le m\u00eame temps, il menace de r\u00e9duire consid\u00e9rablement, voire d&rsquo;arr\u00eater compl\u00e8tement, l&rsquo;\u00e9norme aide militaire am\u00e9ricaine \u00e0 l&rsquo;Ukraine, de donner carte blanche au pr\u00e9sident russe Vladimir Poutine dans ses conqu\u00eates dans le voisinage et de refuser le soutien militaire aux autres \u00c9tats de l&rsquo;OTAN en cas de conflit. une attaque.<\/p>\n<div id=\"attachment_396946\" class=\"wp-caption alignleft\" style=\"max-width: 300px\"><img decoding=\"async\" class=\"wp-image-396946 size-medium\" src=\"https:\/\/vieassociative.be\/actualites\/wp-content\/uploads\/2024\/11\/1730902705_250_Trump-est-de-retour-\u2013-plus-dechaine-et-extreme-que.jpg\" alt=\"\" width=\"300\" height=\"200\"><\/p>\n<p class=\"wp-caption-text\">05\/25\/2023, \u00c9tats-Unis, Sterling : Donald Trump, ancien pr\u00e9sident des \u00c9tats-Unis, gestes lors du LIV Golf Pro-Am au Trump National Golf Club. Photo : Alex Brandon\/AP\/dpa<\/p>\n<\/div>\n<p>Trump aime se pr\u00e9senter comme l\u2019homme fort avec lequel personne ne veut s\u2019en prendre au niveau international et dont les autocrates d\u2019autres r\u00e9gions du monde ont tout simplement peur. En fait, il est avant tout une chose : instable et impr\u00e9visible. Les chefs d\u2019\u00c9tat et de gouvernement du monde entier ont d\u00fb y faire face au cours de son premier mandat. Et maintenant, ils doivent recommencer \u2013 avec des cons\u00e9quences impr\u00e9visibles. L\u2019Europe et l\u2019OTAN doivent \u00eatre accus\u00e9es de nier depuis trop longtemps la possibilit\u00e9 d\u2019un retour de Trump et de ne pas s\u2019y pr\u00e9parer suffisamment.<\/p>\n<p><strong>\u2013 Les Intouchables :<\/strong> Apr\u00e8s l\u2019attaque du Capitole am\u00e9ricain par les partisans de Trump au d\u00e9but de l\u2019ann\u00e9e 2021, il a sembl\u00e9 pendant un bref instant que le r\u00e9publicain s\u2019\u00e9tait d\u00e9finitivement disqualifi\u00e9 de toute fonction d\u2019\u00c9tat. \u00c0 cette \u00e9poque, m\u00eame ses fid\u00e8les compagnons gardaient d&rsquo;abord leurs distances avec lui, mais peu \u00e0 peu, les uns apr\u00e8s les autres, revinrent \u00e0 ses c\u00f4t\u00e9s. Trump a trop de contr\u00f4le sur la base.<\/p>\n<p>Ces derni\u00e8res ann\u00e9es, Trump a prouv\u00e9 que rien, absolument rien, ne pouvait lui nuire politiquement. Pas le chaos de son mandat, pas la proc\u00e9dure de destitution, pas son attaque contre la d\u00e9mocratie, pas les multiples inculpations, pas la condamnation dans une affaire p\u00e9nale, pas un scandale, pas une insulte publique &#8211; aussi raciste, sexiste ou vulgaire soit-elle. peut \u00eatre. Rien.<\/p>\n<p><strong>\u2013 Le grand pourquoi :<\/strong> Les Am\u00e9ricains ont quand m\u00eame vot\u00e9 pour lui \u2013 ou pr\u00e9cis\u00e9ment \u00e0 cause de cela. Le fait que Trump ait une fois de plus r\u00e9ussi avec une campagne fond\u00e9e principalement sur la haine et l\u2019alarmisme en dit long sur l\u2019\u00e9tat de la soci\u00e9t\u00e9 am\u00e9ricaine. Certains ont vot\u00e9 pour lui par frustration, d&rsquo;autres par conviction, d&rsquo;autres encore pour une seule raison politique &#8211; par exemple \u00e0 cause de sa politique \u00e9conomique, pour laquelle ils ignorent g\u00e9n\u00e9reusement le reste.<\/p>\n<p>La forte inflation \u00e9tait une pr\u00e9occupation particuli\u00e8re pour de nombreux \u00e9lecteurs. Les Am\u00e9ricains faisaient davantage confiance \u00e0 Trump en mati\u00e8re d\u2019\u00e9conomie et pla\u00e7aient ainsi leurs propres finances au-dessus des vertus humaines des candidats.<\/p>\n<div id=\"attachment_396390\" class=\"wp-caption alignleft\" style=\"max-width: 300px\"><img loading=\"lazy\" decoding=\"async\" class=\"wp-image-396390 size-medium\" src=\"https:\/\/vieassociative.be\/actualites\/wp-content\/uploads\/2024\/11\/1730427423_50_Voici-comment-se-deroulent-les-elections-aux-Etats-Unis-Questions-et.jpg\" alt=\"\" width=\"300\" height=\"200\"><\/p>\n<p class=\"wp-caption-text\">10 septembre 2024, \u00c9tats-Unis, Philadelphie : le candidat r\u00e9publicain \u00e0 la pr\u00e9sidence et ancien pr\u00e9sident am\u00e9ricain Donald Trump, serre la main avec la candidate d\u00e9mocrate \u00e0 la vice-pr\u00e9sidence Kamala Harris lors d&rsquo;un d\u00e9bat pr\u00e9sidentiel d&rsquo;ABC News au National Constitution Center. Photo : Alex Brandon\/AP<\/p>\n<\/div>\n<p>Harris n\u2019a pas r\u00e9ussi \u00e0 convaincre de nombreuses personnes avec ses avertissements sur les ambitions dictatoriales de Trump et sur la question cl\u00e9 de l\u2019avortement. Elle a d\u00fb composer avec le fait qu&rsquo;elle restait plut\u00f4t invisible en tant que vice-pr\u00e9sidente et que la mauvaise popularit\u00e9 du pr\u00e9sident sortant Joe Biden a \u00e9galement d\u00e9teint sur elle.<\/p>\n<p>Harris a r\u00e9ussi \u00e0 marquer plus de points aupr\u00e8s des femmes que Trump, mais \u00e0 peine plus que Biden il y a quatre ans. Trump, \u00e0 son tour, a fait mieux que pr\u00e9vu parmi les Noirs et les Latinos \u2013 malgr\u00e9 toute l\u2019agitation contre les minorit\u00e9s et les migrants. Parmi les Latinos, par exemple, selon les premi\u00e8res analyses \u00e9lectorales de CNN, il avait douze points de pourcentage d&rsquo;avance sur Harris. Et la tentative d&rsquo;assassinat contre lui \u00e0 la mi-juillet, \u00e0 laquelle il a surv\u00e9cu de justesse, n&rsquo;a fait que le rendre politiquement plus fort dans la campagne \u00e9lectorale.<\/p>\n<p>Celui qui, en tant que 45e pr\u00e9sident des \u00c9tats-Unis, mena\u00e7ait de se retirer de l\u2019OTAN, voulait acheter le Groenland et sugg\u00e9rait de lutter contre le coronavirus en injectant de l\u2019eau de Javel dans le corps humain, acc\u00e8de \u00e0 nouveau \u00e0 la fonction la plus puissante du monde.<\/p>\n<p>Aux \u00c9tats-Unis, quelqu\u2019un peut \u00eatre pr\u00e9sident pendant deux mandats, cons\u00e9cutifs ou non. Trump n\u2019aura donc \u00ab que \u00bb quatre ann\u00e9es suppl\u00e9mentaires \u00e0 la Maison Blanche. Cependant, il a prouv\u00e9 au cours de son premier mandat que cela suffisait pour renverser le pays \u2013 et le monde \u2013. (dpa)<\/p>\n<p><em><strong>Sur le sujet, voir aussi l&rsquo;article suivant sur l&rsquo;OD :<\/strong><\/em><\/p>\n<div class=\"responsive-embed widescreen\">\n<blockquote class=\"wp-embedded-content\" data-secret=\"BqaCJs2ROg\">\n<p>Diffuseur : Trump remporte l\u2019\u00e9lection pr\u00e9sidentielle am\u00e9ricaine<\/p>\n<\/blockquote>\n<p><iframe loading=\"lazy\" class=\"wp-embedded-content\" sandbox=\"allow-scripts\" security=\"restricted\" style=\"position: absolute; visibility: hidden;\" title=\"\u201eSender: Trump gewinnt US-Pr\u00e4sidentschaftswahl\u201c \u2014 Ostbelgien Direkt\" src=\"https:\/\/ostbelgiendirekt.be\/about:blank\" data-secret=\"BqaCJs2ROg\" width=\"500\" height=\"282\" frameborder=\"0\" marginwidth=\"0\" marginheight=\"0\" scrolling=\"no\" data-rocket-lazyload=\"fitvidscompatible\" data-lazy-src=\"https:\/\/ostbelgiendirekt.be\/us-praesidentenwahl-2024-401128\/embed#?secret=p4cWOTF6pc#?secret=BqaCJs2ROg\"><\/iframe><noscript><iframe class=\"wp-embedded-content\" sandbox=\"allow-scripts\" security=\"restricted\" style=\"position: absolute; visibility: hidden;\" title=\"\u201eSender: Trump gewinnt US-Pr\u00e4sidentschaftswahl\u201c \u2014 Ostbelgien Direkt\" src=\"https:\/\/ostbelgiendirekt.be\/us-praesidentenwahl-2024-401128\/embed#?secret=p4cWOTF6pc#?secret=BqaCJs2ROg\" data-secret=\"BqaCJs2ROg\" width=\"500\" height=\"282\" frameborder=\"0\" marginwidth=\"0\" marginheight=\"0\" scrolling=\"no\"><\/iframe><\/noscript><\/p>\n<\/div>\n","protected":false},"excerpt":{"rendered":"<p>Lors de son premier mandat, Donald Trump a tenu en haleine les \u00c9tats-Unis et le monde. Il revient maintenant, plus d\u00e9cha\u00een\u00e9 et plus extr\u00eame que<\/p>\n","protected":false},"author":1,"featured_media":2100,"comment_status":"","ping_status":"","sticky":false,"template":"","format":"standard","meta":{"footnotes":""},"categories":[298],"tags":[2837,76,1139,851,787,2425],"class_list":["post-2099","post","type-post","status-publish","format-standard","has-post-thumbnail","hentry","category-belgique","tag-dechaine","tag-est","tag-extreme","tag-jamais","tag-retour","tag-trump","generate-columns","tablet-grid-50","mobile-grid-100","grid-parent","grid-33"],"yoast_head":"<!-- This site is optimized with the Yoast SEO plugin v24.0 - https:\/\/yoast.com\/wordpress\/plugins\/seo\/ -->\n<title>Trump est de retour \u2013 plus d\u00e9cha\u00een\u00e9 et extr\u00eame que jamais | Vie Associative<\/title>\n<meta name=\"robots\" content=\"index, follow, max-snippet:-1, max-image-preview:large, max-video-preview:-1\" \/>\n<link rel=\"canonical\" href=\"https:\/\/vieassociative.be\/actualites\/trump-est-de-retour-plus-dechaine-et-extreme-que-jamais\/\" \/>\n<meta property=\"og:locale\" content=\"fr_FR\" \/>\n<meta property=\"og:type\" content=\"article\" \/>\n<meta property=\"og:title\" content=\"Trump est de retour \u2013 plus d\u00e9cha\u00een\u00e9 et extr\u00eame que jamais | Vie Associative\" \/>\n<meta property=\"og:description\" content=\"Lors de son premier mandat, Donald Trump a tenu en haleine les \u00c9tats-Unis et le monde. Il revient maintenant, plus d\u00e9cha\u00een\u00e9 et plus extr\u00eame que\" \/>\n<meta property=\"og:url\" content=\"https:\/\/vieassociative.be\/actualites\/trump-est-de-retour-plus-dechaine-et-extreme-que-jamais\/\" \/>\n<meta property=\"og:site_name\" content=\"Vie Associative\" \/>\n<meta property=\"article:published_time\" content=\"2024-11-06T14:18:25+00:00\" \/>\n<meta property=\"og:image\" content=\"https:\/\/vieassociative.be\/actualites\/wp-content\/uploads\/2024\/11\/1730427423_50_Voici-comment-se-deroulent-les-elections-aux-Etats-Unis-Questions-et.jpg\" \/>\n<meta name=\"author\" content=\"Julien\" \/>\n<meta name=\"twitter:card\" content=\"summary_large_image\" \/>\n<meta name=\"twitter:label1\" content=\"\u00c9crit par\" \/>\n\t<meta name=\"twitter:data1\" content=\"Julien\" \/>\n\t<meta name=\"twitter:label2\" content=\"Dur\u00e9e de lecture est.\" \/>\n\t<meta name=\"twitter:data2\" content=\"8 minutes\" \/>\n<script type=\"application\/ld+json\" class=\"yoast-schema-graph\">{\"@context\":\"https:\/\/schema.org\",\"@graph\":[{\"@type\":\"Article\",\"@id\":\"https:\/\/vieassociative.be\/actualites\/trump-est-de-retour-plus-dechaine-et-extreme-que-jamais\/#article\",\"isPartOf\":{\"@id\":\"https:\/\/vieassociative.be\/actualites\/trump-est-de-retour-plus-dechaine-et-extreme-que-jamais\/\"},\"author\":{\"name\":\"Julien\",\"@id\":\"https:\/\/vieassociative.be\/actualites\/#\/schema\/person\/b87ac4f82f9d4e7b7cec7395b679edc4\"},\"headline\":\"Trump est de retour \u2013 plus d\u00e9cha\u00een\u00e9 et extr\u00eame que jamais\",\"datePublished\":\"2024-11-06T14:18:25+00:00\",\"dateModified\":\"2024-11-06T14:18:25+00:00\",\"mainEntityOfPage\":{\"@id\":\"https:\/\/vieassociative.be\/actualites\/trump-est-de-retour-plus-dechaine-et-extreme-que-jamais\/\"},\"wordCount\":1719,\"publisher\":{\"@id\":\"https:\/\/vieassociative.be\/actualites\/#organization\"},\"image\":{\"@id\":\"https:\/\/vieassociative.be\/actualites\/trump-est-de-retour-plus-dechaine-et-extreme-que-jamais\/#primaryimage\"},\"thumbnailUrl\":\"https:\/\/vieassociative.be\/actualites\/wp-content\/uploads\/2024\/11\/1730902705_Trump-est-de-retour-\u2013-plus-dechaine-et-extreme-que.jpg\",\"keywords\":[\"d\u00e9cha\u00een\u00e9\",\"est\",\"Extreme\",\"jamais\",\"retour\",\"Trump\"],\"articleSection\":[\"Belgique\"],\"inLanguage\":\"fr-BE\"},{\"@type\":\"WebPage\",\"@id\":\"https:\/\/vieassociative.be\/actualites\/trump-est-de-retour-plus-dechaine-et-extreme-que-jamais\/\",\"url\":\"https:\/\/vieassociative.be\/actualites\/trump-est-de-retour-plus-dechaine-et-extreme-que-jamais\/\",\"name\":\"Trump est de retour \u2013 plus d\u00e9cha\u00een\u00e9 et extr\u00eame que jamais | Vie Associative\",\"isPartOf\":{\"@id\":\"https:\/\/vieassociative.be\/actualites\/#website\"},\"primaryImageOfPage\":{\"@id\":\"https:\/\/vieassociative.be\/actualites\/trump-est-de-retour-plus-dechaine-et-extreme-que-jamais\/#primaryimage\"},\"image\":{\"@id\":\"https:\/\/vieassociative.be\/actualites\/trump-est-de-retour-plus-dechaine-et-extreme-que-jamais\/#primaryimage\"},\"thumbnailUrl\":\"https:\/\/vieassociative.be\/actualites\/wp-content\/uploads\/2024\/11\/1730902705_Trump-est-de-retour-\u2013-plus-dechaine-et-extreme-que.jpg\",\"datePublished\":\"2024-11-06T14:18:25+00:00\",\"dateModified\":\"2024-11-06T14:18:25+00:00\",\"breadcrumb\":{\"@id\":\"https:\/\/vieassociative.be\/actualites\/trump-est-de-retour-plus-dechaine-et-extreme-que-jamais\/#breadcrumb\"},\"inLanguage\":\"fr-BE\",\"potentialAction\":[{\"@type\":\"ReadAction\",\"target\":[\"https:\/\/vieassociative.be\/actualites\/trump-est-de-retour-plus-dechaine-et-extreme-que-jamais\/\"]}]},{\"@type\":\"ImageObject\",\"inLanguage\":\"fr-BE\",\"@id\":\"https:\/\/vieassociative.be\/actualites\/trump-est-de-retour-plus-dechaine-et-extreme-que-jamais\/#primaryimage\",\"url\":\"https:\/\/vieassociative.be\/actualites\/wp-content\/uploads\/2024\/11\/1730902705_Trump-est-de-retour-\u2013-plus-dechaine-et-extreme-que.jpg\",\"contentUrl\":\"https:\/\/vieassociative.be\/actualites\/wp-content\/uploads\/2024\/11\/1730902705_Trump-est-de-retour-\u2013-plus-dechaine-et-extreme-que.jpg\",\"width\":1200,\"height\":802,\"caption\":\"Trump est de retour \u2013 plus d\u00e9cha\u00een\u00e9 et extr\u00eame que jamais\"},{\"@type\":\"BreadcrumbList\",\"@id\":\"https:\/\/vieassociative.be\/actualites\/trump-est-de-retour-plus-dechaine-et-extreme-que-jamais\/#breadcrumb\",\"itemListElement\":[{\"@type\":\"ListItem\",\"position\":1,\"name\":\"Accueil\",\"item\":\"https:\/\/vieassociative.be\/actualites\/\"},{\"@type\":\"ListItem\",\"position\":2,\"name\":\"Trump est de retour \u2013 plus d\u00e9cha\u00een\u00e9 et extr\u00eame que jamais\"}]},{\"@type\":\"WebSite\",\"@id\":\"https:\/\/vieassociative.be\/actualites\/#website\",\"url\":\"https:\/\/vieassociative.be\/actualites\/\",\"name\":\"Vie Associative\",\"description\":\"\",\"publisher\":{\"@id\":\"https:\/\/vieassociative.be\/actualites\/#organization\"},\"potentialAction\":[{\"@type\":\"SearchAction\",\"target\":{\"@type\":\"EntryPoint\",\"urlTemplate\":\"https:\/\/vieassociative.be\/actualites\/?s={search_term_string}\"},\"query-input\":{\"@type\":\"PropertyValueSpecification\",\"valueRequired\":true,\"valueName\":\"search_term_string\"}}],\"inLanguage\":\"fr-BE\"},{\"@type\":\"Organization\",\"@id\":\"https:\/\/vieassociative.be\/actualites\/#organization\",\"name\":\"Vie Associative\",\"url\":\"https:\/\/vieassociative.be\/actualites\/\",\"logo\":{\"@type\":\"ImageObject\",\"inLanguage\":\"fr-BE\",\"@id\":\"https:\/\/vieassociative.be\/actualites\/#\/schema\/logo\/image\/\",\"url\":\"https:\/\/vieassociative.be\/actualites\/wp-content\/uploads\/2024\/09\/cropped-vieassociative_favicon.ico.png\",\"contentUrl\":\"https:\/\/vieassociative.be\/actualites\/wp-content\/uploads\/2024\/09\/cropped-vieassociative_favicon.ico.png\",\"width\":512,\"height\":512,\"caption\":\"Vie Associative\"},\"image\":{\"@id\":\"https:\/\/vieassociative.be\/actualites\/#\/schema\/logo\/image\/\"}},{\"@type\":\"Person\",\"@id\":\"https:\/\/vieassociative.be\/actualites\/#\/schema\/person\/b87ac4f82f9d4e7b7cec7395b679edc4\",\"name\":\"Julien\",\"image\":{\"@type\":\"ImageObject\",\"inLanguage\":\"fr-BE\",\"@id\":\"https:\/\/vieassociative.be\/actualites\/#\/schema\/person\/image\/\",\"url\":\"https:\/\/vieassociative.be\/actualites\/wp-content\/uploads\/2024\/09\/vie-associative-1-150x150.jpg\",\"contentUrl\":\"https:\/\/vieassociative.be\/actualites\/wp-content\/uploads\/2024\/09\/vie-associative-1-150x150.jpg\",\"caption\":\"Julien\"},\"description\":\"Je suis Julien, r\u00e9dacteur pour Vie Associative. Passionn\u00e9 par le monde associatif depuis plus de 10 ans, j'ai \u00e0 c\u0153ur de partager des histoires inspirantes et de mettre en lumi\u00e8re les initiatives locales. Mon objectif est de sensibiliser et d'encourager l'engagement communautaire \u00e0 travers mes articles.\",\"sameAs\":[\"https:\/\/vieassociative.be\/\"]}]}<\/script>\n<!-- \/ Yoast SEO plugin. -->","yoast_head_json":{"title":"Trump est de retour \u2013 plus d\u00e9cha\u00een\u00e9 et extr\u00eame que jamais | Vie Associative","robots":{"index":"index","follow":"follow","max-snippet":"max-snippet:-1","max-image-preview":"max-image-preview:large","max-video-preview":"max-video-preview:-1"},"canonical":"https:\/\/vieassociative.be\/actualites\/trump-est-de-retour-plus-dechaine-et-extreme-que-jamais\/","og_locale":"fr_FR","og_type":"article","og_title":"Trump est de retour \u2013 plus d\u00e9cha\u00een\u00e9 et extr\u00eame que jamais | Vie Associative","og_description":"Lors de son premier mandat, Donald Trump a tenu en haleine les \u00c9tats-Unis et le monde. Il revient maintenant, plus d\u00e9cha\u00een\u00e9 et plus extr\u00eame que","og_url":"https:\/\/vieassociative.be\/actualites\/trump-est-de-retour-plus-dechaine-et-extreme-que-jamais\/","og_site_name":"Vie Associative","article_published_time":"2024-11-06T14:18:25+00:00","og_image":[{"url":"https:\/\/vieassociative.be\/actualites\/wp-content\/uploads\/2024\/11\/1730427423_50_Voici-comment-se-deroulent-les-elections-aux-Etats-Unis-Questions-et.jpg","type":"","width":"","height":""}],"author":"Julien","twitter_card":"summary_large_image","twitter_misc":{"\u00c9crit par":"Julien","Dur\u00e9e de lecture est.":"8 minutes"},"schema":{"@context":"https:\/\/schema.org","@graph":[{"@type":"Article","@id":"https:\/\/vieassociative.be\/actualites\/trump-est-de-retour-plus-dechaine-et-extreme-que-jamais\/#article","isPartOf":{"@id":"https:\/\/vieassociative.be\/actualites\/trump-est-de-retour-plus-dechaine-et-extreme-que-jamais\/"},"author":{"name":"Julien","@id":"https:\/\/vieassociative.be\/actualites\/#\/schema\/person\/b87ac4f82f9d4e7b7cec7395b679edc4"},"headline":"Trump est de retour \u2013 plus d\u00e9cha\u00een\u00e9 et extr\u00eame que jamais","datePublished":"2024-11-06T14:18:25+00:00","dateModified":"2024-11-06T14:18:25+00:00","mainEntityOfPage":{"@id":"https:\/\/vieassociative.be\/actualites\/trump-est-de-retour-plus-dechaine-et-extreme-que-jamais\/"},"wordCount":1719,"publisher":{"@id":"https:\/\/vieassociative.be\/actualites\/#organization"},"image":{"@id":"https:\/\/vieassociative.be\/actualites\/trump-est-de-retour-plus-dechaine-et-extreme-que-jamais\/#primaryimage"},"thumbnailUrl":"https:\/\/vieassociative.be\/actualites\/wp-content\/uploads\/2024\/11\/1730902705_Trump-est-de-retour-\u2013-plus-dechaine-et-extreme-que.jpg","keywords":["d\u00e9cha\u00een\u00e9","est","Extreme","jamais","retour","Trump"],"articleSection":["Belgique"],"inLanguage":"fr-BE"},{"@type":"WebPage","@id":"https:\/\/vieassociative.be\/actualites\/trump-est-de-retour-plus-dechaine-et-extreme-que-jamais\/","url":"https:\/\/vieassociative.be\/actualites\/trump-est-de-retour-plus-dechaine-et-extreme-que-jamais\/","name":"Trump est de retour \u2013 plus d\u00e9cha\u00een\u00e9 et extr\u00eame que jamais | Vie Associative","isPartOf":{"@id":"https:\/\/vieassociative.be\/actualites\/#website"},"primaryImageOfPage":{"@id":"https:\/\/vieassociative.be\/actualites\/trump-est-de-retour-plus-dechaine-et-extreme-que-jamais\/#primaryimage"},"image":{"@id":"https:\/\/vieassociative.be\/actualites\/trump-est-de-retour-plus-dechaine-et-extreme-que-jamais\/#primaryimage"},"thumbnailUrl":"https:\/\/vieassociative.be\/actualites\/wp-content\/uploads\/2024\/11\/1730902705_Trump-est-de-retour-\u2013-plus-dechaine-et-extreme-que.jpg","datePublished":"2024-11-06T14:18:25+00:00","dateModified":"2024-11-06T14:18:25+00:00","breadcrumb":{"@id":"https:\/\/vieassociative.be\/actualites\/trump-est-de-retour-plus-dechaine-et-extreme-que-jamais\/#breadcrumb"},"inLanguage":"fr-BE","potentialAction":[{"@type":"ReadAction","target":["https:\/\/vieassociative.be\/actualites\/trump-est-de-retour-plus-dechaine-et-extreme-que-jamais\/"]}]},{"@type":"ImageObject","inLanguage":"fr-BE","@id":"https:\/\/vieassociative.be\/actualites\/trump-est-de-retour-plus-dechaine-et-extreme-que-jamais\/#primaryimage","url":"https:\/\/vieassociative.be\/actualites\/wp-content\/uploads\/2024\/11\/1730902705_Trump-est-de-retour-\u2013-plus-dechaine-et-extreme-que.jpg","contentUrl":"https:\/\/vieassociative.be\/actualites\/wp-content\/uploads\/2024\/11\/1730902705_Trump-est-de-retour-\u2013-plus-dechaine-et-extreme-que.jpg","width":1200,"height":802,"caption":"Trump est de retour \u2013 plus d\u00e9cha\u00een\u00e9 et extr\u00eame que jamais"},{"@type":"BreadcrumbList","@id":"https:\/\/vieassociative.be\/actualites\/trump-est-de-retour-plus-dechaine-et-extreme-que-jamais\/#breadcrumb","itemListElement":[{"@type":"ListItem","position":1,"name":"Accueil","item":"https:\/\/vieassociative.be\/actualites\/"},{"@type":"ListItem","position":2,"name":"Trump est de retour \u2013 plus d\u00e9cha\u00een\u00e9 et extr\u00eame que jamais"}]},{"@type":"WebSite","@id":"https:\/\/vieassociative.be\/actualites\/#website","url":"https:\/\/vieassociative.be\/actualites\/","name":"Vie Associative","description":"","publisher":{"@id":"https:\/\/vieassociative.be\/actualites\/#organization"},"potentialAction":[{"@type":"SearchAction","target":{"@type":"EntryPoint","urlTemplate":"https:\/\/vieassociative.be\/actualites\/?s={search_term_string}"},"query-input":{"@type":"PropertyValueSpecification","valueRequired":true,"valueName":"search_term_string"}}],"inLanguage":"fr-BE"},{"@type":"Organization","@id":"https:\/\/vieassociative.be\/actualites\/#organization","name":"Vie Associative","url":"https:\/\/vieassociative.be\/actualites\/","logo":{"@type":"ImageObject","inLanguage":"fr-BE","@id":"https:\/\/vieassociative.be\/actualites\/#\/schema\/logo\/image\/","url":"https:\/\/vieassociative.be\/actualites\/wp-content\/uploads\/2024\/09\/cropped-vieassociative_favicon.ico.png","contentUrl":"https:\/\/vieassociative.be\/actualites\/wp-content\/uploads\/2024\/09\/cropped-vieassociative_favicon.ico.png","width":512,"height":512,"caption":"Vie Associative"},"image":{"@id":"https:\/\/vieassociative.be\/actualites\/#\/schema\/logo\/image\/"}},{"@type":"Person","@id":"https:\/\/vieassociative.be\/actualites\/#\/schema\/person\/b87ac4f82f9d4e7b7cec7395b679edc4","name":"Julien","image":{"@type":"ImageObject","inLanguage":"fr-BE","@id":"https:\/\/vieassociative.be\/actualites\/#\/schema\/person\/image\/","url":"https:\/\/vieassociative.be\/actualites\/wp-content\/uploads\/2024\/09\/vie-associative-1-150x150.jpg","contentUrl":"https:\/\/vieassociative.be\/actualites\/wp-content\/uploads\/2024\/09\/vie-associative-1-150x150.jpg","caption":"Julien"},"description":"Je suis Julien, r\u00e9dacteur pour Vie Associative. Passionn\u00e9 par le monde associatif depuis plus de 10 ans, j'ai \u00e0 c\u0153ur de partager des histoires inspirantes et de mettre en lumi\u00e8re les initiatives locales. Mon objectif est de sensibiliser et d'encourager l'engagement communautaire \u00e0 travers mes articles.","sameAs":["https:\/\/vieassociative.be\/"]}]}},"_links":{"self":[{"href":"https:\/\/vieassociative.be\/actualites\/wp-json\/wp\/v2\/posts\/2099"}],"collection":[{"href":"https:\/\/vieassociative.be\/actualites\/wp-json\/wp\/v2\/posts"}],"about":[{"href":"https:\/\/vieassociative.be\/actualites\/wp-json\/wp\/v2\/types\/post"}],"author":[{"embeddable":true,"href":"https:\/\/vieassociative.be\/actualites\/wp-json\/wp\/v2\/users\/1"}],"replies":[{"embeddable":true,"href":"https:\/\/vieassociative.be\/actualites\/wp-json\/wp\/v2\/comments?post=2099"}],"version-history":[{"count":0,"href":"https:\/\/vieassociative.be\/actualites\/wp-json\/wp\/v2\/posts\/2099\/revisions"}],"wp:featuredmedia":[{"embeddable":true,"href":"https:\/\/vieassociative.be\/actualites\/wp-json\/wp\/v2\/media\/2100"}],"wp:attachment":[{"href":"https:\/\/vieassociative.be\/actualites\/wp-json\/wp\/v2\/media?parent=2099"}],"wp:term":[{"taxonomy":"category","embeddable":true,"href":"https:\/\/vieassociative.be\/actualites\/wp-json\/wp\/v2\/categories?post=2099"},{"taxonomy":"post_tag","embeddable":true,"href":"https:\/\/vieassociative.be\/actualites\/wp-json\/wp\/v2\/tags?post=2099"}],"curies":[{"name":"wp","href":"https:\/\/api.w.org\/{rel}","templated":true}]}}