{"id":2097,"date":"2024-11-06T14:17:33","date_gmt":"2024-11-06T13:17:33","guid":{"rendered":"https:\/\/vieassociative.be\/actualites\/la-facon-preferee-de-tiktok-de-nettoyer-lorsque-vous-ne-pouvez-pas-vous-concentrer\/"},"modified":"2024-11-06T14:17:33","modified_gmt":"2024-11-06T13:17:33","slug":"la-facon-preferee-de-tiktok-de-nettoyer-lorsque-vous-ne-pouvez-pas-vous-concentrer","status":"publish","type":"post","link":"https:\/\/vieassociative.be\/actualites\/la-facon-preferee-de-tiktok-de-nettoyer-lorsque-vous-ne-pouvez-pas-vous-concentrer\/","title":{"rendered":"La fa\u00e7on pr\u00e9f\u00e9r\u00e9e de TikTok de nettoyer lorsque vous ne pouvez pas vous concentrer"},"content":{"rendered":"<div class=\"mt-4 leading-6 md:mb-8\">La m\u00e9thode \u00ab\u00a0junebug\u00a0\u00bb vous aidera \u00e0 adopter une habitude de nettoyage qui vous convient.<\/div>\n<p><\/p>\n<p>Vous \u00eates probablement ici pour l&rsquo;une des deux raisons suivantes, et peut-\u00eatre les deux\u00a0: vous avez vu quelqu&rsquo;un parler de nettoyage \u00ab\u00a0junebug\u00a0\u00bb sur les r\u00e9seaux sociaux et\/ou vous en avez assez de ne pas pouvoir vous concentrer sur le nettoyage, alors vous avez cherch\u00e9 Google en d\u00e9sespoir de cause. Je suis dans les deux camps avec toi. M\u00eame si je sais que je suis cens\u00e9 cr\u00e9er un programme de nettoyage r\u00e9gulier et ne ranger que par tranches de 15 minutes pour \u00e9viter l&rsquo;\u00e9puisement professionnel, je me demande encore parfois par o\u00f9 je devrais commencer et ce que je devrais m\u00eame faire. J&rsquo;ai un million de pens\u00e9es qui me viennent \u00e0 l&rsquo;esprit et aucune d&rsquo;entre elles ne laisse beaucoup d&rsquo;espace pour planifier paisiblement et activement comment et quoi nettoyer. C&rsquo;est l\u00e0 que la m\u00e9thode Junebug brille vraiment. <\/p>\n<h2 id=\"what-is-the-junebug-cleaning-method\">Quelle est la m\u00e9thode de nettoyage \u00ab junebug \u00bb ?<\/h2>\n<p>Bien qu&rsquo;elle soit populaire sur les plateformes de m\u00e9dias sociaux modernes comme TikTok et Instagram Reels, la premi\u00e8re mention de cette tendance est apparue sur Tumblr, o\u00f9 un utilisateur a expliqu\u00e9 que pour faire le m\u00e9nage malgr\u00e9 son TDAH, il s&rsquo;imaginait \u00eatre comme un bug : \u00ab\u00a0Avez-vous d\u00e9j\u00e0 vu un junebug se familiarise avec une moustiquaire ? C&rsquo;est remarquablement persistant, mais pas tr\u00e8s cibl\u00e9. Tout ce qui compte, c&rsquo;est l&#8217;emplacement.<\/p>\n<p>Donc, vous agissez comme un bug. C&rsquo;est \u00e7a. Contrairement \u00e0 un insecte qui essaie de passer \u00e0 travers une moustiquaire, vous nettoyez. Vous choisissez une zone que vous pourriez ou devez nettoyer, comme la cuisine. Ensuite, concentrez-vous sur un endroit, comme l\u2019\u00e9vier ou un comptoir. Comme un bug, vous revenez sans cesse \u00e0 cet endroit, peu importe ce qui vous distrait dans le processus. Ainsi, si l&rsquo;\u00e9vier est votre site d\u00e9sign\u00e9 pour le mois de juin, vous pourriez y laver la vaisselle, puis vous laisser distraire lorsque vous remarquerez que le dosseret doit \u00eatre essuy\u00e9. Apr\u00e8s avoir essuy\u00e9 le dosseret, rappelez-vous que vous \u00eates cens\u00e9 \u00eatre pr\u00e8s de l&rsquo;\u00e9vier\u00a0; revenez-y pour le parcourir ou accordez une certaine attention au robinet. \u00c0 partir de l\u00e0, avec votre \u00e9ponge \u00e0 la main, vous pouvez vous \u00e9loigner pour nettoyer les comptoirs, mais revenez toujours \u00e0 ce point de d\u00e9part lorsque vous avez termin\u00e9 ce que vous aviez fait. <\/p>\n<p>L&rsquo;id\u00e9e ici est que vous utilisez votre propre distraction \u00e0 votre avantage. Une t\u00e2che au point de d\u00e9part peut vous rappeler quelque chose d&rsquo;autre que vous devez faire, mais une fois que vous l&rsquo;avez termin\u00e9e, revenez au point de d\u00e9part pour plus d&rsquo;inspiration et de motivation. Finalement, vous ferez tout votre chemin, comme un bug de juin, mais continuez \u00e0 revenir \u00e0 votre point de d\u00e9part\u00a0\u2013<em>aussi <\/em>comme un bug de juin. <\/p>\n<h2 id=\"who-should-try-junebugging-to-clean\">Qui devrait essayer Junebugging pour nettoyer\u00a0?<\/h2>\n<p>Junebugging est une technique utile pour quiconque a du mal \u00e0 se concentrer, se laisse facilement distraire ou souhaite simplement bouleverser sa routine. Sur TikTok et d\u2019autres plateformes, il s\u2019est av\u00e9r\u00e9 particuli\u00e8rement populaire aupr\u00e8s des personnes atteintes de TDAH. En fait, l\u2019utilisateur de Tumblr qui l\u2019a invent\u00e9 pour la premi\u00e8re fois l\u2019a fait \u00e0 cause de son propre TDAH. Aujourd\u2019hui, les professionnels de la sant\u00e9 mentale le consid\u00e8rent comme une excellente option pour les personnes neurodivergentes.<\/p>\n<p>\u00c9videmment, vous n\u2019avez pas besoin d\u2019\u00eatre atteint de TDAH pour essayer cela. La beaut\u00e9 de cette technique est qu\u2019elle fonctionne pour tout le monde, \u00e0 condition que vous compreniez pourquoi vous le faites et que vous vous accordiez un peu de gr\u00e2ce. Abordez simplement tout ce qui vous distrait, attire votre attention ou semble pertinent sur le moment. Vous ne terminerez peut-\u00eatre pas toutes les t\u00e2ches, mais c&rsquo;est mieux que de ne rien faire et de revenir encore et encore au m\u00eame endroit agit comme une r\u00e9initialisation, vous permettant de vous entourer de familiarit\u00e9 et de vous r\u00e9orienter un peu, en attirant votre attention sur autre chose. <\/p>\n<p><script async src=\"\/\/www.tiktok.com\/embed.js\"><\/script><\/p>\n","protected":false},"excerpt":{"rendered":"<p>La m\u00e9thode \u00ab\u00a0junebug\u00a0\u00bb vous aidera \u00e0 adopter une habitude de nettoyage qui vous convient. Vous \u00eates probablement ici pour l&rsquo;une des deux raisons suivantes, et<\/p>\n","protected":false},"author":1,"featured_media":2098,"comment_status":"","ping_status":"","sticky":false,"template":"","format":"standard","meta":{"footnotes":""},"categories":[40],"tags":[2836,531,559,532,126,5,52,75,4],"class_list":["post-2097","post","type-post","status-publish","format-standard","has-post-thumbnail","hentry","category-maison","tag-concentrer","tag-facon","tag-lorsque","tag-nettoyer","tag-pas","tag-pouvez","tag-preferee","tag-tiktok","tag-vous","generate-columns","tablet-grid-50","mobile-grid-100","grid-parent","grid-33"],"yoast_head":"<!-- This site is optimized with the Yoast SEO plugin v24.0 - https:\/\/yoast.com\/wordpress\/plugins\/seo\/ -->\n<title>La fa\u00e7on pr\u00e9f\u00e9r\u00e9e de TikTok de nettoyer lorsque vous ne pouvez pas vous concentrer | Vie Associative<\/title>\n<meta name=\"robots\" content=\"index, follow, max-snippet:-1, max-image-preview:large, max-video-preview:-1\" \/>\n<link rel=\"canonical\" href=\"https:\/\/vieassociative.be\/actualites\/la-facon-preferee-de-tiktok-de-nettoyer-lorsque-vous-ne-pouvez-pas-vous-concentrer\/\" \/>\n<meta property=\"og:locale\" content=\"fr_FR\" \/>\n<meta property=\"og:type\" content=\"article\" \/>\n<meta property=\"og:title\" content=\"La fa\u00e7on pr\u00e9f\u00e9r\u00e9e de TikTok de nettoyer lorsque vous ne pouvez pas vous concentrer | Vie Associative\" \/>\n<meta property=\"og:description\" content=\"La m\u00e9thode \u00ab\u00a0junebug\u00a0\u00bb vous aidera \u00e0 adopter une habitude de nettoyage qui vous convient. Vous \u00eates probablement ici pour l&rsquo;une des deux raisons suivantes, et\" \/>\n<meta property=\"og:url\" content=\"https:\/\/vieassociative.be\/actualites\/la-facon-preferee-de-tiktok-de-nettoyer-lorsque-vous-ne-pouvez-pas-vous-concentrer\/\" \/>\n<meta property=\"og:site_name\" content=\"Vie Associative\" \/>\n<meta property=\"article:published_time\" content=\"2024-11-06T13:17:33+00:00\" \/>\n<meta property=\"og:image\" content=\"https:\/\/vieassociative.be\/actualites\/wp-content\/uploads\/2024\/09\/header_backgroundk-01-e1726694325946.png\" \/>\n\t<meta property=\"og:image:width\" content=\"279\" \/>\n\t<meta property=\"og:image:height\" content=\"92\" \/>\n\t<meta property=\"og:image:type\" content=\"image\/png\" \/>\n<meta name=\"author\" content=\"Julien\" \/>\n<meta name=\"twitter:card\" content=\"summary_large_image\" \/>\n<meta name=\"twitter:label1\" content=\"\u00c9crit par\" \/>\n\t<meta name=\"twitter:data1\" content=\"Julien\" \/>\n\t<meta name=\"twitter:label2\" content=\"Dur\u00e9e de lecture est.\" \/>\n\t<meta name=\"twitter:data2\" content=\"3 minutes\" \/>\n<script type=\"application\/ld+json\" class=\"yoast-schema-graph\">{\"@context\":\"https:\/\/schema.org\",\"@graph\":[{\"@type\":\"Article\",\"@id\":\"https:\/\/vieassociative.be\/actualites\/la-facon-preferee-de-tiktok-de-nettoyer-lorsque-vous-ne-pouvez-pas-vous-concentrer\/#article\",\"isPartOf\":{\"@id\":\"https:\/\/vieassociative.be\/actualites\/la-facon-preferee-de-tiktok-de-nettoyer-lorsque-vous-ne-pouvez-pas-vous-concentrer\/\"},\"author\":{\"name\":\"Julien\",\"@id\":\"https:\/\/vieassociative.be\/actualites\/#\/schema\/person\/b87ac4f82f9d4e7b7cec7395b679edc4\"},\"headline\":\"La fa\u00e7on pr\u00e9f\u00e9r\u00e9e de TikTok de nettoyer lorsque vous ne pouvez pas vous concentrer\",\"datePublished\":\"2024-11-06T13:17:33+00:00\",\"dateModified\":\"2024-11-06T13:17:33+00:00\",\"mainEntityOfPage\":{\"@id\":\"https:\/\/vieassociative.be\/actualites\/la-facon-preferee-de-tiktok-de-nettoyer-lorsque-vous-ne-pouvez-pas-vous-concentrer\/\"},\"wordCount\":713,\"publisher\":{\"@id\":\"https:\/\/vieassociative.be\/actualites\/#organization\"},\"image\":{\"@id\":\"https:\/\/vieassociative.be\/actualites\/la-facon-preferee-de-tiktok-de-nettoyer-lorsque-vous-ne-pouvez-pas-vous-concentrer\/#primaryimage\"},\"thumbnailUrl\":\"https:\/\/vieassociative.be\/actualites\/wp-content\/uploads\/2024\/11\/La-facon-preferee-de-TikTok-de-nettoyer-lorsque-vous-ne.png\",\"keywords\":[\"concentrer\",\"fa\u00e7on\",\"lorsque\",\"nettoyer\",\"pas\",\"pouvez\",\"pr\u00e9f\u00e9r\u00e9e\",\"TikTok\",\"Vous\"],\"articleSection\":[\"Maison\"],\"inLanguage\":\"fr-BE\"},{\"@type\":\"WebPage\",\"@id\":\"https:\/\/vieassociative.be\/actualites\/la-facon-preferee-de-tiktok-de-nettoyer-lorsque-vous-ne-pouvez-pas-vous-concentrer\/\",\"url\":\"https:\/\/vieassociative.be\/actualites\/la-facon-preferee-de-tiktok-de-nettoyer-lorsque-vous-ne-pouvez-pas-vous-concentrer\/\",\"name\":\"La fa\u00e7on pr\u00e9f\u00e9r\u00e9e de TikTok de nettoyer lorsque vous ne pouvez pas vous concentrer | Vie Associative\",\"isPartOf\":{\"@id\":\"https:\/\/vieassociative.be\/actualites\/#website\"},\"primaryImageOfPage\":{\"@id\":\"https:\/\/vieassociative.be\/actualites\/la-facon-preferee-de-tiktok-de-nettoyer-lorsque-vous-ne-pouvez-pas-vous-concentrer\/#primaryimage\"},\"image\":{\"@id\":\"https:\/\/vieassociative.be\/actualites\/la-facon-preferee-de-tiktok-de-nettoyer-lorsque-vous-ne-pouvez-pas-vous-concentrer\/#primaryimage\"},\"thumbnailUrl\":\"https:\/\/vieassociative.be\/actualites\/wp-content\/uploads\/2024\/11\/La-facon-preferee-de-TikTok-de-nettoyer-lorsque-vous-ne.png\",\"datePublished\":\"2024-11-06T13:17:33+00:00\",\"dateModified\":\"2024-11-06T13:17:33+00:00\",\"breadcrumb\":{\"@id\":\"https:\/\/vieassociative.be\/actualites\/la-facon-preferee-de-tiktok-de-nettoyer-lorsque-vous-ne-pouvez-pas-vous-concentrer\/#breadcrumb\"},\"inLanguage\":\"fr-BE\",\"potentialAction\":[{\"@type\":\"ReadAction\",\"target\":[\"https:\/\/vieassociative.be\/actualites\/la-facon-preferee-de-tiktok-de-nettoyer-lorsque-vous-ne-pouvez-pas-vous-concentrer\/\"]}]},{\"@type\":\"ImageObject\",\"inLanguage\":\"fr-BE\",\"@id\":\"https:\/\/vieassociative.be\/actualites\/la-facon-preferee-de-tiktok-de-nettoyer-lorsque-vous-ne-pouvez-pas-vous-concentrer\/#primaryimage\",\"url\":\"https:\/\/vieassociative.be\/actualites\/wp-content\/uploads\/2024\/11\/La-facon-preferee-de-TikTok-de-nettoyer-lorsque-vous-ne.png\",\"contentUrl\":\"https:\/\/vieassociative.be\/actualites\/wp-content\/uploads\/2024\/11\/La-facon-preferee-de-TikTok-de-nettoyer-lorsque-vous-ne.png\",\"width\":1200,\"height\":675,\"caption\":\"La fa\u00e7on pr\u00e9f\u00e9r\u00e9e de TikTok de nettoyer lorsque vous ne pouvez pas vous concentrer\"},{\"@type\":\"BreadcrumbList\",\"@id\":\"https:\/\/vieassociative.be\/actualites\/la-facon-preferee-de-tiktok-de-nettoyer-lorsque-vous-ne-pouvez-pas-vous-concentrer\/#breadcrumb\",\"itemListElement\":[{\"@type\":\"ListItem\",\"position\":1,\"name\":\"Accueil\",\"item\":\"https:\/\/vieassociative.be\/actualites\/\"},{\"@type\":\"ListItem\",\"position\":2,\"name\":\"La fa\u00e7on pr\u00e9f\u00e9r\u00e9e de TikTok de nettoyer lorsque vous ne pouvez pas vous concentrer\"}]},{\"@type\":\"WebSite\",\"@id\":\"https:\/\/vieassociative.be\/actualites\/#website\",\"url\":\"https:\/\/vieassociative.be\/actualites\/\",\"name\":\"Vie Associative\",\"description\":\"\",\"publisher\":{\"@id\":\"https:\/\/vieassociative.be\/actualites\/#organization\"},\"potentialAction\":[{\"@type\":\"SearchAction\",\"target\":{\"@type\":\"EntryPoint\",\"urlTemplate\":\"https:\/\/vieassociative.be\/actualites\/?s={search_term_string}\"},\"query-input\":{\"@type\":\"PropertyValueSpecification\",\"valueRequired\":true,\"valueName\":\"search_term_string\"}}],\"inLanguage\":\"fr-BE\"},{\"@type\":\"Organization\",\"@id\":\"https:\/\/vieassociative.be\/actualites\/#organization\",\"name\":\"Vie Associative\",\"url\":\"https:\/\/vieassociative.be\/actualites\/\",\"logo\":{\"@type\":\"ImageObject\",\"inLanguage\":\"fr-BE\",\"@id\":\"https:\/\/vieassociative.be\/actualites\/#\/schema\/logo\/image\/\",\"url\":\"https:\/\/vieassociative.be\/actualites\/wp-content\/uploads\/2024\/09\/cropped-vieassociative_favicon.ico.png\",\"contentUrl\":\"https:\/\/vieassociative.be\/actualites\/wp-content\/uploads\/2024\/09\/cropped-vieassociative_favicon.ico.png\",\"width\":512,\"height\":512,\"caption\":\"Vie Associative\"},\"image\":{\"@id\":\"https:\/\/vieassociative.be\/actualites\/#\/schema\/logo\/image\/\"}},{\"@type\":\"Person\",\"@id\":\"https:\/\/vieassociative.be\/actualites\/#\/schema\/person\/b87ac4f82f9d4e7b7cec7395b679edc4\",\"name\":\"Julien\",\"image\":{\"@type\":\"ImageObject\",\"inLanguage\":\"fr-BE\",\"@id\":\"https:\/\/vieassociative.be\/actualites\/#\/schema\/person\/image\/\",\"url\":\"https:\/\/vieassociative.be\/actualites\/wp-content\/uploads\/2024\/09\/vie-associative-1-150x150.jpg\",\"contentUrl\":\"https:\/\/vieassociative.be\/actualites\/wp-content\/uploads\/2024\/09\/vie-associative-1-150x150.jpg\",\"caption\":\"Julien\"},\"description\":\"Je suis Julien, r\u00e9dacteur pour Vie Associative. Passionn\u00e9 par le monde associatif depuis plus de 10 ans, j'ai \u00e0 c\u0153ur de partager des histoires inspirantes et de mettre en lumi\u00e8re les initiatives locales. Mon objectif est de sensibiliser et d'encourager l'engagement communautaire \u00e0 travers mes articles.\",\"sameAs\":[\"https:\/\/vieassociative.be\/\"]}]}<\/script>\n<!-- \/ Yoast SEO plugin. -->","yoast_head_json":{"title":"La fa\u00e7on pr\u00e9f\u00e9r\u00e9e de TikTok de nettoyer lorsque vous ne pouvez pas vous concentrer | Vie Associative","robots":{"index":"index","follow":"follow","max-snippet":"max-snippet:-1","max-image-preview":"max-image-preview:large","max-video-preview":"max-video-preview:-1"},"canonical":"https:\/\/vieassociative.be\/actualites\/la-facon-preferee-de-tiktok-de-nettoyer-lorsque-vous-ne-pouvez-pas-vous-concentrer\/","og_locale":"fr_FR","og_type":"article","og_title":"La fa\u00e7on pr\u00e9f\u00e9r\u00e9e de TikTok de nettoyer lorsque vous ne pouvez pas vous concentrer | Vie Associative","og_description":"La m\u00e9thode \u00ab\u00a0junebug\u00a0\u00bb vous aidera \u00e0 adopter une habitude de nettoyage qui vous convient. Vous \u00eates probablement ici pour l&rsquo;une des deux raisons suivantes, et","og_url":"https:\/\/vieassociative.be\/actualites\/la-facon-preferee-de-tiktok-de-nettoyer-lorsque-vous-ne-pouvez-pas-vous-concentrer\/","og_site_name":"Vie Associative","article_published_time":"2024-11-06T13:17:33+00:00","og_image":[{"width":279,"height":92,"url":"https:\/\/vieassociative.be\/actualites\/wp-content\/uploads\/2024\/09\/header_backgroundk-01-e1726694325946.png","type":"image\/png"}],"author":"Julien","twitter_card":"summary_large_image","twitter_misc":{"\u00c9crit par":"Julien","Dur\u00e9e de lecture est.":"3 minutes"},"schema":{"@context":"https:\/\/schema.org","@graph":[{"@type":"Article","@id":"https:\/\/vieassociative.be\/actualites\/la-facon-preferee-de-tiktok-de-nettoyer-lorsque-vous-ne-pouvez-pas-vous-concentrer\/#article","isPartOf":{"@id":"https:\/\/vieassociative.be\/actualites\/la-facon-preferee-de-tiktok-de-nettoyer-lorsque-vous-ne-pouvez-pas-vous-concentrer\/"},"author":{"name":"Julien","@id":"https:\/\/vieassociative.be\/actualites\/#\/schema\/person\/b87ac4f82f9d4e7b7cec7395b679edc4"},"headline":"La fa\u00e7on pr\u00e9f\u00e9r\u00e9e de TikTok de nettoyer lorsque vous ne pouvez pas vous concentrer","datePublished":"2024-11-06T13:17:33+00:00","dateModified":"2024-11-06T13:17:33+00:00","mainEntityOfPage":{"@id":"https:\/\/vieassociative.be\/actualites\/la-facon-preferee-de-tiktok-de-nettoyer-lorsque-vous-ne-pouvez-pas-vous-concentrer\/"},"wordCount":713,"publisher":{"@id":"https:\/\/vieassociative.be\/actualites\/#organization"},"image":{"@id":"https:\/\/vieassociative.be\/actualites\/la-facon-preferee-de-tiktok-de-nettoyer-lorsque-vous-ne-pouvez-pas-vous-concentrer\/#primaryimage"},"thumbnailUrl":"https:\/\/vieassociative.be\/actualites\/wp-content\/uploads\/2024\/11\/La-facon-preferee-de-TikTok-de-nettoyer-lorsque-vous-ne.png","keywords":["concentrer","fa\u00e7on","lorsque","nettoyer","pas","pouvez","pr\u00e9f\u00e9r\u00e9e","TikTok","Vous"],"articleSection":["Maison"],"inLanguage":"fr-BE"},{"@type":"WebPage","@id":"https:\/\/vieassociative.be\/actualites\/la-facon-preferee-de-tiktok-de-nettoyer-lorsque-vous-ne-pouvez-pas-vous-concentrer\/","url":"https:\/\/vieassociative.be\/actualites\/la-facon-preferee-de-tiktok-de-nettoyer-lorsque-vous-ne-pouvez-pas-vous-concentrer\/","name":"La fa\u00e7on pr\u00e9f\u00e9r\u00e9e de TikTok de nettoyer lorsque vous ne pouvez pas vous concentrer | Vie Associative","isPartOf":{"@id":"https:\/\/vieassociative.be\/actualites\/#website"},"primaryImageOfPage":{"@id":"https:\/\/vieassociative.be\/actualites\/la-facon-preferee-de-tiktok-de-nettoyer-lorsque-vous-ne-pouvez-pas-vous-concentrer\/#primaryimage"},"image":{"@id":"https:\/\/vieassociative.be\/actualites\/la-facon-preferee-de-tiktok-de-nettoyer-lorsque-vous-ne-pouvez-pas-vous-concentrer\/#primaryimage"},"thumbnailUrl":"https:\/\/vieassociative.be\/actualites\/wp-content\/uploads\/2024\/11\/La-facon-preferee-de-TikTok-de-nettoyer-lorsque-vous-ne.png","datePublished":"2024-11-06T13:17:33+00:00","dateModified":"2024-11-06T13:17:33+00:00","breadcrumb":{"@id":"https:\/\/vieassociative.be\/actualites\/la-facon-preferee-de-tiktok-de-nettoyer-lorsque-vous-ne-pouvez-pas-vous-concentrer\/#breadcrumb"},"inLanguage":"fr-BE","potentialAction":[{"@type":"ReadAction","target":["https:\/\/vieassociative.be\/actualites\/la-facon-preferee-de-tiktok-de-nettoyer-lorsque-vous-ne-pouvez-pas-vous-concentrer\/"]}]},{"@type":"ImageObject","inLanguage":"fr-BE","@id":"https:\/\/vieassociative.be\/actualites\/la-facon-preferee-de-tiktok-de-nettoyer-lorsque-vous-ne-pouvez-pas-vous-concentrer\/#primaryimage","url":"https:\/\/vieassociative.be\/actualites\/wp-content\/uploads\/2024\/11\/La-facon-preferee-de-TikTok-de-nettoyer-lorsque-vous-ne.png","contentUrl":"https:\/\/vieassociative.be\/actualites\/wp-content\/uploads\/2024\/11\/La-facon-preferee-de-TikTok-de-nettoyer-lorsque-vous-ne.png","width":1200,"height":675,"caption":"La fa\u00e7on pr\u00e9f\u00e9r\u00e9e de TikTok de nettoyer lorsque vous ne pouvez pas vous concentrer"},{"@type":"BreadcrumbList","@id":"https:\/\/vieassociative.be\/actualites\/la-facon-preferee-de-tiktok-de-nettoyer-lorsque-vous-ne-pouvez-pas-vous-concentrer\/#breadcrumb","itemListElement":[{"@type":"ListItem","position":1,"name":"Accueil","item":"https:\/\/vieassociative.be\/actualites\/"},{"@type":"ListItem","position":2,"name":"La fa\u00e7on pr\u00e9f\u00e9r\u00e9e de TikTok de nettoyer lorsque vous ne pouvez pas vous concentrer"}]},{"@type":"WebSite","@id":"https:\/\/vieassociative.be\/actualites\/#website","url":"https:\/\/vieassociative.be\/actualites\/","name":"Vie Associative","description":"","publisher":{"@id":"https:\/\/vieassociative.be\/actualites\/#organization"},"potentialAction":[{"@type":"SearchAction","target":{"@type":"EntryPoint","urlTemplate":"https:\/\/vieassociative.be\/actualites\/?s={search_term_string}"},"query-input":{"@type":"PropertyValueSpecification","valueRequired":true,"valueName":"search_term_string"}}],"inLanguage":"fr-BE"},{"@type":"Organization","@id":"https:\/\/vieassociative.be\/actualites\/#organization","name":"Vie Associative","url":"https:\/\/vieassociative.be\/actualites\/","logo":{"@type":"ImageObject","inLanguage":"fr-BE","@id":"https:\/\/vieassociative.be\/actualites\/#\/schema\/logo\/image\/","url":"https:\/\/vieassociative.be\/actualites\/wp-content\/uploads\/2024\/09\/cropped-vieassociative_favicon.ico.png","contentUrl":"https:\/\/vieassociative.be\/actualites\/wp-content\/uploads\/2024\/09\/cropped-vieassociative_favicon.ico.png","width":512,"height":512,"caption":"Vie Associative"},"image":{"@id":"https:\/\/vieassociative.be\/actualites\/#\/schema\/logo\/image\/"}},{"@type":"Person","@id":"https:\/\/vieassociative.be\/actualites\/#\/schema\/person\/b87ac4f82f9d4e7b7cec7395b679edc4","name":"Julien","image":{"@type":"ImageObject","inLanguage":"fr-BE","@id":"https:\/\/vieassociative.be\/actualites\/#\/schema\/person\/image\/","url":"https:\/\/vieassociative.be\/actualites\/wp-content\/uploads\/2024\/09\/vie-associative-1-150x150.jpg","contentUrl":"https:\/\/vieassociative.be\/actualites\/wp-content\/uploads\/2024\/09\/vie-associative-1-150x150.jpg","caption":"Julien"},"description":"Je suis Julien, r\u00e9dacteur pour Vie Associative. Passionn\u00e9 par le monde associatif depuis plus de 10 ans, j'ai \u00e0 c\u0153ur de partager des histoires inspirantes et de mettre en lumi\u00e8re les initiatives locales. Mon objectif est de sensibiliser et d'encourager l'engagement communautaire \u00e0 travers mes articles.","sameAs":["https:\/\/vieassociative.be\/"]}]}},"_links":{"self":[{"href":"https:\/\/vieassociative.be\/actualites\/wp-json\/wp\/v2\/posts\/2097"}],"collection":[{"href":"https:\/\/vieassociative.be\/actualites\/wp-json\/wp\/v2\/posts"}],"about":[{"href":"https:\/\/vieassociative.be\/actualites\/wp-json\/wp\/v2\/types\/post"}],"author":[{"embeddable":true,"href":"https:\/\/vieassociative.be\/actualites\/wp-json\/wp\/v2\/users\/1"}],"replies":[{"embeddable":true,"href":"https:\/\/vieassociative.be\/actualites\/wp-json\/wp\/v2\/comments?post=2097"}],"version-history":[{"count":0,"href":"https:\/\/vieassociative.be\/actualites\/wp-json\/wp\/v2\/posts\/2097\/revisions"}],"wp:featuredmedia":[{"embeddable":true,"href":"https:\/\/vieassociative.be\/actualites\/wp-json\/wp\/v2\/media\/2098"}],"wp:attachment":[{"href":"https:\/\/vieassociative.be\/actualites\/wp-json\/wp\/v2\/media?parent=2097"}],"wp:term":[{"taxonomy":"category","embeddable":true,"href":"https:\/\/vieassociative.be\/actualites\/wp-json\/wp\/v2\/categories?post=2097"},{"taxonomy":"post_tag","embeddable":true,"href":"https:\/\/vieassociative.be\/actualites\/wp-json\/wp\/v2\/tags?post=2097"}],"curies":[{"name":"wp","href":"https:\/\/api.w.org\/{rel}","templated":true}]}}