{"id":2077,"date":"2024-11-06T01:19:22","date_gmt":"2024-11-06T00:19:22","guid":{"rendered":"https:\/\/vieassociative.be\/actualites\/comment-savoir-si-vous-partagez-trop-et-comment-larreter\/"},"modified":"2024-11-06T01:19:22","modified_gmt":"2024-11-06T00:19:22","slug":"comment-savoir-si-vous-partagez-trop-et-comment-larreter","status":"publish","type":"post","link":"https:\/\/vieassociative.be\/actualites\/comment-savoir-si-vous-partagez-trop-et-comment-larreter\/","title":{"rendered":"Comment savoir si vous partagez trop (et comment l&rsquo;arr\u00eater)"},"content":{"rendered":"<div class=\"mt-4 leading-6 md:mb-8\">\u00catre authentique et sympathique, c\u2019est g\u00e9nial\u00a0! Se d\u00e9charger constamment sur tout le monde autour de vous ne l&rsquo;est pas.<\/div>\n<p><\/p>\n<p>La fronti\u00e8re entre information priv\u00e9e et information publique n\u2019a jamais \u00e9t\u00e9 aussi floue, que l\u2019on bl\u00e2me la t\u00e9l\u00e9-r\u00e9alit\u00e9, les m\u00e9dias sociaux ou peut-\u00eatre une pand\u00e9mie mondiale qui \u00e9rode progressivement tous nos \u00e9tats \u00e9motionnels. Il y a de fortes chances qu&rsquo;\u00e0 un moment ou \u00e0 un autre, vous ayez \u00e9t\u00e9 coupable de partage excessif, ce que le New York Times d\u00e9crit comme \u00ab parler exclusivement de questions personnelles et n\u00e9gliger d&rsquo;\u00e9changer la conversation \u00bb.<\/p>\n<p>Alors\u00a0: utilisez-vous Facebook comme un journal personnel\u00a0? Vos coll\u00e8gues connaissent-ils tous les d\u00e9tails intimes de votre derni\u00e8re relation\u00a0? Est-ce que chaque conversation se transforme d\u2019une mani\u00e8re ou d\u2019une autre en un monologue personnel ? C&rsquo;est bien d&rsquo;\u00eatre authentique et aimable, mais vous allez peut-\u00eatre trop loin avec la quantit\u00e9 d&rsquo;informations que vous communiquez \u00e0 votre entourage.<\/p>\n<h2 id=\"whats-wrong-with-oversharing\"><strong>Quel est le probl\u00e8me avec le partage excessif ?<\/strong><\/h2>\n<p>Trop de partage peut avoir de graves cons\u00e9quences, comme l&rsquo;\u00e9crit la psychoth\u00e9rapeute Amy Morin dans Forbes\u00a0: <\/p>\n<blockquote>\n<p>Vous pourriez vous mettre physiquement en danger en r\u00e9v\u00e9lant trop de choses \u00e0 la mauvaise personne. Vous pourriez ali\u00e9ner les personnes qui se sentent mal \u00e0 l\u2019aise face \u00e0 la quantit\u00e9 d\u2019informations personnelles que vous partagez. Et raconter vos probl\u00e8mes \u00e0 des personnes qui ne pensent pas \u00e0 votre int\u00e9r\u00eat peut les amener \u00e0 profiter de vous.<\/p>\n<\/blockquote>\n<p>M\u00eame si vous avez les meilleures intentions du monde, le partage excessif ne favorise pas r\u00e9ellement des relations saines, selon Nicole Arzt, th\u00e9rapeute conjugale et familiale agr\u00e9\u00e9e. Au lieu de cela, le partage excessif \u00ab a tendance \u00e0 mettre les autres personnes mal \u00e0 l&rsquo;aise&#8230; elles peuvent ressentir une pression pour \u00ab \u00e9galer \u00bb le partage, ce qui peut provoquer de l&rsquo;inconfort et du ressentiment.<\/p>\n<p>Alors, comment pouvez-vous identifier la limite du partage excessif et comment pouvez-vous vous emp\u00eacher de la franchir\u00a0? <\/p>\n<h2 id=\"the-reasons-behind-oversharing\"><strong>Les raisons du partage excessif<\/strong><\/h2>\n<p>Pourquoi avez-vous l\u2019impression de pouvoir tout dire \u00e0 votre coiffeur ? Pourquoi l&rsquo;\u00e9tranger \u00e0 c\u00f4t\u00e9 de vous sur votre vol est-il maintenant au courant des probl\u00e8mes d&rsquo;engagement de votre partenaire\u00a0? Pourquoi, pourquoi, <em>pourquoi<\/em> Est-ce que tu parles \u00e0 ton coll\u00e8gue de cette chose embarrassante que tu as faite en septi\u00e8me ann\u00e9e ?<\/p>\n<p>Selon Morin dans Psychology Today, il y a cinq raisons principales derri\u00e8re le partage excessif\u00a0:<\/p>\n<blockquote>\n<p>1. Un faux sentiment d\u2019intimit\u00e9<\/p>\n<\/blockquote>\n<blockquote>\n<p>2. R\u00e9confort chez un \u00e9tranger<\/p>\n<\/blockquote>\n<blockquote>\n<p>3. Une tentative malavis\u00e9e d\u2019acc\u00e9l\u00e9rer la relation<\/p>\n<\/blockquote>\n<blockquote>\n<p>4. Mauvaises limites<\/p>\n<\/blockquote>\n<blockquote>\n<p>5. Un effort pr\u00e9cipit\u00e9 pour mettre quelqu\u2019un d\u2019autre \u00e0 l\u2019aise<\/p>\n<\/blockquote>\n<p>Ainsi, lorsque votre coiffeur est dans votre espace physique, cela cr\u00e9e un sentiment d\u2019intimit\u00e9 qui n\u2019existe peut-\u00eatre pas vraiment. Vous ne reverrez plus jamais votre compagnon de si\u00e8ge, vous vous sentirez donc \u00e0 l&rsquo;aise de l&rsquo;utiliser pour vous d\u00e9barrasser des choses de votre poitrine. Et peut-\u00eatre que c&rsquo;est votre coll\u00e8gue qui a commenc\u00e9 \u00e0 partager des histoires embarrassantes en premier, alors maintenant vous fouillez dans votre propre pass\u00e9 pour rendre les choses moins g\u00eanantes. Identifier les raisons du partage excessif peut vous aider \u00e0 l\u2019\u00e9viter \u00e0 l\u2019avenir. <\/p>\n<h2 id=\"signs-youre-oversharing\"><strong>Signes que vous partagez trop<\/strong><\/h2>\n<p>\u00c9videmment, les limites du partage excessif d\u00e9pendent d\u2019un certain nombre de facteurs contextuels, comme votre relation avec quelqu\u2019un ou l\u2019endroit o\u00f9 vous vous trouvez physiquement. En plus des gens qui vous disent directement que vous \u00eates all\u00e9 trop loin, voici quelques indicateurs qui font penser m\u00eame \u00e0 vos amis : \u00ab<em>TMI.<\/em><\/p>\n<h3><strong>Vos relations sont d\u00e9s\u00e9quilibr\u00e9es<\/strong><\/h3>\n<p>La psychologue Andrea Bonior a d\u00e9clar\u00e9 \u00e0 Real Simple : \u00ab Si vous avez l&rsquo;impression que tout le monde sait <em>chemin<\/em> plus sur vous que vous n\u2019en savez sur eux, il est d\u00e9finitivement temps de faire le point.<\/p>\n<h3><strong>Tu as peur du silence<\/strong><\/h3>\n<p>\u00cates-vous toujours celui qui brise le silence ? Ceux qui vous entourent pourraient \u00eatre parfaitement \u00e0 l\u2019aise avec le calme, et m\u00eame mal \u00e0 l\u2019aise avec la fa\u00e7on dont vous avez choisi de le rompre. M\u00eame si vous ne divulguez pas d\u2019informations extr\u00eamement personnelles, vous pourriez en faire un partage excessif si le contexte ne justifie pas que vous partagiez quoi que ce soit. <\/p>\n<h3><strong>Vos proches se sentent comme des th\u00e9rapeutes<\/strong><\/h3>\n<p>Un bon ami doit aussi \u00eatre un bon confident. Cependant, demandez-vous si vous vous adressez \u00e0 votre ami sur un pied d&rsquo;\u00e9galit\u00e9 ou si vous vous attendez \u00e0 ce qu&rsquo;il traite votre \u00e9vacuation comme une s\u00e9ance de th\u00e9rapie.<\/p>\n<h3><strong>Personne n&rsquo;interagit avec vous sur les r\u00e9seaux sociaux<\/strong><\/h3>\n<p>Il n&rsquo;y a pas de r\u00e8gles strictes pour interpr\u00e9ter les interactions sur les r\u00e9seaux sociaux, mais si m\u00eame vos amis proches ignorent vos statuts, vous voudrez peut-\u00eatre vous demander si vous utilisez vos comptes comme des journaux priv\u00e9s.<\/p>\n<h3><strong>Vous \u00eates litt\u00e9ralement au travail<\/strong><\/h3>\n<p>Si vous vous demandez si vous partagez trop d&rsquo;informations personnelles avec vos coll\u00e8gues, vous partagez probablement d\u00e9j\u00e0 trop d&rsquo;informations personnelles avec vos coll\u00e8gues. <\/p>\n<h2 id=\"how-to-stop-oversharing\"><strong>Comment arr\u00eater le partage excessif<\/strong><\/h2>\n<p>La meilleure fa\u00e7on d\u2019\u00e9viter de trop partager est d\u2019identifier en premier lieu pourquoi vous vous sentez oblig\u00e9 de le faire. Arzt \u00e9crit que reconna\u00eetre <em>pourquoi<\/em> vous partagez trop, c&rsquo;est ce qui vous aide \u00e0 briser le sch\u00e9ma. Par exemple : \u00ab Si vous savez que vous partagez trop parce que vous voulez de l&rsquo;attention, vous pouvez commencer \u00e0 r\u00e9fl\u00e9chir \u00e0 ce qui d\u00e9clenche ce besoin d&rsquo;attention. Si vous pensez que vous partagez trop parce que vous souffrez d\u2019anxi\u00e9t\u00e9, vous pouvez r\u00e9fl\u00e9chir aux situations qui vous rendent le plus anxieux.<\/p>\n<p>Une fois que vous avez analys\u00e9 la raison de votre partage excessif, voici quelques strat\u00e9gies suppl\u00e9mentaires pour r\u00e9duire vos habitudes de partage\u00a0:<\/p>\n<ul>\n<li>\n<p><strong>Donnez-vous une limite de temps.<\/strong> Si vous parlez plusieurs minutes \u00e0 la fois, vous transformez probablement une conversation en monologue. <\/p>\n<\/li>\n<li>\n<p><strong>Trouvez un autre point de vente.<\/strong> Commencez \u00e0 tenir un journal au lieu de publier ou commencez \u00e0 vous laisser des m\u00e9mos vocaux afin de traiter verbalement quelque chose. <\/p>\n<\/li>\n<li>\n<p><strong>Pratiquez l\u2019\u00e9coute active. <\/strong>Assurez-vous de poser des questions \u00e0 l&rsquo;autre personne, plut\u00f4t que de dominer constamment le partage. <\/p>\n<\/li>\n<li>\n<p><strong>\u00c9vitez les r\u00e9seaux sociaux lorsque vous vous sentez \u00e9motif.<\/strong> C\u2019est une r\u00e8gle \u00e0 respecter dans n\u2019importe quel contexte.<\/p>\n<\/li>\n<\/ul>\n<h2 id=\"how-to-recover-after-oversharing\"><strong>Comment r\u00e9cup\u00e9rer apr\u00e8s un partage excessif<\/strong><\/h2>\n<p>Peut-\u00eatre avez-vous cliqu\u00e9 sur cet article dans un moment de panique apr\u00e8s le partage. Nous avons tous eu un moment de regret instantan\u00e9 apr\u00e8s avoir laiss\u00e9 \u00e9chapper quelque chose. La cl\u00e9 est d\u2019y rem\u00e9dier et de passer \u00e0 autre chose \u2013 rapidement. Changez de sujet, d\u00e9tendez l&rsquo;ambiance et ne vous rendez pas fou en r\u00e9fl\u00e9chissant \u00e0 des informations qui vous \u00e9chappent d\u00e9j\u00e0.<\/p>\n<p>Et si vous avez l\u2019impression que le partage excessif fait d\u00e9sormais partie de qui vous \u00eates, pensez \u00e0 trouver le th\u00e9rapeute qui vous convient. <\/p>\n","protected":false},"excerpt":{"rendered":"<p>\u00catre authentique et sympathique, c\u2019est g\u00e9nial\u00a0! Se d\u00e9charger constamment sur tout le monde autour de vous ne l&rsquo;est pas. La fronti\u00e8re entre information priv\u00e9e et<\/p>\n","protected":false},"author":1,"featured_media":2078,"comment_status":"","ping_status":"","sticky":false,"template":"","format":"standard","meta":{"footnotes":""},"categories":[42],"tags":[44,157,2814,183,656,4],"class_list":["post-2077","post","type-post","status-publish","format-standard","has-post-thumbnail","hentry","category-relations","tag-comment","tag-larreter","tag-partagez","tag-savoir","tag-trop","tag-vous","generate-columns","tablet-grid-50","mobile-grid-100","grid-parent","grid-33"],"yoast_head":"<!-- This site is optimized with the Yoast SEO plugin v24.0 - https:\/\/yoast.com\/wordpress\/plugins\/seo\/ -->\n<title>Comment savoir si vous partagez trop (et comment l&#039;arr\u00eater) | Vie Associative<\/title>\n<meta name=\"robots\" content=\"index, follow, max-snippet:-1, max-image-preview:large, max-video-preview:-1\" \/>\n<link rel=\"canonical\" href=\"https:\/\/vieassociative.be\/actualites\/comment-savoir-si-vous-partagez-trop-et-comment-larreter\/\" \/>\n<meta property=\"og:locale\" content=\"fr_FR\" \/>\n<meta property=\"og:type\" content=\"article\" \/>\n<meta property=\"og:title\" content=\"Comment savoir si vous partagez trop (et comment l&#039;arr\u00eater) | Vie Associative\" \/>\n<meta property=\"og:description\" content=\"\u00catre authentique et sympathique, c\u2019est g\u00e9nial\u00a0! Se d\u00e9charger constamment sur tout le monde autour de vous ne l&rsquo;est pas. La fronti\u00e8re entre information priv\u00e9e et\" \/>\n<meta property=\"og:url\" content=\"https:\/\/vieassociative.be\/actualites\/comment-savoir-si-vous-partagez-trop-et-comment-larreter\/\" \/>\n<meta property=\"og:site_name\" content=\"Vie Associative\" \/>\n<meta property=\"article:published_time\" content=\"2024-11-06T00:19:22+00:00\" \/>\n<meta property=\"og:image\" content=\"https:\/\/vieassociative.be\/actualites\/wp-content\/uploads\/2024\/09\/header_backgroundk-01-e1726694325946.png\" \/>\n\t<meta property=\"og:image:width\" content=\"279\" \/>\n\t<meta property=\"og:image:height\" content=\"92\" \/>\n\t<meta property=\"og:image:type\" content=\"image\/png\" \/>\n<meta name=\"author\" content=\"Julien\" \/>\n<meta name=\"twitter:card\" content=\"summary_large_image\" \/>\n<meta name=\"twitter:label1\" content=\"\u00c9crit par\" \/>\n\t<meta name=\"twitter:data1\" content=\"Julien\" \/>\n\t<meta name=\"twitter:label2\" content=\"Dur\u00e9e de lecture est.\" \/>\n\t<meta name=\"twitter:data2\" content=\"6 minutes\" \/>\n<script type=\"application\/ld+json\" class=\"yoast-schema-graph\">{\"@context\":\"https:\/\/schema.org\",\"@graph\":[{\"@type\":\"Article\",\"@id\":\"https:\/\/vieassociative.be\/actualites\/comment-savoir-si-vous-partagez-trop-et-comment-larreter\/#article\",\"isPartOf\":{\"@id\":\"https:\/\/vieassociative.be\/actualites\/comment-savoir-si-vous-partagez-trop-et-comment-larreter\/\"},\"author\":{\"name\":\"Julien\",\"@id\":\"https:\/\/vieassociative.be\/actualites\/#\/schema\/person\/b87ac4f82f9d4e7b7cec7395b679edc4\"},\"headline\":\"Comment savoir si vous partagez trop (et comment l&rsquo;arr\u00eater)\",\"datePublished\":\"2024-11-06T00:19:22+00:00\",\"dateModified\":\"2024-11-06T00:19:22+00:00\",\"mainEntityOfPage\":{\"@id\":\"https:\/\/vieassociative.be\/actualites\/comment-savoir-si-vous-partagez-trop-et-comment-larreter\/\"},\"wordCount\":1197,\"publisher\":{\"@id\":\"https:\/\/vieassociative.be\/actualites\/#organization\"},\"image\":{\"@id\":\"https:\/\/vieassociative.be\/actualites\/comment-savoir-si-vous-partagez-trop-et-comment-larreter\/#primaryimage\"},\"thumbnailUrl\":\"https:\/\/vieassociative.be\/actualites\/wp-content\/uploads\/2024\/11\/Comment-savoir-si-vous-partagez-trop-et-comment-larreter.jpg\",\"keywords\":[\"Comment\",\"larr\u00eater\",\"partagez\",\"savoir\",\"trop\",\"Vous\"],\"articleSection\":[\"Relations\"],\"inLanguage\":\"fr-BE\"},{\"@type\":\"WebPage\",\"@id\":\"https:\/\/vieassociative.be\/actualites\/comment-savoir-si-vous-partagez-trop-et-comment-larreter\/\",\"url\":\"https:\/\/vieassociative.be\/actualites\/comment-savoir-si-vous-partagez-trop-et-comment-larreter\/\",\"name\":\"Comment savoir si vous partagez trop (et comment l'arr\u00eater) | Vie Associative\",\"isPartOf\":{\"@id\":\"https:\/\/vieassociative.be\/actualites\/#website\"},\"primaryImageOfPage\":{\"@id\":\"https:\/\/vieassociative.be\/actualites\/comment-savoir-si-vous-partagez-trop-et-comment-larreter\/#primaryimage\"},\"image\":{\"@id\":\"https:\/\/vieassociative.be\/actualites\/comment-savoir-si-vous-partagez-trop-et-comment-larreter\/#primaryimage\"},\"thumbnailUrl\":\"https:\/\/vieassociative.be\/actualites\/wp-content\/uploads\/2024\/11\/Comment-savoir-si-vous-partagez-trop-et-comment-larreter.jpg\",\"datePublished\":\"2024-11-06T00:19:22+00:00\",\"dateModified\":\"2024-11-06T00:19:22+00:00\",\"breadcrumb\":{\"@id\":\"https:\/\/vieassociative.be\/actualites\/comment-savoir-si-vous-partagez-trop-et-comment-larreter\/#breadcrumb\"},\"inLanguage\":\"fr-BE\",\"potentialAction\":[{\"@type\":\"ReadAction\",\"target\":[\"https:\/\/vieassociative.be\/actualites\/comment-savoir-si-vous-partagez-trop-et-comment-larreter\/\"]}]},{\"@type\":\"ImageObject\",\"inLanguage\":\"fr-BE\",\"@id\":\"https:\/\/vieassociative.be\/actualites\/comment-savoir-si-vous-partagez-trop-et-comment-larreter\/#primaryimage\",\"url\":\"https:\/\/vieassociative.be\/actualites\/wp-content\/uploads\/2024\/11\/Comment-savoir-si-vous-partagez-trop-et-comment-larreter.jpg\",\"contentUrl\":\"https:\/\/vieassociative.be\/actualites\/wp-content\/uploads\/2024\/11\/Comment-savoir-si-vous-partagez-trop-et-comment-larreter.jpg\",\"width\":1200,\"height\":675,\"caption\":\"Comment savoir si vous partagez trop (et comment l'arr\u00eater)\"},{\"@type\":\"BreadcrumbList\",\"@id\":\"https:\/\/vieassociative.be\/actualites\/comment-savoir-si-vous-partagez-trop-et-comment-larreter\/#breadcrumb\",\"itemListElement\":[{\"@type\":\"ListItem\",\"position\":1,\"name\":\"Accueil\",\"item\":\"https:\/\/vieassociative.be\/actualites\/\"},{\"@type\":\"ListItem\",\"position\":2,\"name\":\"Comment savoir si vous partagez trop (et comment l&rsquo;arr\u00eater)\"}]},{\"@type\":\"WebSite\",\"@id\":\"https:\/\/vieassociative.be\/actualites\/#website\",\"url\":\"https:\/\/vieassociative.be\/actualites\/\",\"name\":\"Vie Associative\",\"description\":\"\",\"publisher\":{\"@id\":\"https:\/\/vieassociative.be\/actualites\/#organization\"},\"potentialAction\":[{\"@type\":\"SearchAction\",\"target\":{\"@type\":\"EntryPoint\",\"urlTemplate\":\"https:\/\/vieassociative.be\/actualites\/?s={search_term_string}\"},\"query-input\":{\"@type\":\"PropertyValueSpecification\",\"valueRequired\":true,\"valueName\":\"search_term_string\"}}],\"inLanguage\":\"fr-BE\"},{\"@type\":\"Organization\",\"@id\":\"https:\/\/vieassociative.be\/actualites\/#organization\",\"name\":\"Vie Associative\",\"url\":\"https:\/\/vieassociative.be\/actualites\/\",\"logo\":{\"@type\":\"ImageObject\",\"inLanguage\":\"fr-BE\",\"@id\":\"https:\/\/vieassociative.be\/actualites\/#\/schema\/logo\/image\/\",\"url\":\"https:\/\/vieassociative.be\/actualites\/wp-content\/uploads\/2024\/09\/cropped-vieassociative_favicon.ico.png\",\"contentUrl\":\"https:\/\/vieassociative.be\/actualites\/wp-content\/uploads\/2024\/09\/cropped-vieassociative_favicon.ico.png\",\"width\":512,\"height\":512,\"caption\":\"Vie Associative\"},\"image\":{\"@id\":\"https:\/\/vieassociative.be\/actualites\/#\/schema\/logo\/image\/\"}},{\"@type\":\"Person\",\"@id\":\"https:\/\/vieassociative.be\/actualites\/#\/schema\/person\/b87ac4f82f9d4e7b7cec7395b679edc4\",\"name\":\"Julien\",\"image\":{\"@type\":\"ImageObject\",\"inLanguage\":\"fr-BE\",\"@id\":\"https:\/\/vieassociative.be\/actualites\/#\/schema\/person\/image\/\",\"url\":\"https:\/\/vieassociative.be\/actualites\/wp-content\/uploads\/2024\/09\/vie-associative-1-150x150.jpg\",\"contentUrl\":\"https:\/\/vieassociative.be\/actualites\/wp-content\/uploads\/2024\/09\/vie-associative-1-150x150.jpg\",\"caption\":\"Julien\"},\"description\":\"Je suis Julien, r\u00e9dacteur pour Vie Associative. Passionn\u00e9 par le monde associatif depuis plus de 10 ans, j'ai \u00e0 c\u0153ur de partager des histoires inspirantes et de mettre en lumi\u00e8re les initiatives locales. Mon objectif est de sensibiliser et d'encourager l'engagement communautaire \u00e0 travers mes articles.\",\"sameAs\":[\"https:\/\/vieassociative.be\/\"]}]}<\/script>\n<!-- \/ Yoast SEO plugin. -->","yoast_head_json":{"title":"Comment savoir si vous partagez trop (et comment l'arr\u00eater) | Vie Associative","robots":{"index":"index","follow":"follow","max-snippet":"max-snippet:-1","max-image-preview":"max-image-preview:large","max-video-preview":"max-video-preview:-1"},"canonical":"https:\/\/vieassociative.be\/actualites\/comment-savoir-si-vous-partagez-trop-et-comment-larreter\/","og_locale":"fr_FR","og_type":"article","og_title":"Comment savoir si vous partagez trop (et comment l'arr\u00eater) | Vie Associative","og_description":"\u00catre authentique et sympathique, c\u2019est g\u00e9nial\u00a0! Se d\u00e9charger constamment sur tout le monde autour de vous ne l&rsquo;est pas. La fronti\u00e8re entre information priv\u00e9e et","og_url":"https:\/\/vieassociative.be\/actualites\/comment-savoir-si-vous-partagez-trop-et-comment-larreter\/","og_site_name":"Vie Associative","article_published_time":"2024-11-06T00:19:22+00:00","og_image":[{"width":279,"height":92,"url":"https:\/\/vieassociative.be\/actualites\/wp-content\/uploads\/2024\/09\/header_backgroundk-01-e1726694325946.png","type":"image\/png"}],"author":"Julien","twitter_card":"summary_large_image","twitter_misc":{"\u00c9crit par":"Julien","Dur\u00e9e de lecture est.":"6 minutes"},"schema":{"@context":"https:\/\/schema.org","@graph":[{"@type":"Article","@id":"https:\/\/vieassociative.be\/actualites\/comment-savoir-si-vous-partagez-trop-et-comment-larreter\/#article","isPartOf":{"@id":"https:\/\/vieassociative.be\/actualites\/comment-savoir-si-vous-partagez-trop-et-comment-larreter\/"},"author":{"name":"Julien","@id":"https:\/\/vieassociative.be\/actualites\/#\/schema\/person\/b87ac4f82f9d4e7b7cec7395b679edc4"},"headline":"Comment savoir si vous partagez trop (et comment l&rsquo;arr\u00eater)","datePublished":"2024-11-06T00:19:22+00:00","dateModified":"2024-11-06T00:19:22+00:00","mainEntityOfPage":{"@id":"https:\/\/vieassociative.be\/actualites\/comment-savoir-si-vous-partagez-trop-et-comment-larreter\/"},"wordCount":1197,"publisher":{"@id":"https:\/\/vieassociative.be\/actualites\/#organization"},"image":{"@id":"https:\/\/vieassociative.be\/actualites\/comment-savoir-si-vous-partagez-trop-et-comment-larreter\/#primaryimage"},"thumbnailUrl":"https:\/\/vieassociative.be\/actualites\/wp-content\/uploads\/2024\/11\/Comment-savoir-si-vous-partagez-trop-et-comment-larreter.jpg","keywords":["Comment","larr\u00eater","partagez","savoir","trop","Vous"],"articleSection":["Relations"],"inLanguage":"fr-BE"},{"@type":"WebPage","@id":"https:\/\/vieassociative.be\/actualites\/comment-savoir-si-vous-partagez-trop-et-comment-larreter\/","url":"https:\/\/vieassociative.be\/actualites\/comment-savoir-si-vous-partagez-trop-et-comment-larreter\/","name":"Comment savoir si vous partagez trop (et comment l'arr\u00eater) | Vie Associative","isPartOf":{"@id":"https:\/\/vieassociative.be\/actualites\/#website"},"primaryImageOfPage":{"@id":"https:\/\/vieassociative.be\/actualites\/comment-savoir-si-vous-partagez-trop-et-comment-larreter\/#primaryimage"},"image":{"@id":"https:\/\/vieassociative.be\/actualites\/comment-savoir-si-vous-partagez-trop-et-comment-larreter\/#primaryimage"},"thumbnailUrl":"https:\/\/vieassociative.be\/actualites\/wp-content\/uploads\/2024\/11\/Comment-savoir-si-vous-partagez-trop-et-comment-larreter.jpg","datePublished":"2024-11-06T00:19:22+00:00","dateModified":"2024-11-06T00:19:22+00:00","breadcrumb":{"@id":"https:\/\/vieassociative.be\/actualites\/comment-savoir-si-vous-partagez-trop-et-comment-larreter\/#breadcrumb"},"inLanguage":"fr-BE","potentialAction":[{"@type":"ReadAction","target":["https:\/\/vieassociative.be\/actualites\/comment-savoir-si-vous-partagez-trop-et-comment-larreter\/"]}]},{"@type":"ImageObject","inLanguage":"fr-BE","@id":"https:\/\/vieassociative.be\/actualites\/comment-savoir-si-vous-partagez-trop-et-comment-larreter\/#primaryimage","url":"https:\/\/vieassociative.be\/actualites\/wp-content\/uploads\/2024\/11\/Comment-savoir-si-vous-partagez-trop-et-comment-larreter.jpg","contentUrl":"https:\/\/vieassociative.be\/actualites\/wp-content\/uploads\/2024\/11\/Comment-savoir-si-vous-partagez-trop-et-comment-larreter.jpg","width":1200,"height":675,"caption":"Comment savoir si vous partagez trop (et comment l'arr\u00eater)"},{"@type":"BreadcrumbList","@id":"https:\/\/vieassociative.be\/actualites\/comment-savoir-si-vous-partagez-trop-et-comment-larreter\/#breadcrumb","itemListElement":[{"@type":"ListItem","position":1,"name":"Accueil","item":"https:\/\/vieassociative.be\/actualites\/"},{"@type":"ListItem","position":2,"name":"Comment savoir si vous partagez trop (et comment l&rsquo;arr\u00eater)"}]},{"@type":"WebSite","@id":"https:\/\/vieassociative.be\/actualites\/#website","url":"https:\/\/vieassociative.be\/actualites\/","name":"Vie Associative","description":"","publisher":{"@id":"https:\/\/vieassociative.be\/actualites\/#organization"},"potentialAction":[{"@type":"SearchAction","target":{"@type":"EntryPoint","urlTemplate":"https:\/\/vieassociative.be\/actualites\/?s={search_term_string}"},"query-input":{"@type":"PropertyValueSpecification","valueRequired":true,"valueName":"search_term_string"}}],"inLanguage":"fr-BE"},{"@type":"Organization","@id":"https:\/\/vieassociative.be\/actualites\/#organization","name":"Vie Associative","url":"https:\/\/vieassociative.be\/actualites\/","logo":{"@type":"ImageObject","inLanguage":"fr-BE","@id":"https:\/\/vieassociative.be\/actualites\/#\/schema\/logo\/image\/","url":"https:\/\/vieassociative.be\/actualites\/wp-content\/uploads\/2024\/09\/cropped-vieassociative_favicon.ico.png","contentUrl":"https:\/\/vieassociative.be\/actualites\/wp-content\/uploads\/2024\/09\/cropped-vieassociative_favicon.ico.png","width":512,"height":512,"caption":"Vie Associative"},"image":{"@id":"https:\/\/vieassociative.be\/actualites\/#\/schema\/logo\/image\/"}},{"@type":"Person","@id":"https:\/\/vieassociative.be\/actualites\/#\/schema\/person\/b87ac4f82f9d4e7b7cec7395b679edc4","name":"Julien","image":{"@type":"ImageObject","inLanguage":"fr-BE","@id":"https:\/\/vieassociative.be\/actualites\/#\/schema\/person\/image\/","url":"https:\/\/vieassociative.be\/actualites\/wp-content\/uploads\/2024\/09\/vie-associative-1-150x150.jpg","contentUrl":"https:\/\/vieassociative.be\/actualites\/wp-content\/uploads\/2024\/09\/vie-associative-1-150x150.jpg","caption":"Julien"},"description":"Je suis Julien, r\u00e9dacteur pour Vie Associative. Passionn\u00e9 par le monde associatif depuis plus de 10 ans, j'ai \u00e0 c\u0153ur de partager des histoires inspirantes et de mettre en lumi\u00e8re les initiatives locales. Mon objectif est de sensibiliser et d'encourager l'engagement communautaire \u00e0 travers mes articles.","sameAs":["https:\/\/vieassociative.be\/"]}]}},"_links":{"self":[{"href":"https:\/\/vieassociative.be\/actualites\/wp-json\/wp\/v2\/posts\/2077"}],"collection":[{"href":"https:\/\/vieassociative.be\/actualites\/wp-json\/wp\/v2\/posts"}],"about":[{"href":"https:\/\/vieassociative.be\/actualites\/wp-json\/wp\/v2\/types\/post"}],"author":[{"embeddable":true,"href":"https:\/\/vieassociative.be\/actualites\/wp-json\/wp\/v2\/users\/1"}],"replies":[{"embeddable":true,"href":"https:\/\/vieassociative.be\/actualites\/wp-json\/wp\/v2\/comments?post=2077"}],"version-history":[{"count":0,"href":"https:\/\/vieassociative.be\/actualites\/wp-json\/wp\/v2\/posts\/2077\/revisions"}],"wp:featuredmedia":[{"embeddable":true,"href":"https:\/\/vieassociative.be\/actualites\/wp-json\/wp\/v2\/media\/2078"}],"wp:attachment":[{"href":"https:\/\/vieassociative.be\/actualites\/wp-json\/wp\/v2\/media?parent=2077"}],"wp:term":[{"taxonomy":"category","embeddable":true,"href":"https:\/\/vieassociative.be\/actualites\/wp-json\/wp\/v2\/categories?post=2077"},{"taxonomy":"post_tag","embeddable":true,"href":"https:\/\/vieassociative.be\/actualites\/wp-json\/wp\/v2\/tags?post=2077"}],"curies":[{"name":"wp","href":"https:\/\/api.w.org\/{rel}","templated":true}]}}