{"id":2069,"date":"2024-11-05T20:17:32","date_gmt":"2024-11-05T19:17:32","guid":{"rendered":"https:\/\/vieassociative.be\/actualites\/comment-preparer-une-chambre-dhotel-pour-ne-rien-oublier\/"},"modified":"2024-11-05T20:17:32","modified_gmt":"2024-11-05T19:17:32","slug":"comment-preparer-une-chambre-dhotel-pour-ne-rien-oublier","status":"publish","type":"post","link":"https:\/\/vieassociative.be\/actualites\/comment-preparer-une-chambre-dhotel-pour-ne-rien-oublier\/","title":{"rendered":"Comment pr\u00e9parer une chambre d&rsquo;h\u00f4tel pour ne rien oublier"},"content":{"rendered":"<div class=\"mt-4 leading-6 md:mb-8\">M\u00eame si vous avez rang\u00e9 vos v\u00eatements dans les tiroirs.<\/div>\n<p><\/p>\n<p>Je n&rsquo;avais pas r\u00e9alis\u00e9 \u00e0 quel point j&rsquo;\u00e9tais dou\u00e9 dans le processus de nettoyage rapide et complet d&rsquo;une chambre d&rsquo;h\u00f4tel jusqu&rsquo;\u00e0 ce que je parte en vacances avec quelqu&rsquo;un qui ne l&rsquo;est pas. (Cette personne restera anonyme, mais divulgation compl\u00e8te\u00a0: il se trouve que je suis mari\u00e9e avec lui.) <\/p>\n<p>Il fait des choses comme remplir une valise et l&rsquo;apporter \u00e0 la voiture, pendant que son contenu languit sur une table. Ou il ne remarquera pas que l&rsquo;un des jouets de nos enfants se trouve avec les contenants \u00e0 emporter que nous devons jeter. <\/p>\n<p>Nous pouvons faire mieux que cela\u00a0! Et je vais vous montrer comment. Id\u00e9alement, la magie commence bien avant que vous ayez besoin de commencer \u00e0 faire vos bagages, mais vous pouvez commencer \u00e0 tout moment. <\/p>\n<h2 id=\"when-you-arrive-designate-your-spaces\">\u00c0 votre arriv\u00e9e : D\u00e9signez \u00ab vos \u00bb espaces<\/h2>\n<p>Je suis <em>pas<\/em> je vais vous dire d&rsquo;\u00e9viter d&rsquo;utiliser des tiroirs. Vous devez absolument utiliser les tiroirs, si votre h\u00f4tel en dispose. Concr\u00e8tement, vous devez sortir vos cubes d&#8217;emballage de votre valise. laissez-les pleins de v\u00eatements et mettez chaque cube directement dans un tiroir. <\/p>\n<p>La cl\u00e9 est que vous devez revendiquer les espaces que vous utiliserez. Consid\u00e9rez certaines zones de la chambre d&rsquo;h\u00f4tel comme \u00ab vos \u00bb espaces, dans la mesure o\u00f9 elles abriteront <em>ton<\/em> articles. (Ce tiroir dans lequel vous venez de placer votre cube d&#8217;emballage ? Le v\u00f4tre.) D\u00e9signez ensuite d&rsquo;autres zones comme \u00e9tant r\u00e9serv\u00e9es aux articles jetables ou appartenant \u00e0 l&rsquo;h\u00f4tel. <\/p>\n<p>Voici quelques exemples de la fa\u00e7on dont vous pourriez proc\u00e9der lors d\u2019un voyage. Vous pouvez les adapter \u00e0 vos besoins.<\/p>\n<ul>\n<li>\n<p>La table de nuit est \u00e0 moi. Le meuble TV est celui de l&rsquo;h\u00f4tel. Je garde donc mon t\u00e9l\u00e9phone et mes c\u00e2bles de chargement sur la table de nuit, et je d\u00e9place tous les petits objets de l&rsquo;h\u00f4tel (cartes d&rsquo;information, etc.) sur le meuble TV. Je place \u00e9galement la t\u00e9l\u00e9commande du t\u00e9l\u00e9viseur sur le meuble TV lorsque je n&rsquo;en ai pas besoin \u00e0 port\u00e9e de main.<\/p>\n<\/li>\n<li>\n<p>L&rsquo;espace sous la table, o\u00f9 se trouve la poubelle, appartient \u00e0 l&rsquo;h\u00f4tel. J&rsquo;y d\u00e9poserai les d\u00e9chets et le recyclage. Je vais <em>pas<\/em> j&rsquo;enl\u00e8ve mes chaussures et je les laisse sous la table. <\/p>\n<\/li>\n<li>\n<p>\u00ab\u00a0Mon\u00a0\u00bb espace de salle de bain est le comptoir. La douche ne fait pas partie de mes espaces. Ainsi, apr\u00e8s avoir pris une douche, je retire mon rasoir et ma bouteille de shampoing personnelle et je les pose sur le comptoir. (Le savon de l\u2019h\u00f4tel peut rester.)<\/p>\n<\/li>\n<li>\n<p>Le lit appartient \u00e0 l&rsquo;h\u00f4tel. Apr\u00e8s mon r\u00e9veil, je r\u00e9cup\u00e8re tous les objets que j&rsquo;avais au lit avec moi (un sweat-shirt que j&rsquo;ai enlev\u00e9 pendant la nuit, un livre que je lisais quand je me suis \u00e9vanoui) et je les d\u00e9place dans l&rsquo;un de mes espaces. <\/p>\n<\/li>\n<\/ul>\n<p>J&rsquo;aime m&rsquo;en tenir \u00e0 cette r\u00e9partition des espaces lors de tout court s\u00e9jour (jusqu&rsquo;\u00e0 trois jours), ou lors des derniers jours d&rsquo;un long s\u00e9jour. \u00c9videmment, si plusieurs personnes s\u00e9journent dans la m\u00eame chambre, vous pouvez <em>chaque<\/em> ayez votre propre espace. Par exemple, vous prenez la table et votre colocataire prend le bureau. Vous prenez le tiroir du haut et eux prennent le deuxi\u00e8me tiroir. Vous prenez le c\u00f4t\u00e9 gauche du comptoir de la salle de bain et eux prennent le c\u00f4t\u00e9 droit. <\/p>\n<p>Prenez l&rsquo;habitude de v\u00e9rifier r\u00e9guli\u00e8rement les espaces de \u00ab l&rsquo;h\u00f4tel \u00bb et d&rsquo;en d\u00e9placer les objets vers l&rsquo;espace appropri\u00e9. De cette fa\u00e7on, rien ne sera laiss\u00e9 sous les couvertures, car vous avez v\u00e9rifi\u00e9 le lit tous les matins. C&rsquo;est \u00e9galement une bonne pratique lorsque vous faites enfin vos bagages, mais nous en parlerons plus dans une minute.<\/p>\n<h2 id=\"dont-unpack-things-you-dont-actually-need-to-unpack\">Ne d\u00e9ballez pas les choses dont vous n&rsquo;avez pas r\u00e9ellement besoin.<\/h2>\n<p>Prenons un moment pour appr\u00e9cier les choses qui restent en quelque sorte \u00ab emball\u00e9es \u00bb m\u00eame lorsqu&rsquo;elles sont d\u00e9ball\u00e9es. Par exemple, poser une valise sur un porte-bagages vous permet d&rsquo;utiliser la valise comme une sorte de commode impromptue. Et j&rsquo;adore les bonnes trousses de toilette suspendues : j&rsquo;ai celle-ci de Travelon. Je vais utiliser mon d\u00e9odorant, puis le remettre dans sa petite poche. Ma brosse \u00e0 dents est la seule chose qui reste dehors toute la journ\u00e9e (d&rsquo;ailleurs, a\u00e9rer une brosse \u00e0 dents est essentiel pour emp\u00eacher les germes de s&rsquo;infecter &#8211; c&rsquo;est plus important que de la couvrir.) <\/p>\n<h2 id=\"on-your-second-to-last-day-shrink-those-spaces\">L&rsquo;avant-dernier jour\u00a0: r\u00e9duisez ces espaces<\/h2>\n<p>\u00c0 mesure que votre heure de d\u00e9part approche, commencez \u00e0 r\u00e9cup\u00e9rer vos affaires. Vous n&rsquo;\u00eates pas encore oblig\u00e9 de les emballer dans des sacs, mais v\u00e9rifiez tous les espaces \u00ab h\u00f4tel \u00bb et voyez si vous pouvez apporter quelque chose dans l&rsquo;un de \u00ab vos \u00bb espaces. <\/p>\n<p>Il est \u00e9galement temps de commencer \u00e0 reconvertir certains de vos espaces en espaces h\u00f4teliers. Disons que vous avez accroch\u00e9 des v\u00eatements dans le placard. Eh bien, si c&rsquo;est votre derni\u00e8re nuit et que vous avez fini de porter ces v\u00eatements, enlevez-les des cintres et mettez-les dans votre valise ou avec vos autres v\u00eatements dans le tiroir.<\/p>\n<p>C\u2019est aussi le bon moment pour s\u00e9parer les choses qui appartiennent \u00e0 diff\u00e9rentes personnes. Si certaines de vos affaires se trouvent du c\u00f4t\u00e9 du lavabo de la salle de bain de votre colocataire, ou vice versa, r\u00e9organisez-les de mani\u00e8re appropri\u00e9e. <\/p>\n<h2 id=\"check-hotel-spaces-as-you-pack\">V\u00e9rifiez les espaces \u00ab\u00a0h\u00f4tel\u00a0\u00bb pendant que vous faites vos bagages<\/h2>\n<p>Alors que vous et vos compagnons de voyage commencez \u00e0 faire vos valises, continuez ce processus consistant \u00e0 retirer les objets des espaces de l&rsquo;h\u00f4tel. Vous prendrez l&rsquo;habitude de regarder autour de vous : \u00ab Rien sur le bureau, rien dans le placard, rien par terre ici, et les tiroirs ? Non, rien dans les tiroirs. OK, voyons ce que je peux emporter de la salle de bain. <\/p>\n<p>Lors d&rsquo;un voyage en solo o\u00f9 vous avez un ou deux bagages, c&rsquo;est un processus simple et rapide. C&rsquo;est plus compliqu\u00e9 si vous avez plus de monde et plus de bagages. Dans ce cas, commencez \u00e0 regrouper les objets en fonction du sac dans lequel ils seront emball\u00e9s ou de la mani\u00e8re dont vous organisez votre voyage. Tous les v\u00eatements ensemble. Tous les jouets ensemble. Toute la nourriture ensemble. <\/p>\n<p>L&rsquo;id\u00e9e est que vous devriez pouvoir jeter un coup d&rsquo;\u0153il sur un espace et savoir si vous avez fini de l&#8217;emballer. S&rsquo;il est vide, tant mieux, vous en avez fini avec cet espace. Mais si vous avez, disons, des produits d&rsquo;\u00e9picerie dans un sac \u00e0 moiti\u00e9 d\u00e9ball\u00e9, ils doivent \u00eatre s\u00e9par\u00e9s en d\u00e9chets (mis \u00e0 la poubelle) et en choses que vous voulez encore (mettez-les avec la nourriture s&rsquo;il s&rsquo;agit de nourriture, et ainsi de suite). . <\/p>\n<h2 id=\"designate-staging-areas\">D\u00e9signer des zones de rassemblement<\/h2>\n<p>La plupart des chambres d&rsquo;h\u00f4tel auront une entr\u00e9e avec de la place pour quelques valises et paires de chaussures. (Si ce n&rsquo;est pas le cas, d\u00e9signez un espace appropri\u00e9.) Vous pourriez \u00eatre tent\u00e9 de <em>aussi<\/em> placez les d\u00e9chets pr\u00e8s de l\u2019entr\u00e9e, mais assurez-vous qu\u2019ils sont compl\u00e8tement et visuellement s\u00e9par\u00e9s. <\/p>\n<p>Lorsqu&rsquo;un sac est emball\u00e9, ne le sortez pas tout de suite dans la voiture. Placez le sac dans votre zone de transit. De cette fa\u00e7on, si vous trouvez un article qui doit \u00eatre plac\u00e9 dans la valise verte, vous n&rsquo;avez pas besoin de sortir en voiture pour le r\u00e9cup\u00e9rer ni de l&#8217;emballer dans un autre sac : la valise verte est toujours l\u00e0. <\/p>\n<p>Il va sans dire que vous poursuivrez votre scrutation des espaces h\u00f4teliers. Les tiroirs sont d\u00e9sormais vides, le bureau est d\u00e9gag\u00e9, il ne reste que quelques objets sur la table et vous avez v\u00e9rifi\u00e9 de mani\u00e8re obsessionnelle la douche, les crochets derri\u00e8re la porte et l&rsquo;espace sous le lit environ 1 000 fois. <\/p>\n<p>Vous pouvez \u00e9galement r\u00e9cup\u00e9rer certains espaces \u00ab h\u00f4teliers \u00bb comme zones de transit. Judicieusement, bien s\u00fbr. Une bonne strat\u00e9gie consiste \u00e0 v\u00e9rifier le lit pour toutes vos affaires, \u00e0 le refaire (il n&rsquo;est pas n\u00e9cessaire qu&rsquo;il soit joli), puis \u00e0 utiliser le lit pour les choses que vous r\u00e9cup\u00e9rerez en sortant de la pi\u00e8ce. Votre veste, par exemple. Ou votre portefeuille. Il est beaucoup plus difficile d&rsquo;oublier sa veste lorsqu&rsquo;elle est en plein milieu du lit, plut\u00f4t que drap\u00e9e sur une chaise au fond de la pi\u00e8ce. <\/p>\n<h2 id=\"review-your-packing-list\">V\u00e9rifiez votre liste de colisage<\/h2>\n<p>Pour \u00eatre s\u00fbr de ne rien oublier, r\u00e9f\u00e9rez-vous \u00e0 la m\u00eame liste de colisage que celle que vous avez utilis\u00e9e lorsque vous avez quitt\u00e9 la maison. Pyjama, brosse \u00e0 dents, passeport ? V\u00e9rifier. <\/p>\n<p>Assurez-vous d&rsquo;ajouter deux choses \u00e0 votre liste de colisage mentale : (1) les souvenirs que vous avez achet\u00e9s (ou vraiment tout ce que vous avez acquis) pendant le voyage ; et (2) De la nourriture dans le r\u00e9frig\u00e9rateur. Le r\u00e9frig\u00e9rateur est l&rsquo;un des espaces les plus difficiles \u00e0 nettoyer car les aliments doivent y rester jusqu&rsquo;\u00e0 la derni\u00e8re minute, mais il est \u00e9galement hors de vue. Si vous poss\u00e9dez une glaci\u00e8re, laissez-la ouverte devant le r\u00e9frig\u00e9rateur pour rappel. <\/p>\n<h2 id=\"have-everyone-do-one-last-check\">Avoir <em>tout le monde<\/em> faire une derni\u00e8re v\u00e9rification<\/h2>\n<p>Bien s\u00fbr, vous allez faire une derni\u00e8re v\u00e9rification de la pi\u00e8ce avant de fermer la porte pour la derni\u00e8re fois. Mais si vous \u00eates dans un groupe familial, surtout avec des enfants, assurez-vous <em>tout le monde<\/em> fait sa propre visite guid\u00e9e \u2013 pas d&rsquo;attente dans la voiture pendant que papa r\u00e9cup\u00e8re les \u00abderni\u00e8res choses\u00bb. Apprenez aux enfants \u00e0 v\u00e9rifier \u00ab l\u2019arri\u00e8re et le dessous \u00bb, comme je leur dis (\u00e7a semble sale maintenant que je l\u2019ai tap\u00e9 \u2013 je veux dire derri\u00e8re le lit, sous la table, ce genre de chose). <\/p>\n<p>Cela fonctionne bien car chaque personne accordera naturellement un peu plus d\u2019attention aux endroits o\u00f9 elle a personnellement pass\u00e9 du temps. Mon enfant est beaucoup plus susceptible que moi de trouver cette poup\u00e9e sous le lit. <\/p>\n","protected":false},"excerpt":{"rendered":"<p>M\u00eame si vous avez rang\u00e9 vos v\u00eatements dans les tiroirs. Je n&rsquo;avais pas r\u00e9alis\u00e9 \u00e0 quel point j&rsquo;\u00e9tais dou\u00e9 dans le processus de nettoyage rapide<\/p>\n","protected":false},"author":1,"featured_media":2070,"comment_status":"","ping_status":"","sticky":false,"template":"","format":"standard","meta":{"footnotes":""},"categories":[12],"tags":[1014,44,2798,2799,81,702,892,110],"class_list":["post-2069","post","type-post","status-publish","format-standard","has-post-thumbnail","hentry","category-voyage","tag-chambre","tag-comment","tag-dhotel","tag-oublier","tag-pour","tag-preparer","tag-rien","tag-une","generate-columns","tablet-grid-50","mobile-grid-100","grid-parent","grid-33"],"yoast_head":"<!-- This site is optimized with the Yoast SEO plugin v24.0 - https:\/\/yoast.com\/wordpress\/plugins\/seo\/ -->\n<title>Comment pr\u00e9parer une chambre d&#039;h\u00f4tel pour ne rien oublier | Vie Associative<\/title>\n<meta name=\"robots\" content=\"index, follow, max-snippet:-1, max-image-preview:large, max-video-preview:-1\" \/>\n<link rel=\"canonical\" href=\"https:\/\/vieassociative.be\/actualites\/comment-preparer-une-chambre-dhotel-pour-ne-rien-oublier\/\" \/>\n<meta property=\"og:locale\" content=\"fr_FR\" \/>\n<meta property=\"og:type\" content=\"article\" \/>\n<meta property=\"og:title\" content=\"Comment pr\u00e9parer une chambre d&#039;h\u00f4tel pour ne rien oublier | Vie Associative\" \/>\n<meta property=\"og:description\" content=\"M\u00eame si vous avez rang\u00e9 vos v\u00eatements dans les tiroirs. Je n&rsquo;avais pas r\u00e9alis\u00e9 \u00e0 quel point j&rsquo;\u00e9tais dou\u00e9 dans le processus de nettoyage rapide\" \/>\n<meta property=\"og:url\" content=\"https:\/\/vieassociative.be\/actualites\/comment-preparer-une-chambre-dhotel-pour-ne-rien-oublier\/\" \/>\n<meta property=\"og:site_name\" content=\"Vie Associative\" \/>\n<meta property=\"article:published_time\" content=\"2024-11-05T19:17:32+00:00\" \/>\n<meta property=\"og:image\" content=\"https:\/\/vieassociative.be\/actualites\/wp-content\/uploads\/2024\/09\/header_backgroundk-01-e1726694325946.png\" \/>\n\t<meta property=\"og:image:width\" content=\"279\" \/>\n\t<meta property=\"og:image:height\" content=\"92\" \/>\n\t<meta property=\"og:image:type\" content=\"image\/png\" \/>\n<meta name=\"author\" content=\"Julien\" \/>\n<meta name=\"twitter:card\" content=\"summary_large_image\" \/>\n<meta name=\"twitter:label1\" content=\"\u00c9crit par\" \/>\n\t<meta name=\"twitter:data1\" content=\"Julien\" \/>\n\t<meta name=\"twitter:label2\" content=\"Dur\u00e9e de lecture est.\" \/>\n\t<meta name=\"twitter:data2\" content=\"9 minutes\" \/>\n<script type=\"application\/ld+json\" class=\"yoast-schema-graph\">{\"@context\":\"https:\/\/schema.org\",\"@graph\":[{\"@type\":\"Article\",\"@id\":\"https:\/\/vieassociative.be\/actualites\/comment-preparer-une-chambre-dhotel-pour-ne-rien-oublier\/#article\",\"isPartOf\":{\"@id\":\"https:\/\/vieassociative.be\/actualites\/comment-preparer-une-chambre-dhotel-pour-ne-rien-oublier\/\"},\"author\":{\"name\":\"Julien\",\"@id\":\"https:\/\/vieassociative.be\/actualites\/#\/schema\/person\/b87ac4f82f9d4e7b7cec7395b679edc4\"},\"headline\":\"Comment pr\u00e9parer une chambre d&rsquo;h\u00f4tel pour ne rien oublier\",\"datePublished\":\"2024-11-05T19:17:32+00:00\",\"dateModified\":\"2024-11-05T19:17:32+00:00\",\"mainEntityOfPage\":{\"@id\":\"https:\/\/vieassociative.be\/actualites\/comment-preparer-une-chambre-dhotel-pour-ne-rien-oublier\/\"},\"wordCount\":1781,\"publisher\":{\"@id\":\"https:\/\/vieassociative.be\/actualites\/#organization\"},\"image\":{\"@id\":\"https:\/\/vieassociative.be\/actualites\/comment-preparer-une-chambre-dhotel-pour-ne-rien-oublier\/#primaryimage\"},\"thumbnailUrl\":\"https:\/\/vieassociative.be\/actualites\/wp-content\/uploads\/2024\/11\/Comment-preparer-une-chambre-dhotel-pour-ne-rien-oublier.jpg\",\"keywords\":[\"chambre\",\"Comment\",\"dh\u00f4tel\",\"oublier\",\"pour\",\"pr\u00e9parer\",\"rien\",\"une\"],\"articleSection\":[\"Voyage\"],\"inLanguage\":\"fr-BE\"},{\"@type\":\"WebPage\",\"@id\":\"https:\/\/vieassociative.be\/actualites\/comment-preparer-une-chambre-dhotel-pour-ne-rien-oublier\/\",\"url\":\"https:\/\/vieassociative.be\/actualites\/comment-preparer-une-chambre-dhotel-pour-ne-rien-oublier\/\",\"name\":\"Comment pr\u00e9parer une chambre d'h\u00f4tel pour ne rien oublier | Vie Associative\",\"isPartOf\":{\"@id\":\"https:\/\/vieassociative.be\/actualites\/#website\"},\"primaryImageOfPage\":{\"@id\":\"https:\/\/vieassociative.be\/actualites\/comment-preparer-une-chambre-dhotel-pour-ne-rien-oublier\/#primaryimage\"},\"image\":{\"@id\":\"https:\/\/vieassociative.be\/actualites\/comment-preparer-une-chambre-dhotel-pour-ne-rien-oublier\/#primaryimage\"},\"thumbnailUrl\":\"https:\/\/vieassociative.be\/actualites\/wp-content\/uploads\/2024\/11\/Comment-preparer-une-chambre-dhotel-pour-ne-rien-oublier.jpg\",\"datePublished\":\"2024-11-05T19:17:32+00:00\",\"dateModified\":\"2024-11-05T19:17:32+00:00\",\"breadcrumb\":{\"@id\":\"https:\/\/vieassociative.be\/actualites\/comment-preparer-une-chambre-dhotel-pour-ne-rien-oublier\/#breadcrumb\"},\"inLanguage\":\"fr-BE\",\"potentialAction\":[{\"@type\":\"ReadAction\",\"target\":[\"https:\/\/vieassociative.be\/actualites\/comment-preparer-une-chambre-dhotel-pour-ne-rien-oublier\/\"]}]},{\"@type\":\"ImageObject\",\"inLanguage\":\"fr-BE\",\"@id\":\"https:\/\/vieassociative.be\/actualites\/comment-preparer-une-chambre-dhotel-pour-ne-rien-oublier\/#primaryimage\",\"url\":\"https:\/\/vieassociative.be\/actualites\/wp-content\/uploads\/2024\/11\/Comment-preparer-une-chambre-dhotel-pour-ne-rien-oublier.jpg\",\"contentUrl\":\"https:\/\/vieassociative.be\/actualites\/wp-content\/uploads\/2024\/11\/Comment-preparer-une-chambre-dhotel-pour-ne-rien-oublier.jpg\",\"width\":1200,\"height\":675,\"caption\":\"Comment pr\u00e9parer une chambre d'h\u00f4tel pour ne rien oublier\"},{\"@type\":\"BreadcrumbList\",\"@id\":\"https:\/\/vieassociative.be\/actualites\/comment-preparer-une-chambre-dhotel-pour-ne-rien-oublier\/#breadcrumb\",\"itemListElement\":[{\"@type\":\"ListItem\",\"position\":1,\"name\":\"Accueil\",\"item\":\"https:\/\/vieassociative.be\/actualites\/\"},{\"@type\":\"ListItem\",\"position\":2,\"name\":\"Comment pr\u00e9parer une chambre d&rsquo;h\u00f4tel pour ne rien oublier\"}]},{\"@type\":\"WebSite\",\"@id\":\"https:\/\/vieassociative.be\/actualites\/#website\",\"url\":\"https:\/\/vieassociative.be\/actualites\/\",\"name\":\"Vie Associative\",\"description\":\"\",\"publisher\":{\"@id\":\"https:\/\/vieassociative.be\/actualites\/#organization\"},\"potentialAction\":[{\"@type\":\"SearchAction\",\"target\":{\"@type\":\"EntryPoint\",\"urlTemplate\":\"https:\/\/vieassociative.be\/actualites\/?s={search_term_string}\"},\"query-input\":{\"@type\":\"PropertyValueSpecification\",\"valueRequired\":true,\"valueName\":\"search_term_string\"}}],\"inLanguage\":\"fr-BE\"},{\"@type\":\"Organization\",\"@id\":\"https:\/\/vieassociative.be\/actualites\/#organization\",\"name\":\"Vie Associative\",\"url\":\"https:\/\/vieassociative.be\/actualites\/\",\"logo\":{\"@type\":\"ImageObject\",\"inLanguage\":\"fr-BE\",\"@id\":\"https:\/\/vieassociative.be\/actualites\/#\/schema\/logo\/image\/\",\"url\":\"https:\/\/vieassociative.be\/actualites\/wp-content\/uploads\/2024\/09\/cropped-vieassociative_favicon.ico.png\",\"contentUrl\":\"https:\/\/vieassociative.be\/actualites\/wp-content\/uploads\/2024\/09\/cropped-vieassociative_favicon.ico.png\",\"width\":512,\"height\":512,\"caption\":\"Vie Associative\"},\"image\":{\"@id\":\"https:\/\/vieassociative.be\/actualites\/#\/schema\/logo\/image\/\"}},{\"@type\":\"Person\",\"@id\":\"https:\/\/vieassociative.be\/actualites\/#\/schema\/person\/b87ac4f82f9d4e7b7cec7395b679edc4\",\"name\":\"Julien\",\"image\":{\"@type\":\"ImageObject\",\"inLanguage\":\"fr-BE\",\"@id\":\"https:\/\/vieassociative.be\/actualites\/#\/schema\/person\/image\/\",\"url\":\"https:\/\/vieassociative.be\/actualites\/wp-content\/uploads\/2024\/09\/vie-associative-1-150x150.jpg\",\"contentUrl\":\"https:\/\/vieassociative.be\/actualites\/wp-content\/uploads\/2024\/09\/vie-associative-1-150x150.jpg\",\"caption\":\"Julien\"},\"description\":\"Je suis Julien, r\u00e9dacteur pour Vie Associative. Passionn\u00e9 par le monde associatif depuis plus de 10 ans, j'ai \u00e0 c\u0153ur de partager des histoires inspirantes et de mettre en lumi\u00e8re les initiatives locales. Mon objectif est de sensibiliser et d'encourager l'engagement communautaire \u00e0 travers mes articles.\",\"sameAs\":[\"https:\/\/vieassociative.be\/\"]}]}<\/script>\n<!-- \/ Yoast SEO plugin. -->","yoast_head_json":{"title":"Comment pr\u00e9parer une chambre d'h\u00f4tel pour ne rien oublier | Vie Associative","robots":{"index":"index","follow":"follow","max-snippet":"max-snippet:-1","max-image-preview":"max-image-preview:large","max-video-preview":"max-video-preview:-1"},"canonical":"https:\/\/vieassociative.be\/actualites\/comment-preparer-une-chambre-dhotel-pour-ne-rien-oublier\/","og_locale":"fr_FR","og_type":"article","og_title":"Comment pr\u00e9parer une chambre d'h\u00f4tel pour ne rien oublier | Vie Associative","og_description":"M\u00eame si vous avez rang\u00e9 vos v\u00eatements dans les tiroirs. Je n&rsquo;avais pas r\u00e9alis\u00e9 \u00e0 quel point j&rsquo;\u00e9tais dou\u00e9 dans le processus de nettoyage rapide","og_url":"https:\/\/vieassociative.be\/actualites\/comment-preparer-une-chambre-dhotel-pour-ne-rien-oublier\/","og_site_name":"Vie Associative","article_published_time":"2024-11-05T19:17:32+00:00","og_image":[{"width":279,"height":92,"url":"https:\/\/vieassociative.be\/actualites\/wp-content\/uploads\/2024\/09\/header_backgroundk-01-e1726694325946.png","type":"image\/png"}],"author":"Julien","twitter_card":"summary_large_image","twitter_misc":{"\u00c9crit par":"Julien","Dur\u00e9e de lecture est.":"9 minutes"},"schema":{"@context":"https:\/\/schema.org","@graph":[{"@type":"Article","@id":"https:\/\/vieassociative.be\/actualites\/comment-preparer-une-chambre-dhotel-pour-ne-rien-oublier\/#article","isPartOf":{"@id":"https:\/\/vieassociative.be\/actualites\/comment-preparer-une-chambre-dhotel-pour-ne-rien-oublier\/"},"author":{"name":"Julien","@id":"https:\/\/vieassociative.be\/actualites\/#\/schema\/person\/b87ac4f82f9d4e7b7cec7395b679edc4"},"headline":"Comment pr\u00e9parer une chambre d&rsquo;h\u00f4tel pour ne rien oublier","datePublished":"2024-11-05T19:17:32+00:00","dateModified":"2024-11-05T19:17:32+00:00","mainEntityOfPage":{"@id":"https:\/\/vieassociative.be\/actualites\/comment-preparer-une-chambre-dhotel-pour-ne-rien-oublier\/"},"wordCount":1781,"publisher":{"@id":"https:\/\/vieassociative.be\/actualites\/#organization"},"image":{"@id":"https:\/\/vieassociative.be\/actualites\/comment-preparer-une-chambre-dhotel-pour-ne-rien-oublier\/#primaryimage"},"thumbnailUrl":"https:\/\/vieassociative.be\/actualites\/wp-content\/uploads\/2024\/11\/Comment-preparer-une-chambre-dhotel-pour-ne-rien-oublier.jpg","keywords":["chambre","Comment","dh\u00f4tel","oublier","pour","pr\u00e9parer","rien","une"],"articleSection":["Voyage"],"inLanguage":"fr-BE"},{"@type":"WebPage","@id":"https:\/\/vieassociative.be\/actualites\/comment-preparer-une-chambre-dhotel-pour-ne-rien-oublier\/","url":"https:\/\/vieassociative.be\/actualites\/comment-preparer-une-chambre-dhotel-pour-ne-rien-oublier\/","name":"Comment pr\u00e9parer une chambre d'h\u00f4tel pour ne rien oublier | Vie Associative","isPartOf":{"@id":"https:\/\/vieassociative.be\/actualites\/#website"},"primaryImageOfPage":{"@id":"https:\/\/vieassociative.be\/actualites\/comment-preparer-une-chambre-dhotel-pour-ne-rien-oublier\/#primaryimage"},"image":{"@id":"https:\/\/vieassociative.be\/actualites\/comment-preparer-une-chambre-dhotel-pour-ne-rien-oublier\/#primaryimage"},"thumbnailUrl":"https:\/\/vieassociative.be\/actualites\/wp-content\/uploads\/2024\/11\/Comment-preparer-une-chambre-dhotel-pour-ne-rien-oublier.jpg","datePublished":"2024-11-05T19:17:32+00:00","dateModified":"2024-11-05T19:17:32+00:00","breadcrumb":{"@id":"https:\/\/vieassociative.be\/actualites\/comment-preparer-une-chambre-dhotel-pour-ne-rien-oublier\/#breadcrumb"},"inLanguage":"fr-BE","potentialAction":[{"@type":"ReadAction","target":["https:\/\/vieassociative.be\/actualites\/comment-preparer-une-chambre-dhotel-pour-ne-rien-oublier\/"]}]},{"@type":"ImageObject","inLanguage":"fr-BE","@id":"https:\/\/vieassociative.be\/actualites\/comment-preparer-une-chambre-dhotel-pour-ne-rien-oublier\/#primaryimage","url":"https:\/\/vieassociative.be\/actualites\/wp-content\/uploads\/2024\/11\/Comment-preparer-une-chambre-dhotel-pour-ne-rien-oublier.jpg","contentUrl":"https:\/\/vieassociative.be\/actualites\/wp-content\/uploads\/2024\/11\/Comment-preparer-une-chambre-dhotel-pour-ne-rien-oublier.jpg","width":1200,"height":675,"caption":"Comment pr\u00e9parer une chambre d'h\u00f4tel pour ne rien oublier"},{"@type":"BreadcrumbList","@id":"https:\/\/vieassociative.be\/actualites\/comment-preparer-une-chambre-dhotel-pour-ne-rien-oublier\/#breadcrumb","itemListElement":[{"@type":"ListItem","position":1,"name":"Accueil","item":"https:\/\/vieassociative.be\/actualites\/"},{"@type":"ListItem","position":2,"name":"Comment pr\u00e9parer une chambre d&rsquo;h\u00f4tel pour ne rien oublier"}]},{"@type":"WebSite","@id":"https:\/\/vieassociative.be\/actualites\/#website","url":"https:\/\/vieassociative.be\/actualites\/","name":"Vie Associative","description":"","publisher":{"@id":"https:\/\/vieassociative.be\/actualites\/#organization"},"potentialAction":[{"@type":"SearchAction","target":{"@type":"EntryPoint","urlTemplate":"https:\/\/vieassociative.be\/actualites\/?s={search_term_string}"},"query-input":{"@type":"PropertyValueSpecification","valueRequired":true,"valueName":"search_term_string"}}],"inLanguage":"fr-BE"},{"@type":"Organization","@id":"https:\/\/vieassociative.be\/actualites\/#organization","name":"Vie Associative","url":"https:\/\/vieassociative.be\/actualites\/","logo":{"@type":"ImageObject","inLanguage":"fr-BE","@id":"https:\/\/vieassociative.be\/actualites\/#\/schema\/logo\/image\/","url":"https:\/\/vieassociative.be\/actualites\/wp-content\/uploads\/2024\/09\/cropped-vieassociative_favicon.ico.png","contentUrl":"https:\/\/vieassociative.be\/actualites\/wp-content\/uploads\/2024\/09\/cropped-vieassociative_favicon.ico.png","width":512,"height":512,"caption":"Vie Associative"},"image":{"@id":"https:\/\/vieassociative.be\/actualites\/#\/schema\/logo\/image\/"}},{"@type":"Person","@id":"https:\/\/vieassociative.be\/actualites\/#\/schema\/person\/b87ac4f82f9d4e7b7cec7395b679edc4","name":"Julien","image":{"@type":"ImageObject","inLanguage":"fr-BE","@id":"https:\/\/vieassociative.be\/actualites\/#\/schema\/person\/image\/","url":"https:\/\/vieassociative.be\/actualites\/wp-content\/uploads\/2024\/09\/vie-associative-1-150x150.jpg","contentUrl":"https:\/\/vieassociative.be\/actualites\/wp-content\/uploads\/2024\/09\/vie-associative-1-150x150.jpg","caption":"Julien"},"description":"Je suis Julien, r\u00e9dacteur pour Vie Associative. Passionn\u00e9 par le monde associatif depuis plus de 10 ans, j'ai \u00e0 c\u0153ur de partager des histoires inspirantes et de mettre en lumi\u00e8re les initiatives locales. Mon objectif est de sensibiliser et d'encourager l'engagement communautaire \u00e0 travers mes articles.","sameAs":["https:\/\/vieassociative.be\/"]}]}},"_links":{"self":[{"href":"https:\/\/vieassociative.be\/actualites\/wp-json\/wp\/v2\/posts\/2069"}],"collection":[{"href":"https:\/\/vieassociative.be\/actualites\/wp-json\/wp\/v2\/posts"}],"about":[{"href":"https:\/\/vieassociative.be\/actualites\/wp-json\/wp\/v2\/types\/post"}],"author":[{"embeddable":true,"href":"https:\/\/vieassociative.be\/actualites\/wp-json\/wp\/v2\/users\/1"}],"replies":[{"embeddable":true,"href":"https:\/\/vieassociative.be\/actualites\/wp-json\/wp\/v2\/comments?post=2069"}],"version-history":[{"count":0,"href":"https:\/\/vieassociative.be\/actualites\/wp-json\/wp\/v2\/posts\/2069\/revisions"}],"wp:featuredmedia":[{"embeddable":true,"href":"https:\/\/vieassociative.be\/actualites\/wp-json\/wp\/v2\/media\/2070"}],"wp:attachment":[{"href":"https:\/\/vieassociative.be\/actualites\/wp-json\/wp\/v2\/media?parent=2069"}],"wp:term":[{"taxonomy":"category","embeddable":true,"href":"https:\/\/vieassociative.be\/actualites\/wp-json\/wp\/v2\/categories?post=2069"},{"taxonomy":"post_tag","embeddable":true,"href":"https:\/\/vieassociative.be\/actualites\/wp-json\/wp\/v2\/tags?post=2069"}],"curies":[{"name":"wp","href":"https:\/\/api.w.org\/{rel}","templated":true}]}}