{"id":2063,"date":"2024-11-05T17:24:21","date_gmt":"2024-11-05T16:24:21","guid":{"rendered":"https:\/\/vieassociative.be\/actualites\/paramount-avec-showtime-va-vous-couter-plus-cher\/"},"modified":"2024-11-05T17:24:21","modified_gmt":"2024-11-05T16:24:21","slug":"paramount-avec-showtime-va-vous-couter-plus-cher","status":"publish","type":"post","link":"https:\/\/vieassociative.be\/actualites\/paramount-avec-showtime-va-vous-couter-plus-cher\/","title":{"rendered":"Paramount+ avec Showtime va vous co\u00fbter plus cher"},"content":{"rendered":"<div class=\"mt-4 leading-6 md:mb-8\">Paramount Plus et Showtime ont fusionn\u00e9 et le service combin\u00e9 est sans surprise plus cher.<\/div>\n<p><\/p>\n<p>La plupart des services de streaming ont augment\u00e9 leurs prix au cours de l\u2019ann\u00e9e \u00e9coul\u00e9e, certains de mani\u00e8re plus d\u00e9routante que d\u2019autres. En juin dernier, Paramount+ a fusionn\u00e9 avec Showtime et, par cons\u00e9quent, ses prix ont augment\u00e9, mais pas seulement pour les personnes int\u00e9ress\u00e9es \u00e0 regarder r\u00e9ellement le contenu de Showtime. Les deux niveaux tarifaires Paramount+ \u2013 sans publicit\u00e9 avec Showtime et financ\u00e9 par la publicit\u00e9 sans Showtime \u2013 sont d\u00e9sormais plus chers, m\u00eame si un seul de ces niveaux offre r\u00e9ellement plus de contenu.<\/p>\n<h2 id=\"the-cheapest-paramount-plan-costs-more-than-ever\">Le forfait Paramount+ le moins cher co\u00fbte plus cher que jamais<\/h2>\n<p>L&rsquo;abonnement Paramount+ le plus abordable contient des publicit\u00e9s et le fait <strong>pas<\/strong> inclure du contenu Showtime. Il s&rsquo;appelle Paramount+ Essential et vous co\u00fbtera d\u00e9sormais 5,99 $\/mois, contre 4,99 $ avant la fusion. Si vous pr\u00e9f\u00e9rez payer un an d&rsquo;avance, vous d\u00e9bourserez 59,99 $\/an, soit une augmentation de 10 $ des frais annuels. Notez que ces prix n&rsquo;incluent pas les taxes locales, qui peuvent ou non s&rsquo;appliquer \u00e0 vous selon l&rsquo;endroit o\u00f9 vous r\u00e9sidez aux \u00c9tats-Unis.<\/p>\n<p>Ce plan n&rsquo;inclut pas la diffusion en direct de votre station CBS locale. Vous pourrez cependant acc\u00e9der \u00e0 la NFL sur CBS et aux matchs de football de l&rsquo;UEFA Champions League via des flux en direct s\u00e9par\u00e9s.<\/p>\n<h2 id=\"paramount-with-showtime-pricing\">Paramount+ avec tarification Showtime<\/h2>\n<p>Pour ceux qui veulent Showtime et une exp\u00e9rience sans publicit\u00e9, le forfait Paramount+ avec Showtime est celui qu&rsquo;il faut choisir. Il co\u00fbte 11,99 $\/mois, ou 119,99 $\/ann\u00e9e, hors taxes. Cela inclut tout le contenu disponible sur ces deux services de streaming, d\u00e9sormais fusionn\u00e9s en un seul.<\/p>\n<p>Ce plan co\u00fbte 2 $ de plus par mois par rapport \u00e0 l&rsquo;ancien mod\u00e8le Paramount+ uniquement, mais vous <em>faire<\/em> obtenez plus de contenu avec cette augmentation. Si vous vous \u00eates abonn\u00e9 pour l&rsquo;ann\u00e9e pr\u00e9c\u00e9dant la fusion, vous b\u00e9n\u00e9ficierez de droits acquis jusqu&rsquo;au moment de votre prochain cycle de facturation. Cependant, une fois ce moment venu, vous serez factur\u00e9 au nouveau tarif.<\/p>\n","protected":false},"excerpt":{"rendered":"<p>Paramount Plus et Showtime ont fusionn\u00e9 et le service combin\u00e9 est sans surprise plus cher. La plupart des services de streaming ont augment\u00e9 leurs prix<\/p>\n","protected":false},"author":1,"featured_media":2064,"comment_status":"","ping_status":"","sticky":false,"template":"","format":"standard","meta":{"footnotes":""},"categories":[36],"tags":[61,657,2791,2665,2666,4],"class_list":["post-2063","post","type-post","status-publish","format-standard","has-post-thumbnail","hentry","category-divertissement","tag-avec","tag-cher","tag-couter","tag-paramount","tag-showtime","tag-vous","generate-columns","tablet-grid-50","mobile-grid-100","grid-parent","grid-33"],"yoast_head":"<!-- This site is optimized with the Yoast SEO plugin v24.0 - https:\/\/yoast.com\/wordpress\/plugins\/seo\/ -->\n<title>Paramount+ avec Showtime va vous co\u00fbter plus cher | Vie Associative<\/title>\n<meta name=\"robots\" content=\"index, follow, max-snippet:-1, max-image-preview:large, max-video-preview:-1\" \/>\n<link rel=\"canonical\" href=\"https:\/\/vieassociative.be\/actualites\/paramount-avec-showtime-va-vous-couter-plus-cher\/\" \/>\n<meta property=\"og:locale\" content=\"fr_FR\" \/>\n<meta property=\"og:type\" content=\"article\" \/>\n<meta property=\"og:title\" content=\"Paramount+ avec Showtime va vous co\u00fbter plus cher | Vie Associative\" \/>\n<meta property=\"og:description\" content=\"Paramount Plus et Showtime ont fusionn\u00e9 et le service combin\u00e9 est sans surprise plus cher. La plupart des services de streaming ont augment\u00e9 leurs prix\" \/>\n<meta property=\"og:url\" content=\"https:\/\/vieassociative.be\/actualites\/paramount-avec-showtime-va-vous-couter-plus-cher\/\" \/>\n<meta property=\"og:site_name\" content=\"Vie Associative\" \/>\n<meta property=\"article:published_time\" content=\"2024-11-05T16:24:21+00:00\" \/>\n<meta property=\"og:image\" content=\"https:\/\/vieassociative.be\/actualites\/wp-content\/uploads\/2024\/09\/header_backgroundk-01-e1726694325946.png\" \/>\n\t<meta property=\"og:image:width\" content=\"279\" \/>\n\t<meta property=\"og:image:height\" content=\"92\" \/>\n\t<meta property=\"og:image:type\" content=\"image\/png\" \/>\n<meta name=\"author\" content=\"Julien\" \/>\n<meta name=\"twitter:card\" content=\"summary_large_image\" \/>\n<meta name=\"twitter:label1\" content=\"\u00c9crit par\" \/>\n\t<meta name=\"twitter:data1\" content=\"Julien\" \/>\n\t<meta name=\"twitter:label2\" content=\"Dur\u00e9e de lecture est.\" \/>\n\t<meta name=\"twitter:data2\" content=\"2 minutes\" \/>\n<script type=\"application\/ld+json\" class=\"yoast-schema-graph\">{\"@context\":\"https:\/\/schema.org\",\"@graph\":[{\"@type\":\"Article\",\"@id\":\"https:\/\/vieassociative.be\/actualites\/paramount-avec-showtime-va-vous-couter-plus-cher\/#article\",\"isPartOf\":{\"@id\":\"https:\/\/vieassociative.be\/actualites\/paramount-avec-showtime-va-vous-couter-plus-cher\/\"},\"author\":{\"name\":\"Julien\",\"@id\":\"https:\/\/vieassociative.be\/actualites\/#\/schema\/person\/b87ac4f82f9d4e7b7cec7395b679edc4\"},\"headline\":\"Paramount+ avec Showtime va vous co\u00fbter plus cher\",\"datePublished\":\"2024-11-05T16:24:21+00:00\",\"dateModified\":\"2024-11-05T16:24:21+00:00\",\"mainEntityOfPage\":{\"@id\":\"https:\/\/vieassociative.be\/actualites\/paramount-avec-showtime-va-vous-couter-plus-cher\/\"},\"wordCount\":375,\"publisher\":{\"@id\":\"https:\/\/vieassociative.be\/actualites\/#organization\"},\"image\":{\"@id\":\"https:\/\/vieassociative.be\/actualites\/paramount-avec-showtime-va-vous-couter-plus-cher\/#primaryimage\"},\"thumbnailUrl\":\"https:\/\/vieassociative.be\/actualites\/wp-content\/uploads\/2024\/11\/Paramount-avec-Showtime-va-vous-couter-plus-cher.webp.webp\",\"keywords\":[\"avec\",\"cher\",\"co\u00fbter\",\"Paramount\",\"Showtime\",\"Vous\"],\"articleSection\":[\"Divertissement\"],\"inLanguage\":\"fr-BE\"},{\"@type\":\"WebPage\",\"@id\":\"https:\/\/vieassociative.be\/actualites\/paramount-avec-showtime-va-vous-couter-plus-cher\/\",\"url\":\"https:\/\/vieassociative.be\/actualites\/paramount-avec-showtime-va-vous-couter-plus-cher\/\",\"name\":\"Paramount+ avec Showtime va vous co\u00fbter plus cher | Vie Associative\",\"isPartOf\":{\"@id\":\"https:\/\/vieassociative.be\/actualites\/#website\"},\"primaryImageOfPage\":{\"@id\":\"https:\/\/vieassociative.be\/actualites\/paramount-avec-showtime-va-vous-couter-plus-cher\/#primaryimage\"},\"image\":{\"@id\":\"https:\/\/vieassociative.be\/actualites\/paramount-avec-showtime-va-vous-couter-plus-cher\/#primaryimage\"},\"thumbnailUrl\":\"https:\/\/vieassociative.be\/actualites\/wp-content\/uploads\/2024\/11\/Paramount-avec-Showtime-va-vous-couter-plus-cher.webp.webp\",\"datePublished\":\"2024-11-05T16:24:21+00:00\",\"dateModified\":\"2024-11-05T16:24:21+00:00\",\"breadcrumb\":{\"@id\":\"https:\/\/vieassociative.be\/actualites\/paramount-avec-showtime-va-vous-couter-plus-cher\/#breadcrumb\"},\"inLanguage\":\"fr-BE\",\"potentialAction\":[{\"@type\":\"ReadAction\",\"target\":[\"https:\/\/vieassociative.be\/actualites\/paramount-avec-showtime-va-vous-couter-plus-cher\/\"]}]},{\"@type\":\"ImageObject\",\"inLanguage\":\"fr-BE\",\"@id\":\"https:\/\/vieassociative.be\/actualites\/paramount-avec-showtime-va-vous-couter-plus-cher\/#primaryimage\",\"url\":\"https:\/\/vieassociative.be\/actualites\/wp-content\/uploads\/2024\/11\/Paramount-avec-Showtime-va-vous-couter-plus-cher.webp.webp\",\"contentUrl\":\"https:\/\/vieassociative.be\/actualites\/wp-content\/uploads\/2024\/11\/Paramount-avec-Showtime-va-vous-couter-plus-cher.webp.webp\",\"width\":1199,\"height\":675,\"caption\":\"Paramount+ avec Showtime va vous co\u00fbter plus cher\"},{\"@type\":\"BreadcrumbList\",\"@id\":\"https:\/\/vieassociative.be\/actualites\/paramount-avec-showtime-va-vous-couter-plus-cher\/#breadcrumb\",\"itemListElement\":[{\"@type\":\"ListItem\",\"position\":1,\"name\":\"Accueil\",\"item\":\"https:\/\/vieassociative.be\/actualites\/\"},{\"@type\":\"ListItem\",\"position\":2,\"name\":\"Paramount+ avec Showtime va vous co\u00fbter plus cher\"}]},{\"@type\":\"WebSite\",\"@id\":\"https:\/\/vieassociative.be\/actualites\/#website\",\"url\":\"https:\/\/vieassociative.be\/actualites\/\",\"name\":\"Vie Associative\",\"description\":\"\",\"publisher\":{\"@id\":\"https:\/\/vieassociative.be\/actualites\/#organization\"},\"potentialAction\":[{\"@type\":\"SearchAction\",\"target\":{\"@type\":\"EntryPoint\",\"urlTemplate\":\"https:\/\/vieassociative.be\/actualites\/?s={search_term_string}\"},\"query-input\":{\"@type\":\"PropertyValueSpecification\",\"valueRequired\":true,\"valueName\":\"search_term_string\"}}],\"inLanguage\":\"fr-BE\"},{\"@type\":\"Organization\",\"@id\":\"https:\/\/vieassociative.be\/actualites\/#organization\",\"name\":\"Vie Associative\",\"url\":\"https:\/\/vieassociative.be\/actualites\/\",\"logo\":{\"@type\":\"ImageObject\",\"inLanguage\":\"fr-BE\",\"@id\":\"https:\/\/vieassociative.be\/actualites\/#\/schema\/logo\/image\/\",\"url\":\"https:\/\/vieassociative.be\/actualites\/wp-content\/uploads\/2024\/09\/cropped-vieassociative_favicon.ico.png\",\"contentUrl\":\"https:\/\/vieassociative.be\/actualites\/wp-content\/uploads\/2024\/09\/cropped-vieassociative_favicon.ico.png\",\"width\":512,\"height\":512,\"caption\":\"Vie Associative\"},\"image\":{\"@id\":\"https:\/\/vieassociative.be\/actualites\/#\/schema\/logo\/image\/\"}},{\"@type\":\"Person\",\"@id\":\"https:\/\/vieassociative.be\/actualites\/#\/schema\/person\/b87ac4f82f9d4e7b7cec7395b679edc4\",\"name\":\"Julien\",\"image\":{\"@type\":\"ImageObject\",\"inLanguage\":\"fr-BE\",\"@id\":\"https:\/\/vieassociative.be\/actualites\/#\/schema\/person\/image\/\",\"url\":\"https:\/\/vieassociative.be\/actualites\/wp-content\/uploads\/2024\/09\/vie-associative-1-150x150.jpg\",\"contentUrl\":\"https:\/\/vieassociative.be\/actualites\/wp-content\/uploads\/2024\/09\/vie-associative-1-150x150.jpg\",\"caption\":\"Julien\"},\"description\":\"Je suis Julien, r\u00e9dacteur pour Vie Associative. Passionn\u00e9 par le monde associatif depuis plus de 10 ans, j'ai \u00e0 c\u0153ur de partager des histoires inspirantes et de mettre en lumi\u00e8re les initiatives locales. Mon objectif est de sensibiliser et d'encourager l'engagement communautaire \u00e0 travers mes articles.\",\"sameAs\":[\"https:\/\/vieassociative.be\/\"]}]}<\/script>\n<!-- \/ Yoast SEO plugin. -->","yoast_head_json":{"title":"Paramount+ avec Showtime va vous co\u00fbter plus cher | Vie Associative","robots":{"index":"index","follow":"follow","max-snippet":"max-snippet:-1","max-image-preview":"max-image-preview:large","max-video-preview":"max-video-preview:-1"},"canonical":"https:\/\/vieassociative.be\/actualites\/paramount-avec-showtime-va-vous-couter-plus-cher\/","og_locale":"fr_FR","og_type":"article","og_title":"Paramount+ avec Showtime va vous co\u00fbter plus cher | Vie Associative","og_description":"Paramount Plus et Showtime ont fusionn\u00e9 et le service combin\u00e9 est sans surprise plus cher. La plupart des services de streaming ont augment\u00e9 leurs prix","og_url":"https:\/\/vieassociative.be\/actualites\/paramount-avec-showtime-va-vous-couter-plus-cher\/","og_site_name":"Vie Associative","article_published_time":"2024-11-05T16:24:21+00:00","og_image":[{"width":279,"height":92,"url":"https:\/\/vieassociative.be\/actualites\/wp-content\/uploads\/2024\/09\/header_backgroundk-01-e1726694325946.png","type":"image\/png"}],"author":"Julien","twitter_card":"summary_large_image","twitter_misc":{"\u00c9crit par":"Julien","Dur\u00e9e de lecture est.":"2 minutes"},"schema":{"@context":"https:\/\/schema.org","@graph":[{"@type":"Article","@id":"https:\/\/vieassociative.be\/actualites\/paramount-avec-showtime-va-vous-couter-plus-cher\/#article","isPartOf":{"@id":"https:\/\/vieassociative.be\/actualites\/paramount-avec-showtime-va-vous-couter-plus-cher\/"},"author":{"name":"Julien","@id":"https:\/\/vieassociative.be\/actualites\/#\/schema\/person\/b87ac4f82f9d4e7b7cec7395b679edc4"},"headline":"Paramount+ avec Showtime va vous co\u00fbter plus cher","datePublished":"2024-11-05T16:24:21+00:00","dateModified":"2024-11-05T16:24:21+00:00","mainEntityOfPage":{"@id":"https:\/\/vieassociative.be\/actualites\/paramount-avec-showtime-va-vous-couter-plus-cher\/"},"wordCount":375,"publisher":{"@id":"https:\/\/vieassociative.be\/actualites\/#organization"},"image":{"@id":"https:\/\/vieassociative.be\/actualites\/paramount-avec-showtime-va-vous-couter-plus-cher\/#primaryimage"},"thumbnailUrl":"https:\/\/vieassociative.be\/actualites\/wp-content\/uploads\/2024\/11\/Paramount-avec-Showtime-va-vous-couter-plus-cher.webp.webp","keywords":["avec","cher","co\u00fbter","Paramount","Showtime","Vous"],"articleSection":["Divertissement"],"inLanguage":"fr-BE"},{"@type":"WebPage","@id":"https:\/\/vieassociative.be\/actualites\/paramount-avec-showtime-va-vous-couter-plus-cher\/","url":"https:\/\/vieassociative.be\/actualites\/paramount-avec-showtime-va-vous-couter-plus-cher\/","name":"Paramount+ avec Showtime va vous co\u00fbter plus cher | Vie Associative","isPartOf":{"@id":"https:\/\/vieassociative.be\/actualites\/#website"},"primaryImageOfPage":{"@id":"https:\/\/vieassociative.be\/actualites\/paramount-avec-showtime-va-vous-couter-plus-cher\/#primaryimage"},"image":{"@id":"https:\/\/vieassociative.be\/actualites\/paramount-avec-showtime-va-vous-couter-plus-cher\/#primaryimage"},"thumbnailUrl":"https:\/\/vieassociative.be\/actualites\/wp-content\/uploads\/2024\/11\/Paramount-avec-Showtime-va-vous-couter-plus-cher.webp.webp","datePublished":"2024-11-05T16:24:21+00:00","dateModified":"2024-11-05T16:24:21+00:00","breadcrumb":{"@id":"https:\/\/vieassociative.be\/actualites\/paramount-avec-showtime-va-vous-couter-plus-cher\/#breadcrumb"},"inLanguage":"fr-BE","potentialAction":[{"@type":"ReadAction","target":["https:\/\/vieassociative.be\/actualites\/paramount-avec-showtime-va-vous-couter-plus-cher\/"]}]},{"@type":"ImageObject","inLanguage":"fr-BE","@id":"https:\/\/vieassociative.be\/actualites\/paramount-avec-showtime-va-vous-couter-plus-cher\/#primaryimage","url":"https:\/\/vieassociative.be\/actualites\/wp-content\/uploads\/2024\/11\/Paramount-avec-Showtime-va-vous-couter-plus-cher.webp.webp","contentUrl":"https:\/\/vieassociative.be\/actualites\/wp-content\/uploads\/2024\/11\/Paramount-avec-Showtime-va-vous-couter-plus-cher.webp.webp","width":1199,"height":675,"caption":"Paramount+ avec Showtime va vous co\u00fbter plus cher"},{"@type":"BreadcrumbList","@id":"https:\/\/vieassociative.be\/actualites\/paramount-avec-showtime-va-vous-couter-plus-cher\/#breadcrumb","itemListElement":[{"@type":"ListItem","position":1,"name":"Accueil","item":"https:\/\/vieassociative.be\/actualites\/"},{"@type":"ListItem","position":2,"name":"Paramount+ avec Showtime va vous co\u00fbter plus cher"}]},{"@type":"WebSite","@id":"https:\/\/vieassociative.be\/actualites\/#website","url":"https:\/\/vieassociative.be\/actualites\/","name":"Vie Associative","description":"","publisher":{"@id":"https:\/\/vieassociative.be\/actualites\/#organization"},"potentialAction":[{"@type":"SearchAction","target":{"@type":"EntryPoint","urlTemplate":"https:\/\/vieassociative.be\/actualites\/?s={search_term_string}"},"query-input":{"@type":"PropertyValueSpecification","valueRequired":true,"valueName":"search_term_string"}}],"inLanguage":"fr-BE"},{"@type":"Organization","@id":"https:\/\/vieassociative.be\/actualites\/#organization","name":"Vie Associative","url":"https:\/\/vieassociative.be\/actualites\/","logo":{"@type":"ImageObject","inLanguage":"fr-BE","@id":"https:\/\/vieassociative.be\/actualites\/#\/schema\/logo\/image\/","url":"https:\/\/vieassociative.be\/actualites\/wp-content\/uploads\/2024\/09\/cropped-vieassociative_favicon.ico.png","contentUrl":"https:\/\/vieassociative.be\/actualites\/wp-content\/uploads\/2024\/09\/cropped-vieassociative_favicon.ico.png","width":512,"height":512,"caption":"Vie Associative"},"image":{"@id":"https:\/\/vieassociative.be\/actualites\/#\/schema\/logo\/image\/"}},{"@type":"Person","@id":"https:\/\/vieassociative.be\/actualites\/#\/schema\/person\/b87ac4f82f9d4e7b7cec7395b679edc4","name":"Julien","image":{"@type":"ImageObject","inLanguage":"fr-BE","@id":"https:\/\/vieassociative.be\/actualites\/#\/schema\/person\/image\/","url":"https:\/\/vieassociative.be\/actualites\/wp-content\/uploads\/2024\/09\/vie-associative-1-150x150.jpg","contentUrl":"https:\/\/vieassociative.be\/actualites\/wp-content\/uploads\/2024\/09\/vie-associative-1-150x150.jpg","caption":"Julien"},"description":"Je suis Julien, r\u00e9dacteur pour Vie Associative. Passionn\u00e9 par le monde associatif depuis plus de 10 ans, j'ai \u00e0 c\u0153ur de partager des histoires inspirantes et de mettre en lumi\u00e8re les initiatives locales. Mon objectif est de sensibiliser et d'encourager l'engagement communautaire \u00e0 travers mes articles.","sameAs":["https:\/\/vieassociative.be\/"]}]}},"_links":{"self":[{"href":"https:\/\/vieassociative.be\/actualites\/wp-json\/wp\/v2\/posts\/2063"}],"collection":[{"href":"https:\/\/vieassociative.be\/actualites\/wp-json\/wp\/v2\/posts"}],"about":[{"href":"https:\/\/vieassociative.be\/actualites\/wp-json\/wp\/v2\/types\/post"}],"author":[{"embeddable":true,"href":"https:\/\/vieassociative.be\/actualites\/wp-json\/wp\/v2\/users\/1"}],"replies":[{"embeddable":true,"href":"https:\/\/vieassociative.be\/actualites\/wp-json\/wp\/v2\/comments?post=2063"}],"version-history":[{"count":0,"href":"https:\/\/vieassociative.be\/actualites\/wp-json\/wp\/v2\/posts\/2063\/revisions"}],"wp:featuredmedia":[{"embeddable":true,"href":"https:\/\/vieassociative.be\/actualites\/wp-json\/wp\/v2\/media\/2064"}],"wp:attachment":[{"href":"https:\/\/vieassociative.be\/actualites\/wp-json\/wp\/v2\/media?parent=2063"}],"wp:term":[{"taxonomy":"category","embeddable":true,"href":"https:\/\/vieassociative.be\/actualites\/wp-json\/wp\/v2\/categories?post=2063"},{"taxonomy":"post_tag","embeddable":true,"href":"https:\/\/vieassociative.be\/actualites\/wp-json\/wp\/v2\/tags?post=2063"}],"curies":[{"name":"wp","href":"https:\/\/api.w.org\/{rel}","templated":true}]}}