{"id":2061,"date":"2024-11-05T15:21:01","date_gmt":"2024-11-05T14:21:01","guid":{"rendered":"https:\/\/vieassociative.be\/actualites\/le-nouveau-college-communautaire-deupen-se-presente\/"},"modified":"2024-11-05T15:21:01","modified_gmt":"2024-11-05T14:21:01","slug":"le-nouveau-college-communautaire-deupen-se-presente","status":"publish","type":"post","link":"https:\/\/vieassociative.be\/actualites\/le-nouveau-college-communautaire-deupen-se-presente\/","title":{"rendered":"Le nouveau Coll\u00e8ge communautaire d&rsquo;Eupen se pr\u00e9sente"},"content":{"rendered":"<p><strong>La nouvelle coalition tripartite d&rsquo;Eupen CSP-OBL-PFF a pr\u00e9sent\u00e9 mardi le nouveau coll\u00e8ge communautaire qui gouvernera la ville de Weser pour les six prochaines ann\u00e9es. Il se compose d&rsquo;un bourgmestre, de six \u00e9chevins et d&rsquo;un pr\u00e9sident de l&rsquo;\u00d6SHZ.<\/strong><\/p>\n<p><span id=\"more-401070\"><\/span>Plus r\u00e9cent <b>Maire d&rsquo;Eupen <\/b>sera comme pr\u00e9vu <b>Thomas Lennertz (CSP)<\/b>. L&rsquo;homme de 43 ans est responsable des domaines de l&rsquo;administration, de l&rsquo;informatique et de la num\u00e9risation, de l&rsquo;\u00e9tat civil, de la s\u00e9curit\u00e9 publique, de la police, de la zone d&rsquo;assistance, de la sant\u00e9, du code de la route, de l&rsquo;am\u00e9nagement du territoire et de l&rsquo;urbanisme ainsi que des relations ext\u00e9rieures.<\/p>\n<p><b>1. \u00c9chevins <\/b>devient <b>Nicolas Pommee (OBL)<\/b>. Cet homme de 29 ans est le repr\u00e9sentant du maire et est responsable du gouvernement municipal autonome TILIA ainsi que des domaines de la participation citoyenne, du d\u00e9veloppement rural, de la culture et de la mobilit\u00e9. Il est \u00e9galement le repr\u00e9sentant du greffier.<\/p>\n<div id=\"attachment_401080\" class=\"wp-caption alignleft\" style=\"max-width: 300px\"><img fetchpriority=\"high\" decoding=\"async\" class=\"wp-image-401080 size-medium\" src=\"https:\/\/vieassociative.be\/actualites\/wp-content\/uploads\/2024\/11\/Le-nouveau-College-communautaire-dEupen-se-presente.jpg\" alt=\"\" width=\"300\" height=\"200\"  ><\/p>\n<p class=\"wp-caption-text\">Le bourgmestre d\u00e9sign\u00e9 d&rsquo;Eupen, Thomas Lennertz (CSP). Photo : Patrick von Staufenberg<\/p>\n<\/div>\n<p><b>2. \u00c9chevins <\/b>devient <b>Lucas Reul (PFF)<\/b>. Cet homme de 33 ans est responsable des domaines de la communication, de l&rsquo;information num\u00e9rique des citoyens, de la construction et des r\u00e9seaux routiers, des entreprises de services publics, des cimeti\u00e8res et de l&rsquo;\u00e9nergie. Il est \u00e9galement le repr\u00e9sentant du greffier.<\/p>\n<p><b>3. \u00c9chevine <\/b>devient <b>Caroline V\u00f6ll (OBL)<\/b>. L&rsquo;homme de 40 ans est responsable des domaines des affaires sociales (famille et personnes \u00e2g\u00e9es), des tout-petits, des enfants et de la jeunesse, de l&rsquo;int\u00e9gration et de la participation, du climat, de la protection de la nature et de l&rsquo;environnement, de l&rsquo;aide au d\u00e9veloppement et de la protection des animaux. Elle est \u00e9galement la repr\u00e9sentante du registraire.<\/p>\n<p><b>4. \u00c9chevine <\/b>devient <b>Jo\u00eblle Birnbaum-K\u00f6ttgen (PFF)<\/b>. L&rsquo;homme de 36 ans est responsable des domaines de l&rsquo;\u00e9ducation, du tourisme, des moyennes entreprises et des entreprises, de la gestion de la ville et du commerce de d\u00e9tail, de l&#8217;emploi et des infrastructures\/aires de jeux de loisirs. Elle est \u00e9galement la repr\u00e9sentante du registraire.<\/p>\n<p><b>5. \u00c9chevins <\/b>devient <b>Joseph Thaeter (CSP)<\/b>. Cet homme de 65 ans est responsable des domaines du sport, des clubs et du b\u00e9n\u00e9volat, de la culture, de l&rsquo;agriculture et de la for\u00eat ainsi que de la protection des monuments et du paysage. Il est \u00e9galement le repr\u00e9sentant du greffier.<\/p>\n<p><b>6. \u00c9chevins <\/b>devient <b>Fabrice Paulus (CSP)<\/b>. Cet homme de 46 ans est responsable des domaines des finances, de l&rsquo;immobilier urbain, de la construction de logements, de la propret\u00e9 publique et de la gestion des d\u00e9chets ainsi que de la coordination intercommunale. Il est \u00e9galement le repr\u00e9sentant du greffier.<\/p>\n<p>Comme <strong>Pr\u00e9sident de l&rsquo;\u00d6SHZ<\/strong> devient <strong>Nathalie Johnen-Pauquet (CSP, 54 ans)<\/strong> sugg\u00e9r\u00e9. (cr\u00e9er)<\/p>\n<p><em>NOTE \u2013 D&rsquo;autres photos de la pr\u00e9sentation du nouveau coll\u00e8ge communautaire d&rsquo;Eupen suivront.<\/em><\/p>\n","protected":false},"excerpt":{"rendered":"<p>La nouvelle coalition tripartite d&rsquo;Eupen CSP-OBL-PFF a pr\u00e9sent\u00e9 mardi le nouveau coll\u00e8ge communautaire qui gouvernera la ville de Weser pour les six prochaines ann\u00e9es. Il<\/p>\n","protected":false},"author":1,"featured_media":2062,"comment_status":"","ping_status":"","sticky":false,"template":"","format":"standard","meta":{"footnotes":""},"categories":[298],"tags":[2484,2485,2403,553,2790],"class_list":["post-2061","post","type-post","status-publish","format-standard","has-post-thumbnail","hentry","category-belgique","tag-college","tag-communautaire","tag-deupen","tag-nouveau","tag-presente","generate-columns","tablet-grid-50","mobile-grid-100","grid-parent","grid-33"],"yoast_head":"<!-- This site is optimized with the Yoast SEO plugin v24.0 - https:\/\/yoast.com\/wordpress\/plugins\/seo\/ -->\n<title>Le nouveau Coll\u00e8ge communautaire d&#039;Eupen se pr\u00e9sente | Vie Associative<\/title>\n<meta name=\"robots\" content=\"index, follow, max-snippet:-1, max-image-preview:large, max-video-preview:-1\" \/>\n<link rel=\"canonical\" href=\"https:\/\/vieassociative.be\/actualites\/le-nouveau-college-communautaire-deupen-se-presente\/\" \/>\n<meta property=\"og:locale\" content=\"fr_FR\" \/>\n<meta property=\"og:type\" content=\"article\" \/>\n<meta property=\"og:title\" content=\"Le nouveau Coll\u00e8ge communautaire d&#039;Eupen se pr\u00e9sente | Vie Associative\" \/>\n<meta property=\"og:description\" content=\"La nouvelle coalition tripartite d&rsquo;Eupen CSP-OBL-PFF a pr\u00e9sent\u00e9 mardi le nouveau coll\u00e8ge communautaire qui gouvernera la ville de Weser pour les six prochaines ann\u00e9es. Il\" \/>\n<meta property=\"og:url\" content=\"https:\/\/vieassociative.be\/actualites\/le-nouveau-college-communautaire-deupen-se-presente\/\" \/>\n<meta property=\"og:site_name\" content=\"Vie Associative\" \/>\n<meta property=\"article:published_time\" content=\"2024-11-05T14:21:01+00:00\" \/>\n<meta property=\"og:image\" content=\"https:\/\/vieassociative.be\/actualites\/wp-content\/uploads\/2024\/11\/Le-nouveau-College-communautaire-dEupen-se-presente.jpg\" \/>\n<meta name=\"author\" content=\"Julien\" \/>\n<meta name=\"twitter:card\" content=\"summary_large_image\" \/>\n<meta name=\"twitter:label1\" content=\"\u00c9crit par\" \/>\n\t<meta name=\"twitter:data1\" content=\"Julien\" \/>\n\t<meta name=\"twitter:label2\" content=\"Dur\u00e9e de lecture est.\" \/>\n\t<meta name=\"twitter:data2\" content=\"2 minutes\" \/>\n<script type=\"application\/ld+json\" class=\"yoast-schema-graph\">{\"@context\":\"https:\/\/schema.org\",\"@graph\":[{\"@type\":\"Article\",\"@id\":\"https:\/\/vieassociative.be\/actualites\/le-nouveau-college-communautaire-deupen-se-presente\/#article\",\"isPartOf\":{\"@id\":\"https:\/\/vieassociative.be\/actualites\/le-nouveau-college-communautaire-deupen-se-presente\/\"},\"author\":{\"name\":\"Julien\",\"@id\":\"https:\/\/vieassociative.be\/actualites\/#\/schema\/person\/b87ac4f82f9d4e7b7cec7395b679edc4\"},\"headline\":\"Le nouveau Coll\u00e8ge communautaire d&rsquo;Eupen se pr\u00e9sente\",\"datePublished\":\"2024-11-05T14:21:01+00:00\",\"dateModified\":\"2024-11-05T14:21:01+00:00\",\"mainEntityOfPage\":{\"@id\":\"https:\/\/vieassociative.be\/actualites\/le-nouveau-college-communautaire-deupen-se-presente\/\"},\"wordCount\":500,\"publisher\":{\"@id\":\"https:\/\/vieassociative.be\/actualites\/#organization\"},\"image\":{\"@id\":\"https:\/\/vieassociative.be\/actualites\/le-nouveau-college-communautaire-deupen-se-presente\/#primaryimage\"},\"thumbnailUrl\":\"https:\/\/vieassociative.be\/actualites\/wp-content\/uploads\/2024\/11\/1730816461_Le-nouveau-College-communautaire-dEupen-se-presente.jpg\",\"keywords\":[\"coll\u00e8ge\",\"communautaire\",\"dEupen\",\"nouveau\",\"pr\u00e9sente\"],\"articleSection\":[\"Belgique\"],\"inLanguage\":\"fr-BE\"},{\"@type\":\"WebPage\",\"@id\":\"https:\/\/vieassociative.be\/actualites\/le-nouveau-college-communautaire-deupen-se-presente\/\",\"url\":\"https:\/\/vieassociative.be\/actualites\/le-nouveau-college-communautaire-deupen-se-presente\/\",\"name\":\"Le nouveau Coll\u00e8ge communautaire d'Eupen se pr\u00e9sente | Vie Associative\",\"isPartOf\":{\"@id\":\"https:\/\/vieassociative.be\/actualites\/#website\"},\"primaryImageOfPage\":{\"@id\":\"https:\/\/vieassociative.be\/actualites\/le-nouveau-college-communautaire-deupen-se-presente\/#primaryimage\"},\"image\":{\"@id\":\"https:\/\/vieassociative.be\/actualites\/le-nouveau-college-communautaire-deupen-se-presente\/#primaryimage\"},\"thumbnailUrl\":\"https:\/\/vieassociative.be\/actualites\/wp-content\/uploads\/2024\/11\/1730816461_Le-nouveau-College-communautaire-dEupen-se-presente.jpg\",\"datePublished\":\"2024-11-05T14:21:01+00:00\",\"dateModified\":\"2024-11-05T14:21:01+00:00\",\"breadcrumb\":{\"@id\":\"https:\/\/vieassociative.be\/actualites\/le-nouveau-college-communautaire-deupen-se-presente\/#breadcrumb\"},\"inLanguage\":\"fr-BE\",\"potentialAction\":[{\"@type\":\"ReadAction\",\"target\":[\"https:\/\/vieassociative.be\/actualites\/le-nouveau-college-communautaire-deupen-se-presente\/\"]}]},{\"@type\":\"ImageObject\",\"inLanguage\":\"fr-BE\",\"@id\":\"https:\/\/vieassociative.be\/actualites\/le-nouveau-college-communautaire-deupen-se-presente\/#primaryimage\",\"url\":\"https:\/\/vieassociative.be\/actualites\/wp-content\/uploads\/2024\/11\/1730816461_Le-nouveau-College-communautaire-dEupen-se-presente.jpg\",\"contentUrl\":\"https:\/\/vieassociative.be\/actualites\/wp-content\/uploads\/2024\/11\/1730816461_Le-nouveau-College-communautaire-dEupen-se-presente.jpg\",\"width\":2560,\"height\":1711,\"caption\":\"Le nouveau Coll\u00e8ge communautaire d'Eupen se pr\u00e9sente\"},{\"@type\":\"BreadcrumbList\",\"@id\":\"https:\/\/vieassociative.be\/actualites\/le-nouveau-college-communautaire-deupen-se-presente\/#breadcrumb\",\"itemListElement\":[{\"@type\":\"ListItem\",\"position\":1,\"name\":\"Accueil\",\"item\":\"https:\/\/vieassociative.be\/actualites\/\"},{\"@type\":\"ListItem\",\"position\":2,\"name\":\"Le nouveau Coll\u00e8ge communautaire d&rsquo;Eupen se pr\u00e9sente\"}]},{\"@type\":\"WebSite\",\"@id\":\"https:\/\/vieassociative.be\/actualites\/#website\",\"url\":\"https:\/\/vieassociative.be\/actualites\/\",\"name\":\"Vie Associative\",\"description\":\"\",\"publisher\":{\"@id\":\"https:\/\/vieassociative.be\/actualites\/#organization\"},\"potentialAction\":[{\"@type\":\"SearchAction\",\"target\":{\"@type\":\"EntryPoint\",\"urlTemplate\":\"https:\/\/vieassociative.be\/actualites\/?s={search_term_string}\"},\"query-input\":{\"@type\":\"PropertyValueSpecification\",\"valueRequired\":true,\"valueName\":\"search_term_string\"}}],\"inLanguage\":\"fr-BE\"},{\"@type\":\"Organization\",\"@id\":\"https:\/\/vieassociative.be\/actualites\/#organization\",\"name\":\"Vie Associative\",\"url\":\"https:\/\/vieassociative.be\/actualites\/\",\"logo\":{\"@type\":\"ImageObject\",\"inLanguage\":\"fr-BE\",\"@id\":\"https:\/\/vieassociative.be\/actualites\/#\/schema\/logo\/image\/\",\"url\":\"https:\/\/vieassociative.be\/actualites\/wp-content\/uploads\/2024\/09\/cropped-vieassociative_favicon.ico.png\",\"contentUrl\":\"https:\/\/vieassociative.be\/actualites\/wp-content\/uploads\/2024\/09\/cropped-vieassociative_favicon.ico.png\",\"width\":512,\"height\":512,\"caption\":\"Vie Associative\"},\"image\":{\"@id\":\"https:\/\/vieassociative.be\/actualites\/#\/schema\/logo\/image\/\"}},{\"@type\":\"Person\",\"@id\":\"https:\/\/vieassociative.be\/actualites\/#\/schema\/person\/b87ac4f82f9d4e7b7cec7395b679edc4\",\"name\":\"Julien\",\"image\":{\"@type\":\"ImageObject\",\"inLanguage\":\"fr-BE\",\"@id\":\"https:\/\/vieassociative.be\/actualites\/#\/schema\/person\/image\/\",\"url\":\"https:\/\/vieassociative.be\/actualites\/wp-content\/uploads\/2024\/09\/vie-associative-1-150x150.jpg\",\"contentUrl\":\"https:\/\/vieassociative.be\/actualites\/wp-content\/uploads\/2024\/09\/vie-associative-1-150x150.jpg\",\"caption\":\"Julien\"},\"description\":\"Je suis Julien, r\u00e9dacteur pour Vie Associative. Passionn\u00e9 par le monde associatif depuis plus de 10 ans, j'ai \u00e0 c\u0153ur de partager des histoires inspirantes et de mettre en lumi\u00e8re les initiatives locales. Mon objectif est de sensibiliser et d'encourager l'engagement communautaire \u00e0 travers mes articles.\",\"sameAs\":[\"https:\/\/vieassociative.be\/\"]}]}<\/script>\n<!-- \/ Yoast SEO plugin. -->","yoast_head_json":{"title":"Le nouveau Coll\u00e8ge communautaire d'Eupen se pr\u00e9sente | Vie Associative","robots":{"index":"index","follow":"follow","max-snippet":"max-snippet:-1","max-image-preview":"max-image-preview:large","max-video-preview":"max-video-preview:-1"},"canonical":"https:\/\/vieassociative.be\/actualites\/le-nouveau-college-communautaire-deupen-se-presente\/","og_locale":"fr_FR","og_type":"article","og_title":"Le nouveau Coll\u00e8ge communautaire d'Eupen se pr\u00e9sente | Vie Associative","og_description":"La nouvelle coalition tripartite d&rsquo;Eupen CSP-OBL-PFF a pr\u00e9sent\u00e9 mardi le nouveau coll\u00e8ge communautaire qui gouvernera la ville de Weser pour les six prochaines ann\u00e9es. Il","og_url":"https:\/\/vieassociative.be\/actualites\/le-nouveau-college-communautaire-deupen-se-presente\/","og_site_name":"Vie Associative","article_published_time":"2024-11-05T14:21:01+00:00","og_image":[{"url":"https:\/\/vieassociative.be\/actualites\/wp-content\/uploads\/2024\/11\/Le-nouveau-College-communautaire-dEupen-se-presente.jpg","type":"","width":"","height":""}],"author":"Julien","twitter_card":"summary_large_image","twitter_misc":{"\u00c9crit par":"Julien","Dur\u00e9e de lecture est.":"2 minutes"},"schema":{"@context":"https:\/\/schema.org","@graph":[{"@type":"Article","@id":"https:\/\/vieassociative.be\/actualites\/le-nouveau-college-communautaire-deupen-se-presente\/#article","isPartOf":{"@id":"https:\/\/vieassociative.be\/actualites\/le-nouveau-college-communautaire-deupen-se-presente\/"},"author":{"name":"Julien","@id":"https:\/\/vieassociative.be\/actualites\/#\/schema\/person\/b87ac4f82f9d4e7b7cec7395b679edc4"},"headline":"Le nouveau Coll\u00e8ge communautaire d&rsquo;Eupen se pr\u00e9sente","datePublished":"2024-11-05T14:21:01+00:00","dateModified":"2024-11-05T14:21:01+00:00","mainEntityOfPage":{"@id":"https:\/\/vieassociative.be\/actualites\/le-nouveau-college-communautaire-deupen-se-presente\/"},"wordCount":500,"publisher":{"@id":"https:\/\/vieassociative.be\/actualites\/#organization"},"image":{"@id":"https:\/\/vieassociative.be\/actualites\/le-nouveau-college-communautaire-deupen-se-presente\/#primaryimage"},"thumbnailUrl":"https:\/\/vieassociative.be\/actualites\/wp-content\/uploads\/2024\/11\/1730816461_Le-nouveau-College-communautaire-dEupen-se-presente.jpg","keywords":["coll\u00e8ge","communautaire","dEupen","nouveau","pr\u00e9sente"],"articleSection":["Belgique"],"inLanguage":"fr-BE"},{"@type":"WebPage","@id":"https:\/\/vieassociative.be\/actualites\/le-nouveau-college-communautaire-deupen-se-presente\/","url":"https:\/\/vieassociative.be\/actualites\/le-nouveau-college-communautaire-deupen-se-presente\/","name":"Le nouveau Coll\u00e8ge communautaire d'Eupen se pr\u00e9sente | Vie Associative","isPartOf":{"@id":"https:\/\/vieassociative.be\/actualites\/#website"},"primaryImageOfPage":{"@id":"https:\/\/vieassociative.be\/actualites\/le-nouveau-college-communautaire-deupen-se-presente\/#primaryimage"},"image":{"@id":"https:\/\/vieassociative.be\/actualites\/le-nouveau-college-communautaire-deupen-se-presente\/#primaryimage"},"thumbnailUrl":"https:\/\/vieassociative.be\/actualites\/wp-content\/uploads\/2024\/11\/1730816461_Le-nouveau-College-communautaire-dEupen-se-presente.jpg","datePublished":"2024-11-05T14:21:01+00:00","dateModified":"2024-11-05T14:21:01+00:00","breadcrumb":{"@id":"https:\/\/vieassociative.be\/actualites\/le-nouveau-college-communautaire-deupen-se-presente\/#breadcrumb"},"inLanguage":"fr-BE","potentialAction":[{"@type":"ReadAction","target":["https:\/\/vieassociative.be\/actualites\/le-nouveau-college-communautaire-deupen-se-presente\/"]}]},{"@type":"ImageObject","inLanguage":"fr-BE","@id":"https:\/\/vieassociative.be\/actualites\/le-nouveau-college-communautaire-deupen-se-presente\/#primaryimage","url":"https:\/\/vieassociative.be\/actualites\/wp-content\/uploads\/2024\/11\/1730816461_Le-nouveau-College-communautaire-dEupen-se-presente.jpg","contentUrl":"https:\/\/vieassociative.be\/actualites\/wp-content\/uploads\/2024\/11\/1730816461_Le-nouveau-College-communautaire-dEupen-se-presente.jpg","width":2560,"height":1711,"caption":"Le nouveau Coll\u00e8ge communautaire d'Eupen se pr\u00e9sente"},{"@type":"BreadcrumbList","@id":"https:\/\/vieassociative.be\/actualites\/le-nouveau-college-communautaire-deupen-se-presente\/#breadcrumb","itemListElement":[{"@type":"ListItem","position":1,"name":"Accueil","item":"https:\/\/vieassociative.be\/actualites\/"},{"@type":"ListItem","position":2,"name":"Le nouveau Coll\u00e8ge communautaire d&rsquo;Eupen se pr\u00e9sente"}]},{"@type":"WebSite","@id":"https:\/\/vieassociative.be\/actualites\/#website","url":"https:\/\/vieassociative.be\/actualites\/","name":"Vie Associative","description":"","publisher":{"@id":"https:\/\/vieassociative.be\/actualites\/#organization"},"potentialAction":[{"@type":"SearchAction","target":{"@type":"EntryPoint","urlTemplate":"https:\/\/vieassociative.be\/actualites\/?s={search_term_string}"},"query-input":{"@type":"PropertyValueSpecification","valueRequired":true,"valueName":"search_term_string"}}],"inLanguage":"fr-BE"},{"@type":"Organization","@id":"https:\/\/vieassociative.be\/actualites\/#organization","name":"Vie Associative","url":"https:\/\/vieassociative.be\/actualites\/","logo":{"@type":"ImageObject","inLanguage":"fr-BE","@id":"https:\/\/vieassociative.be\/actualites\/#\/schema\/logo\/image\/","url":"https:\/\/vieassociative.be\/actualites\/wp-content\/uploads\/2024\/09\/cropped-vieassociative_favicon.ico.png","contentUrl":"https:\/\/vieassociative.be\/actualites\/wp-content\/uploads\/2024\/09\/cropped-vieassociative_favicon.ico.png","width":512,"height":512,"caption":"Vie Associative"},"image":{"@id":"https:\/\/vieassociative.be\/actualites\/#\/schema\/logo\/image\/"}},{"@type":"Person","@id":"https:\/\/vieassociative.be\/actualites\/#\/schema\/person\/b87ac4f82f9d4e7b7cec7395b679edc4","name":"Julien","image":{"@type":"ImageObject","inLanguage":"fr-BE","@id":"https:\/\/vieassociative.be\/actualites\/#\/schema\/person\/image\/","url":"https:\/\/vieassociative.be\/actualites\/wp-content\/uploads\/2024\/09\/vie-associative-1-150x150.jpg","contentUrl":"https:\/\/vieassociative.be\/actualites\/wp-content\/uploads\/2024\/09\/vie-associative-1-150x150.jpg","caption":"Julien"},"description":"Je suis Julien, r\u00e9dacteur pour Vie Associative. Passionn\u00e9 par le monde associatif depuis plus de 10 ans, j'ai \u00e0 c\u0153ur de partager des histoires inspirantes et de mettre en lumi\u00e8re les initiatives locales. Mon objectif est de sensibiliser et d'encourager l'engagement communautaire \u00e0 travers mes articles.","sameAs":["https:\/\/vieassociative.be\/"]}]}},"_links":{"self":[{"href":"https:\/\/vieassociative.be\/actualites\/wp-json\/wp\/v2\/posts\/2061"}],"collection":[{"href":"https:\/\/vieassociative.be\/actualites\/wp-json\/wp\/v2\/posts"}],"about":[{"href":"https:\/\/vieassociative.be\/actualites\/wp-json\/wp\/v2\/types\/post"}],"author":[{"embeddable":true,"href":"https:\/\/vieassociative.be\/actualites\/wp-json\/wp\/v2\/users\/1"}],"replies":[{"embeddable":true,"href":"https:\/\/vieassociative.be\/actualites\/wp-json\/wp\/v2\/comments?post=2061"}],"version-history":[{"count":0,"href":"https:\/\/vieassociative.be\/actualites\/wp-json\/wp\/v2\/posts\/2061\/revisions"}],"wp:featuredmedia":[{"embeddable":true,"href":"https:\/\/vieassociative.be\/actualites\/wp-json\/wp\/v2\/media\/2062"}],"wp:attachment":[{"href":"https:\/\/vieassociative.be\/actualites\/wp-json\/wp\/v2\/media?parent=2061"}],"wp:term":[{"taxonomy":"category","embeddable":true,"href":"https:\/\/vieassociative.be\/actualites\/wp-json\/wp\/v2\/categories?post=2061"},{"taxonomy":"post_tag","embeddable":true,"href":"https:\/\/vieassociative.be\/actualites\/wp-json\/wp\/v2\/tags?post=2061"}],"curies":[{"name":"wp","href":"https:\/\/api.w.org\/{rel}","templated":true}]}}