{"id":2051,"date":"2024-11-05T09:17:05","date_gmt":"2024-11-05T08:17:05","guid":{"rendered":"https:\/\/vieassociative.be\/actualites\/election-presidentielle-americaine-kamala-harris-meilleure-pour-leurope-que-donald-trump-questions-et-reponses\/"},"modified":"2024-11-05T09:17:05","modified_gmt":"2024-11-05T08:17:05","slug":"election-presidentielle-americaine-kamala-harris-meilleure-pour-leurope-que-donald-trump-questions-et-reponses","status":"publish","type":"post","link":"https:\/\/vieassociative.be\/actualites\/election-presidentielle-americaine-kamala-harris-meilleure-pour-leurope-que-donald-trump-questions-et-reponses\/","title":{"rendered":"\u00c9lection pr\u00e9sidentielle am\u00e9ricaine : Kamala Harris meilleure pour l&rsquo;Europe que Donald Trump ? (Questions et r\u00e9ponses)"},"content":{"rendered":"<p><strong>Qu&rsquo;il s&rsquo;agisse du commerce, de la protection du climat ou de la s\u00e9curit\u00e9 : l&rsquo;Europe d\u00e9pend de bonnes relations transatlantiques dans de nombreux domaines. C&rsquo;est pourquoi les Bruxellois suivent avec grand int\u00e9r\u00eat les r\u00e9sultats des \u00e9lections. Cons\u00e9quences possibles des \u00e9lections am\u00e9ricaines pour l&rsquo;Europe ci-dessous sous forme de questions et r\u00e9ponses.<\/strong><\/p>\n<p><span id=\"more-400998\"><\/span>Kamala Harris ou Donald Trump ? Le vote sur le successeur du pr\u00e9sident am\u00e9ricain Joe Biden est \u00e9galement une \u00e9lection fatidique pour l\u2019Europe. Les liens avec les \u00c9tats-Unis sont \u00e9normes dans le domaine \u00e9conomique et ont m\u00eame des dimensions existentielles dans le domaine de la d\u00e9fense.<\/p>\n<p><b>\u2013 Si Trump remporte les \u00e9lections, y a-t-il un risque que les \u00c9tats-Unis se retirent de l\u2019OTAN ?<\/b><\/p>\n<p>Il n\u2019y a aucune preuve concr\u00e8te de cela. Au cours de la campagne \u00e9lectorale, Trump a une nouvelle fois d\u00e9nonc\u00e9 le fait que certains alli\u00e9s europ\u00e9ens n&rsquo;avaient pas atteint les objectifs de l&rsquo;alliance en mati\u00e8re de d\u00e9penses de d\u00e9fense et a \u00e9mis des doutes quant \u00e0 l&rsquo;engagement total des \u00c9tats-Unis \u00e0 fournir une aide sous sa direction. Cependant, il n\u2019a pas r\u00e9it\u00e9r\u00e9 ses pr\u00e9c\u00e9dentes menaces de d\u00e9part.<\/p>\n<div id=\"attachment_381076\" class=\"wp-caption alignleft\" style=\"max-width: 300px\"><img fetchpriority=\"high\" decoding=\"async\" class=\"wp-image-381076 size-medium\" src=\"https:\/\/vieassociative.be\/actualites\/wp-content\/uploads\/2024\/11\/Election-presidentielle-americaine-Kamala-Harris-meilleure-pour-lEurope-que.jpg\" alt=\"\" width=\"300\" height=\"196\"><\/p>\n<p class=\"wp-caption-text\">11 juillet 2018, Belgique, Bruxelles : Donald Trump (r), pr\u00e9sident des \u00c9tats-Unis, fait un geste apr\u00e8s avoir \u00e9t\u00e9 accueilli par Jens Stoltenberg, secr\u00e9taire g\u00e9n\u00e9ral de l&rsquo;OTAN, apr\u00e8s son arriv\u00e9e au sommet de l&rsquo;OTAN au si\u00e8ge de l&rsquo;OTAN. Photo : Pablo Martinez Monsivais\/AP\/dpa<\/p>\n<\/div>\n<p>Dans ce contexte, l\u2019OTAN souligne que de nombreux alli\u00e9s europ\u00e9ens ont consid\u00e9rablement augment\u00e9 leurs d\u00e9penses de d\u00e9fense ces derni\u00e8res ann\u00e9es. Nous verrons si cela suffit \u00e0 Trump. Selon les statistiques de l&rsquo;OTAN, les d\u00e9penses militaires am\u00e9ricaines cette ann\u00e9e sont encore nettement plus \u00e9lev\u00e9es, \u00e0 3,38 pour cent du PIB, que celles de l&rsquo;Allemagne, \u00e0 2,12 pour cent.<\/p>\n<p><b>\u2013 Que pense Harris de l\u2019OTAN ?<\/b><\/p>\n<p>Si Kamala Harris remporte les \u00e9lections, les alli\u00e9s de l\u2019OTAN n\u2019auront probablement pas \u00e0 craindre d\u2019\u00eatre laiss\u00e9s pour compte. Lors de la Conf\u00e9rence de Munich sur la s\u00e9curit\u00e9 en f\u00e9vrier, en tant que vice-pr\u00e9sidente, elle a fait une promesse tr\u00e8s claire aux alli\u00e9s : \u00ab Notre engagement sacr\u00e9 envers l\u2019OTAN reste \u00e0 toute \u00e9preuve \u00bb, avait-elle d\u00e9clar\u00e9 \u00e0 l\u2019\u00e9poque. \u00ab\u00a0Et je crois (&#8230;) que l&rsquo;OTAN est la plus grande alliance militaire que le monde ait jamais connue.\u00a0\u00bb<\/p>\n<p><b>\u2013 Et si vous souteniez l\u2019Ukraine ?<\/b><\/p>\n<p>C\u2019est la question la plus pertinente, notamment du point de vue des pays membres de l\u2019OTAN d\u2019Europe centrale et orientale. Au cours de la campagne \u00e9lectorale, Trump a affirm\u00e9 \u00e0 plusieurs reprises qu\u2019il pourrait mettre fin \u00e0 la guerre d\u2019agression russe en 24 heures. On craint donc \u00e0 Bruxelles qu\u2019il force l\u2019Ukraine \u00e0 entamer des n\u00e9gociations avec la Russie en arr\u00eatant son aide militaire. Le chef du Kremlin, Vladimir Poutine, pourrait alors se voir proposer une d\u00e9rogation \u00e0 une nouvelle expansion de l&rsquo;OTAN \u00e0 l&rsquo;est.<\/p>\n<p>Du point de vue de la plupart des pays europ\u00e9ens, une telle approche constituerait une violation d\u2019un tabou \u00e0 la fois scandaleuse et extr\u00eamement dangereuse. Poutine pourrait alors consid\u00e9rer sa guerre comme un succ\u00e8s et se laisser tenter par une nouvelle agression.<\/p>\n<div id=\"attachment_339618\" class=\"wp-caption alignleft\" style=\"max-width: 300px\"><img decoding=\"async\" class=\"wp-image-339618 size-medium\" src=\"https:\/\/vieassociative.be\/actualites\/wp-content\/uploads\/2024\/11\/Election-presidentielle-americaine-Kamala-Harris-meilleure-pour-lEurope-que.jpeg\" alt=\"\" width=\"300\" height=\"200\"><\/p>\n<p class=\"wp-caption-text\">21 d\u00e9cembre 2022, \u00c9tats-Unis, Washington : Volodymyr Zelenskyj, pr\u00e9sident de l&rsquo;Ukraine, s&rsquo;exprime devant un drapeau ukrainien pr\u00e9sent\u00e9 qui a \u00e9t\u00e9 sign\u00e9 par les soldats de premi\u00e8re ligne \u00e0 Bakhmut, dans la province ukrainienne assi\u00e9g\u00e9e de Donetsk, et maintenant par Kamala Harris (l) , vice-pr\u00e9sident des \u00c9tats-Unis, et Nancy Pelosi, pr\u00e9sidente de la Chambre des repr\u00e9sentants, prononcent son discours lors d&rsquo;une session conjointe du Congr\u00e8s au Capitole \u00e0 Washington. Photo : Jacquelyn Martin\/AP\/dpa<\/p>\n<\/div>\n<p>L\u2019Ukraine pourrait-elle poursuivre sa bataille d\u00e9fensive contre les envahisseurs russes sans l\u2019aide des \u00c9tats-Unis ?<br \/>\n\u00c0 court terme oui, \u00e0 long terme probablement pas. Afin de devenir plus ind\u00e9pendante de l\u2019implication am\u00e9ricaine, l\u2019OTAN met actuellement en place un commandement ukrainien \u00e0 Wiesbaden. Celui-ci se chargera de la coordination des livraisons d&rsquo;armes et des activit\u00e9s de formation des forces arm\u00e9es ukrainiennes et assumera ainsi des t\u00e2ches auparavant accomplies par les \u00c9tats-Unis.<\/p>\n<p><b>\u2013 Quel impact le r\u00e9sultat des \u00e9lections pourrait-il avoir sur les relations \u00e9conomiques et commerciales entre l\u2019UE et les \u00c9tats-Unis ?<\/b><\/p>\n<p>Pendant la campagne \u00e9lectorale, Trump a annonc\u00e9 qu\u2019il souhaitait introduire de nouveaux droits de douane de 10 \u00e0 20 % sur les importations en provenance de r\u00e9gions du monde comme l\u2019Europe. Ce faisant, il souhaite renforcer les \u00c9tats-Unis en tant que site de production et r\u00e9duire le d\u00e9ficit commercial actuel. C&rsquo;est une \u00e9pine dans le pied de Trump que les entreprises europ\u00e9ennes vendent beaucoup plus de marchandises aux \u00c9tats-Unis que les entreprises am\u00e9ricaines dans l&rsquo;UE. Pour les entreprises de l\u2019UE, les \u00c9tats-Unis \u00e9taient le principal march\u00e9 d\u2019exportation de marchandises en 2023<\/p>\n<p><strong>\u2013 Comment l\u2019UE pourrait-elle r\u00e9agir ?<\/strong><\/p>\n<p>En cas de victoire \u00e9lectorale de Trump, Bruxelles se pr\u00e9pare d\u00e9j\u00e0 \u00e0 un nouveau conflit commercial majeur. Si Trump devait introduire de nouveaux droits de douane, l\u2019UE r\u00e9agirait tr\u00e8s probablement en imposant des droits de douane en repr\u00e9sailles sur les importations am\u00e9ricaines. Id\u00e9alement, ces cons\u00e9quences seraient si lourdes de cons\u00e9quences pour les fabricants am\u00e9ricains qu\u2019elles forceraient Trump \u00e0 s\u2019asseoir \u00e0 la table des n\u00e9gociations, o\u00f9 une solution \u00e0 l\u2019amiable serait alors trouv\u00e9e.<\/p>\n<p><b>\u2013 Quelles industries le conflit commercial pourrait-il affecter ?<\/b><\/p>\n<p>La situation pourrait \u00eatre particuli\u00e8rement difficile pour l\u2019industrie automobile allemande et ses fournisseurs. Pour des constructeurs tels que Volkswagen, BMW et Mercedes-Benz, les \u00c9tats-Unis constituent, avec la Chine, le march\u00e9 de vente le plus important en dehors de l&rsquo;UE. Les tarifs sp\u00e9ciaux auraient probablement des effets n\u00e9gatifs importants.<\/p>\n<div id=\"attachment_392013\" class=\"wp-caption alignleft\" style=\"max-width: 300px\"><img decoding=\"async\" class=\"wp-image-392013 size-medium\" src=\"https:\/\/vieassociative.be\/actualites\/wp-content\/uploads\/2024\/11\/1730794625_410_Election-presidentielle-americaine-Kamala-Harris-meilleure-pour-lEurope-que.jpg\" alt=\"\" width=\"300\" height=\"150\"><\/p>\n<p class=\"wp-caption-text\">5 juillet 2024, \u00c9tats-Unis, Washington : le pr\u00e9sident am\u00e9ricain Joe Biden l\u00e8ve la main du vice-pr\u00e9sident am\u00e9ricain Kamala Harris apr\u00e8s avoir regard\u00e9 les feux d&rsquo;artifice du jour de l&rsquo;ind\u00e9pendance depuis le balcon de la Maison Blanche. Photo : Evan Vucci\/AP\/dpa<\/p>\n<\/div>\n<p>Le conflit sur les tarifs sp\u00e9ciaux sur les importations d\u2019acier et d\u2019aluminium introduits par Trump lors de son premier mandat pourrait \u00e9galement s\u2019intensifier \u00e0 nouveau. Cette situation pourrait \u00eatre d\u00e9samorc\u00e9e par un accord avec l\u2019actuel pr\u00e9sident am\u00e9ricain Joe Biden \u2013 mais son mandat se termine en mars de l\u2019ann\u00e9e prochaine.<\/p>\n<p><b>\u2013 L\u2019\u00e9conomie europ\u00e9enne peut-elle pousser un soupir de soulagement si Kamala Harris remporte les \u00e9lections ?<\/b><\/p>\n<p>Les hauts responsables politiques bruxellois en doutent. M\u00eame si les relations devraient \u00eatre moins conflictuelles, des temps difficiles sont toujours attendus en termes de politique commerciale. Le pr\u00e9sident du Conseil de l&rsquo;UE, Charles Michel, a r\u00e9cemment d\u00e9clar\u00e9 \u00e0 Bruxelles que les \u00c9tats-Unis \u00e9taient malheureusement un pays protectionniste. Il a clairement indiqu\u00e9 qu&rsquo;il ne s&rsquo;attendait pas \u00e0 ce que quoi que ce soit change apr\u00e8s les \u00e9lections, quel que soit le r\u00e9sultat.<\/p>\n<p><b>\u2013 Dans quels domaines les \u00e9lections am\u00e9ricaines pourraient-elles encore avoir un impact ?<\/b><\/p>\n<p>Si les \u00c9tats-Unis assouplissent leurs objectifs climatiques et font moins pour lutter contre le r\u00e9chauffement climatique en cas de victoire \u00e9lectorale de Trump, les \u00e9v\u00e9nements m\u00e9t\u00e9orologiques extr\u00eames pourraient se multiplier, ce qui pourrait \u00e9galement se faire sentir en Europe par des chaleurs estivales plus intenses, des incendies de for\u00eat et des inondations. Une victoire \u00e9lectorale de Trump pourrait \u00e9galement donner un coup de pouce aux partis populistes et anti-immigration. Leur argument pourrait alors \u00eatre le suivant : pourquoi devrions-nous rester ouverts alors que le partenaire transatlantique le plus important ne l\u2019est pas non plus ?<\/p>\n<div id=\"attachment_235982\" class=\"wp-caption alignleft\" style=\"max-width: 300px\"><img loading=\"lazy\" decoding=\"async\" class=\"wp-image-235982 size-medium\" src=\"https:\/\/vieassociative.be\/actualites\/wp-content\/uploads\/2024\/11\/1730794625_883_Election-presidentielle-americaine-Kamala-Harris-meilleure-pour-lEurope-que.jpeg\" alt=\"\" width=\"300\" height=\"227\"><\/p>\n<p class=\"wp-caption-text\">21 janvier 2020, Suisse, Davos : Ursula von der Leyen (l), pr\u00e9sidente de la Commission europ\u00e9enne, rencontre Donald Trump, pr\u00e9sident des \u00c9tats-Unis, au Forum \u00e9conomique mondial (WEF). Photo : Evan Vucci\/AP\/dpa<\/p>\n<\/div>\n<p><b>\u2013 L\u2019Europe a-t-elle tir\u00e9 les le\u00e7ons du premier mandat de Trump ?<\/b><\/p>\n<p>Pas vraiment. Le pr\u00e9sident fran\u00e7ais Emmanuel Macron a r\u00e9alis\u00e9 plusieurs avanc\u00e9es en faveur d\u2019une plus grande souverainet\u00e9 europ\u00e9enne, notamment une coop\u00e9ration europ\u00e9enne plus forte en mati\u00e8re de dissuasion nucl\u00e9aire. Les gouvernements f\u00e9d\u00e9raux d&rsquo;Angela Merkel (CDU) et d&rsquo;Olaf Scholz (SPD) n&rsquo;ont pas voulu en savoir grand-chose. Les d\u00e9penses de d\u00e9fense ont augment\u00e9, mais pas suffisamment pour tenir debout.<\/p>\n<p>Le pr\u00e9sident sortant du Conseil de l&rsquo;UE, Michel, a r\u00e9cemment appel\u00e9 \u00e0 plus d&rsquo;autonomie pour l&rsquo;Europe. \u00ab\u00a0Je veux que mes enfants et petits-enfants soient ma\u00eetres de leur propre destin car c&rsquo;est en Europe que nous d\u00e9cidons de notre avenir et de notre destin\u00a0\u00bb, a-t-il soutenu. Ils ne devraient pas d\u00e9pendre de celui qui sera le prochain pr\u00e9sident des \u00c9tats-Unis, de la Chine ou de la Russie. (dpa)<\/p>\n<p><em><strong>Sur le sujet, voir aussi l&rsquo;article suivant sur l&rsquo;OD :<\/strong><\/em><\/p>\n<div class=\"responsive-embed widescreen\">\n<blockquote class=\"wp-embedded-content\" data-secret=\"qyxwUziA12\">\n<p>Les \u00ab swing states \u00bb d\u00e9cident des \u00e9lections aux USA<\/p>\n<\/blockquote>\n<p><iframe loading=\"lazy\" class=\"wp-embedded-content\" sandbox=\"allow-scripts\" security=\"restricted\" style=\"position: absolute; visibility: hidden;\" title=\"\u201eDie \u201eSwing States\u201c entscheiden die Wahl in den USA\u201c \u2014 Ostbelgien Direkt\" src=\"https:\/\/ostbelgiendirekt.be\/about:blank\" data-secret=\"qyxwUziA12\" width=\"500\" height=\"282\" frameborder=\"0\" marginwidth=\"0\" marginheight=\"0\" scrolling=\"no\" data-rocket-lazyload=\"fitvidscompatible\" data-lazy-src=\"https:\/\/ostbelgiendirekt.be\/diese-sieben-swing-states-400860\/embed#?secret=QncPg1LKuL#?secret=qyxwUziA12\"><\/iframe><noscript><iframe class=\"wp-embedded-content\" sandbox=\"allow-scripts\" security=\"restricted\" style=\"position: absolute; visibility: hidden;\" title=\"\u201eDie \u201eSwing States\u201c entscheiden die Wahl in den USA\u201c \u2014 Ostbelgien Direkt\" src=\"https:\/\/ostbelgiendirekt.be\/diese-sieben-swing-states-400860\/embed#?secret=QncPg1LKuL#?secret=qyxwUziA12\" data-secret=\"qyxwUziA12\" width=\"500\" height=\"282\" frameborder=\"0\" marginwidth=\"0\" marginheight=\"0\" scrolling=\"no\"><\/iframe><\/noscript><\/p>\n<\/div>\n","protected":false},"excerpt":{"rendered":"<p>Qu&rsquo;il s&rsquo;agisse du commerce, de la protection du climat ou de la s\u00e9curit\u00e9 : l&rsquo;Europe d\u00e9pend de bonnes relations transatlantiques dans de nombreux domaines. C&rsquo;est<\/p>\n","protected":false},"author":1,"featured_media":2052,"comment_status":"","ping_status":"","sticky":false,"template":"","format":"standard","meta":{"footnotes":""},"categories":[298],"tags":[2102,2424,2783,2429,2428,2785,530,81,2784,481,1882,2425],"class_list":["post-2051","post","type-post","status-publish","format-standard","has-post-thumbnail","hentry","category-belgique","tag-americaine","tag-donald","tag-election","tag-harris","tag-kamala","tag-leurope","tag-meilleure","tag-pour","tag-presidentielle","tag-questions","tag-reponses","tag-trump","generate-columns","tablet-grid-50","mobile-grid-100","grid-parent","grid-33"],"yoast_head":"<!-- This site is optimized with the Yoast SEO plugin v24.0 - https:\/\/yoast.com\/wordpress\/plugins\/seo\/ -->\n<title>\u00c9lection pr\u00e9sidentielle am\u00e9ricaine : Kamala Harris meilleure pour l&#039;Europe que Donald Trump ? (Questions et r\u00e9ponses) | Vie Associative<\/title>\n<meta name=\"robots\" content=\"index, follow, max-snippet:-1, max-image-preview:large, max-video-preview:-1\" \/>\n<link rel=\"canonical\" href=\"https:\/\/vieassociative.be\/actualites\/election-presidentielle-americaine-kamala-harris-meilleure-pour-leurope-que-donald-trump-questions-et-reponses\/\" \/>\n<meta property=\"og:locale\" content=\"fr_FR\" \/>\n<meta property=\"og:type\" content=\"article\" \/>\n<meta property=\"og:title\" content=\"\u00c9lection pr\u00e9sidentielle am\u00e9ricaine : Kamala Harris meilleure pour l&#039;Europe que Donald Trump ? (Questions et r\u00e9ponses) | Vie Associative\" \/>\n<meta property=\"og:description\" content=\"Qu&rsquo;il s&rsquo;agisse du commerce, de la protection du climat ou de la s\u00e9curit\u00e9 : l&rsquo;Europe d\u00e9pend de bonnes relations transatlantiques dans de nombreux domaines. C&rsquo;est\" \/>\n<meta property=\"og:url\" content=\"https:\/\/vieassociative.be\/actualites\/election-presidentielle-americaine-kamala-harris-meilleure-pour-leurope-que-donald-trump-questions-et-reponses\/\" \/>\n<meta property=\"og:site_name\" content=\"Vie Associative\" \/>\n<meta property=\"article:published_time\" content=\"2024-11-05T08:17:05+00:00\" \/>\n<meta property=\"og:image\" content=\"https:\/\/vieassociative.be\/actualites\/wp-content\/uploads\/2024\/11\/Election-presidentielle-americaine-Kamala-Harris-meilleure-pour-lEurope-que.jpg\" \/>\n<meta name=\"author\" content=\"Julien\" \/>\n<meta name=\"twitter:card\" content=\"summary_large_image\" \/>\n<meta name=\"twitter:label1\" content=\"\u00c9crit par\" \/>\n\t<meta name=\"twitter:data1\" content=\"Julien\" \/>\n\t<meta name=\"twitter:label2\" content=\"Dur\u00e9e de lecture est.\" \/>\n\t<meta name=\"twitter:data2\" content=\"7 minutes\" \/>\n<script type=\"application\/ld+json\" class=\"yoast-schema-graph\">{\"@context\":\"https:\/\/schema.org\",\"@graph\":[{\"@type\":\"Article\",\"@id\":\"https:\/\/vieassociative.be\/actualites\/election-presidentielle-americaine-kamala-harris-meilleure-pour-leurope-que-donald-trump-questions-et-reponses\/#article\",\"isPartOf\":{\"@id\":\"https:\/\/vieassociative.be\/actualites\/election-presidentielle-americaine-kamala-harris-meilleure-pour-leurope-que-donald-trump-questions-et-reponses\/\"},\"author\":{\"name\":\"Julien\",\"@id\":\"https:\/\/vieassociative.be\/actualites\/#\/schema\/person\/b87ac4f82f9d4e7b7cec7395b679edc4\"},\"headline\":\"\u00c9lection pr\u00e9sidentielle am\u00e9ricaine : Kamala Harris meilleure pour l&rsquo;Europe que Donald Trump ? (Questions et r\u00e9ponses)\",\"datePublished\":\"2024-11-05T08:17:05+00:00\",\"dateModified\":\"2024-11-05T08:17:05+00:00\",\"mainEntityOfPage\":{\"@id\":\"https:\/\/vieassociative.be\/actualites\/election-presidentielle-americaine-kamala-harris-meilleure-pour-leurope-que-donald-trump-questions-et-reponses\/\"},\"wordCount\":1530,\"publisher\":{\"@id\":\"https:\/\/vieassociative.be\/actualites\/#organization\"},\"image\":{\"@id\":\"https:\/\/vieassociative.be\/actualites\/election-presidentielle-americaine-kamala-harris-meilleure-pour-leurope-que-donald-trump-questions-et-reponses\/#primaryimage\"},\"thumbnailUrl\":\"https:\/\/vieassociative.be\/actualites\/wp-content\/uploads\/2024\/11\/1730794625_Election-presidentielle-americaine-Kamala-Harris-meilleure-pour-lEurope-que.jpg\",\"keywords\":[\"am\u00e9ricaine\",\"Donald\",\"\u00c9lection\",\"Harris\",\"Kamala\",\"lEurope\",\"meilleure\",\"pour\",\"pr\u00e9sidentielle\",\"questions\",\"r\u00e9ponses\",\"Trump\"],\"articleSection\":[\"Belgique\"],\"inLanguage\":\"fr-BE\"},{\"@type\":\"WebPage\",\"@id\":\"https:\/\/vieassociative.be\/actualites\/election-presidentielle-americaine-kamala-harris-meilleure-pour-leurope-que-donald-trump-questions-et-reponses\/\",\"url\":\"https:\/\/vieassociative.be\/actualites\/election-presidentielle-americaine-kamala-harris-meilleure-pour-leurope-que-donald-trump-questions-et-reponses\/\",\"name\":\"\u00c9lection pr\u00e9sidentielle am\u00e9ricaine : Kamala Harris meilleure pour l'Europe que Donald Trump ? (Questions et r\u00e9ponses) | Vie Associative\",\"isPartOf\":{\"@id\":\"https:\/\/vieassociative.be\/actualites\/#website\"},\"primaryImageOfPage\":{\"@id\":\"https:\/\/vieassociative.be\/actualites\/election-presidentielle-americaine-kamala-harris-meilleure-pour-leurope-que-donald-trump-questions-et-reponses\/#primaryimage\"},\"image\":{\"@id\":\"https:\/\/vieassociative.be\/actualites\/election-presidentielle-americaine-kamala-harris-meilleure-pour-leurope-que-donald-trump-questions-et-reponses\/#primaryimage\"},\"thumbnailUrl\":\"https:\/\/vieassociative.be\/actualites\/wp-content\/uploads\/2024\/11\/1730794625_Election-presidentielle-americaine-Kamala-Harris-meilleure-pour-lEurope-que.jpg\",\"datePublished\":\"2024-11-05T08:17:05+00:00\",\"dateModified\":\"2024-11-05T08:17:05+00:00\",\"breadcrumb\":{\"@id\":\"https:\/\/vieassociative.be\/actualites\/election-presidentielle-americaine-kamala-harris-meilleure-pour-leurope-que-donald-trump-questions-et-reponses\/#breadcrumb\"},\"inLanguage\":\"fr-BE\",\"potentialAction\":[{\"@type\":\"ReadAction\",\"target\":[\"https:\/\/vieassociative.be\/actualites\/election-presidentielle-americaine-kamala-harris-meilleure-pour-leurope-que-donald-trump-questions-et-reponses\/\"]}]},{\"@type\":\"ImageObject\",\"inLanguage\":\"fr-BE\",\"@id\":\"https:\/\/vieassociative.be\/actualites\/election-presidentielle-americaine-kamala-harris-meilleure-pour-leurope-que-donald-trump-questions-et-reponses\/#primaryimage\",\"url\":\"https:\/\/vieassociative.be\/actualites\/wp-content\/uploads\/2024\/11\/1730794625_Election-presidentielle-americaine-Kamala-Harris-meilleure-pour-lEurope-que.jpg\",\"contentUrl\":\"https:\/\/vieassociative.be\/actualites\/wp-content\/uploads\/2024\/11\/1730794625_Election-presidentielle-americaine-Kamala-Harris-meilleure-pour-lEurope-que.jpg\",\"width\":1200,\"height\":800,\"caption\":\"\u00c9lection pr\u00e9sidentielle am\u00e9ricaine : Kamala Harris meilleure pour l'Europe que Donald Trump ? (Questions et r\u00e9ponses)\"},{\"@type\":\"BreadcrumbList\",\"@id\":\"https:\/\/vieassociative.be\/actualites\/election-presidentielle-americaine-kamala-harris-meilleure-pour-leurope-que-donald-trump-questions-et-reponses\/#breadcrumb\",\"itemListElement\":[{\"@type\":\"ListItem\",\"position\":1,\"name\":\"Accueil\",\"item\":\"https:\/\/vieassociative.be\/actualites\/\"},{\"@type\":\"ListItem\",\"position\":2,\"name\":\"\u00c9lection pr\u00e9sidentielle am\u00e9ricaine : Kamala Harris meilleure pour l&rsquo;Europe que Donald Trump ? (Questions et r\u00e9ponses)\"}]},{\"@type\":\"WebSite\",\"@id\":\"https:\/\/vieassociative.be\/actualites\/#website\",\"url\":\"https:\/\/vieassociative.be\/actualites\/\",\"name\":\"Vie Associative\",\"description\":\"\",\"publisher\":{\"@id\":\"https:\/\/vieassociative.be\/actualites\/#organization\"},\"potentialAction\":[{\"@type\":\"SearchAction\",\"target\":{\"@type\":\"EntryPoint\",\"urlTemplate\":\"https:\/\/vieassociative.be\/actualites\/?s={search_term_string}\"},\"query-input\":{\"@type\":\"PropertyValueSpecification\",\"valueRequired\":true,\"valueName\":\"search_term_string\"}}],\"inLanguage\":\"fr-BE\"},{\"@type\":\"Organization\",\"@id\":\"https:\/\/vieassociative.be\/actualites\/#organization\",\"name\":\"Vie Associative\",\"url\":\"https:\/\/vieassociative.be\/actualites\/\",\"logo\":{\"@type\":\"ImageObject\",\"inLanguage\":\"fr-BE\",\"@id\":\"https:\/\/vieassociative.be\/actualites\/#\/schema\/logo\/image\/\",\"url\":\"https:\/\/vieassociative.be\/actualites\/wp-content\/uploads\/2024\/09\/cropped-vieassociative_favicon.ico.png\",\"contentUrl\":\"https:\/\/vieassociative.be\/actualites\/wp-content\/uploads\/2024\/09\/cropped-vieassociative_favicon.ico.png\",\"width\":512,\"height\":512,\"caption\":\"Vie Associative\"},\"image\":{\"@id\":\"https:\/\/vieassociative.be\/actualites\/#\/schema\/logo\/image\/\"}},{\"@type\":\"Person\",\"@id\":\"https:\/\/vieassociative.be\/actualites\/#\/schema\/person\/b87ac4f82f9d4e7b7cec7395b679edc4\",\"name\":\"Julien\",\"image\":{\"@type\":\"ImageObject\",\"inLanguage\":\"fr-BE\",\"@id\":\"https:\/\/vieassociative.be\/actualites\/#\/schema\/person\/image\/\",\"url\":\"https:\/\/vieassociative.be\/actualites\/wp-content\/uploads\/2024\/09\/vie-associative-1-150x150.jpg\",\"contentUrl\":\"https:\/\/vieassociative.be\/actualites\/wp-content\/uploads\/2024\/09\/vie-associative-1-150x150.jpg\",\"caption\":\"Julien\"},\"description\":\"Je suis Julien, r\u00e9dacteur pour Vie Associative. Passionn\u00e9 par le monde associatif depuis plus de 10 ans, j'ai \u00e0 c\u0153ur de partager des histoires inspirantes et de mettre en lumi\u00e8re les initiatives locales. Mon objectif est de sensibiliser et d'encourager l'engagement communautaire \u00e0 travers mes articles.\",\"sameAs\":[\"https:\/\/vieassociative.be\/\"]}]}<\/script>\n<!-- \/ Yoast SEO plugin. -->","yoast_head_json":{"title":"\u00c9lection pr\u00e9sidentielle am\u00e9ricaine : Kamala Harris meilleure pour l'Europe que Donald Trump ? (Questions et r\u00e9ponses) | Vie Associative","robots":{"index":"index","follow":"follow","max-snippet":"max-snippet:-1","max-image-preview":"max-image-preview:large","max-video-preview":"max-video-preview:-1"},"canonical":"https:\/\/vieassociative.be\/actualites\/election-presidentielle-americaine-kamala-harris-meilleure-pour-leurope-que-donald-trump-questions-et-reponses\/","og_locale":"fr_FR","og_type":"article","og_title":"\u00c9lection pr\u00e9sidentielle am\u00e9ricaine : Kamala Harris meilleure pour l'Europe que Donald Trump ? (Questions et r\u00e9ponses) | Vie Associative","og_description":"Qu&rsquo;il s&rsquo;agisse du commerce, de la protection du climat ou de la s\u00e9curit\u00e9 : l&rsquo;Europe d\u00e9pend de bonnes relations transatlantiques dans de nombreux domaines. C&rsquo;est","og_url":"https:\/\/vieassociative.be\/actualites\/election-presidentielle-americaine-kamala-harris-meilleure-pour-leurope-que-donald-trump-questions-et-reponses\/","og_site_name":"Vie Associative","article_published_time":"2024-11-05T08:17:05+00:00","og_image":[{"url":"https:\/\/vieassociative.be\/actualites\/wp-content\/uploads\/2024\/11\/Election-presidentielle-americaine-Kamala-Harris-meilleure-pour-lEurope-que.jpg","type":"","width":"","height":""}],"author":"Julien","twitter_card":"summary_large_image","twitter_misc":{"\u00c9crit par":"Julien","Dur\u00e9e de lecture est.":"7 minutes"},"schema":{"@context":"https:\/\/schema.org","@graph":[{"@type":"Article","@id":"https:\/\/vieassociative.be\/actualites\/election-presidentielle-americaine-kamala-harris-meilleure-pour-leurope-que-donald-trump-questions-et-reponses\/#article","isPartOf":{"@id":"https:\/\/vieassociative.be\/actualites\/election-presidentielle-americaine-kamala-harris-meilleure-pour-leurope-que-donald-trump-questions-et-reponses\/"},"author":{"name":"Julien","@id":"https:\/\/vieassociative.be\/actualites\/#\/schema\/person\/b87ac4f82f9d4e7b7cec7395b679edc4"},"headline":"\u00c9lection pr\u00e9sidentielle am\u00e9ricaine : Kamala Harris meilleure pour l&rsquo;Europe que Donald Trump ? (Questions et r\u00e9ponses)","datePublished":"2024-11-05T08:17:05+00:00","dateModified":"2024-11-05T08:17:05+00:00","mainEntityOfPage":{"@id":"https:\/\/vieassociative.be\/actualites\/election-presidentielle-americaine-kamala-harris-meilleure-pour-leurope-que-donald-trump-questions-et-reponses\/"},"wordCount":1530,"publisher":{"@id":"https:\/\/vieassociative.be\/actualites\/#organization"},"image":{"@id":"https:\/\/vieassociative.be\/actualites\/election-presidentielle-americaine-kamala-harris-meilleure-pour-leurope-que-donald-trump-questions-et-reponses\/#primaryimage"},"thumbnailUrl":"https:\/\/vieassociative.be\/actualites\/wp-content\/uploads\/2024\/11\/1730794625_Election-presidentielle-americaine-Kamala-Harris-meilleure-pour-lEurope-que.jpg","keywords":["am\u00e9ricaine","Donald","\u00c9lection","Harris","Kamala","lEurope","meilleure","pour","pr\u00e9sidentielle","questions","r\u00e9ponses","Trump"],"articleSection":["Belgique"],"inLanguage":"fr-BE"},{"@type":"WebPage","@id":"https:\/\/vieassociative.be\/actualites\/election-presidentielle-americaine-kamala-harris-meilleure-pour-leurope-que-donald-trump-questions-et-reponses\/","url":"https:\/\/vieassociative.be\/actualites\/election-presidentielle-americaine-kamala-harris-meilleure-pour-leurope-que-donald-trump-questions-et-reponses\/","name":"\u00c9lection pr\u00e9sidentielle am\u00e9ricaine : Kamala Harris meilleure pour l'Europe que Donald Trump ? (Questions et r\u00e9ponses) | Vie Associative","isPartOf":{"@id":"https:\/\/vieassociative.be\/actualites\/#website"},"primaryImageOfPage":{"@id":"https:\/\/vieassociative.be\/actualites\/election-presidentielle-americaine-kamala-harris-meilleure-pour-leurope-que-donald-trump-questions-et-reponses\/#primaryimage"},"image":{"@id":"https:\/\/vieassociative.be\/actualites\/election-presidentielle-americaine-kamala-harris-meilleure-pour-leurope-que-donald-trump-questions-et-reponses\/#primaryimage"},"thumbnailUrl":"https:\/\/vieassociative.be\/actualites\/wp-content\/uploads\/2024\/11\/1730794625_Election-presidentielle-americaine-Kamala-Harris-meilleure-pour-lEurope-que.jpg","datePublished":"2024-11-05T08:17:05+00:00","dateModified":"2024-11-05T08:17:05+00:00","breadcrumb":{"@id":"https:\/\/vieassociative.be\/actualites\/election-presidentielle-americaine-kamala-harris-meilleure-pour-leurope-que-donald-trump-questions-et-reponses\/#breadcrumb"},"inLanguage":"fr-BE","potentialAction":[{"@type":"ReadAction","target":["https:\/\/vieassociative.be\/actualites\/election-presidentielle-americaine-kamala-harris-meilleure-pour-leurope-que-donald-trump-questions-et-reponses\/"]}]},{"@type":"ImageObject","inLanguage":"fr-BE","@id":"https:\/\/vieassociative.be\/actualites\/election-presidentielle-americaine-kamala-harris-meilleure-pour-leurope-que-donald-trump-questions-et-reponses\/#primaryimage","url":"https:\/\/vieassociative.be\/actualites\/wp-content\/uploads\/2024\/11\/1730794625_Election-presidentielle-americaine-Kamala-Harris-meilleure-pour-lEurope-que.jpg","contentUrl":"https:\/\/vieassociative.be\/actualites\/wp-content\/uploads\/2024\/11\/1730794625_Election-presidentielle-americaine-Kamala-Harris-meilleure-pour-lEurope-que.jpg","width":1200,"height":800,"caption":"\u00c9lection pr\u00e9sidentielle am\u00e9ricaine : Kamala Harris meilleure pour l'Europe que Donald Trump ? (Questions et r\u00e9ponses)"},{"@type":"BreadcrumbList","@id":"https:\/\/vieassociative.be\/actualites\/election-presidentielle-americaine-kamala-harris-meilleure-pour-leurope-que-donald-trump-questions-et-reponses\/#breadcrumb","itemListElement":[{"@type":"ListItem","position":1,"name":"Accueil","item":"https:\/\/vieassociative.be\/actualites\/"},{"@type":"ListItem","position":2,"name":"\u00c9lection pr\u00e9sidentielle am\u00e9ricaine : Kamala Harris meilleure pour l&rsquo;Europe que Donald Trump ? (Questions et r\u00e9ponses)"}]},{"@type":"WebSite","@id":"https:\/\/vieassociative.be\/actualites\/#website","url":"https:\/\/vieassociative.be\/actualites\/","name":"Vie Associative","description":"","publisher":{"@id":"https:\/\/vieassociative.be\/actualites\/#organization"},"potentialAction":[{"@type":"SearchAction","target":{"@type":"EntryPoint","urlTemplate":"https:\/\/vieassociative.be\/actualites\/?s={search_term_string}"},"query-input":{"@type":"PropertyValueSpecification","valueRequired":true,"valueName":"search_term_string"}}],"inLanguage":"fr-BE"},{"@type":"Organization","@id":"https:\/\/vieassociative.be\/actualites\/#organization","name":"Vie Associative","url":"https:\/\/vieassociative.be\/actualites\/","logo":{"@type":"ImageObject","inLanguage":"fr-BE","@id":"https:\/\/vieassociative.be\/actualites\/#\/schema\/logo\/image\/","url":"https:\/\/vieassociative.be\/actualites\/wp-content\/uploads\/2024\/09\/cropped-vieassociative_favicon.ico.png","contentUrl":"https:\/\/vieassociative.be\/actualites\/wp-content\/uploads\/2024\/09\/cropped-vieassociative_favicon.ico.png","width":512,"height":512,"caption":"Vie Associative"},"image":{"@id":"https:\/\/vieassociative.be\/actualites\/#\/schema\/logo\/image\/"}},{"@type":"Person","@id":"https:\/\/vieassociative.be\/actualites\/#\/schema\/person\/b87ac4f82f9d4e7b7cec7395b679edc4","name":"Julien","image":{"@type":"ImageObject","inLanguage":"fr-BE","@id":"https:\/\/vieassociative.be\/actualites\/#\/schema\/person\/image\/","url":"https:\/\/vieassociative.be\/actualites\/wp-content\/uploads\/2024\/09\/vie-associative-1-150x150.jpg","contentUrl":"https:\/\/vieassociative.be\/actualites\/wp-content\/uploads\/2024\/09\/vie-associative-1-150x150.jpg","caption":"Julien"},"description":"Je suis Julien, r\u00e9dacteur pour Vie Associative. Passionn\u00e9 par le monde associatif depuis plus de 10 ans, j'ai \u00e0 c\u0153ur de partager des histoires inspirantes et de mettre en lumi\u00e8re les initiatives locales. Mon objectif est de sensibiliser et d'encourager l'engagement communautaire \u00e0 travers mes articles.","sameAs":["https:\/\/vieassociative.be\/"]}]}},"_links":{"self":[{"href":"https:\/\/vieassociative.be\/actualites\/wp-json\/wp\/v2\/posts\/2051"}],"collection":[{"href":"https:\/\/vieassociative.be\/actualites\/wp-json\/wp\/v2\/posts"}],"about":[{"href":"https:\/\/vieassociative.be\/actualites\/wp-json\/wp\/v2\/types\/post"}],"author":[{"embeddable":true,"href":"https:\/\/vieassociative.be\/actualites\/wp-json\/wp\/v2\/users\/1"}],"replies":[{"embeddable":true,"href":"https:\/\/vieassociative.be\/actualites\/wp-json\/wp\/v2\/comments?post=2051"}],"version-history":[{"count":0,"href":"https:\/\/vieassociative.be\/actualites\/wp-json\/wp\/v2\/posts\/2051\/revisions"}],"wp:featuredmedia":[{"embeddable":true,"href":"https:\/\/vieassociative.be\/actualites\/wp-json\/wp\/v2\/media\/2052"}],"wp:attachment":[{"href":"https:\/\/vieassociative.be\/actualites\/wp-json\/wp\/v2\/media?parent=2051"}],"wp:term":[{"taxonomy":"category","embeddable":true,"href":"https:\/\/vieassociative.be\/actualites\/wp-json\/wp\/v2\/categories?post=2051"},{"taxonomy":"post_tag","embeddable":true,"href":"https:\/\/vieassociative.be\/actualites\/wp-json\/wp\/v2\/tags?post=2051"}],"curies":[{"name":"wp","href":"https:\/\/api.w.org\/{rel}","templated":true}]}}