{"id":2049,"date":"2024-11-05T08:21:00","date_gmt":"2024-11-05T07:21:00","guid":{"rendered":"https:\/\/vieassociative.be\/actualites\/le-nouvel-ipad-mini-7-est-a-84-de-reduction-en-ce-moment\/"},"modified":"2024-11-05T08:21:00","modified_gmt":"2024-11-05T07:21:00","slug":"le-nouvel-ipad-mini-7-est-a-84-de-reduction-en-ce-moment","status":"publish","type":"post","link":"https:\/\/vieassociative.be\/actualites\/le-nouvel-ipad-mini-7-est-a-84-de-reduction-en-ce-moment\/","title":{"rendered":"Le nouvel iPad Mini 7 est \u00e0 84 $ de r\u00e9duction en ce moment"},"content":{"rendered":"<div class=\"mt-4 leading-6 md:mb-8\">Le nouvel iPad mini vient de sortir en octobre et son prix a d\u00e9j\u00e0 baiss\u00e9 de 84 dollars.<\/div>\n<p><\/p>\n<p>Lorsque l&rsquo;iPad mini 7 est sorti en octobre de cette ann\u00e9e, des premi\u00e8res offres \u00e9taient disponibles aupr\u00e8s de d\u00e9taillants en dehors d&rsquo;Amazon. Mais c&rsquo;est d\u00e9sormais au tour d&rsquo;Amazon de b\u00e9n\u00e9ficier de la meilleure offre sur le nouvel iPad Mini A17 Pro, actuellement en cours de vente. <strong>399,99\u00a0$ <\/strong>(\u00e0 l&rsquo;origine 484 $) apr\u00e8s un coupon sur la page de 84,01 $, le prix le plus bas jamais enregistr\u00e9, selon les outils de suivi des prix. <\/p>\n<p>L&rsquo;iPad mini 7 est livr\u00e9 avec la puce A17 Pro, la m\u00eame puce que celle de l&rsquo;iPhone 15 Pro, et une s\u00e9rie A de moins que celle utilis\u00e9e par la s\u00e9rie iPhone 16. Il n&rsquo;a qu&rsquo;un an et sera pris en charge par Apple pendant de nombreuses ann\u00e9es. Par rapport \u00e0 l&rsquo;iPad mini 6, il est 30 % plus rapide que la puce A15 Bionic de l&rsquo;iPad mini 6, mais plus important encore, il ex\u00e9cute Apple Intelligence, y compris de nouvelles fonctionnalit\u00e9s d&rsquo;IA telles que les r\u00e9sum\u00e9s de notifications et les outils d&rsquo;\u00e9criture bas\u00e9s sur l&rsquo;IA. Vous pourrez \u00e9galement utiliser le nouvel Apple Pencil Pro avec, b\u00e9n\u00e9ficier du support Wi-Fi 6E et commencer avec 128 Go de stockage (le double de ce que propose le mod\u00e8le de base de l&rsquo;iPad mini 6).<\/p>\n<p>Fid\u00e8le \u00e0 son nom, la mini 7 est la plus petite tablette d&rsquo;Apple, mesurant 7,7 x 5,3 x 0,3 pouces et pesant 1,1 livre. L&rsquo;\u00e9cran est un \u00e9cran de 8,3 pouces avec une r\u00e9solution de 2 226 x 1 448 pixels. Selon l&rsquo;\u00ab excellent \u00bb avis de PCMag, vous pouvez vous attendre \u00e0 obtenir environ 7 heures et 23 minutes d&rsquo;autonomie avec une charge compl\u00e8te. \u00c0 part Apple Intelligence et la prise en charge du Pencil Pro, il n&rsquo;y a pas beaucoup de diff\u00e9rence pour justifier une mise \u00e0 niveau si vous poss\u00e9dez l&rsquo;iPad mini de 6e g\u00e9n\u00e9ration. Mais si vous recherchez un iPad plus petit ou si vous avez simplement besoin de passer \u00e0 un iPad plus r\u00e9cent dot\u00e9 des derni\u00e8res fonctionnalit\u00e9s, ce nouvel iPad mini ne co\u00fbte actuellement que 50 $ de plus que la version pr\u00e9c\u00e9dente et constitue une bonne affaire pour son prix.<\/p>\n","protected":false},"excerpt":{"rendered":"<p>Le nouvel iPad mini vient de sortir en octobre et son prix a d\u00e9j\u00e0 baiss\u00e9 de 84 dollars. Lorsque l&rsquo;iPad mini 7 est sorti en<\/p>\n","protected":false},"author":1,"featured_media":2050,"comment_status":"","ping_status":"","sticky":false,"template":"","format":"standard","meta":{"footnotes":""},"categories":[13],"tags":[76,1915,1529,1429,929,308],"class_list":["post-2049","post","type-post","status-publish","format-standard","has-post-thumbnail","hentry","category-technologie","tag-est","tag-ipad","tag-mini","tag-moment","tag-nouvel","tag-reduction","generate-columns","tablet-grid-50","mobile-grid-100","grid-parent","grid-33"],"yoast_head":"<!-- This site is optimized with the Yoast SEO plugin v24.0 - https:\/\/yoast.com\/wordpress\/plugins\/seo\/ -->\n<title>Le nouvel iPad Mini 7 est \u00e0 84 $ de r\u00e9duction en ce moment | Vie Associative<\/title>\n<meta name=\"robots\" content=\"index, follow, max-snippet:-1, max-image-preview:large, max-video-preview:-1\" \/>\n<link rel=\"canonical\" href=\"https:\/\/vieassociative.be\/actualites\/le-nouvel-ipad-mini-7-est-a-84-de-reduction-en-ce-moment\/\" \/>\n<meta property=\"og:locale\" content=\"fr_FR\" \/>\n<meta property=\"og:type\" content=\"article\" \/>\n<meta property=\"og:title\" content=\"Le nouvel iPad Mini 7 est \u00e0 84 $ de r\u00e9duction en ce moment | Vie Associative\" \/>\n<meta property=\"og:description\" content=\"Le nouvel iPad mini vient de sortir en octobre et son prix a d\u00e9j\u00e0 baiss\u00e9 de 84 dollars. Lorsque l&rsquo;iPad mini 7 est sorti en\" \/>\n<meta property=\"og:url\" content=\"https:\/\/vieassociative.be\/actualites\/le-nouvel-ipad-mini-7-est-a-84-de-reduction-en-ce-moment\/\" \/>\n<meta property=\"og:site_name\" content=\"Vie Associative\" \/>\n<meta property=\"article:published_time\" content=\"2024-11-05T07:21:00+00:00\" \/>\n<meta property=\"og:image\" content=\"https:\/\/vieassociative.be\/actualites\/wp-content\/uploads\/2024\/09\/header_backgroundk-01-e1726694325946.png\" \/>\n\t<meta property=\"og:image:width\" content=\"279\" \/>\n\t<meta property=\"og:image:height\" content=\"92\" \/>\n\t<meta property=\"og:image:type\" content=\"image\/png\" \/>\n<meta name=\"author\" content=\"Julien\" \/>\n<meta name=\"twitter:card\" content=\"summary_large_image\" \/>\n<meta name=\"twitter:label1\" content=\"\u00c9crit par\" \/>\n\t<meta name=\"twitter:data1\" content=\"Julien\" \/>\n\t<meta name=\"twitter:label2\" content=\"Dur\u00e9e de lecture est.\" \/>\n\t<meta name=\"twitter:data2\" content=\"2 minutes\" \/>\n<script type=\"application\/ld+json\" class=\"yoast-schema-graph\">{\"@context\":\"https:\/\/schema.org\",\"@graph\":[{\"@type\":\"Article\",\"@id\":\"https:\/\/vieassociative.be\/actualites\/le-nouvel-ipad-mini-7-est-a-84-de-reduction-en-ce-moment\/#article\",\"isPartOf\":{\"@id\":\"https:\/\/vieassociative.be\/actualites\/le-nouvel-ipad-mini-7-est-a-84-de-reduction-en-ce-moment\/\"},\"author\":{\"name\":\"Julien\",\"@id\":\"https:\/\/vieassociative.be\/actualites\/#\/schema\/person\/b87ac4f82f9d4e7b7cec7395b679edc4\"},\"headline\":\"Le nouvel iPad Mini 7 est \u00e0 84 $ de r\u00e9duction en ce moment\",\"datePublished\":\"2024-11-05T07:21:00+00:00\",\"dateModified\":\"2024-11-05T07:21:00+00:00\",\"mainEntityOfPage\":{\"@id\":\"https:\/\/vieassociative.be\/actualites\/le-nouvel-ipad-mini-7-est-a-84-de-reduction-en-ce-moment\/\"},\"wordCount\":399,\"publisher\":{\"@id\":\"https:\/\/vieassociative.be\/actualites\/#organization\"},\"image\":{\"@id\":\"https:\/\/vieassociative.be\/actualites\/le-nouvel-ipad-mini-7-est-a-84-de-reduction-en-ce-moment\/#primaryimage\"},\"thumbnailUrl\":\"https:\/\/vieassociative.be\/actualites\/wp-content\/uploads\/2024\/11\/Le-nouvel-iPad-Mini-7-est-a-84-de.png\",\"keywords\":[\"est\",\"iPad\",\"Mini\",\"moment\",\"nouvel\",\"r\u00e9duction\"],\"articleSection\":[\"Technologie\"],\"inLanguage\":\"fr-BE\"},{\"@type\":\"WebPage\",\"@id\":\"https:\/\/vieassociative.be\/actualites\/le-nouvel-ipad-mini-7-est-a-84-de-reduction-en-ce-moment\/\",\"url\":\"https:\/\/vieassociative.be\/actualites\/le-nouvel-ipad-mini-7-est-a-84-de-reduction-en-ce-moment\/\",\"name\":\"Le nouvel iPad Mini 7 est \u00e0 84 $ de r\u00e9duction en ce moment | Vie Associative\",\"isPartOf\":{\"@id\":\"https:\/\/vieassociative.be\/actualites\/#website\"},\"primaryImageOfPage\":{\"@id\":\"https:\/\/vieassociative.be\/actualites\/le-nouvel-ipad-mini-7-est-a-84-de-reduction-en-ce-moment\/#primaryimage\"},\"image\":{\"@id\":\"https:\/\/vieassociative.be\/actualites\/le-nouvel-ipad-mini-7-est-a-84-de-reduction-en-ce-moment\/#primaryimage\"},\"thumbnailUrl\":\"https:\/\/vieassociative.be\/actualites\/wp-content\/uploads\/2024\/11\/Le-nouvel-iPad-Mini-7-est-a-84-de.png\",\"datePublished\":\"2024-11-05T07:21:00+00:00\",\"dateModified\":\"2024-11-05T07:21:00+00:00\",\"breadcrumb\":{\"@id\":\"https:\/\/vieassociative.be\/actualites\/le-nouvel-ipad-mini-7-est-a-84-de-reduction-en-ce-moment\/#breadcrumb\"},\"inLanguage\":\"fr-BE\",\"potentialAction\":[{\"@type\":\"ReadAction\",\"target\":[\"https:\/\/vieassociative.be\/actualites\/le-nouvel-ipad-mini-7-est-a-84-de-reduction-en-ce-moment\/\"]}]},{\"@type\":\"ImageObject\",\"inLanguage\":\"fr-BE\",\"@id\":\"https:\/\/vieassociative.be\/actualites\/le-nouvel-ipad-mini-7-est-a-84-de-reduction-en-ce-moment\/#primaryimage\",\"url\":\"https:\/\/vieassociative.be\/actualites\/wp-content\/uploads\/2024\/11\/Le-nouvel-iPad-Mini-7-est-a-84-de.png\",\"contentUrl\":\"https:\/\/vieassociative.be\/actualites\/wp-content\/uploads\/2024\/11\/Le-nouvel-iPad-Mini-7-est-a-84-de.png\",\"width\":1200,\"height\":675,\"caption\":\"Le nouvel iPad Mini 7 est \u00e0 84 $ de r\u00e9duction en ce moment\"},{\"@type\":\"BreadcrumbList\",\"@id\":\"https:\/\/vieassociative.be\/actualites\/le-nouvel-ipad-mini-7-est-a-84-de-reduction-en-ce-moment\/#breadcrumb\",\"itemListElement\":[{\"@type\":\"ListItem\",\"position\":1,\"name\":\"Accueil\",\"item\":\"https:\/\/vieassociative.be\/actualites\/\"},{\"@type\":\"ListItem\",\"position\":2,\"name\":\"Le nouvel iPad Mini 7 est \u00e0 84 $ de r\u00e9duction en ce moment\"}]},{\"@type\":\"WebSite\",\"@id\":\"https:\/\/vieassociative.be\/actualites\/#website\",\"url\":\"https:\/\/vieassociative.be\/actualites\/\",\"name\":\"Vie Associative\",\"description\":\"\",\"publisher\":{\"@id\":\"https:\/\/vieassociative.be\/actualites\/#organization\"},\"potentialAction\":[{\"@type\":\"SearchAction\",\"target\":{\"@type\":\"EntryPoint\",\"urlTemplate\":\"https:\/\/vieassociative.be\/actualites\/?s={search_term_string}\"},\"query-input\":{\"@type\":\"PropertyValueSpecification\",\"valueRequired\":true,\"valueName\":\"search_term_string\"}}],\"inLanguage\":\"fr-BE\"},{\"@type\":\"Organization\",\"@id\":\"https:\/\/vieassociative.be\/actualites\/#organization\",\"name\":\"Vie Associative\",\"url\":\"https:\/\/vieassociative.be\/actualites\/\",\"logo\":{\"@type\":\"ImageObject\",\"inLanguage\":\"fr-BE\",\"@id\":\"https:\/\/vieassociative.be\/actualites\/#\/schema\/logo\/image\/\",\"url\":\"https:\/\/vieassociative.be\/actualites\/wp-content\/uploads\/2024\/09\/cropped-vieassociative_favicon.ico.png\",\"contentUrl\":\"https:\/\/vieassociative.be\/actualites\/wp-content\/uploads\/2024\/09\/cropped-vieassociative_favicon.ico.png\",\"width\":512,\"height\":512,\"caption\":\"Vie Associative\"},\"image\":{\"@id\":\"https:\/\/vieassociative.be\/actualites\/#\/schema\/logo\/image\/\"}},{\"@type\":\"Person\",\"@id\":\"https:\/\/vieassociative.be\/actualites\/#\/schema\/person\/b87ac4f82f9d4e7b7cec7395b679edc4\",\"name\":\"Julien\",\"image\":{\"@type\":\"ImageObject\",\"inLanguage\":\"fr-BE\",\"@id\":\"https:\/\/vieassociative.be\/actualites\/#\/schema\/person\/image\/\",\"url\":\"https:\/\/vieassociative.be\/actualites\/wp-content\/uploads\/2024\/09\/vie-associative-1-150x150.jpg\",\"contentUrl\":\"https:\/\/vieassociative.be\/actualites\/wp-content\/uploads\/2024\/09\/vie-associative-1-150x150.jpg\",\"caption\":\"Julien\"},\"description\":\"Je suis Julien, r\u00e9dacteur pour Vie Associative. Passionn\u00e9 par le monde associatif depuis plus de 10 ans, j'ai \u00e0 c\u0153ur de partager des histoires inspirantes et de mettre en lumi\u00e8re les initiatives locales. Mon objectif est de sensibiliser et d'encourager l'engagement communautaire \u00e0 travers mes articles.\",\"sameAs\":[\"https:\/\/vieassociative.be\/\"]}]}<\/script>\n<!-- \/ Yoast SEO plugin. -->","yoast_head_json":{"title":"Le nouvel iPad Mini 7 est \u00e0 84 $ de r\u00e9duction en ce moment | Vie Associative","robots":{"index":"index","follow":"follow","max-snippet":"max-snippet:-1","max-image-preview":"max-image-preview:large","max-video-preview":"max-video-preview:-1"},"canonical":"https:\/\/vieassociative.be\/actualites\/le-nouvel-ipad-mini-7-est-a-84-de-reduction-en-ce-moment\/","og_locale":"fr_FR","og_type":"article","og_title":"Le nouvel iPad Mini 7 est \u00e0 84 $ de r\u00e9duction en ce moment | Vie Associative","og_description":"Le nouvel iPad mini vient de sortir en octobre et son prix a d\u00e9j\u00e0 baiss\u00e9 de 84 dollars. Lorsque l&rsquo;iPad mini 7 est sorti en","og_url":"https:\/\/vieassociative.be\/actualites\/le-nouvel-ipad-mini-7-est-a-84-de-reduction-en-ce-moment\/","og_site_name":"Vie Associative","article_published_time":"2024-11-05T07:21:00+00:00","og_image":[{"width":279,"height":92,"url":"https:\/\/vieassociative.be\/actualites\/wp-content\/uploads\/2024\/09\/header_backgroundk-01-e1726694325946.png","type":"image\/png"}],"author":"Julien","twitter_card":"summary_large_image","twitter_misc":{"\u00c9crit par":"Julien","Dur\u00e9e de lecture est.":"2 minutes"},"schema":{"@context":"https:\/\/schema.org","@graph":[{"@type":"Article","@id":"https:\/\/vieassociative.be\/actualites\/le-nouvel-ipad-mini-7-est-a-84-de-reduction-en-ce-moment\/#article","isPartOf":{"@id":"https:\/\/vieassociative.be\/actualites\/le-nouvel-ipad-mini-7-est-a-84-de-reduction-en-ce-moment\/"},"author":{"name":"Julien","@id":"https:\/\/vieassociative.be\/actualites\/#\/schema\/person\/b87ac4f82f9d4e7b7cec7395b679edc4"},"headline":"Le nouvel iPad Mini 7 est \u00e0 84 $ de r\u00e9duction en ce moment","datePublished":"2024-11-05T07:21:00+00:00","dateModified":"2024-11-05T07:21:00+00:00","mainEntityOfPage":{"@id":"https:\/\/vieassociative.be\/actualites\/le-nouvel-ipad-mini-7-est-a-84-de-reduction-en-ce-moment\/"},"wordCount":399,"publisher":{"@id":"https:\/\/vieassociative.be\/actualites\/#organization"},"image":{"@id":"https:\/\/vieassociative.be\/actualites\/le-nouvel-ipad-mini-7-est-a-84-de-reduction-en-ce-moment\/#primaryimage"},"thumbnailUrl":"https:\/\/vieassociative.be\/actualites\/wp-content\/uploads\/2024\/11\/Le-nouvel-iPad-Mini-7-est-a-84-de.png","keywords":["est","iPad","Mini","moment","nouvel","r\u00e9duction"],"articleSection":["Technologie"],"inLanguage":"fr-BE"},{"@type":"WebPage","@id":"https:\/\/vieassociative.be\/actualites\/le-nouvel-ipad-mini-7-est-a-84-de-reduction-en-ce-moment\/","url":"https:\/\/vieassociative.be\/actualites\/le-nouvel-ipad-mini-7-est-a-84-de-reduction-en-ce-moment\/","name":"Le nouvel iPad Mini 7 est \u00e0 84 $ de r\u00e9duction en ce moment | Vie Associative","isPartOf":{"@id":"https:\/\/vieassociative.be\/actualites\/#website"},"primaryImageOfPage":{"@id":"https:\/\/vieassociative.be\/actualites\/le-nouvel-ipad-mini-7-est-a-84-de-reduction-en-ce-moment\/#primaryimage"},"image":{"@id":"https:\/\/vieassociative.be\/actualites\/le-nouvel-ipad-mini-7-est-a-84-de-reduction-en-ce-moment\/#primaryimage"},"thumbnailUrl":"https:\/\/vieassociative.be\/actualites\/wp-content\/uploads\/2024\/11\/Le-nouvel-iPad-Mini-7-est-a-84-de.png","datePublished":"2024-11-05T07:21:00+00:00","dateModified":"2024-11-05T07:21:00+00:00","breadcrumb":{"@id":"https:\/\/vieassociative.be\/actualites\/le-nouvel-ipad-mini-7-est-a-84-de-reduction-en-ce-moment\/#breadcrumb"},"inLanguage":"fr-BE","potentialAction":[{"@type":"ReadAction","target":["https:\/\/vieassociative.be\/actualites\/le-nouvel-ipad-mini-7-est-a-84-de-reduction-en-ce-moment\/"]}]},{"@type":"ImageObject","inLanguage":"fr-BE","@id":"https:\/\/vieassociative.be\/actualites\/le-nouvel-ipad-mini-7-est-a-84-de-reduction-en-ce-moment\/#primaryimage","url":"https:\/\/vieassociative.be\/actualites\/wp-content\/uploads\/2024\/11\/Le-nouvel-iPad-Mini-7-est-a-84-de.png","contentUrl":"https:\/\/vieassociative.be\/actualites\/wp-content\/uploads\/2024\/11\/Le-nouvel-iPad-Mini-7-est-a-84-de.png","width":1200,"height":675,"caption":"Le nouvel iPad Mini 7 est \u00e0 84 $ de r\u00e9duction en ce moment"},{"@type":"BreadcrumbList","@id":"https:\/\/vieassociative.be\/actualites\/le-nouvel-ipad-mini-7-est-a-84-de-reduction-en-ce-moment\/#breadcrumb","itemListElement":[{"@type":"ListItem","position":1,"name":"Accueil","item":"https:\/\/vieassociative.be\/actualites\/"},{"@type":"ListItem","position":2,"name":"Le nouvel iPad Mini 7 est \u00e0 84 $ de r\u00e9duction en ce moment"}]},{"@type":"WebSite","@id":"https:\/\/vieassociative.be\/actualites\/#website","url":"https:\/\/vieassociative.be\/actualites\/","name":"Vie Associative","description":"","publisher":{"@id":"https:\/\/vieassociative.be\/actualites\/#organization"},"potentialAction":[{"@type":"SearchAction","target":{"@type":"EntryPoint","urlTemplate":"https:\/\/vieassociative.be\/actualites\/?s={search_term_string}"},"query-input":{"@type":"PropertyValueSpecification","valueRequired":true,"valueName":"search_term_string"}}],"inLanguage":"fr-BE"},{"@type":"Organization","@id":"https:\/\/vieassociative.be\/actualites\/#organization","name":"Vie Associative","url":"https:\/\/vieassociative.be\/actualites\/","logo":{"@type":"ImageObject","inLanguage":"fr-BE","@id":"https:\/\/vieassociative.be\/actualites\/#\/schema\/logo\/image\/","url":"https:\/\/vieassociative.be\/actualites\/wp-content\/uploads\/2024\/09\/cropped-vieassociative_favicon.ico.png","contentUrl":"https:\/\/vieassociative.be\/actualites\/wp-content\/uploads\/2024\/09\/cropped-vieassociative_favicon.ico.png","width":512,"height":512,"caption":"Vie Associative"},"image":{"@id":"https:\/\/vieassociative.be\/actualites\/#\/schema\/logo\/image\/"}},{"@type":"Person","@id":"https:\/\/vieassociative.be\/actualites\/#\/schema\/person\/b87ac4f82f9d4e7b7cec7395b679edc4","name":"Julien","image":{"@type":"ImageObject","inLanguage":"fr-BE","@id":"https:\/\/vieassociative.be\/actualites\/#\/schema\/person\/image\/","url":"https:\/\/vieassociative.be\/actualites\/wp-content\/uploads\/2024\/09\/vie-associative-1-150x150.jpg","contentUrl":"https:\/\/vieassociative.be\/actualites\/wp-content\/uploads\/2024\/09\/vie-associative-1-150x150.jpg","caption":"Julien"},"description":"Je suis Julien, r\u00e9dacteur pour Vie Associative. Passionn\u00e9 par le monde associatif depuis plus de 10 ans, j'ai \u00e0 c\u0153ur de partager des histoires inspirantes et de mettre en lumi\u00e8re les initiatives locales. Mon objectif est de sensibiliser et d'encourager l'engagement communautaire \u00e0 travers mes articles.","sameAs":["https:\/\/vieassociative.be\/"]}]}},"_links":{"self":[{"href":"https:\/\/vieassociative.be\/actualites\/wp-json\/wp\/v2\/posts\/2049"}],"collection":[{"href":"https:\/\/vieassociative.be\/actualites\/wp-json\/wp\/v2\/posts"}],"about":[{"href":"https:\/\/vieassociative.be\/actualites\/wp-json\/wp\/v2\/types\/post"}],"author":[{"embeddable":true,"href":"https:\/\/vieassociative.be\/actualites\/wp-json\/wp\/v2\/users\/1"}],"replies":[{"embeddable":true,"href":"https:\/\/vieassociative.be\/actualites\/wp-json\/wp\/v2\/comments?post=2049"}],"version-history":[{"count":0,"href":"https:\/\/vieassociative.be\/actualites\/wp-json\/wp\/v2\/posts\/2049\/revisions"}],"wp:featuredmedia":[{"embeddable":true,"href":"https:\/\/vieassociative.be\/actualites\/wp-json\/wp\/v2\/media\/2050"}],"wp:attachment":[{"href":"https:\/\/vieassociative.be\/actualites\/wp-json\/wp\/v2\/media?parent=2049"}],"wp:term":[{"taxonomy":"category","embeddable":true,"href":"https:\/\/vieassociative.be\/actualites\/wp-json\/wp\/v2\/categories?post=2049"},{"taxonomy":"post_tag","embeddable":true,"href":"https:\/\/vieassociative.be\/actualites\/wp-json\/wp\/v2\/tags?post=2049"}],"curies":[{"name":"wp","href":"https:\/\/api.w.org\/{rel}","templated":true}]}}