{"id":2041,"date":"2024-11-05T03:18:37","date_gmt":"2024-11-05T02:18:37","guid":{"rendered":"https:\/\/vieassociative.be\/actualites\/le-professeur-hermann-buhlbecker-et-le-groupe-lambertz-recompenses-par-le-golden-planet-award\/"},"modified":"2024-11-05T03:18:37","modified_gmt":"2024-11-05T02:18:37","slug":"le-professeur-hermann-buhlbecker-et-le-groupe-lambertz-recompenses-par-le-golden-planet-award","status":"publish","type":"post","link":"https:\/\/vieassociative.be\/actualites\/le-professeur-hermann-buhlbecker-et-le-groupe-lambertz-recompenses-par-le-golden-planet-award\/","title":{"rendered":"Le professeur Hermann B\u00fchlbecker et le groupe Lambertz r\u00e9compens\u00e9s par le \u00ab Golden Planet Award \u00bb."},"content":{"rendered":"<p><strong>Le professeur Hermann B\u00fchlbecker, actionnaire unique du groupe Lambertz, a re\u00e7u le prestigieux \u00ab Golden Planet Award 2024 \u00bb lors d&rsquo;un \u00e9v\u00e9nement festif qui a eu lieu dans les \u00ab Skyline Studios \u00bb de Radio Francfort.<\/strong><\/p>\n<p><span id=\"more-401015\"><\/span>Le prix r\u00e9compense des personnalit\u00e9s, des entreprises et des organisations qui, par leur travail, apportent des impulsions positives \u00e0 la soci\u00e9t\u00e9 et qui ont r\u00e9alis\u00e9 des r\u00e9alisations exceptionnelles dans les domaines de l&rsquo;art, de la culture, de la responsabilit\u00e9 sociale ainsi que dans les domaines de l&rsquo;environnement et de la durabilit\u00e9. Le professeur B\u00fchlbecker et le groupe Lambertz ont \u00e9t\u00e9 r\u00e9compens\u00e9s principalement pour leur culture traditionnelle du d\u00e9veloppement durable.<\/p>\n<div id=\"attachment_401027\" class=\"wp-caption alignleft\" style=\"max-width: 300px\"><img fetchpriority=\"high\" decoding=\"async\" class=\"wp-image-401027 size-medium\" src=\"https:\/\/vieassociative.be\/actualites\/wp-content\/uploads\/2024\/11\/Le-professeur-Hermann-Buhlbecker-et-le-groupe-Lambertz-recompenses-par.jpg\" alt=\"\" width=\"300\" height=\"200\"  ><\/p>\n<p class=\"wp-caption-text\">Le professeur Hermann B\u00fchlbecker avec l&rsquo;ic\u00f4ne de la musique Marianne Rosenberg.<\/p>\n<\/div>\n<p>Parmi les autres laur\u00e9ats figurent : la musicienne et compositrice Julia Neigel pour son engagement social, l&rsquo;ic\u00f4ne de la musique Marianne Rosenberg pour son engagement en faveur de la diversit\u00e9, la R\u00e9publique du Costa Rica, repr\u00e9sent\u00e9e par le ministre des Affaires \u00e9trang\u00e8res Arnold Andr\u00e9, comme mod\u00e8le pour l&rsquo;\u00e9quilibre entre le progr\u00e8s \u00e9conomique et la protection de l&rsquo;environnement, ainsi que la GLS Community Bank eG pour son ADN d&rsquo;entreprise verte.<\/p>\n<p>Le Golden Planet Award est un projet commun de la \u00ab Voice Aid Association \u00bb, du Groupe Radio et de la DIPSH (Digital International Platform for Environment, Sustainability &#038; Humanity) et rassemble des personnalit\u00e9s du monde des affaires, de la politique, de la culture et de la philanthropie qui d\u00e9fendent la valeur de durabilit\u00e9.<\/p>\n","protected":false},"excerpt":{"rendered":"<p>Le professeur Hermann B\u00fchlbecker, actionnaire unique du groupe Lambertz, a re\u00e7u le prestigieux \u00ab Golden Planet Award 2024 \u00bb lors d&rsquo;un \u00e9v\u00e9nement festif qui a<\/p>\n","protected":false},"author":1,"featured_media":2042,"comment_status":"","ping_status":"","sticky":false,"template":"","format":"standard","meta":{"footnotes":""},"categories":[298],"tags":[2774,2771,71,1827,2770,2772,676,2773,752,783],"class_list":["post-2041","post","type-post","status-publish","format-standard","has-post-thumbnail","hentry","category-belgique","tag-award","tag-buhlbecker","tag-golden","tag-groupe","tag-hermann","tag-lambertz","tag-par","tag-planet","tag-professeur","tag-recompenses","generate-columns","tablet-grid-50","mobile-grid-100","grid-parent","grid-33"],"yoast_head":"<!-- This site is optimized with the Yoast SEO plugin v24.0 - https:\/\/yoast.com\/wordpress\/plugins\/seo\/ -->\n<title>Le professeur Hermann B\u00fchlbecker et le groupe Lambertz r\u00e9compens\u00e9s par le \u00ab Golden Planet Award \u00bb. | Vie Associative<\/title>\n<meta name=\"robots\" content=\"index, follow, max-snippet:-1, max-image-preview:large, max-video-preview:-1\" \/>\n<link rel=\"canonical\" href=\"https:\/\/vieassociative.be\/actualites\/le-professeur-hermann-buhlbecker-et-le-groupe-lambertz-recompenses-par-le-golden-planet-award\/\" \/>\n<meta property=\"og:locale\" content=\"fr_FR\" \/>\n<meta property=\"og:type\" content=\"article\" \/>\n<meta property=\"og:title\" content=\"Le professeur Hermann B\u00fchlbecker et le groupe Lambertz r\u00e9compens\u00e9s par le \u00ab Golden Planet Award \u00bb. | Vie Associative\" \/>\n<meta property=\"og:description\" content=\"Le professeur Hermann B\u00fchlbecker, actionnaire unique du groupe Lambertz, a re\u00e7u le prestigieux \u00ab Golden Planet Award 2024 \u00bb lors d&rsquo;un \u00e9v\u00e9nement festif qui a\" \/>\n<meta property=\"og:url\" content=\"https:\/\/vieassociative.be\/actualites\/le-professeur-hermann-buhlbecker-et-le-groupe-lambertz-recompenses-par-le-golden-planet-award\/\" \/>\n<meta property=\"og:site_name\" content=\"Vie Associative\" \/>\n<meta property=\"article:published_time\" content=\"2024-11-05T02:18:37+00:00\" \/>\n<meta property=\"og:image\" content=\"https:\/\/vieassociative.be\/actualites\/wp-content\/uploads\/2024\/11\/Le-professeur-Hermann-Buhlbecker-et-le-groupe-Lambertz-recompenses-par.jpg\" \/>\n<meta name=\"author\" content=\"Julien\" \/>\n<meta name=\"twitter:card\" content=\"summary_large_image\" \/>\n<meta name=\"twitter:label1\" content=\"\u00c9crit par\" \/>\n\t<meta name=\"twitter:data1\" content=\"Julien\" \/>\n\t<meta name=\"twitter:label2\" content=\"Dur\u00e9e de lecture est.\" \/>\n\t<meta name=\"twitter:data2\" content=\"1 minute\" \/>\n<script type=\"application\/ld+json\" class=\"yoast-schema-graph\">{\"@context\":\"https:\/\/schema.org\",\"@graph\":[{\"@type\":\"Article\",\"@id\":\"https:\/\/vieassociative.be\/actualites\/le-professeur-hermann-buhlbecker-et-le-groupe-lambertz-recompenses-par-le-golden-planet-award\/#article\",\"isPartOf\":{\"@id\":\"https:\/\/vieassociative.be\/actualites\/le-professeur-hermann-buhlbecker-et-le-groupe-lambertz-recompenses-par-le-golden-planet-award\/\"},\"author\":{\"name\":\"Julien\",\"@id\":\"https:\/\/vieassociative.be\/actualites\/#\/schema\/person\/b87ac4f82f9d4e7b7cec7395b679edc4\"},\"headline\":\"Le professeur Hermann B\u00fchlbecker et le groupe Lambertz r\u00e9compens\u00e9s par le \u00ab Golden Planet Award \u00bb.\",\"datePublished\":\"2024-11-05T02:18:37+00:00\",\"dateModified\":\"2024-11-05T02:18:37+00:00\",\"mainEntityOfPage\":{\"@id\":\"https:\/\/vieassociative.be\/actualites\/le-professeur-hermann-buhlbecker-et-le-groupe-lambertz-recompenses-par-le-golden-planet-award\/\"},\"wordCount\":278,\"publisher\":{\"@id\":\"https:\/\/vieassociative.be\/actualites\/#organization\"},\"image\":{\"@id\":\"https:\/\/vieassociative.be\/actualites\/le-professeur-hermann-buhlbecker-et-le-groupe-lambertz-recompenses-par-le-golden-planet-award\/#primaryimage\"},\"thumbnailUrl\":\"https:\/\/vieassociative.be\/actualites\/wp-content\/uploads\/2024\/11\/1730773117_Le-professeur-Hermann-Buhlbecker-et-le-groupe-Lambertz-recompenses-par.jpg\",\"keywords\":[\"Award\",\"B\u00fchlbecker\",\"Golden\",\"groupe\",\"Hermann\",\"Lambertz\",\"par\",\"Planet\",\"professeur\",\"r\u00e9compenses\"],\"articleSection\":[\"Belgique\"],\"inLanguage\":\"fr-BE\"},{\"@type\":\"WebPage\",\"@id\":\"https:\/\/vieassociative.be\/actualites\/le-professeur-hermann-buhlbecker-et-le-groupe-lambertz-recompenses-par-le-golden-planet-award\/\",\"url\":\"https:\/\/vieassociative.be\/actualites\/le-professeur-hermann-buhlbecker-et-le-groupe-lambertz-recompenses-par-le-golden-planet-award\/\",\"name\":\"Le professeur Hermann B\u00fchlbecker et le groupe Lambertz r\u00e9compens\u00e9s par le \u00ab Golden Planet Award \u00bb. | Vie Associative\",\"isPartOf\":{\"@id\":\"https:\/\/vieassociative.be\/actualites\/#website\"},\"primaryImageOfPage\":{\"@id\":\"https:\/\/vieassociative.be\/actualites\/le-professeur-hermann-buhlbecker-et-le-groupe-lambertz-recompenses-par-le-golden-planet-award\/#primaryimage\"},\"image\":{\"@id\":\"https:\/\/vieassociative.be\/actualites\/le-professeur-hermann-buhlbecker-et-le-groupe-lambertz-recompenses-par-le-golden-planet-award\/#primaryimage\"},\"thumbnailUrl\":\"https:\/\/vieassociative.be\/actualites\/wp-content\/uploads\/2024\/11\/1730773117_Le-professeur-Hermann-Buhlbecker-et-le-groupe-Lambertz-recompenses-par.jpg\",\"datePublished\":\"2024-11-05T02:18:37+00:00\",\"dateModified\":\"2024-11-05T02:18:37+00:00\",\"breadcrumb\":{\"@id\":\"https:\/\/vieassociative.be\/actualites\/le-professeur-hermann-buhlbecker-et-le-groupe-lambertz-recompenses-par-le-golden-planet-award\/#breadcrumb\"},\"inLanguage\":\"fr-BE\",\"potentialAction\":[{\"@type\":\"ReadAction\",\"target\":[\"https:\/\/vieassociative.be\/actualites\/le-professeur-hermann-buhlbecker-et-le-groupe-lambertz-recompenses-par-le-golden-planet-award\/\"]}]},{\"@type\":\"ImageObject\",\"inLanguage\":\"fr-BE\",\"@id\":\"https:\/\/vieassociative.be\/actualites\/le-professeur-hermann-buhlbecker-et-le-groupe-lambertz-recompenses-par-le-golden-planet-award\/#primaryimage\",\"url\":\"https:\/\/vieassociative.be\/actualites\/wp-content\/uploads\/2024\/11\/1730773117_Le-professeur-Hermann-Buhlbecker-et-le-groupe-Lambertz-recompenses-par.jpg\",\"contentUrl\":\"https:\/\/vieassociative.be\/actualites\/wp-content\/uploads\/2024\/11\/1730773117_Le-professeur-Hermann-Buhlbecker-et-le-groupe-Lambertz-recompenses-par.jpg\",\"width\":1320,\"height\":1762,\"caption\":\"Le professeur Hermann B\u00fchlbecker et le groupe Lambertz r\u00e9compens\u00e9s par le \u00ab Golden Planet Award \u00bb.\"},{\"@type\":\"BreadcrumbList\",\"@id\":\"https:\/\/vieassociative.be\/actualites\/le-professeur-hermann-buhlbecker-et-le-groupe-lambertz-recompenses-par-le-golden-planet-award\/#breadcrumb\",\"itemListElement\":[{\"@type\":\"ListItem\",\"position\":1,\"name\":\"Accueil\",\"item\":\"https:\/\/vieassociative.be\/actualites\/\"},{\"@type\":\"ListItem\",\"position\":2,\"name\":\"Le professeur Hermann B\u00fchlbecker et le groupe Lambertz r\u00e9compens\u00e9s par le \u00ab Golden Planet Award \u00bb.\"}]},{\"@type\":\"WebSite\",\"@id\":\"https:\/\/vieassociative.be\/actualites\/#website\",\"url\":\"https:\/\/vieassociative.be\/actualites\/\",\"name\":\"Vie Associative\",\"description\":\"\",\"publisher\":{\"@id\":\"https:\/\/vieassociative.be\/actualites\/#organization\"},\"potentialAction\":[{\"@type\":\"SearchAction\",\"target\":{\"@type\":\"EntryPoint\",\"urlTemplate\":\"https:\/\/vieassociative.be\/actualites\/?s={search_term_string}\"},\"query-input\":{\"@type\":\"PropertyValueSpecification\",\"valueRequired\":true,\"valueName\":\"search_term_string\"}}],\"inLanguage\":\"fr-BE\"},{\"@type\":\"Organization\",\"@id\":\"https:\/\/vieassociative.be\/actualites\/#organization\",\"name\":\"Vie Associative\",\"url\":\"https:\/\/vieassociative.be\/actualites\/\",\"logo\":{\"@type\":\"ImageObject\",\"inLanguage\":\"fr-BE\",\"@id\":\"https:\/\/vieassociative.be\/actualites\/#\/schema\/logo\/image\/\",\"url\":\"https:\/\/vieassociative.be\/actualites\/wp-content\/uploads\/2024\/09\/cropped-vieassociative_favicon.ico.png\",\"contentUrl\":\"https:\/\/vieassociative.be\/actualites\/wp-content\/uploads\/2024\/09\/cropped-vieassociative_favicon.ico.png\",\"width\":512,\"height\":512,\"caption\":\"Vie Associative\"},\"image\":{\"@id\":\"https:\/\/vieassociative.be\/actualites\/#\/schema\/logo\/image\/\"}},{\"@type\":\"Person\",\"@id\":\"https:\/\/vieassociative.be\/actualites\/#\/schema\/person\/b87ac4f82f9d4e7b7cec7395b679edc4\",\"name\":\"Julien\",\"image\":{\"@type\":\"ImageObject\",\"inLanguage\":\"fr-BE\",\"@id\":\"https:\/\/vieassociative.be\/actualites\/#\/schema\/person\/image\/\",\"url\":\"https:\/\/vieassociative.be\/actualites\/wp-content\/uploads\/2024\/09\/vie-associative-1-150x150.jpg\",\"contentUrl\":\"https:\/\/vieassociative.be\/actualites\/wp-content\/uploads\/2024\/09\/vie-associative-1-150x150.jpg\",\"caption\":\"Julien\"},\"description\":\"Je suis Julien, r\u00e9dacteur pour Vie Associative. Passionn\u00e9 par le monde associatif depuis plus de 10 ans, j'ai \u00e0 c\u0153ur de partager des histoires inspirantes et de mettre en lumi\u00e8re les initiatives locales. Mon objectif est de sensibiliser et d'encourager l'engagement communautaire \u00e0 travers mes articles.\",\"sameAs\":[\"https:\/\/vieassociative.be\/\"]}]}<\/script>\n<!-- \/ Yoast SEO plugin. -->","yoast_head_json":{"title":"Le professeur Hermann B\u00fchlbecker et le groupe Lambertz r\u00e9compens\u00e9s par le \u00ab Golden Planet Award \u00bb. | Vie Associative","robots":{"index":"index","follow":"follow","max-snippet":"max-snippet:-1","max-image-preview":"max-image-preview:large","max-video-preview":"max-video-preview:-1"},"canonical":"https:\/\/vieassociative.be\/actualites\/le-professeur-hermann-buhlbecker-et-le-groupe-lambertz-recompenses-par-le-golden-planet-award\/","og_locale":"fr_FR","og_type":"article","og_title":"Le professeur Hermann B\u00fchlbecker et le groupe Lambertz r\u00e9compens\u00e9s par le \u00ab Golden Planet Award \u00bb. | Vie Associative","og_description":"Le professeur Hermann B\u00fchlbecker, actionnaire unique du groupe Lambertz, a re\u00e7u le prestigieux \u00ab Golden Planet Award 2024 \u00bb lors d&rsquo;un \u00e9v\u00e9nement festif qui a","og_url":"https:\/\/vieassociative.be\/actualites\/le-professeur-hermann-buhlbecker-et-le-groupe-lambertz-recompenses-par-le-golden-planet-award\/","og_site_name":"Vie Associative","article_published_time":"2024-11-05T02:18:37+00:00","og_image":[{"url":"https:\/\/vieassociative.be\/actualites\/wp-content\/uploads\/2024\/11\/Le-professeur-Hermann-Buhlbecker-et-le-groupe-Lambertz-recompenses-par.jpg","type":"","width":"","height":""}],"author":"Julien","twitter_card":"summary_large_image","twitter_misc":{"\u00c9crit par":"Julien","Dur\u00e9e de lecture est.":"1 minute"},"schema":{"@context":"https:\/\/schema.org","@graph":[{"@type":"Article","@id":"https:\/\/vieassociative.be\/actualites\/le-professeur-hermann-buhlbecker-et-le-groupe-lambertz-recompenses-par-le-golden-planet-award\/#article","isPartOf":{"@id":"https:\/\/vieassociative.be\/actualites\/le-professeur-hermann-buhlbecker-et-le-groupe-lambertz-recompenses-par-le-golden-planet-award\/"},"author":{"name":"Julien","@id":"https:\/\/vieassociative.be\/actualites\/#\/schema\/person\/b87ac4f82f9d4e7b7cec7395b679edc4"},"headline":"Le professeur Hermann B\u00fchlbecker et le groupe Lambertz r\u00e9compens\u00e9s par le \u00ab Golden Planet Award \u00bb.","datePublished":"2024-11-05T02:18:37+00:00","dateModified":"2024-11-05T02:18:37+00:00","mainEntityOfPage":{"@id":"https:\/\/vieassociative.be\/actualites\/le-professeur-hermann-buhlbecker-et-le-groupe-lambertz-recompenses-par-le-golden-planet-award\/"},"wordCount":278,"publisher":{"@id":"https:\/\/vieassociative.be\/actualites\/#organization"},"image":{"@id":"https:\/\/vieassociative.be\/actualites\/le-professeur-hermann-buhlbecker-et-le-groupe-lambertz-recompenses-par-le-golden-planet-award\/#primaryimage"},"thumbnailUrl":"https:\/\/vieassociative.be\/actualites\/wp-content\/uploads\/2024\/11\/1730773117_Le-professeur-Hermann-Buhlbecker-et-le-groupe-Lambertz-recompenses-par.jpg","keywords":["Award","B\u00fchlbecker","Golden","groupe","Hermann","Lambertz","par","Planet","professeur","r\u00e9compenses"],"articleSection":["Belgique"],"inLanguage":"fr-BE"},{"@type":"WebPage","@id":"https:\/\/vieassociative.be\/actualites\/le-professeur-hermann-buhlbecker-et-le-groupe-lambertz-recompenses-par-le-golden-planet-award\/","url":"https:\/\/vieassociative.be\/actualites\/le-professeur-hermann-buhlbecker-et-le-groupe-lambertz-recompenses-par-le-golden-planet-award\/","name":"Le professeur Hermann B\u00fchlbecker et le groupe Lambertz r\u00e9compens\u00e9s par le \u00ab Golden Planet Award \u00bb. | Vie Associative","isPartOf":{"@id":"https:\/\/vieassociative.be\/actualites\/#website"},"primaryImageOfPage":{"@id":"https:\/\/vieassociative.be\/actualites\/le-professeur-hermann-buhlbecker-et-le-groupe-lambertz-recompenses-par-le-golden-planet-award\/#primaryimage"},"image":{"@id":"https:\/\/vieassociative.be\/actualites\/le-professeur-hermann-buhlbecker-et-le-groupe-lambertz-recompenses-par-le-golden-planet-award\/#primaryimage"},"thumbnailUrl":"https:\/\/vieassociative.be\/actualites\/wp-content\/uploads\/2024\/11\/1730773117_Le-professeur-Hermann-Buhlbecker-et-le-groupe-Lambertz-recompenses-par.jpg","datePublished":"2024-11-05T02:18:37+00:00","dateModified":"2024-11-05T02:18:37+00:00","breadcrumb":{"@id":"https:\/\/vieassociative.be\/actualites\/le-professeur-hermann-buhlbecker-et-le-groupe-lambertz-recompenses-par-le-golden-planet-award\/#breadcrumb"},"inLanguage":"fr-BE","potentialAction":[{"@type":"ReadAction","target":["https:\/\/vieassociative.be\/actualites\/le-professeur-hermann-buhlbecker-et-le-groupe-lambertz-recompenses-par-le-golden-planet-award\/"]}]},{"@type":"ImageObject","inLanguage":"fr-BE","@id":"https:\/\/vieassociative.be\/actualites\/le-professeur-hermann-buhlbecker-et-le-groupe-lambertz-recompenses-par-le-golden-planet-award\/#primaryimage","url":"https:\/\/vieassociative.be\/actualites\/wp-content\/uploads\/2024\/11\/1730773117_Le-professeur-Hermann-Buhlbecker-et-le-groupe-Lambertz-recompenses-par.jpg","contentUrl":"https:\/\/vieassociative.be\/actualites\/wp-content\/uploads\/2024\/11\/1730773117_Le-professeur-Hermann-Buhlbecker-et-le-groupe-Lambertz-recompenses-par.jpg","width":1320,"height":1762,"caption":"Le professeur Hermann B\u00fchlbecker et le groupe Lambertz r\u00e9compens\u00e9s par le \u00ab Golden Planet Award \u00bb."},{"@type":"BreadcrumbList","@id":"https:\/\/vieassociative.be\/actualites\/le-professeur-hermann-buhlbecker-et-le-groupe-lambertz-recompenses-par-le-golden-planet-award\/#breadcrumb","itemListElement":[{"@type":"ListItem","position":1,"name":"Accueil","item":"https:\/\/vieassociative.be\/actualites\/"},{"@type":"ListItem","position":2,"name":"Le professeur Hermann B\u00fchlbecker et le groupe Lambertz r\u00e9compens\u00e9s par le \u00ab Golden Planet Award \u00bb."}]},{"@type":"WebSite","@id":"https:\/\/vieassociative.be\/actualites\/#website","url":"https:\/\/vieassociative.be\/actualites\/","name":"Vie Associative","description":"","publisher":{"@id":"https:\/\/vieassociative.be\/actualites\/#organization"},"potentialAction":[{"@type":"SearchAction","target":{"@type":"EntryPoint","urlTemplate":"https:\/\/vieassociative.be\/actualites\/?s={search_term_string}"},"query-input":{"@type":"PropertyValueSpecification","valueRequired":true,"valueName":"search_term_string"}}],"inLanguage":"fr-BE"},{"@type":"Organization","@id":"https:\/\/vieassociative.be\/actualites\/#organization","name":"Vie Associative","url":"https:\/\/vieassociative.be\/actualites\/","logo":{"@type":"ImageObject","inLanguage":"fr-BE","@id":"https:\/\/vieassociative.be\/actualites\/#\/schema\/logo\/image\/","url":"https:\/\/vieassociative.be\/actualites\/wp-content\/uploads\/2024\/09\/cropped-vieassociative_favicon.ico.png","contentUrl":"https:\/\/vieassociative.be\/actualites\/wp-content\/uploads\/2024\/09\/cropped-vieassociative_favicon.ico.png","width":512,"height":512,"caption":"Vie Associative"},"image":{"@id":"https:\/\/vieassociative.be\/actualites\/#\/schema\/logo\/image\/"}},{"@type":"Person","@id":"https:\/\/vieassociative.be\/actualites\/#\/schema\/person\/b87ac4f82f9d4e7b7cec7395b679edc4","name":"Julien","image":{"@type":"ImageObject","inLanguage":"fr-BE","@id":"https:\/\/vieassociative.be\/actualites\/#\/schema\/person\/image\/","url":"https:\/\/vieassociative.be\/actualites\/wp-content\/uploads\/2024\/09\/vie-associative-1-150x150.jpg","contentUrl":"https:\/\/vieassociative.be\/actualites\/wp-content\/uploads\/2024\/09\/vie-associative-1-150x150.jpg","caption":"Julien"},"description":"Je suis Julien, r\u00e9dacteur pour Vie Associative. Passionn\u00e9 par le monde associatif depuis plus de 10 ans, j'ai \u00e0 c\u0153ur de partager des histoires inspirantes et de mettre en lumi\u00e8re les initiatives locales. Mon objectif est de sensibiliser et d'encourager l'engagement communautaire \u00e0 travers mes articles.","sameAs":["https:\/\/vieassociative.be\/"]}]}},"_links":{"self":[{"href":"https:\/\/vieassociative.be\/actualites\/wp-json\/wp\/v2\/posts\/2041"}],"collection":[{"href":"https:\/\/vieassociative.be\/actualites\/wp-json\/wp\/v2\/posts"}],"about":[{"href":"https:\/\/vieassociative.be\/actualites\/wp-json\/wp\/v2\/types\/post"}],"author":[{"embeddable":true,"href":"https:\/\/vieassociative.be\/actualites\/wp-json\/wp\/v2\/users\/1"}],"replies":[{"embeddable":true,"href":"https:\/\/vieassociative.be\/actualites\/wp-json\/wp\/v2\/comments?post=2041"}],"version-history":[{"count":0,"href":"https:\/\/vieassociative.be\/actualites\/wp-json\/wp\/v2\/posts\/2041\/revisions"}],"wp:featuredmedia":[{"embeddable":true,"href":"https:\/\/vieassociative.be\/actualites\/wp-json\/wp\/v2\/media\/2042"}],"wp:attachment":[{"href":"https:\/\/vieassociative.be\/actualites\/wp-json\/wp\/v2\/media?parent=2041"}],"wp:term":[{"taxonomy":"category","embeddable":true,"href":"https:\/\/vieassociative.be\/actualites\/wp-json\/wp\/v2\/categories?post=2041"},{"taxonomy":"post_tag","embeddable":true,"href":"https:\/\/vieassociative.be\/actualites\/wp-json\/wp\/v2\/tags?post=2041"}],"curies":[{"name":"wp","href":"https:\/\/api.w.org\/{rel}","templated":true}]}}