{"id":2037,"date":"2024-11-05T01:16:57","date_gmt":"2024-11-05T00:16:57","guid":{"rendered":"https:\/\/vieassociative.be\/actualites\/nignorez-pas-ces-signes-moins-evidents-de-violence-verbale\/"},"modified":"2024-11-05T01:16:57","modified_gmt":"2024-11-05T00:16:57","slug":"nignorez-pas-ces-signes-moins-evidents-de-violence-verbale","status":"publish","type":"post","link":"https:\/\/vieassociative.be\/actualites\/nignorez-pas-ces-signes-moins-evidents-de-violence-verbale\/","title":{"rendered":"N&rsquo;ignorez pas ces signes moins \u00e9vidents de violence verbale"},"content":{"rendered":"<div class=\"mt-4 leading-6 md:mb-8\">Comment d\u00e9terminer quand les paroles et le comportement d\u2019une personne d\u00e9passent les limites.<\/div>\n<p><\/p>\n<p>Parfois, il est tr\u00e8s \u00e9vident que quelqu&rsquo;un qui vous parle est verbalement abusif\u00a0; vous vous sentez rabaiss\u00e9, rabaiss\u00e9 et\/ou manipul\u00e9. Mais d&rsquo;autres fois, il peut \u00eatre plus difficile de dire si les mots qui vous sont adress\u00e9s sont une sorte de critique, un commentaire importun ou un v\u00e9ritable abus verbal.<\/p>\n<p>Dans un article pour Well+Good, Sarah Regan a interview\u00e9 des experts en sant\u00e9 mentale qui se sont pench\u00e9s sur les diff\u00e9rents types de violence verbale, y compris certains des signes les moins \u00e9vidents. Voici ce qu&rsquo;il faut savoir.<\/p>\n<h2 id=\"what-is-verbal-abuse\">Qu\u2019est-ce que la violence verbale ?<\/h2>\n<p>En bref, la violence verbale est avant tout une question de pouvoir et de soumission, a d\u00e9clar\u00e9 \u00e0 Regan la psychoth\u00e9rapeute Annette Nu\u00f1ez, Ph.D., LMFT. Et m\u00eame si cela peut certainement impliquer de crier ou de crier apr\u00e8s quelqu&rsquo;un, cela peut aussi \u00eatre beaucoup plus subtil, comme \u00ab une manipulation discr\u00e8te, du gaslighting ou simplement faire en sorte que quelqu&rsquo;un se sente moins que \u00bb, explique-t-elle.<\/p>\n<p>Dans certaines situations, il n&rsquo;est pas tr\u00e8s clair si une conversation ou des commentaires constituent une forme de r\u00e9troaction ou de critique, ou s&rsquo;ils s&rsquo;orientent vers la violence verbale. Dans des cas comme celui-ci, Nu\u00f1ez conseille de pr\u00eater attention \u00e0 tout sch\u00e9ma r\u00e9p\u00e9titif, surtout si vous avez d\u00e9j\u00e0 dit \u00e0 la personne que vous n&rsquo;aimez pas qu&rsquo;on lui parle de cette fa\u00e7on.<\/p>\n<p>Elle note cependant \u00e9galement que toutes les discussions ou \u00e9changes d\u00e9sagr\u00e9ables ne constituent pas n\u00e9cessairement de la violence verbale\u00a0; il peut \u00e9galement s&rsquo;agir de critiques constructives ou d&rsquo;une sorte de d\u00e9saccord. Encore une fois, Nu\u00f1ez souligne qu&rsquo;il s&rsquo;agit de savoir si la personne vous rabaisse \u00e0 plusieurs reprises et essaie de vous faire sentir inf\u00e9rieur (et pas simplement vous donner des commentaires ou exprimer une opinion avec laquelle vous n&rsquo;\u00eates pas d&rsquo;accord).<\/p>\n<h2 id=\"less-obvious-signs-of-verbal-abuse\">Signes moins \u00e9vidents de violence verbale<\/h2>\n<p>La violence verbale peut prendre de nombreuses formes, dont certaines sont assez sournoises. Voici quelques exemples de signes moins \u00e9vidents de violence verbale, selon les experts interrog\u00e9s par Regan pour son article\u00a0:<\/p>\n<h3>D\u00e9clarations d\u00e9tourn\u00e9es<\/h3>\n<p>Pas d\u2019arguments explosifs ici. \u00ab\u00a0Il existe des types de violence verbale encore plus insidieux qui sont exprim\u00e9s calmement et formul\u00e9s comme s&rsquo;ils vous aidaient &#8211; avec un probl\u00e8me dont vous ignoriez l&rsquo;existence\u00a0\u00bb, a d\u00e9clar\u00e9 le psychologue clinicien Perpetua Neo, DClinPsy, \u00e0 Well+Good.<\/p>\n<h3>Menaces<\/h3>\n<p>Selon Neo, tout type de menace doit \u00eatre consid\u00e9r\u00e9 comme de la violence verbale, y compris les menaces contre votre s\u00e9curit\u00e9 et celle de l&rsquo;autre personne.<\/p>\n<h3>\u00c9clairage au gaz<\/h3>\n<p>Si vous entendez souvent des expressions telles que \u00ab Cela ne s&rsquo;est pas produit \u00bb ou \u00ab Vous dramatisez \u00bb (\u00e0 propos de situations qui se sont effectivement produites), vous \u00eates peut-\u00eatre en train d&rsquo;\u00eatre victime d&rsquo;un gaslighting. Autre forme de violence verbale, le gaslighting consiste \u00e0 remettre constamment en question la r\u00e9alit\u00e9 de quelqu&rsquo;un dans le but de l&rsquo;amener \u00e0 le faire lui-m\u00eame. <\/p>\n<p>\u00ab\u00a0C&rsquo;est ainsi qu&rsquo;ils gardent le contr\u00f4le sur vous et vous maintiennent soumis et d\u00e9prim\u00e9, en vous faisant croire que vous \u00eates fou et que vous \u00eates l&rsquo;horrible personne dans la relation\u00a0\u00bb, a d\u00e9clar\u00e9 Nu\u00f1ez \u00e0 Regan.<\/p>\n<h3>\u00ab Conseils \u00bb non sollicit\u00e9s d\u2019un sage sauveur<\/h3>\n<p>Parfois, les gens se positionnent comme un \u00ab sage sauveur \u00bb qui donne des conseils inestimables \u00e0 ceux qui, selon eux, ne comprennent pas le monde aussi bien qu&rsquo;eux. Cela peut \u00eatre formul\u00e9 de plusieurs mani\u00e8res, mais la formule classique est \u00ab Un conseil, j&rsquo;ai remarqu\u00e9 que vous l&rsquo;\u00eates (exemple de d\u00e9ficit de caract\u00e8re) et je veux vous aider \u00bb, explique Neo. Non.<\/p>\n","protected":false},"excerpt":{"rendered":"<p>Comment d\u00e9terminer quand les paroles et le comportement d\u2019une personne d\u00e9passent les limites. Parfois, il est tr\u00e8s \u00e9vident que quelqu&rsquo;un qui vous parle est verbalement<\/p>\n","protected":false},"author":1,"featured_media":2038,"comment_status":"","ping_status":"","sticky":false,"template":"","format":"standard","meta":{"footnotes":""},"categories":[42],"tags":[248,2767,469,2766,126,1140,2769,2768],"class_list":["post-2037","post","type-post","status-publish","format-standard","has-post-thumbnail","hentry","category-relations","tag-ces","tag-evidents","tag-moins","tag-nignorez","tag-pas","tag-signes","tag-verbale","tag-violence","generate-columns","tablet-grid-50","mobile-grid-100","grid-parent","grid-33"],"yoast_head":"<!-- This site is optimized with the Yoast SEO plugin v24.0 - https:\/\/yoast.com\/wordpress\/plugins\/seo\/ -->\n<title>N&#039;ignorez pas ces signes moins \u00e9vidents de violence verbale | Vie Associative<\/title>\n<meta name=\"robots\" content=\"index, follow, max-snippet:-1, max-image-preview:large, max-video-preview:-1\" \/>\n<link rel=\"canonical\" href=\"https:\/\/vieassociative.be\/actualites\/nignorez-pas-ces-signes-moins-evidents-de-violence-verbale\/\" \/>\n<meta property=\"og:locale\" content=\"fr_FR\" \/>\n<meta property=\"og:type\" content=\"article\" \/>\n<meta property=\"og:title\" content=\"N&#039;ignorez pas ces signes moins \u00e9vidents de violence verbale | Vie Associative\" \/>\n<meta property=\"og:description\" content=\"Comment d\u00e9terminer quand les paroles et le comportement d\u2019une personne d\u00e9passent les limites. Parfois, il est tr\u00e8s \u00e9vident que quelqu&rsquo;un qui vous parle est verbalement\" \/>\n<meta property=\"og:url\" content=\"https:\/\/vieassociative.be\/actualites\/nignorez-pas-ces-signes-moins-evidents-de-violence-verbale\/\" \/>\n<meta property=\"og:site_name\" content=\"Vie Associative\" \/>\n<meta property=\"article:published_time\" content=\"2024-11-05T00:16:57+00:00\" \/>\n<meta property=\"og:image\" content=\"https:\/\/vieassociative.be\/actualites\/wp-content\/uploads\/2024\/09\/header_backgroundk-01-e1726694325946.png\" \/>\n\t<meta property=\"og:image:width\" content=\"279\" \/>\n\t<meta property=\"og:image:height\" content=\"92\" \/>\n\t<meta property=\"og:image:type\" content=\"image\/png\" \/>\n<meta name=\"author\" content=\"Julien\" \/>\n<meta name=\"twitter:card\" content=\"summary_large_image\" \/>\n<meta name=\"twitter:label1\" content=\"\u00c9crit par\" \/>\n\t<meta name=\"twitter:data1\" content=\"Julien\" \/>\n\t<meta name=\"twitter:label2\" content=\"Dur\u00e9e de lecture est.\" \/>\n\t<meta name=\"twitter:data2\" content=\"3 minutes\" \/>\n<script type=\"application\/ld+json\" class=\"yoast-schema-graph\">{\"@context\":\"https:\/\/schema.org\",\"@graph\":[{\"@type\":\"Article\",\"@id\":\"https:\/\/vieassociative.be\/actualites\/nignorez-pas-ces-signes-moins-evidents-de-violence-verbale\/#article\",\"isPartOf\":{\"@id\":\"https:\/\/vieassociative.be\/actualites\/nignorez-pas-ces-signes-moins-evidents-de-violence-verbale\/\"},\"author\":{\"name\":\"Julien\",\"@id\":\"https:\/\/vieassociative.be\/actualites\/#\/schema\/person\/b87ac4f82f9d4e7b7cec7395b679edc4\"},\"headline\":\"N&rsquo;ignorez pas ces signes moins \u00e9vidents de violence verbale\",\"datePublished\":\"2024-11-05T00:16:57+00:00\",\"dateModified\":\"2024-11-05T00:16:57+00:00\",\"mainEntityOfPage\":{\"@id\":\"https:\/\/vieassociative.be\/actualites\/nignorez-pas-ces-signes-moins-evidents-de-violence-verbale\/\"},\"wordCount\":664,\"publisher\":{\"@id\":\"https:\/\/vieassociative.be\/actualites\/#organization\"},\"image\":{\"@id\":\"https:\/\/vieassociative.be\/actualites\/nignorez-pas-ces-signes-moins-evidents-de-violence-verbale\/#primaryimage\"},\"thumbnailUrl\":\"https:\/\/vieassociative.be\/actualites\/wp-content\/uploads\/2024\/11\/Nignorez-pas-ces-signes-moins-evidents-de-violence-verbale.jpg\",\"keywords\":[\"ces\",\"\u00e9vidents\",\"moins\",\"Nignorez\",\"pas\",\"signes\",\"verbale\",\"violence\"],\"articleSection\":[\"Relations\"],\"inLanguage\":\"fr-BE\"},{\"@type\":\"WebPage\",\"@id\":\"https:\/\/vieassociative.be\/actualites\/nignorez-pas-ces-signes-moins-evidents-de-violence-verbale\/\",\"url\":\"https:\/\/vieassociative.be\/actualites\/nignorez-pas-ces-signes-moins-evidents-de-violence-verbale\/\",\"name\":\"N'ignorez pas ces signes moins \u00e9vidents de violence verbale | Vie Associative\",\"isPartOf\":{\"@id\":\"https:\/\/vieassociative.be\/actualites\/#website\"},\"primaryImageOfPage\":{\"@id\":\"https:\/\/vieassociative.be\/actualites\/nignorez-pas-ces-signes-moins-evidents-de-violence-verbale\/#primaryimage\"},\"image\":{\"@id\":\"https:\/\/vieassociative.be\/actualites\/nignorez-pas-ces-signes-moins-evidents-de-violence-verbale\/#primaryimage\"},\"thumbnailUrl\":\"https:\/\/vieassociative.be\/actualites\/wp-content\/uploads\/2024\/11\/Nignorez-pas-ces-signes-moins-evidents-de-violence-verbale.jpg\",\"datePublished\":\"2024-11-05T00:16:57+00:00\",\"dateModified\":\"2024-11-05T00:16:57+00:00\",\"breadcrumb\":{\"@id\":\"https:\/\/vieassociative.be\/actualites\/nignorez-pas-ces-signes-moins-evidents-de-violence-verbale\/#breadcrumb\"},\"inLanguage\":\"fr-BE\",\"potentialAction\":[{\"@type\":\"ReadAction\",\"target\":[\"https:\/\/vieassociative.be\/actualites\/nignorez-pas-ces-signes-moins-evidents-de-violence-verbale\/\"]}]},{\"@type\":\"ImageObject\",\"inLanguage\":\"fr-BE\",\"@id\":\"https:\/\/vieassociative.be\/actualites\/nignorez-pas-ces-signes-moins-evidents-de-violence-verbale\/#primaryimage\",\"url\":\"https:\/\/vieassociative.be\/actualites\/wp-content\/uploads\/2024\/11\/Nignorez-pas-ces-signes-moins-evidents-de-violence-verbale.jpg\",\"contentUrl\":\"https:\/\/vieassociative.be\/actualites\/wp-content\/uploads\/2024\/11\/Nignorez-pas-ces-signes-moins-evidents-de-violence-verbale.jpg\",\"width\":1200,\"height\":675,\"caption\":\"N'ignorez pas ces signes moins \u00e9vidents de violence verbale\"},{\"@type\":\"BreadcrumbList\",\"@id\":\"https:\/\/vieassociative.be\/actualites\/nignorez-pas-ces-signes-moins-evidents-de-violence-verbale\/#breadcrumb\",\"itemListElement\":[{\"@type\":\"ListItem\",\"position\":1,\"name\":\"Accueil\",\"item\":\"https:\/\/vieassociative.be\/actualites\/\"},{\"@type\":\"ListItem\",\"position\":2,\"name\":\"N&rsquo;ignorez pas ces signes moins \u00e9vidents de violence verbale\"}]},{\"@type\":\"WebSite\",\"@id\":\"https:\/\/vieassociative.be\/actualites\/#website\",\"url\":\"https:\/\/vieassociative.be\/actualites\/\",\"name\":\"Vie Associative\",\"description\":\"\",\"publisher\":{\"@id\":\"https:\/\/vieassociative.be\/actualites\/#organization\"},\"potentialAction\":[{\"@type\":\"SearchAction\",\"target\":{\"@type\":\"EntryPoint\",\"urlTemplate\":\"https:\/\/vieassociative.be\/actualites\/?s={search_term_string}\"},\"query-input\":{\"@type\":\"PropertyValueSpecification\",\"valueRequired\":true,\"valueName\":\"search_term_string\"}}],\"inLanguage\":\"fr-BE\"},{\"@type\":\"Organization\",\"@id\":\"https:\/\/vieassociative.be\/actualites\/#organization\",\"name\":\"Vie Associative\",\"url\":\"https:\/\/vieassociative.be\/actualites\/\",\"logo\":{\"@type\":\"ImageObject\",\"inLanguage\":\"fr-BE\",\"@id\":\"https:\/\/vieassociative.be\/actualites\/#\/schema\/logo\/image\/\",\"url\":\"https:\/\/vieassociative.be\/actualites\/wp-content\/uploads\/2024\/09\/cropped-vieassociative_favicon.ico.png\",\"contentUrl\":\"https:\/\/vieassociative.be\/actualites\/wp-content\/uploads\/2024\/09\/cropped-vieassociative_favicon.ico.png\",\"width\":512,\"height\":512,\"caption\":\"Vie Associative\"},\"image\":{\"@id\":\"https:\/\/vieassociative.be\/actualites\/#\/schema\/logo\/image\/\"}},{\"@type\":\"Person\",\"@id\":\"https:\/\/vieassociative.be\/actualites\/#\/schema\/person\/b87ac4f82f9d4e7b7cec7395b679edc4\",\"name\":\"Julien\",\"image\":{\"@type\":\"ImageObject\",\"inLanguage\":\"fr-BE\",\"@id\":\"https:\/\/vieassociative.be\/actualites\/#\/schema\/person\/image\/\",\"url\":\"https:\/\/vieassociative.be\/actualites\/wp-content\/uploads\/2024\/09\/vie-associative-1-150x150.jpg\",\"contentUrl\":\"https:\/\/vieassociative.be\/actualites\/wp-content\/uploads\/2024\/09\/vie-associative-1-150x150.jpg\",\"caption\":\"Julien\"},\"description\":\"Je suis Julien, r\u00e9dacteur pour Vie Associative. Passionn\u00e9 par le monde associatif depuis plus de 10 ans, j'ai \u00e0 c\u0153ur de partager des histoires inspirantes et de mettre en lumi\u00e8re les initiatives locales. Mon objectif est de sensibiliser et d'encourager l'engagement communautaire \u00e0 travers mes articles.\",\"sameAs\":[\"https:\/\/vieassociative.be\/\"]}]}<\/script>\n<!-- \/ Yoast SEO plugin. -->","yoast_head_json":{"title":"N'ignorez pas ces signes moins \u00e9vidents de violence verbale | Vie Associative","robots":{"index":"index","follow":"follow","max-snippet":"max-snippet:-1","max-image-preview":"max-image-preview:large","max-video-preview":"max-video-preview:-1"},"canonical":"https:\/\/vieassociative.be\/actualites\/nignorez-pas-ces-signes-moins-evidents-de-violence-verbale\/","og_locale":"fr_FR","og_type":"article","og_title":"N'ignorez pas ces signes moins \u00e9vidents de violence verbale | Vie Associative","og_description":"Comment d\u00e9terminer quand les paroles et le comportement d\u2019une personne d\u00e9passent les limites. Parfois, il est tr\u00e8s \u00e9vident que quelqu&rsquo;un qui vous parle est verbalement","og_url":"https:\/\/vieassociative.be\/actualites\/nignorez-pas-ces-signes-moins-evidents-de-violence-verbale\/","og_site_name":"Vie Associative","article_published_time":"2024-11-05T00:16:57+00:00","og_image":[{"width":279,"height":92,"url":"https:\/\/vieassociative.be\/actualites\/wp-content\/uploads\/2024\/09\/header_backgroundk-01-e1726694325946.png","type":"image\/png"}],"author":"Julien","twitter_card":"summary_large_image","twitter_misc":{"\u00c9crit par":"Julien","Dur\u00e9e de lecture est.":"3 minutes"},"schema":{"@context":"https:\/\/schema.org","@graph":[{"@type":"Article","@id":"https:\/\/vieassociative.be\/actualites\/nignorez-pas-ces-signes-moins-evidents-de-violence-verbale\/#article","isPartOf":{"@id":"https:\/\/vieassociative.be\/actualites\/nignorez-pas-ces-signes-moins-evidents-de-violence-verbale\/"},"author":{"name":"Julien","@id":"https:\/\/vieassociative.be\/actualites\/#\/schema\/person\/b87ac4f82f9d4e7b7cec7395b679edc4"},"headline":"N&rsquo;ignorez pas ces signes moins \u00e9vidents de violence verbale","datePublished":"2024-11-05T00:16:57+00:00","dateModified":"2024-11-05T00:16:57+00:00","mainEntityOfPage":{"@id":"https:\/\/vieassociative.be\/actualites\/nignorez-pas-ces-signes-moins-evidents-de-violence-verbale\/"},"wordCount":664,"publisher":{"@id":"https:\/\/vieassociative.be\/actualites\/#organization"},"image":{"@id":"https:\/\/vieassociative.be\/actualites\/nignorez-pas-ces-signes-moins-evidents-de-violence-verbale\/#primaryimage"},"thumbnailUrl":"https:\/\/vieassociative.be\/actualites\/wp-content\/uploads\/2024\/11\/Nignorez-pas-ces-signes-moins-evidents-de-violence-verbale.jpg","keywords":["ces","\u00e9vidents","moins","Nignorez","pas","signes","verbale","violence"],"articleSection":["Relations"],"inLanguage":"fr-BE"},{"@type":"WebPage","@id":"https:\/\/vieassociative.be\/actualites\/nignorez-pas-ces-signes-moins-evidents-de-violence-verbale\/","url":"https:\/\/vieassociative.be\/actualites\/nignorez-pas-ces-signes-moins-evidents-de-violence-verbale\/","name":"N'ignorez pas ces signes moins \u00e9vidents de violence verbale | Vie Associative","isPartOf":{"@id":"https:\/\/vieassociative.be\/actualites\/#website"},"primaryImageOfPage":{"@id":"https:\/\/vieassociative.be\/actualites\/nignorez-pas-ces-signes-moins-evidents-de-violence-verbale\/#primaryimage"},"image":{"@id":"https:\/\/vieassociative.be\/actualites\/nignorez-pas-ces-signes-moins-evidents-de-violence-verbale\/#primaryimage"},"thumbnailUrl":"https:\/\/vieassociative.be\/actualites\/wp-content\/uploads\/2024\/11\/Nignorez-pas-ces-signes-moins-evidents-de-violence-verbale.jpg","datePublished":"2024-11-05T00:16:57+00:00","dateModified":"2024-11-05T00:16:57+00:00","breadcrumb":{"@id":"https:\/\/vieassociative.be\/actualites\/nignorez-pas-ces-signes-moins-evidents-de-violence-verbale\/#breadcrumb"},"inLanguage":"fr-BE","potentialAction":[{"@type":"ReadAction","target":["https:\/\/vieassociative.be\/actualites\/nignorez-pas-ces-signes-moins-evidents-de-violence-verbale\/"]}]},{"@type":"ImageObject","inLanguage":"fr-BE","@id":"https:\/\/vieassociative.be\/actualites\/nignorez-pas-ces-signes-moins-evidents-de-violence-verbale\/#primaryimage","url":"https:\/\/vieassociative.be\/actualites\/wp-content\/uploads\/2024\/11\/Nignorez-pas-ces-signes-moins-evidents-de-violence-verbale.jpg","contentUrl":"https:\/\/vieassociative.be\/actualites\/wp-content\/uploads\/2024\/11\/Nignorez-pas-ces-signes-moins-evidents-de-violence-verbale.jpg","width":1200,"height":675,"caption":"N'ignorez pas ces signes moins \u00e9vidents de violence verbale"},{"@type":"BreadcrumbList","@id":"https:\/\/vieassociative.be\/actualites\/nignorez-pas-ces-signes-moins-evidents-de-violence-verbale\/#breadcrumb","itemListElement":[{"@type":"ListItem","position":1,"name":"Accueil","item":"https:\/\/vieassociative.be\/actualites\/"},{"@type":"ListItem","position":2,"name":"N&rsquo;ignorez pas ces signes moins \u00e9vidents de violence verbale"}]},{"@type":"WebSite","@id":"https:\/\/vieassociative.be\/actualites\/#website","url":"https:\/\/vieassociative.be\/actualites\/","name":"Vie Associative","description":"","publisher":{"@id":"https:\/\/vieassociative.be\/actualites\/#organization"},"potentialAction":[{"@type":"SearchAction","target":{"@type":"EntryPoint","urlTemplate":"https:\/\/vieassociative.be\/actualites\/?s={search_term_string}"},"query-input":{"@type":"PropertyValueSpecification","valueRequired":true,"valueName":"search_term_string"}}],"inLanguage":"fr-BE"},{"@type":"Organization","@id":"https:\/\/vieassociative.be\/actualites\/#organization","name":"Vie Associative","url":"https:\/\/vieassociative.be\/actualites\/","logo":{"@type":"ImageObject","inLanguage":"fr-BE","@id":"https:\/\/vieassociative.be\/actualites\/#\/schema\/logo\/image\/","url":"https:\/\/vieassociative.be\/actualites\/wp-content\/uploads\/2024\/09\/cropped-vieassociative_favicon.ico.png","contentUrl":"https:\/\/vieassociative.be\/actualites\/wp-content\/uploads\/2024\/09\/cropped-vieassociative_favicon.ico.png","width":512,"height":512,"caption":"Vie Associative"},"image":{"@id":"https:\/\/vieassociative.be\/actualites\/#\/schema\/logo\/image\/"}},{"@type":"Person","@id":"https:\/\/vieassociative.be\/actualites\/#\/schema\/person\/b87ac4f82f9d4e7b7cec7395b679edc4","name":"Julien","image":{"@type":"ImageObject","inLanguage":"fr-BE","@id":"https:\/\/vieassociative.be\/actualites\/#\/schema\/person\/image\/","url":"https:\/\/vieassociative.be\/actualites\/wp-content\/uploads\/2024\/09\/vie-associative-1-150x150.jpg","contentUrl":"https:\/\/vieassociative.be\/actualites\/wp-content\/uploads\/2024\/09\/vie-associative-1-150x150.jpg","caption":"Julien"},"description":"Je suis Julien, r\u00e9dacteur pour Vie Associative. Passionn\u00e9 par le monde associatif depuis plus de 10 ans, j'ai \u00e0 c\u0153ur de partager des histoires inspirantes et de mettre en lumi\u00e8re les initiatives locales. Mon objectif est de sensibiliser et d'encourager l'engagement communautaire \u00e0 travers mes articles.","sameAs":["https:\/\/vieassociative.be\/"]}]}},"_links":{"self":[{"href":"https:\/\/vieassociative.be\/actualites\/wp-json\/wp\/v2\/posts\/2037"}],"collection":[{"href":"https:\/\/vieassociative.be\/actualites\/wp-json\/wp\/v2\/posts"}],"about":[{"href":"https:\/\/vieassociative.be\/actualites\/wp-json\/wp\/v2\/types\/post"}],"author":[{"embeddable":true,"href":"https:\/\/vieassociative.be\/actualites\/wp-json\/wp\/v2\/users\/1"}],"replies":[{"embeddable":true,"href":"https:\/\/vieassociative.be\/actualites\/wp-json\/wp\/v2\/comments?post=2037"}],"version-history":[{"count":0,"href":"https:\/\/vieassociative.be\/actualites\/wp-json\/wp\/v2\/posts\/2037\/revisions"}],"wp:featuredmedia":[{"embeddable":true,"href":"https:\/\/vieassociative.be\/actualites\/wp-json\/wp\/v2\/media\/2038"}],"wp:attachment":[{"href":"https:\/\/vieassociative.be\/actualites\/wp-json\/wp\/v2\/media?parent=2037"}],"wp:term":[{"taxonomy":"category","embeddable":true,"href":"https:\/\/vieassociative.be\/actualites\/wp-json\/wp\/v2\/categories?post=2037"},{"taxonomy":"post_tag","embeddable":true,"href":"https:\/\/vieassociative.be\/actualites\/wp-json\/wp\/v2\/tags?post=2037"}],"curies":[{"name":"wp","href":"https:\/\/api.w.org\/{rel}","templated":true}]}}