{"id":2035,"date":"2024-11-05T00:17:56","date_gmt":"2024-11-04T23:17:56","guid":{"rendered":"https:\/\/vieassociative.be\/actualites\/quand-partager-des-informations-personnelles-avec-lenseignant-de-votre-enfant-et-quand-ne-pas-le-faire\/"},"modified":"2024-11-05T00:17:56","modified_gmt":"2024-11-04T23:17:56","slug":"quand-partager-des-informations-personnelles-avec-lenseignant-de-votre-enfant-et-quand-ne-pas-le-faire","status":"publish","type":"post","link":"https:\/\/vieassociative.be\/actualites\/quand-partager-des-informations-personnelles-avec-lenseignant-de-votre-enfant-et-quand-ne-pas-le-faire\/","title":{"rendered":"Quand partager des informations personnelles avec l&rsquo;enseignant de votre enfant (et quand ne pas le faire)"},"content":{"rendered":"<div class=\"mt-4 leading-6 md:mb-8\">Soutenez votre enfant en tenant ses enseignants au courant de ce qui se passe \u00e0 la maison.<\/div>\n<p><\/p>\n<p>Les enseignants apprennent \u00e0 bien conna\u00eetre nos enfants en passant plusieurs heures par jour avec eux, mais nous ne pouvons pas nous attendre \u00e0 ce qu&rsquo;ils aient une id\u00e9e intuitive des moindres d\u00e9tails de ce qui se passe en dehors de l&rsquo;\u00e9cole pour toute une classe d&rsquo;enfants. Une communication ouverte entre parents et enseignants est essentielle, mais dans quelle mesure partagez-vous ? Et comment ne pas franchir la ligne d&rsquo;arriv\u00e9e <em>partage excessif<\/em>?<\/p>\n<p>Le Dr Emily W. King, psychologue pour enfants \u00e0 Raleigh, Caroline du Nord, donne des conseils pour parler aux enseignants de la vie \u00e0 la maison de votre enfant et pourquoi c&rsquo;est important. Dans un r\u00e9cent bulletin d&rsquo;information, King a \u00e9crit que la r\u00e9tention d&rsquo;informations constitue un obstacle \u00e0 la collaboration parents-enseignants. En effet, si votre famille traverse une situation stressante \u00e0 la maison ou si votre enfant re\u00e7oit des services et des traitements en dehors de l&rsquo;\u00e9cole, il apportera avec lui ce stress et ces le\u00e7ons en classe. Plus les enseignants disposent d\u2019informations sur la vie personnelle de leurs \u00e9l\u00e8ves, plus ils sont en mesure d\u2019entrer en contact avec eux et de les soutenir.<\/p>\n<h2 id=\"what-personal-information-should-you-share-with-your-childs-teacher\">Quelles informations personnelles devez-vous partager avec l&rsquo;enseignant de votre enfant ?<\/h2>\n<p>Pour le Child Mind Institute, l&rsquo;\u00e9crivain Emily Graham a \u00e9num\u00e9r\u00e9 sept choses que vous devriez dire aux enseignants \u00e0 propos de votre enfant\u00a0:<\/p>\n<ul>\n<li>\n<p>Conditions de sant\u00e9<\/p>\n<\/li>\n<li>\n<p>Changements familiaux (d\u00e9c\u00e8s, divorce, nouveaux fr\u00e8res et s\u0153urs, d\u00e9m\u00e9nagement)<\/p>\n<\/li>\n<li>\n<p>Traits de personnalit\u00e9 ou probl\u00e8mes de comportement<\/p>\n<\/li>\n<li>\n<p>Forces et faiblesses<\/p>\n<\/li>\n<li>\n<p>Style d&rsquo;apprentissage<\/p>\n<\/li>\n<li>\n<p>Habitudes d&rsquo;\u00e9tude<\/p>\n<\/li>\n<li>\n<p>Int\u00e9r\u00eats particuliers<\/p>\n<\/li>\n<\/ul>\n<p>Une grande partie de ces informations seront r\u00e9v\u00e9l\u00e9es dans les dossiers scolaires ou lors d\u2019\u00e9tapes de connaissance au d\u00e9but de l\u2019ann\u00e9e scolaire. Cependant, si des changements importants surviennent en cours d\u2019ann\u00e9e, comme un nouveau diagnostic ou un probl\u00e8me familial, les parents devraient tenir les enseignants au courant. Attendez-vous \u00e9galement \u00e0 entendre les enseignants s\u2019ils remarquent des changements importants.<\/p>\n<p>\u00ab Lorsqu\u2019il s\u2019agit de communication entre parents et enseignants, pas de nouvelles est une bonne nouvelle. Les enseignants vous feront savoir lorsqu\u2019ils sont inquiets \u00bb, a d\u00e9clar\u00e9 King. \u00ab\u00a0Essayez de partager uniquement les situations qui sont devenues probl\u00e9matiques pour votre enfant, comme des difficult\u00e9s de sommeil prolong\u00e9es, des maladies, de l&rsquo;anxi\u00e9t\u00e9 ou de la frustration face \u00e0 l&rsquo;apprentissage, plut\u00f4t que quelque chose qui ne s&rsquo;est produit qu&rsquo;une seule fois et qui pourrait \u00eatre un hasard.\u00a0\u00bb<\/p>\n<h2 id=\"when-to-communicate-with-teachers\">Quand communiquer avec les enseignants<\/h2>\n<p>Vous avez g\u00e9n\u00e9ralement quelques r\u00e9unions formelles au cours de l&rsquo;ann\u00e9e pour parler aux enseignants des r\u00e9sultats de votre enfant \u00e0 l&rsquo;\u00e9cole. Mais si quelque chose a chang\u00e9 \u00e0 la maison ou est susceptible d&rsquo;avoir un impact sur votre enfant \u00e0 l&rsquo;\u00e9cole maintenant, n&rsquo;attendez pas l&rsquo;heure d\u00e9sign\u00e9e de la conf\u00e9rence pour en parler.<\/p>\n<p>\u00ab Tout ce qui arrive dans la vie d&rsquo;un enfant et qui aura un impact sur sa concentration, son niveau d&rsquo;\u00e9nergie, son humeur ou sa capacit\u00e9 \u00e0 socialiser avec les autres peut avoir un impact n\u00e9gatif sur son apprentissage. Laisser un enseignant dans l\u2019ignorance de ces choses peut le d\u00e9savantager et l\u2019emp\u00eacher de comprendre les choses par lui-m\u00eame et \u00e9ventuellement de mal comprendre votre enfant \u00bb, a d\u00e9clar\u00e9 King. \u00ab\u00a0Cela dit, les enseignants disposent de peu de temps pour lire les courriels et les messages des parents. Nous souhaitons donc partager uniquement les informations les plus pertinentes avec eux.\u00a0\u00bb<\/p>\n<p>Gardez \u00e0 l\u2019esprit que si une communication ouverte avec les enseignants est importante, les limites le sont aussi. Essayez de communiquer pendant les heures normales de bureau et donnez aux enseignants une minute (ou une journ\u00e9e) pour r\u00e9pondre.<\/p>\n<p>\u00ab\u00a0Il y aura des exceptions si votre enfant a des difficult\u00e9s plus souvent, mais d&rsquo;une mani\u00e8re g\u00e9n\u00e9rale, le respect des limites renforce la confiance\u00a0\u00bb, a \u00e9crit King. Son conseil pour respecter les limites\u00a0: r\u00e9digez des messages aux enseignants dans votre application Notes et enregistrez-les jusqu&rsquo;au lendemain pour les r\u00e9viser et les envoyer. Cela vous aidera \u00e0 avoir une certaine perspective sur des sujets difficiles et \u00e0 respecter le temps priv\u00e9 de l&rsquo;enseignant.<\/p>\n<h2 id=\"how-to-share\">Comment partager<\/h2>\n<p>Il n&rsquo;est jamais trop tard (ni trop t\u00f4t) pour demander aux enseignants quelle est leur mani\u00e8re pr\u00e9f\u00e9r\u00e9e de communiquer. Votre \u00e9cole peut utiliser une application de messagerie, ou les enseignants peuvent pr\u00e9f\u00e9rer les SMS ou les e-mails.<\/p>\n<p>\u00ab\u00a0Assurez-vous de d\u00e9terminer d\u00e8s le d\u00e9but comment et quand votre professeur (et vous) communiquez le mieux. Si votre enfant n&rsquo;a besoin de rien de plus, plusieurs conf\u00e9rences parents-enseignants par an suffisent probablement \u00bb, a d\u00e9clar\u00e9 King. \u00ab Encore une fois, pas de nouvelles est une bonne nouvelle. Remerciez toujours les enseignants pour tout ce qu\u2019ils font et pr\u00e9sentez-vous comme un partenaire collaboratif pour soutenir votre enfant.<\/p>\n<p>Cependant, le statu quo ne permettra pas \u00e0 tous les enfants de r\u00e9pondre \u00e0 leurs besoins.<\/p>\n<p>\u00ab Si vous recherchez des services de soutien suppl\u00e9mentaires pour votre enfant, il est important de pr\u00e9senter par \u00e9crit tout diagnostic ext\u00e9rieur \u00e0 l&rsquo;enseignant et \u00e0 un administrateur. Parfois, le conseiller scolaire est impliqu\u00e9 et parfois le psychologue scolaire est impliqu\u00e9, mais l&rsquo;administrateur sera en mesure de vous expliquer le processus de recherche d&rsquo;un soutien suppl\u00e9mentaire en fonction des nouvelles informations que vous partagez avec l&rsquo;\u00e9quipe \u00bb, a d\u00e9clar\u00e9 King.<\/p>\n<h2 id=\"how-to-get-comfortable-opening-up-to-a-teacher\">Comment se sentir \u00e0 l&rsquo;aise en s&rsquo;ouvrant \u00e0 un enseignant<\/h2>\n<p>Peut-\u00eatre que l&rsquo;enseignant de votre enfant est pratiquement un \u00e9tranger et que vous vous sentez un peu bizarre de parler des affaires priv\u00e9es de votre famille. Si votre enfant traverse une situation difficile, il est probable que vous vous sentiez d\u00e9pass\u00e9 ou \u00e9motif. N&rsquo;oubliez pas que les \u00e9ducateurs font partie du village et qu&rsquo;ils aident \u00e0 \u00e9lever votre enfant et que vous souhaitez qu&rsquo;ils disposent de tous les outils et informations dont ils ont besoin pour faire du bon travail.<\/p>\n<p>\u00ab Je recommande toujours de partager toutes les informations avec toutes les personnes qui entreront en contact avec votre enfant. Si vous ne le faites pas, les adultes qui interagissent avec votre enfant seront toujours d\u00e9savantag\u00e9s \u00bb, a \u00e9crit King. \u00ab\u00a0Si vous ne faites pas confiance \u00e0 un membre de l&rsquo;\u00e9quipe de votre enfant, parlez de vos pr\u00e9occupations \u00e0 l&rsquo;administrateur de l&rsquo;\u00e9cole afin qu&rsquo;il puisse vous aider \u00e0 \u00e9tablir la confiance plut\u00f4t que de continuer \u00e0 travailler avec des informations limit\u00e9es.\u00a0\u00bb<\/p>\n<p>L&rsquo;instauration d&rsquo;un climat de confiance et d&rsquo;une communication ouverte avec les enseignants constitueront la base pour aider un enfant \u00e0 surmonter les petits obstacles et les grands changements au cours de l&rsquo;ann\u00e9e scolaire.<\/p>\n<p>\u00ab La confiance se construit sur le respect des limites et le soutien de l&rsquo;expertise d&rsquo;un enseignant. Vous \u00eates l\u2019expert de votre enfant \u00e0 la maison et dans la communaut\u00e9, et l\u2019enseignant est l\u2019expert en classe. Respecter le point de vue de l&rsquo;enseignant de votre enfant renforce la confiance. Si vous pensez que l&rsquo;enseignant de votre enfant a besoin de plus de formation pour comprendre votre enfant, discutez-en avec les administrateurs \u00bb, a d\u00e9clar\u00e9 King. \u00ab\u00a0De plus, partager votre temps et vos ressources pour soutenir l&rsquo;enseignant de votre enfant en faisant du b\u00e9n\u00e9volat ou en faisant don de fournitures contribue grandement \u00e0 \u00e9tablir une confiance collaborative.\u00a0\u00bb<\/p>\n","protected":false},"excerpt":{"rendered":"<p>Soutenez votre enfant en tenant ses enseignants au courant de ce qui se passe \u00e0 la maison. Les enseignants apprennent \u00e0 bien conna\u00eetre nos enfants<\/p>\n","protected":false},"author":1,"featured_media":2036,"comment_status":"","ping_status":"","sticky":false,"template":"","format":"standard","meta":{"footnotes":""},"categories":[37],"tags":[61,29,295,127,86,2765,2070,126,2764,123,8],"class_list":["post-2035","post","type-post","status-publish","format-standard","has-post-thumbnail","hentry","category-famille","tag-avec","tag-des","tag-enfant","tag-faire","tag-informations","tag-lenseignant","tag-partager","tag-pas","tag-personnelles","tag-quand","tag-votre","generate-columns","tablet-grid-50","mobile-grid-100","grid-parent","grid-33"],"yoast_head":"<!-- This site is optimized with the Yoast SEO plugin v24.0 - https:\/\/yoast.com\/wordpress\/plugins\/seo\/ -->\n<title>Quand partager des informations personnelles avec l&#039;enseignant de votre enfant (et quand ne pas le faire) | Vie Associative<\/title>\n<meta name=\"robots\" content=\"index, follow, max-snippet:-1, max-image-preview:large, max-video-preview:-1\" \/>\n<link rel=\"canonical\" href=\"https:\/\/vieassociative.be\/actualites\/quand-partager-des-informations-personnelles-avec-lenseignant-de-votre-enfant-et-quand-ne-pas-le-faire\/\" \/>\n<meta property=\"og:locale\" content=\"fr_FR\" \/>\n<meta property=\"og:type\" content=\"article\" \/>\n<meta property=\"og:title\" content=\"Quand partager des informations personnelles avec l&#039;enseignant de votre enfant (et quand ne pas le faire) | Vie Associative\" \/>\n<meta property=\"og:description\" content=\"Soutenez votre enfant en tenant ses enseignants au courant de ce qui se passe \u00e0 la maison. Les enseignants apprennent \u00e0 bien conna\u00eetre nos enfants\" \/>\n<meta property=\"og:url\" content=\"https:\/\/vieassociative.be\/actualites\/quand-partager-des-informations-personnelles-avec-lenseignant-de-votre-enfant-et-quand-ne-pas-le-faire\/\" \/>\n<meta property=\"og:site_name\" content=\"Vie Associative\" \/>\n<meta property=\"article:published_time\" content=\"2024-11-04T23:17:56+00:00\" \/>\n<meta property=\"og:image\" content=\"https:\/\/vieassociative.be\/actualites\/wp-content\/uploads\/2024\/09\/header_backgroundk-01-e1726694325946.png\" \/>\n\t<meta property=\"og:image:width\" content=\"279\" \/>\n\t<meta property=\"og:image:height\" content=\"92\" \/>\n\t<meta property=\"og:image:type\" content=\"image\/png\" \/>\n<meta name=\"author\" content=\"Julien\" \/>\n<meta name=\"twitter:card\" content=\"summary_large_image\" \/>\n<meta name=\"twitter:label1\" content=\"\u00c9crit par\" \/>\n\t<meta name=\"twitter:data1\" content=\"Julien\" \/>\n\t<meta name=\"twitter:label2\" content=\"Dur\u00e9e de lecture est.\" \/>\n\t<meta name=\"twitter:data2\" content=\"6 minutes\" \/>\n<script type=\"application\/ld+json\" class=\"yoast-schema-graph\">{\"@context\":\"https:\/\/schema.org\",\"@graph\":[{\"@type\":\"Article\",\"@id\":\"https:\/\/vieassociative.be\/actualites\/quand-partager-des-informations-personnelles-avec-lenseignant-de-votre-enfant-et-quand-ne-pas-le-faire\/#article\",\"isPartOf\":{\"@id\":\"https:\/\/vieassociative.be\/actualites\/quand-partager-des-informations-personnelles-avec-lenseignant-de-votre-enfant-et-quand-ne-pas-le-faire\/\"},\"author\":{\"name\":\"Julien\",\"@id\":\"https:\/\/vieassociative.be\/actualites\/#\/schema\/person\/b87ac4f82f9d4e7b7cec7395b679edc4\"},\"headline\":\"Quand partager des informations personnelles avec l&rsquo;enseignant de votre enfant (et quand ne pas le faire)\",\"datePublished\":\"2024-11-04T23:17:56+00:00\",\"dateModified\":\"2024-11-04T23:17:56+00:00\",\"mainEntityOfPage\":{\"@id\":\"https:\/\/vieassociative.be\/actualites\/quand-partager-des-informations-personnelles-avec-lenseignant-de-votre-enfant-et-quand-ne-pas-le-faire\/\"},\"wordCount\":1290,\"publisher\":{\"@id\":\"https:\/\/vieassociative.be\/actualites\/#organization\"},\"image\":{\"@id\":\"https:\/\/vieassociative.be\/actualites\/quand-partager-des-informations-personnelles-avec-lenseignant-de-votre-enfant-et-quand-ne-pas-le-faire\/#primaryimage\"},\"thumbnailUrl\":\"https:\/\/vieassociative.be\/actualites\/wp-content\/uploads\/2024\/11\/Quand-partager-des-informations-personnelles-avec-lenseignant-de-votre-enfant.jpg\",\"keywords\":[\"avec\",\"Des\",\"enfant\",\"faire\",\"informations\",\"lenseignant\",\"partager\",\"pas\",\"personnelles\",\"Quand\",\"votre\"],\"articleSection\":[\"Famille\"],\"inLanguage\":\"fr-BE\"},{\"@type\":\"WebPage\",\"@id\":\"https:\/\/vieassociative.be\/actualites\/quand-partager-des-informations-personnelles-avec-lenseignant-de-votre-enfant-et-quand-ne-pas-le-faire\/\",\"url\":\"https:\/\/vieassociative.be\/actualites\/quand-partager-des-informations-personnelles-avec-lenseignant-de-votre-enfant-et-quand-ne-pas-le-faire\/\",\"name\":\"Quand partager des informations personnelles avec l'enseignant de votre enfant (et quand ne pas le faire) | Vie Associative\",\"isPartOf\":{\"@id\":\"https:\/\/vieassociative.be\/actualites\/#website\"},\"primaryImageOfPage\":{\"@id\":\"https:\/\/vieassociative.be\/actualites\/quand-partager-des-informations-personnelles-avec-lenseignant-de-votre-enfant-et-quand-ne-pas-le-faire\/#primaryimage\"},\"image\":{\"@id\":\"https:\/\/vieassociative.be\/actualites\/quand-partager-des-informations-personnelles-avec-lenseignant-de-votre-enfant-et-quand-ne-pas-le-faire\/#primaryimage\"},\"thumbnailUrl\":\"https:\/\/vieassociative.be\/actualites\/wp-content\/uploads\/2024\/11\/Quand-partager-des-informations-personnelles-avec-lenseignant-de-votre-enfant.jpg\",\"datePublished\":\"2024-11-04T23:17:56+00:00\",\"dateModified\":\"2024-11-04T23:17:56+00:00\",\"breadcrumb\":{\"@id\":\"https:\/\/vieassociative.be\/actualites\/quand-partager-des-informations-personnelles-avec-lenseignant-de-votre-enfant-et-quand-ne-pas-le-faire\/#breadcrumb\"},\"inLanguage\":\"fr-BE\",\"potentialAction\":[{\"@type\":\"ReadAction\",\"target\":[\"https:\/\/vieassociative.be\/actualites\/quand-partager-des-informations-personnelles-avec-lenseignant-de-votre-enfant-et-quand-ne-pas-le-faire\/\"]}]},{\"@type\":\"ImageObject\",\"inLanguage\":\"fr-BE\",\"@id\":\"https:\/\/vieassociative.be\/actualites\/quand-partager-des-informations-personnelles-avec-lenseignant-de-votre-enfant-et-quand-ne-pas-le-faire\/#primaryimage\",\"url\":\"https:\/\/vieassociative.be\/actualites\/wp-content\/uploads\/2024\/11\/Quand-partager-des-informations-personnelles-avec-lenseignant-de-votre-enfant.jpg\",\"contentUrl\":\"https:\/\/vieassociative.be\/actualites\/wp-content\/uploads\/2024\/11\/Quand-partager-des-informations-personnelles-avec-lenseignant-de-votre-enfant.jpg\",\"width\":1200,\"height\":675,\"caption\":\"Quand partager des informations personnelles avec l'enseignant de votre enfant (et quand ne pas le faire)\"},{\"@type\":\"BreadcrumbList\",\"@id\":\"https:\/\/vieassociative.be\/actualites\/quand-partager-des-informations-personnelles-avec-lenseignant-de-votre-enfant-et-quand-ne-pas-le-faire\/#breadcrumb\",\"itemListElement\":[{\"@type\":\"ListItem\",\"position\":1,\"name\":\"Accueil\",\"item\":\"https:\/\/vieassociative.be\/actualites\/\"},{\"@type\":\"ListItem\",\"position\":2,\"name\":\"Quand partager des informations personnelles avec l&rsquo;enseignant de votre enfant (et quand ne pas le faire)\"}]},{\"@type\":\"WebSite\",\"@id\":\"https:\/\/vieassociative.be\/actualites\/#website\",\"url\":\"https:\/\/vieassociative.be\/actualites\/\",\"name\":\"Vie Associative\",\"description\":\"\",\"publisher\":{\"@id\":\"https:\/\/vieassociative.be\/actualites\/#organization\"},\"potentialAction\":[{\"@type\":\"SearchAction\",\"target\":{\"@type\":\"EntryPoint\",\"urlTemplate\":\"https:\/\/vieassociative.be\/actualites\/?s={search_term_string}\"},\"query-input\":{\"@type\":\"PropertyValueSpecification\",\"valueRequired\":true,\"valueName\":\"search_term_string\"}}],\"inLanguage\":\"fr-BE\"},{\"@type\":\"Organization\",\"@id\":\"https:\/\/vieassociative.be\/actualites\/#organization\",\"name\":\"Vie Associative\",\"url\":\"https:\/\/vieassociative.be\/actualites\/\",\"logo\":{\"@type\":\"ImageObject\",\"inLanguage\":\"fr-BE\",\"@id\":\"https:\/\/vieassociative.be\/actualites\/#\/schema\/logo\/image\/\",\"url\":\"https:\/\/vieassociative.be\/actualites\/wp-content\/uploads\/2024\/09\/cropped-vieassociative_favicon.ico.png\",\"contentUrl\":\"https:\/\/vieassociative.be\/actualites\/wp-content\/uploads\/2024\/09\/cropped-vieassociative_favicon.ico.png\",\"width\":512,\"height\":512,\"caption\":\"Vie Associative\"},\"image\":{\"@id\":\"https:\/\/vieassociative.be\/actualites\/#\/schema\/logo\/image\/\"}},{\"@type\":\"Person\",\"@id\":\"https:\/\/vieassociative.be\/actualites\/#\/schema\/person\/b87ac4f82f9d4e7b7cec7395b679edc4\",\"name\":\"Julien\",\"image\":{\"@type\":\"ImageObject\",\"inLanguage\":\"fr-BE\",\"@id\":\"https:\/\/vieassociative.be\/actualites\/#\/schema\/person\/image\/\",\"url\":\"https:\/\/vieassociative.be\/actualites\/wp-content\/uploads\/2024\/09\/vie-associative-1-150x150.jpg\",\"contentUrl\":\"https:\/\/vieassociative.be\/actualites\/wp-content\/uploads\/2024\/09\/vie-associative-1-150x150.jpg\",\"caption\":\"Julien\"},\"description\":\"Je suis Julien, r\u00e9dacteur pour Vie Associative. Passionn\u00e9 par le monde associatif depuis plus de 10 ans, j'ai \u00e0 c\u0153ur de partager des histoires inspirantes et de mettre en lumi\u00e8re les initiatives locales. Mon objectif est de sensibiliser et d'encourager l'engagement communautaire \u00e0 travers mes articles.\",\"sameAs\":[\"https:\/\/vieassociative.be\/\"]}]}<\/script>\n<!-- \/ Yoast SEO plugin. -->","yoast_head_json":{"title":"Quand partager des informations personnelles avec l'enseignant de votre enfant (et quand ne pas le faire) | Vie Associative","robots":{"index":"index","follow":"follow","max-snippet":"max-snippet:-1","max-image-preview":"max-image-preview:large","max-video-preview":"max-video-preview:-1"},"canonical":"https:\/\/vieassociative.be\/actualites\/quand-partager-des-informations-personnelles-avec-lenseignant-de-votre-enfant-et-quand-ne-pas-le-faire\/","og_locale":"fr_FR","og_type":"article","og_title":"Quand partager des informations personnelles avec l'enseignant de votre enfant (et quand ne pas le faire) | Vie Associative","og_description":"Soutenez votre enfant en tenant ses enseignants au courant de ce qui se passe \u00e0 la maison. Les enseignants apprennent \u00e0 bien conna\u00eetre nos enfants","og_url":"https:\/\/vieassociative.be\/actualites\/quand-partager-des-informations-personnelles-avec-lenseignant-de-votre-enfant-et-quand-ne-pas-le-faire\/","og_site_name":"Vie Associative","article_published_time":"2024-11-04T23:17:56+00:00","og_image":[{"width":279,"height":92,"url":"https:\/\/vieassociative.be\/actualites\/wp-content\/uploads\/2024\/09\/header_backgroundk-01-e1726694325946.png","type":"image\/png"}],"author":"Julien","twitter_card":"summary_large_image","twitter_misc":{"\u00c9crit par":"Julien","Dur\u00e9e de lecture est.":"6 minutes"},"schema":{"@context":"https:\/\/schema.org","@graph":[{"@type":"Article","@id":"https:\/\/vieassociative.be\/actualites\/quand-partager-des-informations-personnelles-avec-lenseignant-de-votre-enfant-et-quand-ne-pas-le-faire\/#article","isPartOf":{"@id":"https:\/\/vieassociative.be\/actualites\/quand-partager-des-informations-personnelles-avec-lenseignant-de-votre-enfant-et-quand-ne-pas-le-faire\/"},"author":{"name":"Julien","@id":"https:\/\/vieassociative.be\/actualites\/#\/schema\/person\/b87ac4f82f9d4e7b7cec7395b679edc4"},"headline":"Quand partager des informations personnelles avec l&rsquo;enseignant de votre enfant (et quand ne pas le faire)","datePublished":"2024-11-04T23:17:56+00:00","dateModified":"2024-11-04T23:17:56+00:00","mainEntityOfPage":{"@id":"https:\/\/vieassociative.be\/actualites\/quand-partager-des-informations-personnelles-avec-lenseignant-de-votre-enfant-et-quand-ne-pas-le-faire\/"},"wordCount":1290,"publisher":{"@id":"https:\/\/vieassociative.be\/actualites\/#organization"},"image":{"@id":"https:\/\/vieassociative.be\/actualites\/quand-partager-des-informations-personnelles-avec-lenseignant-de-votre-enfant-et-quand-ne-pas-le-faire\/#primaryimage"},"thumbnailUrl":"https:\/\/vieassociative.be\/actualites\/wp-content\/uploads\/2024\/11\/Quand-partager-des-informations-personnelles-avec-lenseignant-de-votre-enfant.jpg","keywords":["avec","Des","enfant","faire","informations","lenseignant","partager","pas","personnelles","Quand","votre"],"articleSection":["Famille"],"inLanguage":"fr-BE"},{"@type":"WebPage","@id":"https:\/\/vieassociative.be\/actualites\/quand-partager-des-informations-personnelles-avec-lenseignant-de-votre-enfant-et-quand-ne-pas-le-faire\/","url":"https:\/\/vieassociative.be\/actualites\/quand-partager-des-informations-personnelles-avec-lenseignant-de-votre-enfant-et-quand-ne-pas-le-faire\/","name":"Quand partager des informations personnelles avec l'enseignant de votre enfant (et quand ne pas le faire) | Vie Associative","isPartOf":{"@id":"https:\/\/vieassociative.be\/actualites\/#website"},"primaryImageOfPage":{"@id":"https:\/\/vieassociative.be\/actualites\/quand-partager-des-informations-personnelles-avec-lenseignant-de-votre-enfant-et-quand-ne-pas-le-faire\/#primaryimage"},"image":{"@id":"https:\/\/vieassociative.be\/actualites\/quand-partager-des-informations-personnelles-avec-lenseignant-de-votre-enfant-et-quand-ne-pas-le-faire\/#primaryimage"},"thumbnailUrl":"https:\/\/vieassociative.be\/actualites\/wp-content\/uploads\/2024\/11\/Quand-partager-des-informations-personnelles-avec-lenseignant-de-votre-enfant.jpg","datePublished":"2024-11-04T23:17:56+00:00","dateModified":"2024-11-04T23:17:56+00:00","breadcrumb":{"@id":"https:\/\/vieassociative.be\/actualites\/quand-partager-des-informations-personnelles-avec-lenseignant-de-votre-enfant-et-quand-ne-pas-le-faire\/#breadcrumb"},"inLanguage":"fr-BE","potentialAction":[{"@type":"ReadAction","target":["https:\/\/vieassociative.be\/actualites\/quand-partager-des-informations-personnelles-avec-lenseignant-de-votre-enfant-et-quand-ne-pas-le-faire\/"]}]},{"@type":"ImageObject","inLanguage":"fr-BE","@id":"https:\/\/vieassociative.be\/actualites\/quand-partager-des-informations-personnelles-avec-lenseignant-de-votre-enfant-et-quand-ne-pas-le-faire\/#primaryimage","url":"https:\/\/vieassociative.be\/actualites\/wp-content\/uploads\/2024\/11\/Quand-partager-des-informations-personnelles-avec-lenseignant-de-votre-enfant.jpg","contentUrl":"https:\/\/vieassociative.be\/actualites\/wp-content\/uploads\/2024\/11\/Quand-partager-des-informations-personnelles-avec-lenseignant-de-votre-enfant.jpg","width":1200,"height":675,"caption":"Quand partager des informations personnelles avec l'enseignant de votre enfant (et quand ne pas le faire)"},{"@type":"BreadcrumbList","@id":"https:\/\/vieassociative.be\/actualites\/quand-partager-des-informations-personnelles-avec-lenseignant-de-votre-enfant-et-quand-ne-pas-le-faire\/#breadcrumb","itemListElement":[{"@type":"ListItem","position":1,"name":"Accueil","item":"https:\/\/vieassociative.be\/actualites\/"},{"@type":"ListItem","position":2,"name":"Quand partager des informations personnelles avec l&rsquo;enseignant de votre enfant (et quand ne pas le faire)"}]},{"@type":"WebSite","@id":"https:\/\/vieassociative.be\/actualites\/#website","url":"https:\/\/vieassociative.be\/actualites\/","name":"Vie Associative","description":"","publisher":{"@id":"https:\/\/vieassociative.be\/actualites\/#organization"},"potentialAction":[{"@type":"SearchAction","target":{"@type":"EntryPoint","urlTemplate":"https:\/\/vieassociative.be\/actualites\/?s={search_term_string}"},"query-input":{"@type":"PropertyValueSpecification","valueRequired":true,"valueName":"search_term_string"}}],"inLanguage":"fr-BE"},{"@type":"Organization","@id":"https:\/\/vieassociative.be\/actualites\/#organization","name":"Vie Associative","url":"https:\/\/vieassociative.be\/actualites\/","logo":{"@type":"ImageObject","inLanguage":"fr-BE","@id":"https:\/\/vieassociative.be\/actualites\/#\/schema\/logo\/image\/","url":"https:\/\/vieassociative.be\/actualites\/wp-content\/uploads\/2024\/09\/cropped-vieassociative_favicon.ico.png","contentUrl":"https:\/\/vieassociative.be\/actualites\/wp-content\/uploads\/2024\/09\/cropped-vieassociative_favicon.ico.png","width":512,"height":512,"caption":"Vie Associative"},"image":{"@id":"https:\/\/vieassociative.be\/actualites\/#\/schema\/logo\/image\/"}},{"@type":"Person","@id":"https:\/\/vieassociative.be\/actualites\/#\/schema\/person\/b87ac4f82f9d4e7b7cec7395b679edc4","name":"Julien","image":{"@type":"ImageObject","inLanguage":"fr-BE","@id":"https:\/\/vieassociative.be\/actualites\/#\/schema\/person\/image\/","url":"https:\/\/vieassociative.be\/actualites\/wp-content\/uploads\/2024\/09\/vie-associative-1-150x150.jpg","contentUrl":"https:\/\/vieassociative.be\/actualites\/wp-content\/uploads\/2024\/09\/vie-associative-1-150x150.jpg","caption":"Julien"},"description":"Je suis Julien, r\u00e9dacteur pour Vie Associative. Passionn\u00e9 par le monde associatif depuis plus de 10 ans, j'ai \u00e0 c\u0153ur de partager des histoires inspirantes et de mettre en lumi\u00e8re les initiatives locales. Mon objectif est de sensibiliser et d'encourager l'engagement communautaire \u00e0 travers mes articles.","sameAs":["https:\/\/vieassociative.be\/"]}]}},"_links":{"self":[{"href":"https:\/\/vieassociative.be\/actualites\/wp-json\/wp\/v2\/posts\/2035"}],"collection":[{"href":"https:\/\/vieassociative.be\/actualites\/wp-json\/wp\/v2\/posts"}],"about":[{"href":"https:\/\/vieassociative.be\/actualites\/wp-json\/wp\/v2\/types\/post"}],"author":[{"embeddable":true,"href":"https:\/\/vieassociative.be\/actualites\/wp-json\/wp\/v2\/users\/1"}],"replies":[{"embeddable":true,"href":"https:\/\/vieassociative.be\/actualites\/wp-json\/wp\/v2\/comments?post=2035"}],"version-history":[{"count":0,"href":"https:\/\/vieassociative.be\/actualites\/wp-json\/wp\/v2\/posts\/2035\/revisions"}],"wp:featuredmedia":[{"embeddable":true,"href":"https:\/\/vieassociative.be\/actualites\/wp-json\/wp\/v2\/media\/2036"}],"wp:attachment":[{"href":"https:\/\/vieassociative.be\/actualites\/wp-json\/wp\/v2\/media?parent=2035"}],"wp:term":[{"taxonomy":"category","embeddable":true,"href":"https:\/\/vieassociative.be\/actualites\/wp-json\/wp\/v2\/categories?post=2035"},{"taxonomy":"post_tag","embeddable":true,"href":"https:\/\/vieassociative.be\/actualites\/wp-json\/wp\/v2\/tags?post=2035"}],"curies":[{"name":"wp","href":"https:\/\/api.w.org\/{rel}","templated":true}]}}