{"id":2031,"date":"2024-11-04T21:17:33","date_gmt":"2024-11-04T20:17:33","guid":{"rendered":"https:\/\/vieassociative.be\/actualites\/konig-accorde-a-de-wever-un-nouveau-delai-sans-les-bottes-puantes-rousseau-vooruit-et-avec-open-vld\/"},"modified":"2024-11-04T21:17:33","modified_gmt":"2024-11-04T20:17:33","slug":"konig-accorde-a-de-wever-un-nouveau-delai-sans-les-bottes-puantes-rousseau-vooruit-et-avec-open-vld","status":"publish","type":"post","link":"https:\/\/vieassociative.be\/actualites\/konig-accorde-a-de-wever-un-nouveau-delai-sans-les-bottes-puantes-rousseau-vooruit-et-avec-open-vld\/","title":{"rendered":"K\u00f6nig accorde \u00e0 De Wever un nouveau d\u00e9lai \u2013 sans les \u00ab bottes puantes \u00bb Rousseau (Vooruit) et avec Open VLD ?"},"content":{"rendered":"<p><strong>M\u00eame cinq mois apr\u00e8s les \u00e9lections du 9 juin, la Belgique n&rsquo;a toujours pas de nouveau gouvernement f\u00e9d\u00e9ral : lundi, le chef du gouvernement Bart De Wever a offert sa d\u00e9mission au roi. Philippe a toutefois r\u00e9serv\u00e9 sa d\u00e9cision et a donn\u00e9 au pr\u00e9sident de la N-VA un nouveau d\u00e9lai jusqu&rsquo;au 12 novembre.<\/strong><\/p>\n<p><span id=\"more-401038\"><\/span>Avant la visite de De Wever au roi, les cinq partis impliqu\u00e9s dans la coalition \u00ab Arizona \u00bb souhait\u00e9e (N-VA, MR, Vooruit, CD&#038;V et Les Engag\u00e9s) n&rsquo;\u00e9taient pas parvenus \u00e0 se mettre d&rsquo;accord sur la nouvelle supernote et le d\u00e9but des n\u00e9gociations de coalition car Vooruit a refus\u00e9 son consentement.<\/p>\n<p>Le pr\u00e9sident des socialistes flamands, Conner Rousseau, a trouv\u00e9 la supernote de De Wever trop \u00ab \u00e0 droite \u00bb. Le Vooruit a appel\u00e9 \u00e0 une plus grande participation des grandes fortunes \u00e0 la restructuration du budget de l&rsquo;\u00c9tat.<\/p>\n<\/p>\n<div id=\"attachment_350044\" class=\"wp-caption alignleft\" style=\"max-width: 300px\"><img fetchpriority=\"high\" decoding=\"async\" class=\"wp-image-350044 size-medium\" src=\"https:\/\/vieassociative.be\/actualites\/wp-content\/uploads\/2024\/11\/Konig-accorde-a-De-Wever-un-nouveau-delai-\u2013-sans.jpeg\" alt=\"\" width=\"300\" height=\"200\"  ><\/p>\n<p class=\"wp-caption-text\">Conner Rousseau, leader du parti de gauche flamand Vooruit. Photo de : Belga<\/p>\n<\/div>\n<p>Pendant ce temps, les autres dirigeants du parti soup\u00e7onnaient que Rousseau ne voulait pas rejoindre la nouvelle coalition et attendait juste une excuse appropri\u00e9e pour lui dire au revoir.<\/p>\n<p>Mais la N-VA, le MR, le CD&#038;V et Les Engag\u00e9s l&rsquo;ont pr\u00e9venu en demandant \u00e0 Rousseau de quitter la salle lundi matin.<\/p>\n<p>Les observateurs supposent que le Vooruit sera d\u00e9sormais remplac\u00e9 par l&rsquo;Open VLD, m\u00eame si dans ce cas la coalition ne disposerait que d&rsquo;une tr\u00e8s faible majorit\u00e9 d&rsquo;un si\u00e8ge. Il ne faut toutefois pas s&rsquo;attendre \u00e0 ce que toutes les factions pr\u00e9sentes \u00e0 la Chambre s&rsquo;unissent &#8211; par exemple avec le parti radical de droite Vlaams Belang &#8211; contre le gouvernement. Et m\u00eame dans ce cas, en th\u00e9orie pure, il leur manquerait encore au moins une voix dans les rangs de la majorit\u00e9. (cr\u00e9er)<\/p>\n","protected":false},"excerpt":{"rendered":"<p>M\u00eame cinq mois apr\u00e8s les \u00e9lections du 9 juin, la Belgique n&rsquo;a toujours pas de nouveau gouvernement f\u00e9d\u00e9ral : lundi, le chef du gouvernement Bart<\/p>\n","protected":false},"author":1,"featured_media":2032,"comment_status":"","ping_status":"","sticky":false,"template":"","format":"standard","meta":{"footnotes":""},"categories":[298],"tags":[2754,61,2757,2756,398,14,553,2761,2758,2759,130,2762,2760,2755],"class_list":["post-2031","post","type-post","status-publish","format-standard","has-post-thumbnail","hentry","category-belgique","tag-accorde","tag-avec","tag-bottes","tag-delai","tag-konig","tag-les","tag-nouveau","tag-open","tag-puantes","tag-rousseau","tag-sans","tag-vld","tag-vooruit","tag-wever","generate-columns","tablet-grid-50","mobile-grid-100","grid-parent","grid-33"],"yoast_head":"<!-- This site is optimized with the Yoast SEO plugin v24.0 - https:\/\/yoast.com\/wordpress\/plugins\/seo\/ -->\n<title>K\u00f6nig accorde \u00e0 De Wever un nouveau d\u00e9lai \u2013 sans les \u00ab bottes puantes \u00bb Rousseau (Vooruit) et avec Open VLD ? | Vie Associative<\/title>\n<meta name=\"robots\" content=\"index, follow, max-snippet:-1, max-image-preview:large, max-video-preview:-1\" \/>\n<link rel=\"canonical\" href=\"https:\/\/vieassociative.be\/actualites\/konig-accorde-a-de-wever-un-nouveau-delai-sans-les-bottes-puantes-rousseau-vooruit-et-avec-open-vld\/\" \/>\n<meta property=\"og:locale\" content=\"fr_FR\" \/>\n<meta property=\"og:type\" content=\"article\" \/>\n<meta property=\"og:title\" content=\"K\u00f6nig accorde \u00e0 De Wever un nouveau d\u00e9lai \u2013 sans les \u00ab bottes puantes \u00bb Rousseau (Vooruit) et avec Open VLD ? | Vie Associative\" \/>\n<meta property=\"og:description\" content=\"M\u00eame cinq mois apr\u00e8s les \u00e9lections du 9 juin, la Belgique n&rsquo;a toujours pas de nouveau gouvernement f\u00e9d\u00e9ral : lundi, le chef du gouvernement Bart\" \/>\n<meta property=\"og:url\" content=\"https:\/\/vieassociative.be\/actualites\/konig-accorde-a-de-wever-un-nouveau-delai-sans-les-bottes-puantes-rousseau-vooruit-et-avec-open-vld\/\" \/>\n<meta property=\"og:site_name\" content=\"Vie Associative\" \/>\n<meta property=\"article:published_time\" content=\"2024-11-04T20:17:33+00:00\" \/>\n<meta property=\"og:image\" content=\"https:\/\/vieassociative.be\/actualites\/wp-content\/uploads\/2024\/09\/header_backgroundk-01-e1726694325946.png\" \/>\n\t<meta property=\"og:image:width\" content=\"279\" \/>\n\t<meta property=\"og:image:height\" content=\"92\" \/>\n\t<meta property=\"og:image:type\" content=\"image\/png\" \/>\n<meta name=\"author\" content=\"Julien\" \/>\n<meta name=\"twitter:card\" content=\"summary_large_image\" \/>\n<meta name=\"twitter:label1\" content=\"\u00c9crit par\" \/>\n\t<meta name=\"twitter:data1\" content=\"Julien\" \/>\n\t<meta name=\"twitter:label2\" content=\"Dur\u00e9e de lecture est.\" \/>\n\t<meta name=\"twitter:data2\" content=\"2 minutes\" \/>\n<script type=\"application\/ld+json\" class=\"yoast-schema-graph\">{\"@context\":\"https:\/\/schema.org\",\"@graph\":[{\"@type\":\"Article\",\"@id\":\"https:\/\/vieassociative.be\/actualites\/konig-accorde-a-de-wever-un-nouveau-delai-sans-les-bottes-puantes-rousseau-vooruit-et-avec-open-vld\/#article\",\"isPartOf\":{\"@id\":\"https:\/\/vieassociative.be\/actualites\/konig-accorde-a-de-wever-un-nouveau-delai-sans-les-bottes-puantes-rousseau-vooruit-et-avec-open-vld\/\"},\"author\":{\"name\":\"Julien\",\"@id\":\"https:\/\/vieassociative.be\/actualites\/#\/schema\/person\/b87ac4f82f9d4e7b7cec7395b679edc4\"},\"headline\":\"K\u00f6nig accorde \u00e0 De Wever un nouveau d\u00e9lai \u2013 sans les \u00ab bottes puantes \u00bb Rousseau (Vooruit) et avec Open VLD ?\",\"datePublished\":\"2024-11-04T20:17:33+00:00\",\"dateModified\":\"2024-11-04T20:17:33+00:00\",\"mainEntityOfPage\":{\"@id\":\"https:\/\/vieassociative.be\/actualites\/konig-accorde-a-de-wever-un-nouveau-delai-sans-les-bottes-puantes-rousseau-vooruit-et-avec-open-vld\/\"},\"wordCount\":332,\"publisher\":{\"@id\":\"https:\/\/vieassociative.be\/actualites\/#organization\"},\"image\":{\"@id\":\"https:\/\/vieassociative.be\/actualites\/konig-accorde-a-de-wever-un-nouveau-delai-sans-les-bottes-puantes-rousseau-vooruit-et-avec-open-vld\/#primaryimage\"},\"thumbnailUrl\":\"https:\/\/vieassociative.be\/actualites\/wp-content\/uploads\/2024\/11\/Konig-accorde-a-De-Wever-un-nouveau-delai-\u2013-sans.jpg\",\"keywords\":[\"accorde\",\"avec\",\"bottes\",\"d\u00e9lai\",\"K\u00f6nig\",\"Les\",\"nouveau\",\"Open\",\"puantes\",\"Rousseau\",\"sans\",\"VLD\",\"Vooruit\",\"Wever\"],\"articleSection\":[\"Belgique\"],\"inLanguage\":\"fr-BE\"},{\"@type\":\"WebPage\",\"@id\":\"https:\/\/vieassociative.be\/actualites\/konig-accorde-a-de-wever-un-nouveau-delai-sans-les-bottes-puantes-rousseau-vooruit-et-avec-open-vld\/\",\"url\":\"https:\/\/vieassociative.be\/actualites\/konig-accorde-a-de-wever-un-nouveau-delai-sans-les-bottes-puantes-rousseau-vooruit-et-avec-open-vld\/\",\"name\":\"K\u00f6nig accorde \u00e0 De Wever un nouveau d\u00e9lai \u2013 sans les \u00ab bottes puantes \u00bb Rousseau (Vooruit) et avec Open VLD ? | Vie Associative\",\"isPartOf\":{\"@id\":\"https:\/\/vieassociative.be\/actualites\/#website\"},\"primaryImageOfPage\":{\"@id\":\"https:\/\/vieassociative.be\/actualites\/konig-accorde-a-de-wever-un-nouveau-delai-sans-les-bottes-puantes-rousseau-vooruit-et-avec-open-vld\/#primaryimage\"},\"image\":{\"@id\":\"https:\/\/vieassociative.be\/actualites\/konig-accorde-a-de-wever-un-nouveau-delai-sans-les-bottes-puantes-rousseau-vooruit-et-avec-open-vld\/#primaryimage\"},\"thumbnailUrl\":\"https:\/\/vieassociative.be\/actualites\/wp-content\/uploads\/2024\/11\/Konig-accorde-a-De-Wever-un-nouveau-delai-\u2013-sans.jpg\",\"datePublished\":\"2024-11-04T20:17:33+00:00\",\"dateModified\":\"2024-11-04T20:17:33+00:00\",\"breadcrumb\":{\"@id\":\"https:\/\/vieassociative.be\/actualites\/konig-accorde-a-de-wever-un-nouveau-delai-sans-les-bottes-puantes-rousseau-vooruit-et-avec-open-vld\/#breadcrumb\"},\"inLanguage\":\"fr-BE\",\"potentialAction\":[{\"@type\":\"ReadAction\",\"target\":[\"https:\/\/vieassociative.be\/actualites\/konig-accorde-a-de-wever-un-nouveau-delai-sans-les-bottes-puantes-rousseau-vooruit-et-avec-open-vld\/\"]}]},{\"@type\":\"ImageObject\",\"inLanguage\":\"fr-BE\",\"@id\":\"https:\/\/vieassociative.be\/actualites\/konig-accorde-a-de-wever-un-nouveau-delai-sans-les-bottes-puantes-rousseau-vooruit-et-avec-open-vld\/#primaryimage\",\"url\":\"https:\/\/vieassociative.be\/actualites\/wp-content\/uploads\/2024\/11\/Konig-accorde-a-De-Wever-un-nouveau-delai-\u2013-sans.jpg\",\"contentUrl\":\"https:\/\/vieassociative.be\/actualites\/wp-content\/uploads\/2024\/11\/Konig-accorde-a-De-Wever-un-nouveau-delai-\u2013-sans.jpg\",\"width\":1200,\"height\":800,\"caption\":\"K\u00f6nig accorde \u00e0 De Wever un nouveau d\u00e9lai \u2013 sans les \u00ab bottes puantes \u00bb Rousseau (Vooruit) et avec Open VLD ?\"},{\"@type\":\"BreadcrumbList\",\"@id\":\"https:\/\/vieassociative.be\/actualites\/konig-accorde-a-de-wever-un-nouveau-delai-sans-les-bottes-puantes-rousseau-vooruit-et-avec-open-vld\/#breadcrumb\",\"itemListElement\":[{\"@type\":\"ListItem\",\"position\":1,\"name\":\"Accueil\",\"item\":\"https:\/\/vieassociative.be\/actualites\/\"},{\"@type\":\"ListItem\",\"position\":2,\"name\":\"K\u00f6nig accorde \u00e0 De Wever un nouveau d\u00e9lai \u2013 sans les \u00ab bottes puantes \u00bb Rousseau (Vooruit) et avec Open VLD ?\"}]},{\"@type\":\"WebSite\",\"@id\":\"https:\/\/vieassociative.be\/actualites\/#website\",\"url\":\"https:\/\/vieassociative.be\/actualites\/\",\"name\":\"Vie Associative\",\"description\":\"\",\"publisher\":{\"@id\":\"https:\/\/vieassociative.be\/actualites\/#organization\"},\"potentialAction\":[{\"@type\":\"SearchAction\",\"target\":{\"@type\":\"EntryPoint\",\"urlTemplate\":\"https:\/\/vieassociative.be\/actualites\/?s={search_term_string}\"},\"query-input\":{\"@type\":\"PropertyValueSpecification\",\"valueRequired\":true,\"valueName\":\"search_term_string\"}}],\"inLanguage\":\"fr-BE\"},{\"@type\":\"Organization\",\"@id\":\"https:\/\/vieassociative.be\/actualites\/#organization\",\"name\":\"Vie Associative\",\"url\":\"https:\/\/vieassociative.be\/actualites\/\",\"logo\":{\"@type\":\"ImageObject\",\"inLanguage\":\"fr-BE\",\"@id\":\"https:\/\/vieassociative.be\/actualites\/#\/schema\/logo\/image\/\",\"url\":\"https:\/\/vieassociative.be\/actualites\/wp-content\/uploads\/2024\/09\/cropped-vieassociative_favicon.ico.png\",\"contentUrl\":\"https:\/\/vieassociative.be\/actualites\/wp-content\/uploads\/2024\/09\/cropped-vieassociative_favicon.ico.png\",\"width\":512,\"height\":512,\"caption\":\"Vie Associative\"},\"image\":{\"@id\":\"https:\/\/vieassociative.be\/actualites\/#\/schema\/logo\/image\/\"}},{\"@type\":\"Person\",\"@id\":\"https:\/\/vieassociative.be\/actualites\/#\/schema\/person\/b87ac4f82f9d4e7b7cec7395b679edc4\",\"name\":\"Julien\",\"image\":{\"@type\":\"ImageObject\",\"inLanguage\":\"fr-BE\",\"@id\":\"https:\/\/vieassociative.be\/actualites\/#\/schema\/person\/image\/\",\"url\":\"https:\/\/vieassociative.be\/actualites\/wp-content\/uploads\/2024\/09\/vie-associative-1-150x150.jpg\",\"contentUrl\":\"https:\/\/vieassociative.be\/actualites\/wp-content\/uploads\/2024\/09\/vie-associative-1-150x150.jpg\",\"caption\":\"Julien\"},\"description\":\"Je suis Julien, r\u00e9dacteur pour Vie Associative. Passionn\u00e9 par le monde associatif depuis plus de 10 ans, j'ai \u00e0 c\u0153ur de partager des histoires inspirantes et de mettre en lumi\u00e8re les initiatives locales. Mon objectif est de sensibiliser et d'encourager l'engagement communautaire \u00e0 travers mes articles.\",\"sameAs\":[\"https:\/\/vieassociative.be\/\"]}]}<\/script>\n<!-- \/ Yoast SEO plugin. -->","yoast_head_json":{"title":"K\u00f6nig accorde \u00e0 De Wever un nouveau d\u00e9lai \u2013 sans les \u00ab bottes puantes \u00bb Rousseau (Vooruit) et avec Open VLD ? | Vie Associative","robots":{"index":"index","follow":"follow","max-snippet":"max-snippet:-1","max-image-preview":"max-image-preview:large","max-video-preview":"max-video-preview:-1"},"canonical":"https:\/\/vieassociative.be\/actualites\/konig-accorde-a-de-wever-un-nouveau-delai-sans-les-bottes-puantes-rousseau-vooruit-et-avec-open-vld\/","og_locale":"fr_FR","og_type":"article","og_title":"K\u00f6nig accorde \u00e0 De Wever un nouveau d\u00e9lai \u2013 sans les \u00ab bottes puantes \u00bb Rousseau (Vooruit) et avec Open VLD ? | Vie Associative","og_description":"M\u00eame cinq mois apr\u00e8s les \u00e9lections du 9 juin, la Belgique n&rsquo;a toujours pas de nouveau gouvernement f\u00e9d\u00e9ral : lundi, le chef du gouvernement Bart","og_url":"https:\/\/vieassociative.be\/actualites\/konig-accorde-a-de-wever-un-nouveau-delai-sans-les-bottes-puantes-rousseau-vooruit-et-avec-open-vld\/","og_site_name":"Vie Associative","article_published_time":"2024-11-04T20:17:33+00:00","og_image":[{"width":279,"height":92,"url":"https:\/\/vieassociative.be\/actualites\/wp-content\/uploads\/2024\/09\/header_backgroundk-01-e1726694325946.png","type":"image\/png"}],"author":"Julien","twitter_card":"summary_large_image","twitter_misc":{"\u00c9crit par":"Julien","Dur\u00e9e de lecture est.":"2 minutes"},"schema":{"@context":"https:\/\/schema.org","@graph":[{"@type":"Article","@id":"https:\/\/vieassociative.be\/actualites\/konig-accorde-a-de-wever-un-nouveau-delai-sans-les-bottes-puantes-rousseau-vooruit-et-avec-open-vld\/#article","isPartOf":{"@id":"https:\/\/vieassociative.be\/actualites\/konig-accorde-a-de-wever-un-nouveau-delai-sans-les-bottes-puantes-rousseau-vooruit-et-avec-open-vld\/"},"author":{"name":"Julien","@id":"https:\/\/vieassociative.be\/actualites\/#\/schema\/person\/b87ac4f82f9d4e7b7cec7395b679edc4"},"headline":"K\u00f6nig accorde \u00e0 De Wever un nouveau d\u00e9lai \u2013 sans les \u00ab bottes puantes \u00bb Rousseau (Vooruit) et avec Open VLD ?","datePublished":"2024-11-04T20:17:33+00:00","dateModified":"2024-11-04T20:17:33+00:00","mainEntityOfPage":{"@id":"https:\/\/vieassociative.be\/actualites\/konig-accorde-a-de-wever-un-nouveau-delai-sans-les-bottes-puantes-rousseau-vooruit-et-avec-open-vld\/"},"wordCount":332,"publisher":{"@id":"https:\/\/vieassociative.be\/actualites\/#organization"},"image":{"@id":"https:\/\/vieassociative.be\/actualites\/konig-accorde-a-de-wever-un-nouveau-delai-sans-les-bottes-puantes-rousseau-vooruit-et-avec-open-vld\/#primaryimage"},"thumbnailUrl":"https:\/\/vieassociative.be\/actualites\/wp-content\/uploads\/2024\/11\/Konig-accorde-a-De-Wever-un-nouveau-delai-\u2013-sans.jpg","keywords":["accorde","avec","bottes","d\u00e9lai","K\u00f6nig","Les","nouveau","Open","puantes","Rousseau","sans","VLD","Vooruit","Wever"],"articleSection":["Belgique"],"inLanguage":"fr-BE"},{"@type":"WebPage","@id":"https:\/\/vieassociative.be\/actualites\/konig-accorde-a-de-wever-un-nouveau-delai-sans-les-bottes-puantes-rousseau-vooruit-et-avec-open-vld\/","url":"https:\/\/vieassociative.be\/actualites\/konig-accorde-a-de-wever-un-nouveau-delai-sans-les-bottes-puantes-rousseau-vooruit-et-avec-open-vld\/","name":"K\u00f6nig accorde \u00e0 De Wever un nouveau d\u00e9lai \u2013 sans les \u00ab bottes puantes \u00bb Rousseau (Vooruit) et avec Open VLD ? | Vie Associative","isPartOf":{"@id":"https:\/\/vieassociative.be\/actualites\/#website"},"primaryImageOfPage":{"@id":"https:\/\/vieassociative.be\/actualites\/konig-accorde-a-de-wever-un-nouveau-delai-sans-les-bottes-puantes-rousseau-vooruit-et-avec-open-vld\/#primaryimage"},"image":{"@id":"https:\/\/vieassociative.be\/actualites\/konig-accorde-a-de-wever-un-nouveau-delai-sans-les-bottes-puantes-rousseau-vooruit-et-avec-open-vld\/#primaryimage"},"thumbnailUrl":"https:\/\/vieassociative.be\/actualites\/wp-content\/uploads\/2024\/11\/Konig-accorde-a-De-Wever-un-nouveau-delai-\u2013-sans.jpg","datePublished":"2024-11-04T20:17:33+00:00","dateModified":"2024-11-04T20:17:33+00:00","breadcrumb":{"@id":"https:\/\/vieassociative.be\/actualites\/konig-accorde-a-de-wever-un-nouveau-delai-sans-les-bottes-puantes-rousseau-vooruit-et-avec-open-vld\/#breadcrumb"},"inLanguage":"fr-BE","potentialAction":[{"@type":"ReadAction","target":["https:\/\/vieassociative.be\/actualites\/konig-accorde-a-de-wever-un-nouveau-delai-sans-les-bottes-puantes-rousseau-vooruit-et-avec-open-vld\/"]}]},{"@type":"ImageObject","inLanguage":"fr-BE","@id":"https:\/\/vieassociative.be\/actualites\/konig-accorde-a-de-wever-un-nouveau-delai-sans-les-bottes-puantes-rousseau-vooruit-et-avec-open-vld\/#primaryimage","url":"https:\/\/vieassociative.be\/actualites\/wp-content\/uploads\/2024\/11\/Konig-accorde-a-De-Wever-un-nouveau-delai-\u2013-sans.jpg","contentUrl":"https:\/\/vieassociative.be\/actualites\/wp-content\/uploads\/2024\/11\/Konig-accorde-a-De-Wever-un-nouveau-delai-\u2013-sans.jpg","width":1200,"height":800,"caption":"K\u00f6nig accorde \u00e0 De Wever un nouveau d\u00e9lai \u2013 sans les \u00ab bottes puantes \u00bb Rousseau (Vooruit) et avec Open VLD ?"},{"@type":"BreadcrumbList","@id":"https:\/\/vieassociative.be\/actualites\/konig-accorde-a-de-wever-un-nouveau-delai-sans-les-bottes-puantes-rousseau-vooruit-et-avec-open-vld\/#breadcrumb","itemListElement":[{"@type":"ListItem","position":1,"name":"Accueil","item":"https:\/\/vieassociative.be\/actualites\/"},{"@type":"ListItem","position":2,"name":"K\u00f6nig accorde \u00e0 De Wever un nouveau d\u00e9lai \u2013 sans les \u00ab bottes puantes \u00bb Rousseau (Vooruit) et avec Open VLD ?"}]},{"@type":"WebSite","@id":"https:\/\/vieassociative.be\/actualites\/#website","url":"https:\/\/vieassociative.be\/actualites\/","name":"Vie Associative","description":"","publisher":{"@id":"https:\/\/vieassociative.be\/actualites\/#organization"},"potentialAction":[{"@type":"SearchAction","target":{"@type":"EntryPoint","urlTemplate":"https:\/\/vieassociative.be\/actualites\/?s={search_term_string}"},"query-input":{"@type":"PropertyValueSpecification","valueRequired":true,"valueName":"search_term_string"}}],"inLanguage":"fr-BE"},{"@type":"Organization","@id":"https:\/\/vieassociative.be\/actualites\/#organization","name":"Vie Associative","url":"https:\/\/vieassociative.be\/actualites\/","logo":{"@type":"ImageObject","inLanguage":"fr-BE","@id":"https:\/\/vieassociative.be\/actualites\/#\/schema\/logo\/image\/","url":"https:\/\/vieassociative.be\/actualites\/wp-content\/uploads\/2024\/09\/cropped-vieassociative_favicon.ico.png","contentUrl":"https:\/\/vieassociative.be\/actualites\/wp-content\/uploads\/2024\/09\/cropped-vieassociative_favicon.ico.png","width":512,"height":512,"caption":"Vie Associative"},"image":{"@id":"https:\/\/vieassociative.be\/actualites\/#\/schema\/logo\/image\/"}},{"@type":"Person","@id":"https:\/\/vieassociative.be\/actualites\/#\/schema\/person\/b87ac4f82f9d4e7b7cec7395b679edc4","name":"Julien","image":{"@type":"ImageObject","inLanguage":"fr-BE","@id":"https:\/\/vieassociative.be\/actualites\/#\/schema\/person\/image\/","url":"https:\/\/vieassociative.be\/actualites\/wp-content\/uploads\/2024\/09\/vie-associative-1-150x150.jpg","contentUrl":"https:\/\/vieassociative.be\/actualites\/wp-content\/uploads\/2024\/09\/vie-associative-1-150x150.jpg","caption":"Julien"},"description":"Je suis Julien, r\u00e9dacteur pour Vie Associative. Passionn\u00e9 par le monde associatif depuis plus de 10 ans, j'ai \u00e0 c\u0153ur de partager des histoires inspirantes et de mettre en lumi\u00e8re les initiatives locales. Mon objectif est de sensibiliser et d'encourager l'engagement communautaire \u00e0 travers mes articles.","sameAs":["https:\/\/vieassociative.be\/"]}]}},"_links":{"self":[{"href":"https:\/\/vieassociative.be\/actualites\/wp-json\/wp\/v2\/posts\/2031"}],"collection":[{"href":"https:\/\/vieassociative.be\/actualites\/wp-json\/wp\/v2\/posts"}],"about":[{"href":"https:\/\/vieassociative.be\/actualites\/wp-json\/wp\/v2\/types\/post"}],"author":[{"embeddable":true,"href":"https:\/\/vieassociative.be\/actualites\/wp-json\/wp\/v2\/users\/1"}],"replies":[{"embeddable":true,"href":"https:\/\/vieassociative.be\/actualites\/wp-json\/wp\/v2\/comments?post=2031"}],"version-history":[{"count":0,"href":"https:\/\/vieassociative.be\/actualites\/wp-json\/wp\/v2\/posts\/2031\/revisions"}],"wp:featuredmedia":[{"embeddable":true,"href":"https:\/\/vieassociative.be\/actualites\/wp-json\/wp\/v2\/media\/2032"}],"wp:attachment":[{"href":"https:\/\/vieassociative.be\/actualites\/wp-json\/wp\/v2\/media?parent=2031"}],"wp:term":[{"taxonomy":"category","embeddable":true,"href":"https:\/\/vieassociative.be\/actualites\/wp-json\/wp\/v2\/categories?post=2031"},{"taxonomy":"post_tag","embeddable":true,"href":"https:\/\/vieassociative.be\/actualites\/wp-json\/wp\/v2\/tags?post=2031"}],"curies":[{"name":"wp","href":"https:\/\/api.w.org\/{rel}","templated":true}]}}