{"id":2025,"date":"2024-11-04T18:19:04","date_gmt":"2024-11-04T17:19:04","guid":{"rendered":"https:\/\/vieassociative.be\/actualites\/comment-apprendre-aux-enfants-a-mieux-gerer-les-deceptions-de-la-vie\/"},"modified":"2024-11-04T18:19:04","modified_gmt":"2024-11-04T17:19:04","slug":"comment-apprendre-aux-enfants-a-mieux-gerer-les-deceptions-de-la-vie","status":"publish","type":"post","link":"https:\/\/vieassociative.be\/actualites\/comment-apprendre-aux-enfants-a-mieux-gerer-les-deceptions-de-la-vie\/","title":{"rendered":"Comment apprendre aux enfants \u00e0 mieux g\u00e9rer les d\u00e9ceptions de la vie"},"content":{"rendered":"<div class=\"mt-4 leading-6 md:mb-8\">Que faire \u2013 et ne pas faire \u2013 lorsque nos enfants sont d\u00e9\u00e7us.<\/div>\n<p><\/p>\n<p><em>Son fr\u00e8re a mang\u00e9 les deux derniers Oreos au lieu de lui en garder un. Papa a dit de ne plus regarder la t\u00e9l\u00e9 juste avant de se coucher. Il a \u00e9t\u00e9 test\u00e9 positif au COVID \u00e0 la derni\u00e8re minute et ne peut pas faire un voyage pr\u00e9vu pour les vacances de printemps. Un bras cass\u00e9 signifie que la saison de baseball est termin\u00e9e jusqu&rsquo;\u00e0 l&rsquo;ann\u00e9e prochaine. <\/em>La d\u00e9ception peut prendre des formes infinies pour un enfant. M\u00eame si vous ne pouvez pas leur \u00e9pargner la d\u00e9ception, vous <em>peut<\/em> apprenez-leur \u00e0 g\u00e9rer cela pour qu\u2019ils rebondissent plus fort en vieillissant.<\/p>\n<p>Les enfants d\u2019aujourd\u2019hui sont peut-\u00eatre plus d\u00e9\u00e7us que les cohortes pr\u00e9c\u00e9dentes, compte tenu de la mani\u00e8re dont la pand\u00e9mie a annul\u00e9 ou fondamentalement modifi\u00e9 deux ann\u00e9es de leur enfance. M\u00eame avec toute cette exp\u00e9rience, tous les enfants, des tout-petits aux adolescents, ont toujours besoin de l&rsquo;aide de leurs parents pour acqu\u00e9rir les comp\u00e9tences n\u00e9cessaires pour g\u00e9rer leurs \u00e9motions.<\/p>\n<p>\u00ab\u00a0C&rsquo;est normal d&rsquo;\u00eatre d\u00e9\u00e7u, et ce n&rsquo;est pas votre travail en tant que parent de vous assurer que votre enfant ne soit jamais d\u00e9\u00e7u\u00a0\u00bb, a d\u00e9clar\u00e9 la th\u00e9rapeute Lynn Lyons sur son podcast Flusterclux. Elle a donn\u00e9 des conseils aux parents pour aider les enfants \u00e0 g\u00e9rer la d\u00e9ception tout en r\u00e9duisant les comportements ennuyeux comme le bl\u00e2me, les pleurnicheries et la bouderie.<\/p>\n<h2 id=\"what-to-do-when-your-kid-is-disappointed\">Que faire lorsque votre enfant est d\u00e9\u00e7u<\/h2>\n<p>Tout d\u2019abord, commencez par faire preuve d\u2019empathie. Essayez de prononcer l&rsquo;une de ces phrases de validation\u00a0:<\/p>\n<ul>\n<li>\n<p>\u00ab\u00a0Je comprends ce que tu ressens.\u00a0\u00bb<\/p>\n<\/li>\n<li>\n<p>\u00ab\u00a0Je comprends que c&rsquo;est d\u00e9cevant.\u00a0\u00bb<\/p>\n<\/li>\n<li>\n<p>\u00ab\u00a0Si j&rsquo;\u00e9tais toi, je serais moi aussi d\u00e9\u00e7u.\u00a0\u00bb<\/p>\n<\/li>\n<\/ul>\n<p>Remplissez votre poche arri\u00e8re de ces phrases incontournables pour aider les enfants \u00e0 mettre des mots sur leurs sentiments et pour leur montrer que vous les comprenez et les soutenez m\u00eame lorsqu&rsquo;ils ont des sentiments n\u00e9gatifs.<\/p>\n<p>Vous devez \u00e9galement les laisser exprimer leurs \u00e9motions tout en reconnaissant la r\u00e9alit\u00e9 de la situation. Lyons sugg\u00e8re de dire : \u00ab\u00a0Je sais que vous \u00eates d\u00e9\u00e7u, <em>et<\/em> il n&rsquo;en reste pas moins qu&rsquo;on ne peut pas aller au parc aquatique en cas d&rsquo;orage.<\/p>\n<p>Apr\u00e8s avoir fait preuve d&#8217;empathie et valid\u00e9 leurs sentiments, passez \u00e0 la r\u00e9solution de probl\u00e8mes. Ce n\u2019est pas vous qui r\u00e9solvez le probl\u00e8me en surmontant la d\u00e9ception. Collaborez plut\u00f4t avec votre enfant pour lui demander ce qu\u2019il pourrait faire \u00e0 la place. Que pourraient-ils faire diff\u00e9remment pour \u00e9viter cette d\u00e9ception la prochaine fois\u00a0? Quelles sont les attentes raisonnables \u00e0 avoir quand on ne peut pas tout contr\u00f4ler\u00a0?<\/p>\n<p>Votre petit enfant a peut-\u00eatre pris l\u2019habitude de pleurnicher ou de bouder lorsqu\u2019il n\u2019obtient pas ce qu\u2019il veut. Il est d\u00e9sormais temps de corriger ce comportement plut\u00f4t que de le renforcer en c\u00e9dant.<\/p>\n<p>\u00ab Pleurnicher est un comportement appris. Et l\u2019une des raisons pour lesquelles les enfants se plaignent, c\u2019est parce que c\u2019est vraiment efficace \u00bb, a d\u00e9clar\u00e9 Lyons. C\u00e9der aux pleurnicheries peut vous sortir d&rsquo;un moment parental difficile, mais cela se retournera contre vous \u00e0 long terme.<\/p>\n<p>\u00ab\u00a0C&rsquo;est \u00e0 ce moment-l\u00e0 que vous allez leur apprendre comment vous amener \u00e0 prendre le contr\u00f4le de leurs sentiments, comment vous amener \u00e0 intervenir et \u00e0 faire ce qu&rsquo;ils veulent que vous fassiez pour qu&rsquo;ils se sentent mieux\u00a0\u00bb, a d\u00e9clar\u00e9 Lyons. \u00ab Vous \u00eates un soutien, mais vous ne pouvez pas intervenir pour faire dispara\u00eetre leurs sentiments. Ce n&rsquo;est pas votre travail et ce n&rsquo;est pas sain pour eux.<\/p>\n<p>Au lieu de vous \u00e9nerver, affrontez le comportement en disant : \u00ab Vous \u00eates d\u00e9\u00e7u et vous vous plaignez pour que je change la situation. Ce comportement ne changera pas le r\u00e9sultat. Demandez \u00e0 l&rsquo;enfant de vous aider \u00e0 r\u00e9fl\u00e9chir \u00e0 des activit\u00e9s alternatives ou de le rediriger vers quelque chose qu&rsquo;il trouve habituellement enrichissant. (Par exemple, une \u00e9tude r\u00e9cente a r\u00e9v\u00e9l\u00e9 que le dessin am\u00e9liorait l&rsquo;humeur des enfants apr\u00e8s une d\u00e9ception.)<\/p>\n<p>Vous pouvez \u00e9galement leur apprendre des techniques d\u2019auto-apaisement qui peuvent calmer la d\u00e9ception au lieu de pleurnicher.<\/p>\n<h2 id=\"what-you-shouldnt-do-when-your-kid-is-disappointed\">Ce qu&rsquo;il ne faut pas faire lorsque votre enfant est d\u00e9\u00e7u<\/h2>\n<p>N&rsquo;essayez pas de minimiser votre d\u00e9ception et n&rsquo;essayez pas de le dissuader, et n&rsquo;encouragez pas votre enfant \u00e0 afficher un visage heureux ou \u00e0 cacher sa d\u00e9ception. Une \u00e9tude de 2020 a r\u00e9v\u00e9l\u00e9 que les enfants qui affichaient un visage heureux au lieu d\u2019exprimer leur d\u00e9ception subissaient par la suite une alt\u00e9ration de leurs performances cognitives, car utiliser la ma\u00eetrise de soi pour cacher la d\u00e9ception conduit \u00e0 un \u00ab \u00e9puisement de l\u2019ego \u00bb.<\/p>\n<p>\u00ab\u00a0La capacit\u00e9 de tol\u00e9rer quand les choses ne se passent pas comme vous le souhaitez est une comp\u00e9tence vraiment tr\u00e8s importante\u00a0\u00bb, a d\u00e9clar\u00e9 Lyons.<\/p>\n<p><em>Ne le faites pas<\/em> corrompre ou essayer d&rsquo;att\u00e9nuer leur d\u00e9ception avec des friandises et des r\u00e9compenses, et assurez-vous d&rsquo;\u00eatre attentif \u00e0 votre <em>propre<\/em> r\u00e9action \u00e0 la d\u00e9ception. Avez-vous des crises de col\u00e8re d&rsquo;adulte, boudez-vous, bl\u00e2mez-vous ou pleurnichez-vous\u00a0? Essayez de mod\u00e9liser la gestion de la d\u00e9ception en reconnaissant ce que vous ressentez, en recherchant des solutions et en g\u00e9rant les attentes afin de pouvoir r\u00e9cup\u00e9rer et passer \u00e0 autre chose.<\/p>\n<h2 id=\"special-cases-for-dealing-with-disappointment\">Cas particuliers pour faire face \u00e0 une d\u00e9ception<\/h2>\n<p>Lyons a d\u00e9clar\u00e9 que, d&rsquo;apr\u00e8s son exp\u00e9rience en tant que th\u00e9rapeute, les personnes (y compris les enfants) souffrant d&rsquo;anxi\u00e9t\u00e9 peuvent avoir plus de mal \u00e0 g\u00e9rer la d\u00e9ception parce qu&rsquo;elles ont tendance \u00e0 \u00eatre rigides. Demandez-vous si l\u2019anxi\u00e9t\u00e9 pourrait \u00eatre \u00e0 l\u2019origine du probl\u00e8me si la d\u00e9ception est devenue un obstacle que votre enfant ne peut tout simplement pas surmonter.<\/p>\n<p>De plus, il est normal que les tr\u00e8s jeunes enfants (jusqu\u2019\u00e0 l\u2019\u00e2ge scolaire) r\u00e9agissent \u00e0 une d\u00e9ception par une crise de col\u00e8re. Si vous avez affaire \u00e0 un tout-petit d\u00e9\u00e7u, simplifiez votre r\u00e9action. Utilisez des mots pour associer leurs grands sentiments au fait de ne pas obtenir ce qu&rsquo;ils voulaient afin de les aider \u00e0 acqu\u00e9rir des connaissances \u00e9motionnelles. Restez pr\u00eat \u00e0 offrir du r\u00e9confort et un c\u00e2lin pendant que la col\u00e8re s&rsquo;apaise.<\/p>\n","protected":false},"excerpt":{"rendered":"<p>Que faire \u2013 et ne pas faire \u2013 lorsque nos enfants sont d\u00e9\u00e7us. Son fr\u00e8re a mang\u00e9 les deux derniers Oreos au lieu de lui<\/p>\n","protected":false},"author":1,"featured_media":2026,"comment_status":"","ping_status":"","sticky":false,"template":"","format":"standard","meta":{"footnotes":""},"categories":[37],"tags":[296,289,44,2752,324,109,14,1503,58],"class_list":["post-2025","post","type-post","status-publish","format-standard","has-post-thumbnail","hentry","category-famille","tag-apprendre","tag-aux","tag-comment","tag-deceptions","tag-enfants","tag-gerer","tag-les","tag-mieux","tag-vie","generate-columns","tablet-grid-50","mobile-grid-100","grid-parent","grid-33"],"yoast_head":"<!-- This site is optimized with the Yoast SEO plugin v24.0 - https:\/\/yoast.com\/wordpress\/plugins\/seo\/ -->\n<title>Comment apprendre aux enfants \u00e0 mieux g\u00e9rer les d\u00e9ceptions de la vie | Vie Associative<\/title>\n<meta name=\"robots\" content=\"index, follow, max-snippet:-1, max-image-preview:large, max-video-preview:-1\" \/>\n<link rel=\"canonical\" href=\"https:\/\/vieassociative.be\/actualites\/comment-apprendre-aux-enfants-a-mieux-gerer-les-deceptions-de-la-vie\/\" \/>\n<meta property=\"og:locale\" content=\"fr_FR\" \/>\n<meta property=\"og:type\" content=\"article\" \/>\n<meta property=\"og:title\" content=\"Comment apprendre aux enfants \u00e0 mieux g\u00e9rer les d\u00e9ceptions de la vie | Vie Associative\" \/>\n<meta property=\"og:description\" content=\"Que faire \u2013 et ne pas faire \u2013 lorsque nos enfants sont d\u00e9\u00e7us. Son fr\u00e8re a mang\u00e9 les deux derniers Oreos au lieu de lui\" \/>\n<meta property=\"og:url\" content=\"https:\/\/vieassociative.be\/actualites\/comment-apprendre-aux-enfants-a-mieux-gerer-les-deceptions-de-la-vie\/\" \/>\n<meta property=\"og:site_name\" content=\"Vie Associative\" \/>\n<meta property=\"article:published_time\" content=\"2024-11-04T17:19:04+00:00\" \/>\n<meta property=\"og:image\" content=\"https:\/\/vieassociative.be\/actualites\/wp-content\/uploads\/2024\/09\/header_backgroundk-01-e1726694325946.png\" \/>\n\t<meta property=\"og:image:width\" content=\"279\" \/>\n\t<meta property=\"og:image:height\" content=\"92\" \/>\n\t<meta property=\"og:image:type\" content=\"image\/png\" \/>\n<meta name=\"author\" content=\"Julien\" \/>\n<meta name=\"twitter:card\" content=\"summary_large_image\" \/>\n<meta name=\"twitter:label1\" content=\"\u00c9crit par\" \/>\n\t<meta name=\"twitter:data1\" content=\"Julien\" \/>\n\t<meta name=\"twitter:label2\" content=\"Dur\u00e9e de lecture est.\" \/>\n\t<meta name=\"twitter:data2\" content=\"5 minutes\" \/>\n<script type=\"application\/ld+json\" class=\"yoast-schema-graph\">{\"@context\":\"https:\/\/schema.org\",\"@graph\":[{\"@type\":\"Article\",\"@id\":\"https:\/\/vieassociative.be\/actualites\/comment-apprendre-aux-enfants-a-mieux-gerer-les-deceptions-de-la-vie\/#article\",\"isPartOf\":{\"@id\":\"https:\/\/vieassociative.be\/actualites\/comment-apprendre-aux-enfants-a-mieux-gerer-les-deceptions-de-la-vie\/\"},\"author\":{\"name\":\"Julien\",\"@id\":\"https:\/\/vieassociative.be\/actualites\/#\/schema\/person\/b87ac4f82f9d4e7b7cec7395b679edc4\"},\"headline\":\"Comment apprendre aux enfants \u00e0 mieux g\u00e9rer les d\u00e9ceptions de la vie\",\"datePublished\":\"2024-11-04T17:19:04+00:00\",\"dateModified\":\"2024-11-04T17:19:04+00:00\",\"mainEntityOfPage\":{\"@id\":\"https:\/\/vieassociative.be\/actualites\/comment-apprendre-aux-enfants-a-mieux-gerer-les-deceptions-de-la-vie\/\"},\"wordCount\":1124,\"publisher\":{\"@id\":\"https:\/\/vieassociative.be\/actualites\/#organization\"},\"image\":{\"@id\":\"https:\/\/vieassociative.be\/actualites\/comment-apprendre-aux-enfants-a-mieux-gerer-les-deceptions-de-la-vie\/#primaryimage\"},\"thumbnailUrl\":\"https:\/\/vieassociative.be\/actualites\/wp-content\/uploads\/2024\/11\/Comment-apprendre-aux-enfants-a-mieux-gerer-les-deceptions-de.jpg\",\"keywords\":[\"apprendre\",\"aux\",\"Comment\",\"d\u00e9ceptions\",\"enfants\",\"g\u00e9rer\",\"Les\",\"mieux\",\"vie\"],\"articleSection\":[\"Famille\"],\"inLanguage\":\"fr-BE\"},{\"@type\":\"WebPage\",\"@id\":\"https:\/\/vieassociative.be\/actualites\/comment-apprendre-aux-enfants-a-mieux-gerer-les-deceptions-de-la-vie\/\",\"url\":\"https:\/\/vieassociative.be\/actualites\/comment-apprendre-aux-enfants-a-mieux-gerer-les-deceptions-de-la-vie\/\",\"name\":\"Comment apprendre aux enfants \u00e0 mieux g\u00e9rer les d\u00e9ceptions de la vie | Vie Associative\",\"isPartOf\":{\"@id\":\"https:\/\/vieassociative.be\/actualites\/#website\"},\"primaryImageOfPage\":{\"@id\":\"https:\/\/vieassociative.be\/actualites\/comment-apprendre-aux-enfants-a-mieux-gerer-les-deceptions-de-la-vie\/#primaryimage\"},\"image\":{\"@id\":\"https:\/\/vieassociative.be\/actualites\/comment-apprendre-aux-enfants-a-mieux-gerer-les-deceptions-de-la-vie\/#primaryimage\"},\"thumbnailUrl\":\"https:\/\/vieassociative.be\/actualites\/wp-content\/uploads\/2024\/11\/Comment-apprendre-aux-enfants-a-mieux-gerer-les-deceptions-de.jpg\",\"datePublished\":\"2024-11-04T17:19:04+00:00\",\"dateModified\":\"2024-11-04T17:19:04+00:00\",\"breadcrumb\":{\"@id\":\"https:\/\/vieassociative.be\/actualites\/comment-apprendre-aux-enfants-a-mieux-gerer-les-deceptions-de-la-vie\/#breadcrumb\"},\"inLanguage\":\"fr-BE\",\"potentialAction\":[{\"@type\":\"ReadAction\",\"target\":[\"https:\/\/vieassociative.be\/actualites\/comment-apprendre-aux-enfants-a-mieux-gerer-les-deceptions-de-la-vie\/\"]}]},{\"@type\":\"ImageObject\",\"inLanguage\":\"fr-BE\",\"@id\":\"https:\/\/vieassociative.be\/actualites\/comment-apprendre-aux-enfants-a-mieux-gerer-les-deceptions-de-la-vie\/#primaryimage\",\"url\":\"https:\/\/vieassociative.be\/actualites\/wp-content\/uploads\/2024\/11\/Comment-apprendre-aux-enfants-a-mieux-gerer-les-deceptions-de.jpg\",\"contentUrl\":\"https:\/\/vieassociative.be\/actualites\/wp-content\/uploads\/2024\/11\/Comment-apprendre-aux-enfants-a-mieux-gerer-les-deceptions-de.jpg\",\"width\":1200,\"height\":675,\"caption\":\"Comment apprendre aux enfants \u00e0 mieux g\u00e9rer les d\u00e9ceptions de la vie\"},{\"@type\":\"BreadcrumbList\",\"@id\":\"https:\/\/vieassociative.be\/actualites\/comment-apprendre-aux-enfants-a-mieux-gerer-les-deceptions-de-la-vie\/#breadcrumb\",\"itemListElement\":[{\"@type\":\"ListItem\",\"position\":1,\"name\":\"Accueil\",\"item\":\"https:\/\/vieassociative.be\/actualites\/\"},{\"@type\":\"ListItem\",\"position\":2,\"name\":\"Comment apprendre aux enfants \u00e0 mieux g\u00e9rer les d\u00e9ceptions de la vie\"}]},{\"@type\":\"WebSite\",\"@id\":\"https:\/\/vieassociative.be\/actualites\/#website\",\"url\":\"https:\/\/vieassociative.be\/actualites\/\",\"name\":\"Vie Associative\",\"description\":\"\",\"publisher\":{\"@id\":\"https:\/\/vieassociative.be\/actualites\/#organization\"},\"potentialAction\":[{\"@type\":\"SearchAction\",\"target\":{\"@type\":\"EntryPoint\",\"urlTemplate\":\"https:\/\/vieassociative.be\/actualites\/?s={search_term_string}\"},\"query-input\":{\"@type\":\"PropertyValueSpecification\",\"valueRequired\":true,\"valueName\":\"search_term_string\"}}],\"inLanguage\":\"fr-BE\"},{\"@type\":\"Organization\",\"@id\":\"https:\/\/vieassociative.be\/actualites\/#organization\",\"name\":\"Vie Associative\",\"url\":\"https:\/\/vieassociative.be\/actualites\/\",\"logo\":{\"@type\":\"ImageObject\",\"inLanguage\":\"fr-BE\",\"@id\":\"https:\/\/vieassociative.be\/actualites\/#\/schema\/logo\/image\/\",\"url\":\"https:\/\/vieassociative.be\/actualites\/wp-content\/uploads\/2024\/09\/cropped-vieassociative_favicon.ico.png\",\"contentUrl\":\"https:\/\/vieassociative.be\/actualites\/wp-content\/uploads\/2024\/09\/cropped-vieassociative_favicon.ico.png\",\"width\":512,\"height\":512,\"caption\":\"Vie Associative\"},\"image\":{\"@id\":\"https:\/\/vieassociative.be\/actualites\/#\/schema\/logo\/image\/\"}},{\"@type\":\"Person\",\"@id\":\"https:\/\/vieassociative.be\/actualites\/#\/schema\/person\/b87ac4f82f9d4e7b7cec7395b679edc4\",\"name\":\"Julien\",\"image\":{\"@type\":\"ImageObject\",\"inLanguage\":\"fr-BE\",\"@id\":\"https:\/\/vieassociative.be\/actualites\/#\/schema\/person\/image\/\",\"url\":\"https:\/\/vieassociative.be\/actualites\/wp-content\/uploads\/2024\/09\/vie-associative-1-150x150.jpg\",\"contentUrl\":\"https:\/\/vieassociative.be\/actualites\/wp-content\/uploads\/2024\/09\/vie-associative-1-150x150.jpg\",\"caption\":\"Julien\"},\"description\":\"Je suis Julien, r\u00e9dacteur pour Vie Associative. Passionn\u00e9 par le monde associatif depuis plus de 10 ans, j'ai \u00e0 c\u0153ur de partager des histoires inspirantes et de mettre en lumi\u00e8re les initiatives locales. Mon objectif est de sensibiliser et d'encourager l'engagement communautaire \u00e0 travers mes articles.\",\"sameAs\":[\"https:\/\/vieassociative.be\/\"]}]}<\/script>\n<!-- \/ Yoast SEO plugin. -->","yoast_head_json":{"title":"Comment apprendre aux enfants \u00e0 mieux g\u00e9rer les d\u00e9ceptions de la vie | Vie Associative","robots":{"index":"index","follow":"follow","max-snippet":"max-snippet:-1","max-image-preview":"max-image-preview:large","max-video-preview":"max-video-preview:-1"},"canonical":"https:\/\/vieassociative.be\/actualites\/comment-apprendre-aux-enfants-a-mieux-gerer-les-deceptions-de-la-vie\/","og_locale":"fr_FR","og_type":"article","og_title":"Comment apprendre aux enfants \u00e0 mieux g\u00e9rer les d\u00e9ceptions de la vie | Vie Associative","og_description":"Que faire \u2013 et ne pas faire \u2013 lorsque nos enfants sont d\u00e9\u00e7us. Son fr\u00e8re a mang\u00e9 les deux derniers Oreos au lieu de lui","og_url":"https:\/\/vieassociative.be\/actualites\/comment-apprendre-aux-enfants-a-mieux-gerer-les-deceptions-de-la-vie\/","og_site_name":"Vie Associative","article_published_time":"2024-11-04T17:19:04+00:00","og_image":[{"width":279,"height":92,"url":"https:\/\/vieassociative.be\/actualites\/wp-content\/uploads\/2024\/09\/header_backgroundk-01-e1726694325946.png","type":"image\/png"}],"author":"Julien","twitter_card":"summary_large_image","twitter_misc":{"\u00c9crit par":"Julien","Dur\u00e9e de lecture est.":"5 minutes"},"schema":{"@context":"https:\/\/schema.org","@graph":[{"@type":"Article","@id":"https:\/\/vieassociative.be\/actualites\/comment-apprendre-aux-enfants-a-mieux-gerer-les-deceptions-de-la-vie\/#article","isPartOf":{"@id":"https:\/\/vieassociative.be\/actualites\/comment-apprendre-aux-enfants-a-mieux-gerer-les-deceptions-de-la-vie\/"},"author":{"name":"Julien","@id":"https:\/\/vieassociative.be\/actualites\/#\/schema\/person\/b87ac4f82f9d4e7b7cec7395b679edc4"},"headline":"Comment apprendre aux enfants \u00e0 mieux g\u00e9rer les d\u00e9ceptions de la vie","datePublished":"2024-11-04T17:19:04+00:00","dateModified":"2024-11-04T17:19:04+00:00","mainEntityOfPage":{"@id":"https:\/\/vieassociative.be\/actualites\/comment-apprendre-aux-enfants-a-mieux-gerer-les-deceptions-de-la-vie\/"},"wordCount":1124,"publisher":{"@id":"https:\/\/vieassociative.be\/actualites\/#organization"},"image":{"@id":"https:\/\/vieassociative.be\/actualites\/comment-apprendre-aux-enfants-a-mieux-gerer-les-deceptions-de-la-vie\/#primaryimage"},"thumbnailUrl":"https:\/\/vieassociative.be\/actualites\/wp-content\/uploads\/2024\/11\/Comment-apprendre-aux-enfants-a-mieux-gerer-les-deceptions-de.jpg","keywords":["apprendre","aux","Comment","d\u00e9ceptions","enfants","g\u00e9rer","Les","mieux","vie"],"articleSection":["Famille"],"inLanguage":"fr-BE"},{"@type":"WebPage","@id":"https:\/\/vieassociative.be\/actualites\/comment-apprendre-aux-enfants-a-mieux-gerer-les-deceptions-de-la-vie\/","url":"https:\/\/vieassociative.be\/actualites\/comment-apprendre-aux-enfants-a-mieux-gerer-les-deceptions-de-la-vie\/","name":"Comment apprendre aux enfants \u00e0 mieux g\u00e9rer les d\u00e9ceptions de la vie | Vie Associative","isPartOf":{"@id":"https:\/\/vieassociative.be\/actualites\/#website"},"primaryImageOfPage":{"@id":"https:\/\/vieassociative.be\/actualites\/comment-apprendre-aux-enfants-a-mieux-gerer-les-deceptions-de-la-vie\/#primaryimage"},"image":{"@id":"https:\/\/vieassociative.be\/actualites\/comment-apprendre-aux-enfants-a-mieux-gerer-les-deceptions-de-la-vie\/#primaryimage"},"thumbnailUrl":"https:\/\/vieassociative.be\/actualites\/wp-content\/uploads\/2024\/11\/Comment-apprendre-aux-enfants-a-mieux-gerer-les-deceptions-de.jpg","datePublished":"2024-11-04T17:19:04+00:00","dateModified":"2024-11-04T17:19:04+00:00","breadcrumb":{"@id":"https:\/\/vieassociative.be\/actualites\/comment-apprendre-aux-enfants-a-mieux-gerer-les-deceptions-de-la-vie\/#breadcrumb"},"inLanguage":"fr-BE","potentialAction":[{"@type":"ReadAction","target":["https:\/\/vieassociative.be\/actualites\/comment-apprendre-aux-enfants-a-mieux-gerer-les-deceptions-de-la-vie\/"]}]},{"@type":"ImageObject","inLanguage":"fr-BE","@id":"https:\/\/vieassociative.be\/actualites\/comment-apprendre-aux-enfants-a-mieux-gerer-les-deceptions-de-la-vie\/#primaryimage","url":"https:\/\/vieassociative.be\/actualites\/wp-content\/uploads\/2024\/11\/Comment-apprendre-aux-enfants-a-mieux-gerer-les-deceptions-de.jpg","contentUrl":"https:\/\/vieassociative.be\/actualites\/wp-content\/uploads\/2024\/11\/Comment-apprendre-aux-enfants-a-mieux-gerer-les-deceptions-de.jpg","width":1200,"height":675,"caption":"Comment apprendre aux enfants \u00e0 mieux g\u00e9rer les d\u00e9ceptions de la vie"},{"@type":"BreadcrumbList","@id":"https:\/\/vieassociative.be\/actualites\/comment-apprendre-aux-enfants-a-mieux-gerer-les-deceptions-de-la-vie\/#breadcrumb","itemListElement":[{"@type":"ListItem","position":1,"name":"Accueil","item":"https:\/\/vieassociative.be\/actualites\/"},{"@type":"ListItem","position":2,"name":"Comment apprendre aux enfants \u00e0 mieux g\u00e9rer les d\u00e9ceptions de la vie"}]},{"@type":"WebSite","@id":"https:\/\/vieassociative.be\/actualites\/#website","url":"https:\/\/vieassociative.be\/actualites\/","name":"Vie Associative","description":"","publisher":{"@id":"https:\/\/vieassociative.be\/actualites\/#organization"},"potentialAction":[{"@type":"SearchAction","target":{"@type":"EntryPoint","urlTemplate":"https:\/\/vieassociative.be\/actualites\/?s={search_term_string}"},"query-input":{"@type":"PropertyValueSpecification","valueRequired":true,"valueName":"search_term_string"}}],"inLanguage":"fr-BE"},{"@type":"Organization","@id":"https:\/\/vieassociative.be\/actualites\/#organization","name":"Vie Associative","url":"https:\/\/vieassociative.be\/actualites\/","logo":{"@type":"ImageObject","inLanguage":"fr-BE","@id":"https:\/\/vieassociative.be\/actualites\/#\/schema\/logo\/image\/","url":"https:\/\/vieassociative.be\/actualites\/wp-content\/uploads\/2024\/09\/cropped-vieassociative_favicon.ico.png","contentUrl":"https:\/\/vieassociative.be\/actualites\/wp-content\/uploads\/2024\/09\/cropped-vieassociative_favicon.ico.png","width":512,"height":512,"caption":"Vie Associative"},"image":{"@id":"https:\/\/vieassociative.be\/actualites\/#\/schema\/logo\/image\/"}},{"@type":"Person","@id":"https:\/\/vieassociative.be\/actualites\/#\/schema\/person\/b87ac4f82f9d4e7b7cec7395b679edc4","name":"Julien","image":{"@type":"ImageObject","inLanguage":"fr-BE","@id":"https:\/\/vieassociative.be\/actualites\/#\/schema\/person\/image\/","url":"https:\/\/vieassociative.be\/actualites\/wp-content\/uploads\/2024\/09\/vie-associative-1-150x150.jpg","contentUrl":"https:\/\/vieassociative.be\/actualites\/wp-content\/uploads\/2024\/09\/vie-associative-1-150x150.jpg","caption":"Julien"},"description":"Je suis Julien, r\u00e9dacteur pour Vie Associative. Passionn\u00e9 par le monde associatif depuis plus de 10 ans, j'ai \u00e0 c\u0153ur de partager des histoires inspirantes et de mettre en lumi\u00e8re les initiatives locales. Mon objectif est de sensibiliser et d'encourager l'engagement communautaire \u00e0 travers mes articles.","sameAs":["https:\/\/vieassociative.be\/"]}]}},"_links":{"self":[{"href":"https:\/\/vieassociative.be\/actualites\/wp-json\/wp\/v2\/posts\/2025"}],"collection":[{"href":"https:\/\/vieassociative.be\/actualites\/wp-json\/wp\/v2\/posts"}],"about":[{"href":"https:\/\/vieassociative.be\/actualites\/wp-json\/wp\/v2\/types\/post"}],"author":[{"embeddable":true,"href":"https:\/\/vieassociative.be\/actualites\/wp-json\/wp\/v2\/users\/1"}],"replies":[{"embeddable":true,"href":"https:\/\/vieassociative.be\/actualites\/wp-json\/wp\/v2\/comments?post=2025"}],"version-history":[{"count":0,"href":"https:\/\/vieassociative.be\/actualites\/wp-json\/wp\/v2\/posts\/2025\/revisions"}],"wp:featuredmedia":[{"embeddable":true,"href":"https:\/\/vieassociative.be\/actualites\/wp-json\/wp\/v2\/media\/2026"}],"wp:attachment":[{"href":"https:\/\/vieassociative.be\/actualites\/wp-json\/wp\/v2\/media?parent=2025"}],"wp:term":[{"taxonomy":"category","embeddable":true,"href":"https:\/\/vieassociative.be\/actualites\/wp-json\/wp\/v2\/categories?post=2025"},{"taxonomy":"post_tag","embeddable":true,"href":"https:\/\/vieassociative.be\/actualites\/wp-json\/wp\/v2\/tags?post=2025"}],"curies":[{"name":"wp","href":"https:\/\/api.w.org\/{rel}","templated":true}]}}