{"id":2019,"date":"2024-11-04T14:17:18","date_gmt":"2024-11-04T13:17:18","guid":{"rendered":"https:\/\/vieassociative.be\/actualites\/la-camera-de-securite-arlo-pro-5s-spotlight-est-a-400-de-reduction\/"},"modified":"2024-11-04T14:17:18","modified_gmt":"2024-11-04T13:17:18","slug":"la-camera-de-securite-arlo-pro-5s-spotlight-est-a-400-de-reduction","status":"publish","type":"post","link":"https:\/\/vieassociative.be\/actualites\/la-camera-de-securite-arlo-pro-5s-spotlight-est-a-400-de-reduction\/","title":{"rendered":"La cam\u00e9ra de s\u00e9curit\u00e9 Arlo Pro 5S Spotlight est \u00e0 400 $ de r\u00e9duction"},"content":{"rendered":"<div class=\"mt-4 leading-6 md:mb-8\">Le Pro 5S apporte des fonctionnalit\u00e9s haut de gamme, mais s&rsquo;accompagne \u00e9galement d&rsquo;un peu d&rsquo;engagement, \u00e0 la fois en termes de co\u00fbts initiaux et d&rsquo;abonnements continus.<\/div>\n<p><\/p>\n<p>La cam\u00e9ra de s\u00e9curit\u00e9 Arlo Pro 5S Spotlight (pack de trois), d\u00e9sormais \u00e0 249,99 $ contre 649,99 $ habituels, offre des fonctionnalit\u00e9s impressionnantes, ce qui en fait une option tentante sur le march\u00e9 de la s\u00e9curit\u00e9 intelligente. Tout d&rsquo;abord, vous avez le choix entre des finitions blanches ou noires pour vous fondre dans votre espace, et il offre une solide qualit\u00e9 vid\u00e9o 2K avec une cam\u00e9ra HDR 4MP qui capture des vues claires et riches en d\u00e9tails \u00e0 160\u00b0. De plus, il dispose d&rsquo;une sir\u00e8ne de 80 dB et d&rsquo;un projecteur activ\u00e9 par le mouvement pour une vision nocturne en couleur si vous recherchez une s\u00e9curit\u00e9 24 heures sur 24 et des images de haute qualit\u00e9. Cette revue PCMag note que m\u00eame si les couleurs nocturnes ne sont pas aussi nettes que celles que vous obtiendriez \u00e0 la lumi\u00e8re du jour, elles constituent toujours une avanc\u00e9e par rapport aux mod\u00e8les similaires.<\/p>\n<p>Il comprend \u00e9galement un capteur de mouvement, deux LED infrarouges pour une vision nocturne en noir et blanc et un micro antibruit avec haut-parleur pour une interaction en temps r\u00e9el. De plus, il prend en charge IFTTT et s&rsquo;int\u00e8gre parfaitement \u00e0 Alexa et Google Assistant, bien qu&rsquo;il ne soit pas compatible avec Apple HomeKit. La gestion de la cam\u00e9ra est assez simple avec l&rsquo;application Arlo Secure. Il vous permet de choisir parmi des modes pr\u00e9d\u00e9finis tels que Arm Away, Arm Home et Standby pour une s\u00e9lection rapide et facile. De plus, vous pouvez allumer et \u00e9teindre la cam\u00e9ra, v\u00e9rifier les niveaux de batterie, r\u00e9gler les param\u00e8tres Wi-Fi, contr\u00f4ler la luminosit\u00e9 du projecteur, activer le micro, configurer des zones de mouvement et bien plus encore \u00e0 l&rsquo;aide de l&rsquo;application. Et pour ceux qui souhaitent prolonger la dur\u00e9e de vie de la batterie de l&rsquo;appareil photo, il existe un mode basse consommation qui peut prolonger l&rsquo;autonomie jusqu&rsquo;\u00e0 huit mois.<\/p>\n<p>Le Pro 5S vous tient au courant gr\u00e2ce \u00e0 des alertes push et par e-mail pour tout mouvement ou bruit d\u00e9tect\u00e9. Mais si vous souhaitez stocker des images localement plut\u00f4t que sur le cloud, vous aurez besoin du Smart Hub d&rsquo;Arlo, qui co\u00fbte 99,99 $ de plus (au lieu de 110,46 $) et fonctionne avec les cl\u00e9s USB. Si cela vous semble un peu excessif et que vous recherchez quelque chose de plus rentable, le TP-Link Tapo C420S2 vaut peut-\u00eatre le d\u00e9tour : il est moins cher \u00e0 125,99 $ (au lieu de 139,99 $) et dispose d&rsquo;un emplacement microSD int\u00e9gr\u00e9, vous pouvez donc sautez le hub. Et, pour ceux qui souhaitent s&rsquo;abonner, les forfaits Arlo Secure (\u00e0 partir de 6,67 $\/mois et 10,83 $\/mois) vous donnent acc\u00e8s \u00e0 30 jours d&rsquo;enregistrements pour une cam\u00e9ra et plusieurs cam\u00e9ras, respectivement. Pour des fonctionnalit\u00e9s plus avanc\u00e9es telles que la reconnaissance d&rsquo;objets intelligents, la surveillance professionnelle et l&rsquo;intervention d&rsquo;urgence 24h\/24 et 7j\/7, vous devrez vous abonner aux forfaits Arlo Plus ou Premium, qui co\u00fbtent respectivement 15\u00a0$ et 20,83\u00a0$ par mois.<\/p>\n","protected":false},"excerpt":{"rendered":"<p>Le Pro 5S apporte des fonctionnalit\u00e9s haut de gamme, mais s&rsquo;accompagne \u00e9galement d&rsquo;un peu d&rsquo;engagement, \u00e0 la fois en termes de co\u00fbts initiaux et d&rsquo;abonnements<\/p>\n","protected":false},"author":1,"featured_media":2020,"comment_status":"","ping_status":"","sticky":false,"template":"","format":"standard","meta":{"footnotes":""},"categories":[13],"tags":[2739,1487,76,630,308,151,2740],"class_list":["post-2019","post","type-post","status-publish","format-standard","has-post-thumbnail","hentry","category-technologie","tag-arlo","tag-camera","tag-est","tag-pro","tag-reduction","tag-securite","tag-spotlight","generate-columns","tablet-grid-50","mobile-grid-100","grid-parent","grid-33"],"yoast_head":"<!-- This site is optimized with the Yoast SEO plugin v24.0 - https:\/\/yoast.com\/wordpress\/plugins\/seo\/ -->\n<title>La cam\u00e9ra de s\u00e9curit\u00e9 Arlo Pro 5S Spotlight est \u00e0 400 $ de r\u00e9duction | Vie Associative<\/title>\n<meta name=\"robots\" content=\"index, follow, max-snippet:-1, max-image-preview:large, max-video-preview:-1\" \/>\n<link rel=\"canonical\" href=\"https:\/\/vieassociative.be\/actualites\/la-camera-de-securite-arlo-pro-5s-spotlight-est-a-400-de-reduction\/\" \/>\n<meta property=\"og:locale\" content=\"fr_FR\" \/>\n<meta property=\"og:type\" content=\"article\" \/>\n<meta property=\"og:title\" content=\"La cam\u00e9ra de s\u00e9curit\u00e9 Arlo Pro 5S Spotlight est \u00e0 400 $ de r\u00e9duction | Vie Associative\" \/>\n<meta property=\"og:description\" content=\"Le Pro 5S apporte des fonctionnalit\u00e9s haut de gamme, mais s&rsquo;accompagne \u00e9galement d&rsquo;un peu d&rsquo;engagement, \u00e0 la fois en termes de co\u00fbts initiaux et d&rsquo;abonnements\" \/>\n<meta property=\"og:url\" content=\"https:\/\/vieassociative.be\/actualites\/la-camera-de-securite-arlo-pro-5s-spotlight-est-a-400-de-reduction\/\" \/>\n<meta property=\"og:site_name\" content=\"Vie Associative\" \/>\n<meta property=\"article:published_time\" content=\"2024-11-04T13:17:18+00:00\" \/>\n<meta property=\"og:image\" content=\"https:\/\/vieassociative.be\/actualites\/wp-content\/uploads\/2024\/09\/header_backgroundk-01-e1726694325946.png\" \/>\n\t<meta property=\"og:image:width\" content=\"279\" \/>\n\t<meta property=\"og:image:height\" content=\"92\" \/>\n\t<meta property=\"og:image:type\" content=\"image\/png\" \/>\n<meta name=\"author\" content=\"Julien\" \/>\n<meta name=\"twitter:card\" content=\"summary_large_image\" \/>\n<meta name=\"twitter:label1\" content=\"\u00c9crit par\" \/>\n\t<meta name=\"twitter:data1\" content=\"Julien\" \/>\n\t<meta name=\"twitter:label2\" content=\"Dur\u00e9e de lecture est.\" \/>\n\t<meta name=\"twitter:data2\" content=\"3 minutes\" \/>\n<script type=\"application\/ld+json\" class=\"yoast-schema-graph\">{\"@context\":\"https:\/\/schema.org\",\"@graph\":[{\"@type\":\"Article\",\"@id\":\"https:\/\/vieassociative.be\/actualites\/la-camera-de-securite-arlo-pro-5s-spotlight-est-a-400-de-reduction\/#article\",\"isPartOf\":{\"@id\":\"https:\/\/vieassociative.be\/actualites\/la-camera-de-securite-arlo-pro-5s-spotlight-est-a-400-de-reduction\/\"},\"author\":{\"name\":\"Julien\",\"@id\":\"https:\/\/vieassociative.be\/actualites\/#\/schema\/person\/b87ac4f82f9d4e7b7cec7395b679edc4\"},\"headline\":\"La cam\u00e9ra de s\u00e9curit\u00e9 Arlo Pro 5S Spotlight est \u00e0 400 $ de r\u00e9duction\",\"datePublished\":\"2024-11-04T13:17:18+00:00\",\"dateModified\":\"2024-11-04T13:17:18+00:00\",\"mainEntityOfPage\":{\"@id\":\"https:\/\/vieassociative.be\/actualites\/la-camera-de-securite-arlo-pro-5s-spotlight-est-a-400-de-reduction\/\"},\"wordCount\":557,\"publisher\":{\"@id\":\"https:\/\/vieassociative.be\/actualites\/#organization\"},\"image\":{\"@id\":\"https:\/\/vieassociative.be\/actualites\/la-camera-de-securite-arlo-pro-5s-spotlight-est-a-400-de-reduction\/#primaryimage\"},\"thumbnailUrl\":\"https:\/\/vieassociative.be\/actualites\/wp-content\/uploads\/2024\/11\/La-camera-de-securite-Arlo-Pro-5S-Spotlight-est-a.png\",\"keywords\":[\"Arlo\",\"cam\u00e9ra\",\"est\",\"Pro\",\"r\u00e9duction\",\"s\u00e9curit\u00e9\",\"Spotlight\"],\"articleSection\":[\"Technologie\"],\"inLanguage\":\"fr-BE\"},{\"@type\":\"WebPage\",\"@id\":\"https:\/\/vieassociative.be\/actualites\/la-camera-de-securite-arlo-pro-5s-spotlight-est-a-400-de-reduction\/\",\"url\":\"https:\/\/vieassociative.be\/actualites\/la-camera-de-securite-arlo-pro-5s-spotlight-est-a-400-de-reduction\/\",\"name\":\"La cam\u00e9ra de s\u00e9curit\u00e9 Arlo Pro 5S Spotlight est \u00e0 400 $ de r\u00e9duction | Vie Associative\",\"isPartOf\":{\"@id\":\"https:\/\/vieassociative.be\/actualites\/#website\"},\"primaryImageOfPage\":{\"@id\":\"https:\/\/vieassociative.be\/actualites\/la-camera-de-securite-arlo-pro-5s-spotlight-est-a-400-de-reduction\/#primaryimage\"},\"image\":{\"@id\":\"https:\/\/vieassociative.be\/actualites\/la-camera-de-securite-arlo-pro-5s-spotlight-est-a-400-de-reduction\/#primaryimage\"},\"thumbnailUrl\":\"https:\/\/vieassociative.be\/actualites\/wp-content\/uploads\/2024\/11\/La-camera-de-securite-Arlo-Pro-5S-Spotlight-est-a.png\",\"datePublished\":\"2024-11-04T13:17:18+00:00\",\"dateModified\":\"2024-11-04T13:17:18+00:00\",\"breadcrumb\":{\"@id\":\"https:\/\/vieassociative.be\/actualites\/la-camera-de-securite-arlo-pro-5s-spotlight-est-a-400-de-reduction\/#breadcrumb\"},\"inLanguage\":\"fr-BE\",\"potentialAction\":[{\"@type\":\"ReadAction\",\"target\":[\"https:\/\/vieassociative.be\/actualites\/la-camera-de-securite-arlo-pro-5s-spotlight-est-a-400-de-reduction\/\"]}]},{\"@type\":\"ImageObject\",\"inLanguage\":\"fr-BE\",\"@id\":\"https:\/\/vieassociative.be\/actualites\/la-camera-de-securite-arlo-pro-5s-spotlight-est-a-400-de-reduction\/#primaryimage\",\"url\":\"https:\/\/vieassociative.be\/actualites\/wp-content\/uploads\/2024\/11\/La-camera-de-securite-Arlo-Pro-5S-Spotlight-est-a.png\",\"contentUrl\":\"https:\/\/vieassociative.be\/actualites\/wp-content\/uploads\/2024\/11\/La-camera-de-securite-Arlo-Pro-5S-Spotlight-est-a.png\",\"width\":1200,\"height\":675,\"caption\":\"La cam\u00e9ra de s\u00e9curit\u00e9 Arlo Pro 5S Spotlight est \u00e0 400 $ de r\u00e9duction\"},{\"@type\":\"BreadcrumbList\",\"@id\":\"https:\/\/vieassociative.be\/actualites\/la-camera-de-securite-arlo-pro-5s-spotlight-est-a-400-de-reduction\/#breadcrumb\",\"itemListElement\":[{\"@type\":\"ListItem\",\"position\":1,\"name\":\"Accueil\",\"item\":\"https:\/\/vieassociative.be\/actualites\/\"},{\"@type\":\"ListItem\",\"position\":2,\"name\":\"La cam\u00e9ra de s\u00e9curit\u00e9 Arlo Pro 5S Spotlight est \u00e0 400 $ de r\u00e9duction\"}]},{\"@type\":\"WebSite\",\"@id\":\"https:\/\/vieassociative.be\/actualites\/#website\",\"url\":\"https:\/\/vieassociative.be\/actualites\/\",\"name\":\"Vie Associative\",\"description\":\"\",\"publisher\":{\"@id\":\"https:\/\/vieassociative.be\/actualites\/#organization\"},\"potentialAction\":[{\"@type\":\"SearchAction\",\"target\":{\"@type\":\"EntryPoint\",\"urlTemplate\":\"https:\/\/vieassociative.be\/actualites\/?s={search_term_string}\"},\"query-input\":{\"@type\":\"PropertyValueSpecification\",\"valueRequired\":true,\"valueName\":\"search_term_string\"}}],\"inLanguage\":\"fr-BE\"},{\"@type\":\"Organization\",\"@id\":\"https:\/\/vieassociative.be\/actualites\/#organization\",\"name\":\"Vie Associative\",\"url\":\"https:\/\/vieassociative.be\/actualites\/\",\"logo\":{\"@type\":\"ImageObject\",\"inLanguage\":\"fr-BE\",\"@id\":\"https:\/\/vieassociative.be\/actualites\/#\/schema\/logo\/image\/\",\"url\":\"https:\/\/vieassociative.be\/actualites\/wp-content\/uploads\/2024\/09\/cropped-vieassociative_favicon.ico.png\",\"contentUrl\":\"https:\/\/vieassociative.be\/actualites\/wp-content\/uploads\/2024\/09\/cropped-vieassociative_favicon.ico.png\",\"width\":512,\"height\":512,\"caption\":\"Vie Associative\"},\"image\":{\"@id\":\"https:\/\/vieassociative.be\/actualites\/#\/schema\/logo\/image\/\"}},{\"@type\":\"Person\",\"@id\":\"https:\/\/vieassociative.be\/actualites\/#\/schema\/person\/b87ac4f82f9d4e7b7cec7395b679edc4\",\"name\":\"Julien\",\"image\":{\"@type\":\"ImageObject\",\"inLanguage\":\"fr-BE\",\"@id\":\"https:\/\/vieassociative.be\/actualites\/#\/schema\/person\/image\/\",\"url\":\"https:\/\/vieassociative.be\/actualites\/wp-content\/uploads\/2024\/09\/vie-associative-1-150x150.jpg\",\"contentUrl\":\"https:\/\/vieassociative.be\/actualites\/wp-content\/uploads\/2024\/09\/vie-associative-1-150x150.jpg\",\"caption\":\"Julien\"},\"description\":\"Je suis Julien, r\u00e9dacteur pour Vie Associative. Passionn\u00e9 par le monde associatif depuis plus de 10 ans, j'ai \u00e0 c\u0153ur de partager des histoires inspirantes et de mettre en lumi\u00e8re les initiatives locales. Mon objectif est de sensibiliser et d'encourager l'engagement communautaire \u00e0 travers mes articles.\",\"sameAs\":[\"https:\/\/vieassociative.be\/\"]}]}<\/script>\n<!-- \/ Yoast SEO plugin. -->","yoast_head_json":{"title":"La cam\u00e9ra de s\u00e9curit\u00e9 Arlo Pro 5S Spotlight est \u00e0 400 $ de r\u00e9duction | Vie Associative","robots":{"index":"index","follow":"follow","max-snippet":"max-snippet:-1","max-image-preview":"max-image-preview:large","max-video-preview":"max-video-preview:-1"},"canonical":"https:\/\/vieassociative.be\/actualites\/la-camera-de-securite-arlo-pro-5s-spotlight-est-a-400-de-reduction\/","og_locale":"fr_FR","og_type":"article","og_title":"La cam\u00e9ra de s\u00e9curit\u00e9 Arlo Pro 5S Spotlight est \u00e0 400 $ de r\u00e9duction | Vie Associative","og_description":"Le Pro 5S apporte des fonctionnalit\u00e9s haut de gamme, mais s&rsquo;accompagne \u00e9galement d&rsquo;un peu d&rsquo;engagement, \u00e0 la fois en termes de co\u00fbts initiaux et d&rsquo;abonnements","og_url":"https:\/\/vieassociative.be\/actualites\/la-camera-de-securite-arlo-pro-5s-spotlight-est-a-400-de-reduction\/","og_site_name":"Vie Associative","article_published_time":"2024-11-04T13:17:18+00:00","og_image":[{"width":279,"height":92,"url":"https:\/\/vieassociative.be\/actualites\/wp-content\/uploads\/2024\/09\/header_backgroundk-01-e1726694325946.png","type":"image\/png"}],"author":"Julien","twitter_card":"summary_large_image","twitter_misc":{"\u00c9crit par":"Julien","Dur\u00e9e de lecture est.":"3 minutes"},"schema":{"@context":"https:\/\/schema.org","@graph":[{"@type":"Article","@id":"https:\/\/vieassociative.be\/actualites\/la-camera-de-securite-arlo-pro-5s-spotlight-est-a-400-de-reduction\/#article","isPartOf":{"@id":"https:\/\/vieassociative.be\/actualites\/la-camera-de-securite-arlo-pro-5s-spotlight-est-a-400-de-reduction\/"},"author":{"name":"Julien","@id":"https:\/\/vieassociative.be\/actualites\/#\/schema\/person\/b87ac4f82f9d4e7b7cec7395b679edc4"},"headline":"La cam\u00e9ra de s\u00e9curit\u00e9 Arlo Pro 5S Spotlight est \u00e0 400 $ de r\u00e9duction","datePublished":"2024-11-04T13:17:18+00:00","dateModified":"2024-11-04T13:17:18+00:00","mainEntityOfPage":{"@id":"https:\/\/vieassociative.be\/actualites\/la-camera-de-securite-arlo-pro-5s-spotlight-est-a-400-de-reduction\/"},"wordCount":557,"publisher":{"@id":"https:\/\/vieassociative.be\/actualites\/#organization"},"image":{"@id":"https:\/\/vieassociative.be\/actualites\/la-camera-de-securite-arlo-pro-5s-spotlight-est-a-400-de-reduction\/#primaryimage"},"thumbnailUrl":"https:\/\/vieassociative.be\/actualites\/wp-content\/uploads\/2024\/11\/La-camera-de-securite-Arlo-Pro-5S-Spotlight-est-a.png","keywords":["Arlo","cam\u00e9ra","est","Pro","r\u00e9duction","s\u00e9curit\u00e9","Spotlight"],"articleSection":["Technologie"],"inLanguage":"fr-BE"},{"@type":"WebPage","@id":"https:\/\/vieassociative.be\/actualites\/la-camera-de-securite-arlo-pro-5s-spotlight-est-a-400-de-reduction\/","url":"https:\/\/vieassociative.be\/actualites\/la-camera-de-securite-arlo-pro-5s-spotlight-est-a-400-de-reduction\/","name":"La cam\u00e9ra de s\u00e9curit\u00e9 Arlo Pro 5S Spotlight est \u00e0 400 $ de r\u00e9duction | Vie Associative","isPartOf":{"@id":"https:\/\/vieassociative.be\/actualites\/#website"},"primaryImageOfPage":{"@id":"https:\/\/vieassociative.be\/actualites\/la-camera-de-securite-arlo-pro-5s-spotlight-est-a-400-de-reduction\/#primaryimage"},"image":{"@id":"https:\/\/vieassociative.be\/actualites\/la-camera-de-securite-arlo-pro-5s-spotlight-est-a-400-de-reduction\/#primaryimage"},"thumbnailUrl":"https:\/\/vieassociative.be\/actualites\/wp-content\/uploads\/2024\/11\/La-camera-de-securite-Arlo-Pro-5S-Spotlight-est-a.png","datePublished":"2024-11-04T13:17:18+00:00","dateModified":"2024-11-04T13:17:18+00:00","breadcrumb":{"@id":"https:\/\/vieassociative.be\/actualites\/la-camera-de-securite-arlo-pro-5s-spotlight-est-a-400-de-reduction\/#breadcrumb"},"inLanguage":"fr-BE","potentialAction":[{"@type":"ReadAction","target":["https:\/\/vieassociative.be\/actualites\/la-camera-de-securite-arlo-pro-5s-spotlight-est-a-400-de-reduction\/"]}]},{"@type":"ImageObject","inLanguage":"fr-BE","@id":"https:\/\/vieassociative.be\/actualites\/la-camera-de-securite-arlo-pro-5s-spotlight-est-a-400-de-reduction\/#primaryimage","url":"https:\/\/vieassociative.be\/actualites\/wp-content\/uploads\/2024\/11\/La-camera-de-securite-Arlo-Pro-5S-Spotlight-est-a.png","contentUrl":"https:\/\/vieassociative.be\/actualites\/wp-content\/uploads\/2024\/11\/La-camera-de-securite-Arlo-Pro-5S-Spotlight-est-a.png","width":1200,"height":675,"caption":"La cam\u00e9ra de s\u00e9curit\u00e9 Arlo Pro 5S Spotlight est \u00e0 400 $ de r\u00e9duction"},{"@type":"BreadcrumbList","@id":"https:\/\/vieassociative.be\/actualites\/la-camera-de-securite-arlo-pro-5s-spotlight-est-a-400-de-reduction\/#breadcrumb","itemListElement":[{"@type":"ListItem","position":1,"name":"Accueil","item":"https:\/\/vieassociative.be\/actualites\/"},{"@type":"ListItem","position":2,"name":"La cam\u00e9ra de s\u00e9curit\u00e9 Arlo Pro 5S Spotlight est \u00e0 400 $ de r\u00e9duction"}]},{"@type":"WebSite","@id":"https:\/\/vieassociative.be\/actualites\/#website","url":"https:\/\/vieassociative.be\/actualites\/","name":"Vie Associative","description":"","publisher":{"@id":"https:\/\/vieassociative.be\/actualites\/#organization"},"potentialAction":[{"@type":"SearchAction","target":{"@type":"EntryPoint","urlTemplate":"https:\/\/vieassociative.be\/actualites\/?s={search_term_string}"},"query-input":{"@type":"PropertyValueSpecification","valueRequired":true,"valueName":"search_term_string"}}],"inLanguage":"fr-BE"},{"@type":"Organization","@id":"https:\/\/vieassociative.be\/actualites\/#organization","name":"Vie Associative","url":"https:\/\/vieassociative.be\/actualites\/","logo":{"@type":"ImageObject","inLanguage":"fr-BE","@id":"https:\/\/vieassociative.be\/actualites\/#\/schema\/logo\/image\/","url":"https:\/\/vieassociative.be\/actualites\/wp-content\/uploads\/2024\/09\/cropped-vieassociative_favicon.ico.png","contentUrl":"https:\/\/vieassociative.be\/actualites\/wp-content\/uploads\/2024\/09\/cropped-vieassociative_favicon.ico.png","width":512,"height":512,"caption":"Vie Associative"},"image":{"@id":"https:\/\/vieassociative.be\/actualites\/#\/schema\/logo\/image\/"}},{"@type":"Person","@id":"https:\/\/vieassociative.be\/actualites\/#\/schema\/person\/b87ac4f82f9d4e7b7cec7395b679edc4","name":"Julien","image":{"@type":"ImageObject","inLanguage":"fr-BE","@id":"https:\/\/vieassociative.be\/actualites\/#\/schema\/person\/image\/","url":"https:\/\/vieassociative.be\/actualites\/wp-content\/uploads\/2024\/09\/vie-associative-1-150x150.jpg","contentUrl":"https:\/\/vieassociative.be\/actualites\/wp-content\/uploads\/2024\/09\/vie-associative-1-150x150.jpg","caption":"Julien"},"description":"Je suis Julien, r\u00e9dacteur pour Vie Associative. Passionn\u00e9 par le monde associatif depuis plus de 10 ans, j'ai \u00e0 c\u0153ur de partager des histoires inspirantes et de mettre en lumi\u00e8re les initiatives locales. Mon objectif est de sensibiliser et d'encourager l'engagement communautaire \u00e0 travers mes articles.","sameAs":["https:\/\/vieassociative.be\/"]}]}},"_links":{"self":[{"href":"https:\/\/vieassociative.be\/actualites\/wp-json\/wp\/v2\/posts\/2019"}],"collection":[{"href":"https:\/\/vieassociative.be\/actualites\/wp-json\/wp\/v2\/posts"}],"about":[{"href":"https:\/\/vieassociative.be\/actualites\/wp-json\/wp\/v2\/types\/post"}],"author":[{"embeddable":true,"href":"https:\/\/vieassociative.be\/actualites\/wp-json\/wp\/v2\/users\/1"}],"replies":[{"embeddable":true,"href":"https:\/\/vieassociative.be\/actualites\/wp-json\/wp\/v2\/comments?post=2019"}],"version-history":[{"count":0,"href":"https:\/\/vieassociative.be\/actualites\/wp-json\/wp\/v2\/posts\/2019\/revisions"}],"wp:featuredmedia":[{"embeddable":true,"href":"https:\/\/vieassociative.be\/actualites\/wp-json\/wp\/v2\/media\/2020"}],"wp:attachment":[{"href":"https:\/\/vieassociative.be\/actualites\/wp-json\/wp\/v2\/media?parent=2019"}],"wp:term":[{"taxonomy":"category","embeddable":true,"href":"https:\/\/vieassociative.be\/actualites\/wp-json\/wp\/v2\/categories?post=2019"},{"taxonomy":"post_tag","embeddable":true,"href":"https:\/\/vieassociative.be\/actualites\/wp-json\/wp\/v2\/tags?post=2019"}],"curies":[{"name":"wp","href":"https:\/\/api.w.org\/{rel}","templated":true}]}}