{"id":2011,"date":"2024-11-04T09:18:41","date_gmt":"2024-11-04T08:18:41","guid":{"rendered":"https:\/\/vieassociative.be\/actualites\/kukuk-en-course-pour-le-prix-allemand-de-lengagement\/"},"modified":"2024-11-04T09:18:41","modified_gmt":"2024-11-04T08:18:41","slug":"kukuk-en-course-pour-le-prix-allemand-de-lengagement","status":"publish","type":"post","link":"https:\/\/vieassociative.be\/actualites\/kukuk-en-course-pour-le-prix-allemand-de-lengagement\/","title":{"rendered":"Kukuk en course pour le prix allemand de l&rsquo;engagement"},"content":{"rendered":"<p><strong>L&rsquo;association culturelle germano-belge KuKuK a \u00e9t\u00e9 nomin\u00e9e pour le Prix allemand de l&rsquo;engagement. Pour recevoir ce prix tant convoit\u00e9 d&rsquo;une valeur de 10 000 euros, \u00ab\u00a0nous avons d\u00e9sormais besoin du soutien de nombreuses personnes de la r\u00e9gion\u00a0\u00bb, ont d\u00e9clar\u00e9 Monika Lang et Annette Wollny, \u00e0 l&rsquo;origine du dossier de candidature de l&rsquo;association.<\/strong><\/p>\n<p><span id=\"more-400936\"><\/span>Le prix du public de la Fondation allemande pour l&rsquo;engagement et le volontariat (DSEE) est d\u00e9cern\u00e9 chaque ann\u00e9e lors d&rsquo;un vote en ligne (voir lien ci-dessous). Les laur\u00e9ats des prix d&rsquo;engagement de toute l&rsquo;Allemagne sont nomin\u00e9s. Le KuKuK a re\u00e7u le prix du jury du Land de Rh\u00e9nanie du Nord-Westphalie en 2023. D\u00e9sormais, chaque vote compte lors de la \u00ab finale \u00bb nationale jusqu\u2019au 17 novembre.<\/p>\n<p>\u00ab KuKuK \u00bb signifie \u00ab l&rsquo;art et la culture dans votre t\u00eate \u00bb. L&rsquo;association culturelle se compose de deux associations, d&rsquo;une part la KuKuK VoG belge et d&rsquo;autre part la KuKuK eV allemande.<\/p>\n<div id=\"attachment_400949\" class=\"wp-caption alignleft\" style=\"max-width: 300px\"><img fetchpriority=\"high\" decoding=\"async\" class=\"wp-image-400949 size-medium\" src=\"https:\/\/vieassociative.be\/actualites\/wp-content\/uploads\/2024\/11\/Kukuk-en-course-pour-le-prix-allemand-de-lengagement.jpg\" alt=\"\" width=\"300\" height=\"225\"><\/p>\n<p class=\"wp-caption-text\">En 2023, le KuKuK a re\u00e7u le prix du jury du Land de Rh\u00e9nanie du Nord-Westphalie, d\u00e9cern\u00e9 par le Premier ministre Hendrik W\u00fcst (au centre de la photo).<\/p>\n<\/div>\n<p>L&rsquo;association a \u00e9t\u00e9 fond\u00e9e en 2000. Les financements Interreg ont permis \u00e0 l&rsquo;association de se professionnaliser de 2009 \u00e0 2012. Gr\u00e2ce au financement Interreg, les deux anciennes maisons frontali\u00e8res ont pu, entre autres, \u00eatre r\u00e9nov\u00e9es. Le caf\u00e9, g\u00e9n\u00e9ralement ouvert du vendredi au dimanche et les jours f\u00e9ri\u00e9s, proposait des animations.<\/p>\n<p>Les deux sites du club, deux anciens postes de douane de chaque c\u00f4t\u00e9 de la fronti\u00e8re, se trouvent au K\u00f6pfchen, au poste fronti\u00e8re entre Raeren et Aix-la-Chapelle. Les douaniers y ont effectu\u00e9 leur travail quotidien jusqu&rsquo;en 1995. Au d\u00e9but des ann\u00e9es 1990, apr\u00e8s l\u2019ouverture de la fronti\u00e8re, les bureaux de douane ont \u00e9t\u00e9 abandonn\u00e9s ou laiss\u00e9s \u00e0 l\u2019abandon.<\/p>\n<p>Gr\u00e2ce au soutien de la commune de Raeren, des artistes et des acteurs culturels ont pu sauver de la d\u00e9molition en 2002 le petit kiosque de contr\u00f4le d&rsquo;identit\u00e9 belge, joyau architectural des ann\u00e9es 1950. D&rsquo;une part, il a \u00e9t\u00e9 pr\u00e9serv\u00e9 en tant que t\u00e9moin contemporain, d&rsquo;autre part, il a re\u00e7u une nouvelle vocation en tant qu&rsquo;espace d&rsquo;art et de culture. Aujourd&rsquo;hui, des ateliers d&rsquo;artistes ont lieu ici plusieurs fois par an.<\/p>\n<div id=\"attachment_58760\" class=\"wp-caption alignleft\" style=\"max-width: 300px\"><img decoding=\"async\" class=\"wp-image-58760 size-medium\" src=\"https:\/\/vieassociative.be\/actualites\/wp-content\/uploads\/2024\/11\/1730708321_482_Kukuk-en-course-pour-le-prix-allemand-de-lengagement.jpg\" alt=\"\" width=\"300\" height=\"225\"  ><\/p>\n<p class=\"wp-caption-text\">Le caf\u00e9 situ\u00e9 dans l&rsquo;ancien b\u00e2timent des douanes allemandes, avec sa terrasse, est un lieu d&rsquo;excursion appr\u00e9ci\u00e9, surtout en \u00e9t\u00e9.<\/p>\n<\/div>\n<p>En 2008, le club allemand a acquis le grand b\u00e2timent allemand en brique et l&rsquo;a transform\u00e9 en un centre culturel attrayant avec un caf\u00e9. Le lieu dont le but \u00e9tait de s\u00e9parer les gens les uns des autres est aujourd&rsquo;hui un lieu o\u00f9 l&rsquo;on aime se retrouver et passer du temps.<\/p>\n<p>Si le KuKuK arrive en t\u00eate lors de la c\u00e9r\u00e9monie de remise des prix \u00e0 Berlin le 9 d\u00e9cembre, il devrait esp\u00e9rer remporter un prix de 10 000 euros. De l&rsquo;argent que l&rsquo;association, active au-del\u00e0 des fronti\u00e8res depuis plus de vingt ans, pourrait utiliser pour son programme culturel et \u00e9ducatif diversifi\u00e9.<\/p>\n<p>\u00ab Le Prix allemand de l\u2019engagement est la r\u00e9compense la plus importante pour l\u2019engagement civique en Allemagne. Remettre ce prix \u00e0 Aix-la-Chapelle serait motivant et reconnaissant non seulement pour les b\u00e9n\u00e9voles du KuKuK, mais aussi pour toutes les personnes qui travaillent b\u00e9n\u00e9volement dans les associations et les initiatives de la r\u00e9gion\u00a0\u00bb, d\u00e9clare le PDG Rolf Bergedieck, regardant avec espoir la derni\u00e8re vague de vote, au cours de laquelle tout le monde peut participer.<\/p>\n<p><em><strong>Le vote est possible apr\u00e8s une simple inscription via le lien suivant :<\/strong><\/em><\/p>\n<p><u>https:\/\/www.deutscher-engagementpreis.de\/publikumspreis<\/u><\/p>\n<p><em><strong>Plus d&rsquo;informations sur<\/strong><\/em> <u>www.kukukanderborder.eu<\/u><\/p>\n","protected":false},"excerpt":{"rendered":"<p>L&rsquo;association culturelle germano-belge KuKuK a \u00e9t\u00e9 nomin\u00e9e pour le Prix allemand de l&rsquo;engagement. Pour recevoir ce prix tant convoit\u00e9 d&rsquo;une valeur de 10 000 euros,<\/p>\n","protected":false},"author":1,"featured_media":2012,"comment_status":"","ping_status":"","sticky":false,"template":"","format":"standard","meta":{"footnotes":""},"categories":[298],"tags":[2732,2731,2733,81,1399],"class_list":["post-2011","post","type-post","status-publish","format-standard","has-post-thumbnail","hentry","category-belgique","tag-allemand","tag-kukuk","tag-lengagement","tag-pour","tag-prix","generate-columns","tablet-grid-50","mobile-grid-100","grid-parent","grid-33"],"yoast_head":"<!-- This site is optimized with the Yoast SEO plugin v24.0 - https:\/\/yoast.com\/wordpress\/plugins\/seo\/ -->\n<title>Kukuk en course pour le prix allemand de l&#039;engagement | Vie Associative<\/title>\n<meta name=\"robots\" content=\"index, follow, max-snippet:-1, max-image-preview:large, max-video-preview:-1\" \/>\n<link rel=\"canonical\" href=\"https:\/\/vieassociative.be\/actualites\/kukuk-en-course-pour-le-prix-allemand-de-lengagement\/\" \/>\n<meta property=\"og:locale\" content=\"fr_FR\" \/>\n<meta property=\"og:type\" content=\"article\" \/>\n<meta property=\"og:title\" content=\"Kukuk en course pour le prix allemand de l&#039;engagement | Vie Associative\" \/>\n<meta property=\"og:description\" content=\"L&rsquo;association culturelle germano-belge KuKuK a \u00e9t\u00e9 nomin\u00e9e pour le Prix allemand de l&rsquo;engagement. Pour recevoir ce prix tant convoit\u00e9 d&rsquo;une valeur de 10 000 euros,\" \/>\n<meta property=\"og:url\" content=\"https:\/\/vieassociative.be\/actualites\/kukuk-en-course-pour-le-prix-allemand-de-lengagement\/\" \/>\n<meta property=\"og:site_name\" content=\"Vie Associative\" \/>\n<meta property=\"article:published_time\" content=\"2024-11-04T08:18:41+00:00\" \/>\n<meta property=\"og:image\" content=\"https:\/\/vieassociative.be\/actualites\/wp-content\/uploads\/2024\/11\/Kukuk-en-course-pour-le-prix-allemand-de-lengagement.jpg\" \/>\n<meta name=\"author\" content=\"Julien\" \/>\n<meta name=\"twitter:card\" content=\"summary_large_image\" \/>\n<meta name=\"twitter:label1\" content=\"\u00c9crit par\" \/>\n\t<meta name=\"twitter:data1\" content=\"Julien\" \/>\n\t<meta name=\"twitter:label2\" content=\"Dur\u00e9e de lecture est.\" \/>\n\t<meta name=\"twitter:data2\" content=\"3 minutes\" \/>\n<script type=\"application\/ld+json\" class=\"yoast-schema-graph\">{\"@context\":\"https:\/\/schema.org\",\"@graph\":[{\"@type\":\"Article\",\"@id\":\"https:\/\/vieassociative.be\/actualites\/kukuk-en-course-pour-le-prix-allemand-de-lengagement\/#article\",\"isPartOf\":{\"@id\":\"https:\/\/vieassociative.be\/actualites\/kukuk-en-course-pour-le-prix-allemand-de-lengagement\/\"},\"author\":{\"name\":\"Julien\",\"@id\":\"https:\/\/vieassociative.be\/actualites\/#\/schema\/person\/b87ac4f82f9d4e7b7cec7395b679edc4\"},\"headline\":\"Kukuk en course pour le prix allemand de l&rsquo;engagement\",\"datePublished\":\"2024-11-04T08:18:41+00:00\",\"dateModified\":\"2024-11-04T08:18:41+00:00\",\"mainEntityOfPage\":{\"@id\":\"https:\/\/vieassociative.be\/actualites\/kukuk-en-course-pour-le-prix-allemand-de-lengagement\/\"},\"wordCount\":654,\"publisher\":{\"@id\":\"https:\/\/vieassociative.be\/actualites\/#organization\"},\"image\":{\"@id\":\"https:\/\/vieassociative.be\/actualites\/kukuk-en-course-pour-le-prix-allemand-de-lengagement\/#primaryimage\"},\"thumbnailUrl\":\"https:\/\/vieassociative.be\/actualites\/wp-content\/uploads\/2024\/11\/1730708321_Kukuk-en-course-pour-le-prix-allemand-de-lengagement.jpg\",\"keywords\":[\"allemand\",\"Kukuk\",\"lengagement\",\"pour\",\"prix\"],\"articleSection\":[\"Belgique\"],\"inLanguage\":\"fr-BE\"},{\"@type\":\"WebPage\",\"@id\":\"https:\/\/vieassociative.be\/actualites\/kukuk-en-course-pour-le-prix-allemand-de-lengagement\/\",\"url\":\"https:\/\/vieassociative.be\/actualites\/kukuk-en-course-pour-le-prix-allemand-de-lengagement\/\",\"name\":\"Kukuk en course pour le prix allemand de l'engagement | Vie Associative\",\"isPartOf\":{\"@id\":\"https:\/\/vieassociative.be\/actualites\/#website\"},\"primaryImageOfPage\":{\"@id\":\"https:\/\/vieassociative.be\/actualites\/kukuk-en-course-pour-le-prix-allemand-de-lengagement\/#primaryimage\"},\"image\":{\"@id\":\"https:\/\/vieassociative.be\/actualites\/kukuk-en-course-pour-le-prix-allemand-de-lengagement\/#primaryimage\"},\"thumbnailUrl\":\"https:\/\/vieassociative.be\/actualites\/wp-content\/uploads\/2024\/11\/1730708321_Kukuk-en-course-pour-le-prix-allemand-de-lengagement.jpg\",\"datePublished\":\"2024-11-04T08:18:41+00:00\",\"dateModified\":\"2024-11-04T08:18:41+00:00\",\"breadcrumb\":{\"@id\":\"https:\/\/vieassociative.be\/actualites\/kukuk-en-course-pour-le-prix-allemand-de-lengagement\/#breadcrumb\"},\"inLanguage\":\"fr-BE\",\"potentialAction\":[{\"@type\":\"ReadAction\",\"target\":[\"https:\/\/vieassociative.be\/actualites\/kukuk-en-course-pour-le-prix-allemand-de-lengagement\/\"]}]},{\"@type\":\"ImageObject\",\"inLanguage\":\"fr-BE\",\"@id\":\"https:\/\/vieassociative.be\/actualites\/kukuk-en-course-pour-le-prix-allemand-de-lengagement\/#primaryimage\",\"url\":\"https:\/\/vieassociative.be\/actualites\/wp-content\/uploads\/2024\/11\/1730708321_Kukuk-en-course-pour-le-prix-allemand-de-lengagement.jpg\",\"contentUrl\":\"https:\/\/vieassociative.be\/actualites\/wp-content\/uploads\/2024\/11\/1730708321_Kukuk-en-course-pour-le-prix-allemand-de-lengagement.jpg\",\"width\":900,\"height\":506,\"caption\":\"Kukuk en course pour le prix allemand de l'engagement\"},{\"@type\":\"BreadcrumbList\",\"@id\":\"https:\/\/vieassociative.be\/actualites\/kukuk-en-course-pour-le-prix-allemand-de-lengagement\/#breadcrumb\",\"itemListElement\":[{\"@type\":\"ListItem\",\"position\":1,\"name\":\"Accueil\",\"item\":\"https:\/\/vieassociative.be\/actualites\/\"},{\"@type\":\"ListItem\",\"position\":2,\"name\":\"Kukuk en course pour le prix allemand de l&rsquo;engagement\"}]},{\"@type\":\"WebSite\",\"@id\":\"https:\/\/vieassociative.be\/actualites\/#website\",\"url\":\"https:\/\/vieassociative.be\/actualites\/\",\"name\":\"Vie Associative\",\"description\":\"\",\"publisher\":{\"@id\":\"https:\/\/vieassociative.be\/actualites\/#organization\"},\"potentialAction\":[{\"@type\":\"SearchAction\",\"target\":{\"@type\":\"EntryPoint\",\"urlTemplate\":\"https:\/\/vieassociative.be\/actualites\/?s={search_term_string}\"},\"query-input\":{\"@type\":\"PropertyValueSpecification\",\"valueRequired\":true,\"valueName\":\"search_term_string\"}}],\"inLanguage\":\"fr-BE\"},{\"@type\":\"Organization\",\"@id\":\"https:\/\/vieassociative.be\/actualites\/#organization\",\"name\":\"Vie Associative\",\"url\":\"https:\/\/vieassociative.be\/actualites\/\",\"logo\":{\"@type\":\"ImageObject\",\"inLanguage\":\"fr-BE\",\"@id\":\"https:\/\/vieassociative.be\/actualites\/#\/schema\/logo\/image\/\",\"url\":\"https:\/\/vieassociative.be\/actualites\/wp-content\/uploads\/2024\/09\/cropped-vieassociative_favicon.ico.png\",\"contentUrl\":\"https:\/\/vieassociative.be\/actualites\/wp-content\/uploads\/2024\/09\/cropped-vieassociative_favicon.ico.png\",\"width\":512,\"height\":512,\"caption\":\"Vie Associative\"},\"image\":{\"@id\":\"https:\/\/vieassociative.be\/actualites\/#\/schema\/logo\/image\/\"}},{\"@type\":\"Person\",\"@id\":\"https:\/\/vieassociative.be\/actualites\/#\/schema\/person\/b87ac4f82f9d4e7b7cec7395b679edc4\",\"name\":\"Julien\",\"image\":{\"@type\":\"ImageObject\",\"inLanguage\":\"fr-BE\",\"@id\":\"https:\/\/vieassociative.be\/actualites\/#\/schema\/person\/image\/\",\"url\":\"https:\/\/vieassociative.be\/actualites\/wp-content\/uploads\/2024\/09\/vie-associative-1-150x150.jpg\",\"contentUrl\":\"https:\/\/vieassociative.be\/actualites\/wp-content\/uploads\/2024\/09\/vie-associative-1-150x150.jpg\",\"caption\":\"Julien\"},\"description\":\"Je suis Julien, r\u00e9dacteur pour Vie Associative. Passionn\u00e9 par le monde associatif depuis plus de 10 ans, j'ai \u00e0 c\u0153ur de partager des histoires inspirantes et de mettre en lumi\u00e8re les initiatives locales. Mon objectif est de sensibiliser et d'encourager l'engagement communautaire \u00e0 travers mes articles.\",\"sameAs\":[\"https:\/\/vieassociative.be\/\"]}]}<\/script>\n<!-- \/ Yoast SEO plugin. -->","yoast_head_json":{"title":"Kukuk en course pour le prix allemand de l'engagement | Vie Associative","robots":{"index":"index","follow":"follow","max-snippet":"max-snippet:-1","max-image-preview":"max-image-preview:large","max-video-preview":"max-video-preview:-1"},"canonical":"https:\/\/vieassociative.be\/actualites\/kukuk-en-course-pour-le-prix-allemand-de-lengagement\/","og_locale":"fr_FR","og_type":"article","og_title":"Kukuk en course pour le prix allemand de l'engagement | Vie Associative","og_description":"L&rsquo;association culturelle germano-belge KuKuK a \u00e9t\u00e9 nomin\u00e9e pour le Prix allemand de l&rsquo;engagement. Pour recevoir ce prix tant convoit\u00e9 d&rsquo;une valeur de 10 000 euros,","og_url":"https:\/\/vieassociative.be\/actualites\/kukuk-en-course-pour-le-prix-allemand-de-lengagement\/","og_site_name":"Vie Associative","article_published_time":"2024-11-04T08:18:41+00:00","og_image":[{"url":"https:\/\/vieassociative.be\/actualites\/wp-content\/uploads\/2024\/11\/Kukuk-en-course-pour-le-prix-allemand-de-lengagement.jpg","type":"","width":"","height":""}],"author":"Julien","twitter_card":"summary_large_image","twitter_misc":{"\u00c9crit par":"Julien","Dur\u00e9e de lecture est.":"3 minutes"},"schema":{"@context":"https:\/\/schema.org","@graph":[{"@type":"Article","@id":"https:\/\/vieassociative.be\/actualites\/kukuk-en-course-pour-le-prix-allemand-de-lengagement\/#article","isPartOf":{"@id":"https:\/\/vieassociative.be\/actualites\/kukuk-en-course-pour-le-prix-allemand-de-lengagement\/"},"author":{"name":"Julien","@id":"https:\/\/vieassociative.be\/actualites\/#\/schema\/person\/b87ac4f82f9d4e7b7cec7395b679edc4"},"headline":"Kukuk en course pour le prix allemand de l&rsquo;engagement","datePublished":"2024-11-04T08:18:41+00:00","dateModified":"2024-11-04T08:18:41+00:00","mainEntityOfPage":{"@id":"https:\/\/vieassociative.be\/actualites\/kukuk-en-course-pour-le-prix-allemand-de-lengagement\/"},"wordCount":654,"publisher":{"@id":"https:\/\/vieassociative.be\/actualites\/#organization"},"image":{"@id":"https:\/\/vieassociative.be\/actualites\/kukuk-en-course-pour-le-prix-allemand-de-lengagement\/#primaryimage"},"thumbnailUrl":"https:\/\/vieassociative.be\/actualites\/wp-content\/uploads\/2024\/11\/1730708321_Kukuk-en-course-pour-le-prix-allemand-de-lengagement.jpg","keywords":["allemand","Kukuk","lengagement","pour","prix"],"articleSection":["Belgique"],"inLanguage":"fr-BE"},{"@type":"WebPage","@id":"https:\/\/vieassociative.be\/actualites\/kukuk-en-course-pour-le-prix-allemand-de-lengagement\/","url":"https:\/\/vieassociative.be\/actualites\/kukuk-en-course-pour-le-prix-allemand-de-lengagement\/","name":"Kukuk en course pour le prix allemand de l'engagement | Vie Associative","isPartOf":{"@id":"https:\/\/vieassociative.be\/actualites\/#website"},"primaryImageOfPage":{"@id":"https:\/\/vieassociative.be\/actualites\/kukuk-en-course-pour-le-prix-allemand-de-lengagement\/#primaryimage"},"image":{"@id":"https:\/\/vieassociative.be\/actualites\/kukuk-en-course-pour-le-prix-allemand-de-lengagement\/#primaryimage"},"thumbnailUrl":"https:\/\/vieassociative.be\/actualites\/wp-content\/uploads\/2024\/11\/1730708321_Kukuk-en-course-pour-le-prix-allemand-de-lengagement.jpg","datePublished":"2024-11-04T08:18:41+00:00","dateModified":"2024-11-04T08:18:41+00:00","breadcrumb":{"@id":"https:\/\/vieassociative.be\/actualites\/kukuk-en-course-pour-le-prix-allemand-de-lengagement\/#breadcrumb"},"inLanguage":"fr-BE","potentialAction":[{"@type":"ReadAction","target":["https:\/\/vieassociative.be\/actualites\/kukuk-en-course-pour-le-prix-allemand-de-lengagement\/"]}]},{"@type":"ImageObject","inLanguage":"fr-BE","@id":"https:\/\/vieassociative.be\/actualites\/kukuk-en-course-pour-le-prix-allemand-de-lengagement\/#primaryimage","url":"https:\/\/vieassociative.be\/actualites\/wp-content\/uploads\/2024\/11\/1730708321_Kukuk-en-course-pour-le-prix-allemand-de-lengagement.jpg","contentUrl":"https:\/\/vieassociative.be\/actualites\/wp-content\/uploads\/2024\/11\/1730708321_Kukuk-en-course-pour-le-prix-allemand-de-lengagement.jpg","width":900,"height":506,"caption":"Kukuk en course pour le prix allemand de l'engagement"},{"@type":"BreadcrumbList","@id":"https:\/\/vieassociative.be\/actualites\/kukuk-en-course-pour-le-prix-allemand-de-lengagement\/#breadcrumb","itemListElement":[{"@type":"ListItem","position":1,"name":"Accueil","item":"https:\/\/vieassociative.be\/actualites\/"},{"@type":"ListItem","position":2,"name":"Kukuk en course pour le prix allemand de l&rsquo;engagement"}]},{"@type":"WebSite","@id":"https:\/\/vieassociative.be\/actualites\/#website","url":"https:\/\/vieassociative.be\/actualites\/","name":"Vie Associative","description":"","publisher":{"@id":"https:\/\/vieassociative.be\/actualites\/#organization"},"potentialAction":[{"@type":"SearchAction","target":{"@type":"EntryPoint","urlTemplate":"https:\/\/vieassociative.be\/actualites\/?s={search_term_string}"},"query-input":{"@type":"PropertyValueSpecification","valueRequired":true,"valueName":"search_term_string"}}],"inLanguage":"fr-BE"},{"@type":"Organization","@id":"https:\/\/vieassociative.be\/actualites\/#organization","name":"Vie Associative","url":"https:\/\/vieassociative.be\/actualites\/","logo":{"@type":"ImageObject","inLanguage":"fr-BE","@id":"https:\/\/vieassociative.be\/actualites\/#\/schema\/logo\/image\/","url":"https:\/\/vieassociative.be\/actualites\/wp-content\/uploads\/2024\/09\/cropped-vieassociative_favicon.ico.png","contentUrl":"https:\/\/vieassociative.be\/actualites\/wp-content\/uploads\/2024\/09\/cropped-vieassociative_favicon.ico.png","width":512,"height":512,"caption":"Vie Associative"},"image":{"@id":"https:\/\/vieassociative.be\/actualites\/#\/schema\/logo\/image\/"}},{"@type":"Person","@id":"https:\/\/vieassociative.be\/actualites\/#\/schema\/person\/b87ac4f82f9d4e7b7cec7395b679edc4","name":"Julien","image":{"@type":"ImageObject","inLanguage":"fr-BE","@id":"https:\/\/vieassociative.be\/actualites\/#\/schema\/person\/image\/","url":"https:\/\/vieassociative.be\/actualites\/wp-content\/uploads\/2024\/09\/vie-associative-1-150x150.jpg","contentUrl":"https:\/\/vieassociative.be\/actualites\/wp-content\/uploads\/2024\/09\/vie-associative-1-150x150.jpg","caption":"Julien"},"description":"Je suis Julien, r\u00e9dacteur pour Vie Associative. Passionn\u00e9 par le monde associatif depuis plus de 10 ans, j'ai \u00e0 c\u0153ur de partager des histoires inspirantes et de mettre en lumi\u00e8re les initiatives locales. Mon objectif est de sensibiliser et d'encourager l'engagement communautaire \u00e0 travers mes articles.","sameAs":["https:\/\/vieassociative.be\/"]}]}},"_links":{"self":[{"href":"https:\/\/vieassociative.be\/actualites\/wp-json\/wp\/v2\/posts\/2011"}],"collection":[{"href":"https:\/\/vieassociative.be\/actualites\/wp-json\/wp\/v2\/posts"}],"about":[{"href":"https:\/\/vieassociative.be\/actualites\/wp-json\/wp\/v2\/types\/post"}],"author":[{"embeddable":true,"href":"https:\/\/vieassociative.be\/actualites\/wp-json\/wp\/v2\/users\/1"}],"replies":[{"embeddable":true,"href":"https:\/\/vieassociative.be\/actualites\/wp-json\/wp\/v2\/comments?post=2011"}],"version-history":[{"count":0,"href":"https:\/\/vieassociative.be\/actualites\/wp-json\/wp\/v2\/posts\/2011\/revisions"}],"wp:featuredmedia":[{"embeddable":true,"href":"https:\/\/vieassociative.be\/actualites\/wp-json\/wp\/v2\/media\/2012"}],"wp:attachment":[{"href":"https:\/\/vieassociative.be\/actualites\/wp-json\/wp\/v2\/media?parent=2011"}],"wp:term":[{"taxonomy":"category","embeddable":true,"href":"https:\/\/vieassociative.be\/actualites\/wp-json\/wp\/v2\/categories?post=2011"},{"taxonomy":"post_tag","embeddable":true,"href":"https:\/\/vieassociative.be\/actualites\/wp-json\/wp\/v2\/tags?post=2011"}],"curies":[{"name":"wp","href":"https:\/\/api.w.org\/{rel}","templated":true}]}}