{"id":2009,"date":"2024-11-04T08:20:59","date_gmt":"2024-11-04T07:20:59","guid":{"rendered":"https:\/\/vieassociative.be\/actualites\/ma-fonctionnalite-apple-intelligence-preferee-est-la-gestion-des-notifications\/"},"modified":"2024-11-04T08:20:59","modified_gmt":"2024-11-04T07:20:59","slug":"ma-fonctionnalite-apple-intelligence-preferee-est-la-gestion-des-notifications","status":"publish","type":"post","link":"https:\/\/vieassociative.be\/actualites\/ma-fonctionnalite-apple-intelligence-preferee-est-la-gestion-des-notifications\/","title":{"rendered":"Ma fonctionnalit\u00e9 Apple Intelligence pr\u00e9f\u00e9r\u00e9e est la gestion des notifications"},"content":{"rendered":"<div class=\"mt-4 leading-6 md:mb-8\">Utilisez Apple Intelligence pour r\u00e9duire la surcharge de notifications.<\/div>\n<p><\/p>\n<p>iOS 18.1 et macOS 15.1 ont introduit un nouveau mode de mise au point appel\u00e9 R\u00e9duire les interruptions, qui vous permet d&rsquo;utiliser Apple Intelligence pour r\u00e9duire les distractions sans d\u00e9sactiver compl\u00e8tement les notifications. Cela a \u00e9t\u00e9 une bou\u00e9e de sauvetage pour mon flux de travail, car cela me permet de me concentrer sur l&rsquo;\u00e9criture tout en me montrant toutes les mises \u00e0 jour urgentes dont je pourrais avoir besoin imm\u00e9diatement. Si vous poss\u00e9dez un appareil compatible Apple Intelligence, comme un iPhone 15 Pro ou sup\u00e9rieur, voici comment configurer ce mode de mise au point \u00e0 votre guise. <\/p>\n<h2 id=\"how-to-enable-the-reduce-interruptions-focus-mode\">Comment activer le mode de mise au point R\u00e9duire les interruptions<\/h2>\n<p>Sur votre iPhone, acc\u00e9dez \u00e0 <strong>Param\u00e8tres> Focus> R\u00e9duire les interruptions<\/strong> pour commencer. Faites d\u00e9filer vers le bas pour configurer un calendrier ou un d\u00e9clencheur pour ce mode de mise au point. Je pr\u00e9f\u00e8re l&rsquo;activer automatiquement pendant mes heures de travail en semaine, mais vous pouvez le configurer comme vous le souhaitez. (Vous pouvez \u00e9galement l&rsquo;activer manuellement \u00e0 partir du contr\u00f4le du mode de mise au point dans le centre de contr\u00f4le.)<\/p>\n<p>Si vous \u00eates sur votre Mac, vous trouverez ce menu sous <strong>Param\u00e8tres syst\u00e8me > Focus > R\u00e9duire les interruptions<\/strong>.<\/p>\n<h2 id=\"customizing-reduce-interruptions-to-your-liking\">Personnalisation de R\u00e9duire les interruptions \u00e0 votre guise<\/h2>\n<div class=\"eloquent-imagery-image\">\n<div class=\"flex justify-center\">\n                    <img decoding=\"async\" class=\"border border-gray-100\" src=\"https:\/\/vieassociative.be\/actualites\/wp-content\/uploads\/2024\/11\/Ma-fonctionnalite-Apple-Intelligence-preferee-est-la-gestion-des-notifications.jpg\" alt=\"Deux captures d'\u00e9cran iPhone montrant les pages de param\u00e8tres pour configurer le mode de mise au point R\u00e9duire les interruptions.\" width=\"2000\" height=\"1125\" loading=\"lazy\"  >\n            <\/div>\n<\/p><\/div>\n<p>R\u00e9duire les interruptions active automatiquement Apple Intelligence <strong>Perc\u00e9e intelligente et r\u00e9duction du silence<\/strong> fonctionnalit\u00e9 (je n&rsquo;ai m\u00eame pas la possibilit\u00e9 de la d\u00e9sactiver ici), qui est ce que l&rsquo;IA d&rsquo;Apple utilise pour d\u00e9cider quelles notifications sont importantes et lesquelles ne le sont pas. C&rsquo;est un moyen astucieux d&rsquo;\u00eatre moins ping\u00e9, mais comme pour tout ce qui concerne l&rsquo;IA, le succ\u00e8s n&rsquo;est pas garanti.<\/p>\n<p>C&rsquo;est pourquoi vous pouvez \u00e9galement prendre quelques minutes pour configurer manuellement ce mode de mise au point, afin d&rsquo;aider un peu l&rsquo;IA. Aller \u00e0 <strong>Param\u00e8tres> Focus> R\u00e9duire les interruptions<\/strong> et s\u00e9lectionnez <strong>Possibilit\u00e9s<\/strong>. Vous pouvez d\u00e9sormais contr\u00f4ler les notifications que vous verrez lorsque ce mode Focus est activ\u00e9, ce qui remplacera l&rsquo;IA. J&rsquo;ai tout activ\u00e9 sur cette page et je l&rsquo;ai configur\u00e9 pour d\u00e9sactiver les notifications lorsque mon iPhone est verrouill\u00e9. De cette fa\u00e7on, tous les badges de notification sont masqu\u00e9s, les alertes sont envoy\u00e9es \u00e0 l&rsquo;\u00e9cran de verrouillage et l&rsquo;\u00e9cran de verrouillage est \u00e9galement gris\u00e9. Vous pouvez \u00e9galement revenir en arri\u00e8re d&rsquo;une page et choisir l&rsquo;apparence de votre \u00e9cran d&rsquo;accueil et de votre \u00e9cran de verrouillage lorsque R\u00e9duire les interruptions est activ\u00e9.<\/p>\n<p>Une fois cela fait, nous en sommes \u00e0 la derni\u00e8re \u00e9tape : d\u00e9cider quelles applications et quelles personnes sont autoris\u00e9es \u00e0 envoyer des alertes. Utilisez-le pour vous assurer de toujours voir les messages d&rsquo;une certaine application ou d&rsquo;une certaine personne lorsque ce mode est actif. S\u00e9lectionner <strong>Personnes<\/strong> pour configurer lesquels de vos contacts peuvent vous contacter lorsque R\u00e9duire les interruptions est activ\u00e9. Ensuite, allez au <strong>Applications<\/strong> et s\u00e9lectionnez les applications dont vous souhaitez autoriser les notifications lorsque vous \u00eates dans ce mode de mise au point. Pour simplifier les choses, je l&rsquo;ai configur\u00e9 pour laisser passer les notifications urgentes, mais rien d&rsquo;autre. Mon iPhone fait un tr\u00e8s bon travail pour d\u00e9cider quelles notifications sont urgentes, et cela me suffit. C&rsquo;est toute la configuration dont vous avez besoin. Vous devrez peut-\u00eatre modifier quelques options dans ce mode de mise au point de temps en temps, mais cela devrait suffire pour vous aider \u00e0 d\u00e9marrer.<\/p>\n<p>Il convient de noter que d&rsquo;autres modes de mise au point disposent d\u00e9sormais \u00e9galement de la bascule Intelligent Breakthrough &#038; Silencing, mais vous devrez l&rsquo;activer pour l&rsquo;utiliser avec eux. Il ne devrait pas \u00eatre activ\u00e9 automatiquement comme avec le mode R\u00e9duire les interruptions. Le limiter \u00e0 R\u00e9duire les interruptions est un bon moyen de pouvoir activer et d\u00e9sactiver le filtrage des notifications AI \u00e0 la vol\u00e9e.<\/p>\n","protected":false},"excerpt":{"rendered":"<p>Utilisez Apple Intelligence pour r\u00e9duire la surcharge de notifications. iOS 18.1 et macOS 15.1 ont introduit un nouveau mode de mise au point appel\u00e9 R\u00e9duire<\/p>\n","protected":false},"author":1,"featured_media":2010,"comment_status":"","ping_status":"","sticky":false,"template":"","format":"standard","meta":{"footnotes":""},"categories":[13],"tags":[54,29,76,1300,2730,591,2188,52],"class_list":["post-2009","post","type-post","status-publish","format-standard","has-post-thumbnail","hentry","category-technologie","tag-apple","tag-des","tag-est","tag-fonctionnalite","tag-gestion","tag-intelligence","tag-notifications","tag-preferee","generate-columns","tablet-grid-50","mobile-grid-100","grid-parent","grid-33"],"yoast_head":"<!-- This site is optimized with the Yoast SEO plugin v24.0 - https:\/\/yoast.com\/wordpress\/plugins\/seo\/ -->\n<title>Ma fonctionnalit\u00e9 Apple Intelligence pr\u00e9f\u00e9r\u00e9e est la gestion des notifications | Vie Associative<\/title>\n<meta name=\"robots\" content=\"index, follow, max-snippet:-1, max-image-preview:large, max-video-preview:-1\" \/>\n<link rel=\"canonical\" href=\"https:\/\/vieassociative.be\/actualites\/ma-fonctionnalite-apple-intelligence-preferee-est-la-gestion-des-notifications\/\" \/>\n<meta property=\"og:locale\" content=\"fr_FR\" \/>\n<meta property=\"og:type\" content=\"article\" \/>\n<meta property=\"og:title\" content=\"Ma fonctionnalit\u00e9 Apple Intelligence pr\u00e9f\u00e9r\u00e9e est la gestion des notifications | Vie Associative\" \/>\n<meta property=\"og:description\" content=\"Utilisez Apple Intelligence pour r\u00e9duire la surcharge de notifications. iOS 18.1 et macOS 15.1 ont introduit un nouveau mode de mise au point appel\u00e9 R\u00e9duire\" \/>\n<meta property=\"og:url\" content=\"https:\/\/vieassociative.be\/actualites\/ma-fonctionnalite-apple-intelligence-preferee-est-la-gestion-des-notifications\/\" \/>\n<meta property=\"og:site_name\" content=\"Vie Associative\" \/>\n<meta property=\"article:published_time\" content=\"2024-11-04T07:20:59+00:00\" \/>\n<meta property=\"og:image\" content=\"https:\/\/vieassociative.be\/actualites\/wp-content\/uploads\/2024\/11\/Ma-fonctionnalite-Apple-Intelligence-preferee-est-la-gestion-des-notifications.jpg\" \/>\n<meta name=\"author\" content=\"Julien\" \/>\n<meta name=\"twitter:card\" content=\"summary_large_image\" \/>\n<meta name=\"twitter:label1\" content=\"\u00c9crit par\" \/>\n\t<meta name=\"twitter:data1\" content=\"Julien\" \/>\n\t<meta name=\"twitter:label2\" content=\"Dur\u00e9e de lecture est.\" \/>\n\t<meta name=\"twitter:data2\" content=\"3 minutes\" \/>\n<script type=\"application\/ld+json\" class=\"yoast-schema-graph\">{\"@context\":\"https:\/\/schema.org\",\"@graph\":[{\"@type\":\"Article\",\"@id\":\"https:\/\/vieassociative.be\/actualites\/ma-fonctionnalite-apple-intelligence-preferee-est-la-gestion-des-notifications\/#article\",\"isPartOf\":{\"@id\":\"https:\/\/vieassociative.be\/actualites\/ma-fonctionnalite-apple-intelligence-preferee-est-la-gestion-des-notifications\/\"},\"author\":{\"name\":\"Julien\",\"@id\":\"https:\/\/vieassociative.be\/actualites\/#\/schema\/person\/b87ac4f82f9d4e7b7cec7395b679edc4\"},\"headline\":\"Ma fonctionnalit\u00e9 Apple Intelligence pr\u00e9f\u00e9r\u00e9e est la gestion des notifications\",\"datePublished\":\"2024-11-04T07:20:59+00:00\",\"dateModified\":\"2024-11-04T07:20:59+00:00\",\"mainEntityOfPage\":{\"@id\":\"https:\/\/vieassociative.be\/actualites\/ma-fonctionnalite-apple-intelligence-preferee-est-la-gestion-des-notifications\/\"},\"wordCount\":700,\"publisher\":{\"@id\":\"https:\/\/vieassociative.be\/actualites\/#organization\"},\"image\":{\"@id\":\"https:\/\/vieassociative.be\/actualites\/ma-fonctionnalite-apple-intelligence-preferee-est-la-gestion-des-notifications\/#primaryimage\"},\"thumbnailUrl\":\"https:\/\/vieassociative.be\/actualites\/wp-content\/uploads\/2024\/11\/1730704860_Ma-fonctionnalite-Apple-Intelligence-preferee-est-la-gestion-des-notifications.jpg\",\"keywords\":[\"Apple\",\"Des\",\"est\",\"fonctionnalit\u00e9\",\"gestion\",\"Intelligence\",\"notifications\",\"pr\u00e9f\u00e9r\u00e9e\"],\"articleSection\":[\"Technologie\"],\"inLanguage\":\"fr-BE\"},{\"@type\":\"WebPage\",\"@id\":\"https:\/\/vieassociative.be\/actualites\/ma-fonctionnalite-apple-intelligence-preferee-est-la-gestion-des-notifications\/\",\"url\":\"https:\/\/vieassociative.be\/actualites\/ma-fonctionnalite-apple-intelligence-preferee-est-la-gestion-des-notifications\/\",\"name\":\"Ma fonctionnalit\u00e9 Apple Intelligence pr\u00e9f\u00e9r\u00e9e est la gestion des notifications | Vie Associative\",\"isPartOf\":{\"@id\":\"https:\/\/vieassociative.be\/actualites\/#website\"},\"primaryImageOfPage\":{\"@id\":\"https:\/\/vieassociative.be\/actualites\/ma-fonctionnalite-apple-intelligence-preferee-est-la-gestion-des-notifications\/#primaryimage\"},\"image\":{\"@id\":\"https:\/\/vieassociative.be\/actualites\/ma-fonctionnalite-apple-intelligence-preferee-est-la-gestion-des-notifications\/#primaryimage\"},\"thumbnailUrl\":\"https:\/\/vieassociative.be\/actualites\/wp-content\/uploads\/2024\/11\/1730704860_Ma-fonctionnalite-Apple-Intelligence-preferee-est-la-gestion-des-notifications.jpg\",\"datePublished\":\"2024-11-04T07:20:59+00:00\",\"dateModified\":\"2024-11-04T07:20:59+00:00\",\"breadcrumb\":{\"@id\":\"https:\/\/vieassociative.be\/actualites\/ma-fonctionnalite-apple-intelligence-preferee-est-la-gestion-des-notifications\/#breadcrumb\"},\"inLanguage\":\"fr-BE\",\"potentialAction\":[{\"@type\":\"ReadAction\",\"target\":[\"https:\/\/vieassociative.be\/actualites\/ma-fonctionnalite-apple-intelligence-preferee-est-la-gestion-des-notifications\/\"]}]},{\"@type\":\"ImageObject\",\"inLanguage\":\"fr-BE\",\"@id\":\"https:\/\/vieassociative.be\/actualites\/ma-fonctionnalite-apple-intelligence-preferee-est-la-gestion-des-notifications\/#primaryimage\",\"url\":\"https:\/\/vieassociative.be\/actualites\/wp-content\/uploads\/2024\/11\/1730704860_Ma-fonctionnalite-Apple-Intelligence-preferee-est-la-gestion-des-notifications.jpg\",\"contentUrl\":\"https:\/\/vieassociative.be\/actualites\/wp-content\/uploads\/2024\/11\/1730704860_Ma-fonctionnalite-Apple-Intelligence-preferee-est-la-gestion-des-notifications.jpg\",\"width\":1200,\"height\":675,\"caption\":\"Ma fonctionnalit\u00e9 Apple Intelligence pr\u00e9f\u00e9r\u00e9e est la gestion des notifications\"},{\"@type\":\"BreadcrumbList\",\"@id\":\"https:\/\/vieassociative.be\/actualites\/ma-fonctionnalite-apple-intelligence-preferee-est-la-gestion-des-notifications\/#breadcrumb\",\"itemListElement\":[{\"@type\":\"ListItem\",\"position\":1,\"name\":\"Accueil\",\"item\":\"https:\/\/vieassociative.be\/actualites\/\"},{\"@type\":\"ListItem\",\"position\":2,\"name\":\"Ma fonctionnalit\u00e9 Apple Intelligence pr\u00e9f\u00e9r\u00e9e est la gestion des notifications\"}]},{\"@type\":\"WebSite\",\"@id\":\"https:\/\/vieassociative.be\/actualites\/#website\",\"url\":\"https:\/\/vieassociative.be\/actualites\/\",\"name\":\"Vie Associative\",\"description\":\"\",\"publisher\":{\"@id\":\"https:\/\/vieassociative.be\/actualites\/#organization\"},\"potentialAction\":[{\"@type\":\"SearchAction\",\"target\":{\"@type\":\"EntryPoint\",\"urlTemplate\":\"https:\/\/vieassociative.be\/actualites\/?s={search_term_string}\"},\"query-input\":{\"@type\":\"PropertyValueSpecification\",\"valueRequired\":true,\"valueName\":\"search_term_string\"}}],\"inLanguage\":\"fr-BE\"},{\"@type\":\"Organization\",\"@id\":\"https:\/\/vieassociative.be\/actualites\/#organization\",\"name\":\"Vie Associative\",\"url\":\"https:\/\/vieassociative.be\/actualites\/\",\"logo\":{\"@type\":\"ImageObject\",\"inLanguage\":\"fr-BE\",\"@id\":\"https:\/\/vieassociative.be\/actualites\/#\/schema\/logo\/image\/\",\"url\":\"https:\/\/vieassociative.be\/actualites\/wp-content\/uploads\/2024\/09\/cropped-vieassociative_favicon.ico.png\",\"contentUrl\":\"https:\/\/vieassociative.be\/actualites\/wp-content\/uploads\/2024\/09\/cropped-vieassociative_favicon.ico.png\",\"width\":512,\"height\":512,\"caption\":\"Vie Associative\"},\"image\":{\"@id\":\"https:\/\/vieassociative.be\/actualites\/#\/schema\/logo\/image\/\"}},{\"@type\":\"Person\",\"@id\":\"https:\/\/vieassociative.be\/actualites\/#\/schema\/person\/b87ac4f82f9d4e7b7cec7395b679edc4\",\"name\":\"Julien\",\"image\":{\"@type\":\"ImageObject\",\"inLanguage\":\"fr-BE\",\"@id\":\"https:\/\/vieassociative.be\/actualites\/#\/schema\/person\/image\/\",\"url\":\"https:\/\/vieassociative.be\/actualites\/wp-content\/uploads\/2024\/09\/vie-associative-1-150x150.jpg\",\"contentUrl\":\"https:\/\/vieassociative.be\/actualites\/wp-content\/uploads\/2024\/09\/vie-associative-1-150x150.jpg\",\"caption\":\"Julien\"},\"description\":\"Je suis Julien, r\u00e9dacteur pour Vie Associative. Passionn\u00e9 par le monde associatif depuis plus de 10 ans, j'ai \u00e0 c\u0153ur de partager des histoires inspirantes et de mettre en lumi\u00e8re les initiatives locales. Mon objectif est de sensibiliser et d'encourager l'engagement communautaire \u00e0 travers mes articles.\",\"sameAs\":[\"https:\/\/vieassociative.be\/\"]}]}<\/script>\n<!-- \/ Yoast SEO plugin. -->","yoast_head_json":{"title":"Ma fonctionnalit\u00e9 Apple Intelligence pr\u00e9f\u00e9r\u00e9e est la gestion des notifications | Vie Associative","robots":{"index":"index","follow":"follow","max-snippet":"max-snippet:-1","max-image-preview":"max-image-preview:large","max-video-preview":"max-video-preview:-1"},"canonical":"https:\/\/vieassociative.be\/actualites\/ma-fonctionnalite-apple-intelligence-preferee-est-la-gestion-des-notifications\/","og_locale":"fr_FR","og_type":"article","og_title":"Ma fonctionnalit\u00e9 Apple Intelligence pr\u00e9f\u00e9r\u00e9e est la gestion des notifications | Vie Associative","og_description":"Utilisez Apple Intelligence pour r\u00e9duire la surcharge de notifications. iOS 18.1 et macOS 15.1 ont introduit un nouveau mode de mise au point appel\u00e9 R\u00e9duire","og_url":"https:\/\/vieassociative.be\/actualites\/ma-fonctionnalite-apple-intelligence-preferee-est-la-gestion-des-notifications\/","og_site_name":"Vie Associative","article_published_time":"2024-11-04T07:20:59+00:00","og_image":[{"url":"https:\/\/vieassociative.be\/actualites\/wp-content\/uploads\/2024\/11\/Ma-fonctionnalite-Apple-Intelligence-preferee-est-la-gestion-des-notifications.jpg","type":"","width":"","height":""}],"author":"Julien","twitter_card":"summary_large_image","twitter_misc":{"\u00c9crit par":"Julien","Dur\u00e9e de lecture est.":"3 minutes"},"schema":{"@context":"https:\/\/schema.org","@graph":[{"@type":"Article","@id":"https:\/\/vieassociative.be\/actualites\/ma-fonctionnalite-apple-intelligence-preferee-est-la-gestion-des-notifications\/#article","isPartOf":{"@id":"https:\/\/vieassociative.be\/actualites\/ma-fonctionnalite-apple-intelligence-preferee-est-la-gestion-des-notifications\/"},"author":{"name":"Julien","@id":"https:\/\/vieassociative.be\/actualites\/#\/schema\/person\/b87ac4f82f9d4e7b7cec7395b679edc4"},"headline":"Ma fonctionnalit\u00e9 Apple Intelligence pr\u00e9f\u00e9r\u00e9e est la gestion des notifications","datePublished":"2024-11-04T07:20:59+00:00","dateModified":"2024-11-04T07:20:59+00:00","mainEntityOfPage":{"@id":"https:\/\/vieassociative.be\/actualites\/ma-fonctionnalite-apple-intelligence-preferee-est-la-gestion-des-notifications\/"},"wordCount":700,"publisher":{"@id":"https:\/\/vieassociative.be\/actualites\/#organization"},"image":{"@id":"https:\/\/vieassociative.be\/actualites\/ma-fonctionnalite-apple-intelligence-preferee-est-la-gestion-des-notifications\/#primaryimage"},"thumbnailUrl":"https:\/\/vieassociative.be\/actualites\/wp-content\/uploads\/2024\/11\/1730704860_Ma-fonctionnalite-Apple-Intelligence-preferee-est-la-gestion-des-notifications.jpg","keywords":["Apple","Des","est","fonctionnalit\u00e9","gestion","Intelligence","notifications","pr\u00e9f\u00e9r\u00e9e"],"articleSection":["Technologie"],"inLanguage":"fr-BE"},{"@type":"WebPage","@id":"https:\/\/vieassociative.be\/actualites\/ma-fonctionnalite-apple-intelligence-preferee-est-la-gestion-des-notifications\/","url":"https:\/\/vieassociative.be\/actualites\/ma-fonctionnalite-apple-intelligence-preferee-est-la-gestion-des-notifications\/","name":"Ma fonctionnalit\u00e9 Apple Intelligence pr\u00e9f\u00e9r\u00e9e est la gestion des notifications | Vie Associative","isPartOf":{"@id":"https:\/\/vieassociative.be\/actualites\/#website"},"primaryImageOfPage":{"@id":"https:\/\/vieassociative.be\/actualites\/ma-fonctionnalite-apple-intelligence-preferee-est-la-gestion-des-notifications\/#primaryimage"},"image":{"@id":"https:\/\/vieassociative.be\/actualites\/ma-fonctionnalite-apple-intelligence-preferee-est-la-gestion-des-notifications\/#primaryimage"},"thumbnailUrl":"https:\/\/vieassociative.be\/actualites\/wp-content\/uploads\/2024\/11\/1730704860_Ma-fonctionnalite-Apple-Intelligence-preferee-est-la-gestion-des-notifications.jpg","datePublished":"2024-11-04T07:20:59+00:00","dateModified":"2024-11-04T07:20:59+00:00","breadcrumb":{"@id":"https:\/\/vieassociative.be\/actualites\/ma-fonctionnalite-apple-intelligence-preferee-est-la-gestion-des-notifications\/#breadcrumb"},"inLanguage":"fr-BE","potentialAction":[{"@type":"ReadAction","target":["https:\/\/vieassociative.be\/actualites\/ma-fonctionnalite-apple-intelligence-preferee-est-la-gestion-des-notifications\/"]}]},{"@type":"ImageObject","inLanguage":"fr-BE","@id":"https:\/\/vieassociative.be\/actualites\/ma-fonctionnalite-apple-intelligence-preferee-est-la-gestion-des-notifications\/#primaryimage","url":"https:\/\/vieassociative.be\/actualites\/wp-content\/uploads\/2024\/11\/1730704860_Ma-fonctionnalite-Apple-Intelligence-preferee-est-la-gestion-des-notifications.jpg","contentUrl":"https:\/\/vieassociative.be\/actualites\/wp-content\/uploads\/2024\/11\/1730704860_Ma-fonctionnalite-Apple-Intelligence-preferee-est-la-gestion-des-notifications.jpg","width":1200,"height":675,"caption":"Ma fonctionnalit\u00e9 Apple Intelligence pr\u00e9f\u00e9r\u00e9e est la gestion des notifications"},{"@type":"BreadcrumbList","@id":"https:\/\/vieassociative.be\/actualites\/ma-fonctionnalite-apple-intelligence-preferee-est-la-gestion-des-notifications\/#breadcrumb","itemListElement":[{"@type":"ListItem","position":1,"name":"Accueil","item":"https:\/\/vieassociative.be\/actualites\/"},{"@type":"ListItem","position":2,"name":"Ma fonctionnalit\u00e9 Apple Intelligence pr\u00e9f\u00e9r\u00e9e est la gestion des notifications"}]},{"@type":"WebSite","@id":"https:\/\/vieassociative.be\/actualites\/#website","url":"https:\/\/vieassociative.be\/actualites\/","name":"Vie Associative","description":"","publisher":{"@id":"https:\/\/vieassociative.be\/actualites\/#organization"},"potentialAction":[{"@type":"SearchAction","target":{"@type":"EntryPoint","urlTemplate":"https:\/\/vieassociative.be\/actualites\/?s={search_term_string}"},"query-input":{"@type":"PropertyValueSpecification","valueRequired":true,"valueName":"search_term_string"}}],"inLanguage":"fr-BE"},{"@type":"Organization","@id":"https:\/\/vieassociative.be\/actualites\/#organization","name":"Vie Associative","url":"https:\/\/vieassociative.be\/actualites\/","logo":{"@type":"ImageObject","inLanguage":"fr-BE","@id":"https:\/\/vieassociative.be\/actualites\/#\/schema\/logo\/image\/","url":"https:\/\/vieassociative.be\/actualites\/wp-content\/uploads\/2024\/09\/cropped-vieassociative_favicon.ico.png","contentUrl":"https:\/\/vieassociative.be\/actualites\/wp-content\/uploads\/2024\/09\/cropped-vieassociative_favicon.ico.png","width":512,"height":512,"caption":"Vie Associative"},"image":{"@id":"https:\/\/vieassociative.be\/actualites\/#\/schema\/logo\/image\/"}},{"@type":"Person","@id":"https:\/\/vieassociative.be\/actualites\/#\/schema\/person\/b87ac4f82f9d4e7b7cec7395b679edc4","name":"Julien","image":{"@type":"ImageObject","inLanguage":"fr-BE","@id":"https:\/\/vieassociative.be\/actualites\/#\/schema\/person\/image\/","url":"https:\/\/vieassociative.be\/actualites\/wp-content\/uploads\/2024\/09\/vie-associative-1-150x150.jpg","contentUrl":"https:\/\/vieassociative.be\/actualites\/wp-content\/uploads\/2024\/09\/vie-associative-1-150x150.jpg","caption":"Julien"},"description":"Je suis Julien, r\u00e9dacteur pour Vie Associative. Passionn\u00e9 par le monde associatif depuis plus de 10 ans, j'ai \u00e0 c\u0153ur de partager des histoires inspirantes et de mettre en lumi\u00e8re les initiatives locales. Mon objectif est de sensibiliser et d'encourager l'engagement communautaire \u00e0 travers mes articles.","sameAs":["https:\/\/vieassociative.be\/"]}]}},"_links":{"self":[{"href":"https:\/\/vieassociative.be\/actualites\/wp-json\/wp\/v2\/posts\/2009"}],"collection":[{"href":"https:\/\/vieassociative.be\/actualites\/wp-json\/wp\/v2\/posts"}],"about":[{"href":"https:\/\/vieassociative.be\/actualites\/wp-json\/wp\/v2\/types\/post"}],"author":[{"embeddable":true,"href":"https:\/\/vieassociative.be\/actualites\/wp-json\/wp\/v2\/users\/1"}],"replies":[{"embeddable":true,"href":"https:\/\/vieassociative.be\/actualites\/wp-json\/wp\/v2\/comments?post=2009"}],"version-history":[{"count":0,"href":"https:\/\/vieassociative.be\/actualites\/wp-json\/wp\/v2\/posts\/2009\/revisions"}],"wp:featuredmedia":[{"embeddable":true,"href":"https:\/\/vieassociative.be\/actualites\/wp-json\/wp\/v2\/media\/2010"}],"wp:attachment":[{"href":"https:\/\/vieassociative.be\/actualites\/wp-json\/wp\/v2\/media?parent=2009"}],"wp:term":[{"taxonomy":"category","embeddable":true,"href":"https:\/\/vieassociative.be\/actualites\/wp-json\/wp\/v2\/categories?post=2009"},{"taxonomy":"post_tag","embeddable":true,"href":"https:\/\/vieassociative.be\/actualites\/wp-json\/wp\/v2\/tags?post=2009"}],"curies":[{"name":"wp","href":"https:\/\/api.w.org\/{rel}","templated":true}]}}