{"id":1987,"date":"2024-11-03T18:24:31","date_gmt":"2024-11-03T17:24:31","guid":{"rendered":"https:\/\/vieassociative.be\/actualites\/apprenez-a-votre-adolescent-a-commencer-a-cuisiner-avec-ces-idees-de-repas-faciles\/"},"modified":"2024-11-03T18:24:31","modified_gmt":"2024-11-03T17:24:31","slug":"apprenez-a-votre-adolescent-a-commencer-a-cuisiner-avec-ces-idees-de-repas-faciles","status":"publish","type":"post","link":"https:\/\/vieassociative.be\/actualites\/apprenez-a-votre-adolescent-a-commencer-a-cuisiner-avec-ces-idees-de-repas-faciles\/","title":{"rendered":"Apprenez \u00e0 votre adolescent \u00e0 commencer \u00e0 cuisiner avec ces id\u00e9es de repas faciles"},"content":{"rendered":"<div class=\"mt-4 leading-6 md:mb-8\">S&rsquo;ils sont assez vieux pour voler vos d\u00e9jeuners, ils sont assez vieux pour en pr\u00e9parer quelques-uns pour eux-m\u00eames.<\/div>\n<p><\/p>\n<p>Quelque chose de merveilleux s&rsquo;est produit r\u00e9cemment : mon fils adolescent a vol\u00e9 une partie de ma nourriture. Il est vorace, mais aussi pr\u00e9venant. Alors, quand j&rsquo;ai dit : \u00ab Tr\u00e8s bien, vous pouvez avoir un peu de mes restes de piment, mais vous devrez le remplacer \u00bb, il a accept\u00e9. Et c\u2019est ainsi qu\u2019il a commenc\u00e9 \u00e0 pr\u00e9parer (certains de) ses propres repas.<\/p>\n<p>Je me pr\u00e9pare g\u00e9n\u00e9ralement plusieurs d\u00e9jeuners le week-end pour les manger tout au long de la semaine. Nous avons ici un guide sur la pr\u00e9paration des repas, si vous souhaitez une introduction douce au sujet\u00a0; vous voudrez peut-\u00eatre m\u00eame envoyer ce lien \u00e0 l&rsquo;adolescent affam\u00e9 de votre vie. Alors, quand il a voulu un bol de mon chili et de mon riz, je lui ai appris \u00e0 pr\u00e9parer le sien. <\/p>\n<p>La pr\u00e9paration des repas est id\u00e9ale pour les adolescents affam\u00e9s. J&rsquo;ai \u00e9t\u00e9 choqu\u00e9 de d\u00e9couvrir que mon enfant \u00e9tait parfaitement heureux de manger de vrais repas, accompagn\u00e9s de l\u00e9gumes et de prot\u00e9ines, lorsqu&rsquo;ils \u00e9taient facilement disponibles. Au lieu de trouver des bols de c\u00e9r\u00e9ales \u00e0 moiti\u00e9 vides dans la maison, j\u2019ai commenc\u00e9 \u00e0 trouver des contenants de chili faits maison presque l\u00e9ch\u00e9s. (Nettoyer apr\u00e8s lui-m\u00eame est une comp\u00e9tence sur laquelle nous travaillons toujours.) L&rsquo;enfant et moi avons pris soin de commencer \u00e0 \u00e9tiqueter nos pr\u00e9parations de repas respectives avec nos noms, et jusqu&rsquo;\u00e0 pr\u00e9sent, la paix a r\u00e9gn\u00e9 dans notre foyer. <\/p>\n<h2 id=\"start-with-mac-and-cheese\">Commencez par du macaroni au fromage<\/h2>\n<p>Je suis presque s\u00fbr que le premier plat que j\u2019ai pr\u00e9par\u00e9 sur une cuisini\u00e8re \u00e9tait un macaroni au fromage en bo\u00eete. C&rsquo;est un excellent point de d\u00e9part pour les enfants, avant m\u00eame qu&rsquo;ils n&rsquo;atteignent l&rsquo;adolescence\u00a0: apprenez-leur \u00e0 remplir la casserole d&rsquo;eau, \u00e0 allumer le feu, \u00e0 attendre qu&rsquo;elle bout, \u00e0 y jeter les macaronis. <em>mais pas le paquet de fromage<\/em>et r\u00e9glez une minuterie pour qu&rsquo;ils ne cuisent pas trop les p\u00e2tes. Une fois qu&rsquo;ils ont compris cela, vous pouvez m\u00eame les encourager \u00e0 am\u00e9liorer leur macaroni au fromage avec de la viande, des l\u00e9gumes, des assaisonnements et des sauces plus douces.<\/p>\n<h2 id=\"combine-pasta-and-sauce\">M\u00e9langer les p\u00e2tes et la sauce<\/h2>\n<p>Voici une chose int\u00e9ressante \u00e0 propos des enfants qui savent comment pr\u00e9parer des macaronis au fromage \u00e0 partir d&rsquo;une bo\u00eete\u00a0: <em>Ils savent aussi cuisiner des p\u00e2tes<\/em>. Des p\u00e2tes et un pot de sauce constituent un repas complet, et la sauce est m\u00eame compos\u00e9e de l\u00e9gumes. Apprenez-leur \u00e0 r\u00e9chauffer des boulettes de viande surgel\u00e9es achet\u00e9es en magasin ou, mieux encore, \u00e0 en pr\u00e9parer ensemble une grande quantit\u00e9.<\/p>\n<h2 id=\"get-them-to-work-the-rice-cooker\">Faites-leur travailler le cuiseur \u00e0 riz<\/h2>\n<p>Bien qu&rsquo;il ne soit pas si difficile de faire du riz sur la cuisini\u00e8re, je dois admettre qu&rsquo;un cuiseur \u00e0 riz est plus pratique. Personnellement, j&rsquo;\u00e9tais trop fier pour acheter un cuiseur \u00e0 riz jusqu&rsquo;\u00e0 ce que j&rsquo;aie un adolescent affam\u00e9 (j&rsquo;ai fait cuire du riz sur un putain de <em>feu de camp<\/em> sans br\u00fbler le fond, merci beaucoup) mais maintenant que j&rsquo;en ai un, je l&rsquo;utilise tout le temps. <\/p>\n<p>Apprenez \u00e0 l&rsquo;enfant comment remplir correctement la machine et l&rsquo;allumer, et il sera op\u00e9rationnel. Si vous achetez actuellement du riz un petit sac \u00e0 la fois, d\u00e9couvrez quel type ils pr\u00e9f\u00e8rent et procurez-vous un de ces sacs g\u00e9ants.<\/p>\n<h2 id=\"teach-them-about-chili-from-cans\">Apprenez-leur le chili en conserve<\/h2>\n<p>C\u2019est l\u00e0 que la premi\u00e8re v\u00e9ritable pr\u00e9paration de repas de mon fils a commenc\u00e9. C\u2019est ma pr\u00e9paration de repas la plus paresseuse et la plus simple, et elle est incroyablement compl\u00e8te sur le plan nutritionnel. J&#8217;emballe un r\u00e9cipient \u00e0 soupe d&rsquo;une pinte \u00e0 moiti\u00e9 rempli de riz et remplis le reste de piment. C&rsquo;est une recette si simple que m\u00eame un enfant peut la r\u00e9aliser. <\/p>\n<ul>\n<li>\n<p>Commencez un lot de riz dans le cuiseur \u00e0 riz, suffisamment pour faire cuire 4 tasses.<\/p>\n<\/li>\n<li>\n<p>Faites dorer une livre de b\u0153uf hach\u00e9 ou de dinde hach\u00e9e dans une po\u00eale.<\/p>\n<\/li>\n<li>\n<p>Ajoutez une quantit\u00e9 appropri\u00e9e d&rsquo;assaisonnement pour chili du commerce (ou un \u00e9quivalent fait maison, si vous en avez envie).<\/p>\n<\/li>\n<li>\n<p>Versez-les dans une bo\u00eete de 14 onces de haricots noirs \u00e9goutt\u00e9s.<\/p>\n<\/li>\n<li>\n<p>Verser dans une bo\u00eete de 14 onces de (<em>pas vid\u00e9<\/em>) tomates en d\u00e9s.<\/p>\n<\/li>\n<li>\n<p>R\u00e9partissez le riz puis le piment dans quatre r\u00e9cipients. <\/p>\n<\/li>\n<\/ul>\n<p>En prime, la premi\u00e8re fois que vous faites cela peut aussi constituer un divertissement pour vous : nous avons eu tout un moment Bean Dad lorsque j&rsquo;ai r\u00e9alis\u00e9 que mon enfant n&rsquo;avait aucune id\u00e9e de comment faire fonctionner un ouvre-bo\u00eete. (Contrairement \u00e0 Bean Dad, je lui ai donn\u00e9 quelques indices et il a ouvert les bo\u00eetes de haricots et de tomates en quelques minutes.)<\/p>\n<h2 id=\"share-the-good-news-about-roasted-veggies\">Partagez la Bonne Nouvelle sur les l\u00e9gumes r\u00f4tis<\/h2>\n<p>Beaucoup d&rsquo;entre nous ont de mauvais souvenirs des l\u00e9gumes d\u00e9tremp\u00e9s de notre enfance et n&rsquo;apprennent qu&rsquo;\u00e0 l&rsquo;\u00e2ge adulte qu&rsquo;il existe des l\u00e9gumes d\u00e9tremp\u00e9s. <em>beaucoup<\/em> des fa\u00e7ons plus app\u00e9tissantes de consommer la mati\u00e8re v\u00e9g\u00e9tale. Et m\u00eame si votre propre enfant \u00e9tait pointilleux sur les l\u00e9gumes quand il \u00e9tait petit, il y a de fortes chances qu&rsquo;il soit pr\u00eat \u00e0 commencer \u00e0 go\u00fbter plus de l\u00e9gumes au m\u00eame moment o\u00f9 il commence \u00e0 inhaler tout le reste dans la cuisine. <\/p>\n<p>Alors apprenez-leur la fa\u00e7on la plus simple et la plus savoureuse de pr\u00e9parer des l\u00e9gumes\u00a0: <\/p>\n<ul>\n<li>\n<p>Pr\u00e9chauffer le four \u00e0 425 environ.<\/p>\n<\/li>\n<li>\n<p>Hachez ou lavez les l\u00e9gumes, si n\u00e9cessaire (vous pouvez raccourcir le processus en achetant un sac de brocoli surgel\u00e9, par exemple). Empilez-les sur une plaque \u00e0 p\u00e2tisserie.<\/p>\n<\/li>\n<li>\n<p>Arrosez-les g\u00e9n\u00e9reusement d&rsquo;huile, de sel et des assaisonnements de votre choix, puis m\u00e9langez pour r\u00e9partir. <\/p>\n<\/li>\n<li>\n<p>Cuire jusqu&rsquo;\u00e0 ce qu&rsquo;ils soient tendres au milieu et croustillants sur les bords\u00a0; nous avons un guide avec des horaires sp\u00e9cifiques ici.<\/p>\n<\/li>\n<\/ul>\n<p>Ces l\u00e9gumes peuvent \u00eatre combin\u00e9s avec n\u2019importe lequel des repas ci-dessus ou consomm\u00e9s seuls. Des l\u00e9gumes, du riz et une prot\u00e9ine de leur choix (nous en parlerons plus dans une seconde) constitueront une pr\u00e9paration de repas rapide et facile.<\/p>\n<h2 id=\"roast-a-chicken-or-chicken-parts\">R\u00f4tir un poulet ou des morceaux de poulet<\/h2>\n<p>Avant de commencer \u00e0 apprendre \u00e0 votre adolescent comment d\u00e9couper un oiseau cru, commencez par le produit final : achetez-lui un poulet r\u00f4ti. Ces oiseaux pr\u00e9cuits sont piquants et savoureux. Leur viande peut \u00eatre consomm\u00e9e fra\u00eeche, sans assaisonnement suppl\u00e9mentaire, et les restes sont facilement r\u00e2p\u00e9s ou hach\u00e9s. Donnez-leur un <em>entier<\/em> poulet r\u00f4ti. Ils seront ravis. Aidez-les ensuite \u00e0 emballer les restes (en supposant qu&rsquo;il y en ait) dans des contenants. Les morceaux de poulet sont d&rsquo;excellents ajouts \u00e0 un bol de riz et de l\u00e9gumes ou \u00e0 un plat de p\u00e2tes. <\/p>\n<p>Mais pourquoi s&rsquo;arr\u00eater l\u00e0 ? R\u00f4tir un poulet entier n\u2019est pas difficile du tout. Ma m\u00e9thode pr\u00e9f\u00e9r\u00e9e est de le badigeonner de beurre, de coller un thermom\u00e8tre \u00e0 lecture \u00e0 distance dans la poitrine et de l&rsquo;ignorer jusqu&rsquo;\u00e0 ce qu&rsquo;il soit cuit. Pour un plat plus rapide, emmenez votre enfant faire les courses et montrez-lui \u00e0 quel point les cuisses de poulet sont moins ch\u00e8res que presque toutes les autres viandes. Une po\u00eale de cuisses, assaisonn\u00e9e comme vous le souhaitez, peut constituer une pi\u00e8ce ma\u00eetresse de prot\u00e9ines bon march\u00e9 et facile pour une semaine de repas.<\/p>\n<h2 id=\"bake-a-cake-from-a-box\">Faire un g\u00e2teau dans une bo\u00eete<\/h2>\n<p>Apr\u00e8s tous ces repas savoureux et sains, que pensez-vous du dessert ? Les enfants apprennent souvent \u00e0 cuisiner avant de savoir cuisiner correctement, simplement parce que c&rsquo;est plus amusant. Apprenez \u00e0 votre adolescent \u00e0 pr\u00e9parer quelque chose s&rsquo;il ne le fait pas d\u00e9j\u00e0. S&rsquo;ils connaissent d\u00e9j\u00e0 l&rsquo;id\u00e9e de base, demandez <em>eux<\/em> marcher <em>toi<\/em> \u00e0 travers une recette, en vous assurant qu&rsquo;ils connaissent les \u00e9tapes que vous avez pu effectuer pour eux dans le pass\u00e9. Par exemple, o\u00f9 est rang\u00e9 le mixeur ou comment graisser une po\u00eale. <\/p>\n<p>Un m\u00e9lange en bo\u00eete est un point de d\u00e9part facile, mais c&rsquo;est une mise \u00e0 niveau facile \u00e0 partir de l\u00e0 vers une miche de pain aux bananes maison ou un lot de Snickerdoodles \u00e0 partir de z\u00e9ro. Et assurez-vous qu\u2019ils en partagent avec vous. Apr\u00e8s tout, vous leur avez appris.<\/p>\n","protected":false},"excerpt":{"rendered":"<p>S&rsquo;ils sont assez vieux pour voler vos d\u00e9jeuners, ils sont assez vieux pour en pr\u00e9parer quelques-uns pour eux-m\u00eames. Quelque chose de merveilleux s&rsquo;est produit r\u00e9cemment<\/p>\n","protected":false},"author":1,"featured_media":1988,"comment_status":"","ping_status":"","sticky":false,"template":"","format":"standard","meta":{"footnotes":""},"categories":[37],"tags":[2270,1825,61,248,1323,60,912,848,1330,8],"class_list":["post-1987","post","type-post","status-publish","format-standard","has-post-thumbnail","hentry","category-famille","tag-adolescent","tag-apprenez","tag-avec","tag-ces","tag-commencer","tag-cuisiner","tag-faciles","tag-idees","tag-repas","tag-votre","generate-columns","tablet-grid-50","mobile-grid-100","grid-parent","grid-33"],"yoast_head":"<!-- This site is optimized with the Yoast SEO plugin v24.0 - https:\/\/yoast.com\/wordpress\/plugins\/seo\/ -->\n<title>Apprenez \u00e0 votre adolescent \u00e0 commencer \u00e0 cuisiner avec ces id\u00e9es de repas faciles | Vie Associative<\/title>\n<meta name=\"robots\" content=\"index, follow, max-snippet:-1, max-image-preview:large, max-video-preview:-1\" \/>\n<link rel=\"canonical\" href=\"https:\/\/vieassociative.be\/actualites\/apprenez-a-votre-adolescent-a-commencer-a-cuisiner-avec-ces-idees-de-repas-faciles\/\" \/>\n<meta property=\"og:locale\" content=\"fr_FR\" \/>\n<meta property=\"og:type\" content=\"article\" \/>\n<meta property=\"og:title\" content=\"Apprenez \u00e0 votre adolescent \u00e0 commencer \u00e0 cuisiner avec ces id\u00e9es de repas faciles | Vie Associative\" \/>\n<meta property=\"og:description\" content=\"S&rsquo;ils sont assez vieux pour voler vos d\u00e9jeuners, ils sont assez vieux pour en pr\u00e9parer quelques-uns pour eux-m\u00eames. Quelque chose de merveilleux s&rsquo;est produit r\u00e9cemment\" \/>\n<meta property=\"og:url\" content=\"https:\/\/vieassociative.be\/actualites\/apprenez-a-votre-adolescent-a-commencer-a-cuisiner-avec-ces-idees-de-repas-faciles\/\" \/>\n<meta property=\"og:site_name\" content=\"Vie Associative\" \/>\n<meta property=\"article:published_time\" content=\"2024-11-03T17:24:31+00:00\" \/>\n<meta property=\"og:image\" content=\"https:\/\/vieassociative.be\/actualites\/wp-content\/uploads\/2024\/09\/header_backgroundk-01-e1726694325946.png\" \/>\n\t<meta property=\"og:image:width\" content=\"279\" \/>\n\t<meta property=\"og:image:height\" content=\"92\" \/>\n\t<meta property=\"og:image:type\" content=\"image\/png\" \/>\n<meta name=\"author\" content=\"Julien\" \/>\n<meta name=\"twitter:card\" content=\"summary_large_image\" \/>\n<meta name=\"twitter:label1\" content=\"\u00c9crit par\" \/>\n\t<meta name=\"twitter:data1\" content=\"Julien\" \/>\n\t<meta name=\"twitter:label2\" content=\"Dur\u00e9e de lecture est.\" \/>\n\t<meta name=\"twitter:data2\" content=\"7 minutes\" \/>\n<script type=\"application\/ld+json\" class=\"yoast-schema-graph\">{\"@context\":\"https:\/\/schema.org\",\"@graph\":[{\"@type\":\"Article\",\"@id\":\"https:\/\/vieassociative.be\/actualites\/apprenez-a-votre-adolescent-a-commencer-a-cuisiner-avec-ces-idees-de-repas-faciles\/#article\",\"isPartOf\":{\"@id\":\"https:\/\/vieassociative.be\/actualites\/apprenez-a-votre-adolescent-a-commencer-a-cuisiner-avec-ces-idees-de-repas-faciles\/\"},\"author\":{\"name\":\"Julien\",\"@id\":\"https:\/\/vieassociative.be\/actualites\/#\/schema\/person\/b87ac4f82f9d4e7b7cec7395b679edc4\"},\"headline\":\"Apprenez \u00e0 votre adolescent \u00e0 commencer \u00e0 cuisiner avec ces id\u00e9es de repas faciles\",\"datePublished\":\"2024-11-03T17:24:31+00:00\",\"dateModified\":\"2024-11-03T17:24:31+00:00\",\"mainEntityOfPage\":{\"@id\":\"https:\/\/vieassociative.be\/actualites\/apprenez-a-votre-adolescent-a-commencer-a-cuisiner-avec-ces-idees-de-repas-faciles\/\"},\"wordCount\":1487,\"publisher\":{\"@id\":\"https:\/\/vieassociative.be\/actualites\/#organization\"},\"image\":{\"@id\":\"https:\/\/vieassociative.be\/actualites\/apprenez-a-votre-adolescent-a-commencer-a-cuisiner-avec-ces-idees-de-repas-faciles\/#primaryimage\"},\"thumbnailUrl\":\"https:\/\/vieassociative.be\/actualites\/wp-content\/uploads\/2024\/11\/Apprenez-a-votre-adolescent-a-commencer-a-cuisiner-avec-ces.jpg\",\"keywords\":[\"adolescent\",\"Apprenez\",\"avec\",\"ces\",\"commencer\",\"cuisiner\",\"faciles\",\"id\u00e9es\",\"repas\",\"votre\"],\"articleSection\":[\"Famille\"],\"inLanguage\":\"fr-BE\"},{\"@type\":\"WebPage\",\"@id\":\"https:\/\/vieassociative.be\/actualites\/apprenez-a-votre-adolescent-a-commencer-a-cuisiner-avec-ces-idees-de-repas-faciles\/\",\"url\":\"https:\/\/vieassociative.be\/actualites\/apprenez-a-votre-adolescent-a-commencer-a-cuisiner-avec-ces-idees-de-repas-faciles\/\",\"name\":\"Apprenez \u00e0 votre adolescent \u00e0 commencer \u00e0 cuisiner avec ces id\u00e9es de repas faciles | Vie Associative\",\"isPartOf\":{\"@id\":\"https:\/\/vieassociative.be\/actualites\/#website\"},\"primaryImageOfPage\":{\"@id\":\"https:\/\/vieassociative.be\/actualites\/apprenez-a-votre-adolescent-a-commencer-a-cuisiner-avec-ces-idees-de-repas-faciles\/#primaryimage\"},\"image\":{\"@id\":\"https:\/\/vieassociative.be\/actualites\/apprenez-a-votre-adolescent-a-commencer-a-cuisiner-avec-ces-idees-de-repas-faciles\/#primaryimage\"},\"thumbnailUrl\":\"https:\/\/vieassociative.be\/actualites\/wp-content\/uploads\/2024\/11\/Apprenez-a-votre-adolescent-a-commencer-a-cuisiner-avec-ces.jpg\",\"datePublished\":\"2024-11-03T17:24:31+00:00\",\"dateModified\":\"2024-11-03T17:24:31+00:00\",\"breadcrumb\":{\"@id\":\"https:\/\/vieassociative.be\/actualites\/apprenez-a-votre-adolescent-a-commencer-a-cuisiner-avec-ces-idees-de-repas-faciles\/#breadcrumb\"},\"inLanguage\":\"fr-BE\",\"potentialAction\":[{\"@type\":\"ReadAction\",\"target\":[\"https:\/\/vieassociative.be\/actualites\/apprenez-a-votre-adolescent-a-commencer-a-cuisiner-avec-ces-idees-de-repas-faciles\/\"]}]},{\"@type\":\"ImageObject\",\"inLanguage\":\"fr-BE\",\"@id\":\"https:\/\/vieassociative.be\/actualites\/apprenez-a-votre-adolescent-a-commencer-a-cuisiner-avec-ces-idees-de-repas-faciles\/#primaryimage\",\"url\":\"https:\/\/vieassociative.be\/actualites\/wp-content\/uploads\/2024\/11\/Apprenez-a-votre-adolescent-a-commencer-a-cuisiner-avec-ces.jpg\",\"contentUrl\":\"https:\/\/vieassociative.be\/actualites\/wp-content\/uploads\/2024\/11\/Apprenez-a-votre-adolescent-a-commencer-a-cuisiner-avec-ces.jpg\",\"width\":1200,\"height\":675,\"caption\":\"Apprenez \u00e0 votre adolescent \u00e0 commencer \u00e0 cuisiner avec ces id\u00e9es de repas faciles\"},{\"@type\":\"BreadcrumbList\",\"@id\":\"https:\/\/vieassociative.be\/actualites\/apprenez-a-votre-adolescent-a-commencer-a-cuisiner-avec-ces-idees-de-repas-faciles\/#breadcrumb\",\"itemListElement\":[{\"@type\":\"ListItem\",\"position\":1,\"name\":\"Accueil\",\"item\":\"https:\/\/vieassociative.be\/actualites\/\"},{\"@type\":\"ListItem\",\"position\":2,\"name\":\"Apprenez \u00e0 votre adolescent \u00e0 commencer \u00e0 cuisiner avec ces id\u00e9es de repas faciles\"}]},{\"@type\":\"WebSite\",\"@id\":\"https:\/\/vieassociative.be\/actualites\/#website\",\"url\":\"https:\/\/vieassociative.be\/actualites\/\",\"name\":\"Vie Associative\",\"description\":\"\",\"publisher\":{\"@id\":\"https:\/\/vieassociative.be\/actualites\/#organization\"},\"potentialAction\":[{\"@type\":\"SearchAction\",\"target\":{\"@type\":\"EntryPoint\",\"urlTemplate\":\"https:\/\/vieassociative.be\/actualites\/?s={search_term_string}\"},\"query-input\":{\"@type\":\"PropertyValueSpecification\",\"valueRequired\":true,\"valueName\":\"search_term_string\"}}],\"inLanguage\":\"fr-BE\"},{\"@type\":\"Organization\",\"@id\":\"https:\/\/vieassociative.be\/actualites\/#organization\",\"name\":\"Vie Associative\",\"url\":\"https:\/\/vieassociative.be\/actualites\/\",\"logo\":{\"@type\":\"ImageObject\",\"inLanguage\":\"fr-BE\",\"@id\":\"https:\/\/vieassociative.be\/actualites\/#\/schema\/logo\/image\/\",\"url\":\"https:\/\/vieassociative.be\/actualites\/wp-content\/uploads\/2024\/09\/cropped-vieassociative_favicon.ico.png\",\"contentUrl\":\"https:\/\/vieassociative.be\/actualites\/wp-content\/uploads\/2024\/09\/cropped-vieassociative_favicon.ico.png\",\"width\":512,\"height\":512,\"caption\":\"Vie Associative\"},\"image\":{\"@id\":\"https:\/\/vieassociative.be\/actualites\/#\/schema\/logo\/image\/\"}},{\"@type\":\"Person\",\"@id\":\"https:\/\/vieassociative.be\/actualites\/#\/schema\/person\/b87ac4f82f9d4e7b7cec7395b679edc4\",\"name\":\"Julien\",\"image\":{\"@type\":\"ImageObject\",\"inLanguage\":\"fr-BE\",\"@id\":\"https:\/\/vieassociative.be\/actualites\/#\/schema\/person\/image\/\",\"url\":\"https:\/\/vieassociative.be\/actualites\/wp-content\/uploads\/2024\/09\/vie-associative-1-150x150.jpg\",\"contentUrl\":\"https:\/\/vieassociative.be\/actualites\/wp-content\/uploads\/2024\/09\/vie-associative-1-150x150.jpg\",\"caption\":\"Julien\"},\"description\":\"Je suis Julien, r\u00e9dacteur pour Vie Associative. Passionn\u00e9 par le monde associatif depuis plus de 10 ans, j'ai \u00e0 c\u0153ur de partager des histoires inspirantes et de mettre en lumi\u00e8re les initiatives locales. Mon objectif est de sensibiliser et d'encourager l'engagement communautaire \u00e0 travers mes articles.\",\"sameAs\":[\"https:\/\/vieassociative.be\/\"]}]}<\/script>\n<!-- \/ Yoast SEO plugin. -->","yoast_head_json":{"title":"Apprenez \u00e0 votre adolescent \u00e0 commencer \u00e0 cuisiner avec ces id\u00e9es de repas faciles | Vie Associative","robots":{"index":"index","follow":"follow","max-snippet":"max-snippet:-1","max-image-preview":"max-image-preview:large","max-video-preview":"max-video-preview:-1"},"canonical":"https:\/\/vieassociative.be\/actualites\/apprenez-a-votre-adolescent-a-commencer-a-cuisiner-avec-ces-idees-de-repas-faciles\/","og_locale":"fr_FR","og_type":"article","og_title":"Apprenez \u00e0 votre adolescent \u00e0 commencer \u00e0 cuisiner avec ces id\u00e9es de repas faciles | Vie Associative","og_description":"S&rsquo;ils sont assez vieux pour voler vos d\u00e9jeuners, ils sont assez vieux pour en pr\u00e9parer quelques-uns pour eux-m\u00eames. Quelque chose de merveilleux s&rsquo;est produit r\u00e9cemment","og_url":"https:\/\/vieassociative.be\/actualites\/apprenez-a-votre-adolescent-a-commencer-a-cuisiner-avec-ces-idees-de-repas-faciles\/","og_site_name":"Vie Associative","article_published_time":"2024-11-03T17:24:31+00:00","og_image":[{"width":279,"height":92,"url":"https:\/\/vieassociative.be\/actualites\/wp-content\/uploads\/2024\/09\/header_backgroundk-01-e1726694325946.png","type":"image\/png"}],"author":"Julien","twitter_card":"summary_large_image","twitter_misc":{"\u00c9crit par":"Julien","Dur\u00e9e de lecture est.":"7 minutes"},"schema":{"@context":"https:\/\/schema.org","@graph":[{"@type":"Article","@id":"https:\/\/vieassociative.be\/actualites\/apprenez-a-votre-adolescent-a-commencer-a-cuisiner-avec-ces-idees-de-repas-faciles\/#article","isPartOf":{"@id":"https:\/\/vieassociative.be\/actualites\/apprenez-a-votre-adolescent-a-commencer-a-cuisiner-avec-ces-idees-de-repas-faciles\/"},"author":{"name":"Julien","@id":"https:\/\/vieassociative.be\/actualites\/#\/schema\/person\/b87ac4f82f9d4e7b7cec7395b679edc4"},"headline":"Apprenez \u00e0 votre adolescent \u00e0 commencer \u00e0 cuisiner avec ces id\u00e9es de repas faciles","datePublished":"2024-11-03T17:24:31+00:00","dateModified":"2024-11-03T17:24:31+00:00","mainEntityOfPage":{"@id":"https:\/\/vieassociative.be\/actualites\/apprenez-a-votre-adolescent-a-commencer-a-cuisiner-avec-ces-idees-de-repas-faciles\/"},"wordCount":1487,"publisher":{"@id":"https:\/\/vieassociative.be\/actualites\/#organization"},"image":{"@id":"https:\/\/vieassociative.be\/actualites\/apprenez-a-votre-adolescent-a-commencer-a-cuisiner-avec-ces-idees-de-repas-faciles\/#primaryimage"},"thumbnailUrl":"https:\/\/vieassociative.be\/actualites\/wp-content\/uploads\/2024\/11\/Apprenez-a-votre-adolescent-a-commencer-a-cuisiner-avec-ces.jpg","keywords":["adolescent","Apprenez","avec","ces","commencer","cuisiner","faciles","id\u00e9es","repas","votre"],"articleSection":["Famille"],"inLanguage":"fr-BE"},{"@type":"WebPage","@id":"https:\/\/vieassociative.be\/actualites\/apprenez-a-votre-adolescent-a-commencer-a-cuisiner-avec-ces-idees-de-repas-faciles\/","url":"https:\/\/vieassociative.be\/actualites\/apprenez-a-votre-adolescent-a-commencer-a-cuisiner-avec-ces-idees-de-repas-faciles\/","name":"Apprenez \u00e0 votre adolescent \u00e0 commencer \u00e0 cuisiner avec ces id\u00e9es de repas faciles | Vie Associative","isPartOf":{"@id":"https:\/\/vieassociative.be\/actualites\/#website"},"primaryImageOfPage":{"@id":"https:\/\/vieassociative.be\/actualites\/apprenez-a-votre-adolescent-a-commencer-a-cuisiner-avec-ces-idees-de-repas-faciles\/#primaryimage"},"image":{"@id":"https:\/\/vieassociative.be\/actualites\/apprenez-a-votre-adolescent-a-commencer-a-cuisiner-avec-ces-idees-de-repas-faciles\/#primaryimage"},"thumbnailUrl":"https:\/\/vieassociative.be\/actualites\/wp-content\/uploads\/2024\/11\/Apprenez-a-votre-adolescent-a-commencer-a-cuisiner-avec-ces.jpg","datePublished":"2024-11-03T17:24:31+00:00","dateModified":"2024-11-03T17:24:31+00:00","breadcrumb":{"@id":"https:\/\/vieassociative.be\/actualites\/apprenez-a-votre-adolescent-a-commencer-a-cuisiner-avec-ces-idees-de-repas-faciles\/#breadcrumb"},"inLanguage":"fr-BE","potentialAction":[{"@type":"ReadAction","target":["https:\/\/vieassociative.be\/actualites\/apprenez-a-votre-adolescent-a-commencer-a-cuisiner-avec-ces-idees-de-repas-faciles\/"]}]},{"@type":"ImageObject","inLanguage":"fr-BE","@id":"https:\/\/vieassociative.be\/actualites\/apprenez-a-votre-adolescent-a-commencer-a-cuisiner-avec-ces-idees-de-repas-faciles\/#primaryimage","url":"https:\/\/vieassociative.be\/actualites\/wp-content\/uploads\/2024\/11\/Apprenez-a-votre-adolescent-a-commencer-a-cuisiner-avec-ces.jpg","contentUrl":"https:\/\/vieassociative.be\/actualites\/wp-content\/uploads\/2024\/11\/Apprenez-a-votre-adolescent-a-commencer-a-cuisiner-avec-ces.jpg","width":1200,"height":675,"caption":"Apprenez \u00e0 votre adolescent \u00e0 commencer \u00e0 cuisiner avec ces id\u00e9es de repas faciles"},{"@type":"BreadcrumbList","@id":"https:\/\/vieassociative.be\/actualites\/apprenez-a-votre-adolescent-a-commencer-a-cuisiner-avec-ces-idees-de-repas-faciles\/#breadcrumb","itemListElement":[{"@type":"ListItem","position":1,"name":"Accueil","item":"https:\/\/vieassociative.be\/actualites\/"},{"@type":"ListItem","position":2,"name":"Apprenez \u00e0 votre adolescent \u00e0 commencer \u00e0 cuisiner avec ces id\u00e9es de repas faciles"}]},{"@type":"WebSite","@id":"https:\/\/vieassociative.be\/actualites\/#website","url":"https:\/\/vieassociative.be\/actualites\/","name":"Vie Associative","description":"","publisher":{"@id":"https:\/\/vieassociative.be\/actualites\/#organization"},"potentialAction":[{"@type":"SearchAction","target":{"@type":"EntryPoint","urlTemplate":"https:\/\/vieassociative.be\/actualites\/?s={search_term_string}"},"query-input":{"@type":"PropertyValueSpecification","valueRequired":true,"valueName":"search_term_string"}}],"inLanguage":"fr-BE"},{"@type":"Organization","@id":"https:\/\/vieassociative.be\/actualites\/#organization","name":"Vie Associative","url":"https:\/\/vieassociative.be\/actualites\/","logo":{"@type":"ImageObject","inLanguage":"fr-BE","@id":"https:\/\/vieassociative.be\/actualites\/#\/schema\/logo\/image\/","url":"https:\/\/vieassociative.be\/actualites\/wp-content\/uploads\/2024\/09\/cropped-vieassociative_favicon.ico.png","contentUrl":"https:\/\/vieassociative.be\/actualites\/wp-content\/uploads\/2024\/09\/cropped-vieassociative_favicon.ico.png","width":512,"height":512,"caption":"Vie Associative"},"image":{"@id":"https:\/\/vieassociative.be\/actualites\/#\/schema\/logo\/image\/"}},{"@type":"Person","@id":"https:\/\/vieassociative.be\/actualites\/#\/schema\/person\/b87ac4f82f9d4e7b7cec7395b679edc4","name":"Julien","image":{"@type":"ImageObject","inLanguage":"fr-BE","@id":"https:\/\/vieassociative.be\/actualites\/#\/schema\/person\/image\/","url":"https:\/\/vieassociative.be\/actualites\/wp-content\/uploads\/2024\/09\/vie-associative-1-150x150.jpg","contentUrl":"https:\/\/vieassociative.be\/actualites\/wp-content\/uploads\/2024\/09\/vie-associative-1-150x150.jpg","caption":"Julien"},"description":"Je suis Julien, r\u00e9dacteur pour Vie Associative. Passionn\u00e9 par le monde associatif depuis plus de 10 ans, j'ai \u00e0 c\u0153ur de partager des histoires inspirantes et de mettre en lumi\u00e8re les initiatives locales. Mon objectif est de sensibiliser et d'encourager l'engagement communautaire \u00e0 travers mes articles.","sameAs":["https:\/\/vieassociative.be\/"]}]}},"_links":{"self":[{"href":"https:\/\/vieassociative.be\/actualites\/wp-json\/wp\/v2\/posts\/1987"}],"collection":[{"href":"https:\/\/vieassociative.be\/actualites\/wp-json\/wp\/v2\/posts"}],"about":[{"href":"https:\/\/vieassociative.be\/actualites\/wp-json\/wp\/v2\/types\/post"}],"author":[{"embeddable":true,"href":"https:\/\/vieassociative.be\/actualites\/wp-json\/wp\/v2\/users\/1"}],"replies":[{"embeddable":true,"href":"https:\/\/vieassociative.be\/actualites\/wp-json\/wp\/v2\/comments?post=1987"}],"version-history":[{"count":0,"href":"https:\/\/vieassociative.be\/actualites\/wp-json\/wp\/v2\/posts\/1987\/revisions"}],"wp:featuredmedia":[{"embeddable":true,"href":"https:\/\/vieassociative.be\/actualites\/wp-json\/wp\/v2\/media\/1988"}],"wp:attachment":[{"href":"https:\/\/vieassociative.be\/actualites\/wp-json\/wp\/v2\/media?parent=1987"}],"wp:term":[{"taxonomy":"category","embeddable":true,"href":"https:\/\/vieassociative.be\/actualites\/wp-json\/wp\/v2\/categories?post=1987"},{"taxonomy":"post_tag","embeddable":true,"href":"https:\/\/vieassociative.be\/actualites\/wp-json\/wp\/v2\/tags?post=1987"}],"curies":[{"name":"wp","href":"https:\/\/api.w.org\/{rel}","templated":true}]}}