{"id":1971,"date":"2024-11-03T07:18:10","date_gmt":"2024-11-03T06:18:10","guid":{"rendered":"https:\/\/vieassociative.be\/actualites\/quand-il-est-utile-de-parler-de-son-chagrin-et-quand-ce-nest-pas-le-cas\/"},"modified":"2024-11-03T07:18:10","modified_gmt":"2024-11-03T06:18:10","slug":"quand-il-est-utile-de-parler-de-son-chagrin-et-quand-ce-nest-pas-le-cas","status":"publish","type":"post","link":"https:\/\/vieassociative.be\/actualites\/quand-il-est-utile-de-parler-de-son-chagrin-et-quand-ce-nest-pas-le-cas\/","title":{"rendered":"Quand il est utile de parler de son chagrin (et quand ce n&rsquo;est pas le cas)"},"content":{"rendered":"<div class=\"mt-4 leading-6 md:mb-8\">Il existe deux situations dans lesquelles parler de votre perte peut vous faire plus de mal que de bien.<\/div>\n<p><\/p>\n<p>Le deuil fait partie int\u00e9grante de la gestion d\u2019une perte. Qu&rsquo;il s&rsquo;agisse du d\u00e9c\u00e8s d&rsquo;un \u00eatre cher, d&rsquo;une maladie grave ou de la fin d&rsquo;une relation, le deuil est diff\u00e9rent pour chacun. Bien que de nombreuses personnes trouvent que parler de leur chagrin peut les aider \u00e0 donner un sens \u00e0 leur perte, il y a aussi des moments o\u00f9 cela ne vous aidera pas, ou o\u00f9 cela pourrait m\u00eame vous aggraver le sentiment.<\/p>\n<p>\u00abEn fonction de l&rsquo;endroit o\u00f9 vous en \u00eates dans votre deuil, de la nature de votre perte et de votre r\u00e9seau de soutien, il peut \u00eatre tr\u00e8s utile de parler de deuil\u00bb, a d\u00e9clar\u00e9 Krista St-Germain, une experte en deuil qui anime le podcast The Widowed Mom. \u00ab\u00a0Au d\u00e9but d&rsquo;un deuil aigu, en parler aide \u00e0 le rendre r\u00e9el et vous aide \u00e0 parvenir \u00e0 ce lieu d&rsquo;acceptation.\u00a0\u00bb <\/p>\n<p>Mais St-Germain note \u00e9galement qu&rsquo;il y a deux moments principaux o\u00f9 parler peut <em>pas<\/em> aider avec votre chagrin. <\/p>\n<h2 id=\"when-youre-talking-to-people-who-dont-understand\"><strong>Quand tu parles \u00e0 des gens qui ne comprennent pas<\/strong><\/h2>\n<p>Bien s\u00fbr, cela semble \u00e9vident : parler \u00e0 quelqu&rsquo;un qui ne comprend pas votre chagrin ne sera probablement pas utile. Mais il peut souvent \u00eatre difficile de pr\u00e9voir \u00e0 l\u2019avance, et souvent m\u00eame nos proches ne comprennent pas ce que nous vivons. <\/p>\n<p>Nous pouvons \u00e9galement vivre un deuil priv\u00e9 de droits, c&rsquo;est-\u00e0-dire lorsqu&rsquo;une perte est minimis\u00e9e, mal comprise ou m\u00eame non reconnue par les autres. Par exemple, vous pleurez peut-\u00eatre la perte d\u2019une relation amoureuse ou d\u2019une amiti\u00e9 proche, ce qui, pour un \u00e9tranger, peut sembler une perte minime. Mais pour la personne qui en fait l\u2019exp\u00e9rience, cela peut \u00eatre d\u00e9vastateur.<\/p>\n<h2 id=\"when-it-holds-you-back-from-moving-forward\">Quand \u00e7a t&#8217;emp\u00eache d&rsquo;avancer<\/h2>\n<p>  La deuxi\u00e8me situation qui peut ne pas aider \u00e0 surmonter votre chagrin est que le fait d&rsquo;en parler vous emp\u00eache d&rsquo;avancer dans votre vie. <\/p>\n<p>\u00ab\u00a0Parfois, ce qui arrive, c&rsquo;est que nous commen\u00e7ons \u00e0 utiliser une d\u00e9faite comme une raison pour rester coinc\u00e9, comme une raison pour limiter ce qui est possible pour nous \u00bb, a d\u00e9clar\u00e9 St-Germain.<\/p>\n<p>Bien que le chagrin ne disparaisse jamais compl\u00e8tement, surtout s&rsquo;il est d\u00fb \u00e0 la perte d&rsquo;un proche, il est important de pouvoir se souvenir et d&rsquo;honorer cette perte, tout en s&rsquo;effor\u00e7ant de vivre une vie pleine et riche. <\/p>\n<p>\u00abEst-ce que parler de mon chagrin m&rsquo;am\u00e8ne vers ce que je veux dans ma vie, ou est-ce que cela m&rsquo;\u00e9loigne encore plus de ce que je veux dans la vie?\u00bb dit Saint-Germain. \u00ab\u00a0Si je parle \u00e0 quelqu&rsquo;un qui m&rsquo;aide \u00e0 y parvenir, cela m&rsquo;am\u00e8ne vers ce que je veux dans ma vie.\u00a0\u00bb <\/p>\n<p>Cela sera diff\u00e9rent pour chacun, et tout comme pour le chagrin lui-m\u00eame, l\u2019utilit\u00e9 de parler fluctuera. Dans certaines situations, parler de son deuil aidera \u00e0 g\u00e9rer la perte, de mani\u00e8re \u00e0 aider une personne \u00e0 honorer cette perte tout en vivant une vie bien remplie. Dans d\u2019autres situations, parler peut \u00eatre contre-productif, ne servant qu\u2019\u00e0 maintenir une personne coinc\u00e9e dans le pass\u00e9. <\/p>\n<p>\u00abLe deuil ne s&rsquo;arr\u00eate pas\u00bb, a d\u00e9clar\u00e9 St-Germain. \u00ab Vos pens\u00e9es et vos sentiments changeront probablement avec le temps, mais nous n\u2019essayons pas d\u2019atteindre un point final : nous essayons de prendre cette perte et de l\u2019ajuster \u00e0 notre exp\u00e9rience de vie. \u00bb <\/p>\n<p><\/p>\n","protected":false},"excerpt":{"rendered":"<p>Il existe deux situations dans lesquelles parler de votre perte peut vous faire plus de mal que de bien. Le deuil fait partie int\u00e9grante de<\/p>\n","protected":false},"author":1,"featured_media":1972,"comment_status":"","ping_status":"","sticky":false,"template":"","format":"standard","meta":{"footnotes":""},"categories":[42],"tags":[2691,2690,76,1082,438,126,123,800,1045],"class_list":["post-1971","post","type-post","status-publish","format-standard","has-post-thumbnail","hentry","category-relations","tag-cas","tag-chagrin","tag-est","tag-nest","tag-parler","tag-pas","tag-quand","tag-son","tag-utile","generate-columns","tablet-grid-50","mobile-grid-100","grid-parent","grid-33"],"yoast_head":"<!-- This site is optimized with the Yoast SEO plugin v24.0 - https:\/\/yoast.com\/wordpress\/plugins\/seo\/ -->\n<title>Quand il est utile de parler de son chagrin (et quand ce n&#039;est pas le cas) | Vie Associative<\/title>\n<meta name=\"robots\" content=\"index, follow, max-snippet:-1, max-image-preview:large, max-video-preview:-1\" \/>\n<link rel=\"canonical\" href=\"https:\/\/vieassociative.be\/actualites\/quand-il-est-utile-de-parler-de-son-chagrin-et-quand-ce-nest-pas-le-cas\/\" \/>\n<meta property=\"og:locale\" content=\"fr_FR\" \/>\n<meta property=\"og:type\" content=\"article\" \/>\n<meta property=\"og:title\" content=\"Quand il est utile de parler de son chagrin (et quand ce n&#039;est pas le cas) | Vie Associative\" \/>\n<meta property=\"og:description\" content=\"Il existe deux situations dans lesquelles parler de votre perte peut vous faire plus de mal que de bien. Le deuil fait partie int\u00e9grante de\" \/>\n<meta property=\"og:url\" content=\"https:\/\/vieassociative.be\/actualites\/quand-il-est-utile-de-parler-de-son-chagrin-et-quand-ce-nest-pas-le-cas\/\" \/>\n<meta property=\"og:site_name\" content=\"Vie Associative\" \/>\n<meta property=\"article:published_time\" content=\"2024-11-03T06:18:10+00:00\" \/>\n<meta property=\"og:image\" content=\"https:\/\/vieassociative.be\/actualites\/wp-content\/uploads\/2024\/09\/header_backgroundk-01-e1726694325946.png\" \/>\n\t<meta property=\"og:image:width\" content=\"279\" \/>\n\t<meta property=\"og:image:height\" content=\"92\" \/>\n\t<meta property=\"og:image:type\" content=\"image\/png\" \/>\n<meta name=\"author\" content=\"Julien\" \/>\n<meta name=\"twitter:card\" content=\"summary_large_image\" \/>\n<meta name=\"twitter:label1\" content=\"\u00c9crit par\" \/>\n\t<meta name=\"twitter:data1\" content=\"Julien\" \/>\n\t<meta name=\"twitter:label2\" content=\"Dur\u00e9e de lecture est.\" \/>\n\t<meta name=\"twitter:data2\" content=\"3 minutes\" \/>\n<script type=\"application\/ld+json\" class=\"yoast-schema-graph\">{\"@context\":\"https:\/\/schema.org\",\"@graph\":[{\"@type\":\"Article\",\"@id\":\"https:\/\/vieassociative.be\/actualites\/quand-il-est-utile-de-parler-de-son-chagrin-et-quand-ce-nest-pas-le-cas\/#article\",\"isPartOf\":{\"@id\":\"https:\/\/vieassociative.be\/actualites\/quand-il-est-utile-de-parler-de-son-chagrin-et-quand-ce-nest-pas-le-cas\/\"},\"author\":{\"name\":\"Julien\",\"@id\":\"https:\/\/vieassociative.be\/actualites\/#\/schema\/person\/b87ac4f82f9d4e7b7cec7395b679edc4\"},\"headline\":\"Quand il est utile de parler de son chagrin (et quand ce n&rsquo;est pas le cas)\",\"datePublished\":\"2024-11-03T06:18:10+00:00\",\"dateModified\":\"2024-11-03T06:18:10+00:00\",\"mainEntityOfPage\":{\"@id\":\"https:\/\/vieassociative.be\/actualites\/quand-il-est-utile-de-parler-de-son-chagrin-et-quand-ce-nest-pas-le-cas\/\"},\"wordCount\":616,\"publisher\":{\"@id\":\"https:\/\/vieassociative.be\/actualites\/#organization\"},\"image\":{\"@id\":\"https:\/\/vieassociative.be\/actualites\/quand-il-est-utile-de-parler-de-son-chagrin-et-quand-ce-nest-pas-le-cas\/#primaryimage\"},\"thumbnailUrl\":\"https:\/\/vieassociative.be\/actualites\/wp-content\/uploads\/2024\/11\/Quand-il-est-utile-de-parler-de-son-chagrin-et.jpg\",\"keywords\":[\"cas\",\"chagrin\",\"est\",\"nest\",\"parler\",\"pas\",\"Quand\",\"son\",\"utile\"],\"articleSection\":[\"Relations\"],\"inLanguage\":\"fr-BE\"},{\"@type\":\"WebPage\",\"@id\":\"https:\/\/vieassociative.be\/actualites\/quand-il-est-utile-de-parler-de-son-chagrin-et-quand-ce-nest-pas-le-cas\/\",\"url\":\"https:\/\/vieassociative.be\/actualites\/quand-il-est-utile-de-parler-de-son-chagrin-et-quand-ce-nest-pas-le-cas\/\",\"name\":\"Quand il est utile de parler de son chagrin (et quand ce n'est pas le cas) | Vie Associative\",\"isPartOf\":{\"@id\":\"https:\/\/vieassociative.be\/actualites\/#website\"},\"primaryImageOfPage\":{\"@id\":\"https:\/\/vieassociative.be\/actualites\/quand-il-est-utile-de-parler-de-son-chagrin-et-quand-ce-nest-pas-le-cas\/#primaryimage\"},\"image\":{\"@id\":\"https:\/\/vieassociative.be\/actualites\/quand-il-est-utile-de-parler-de-son-chagrin-et-quand-ce-nest-pas-le-cas\/#primaryimage\"},\"thumbnailUrl\":\"https:\/\/vieassociative.be\/actualites\/wp-content\/uploads\/2024\/11\/Quand-il-est-utile-de-parler-de-son-chagrin-et.jpg\",\"datePublished\":\"2024-11-03T06:18:10+00:00\",\"dateModified\":\"2024-11-03T06:18:10+00:00\",\"breadcrumb\":{\"@id\":\"https:\/\/vieassociative.be\/actualites\/quand-il-est-utile-de-parler-de-son-chagrin-et-quand-ce-nest-pas-le-cas\/#breadcrumb\"},\"inLanguage\":\"fr-BE\",\"potentialAction\":[{\"@type\":\"ReadAction\",\"target\":[\"https:\/\/vieassociative.be\/actualites\/quand-il-est-utile-de-parler-de-son-chagrin-et-quand-ce-nest-pas-le-cas\/\"]}]},{\"@type\":\"ImageObject\",\"inLanguage\":\"fr-BE\",\"@id\":\"https:\/\/vieassociative.be\/actualites\/quand-il-est-utile-de-parler-de-son-chagrin-et-quand-ce-nest-pas-le-cas\/#primaryimage\",\"url\":\"https:\/\/vieassociative.be\/actualites\/wp-content\/uploads\/2024\/11\/Quand-il-est-utile-de-parler-de-son-chagrin-et.jpg\",\"contentUrl\":\"https:\/\/vieassociative.be\/actualites\/wp-content\/uploads\/2024\/11\/Quand-il-est-utile-de-parler-de-son-chagrin-et.jpg\",\"width\":1200,\"height\":675,\"caption\":\"Quand il est utile de parler de son chagrin (et quand ce n'est pas le cas)\"},{\"@type\":\"BreadcrumbList\",\"@id\":\"https:\/\/vieassociative.be\/actualites\/quand-il-est-utile-de-parler-de-son-chagrin-et-quand-ce-nest-pas-le-cas\/#breadcrumb\",\"itemListElement\":[{\"@type\":\"ListItem\",\"position\":1,\"name\":\"Accueil\",\"item\":\"https:\/\/vieassociative.be\/actualites\/\"},{\"@type\":\"ListItem\",\"position\":2,\"name\":\"Quand il est utile de parler de son chagrin (et quand ce n&rsquo;est pas le cas)\"}]},{\"@type\":\"WebSite\",\"@id\":\"https:\/\/vieassociative.be\/actualites\/#website\",\"url\":\"https:\/\/vieassociative.be\/actualites\/\",\"name\":\"Vie Associative\",\"description\":\"\",\"publisher\":{\"@id\":\"https:\/\/vieassociative.be\/actualites\/#organization\"},\"potentialAction\":[{\"@type\":\"SearchAction\",\"target\":{\"@type\":\"EntryPoint\",\"urlTemplate\":\"https:\/\/vieassociative.be\/actualites\/?s={search_term_string}\"},\"query-input\":{\"@type\":\"PropertyValueSpecification\",\"valueRequired\":true,\"valueName\":\"search_term_string\"}}],\"inLanguage\":\"fr-BE\"},{\"@type\":\"Organization\",\"@id\":\"https:\/\/vieassociative.be\/actualites\/#organization\",\"name\":\"Vie Associative\",\"url\":\"https:\/\/vieassociative.be\/actualites\/\",\"logo\":{\"@type\":\"ImageObject\",\"inLanguage\":\"fr-BE\",\"@id\":\"https:\/\/vieassociative.be\/actualites\/#\/schema\/logo\/image\/\",\"url\":\"https:\/\/vieassociative.be\/actualites\/wp-content\/uploads\/2024\/09\/cropped-vieassociative_favicon.ico.png\",\"contentUrl\":\"https:\/\/vieassociative.be\/actualites\/wp-content\/uploads\/2024\/09\/cropped-vieassociative_favicon.ico.png\",\"width\":512,\"height\":512,\"caption\":\"Vie Associative\"},\"image\":{\"@id\":\"https:\/\/vieassociative.be\/actualites\/#\/schema\/logo\/image\/\"}},{\"@type\":\"Person\",\"@id\":\"https:\/\/vieassociative.be\/actualites\/#\/schema\/person\/b87ac4f82f9d4e7b7cec7395b679edc4\",\"name\":\"Julien\",\"image\":{\"@type\":\"ImageObject\",\"inLanguage\":\"fr-BE\",\"@id\":\"https:\/\/vieassociative.be\/actualites\/#\/schema\/person\/image\/\",\"url\":\"https:\/\/vieassociative.be\/actualites\/wp-content\/uploads\/2024\/09\/vie-associative-1-150x150.jpg\",\"contentUrl\":\"https:\/\/vieassociative.be\/actualites\/wp-content\/uploads\/2024\/09\/vie-associative-1-150x150.jpg\",\"caption\":\"Julien\"},\"description\":\"Je suis Julien, r\u00e9dacteur pour Vie Associative. Passionn\u00e9 par le monde associatif depuis plus de 10 ans, j'ai \u00e0 c\u0153ur de partager des histoires inspirantes et de mettre en lumi\u00e8re les initiatives locales. Mon objectif est de sensibiliser et d'encourager l'engagement communautaire \u00e0 travers mes articles.\",\"sameAs\":[\"https:\/\/vieassociative.be\/\"]}]}<\/script>\n<!-- \/ Yoast SEO plugin. -->","yoast_head_json":{"title":"Quand il est utile de parler de son chagrin (et quand ce n'est pas le cas) | Vie Associative","robots":{"index":"index","follow":"follow","max-snippet":"max-snippet:-1","max-image-preview":"max-image-preview:large","max-video-preview":"max-video-preview:-1"},"canonical":"https:\/\/vieassociative.be\/actualites\/quand-il-est-utile-de-parler-de-son-chagrin-et-quand-ce-nest-pas-le-cas\/","og_locale":"fr_FR","og_type":"article","og_title":"Quand il est utile de parler de son chagrin (et quand ce n'est pas le cas) | Vie Associative","og_description":"Il existe deux situations dans lesquelles parler de votre perte peut vous faire plus de mal que de bien. Le deuil fait partie int\u00e9grante de","og_url":"https:\/\/vieassociative.be\/actualites\/quand-il-est-utile-de-parler-de-son-chagrin-et-quand-ce-nest-pas-le-cas\/","og_site_name":"Vie Associative","article_published_time":"2024-11-03T06:18:10+00:00","og_image":[{"width":279,"height":92,"url":"https:\/\/vieassociative.be\/actualites\/wp-content\/uploads\/2024\/09\/header_backgroundk-01-e1726694325946.png","type":"image\/png"}],"author":"Julien","twitter_card":"summary_large_image","twitter_misc":{"\u00c9crit par":"Julien","Dur\u00e9e de lecture est.":"3 minutes"},"schema":{"@context":"https:\/\/schema.org","@graph":[{"@type":"Article","@id":"https:\/\/vieassociative.be\/actualites\/quand-il-est-utile-de-parler-de-son-chagrin-et-quand-ce-nest-pas-le-cas\/#article","isPartOf":{"@id":"https:\/\/vieassociative.be\/actualites\/quand-il-est-utile-de-parler-de-son-chagrin-et-quand-ce-nest-pas-le-cas\/"},"author":{"name":"Julien","@id":"https:\/\/vieassociative.be\/actualites\/#\/schema\/person\/b87ac4f82f9d4e7b7cec7395b679edc4"},"headline":"Quand il est utile de parler de son chagrin (et quand ce n&rsquo;est pas le cas)","datePublished":"2024-11-03T06:18:10+00:00","dateModified":"2024-11-03T06:18:10+00:00","mainEntityOfPage":{"@id":"https:\/\/vieassociative.be\/actualites\/quand-il-est-utile-de-parler-de-son-chagrin-et-quand-ce-nest-pas-le-cas\/"},"wordCount":616,"publisher":{"@id":"https:\/\/vieassociative.be\/actualites\/#organization"},"image":{"@id":"https:\/\/vieassociative.be\/actualites\/quand-il-est-utile-de-parler-de-son-chagrin-et-quand-ce-nest-pas-le-cas\/#primaryimage"},"thumbnailUrl":"https:\/\/vieassociative.be\/actualites\/wp-content\/uploads\/2024\/11\/Quand-il-est-utile-de-parler-de-son-chagrin-et.jpg","keywords":["cas","chagrin","est","nest","parler","pas","Quand","son","utile"],"articleSection":["Relations"],"inLanguage":"fr-BE"},{"@type":"WebPage","@id":"https:\/\/vieassociative.be\/actualites\/quand-il-est-utile-de-parler-de-son-chagrin-et-quand-ce-nest-pas-le-cas\/","url":"https:\/\/vieassociative.be\/actualites\/quand-il-est-utile-de-parler-de-son-chagrin-et-quand-ce-nest-pas-le-cas\/","name":"Quand il est utile de parler de son chagrin (et quand ce n'est pas le cas) | Vie Associative","isPartOf":{"@id":"https:\/\/vieassociative.be\/actualites\/#website"},"primaryImageOfPage":{"@id":"https:\/\/vieassociative.be\/actualites\/quand-il-est-utile-de-parler-de-son-chagrin-et-quand-ce-nest-pas-le-cas\/#primaryimage"},"image":{"@id":"https:\/\/vieassociative.be\/actualites\/quand-il-est-utile-de-parler-de-son-chagrin-et-quand-ce-nest-pas-le-cas\/#primaryimage"},"thumbnailUrl":"https:\/\/vieassociative.be\/actualites\/wp-content\/uploads\/2024\/11\/Quand-il-est-utile-de-parler-de-son-chagrin-et.jpg","datePublished":"2024-11-03T06:18:10+00:00","dateModified":"2024-11-03T06:18:10+00:00","breadcrumb":{"@id":"https:\/\/vieassociative.be\/actualites\/quand-il-est-utile-de-parler-de-son-chagrin-et-quand-ce-nest-pas-le-cas\/#breadcrumb"},"inLanguage":"fr-BE","potentialAction":[{"@type":"ReadAction","target":["https:\/\/vieassociative.be\/actualites\/quand-il-est-utile-de-parler-de-son-chagrin-et-quand-ce-nest-pas-le-cas\/"]}]},{"@type":"ImageObject","inLanguage":"fr-BE","@id":"https:\/\/vieassociative.be\/actualites\/quand-il-est-utile-de-parler-de-son-chagrin-et-quand-ce-nest-pas-le-cas\/#primaryimage","url":"https:\/\/vieassociative.be\/actualites\/wp-content\/uploads\/2024\/11\/Quand-il-est-utile-de-parler-de-son-chagrin-et.jpg","contentUrl":"https:\/\/vieassociative.be\/actualites\/wp-content\/uploads\/2024\/11\/Quand-il-est-utile-de-parler-de-son-chagrin-et.jpg","width":1200,"height":675,"caption":"Quand il est utile de parler de son chagrin (et quand ce n'est pas le cas)"},{"@type":"BreadcrumbList","@id":"https:\/\/vieassociative.be\/actualites\/quand-il-est-utile-de-parler-de-son-chagrin-et-quand-ce-nest-pas-le-cas\/#breadcrumb","itemListElement":[{"@type":"ListItem","position":1,"name":"Accueil","item":"https:\/\/vieassociative.be\/actualites\/"},{"@type":"ListItem","position":2,"name":"Quand il est utile de parler de son chagrin (et quand ce n&rsquo;est pas le cas)"}]},{"@type":"WebSite","@id":"https:\/\/vieassociative.be\/actualites\/#website","url":"https:\/\/vieassociative.be\/actualites\/","name":"Vie Associative","description":"","publisher":{"@id":"https:\/\/vieassociative.be\/actualites\/#organization"},"potentialAction":[{"@type":"SearchAction","target":{"@type":"EntryPoint","urlTemplate":"https:\/\/vieassociative.be\/actualites\/?s={search_term_string}"},"query-input":{"@type":"PropertyValueSpecification","valueRequired":true,"valueName":"search_term_string"}}],"inLanguage":"fr-BE"},{"@type":"Organization","@id":"https:\/\/vieassociative.be\/actualites\/#organization","name":"Vie Associative","url":"https:\/\/vieassociative.be\/actualites\/","logo":{"@type":"ImageObject","inLanguage":"fr-BE","@id":"https:\/\/vieassociative.be\/actualites\/#\/schema\/logo\/image\/","url":"https:\/\/vieassociative.be\/actualites\/wp-content\/uploads\/2024\/09\/cropped-vieassociative_favicon.ico.png","contentUrl":"https:\/\/vieassociative.be\/actualites\/wp-content\/uploads\/2024\/09\/cropped-vieassociative_favicon.ico.png","width":512,"height":512,"caption":"Vie Associative"},"image":{"@id":"https:\/\/vieassociative.be\/actualites\/#\/schema\/logo\/image\/"}},{"@type":"Person","@id":"https:\/\/vieassociative.be\/actualites\/#\/schema\/person\/b87ac4f82f9d4e7b7cec7395b679edc4","name":"Julien","image":{"@type":"ImageObject","inLanguage":"fr-BE","@id":"https:\/\/vieassociative.be\/actualites\/#\/schema\/person\/image\/","url":"https:\/\/vieassociative.be\/actualites\/wp-content\/uploads\/2024\/09\/vie-associative-1-150x150.jpg","contentUrl":"https:\/\/vieassociative.be\/actualites\/wp-content\/uploads\/2024\/09\/vie-associative-1-150x150.jpg","caption":"Julien"},"description":"Je suis Julien, r\u00e9dacteur pour Vie Associative. Passionn\u00e9 par le monde associatif depuis plus de 10 ans, j'ai \u00e0 c\u0153ur de partager des histoires inspirantes et de mettre en lumi\u00e8re les initiatives locales. Mon objectif est de sensibiliser et d'encourager l'engagement communautaire \u00e0 travers mes articles.","sameAs":["https:\/\/vieassociative.be\/"]}]}},"_links":{"self":[{"href":"https:\/\/vieassociative.be\/actualites\/wp-json\/wp\/v2\/posts\/1971"}],"collection":[{"href":"https:\/\/vieassociative.be\/actualites\/wp-json\/wp\/v2\/posts"}],"about":[{"href":"https:\/\/vieassociative.be\/actualites\/wp-json\/wp\/v2\/types\/post"}],"author":[{"embeddable":true,"href":"https:\/\/vieassociative.be\/actualites\/wp-json\/wp\/v2\/users\/1"}],"replies":[{"embeddable":true,"href":"https:\/\/vieassociative.be\/actualites\/wp-json\/wp\/v2\/comments?post=1971"}],"version-history":[{"count":0,"href":"https:\/\/vieassociative.be\/actualites\/wp-json\/wp\/v2\/posts\/1971\/revisions"}],"wp:featuredmedia":[{"embeddable":true,"href":"https:\/\/vieassociative.be\/actualites\/wp-json\/wp\/v2\/media\/1972"}],"wp:attachment":[{"href":"https:\/\/vieassociative.be\/actualites\/wp-json\/wp\/v2\/media?parent=1971"}],"wp:term":[{"taxonomy":"category","embeddable":true,"href":"https:\/\/vieassociative.be\/actualites\/wp-json\/wp\/v2\/categories?post=1971"},{"taxonomy":"post_tag","embeddable":true,"href":"https:\/\/vieassociative.be\/actualites\/wp-json\/wp\/v2\/tags?post=1971"}],"curies":[{"name":"wp","href":"https:\/\/api.w.org\/{rel}","templated":true}]}}