{"id":197,"date":"2024-09-21T11:40:40","date_gmt":"2024-09-21T09:40:40","guid":{"rendered":"https:\/\/vieassociative.be\/actualites\/les-meilleures-offres-prime-day-pour-la-rentree-scolaire\/"},"modified":"2024-09-21T11:40:40","modified_gmt":"2024-09-21T09:40:40","slug":"les-meilleures-offres-prime-day-pour-la-rentree-scolaire","status":"publish","type":"post","link":"https:\/\/vieassociative.be\/actualites\/les-meilleures-offres-prime-day-pour-la-rentree-scolaire\/","title":{"rendered":"Les meilleures offres Prime Day pour la rentr\u00e9e scolaire"},"content":{"rendered":"<div class=\"mt-4 leading-6 md:mb-8\">Il existe des offres sur les \u00e9couteurs Sony, les imprimantes HP et les Kindle Scribes avec jusqu&rsquo;\u00e0 55 % de r\u00e9duction.<\/div>\n<p><\/p>\n<p>Le Prime Day d\u00e9bute le 16 juillet, mais vous n&rsquo;avez pas besoin d&rsquo;attendre aussi longtemps si vous cherchez des fournitures scolaires. Amazon propose d\u00e9j\u00e0 des pages de vente d\u00e9di\u00e9es aux \u00e9l\u00e8ves du primaire et du secondaire et aux \u00e9tudiants avec des produits de nombreuses cat\u00e9gories. Si vous attendez l&rsquo;arriv\u00e9e officielle du Prime Day, vous trouverez peut-\u00eatre de meilleures offres ; mais si vous souhaitez commencer vos achats d\u00e8s maintenant, voici les meilleures ventes \u00e0 d\u00e9couvrir.<\/p>\n<h2 id=\"echo-dot-smart-speaker-for-2799\">Enceinte intelligente Echo Dot \u00e0 27,99 $<\/h2>\n<p>L&rsquo;Echo Dot Kids 5e g\u00e9n\u00e9ration (sorti en 2022) atteint son prix le plus bas \u00e0 ce jour chez <strong>27,99 $<\/strong> (\u00e0 l&rsquo;origine 59,99 $), selon les outils de v\u00e9rification des prix. La version pour enfants est dot\u00e9e d&rsquo;un contr\u00f4le parental, d&rsquo;un design en forme de hibou et comprend un an d&rsquo;Amazon Kids+, un abonnement pour des livres, des jeux, des vid\u00e9os et d&rsquo;autres contenus \u00e9ducatifs pour les enfants. Vous pouvez en savoir plus sur l&rsquo;Echo Dot gr\u00e2ce \u00e0 la critique de PCMag ici.<\/p>\n<h2 id=\"kindle-scribe-bundle-for-324\">Pack Kindle Scribe \u00e0 324\u00a0$<\/h2>\n<p>Si vos enfants aiment utiliser un stylo et du papier et aiment aussi lire, le Kindle Scribe pourrait \u00eatre un bon ajout \u00e0 leurs fournitures scolaires. Ce pack Kindle Scribe est livr\u00e9 avec la tablette 64 Go (qui co\u00fbte g\u00e9n\u00e9ralement 419,99 $), le stylet Premium, une housse en cuir et un adaptateur secteur Amazon pour <strong>324 $<\/strong> (\u00e0 l&rsquo;origine 519,97 $). Il s&rsquo;agit d&rsquo;un pack d&rsquo;un bon rapport qualit\u00e9-prix si vous envisagiez de toute fa\u00e7on d&rsquo;acheter le Scribe pour votre enfant.<\/p>\n<h2 id=\"iniu-chargers-starting-at-1598\">Chargeurs Iniu \u00e0 partir de 15,98 $<\/h2>\n<p>J&rsquo;ai un chargeur portable Iniu depuis quelques ann\u00e9es maintenant, et il m&rsquo;a sauv\u00e9 la mise \u00e0 plusieurs reprises en conduisant sans Google Maps. C&rsquo;est un chargeur rapide et fiable, et si votre enfant prend le bus pour aller et venir \u00e0 l&rsquo;\u00e9cole, avoir une batterie de secours pour son t\u00e9l\u00e9phone est toujours une bonne id\u00e9e. Selon Amazon, cette banque d&rsquo;alimentation Iniu Portable Charger 10000mAh peut charger la plupart des iPhones jusqu&rsquo;\u00e0 78% en une heure environ. Pas mal pour <strong>17,99 $ <\/strong>(\u00e0 l&rsquo;origine 29,99 $).<\/p>\n<p>Si votre enfant pr\u00e9f\u00e8re un chargeur de bureau, le chargeur sans fil Iniu sert \u00e9galement de support pour votre t\u00e9l\u00e9phone. <strong>15,98 $<\/strong> (\u00e0 l&rsquo;origine 26,98 $). Il ne chargera pas le t\u00e9l\u00e9phone aussi rapidement que le chargeur portable, mais il est sans fil. <\/p>\n<h2 id=\"hp-printer-for-5999\">Imprimante HP \u00e0 59,99 $<\/h2>\n<p>L&rsquo;imprimante HP DeskJet 2755e est une imprimante HP \u00e9conomique qui fait le travail. <strong>59,99 $<\/strong> (\u00e0 l&rsquo;origine 84,99 $), vous en avez pour votre argent avec cette imprimante. Elle peut \u00e9galement faire des copies et des num\u00e9risations, mais elle s&rsquo;appuie sur une connexion Wi-Fi et vous pousse \u00e0 souscrire \u00e0 l&rsquo;abonnement d&rsquo;encre HP+, qui d\u00e9marre \u00e0 1,49 $ par mois pour certaines fonctionnalit\u00e9s et pour obtenir de meilleurs prix d&rsquo;encre.<\/p>\n<h2 id=\"sony-headphones\">Casque Sony<\/h2>\n<p>En mati\u00e8re d&rsquo;\u00e9couteurs, il est essentiel de disposer d&rsquo;une paire fiable avec une longue dur\u00e9e de vie de la batterie. Sony a con\u00e7u le WH-CH520 avec ces \u00e9l\u00e9ments \u00e0 l&rsquo;esprit tout en gardant le prix bas, actuellement <strong>35,99 $<\/strong> (\u00e0 l&rsquo;origine 79,99 $). Le Sony WH-CH520 est un casque supra-auriculaire (le casque repose sur les oreilles) avec un design \u00e9l\u00e9gant et 50 heures d&rsquo;autonomie. Il vous offre une connexion multipoint pour que votre enfant puisse basculer rapidement entre son ordinateur et son t\u00e9l\u00e9phone portable. (Seule la couleur cappuccino b\u00e9n\u00e9ficie d&rsquo;une remise de 55 %.)<\/p>\n","protected":false},"excerpt":{"rendered":"<p>Il existe des offres sur les \u00e9couteurs Sony, les imprimantes HP et les Kindle Scribes avec jusqu&rsquo;\u00e0 55 % de r\u00e9duction. Le Prime Day d\u00e9bute<\/p>\n","protected":false},"author":1,"featured_media":198,"comment_status":"","ping_status":"","sticky":false,"template":"","format":"standard","meta":{"footnotes":""},"categories":[37],"tags":[347,14,79,345,81,346,348,349],"class_list":["post-197","post","type-post","status-publish","format-standard","has-post-thumbnail","hentry","category-famille","tag-day","tag-les","tag-meilleures","tag-offres","tag-pour","tag-prime","tag-rentree","tag-scolaire","generate-columns","tablet-grid-50","mobile-grid-100","grid-parent","grid-33"],"yoast_head":"<!-- This site is optimized with the Yoast SEO plugin v24.0 - https:\/\/yoast.com\/wordpress\/plugins\/seo\/ -->\n<title>Les meilleures offres Prime Day pour la rentr\u00e9e scolaire | Vie Associative<\/title>\n<meta name=\"robots\" content=\"index, follow, max-snippet:-1, max-image-preview:large, max-video-preview:-1\" \/>\n<link rel=\"canonical\" href=\"https:\/\/vieassociative.be\/actualites\/les-meilleures-offres-prime-day-pour-la-rentree-scolaire\/\" \/>\n<meta property=\"og:locale\" content=\"fr_FR\" \/>\n<meta property=\"og:type\" content=\"article\" \/>\n<meta property=\"og:title\" content=\"Les meilleures offres Prime Day pour la rentr\u00e9e scolaire | Vie Associative\" \/>\n<meta property=\"og:description\" content=\"Il existe des offres sur les \u00e9couteurs Sony, les imprimantes HP et les Kindle Scribes avec jusqu&rsquo;\u00e0 55 % de r\u00e9duction. Le Prime Day d\u00e9bute\" \/>\n<meta property=\"og:url\" content=\"https:\/\/vieassociative.be\/actualites\/les-meilleures-offres-prime-day-pour-la-rentree-scolaire\/\" \/>\n<meta property=\"og:site_name\" content=\"Vie Associative\" \/>\n<meta property=\"article:published_time\" content=\"2024-09-21T09:40:40+00:00\" \/>\n<meta property=\"og:image\" content=\"https:\/\/vieassociative.be\/actualites\/wp-content\/uploads\/2024\/09\/header_backgroundk-01-e1726694325946.png\" \/>\n\t<meta property=\"og:image:width\" content=\"279\" \/>\n\t<meta property=\"og:image:height\" content=\"92\" \/>\n\t<meta property=\"og:image:type\" content=\"image\/png\" \/>\n<meta name=\"author\" content=\"Julien\" \/>\n<meta name=\"twitter:card\" content=\"summary_large_image\" \/>\n<meta name=\"twitter:label1\" content=\"\u00c9crit par\" \/>\n\t<meta name=\"twitter:data1\" content=\"Julien\" \/>\n\t<meta name=\"twitter:label2\" content=\"Dur\u00e9e de lecture est.\" \/>\n\t<meta name=\"twitter:data2\" content=\"3 minutes\" \/>\n<script type=\"application\/ld+json\" class=\"yoast-schema-graph\">{\"@context\":\"https:\/\/schema.org\",\"@graph\":[{\"@type\":\"Article\",\"@id\":\"https:\/\/vieassociative.be\/actualites\/les-meilleures-offres-prime-day-pour-la-rentree-scolaire\/#article\",\"isPartOf\":{\"@id\":\"https:\/\/vieassociative.be\/actualites\/les-meilleures-offres-prime-day-pour-la-rentree-scolaire\/\"},\"author\":{\"name\":\"Julien\",\"@id\":\"https:\/\/vieassociative.be\/actualites\/#\/schema\/person\/b87ac4f82f9d4e7b7cec7395b679edc4\"},\"headline\":\"Les meilleures offres Prime Day pour la rentr\u00e9e scolaire\",\"datePublished\":\"2024-09-21T09:40:40+00:00\",\"dateModified\":\"2024-09-21T09:40:40+00:00\",\"mainEntityOfPage\":{\"@id\":\"https:\/\/vieassociative.be\/actualites\/les-meilleures-offres-prime-day-pour-la-rentree-scolaire\/\"},\"wordCount\":602,\"publisher\":{\"@id\":\"https:\/\/vieassociative.be\/actualites\/#organization\"},\"image\":{\"@id\":\"https:\/\/vieassociative.be\/actualites\/les-meilleures-offres-prime-day-pour-la-rentree-scolaire\/#primaryimage\"},\"thumbnailUrl\":\"https:\/\/vieassociative.be\/actualites\/wp-content\/uploads\/2024\/09\/Les-meilleures-offres-Prime-Day-pour-la-rentree-scolaire.png\",\"keywords\":[\"Day\",\"Les\",\"meilleures\",\"offres\",\"pour\",\"Prime\",\"rentr\u00e9e\",\"scolaire\"],\"articleSection\":[\"Famille\"],\"inLanguage\":\"fr-BE\"},{\"@type\":\"WebPage\",\"@id\":\"https:\/\/vieassociative.be\/actualites\/les-meilleures-offres-prime-day-pour-la-rentree-scolaire\/\",\"url\":\"https:\/\/vieassociative.be\/actualites\/les-meilleures-offres-prime-day-pour-la-rentree-scolaire\/\",\"name\":\"Les meilleures offres Prime Day pour la rentr\u00e9e scolaire | Vie Associative\",\"isPartOf\":{\"@id\":\"https:\/\/vieassociative.be\/actualites\/#website\"},\"primaryImageOfPage\":{\"@id\":\"https:\/\/vieassociative.be\/actualites\/les-meilleures-offres-prime-day-pour-la-rentree-scolaire\/#primaryimage\"},\"image\":{\"@id\":\"https:\/\/vieassociative.be\/actualites\/les-meilleures-offres-prime-day-pour-la-rentree-scolaire\/#primaryimage\"},\"thumbnailUrl\":\"https:\/\/vieassociative.be\/actualites\/wp-content\/uploads\/2024\/09\/Les-meilleures-offres-Prime-Day-pour-la-rentree-scolaire.png\",\"datePublished\":\"2024-09-21T09:40:40+00:00\",\"dateModified\":\"2024-09-21T09:40:40+00:00\",\"breadcrumb\":{\"@id\":\"https:\/\/vieassociative.be\/actualites\/les-meilleures-offres-prime-day-pour-la-rentree-scolaire\/#breadcrumb\"},\"inLanguage\":\"fr-BE\",\"potentialAction\":[{\"@type\":\"ReadAction\",\"target\":[\"https:\/\/vieassociative.be\/actualites\/les-meilleures-offres-prime-day-pour-la-rentree-scolaire\/\"]}]},{\"@type\":\"ImageObject\",\"inLanguage\":\"fr-BE\",\"@id\":\"https:\/\/vieassociative.be\/actualites\/les-meilleures-offres-prime-day-pour-la-rentree-scolaire\/#primaryimage\",\"url\":\"https:\/\/vieassociative.be\/actualites\/wp-content\/uploads\/2024\/09\/Les-meilleures-offres-Prime-Day-pour-la-rentree-scolaire.png\",\"contentUrl\":\"https:\/\/vieassociative.be\/actualites\/wp-content\/uploads\/2024\/09\/Les-meilleures-offres-Prime-Day-pour-la-rentree-scolaire.png\",\"width\":1200,\"height\":675,\"caption\":\"Les meilleures offres Prime Day pour la rentr\u00e9e scolaire\"},{\"@type\":\"BreadcrumbList\",\"@id\":\"https:\/\/vieassociative.be\/actualites\/les-meilleures-offres-prime-day-pour-la-rentree-scolaire\/#breadcrumb\",\"itemListElement\":[{\"@type\":\"ListItem\",\"position\":1,\"name\":\"Accueil\",\"item\":\"https:\/\/vieassociative.be\/actualites\/\"},{\"@type\":\"ListItem\",\"position\":2,\"name\":\"Les meilleures offres Prime Day pour la rentr\u00e9e scolaire\"}]},{\"@type\":\"WebSite\",\"@id\":\"https:\/\/vieassociative.be\/actualites\/#website\",\"url\":\"https:\/\/vieassociative.be\/actualites\/\",\"name\":\"Vie Associative\",\"description\":\"\",\"publisher\":{\"@id\":\"https:\/\/vieassociative.be\/actualites\/#organization\"},\"potentialAction\":[{\"@type\":\"SearchAction\",\"target\":{\"@type\":\"EntryPoint\",\"urlTemplate\":\"https:\/\/vieassociative.be\/actualites\/?s={search_term_string}\"},\"query-input\":{\"@type\":\"PropertyValueSpecification\",\"valueRequired\":true,\"valueName\":\"search_term_string\"}}],\"inLanguage\":\"fr-BE\"},{\"@type\":\"Organization\",\"@id\":\"https:\/\/vieassociative.be\/actualites\/#organization\",\"name\":\"Vie Associative\",\"url\":\"https:\/\/vieassociative.be\/actualites\/\",\"logo\":{\"@type\":\"ImageObject\",\"inLanguage\":\"fr-BE\",\"@id\":\"https:\/\/vieassociative.be\/actualites\/#\/schema\/logo\/image\/\",\"url\":\"https:\/\/vieassociative.be\/actualites\/wp-content\/uploads\/2024\/09\/cropped-vieassociative_favicon.ico.png\",\"contentUrl\":\"https:\/\/vieassociative.be\/actualites\/wp-content\/uploads\/2024\/09\/cropped-vieassociative_favicon.ico.png\",\"width\":512,\"height\":512,\"caption\":\"Vie Associative\"},\"image\":{\"@id\":\"https:\/\/vieassociative.be\/actualites\/#\/schema\/logo\/image\/\"}},{\"@type\":\"Person\",\"@id\":\"https:\/\/vieassociative.be\/actualites\/#\/schema\/person\/b87ac4f82f9d4e7b7cec7395b679edc4\",\"name\":\"Julien\",\"image\":{\"@type\":\"ImageObject\",\"inLanguage\":\"fr-BE\",\"@id\":\"https:\/\/vieassociative.be\/actualites\/#\/schema\/person\/image\/\",\"url\":\"https:\/\/vieassociative.be\/actualites\/wp-content\/uploads\/2024\/09\/vie-associative-1-150x150.jpg\",\"contentUrl\":\"https:\/\/vieassociative.be\/actualites\/wp-content\/uploads\/2024\/09\/vie-associative-1-150x150.jpg\",\"caption\":\"Julien\"},\"description\":\"Je suis Julien, r\u00e9dacteur pour Vie Associative. Passionn\u00e9 par le monde associatif depuis plus de 10 ans, j'ai \u00e0 c\u0153ur de partager des histoires inspirantes et de mettre en lumi\u00e8re les initiatives locales. Mon objectif est de sensibiliser et d'encourager l'engagement communautaire \u00e0 travers mes articles.\",\"sameAs\":[\"https:\/\/vieassociative.be\/\"]}]}<\/script>\n<!-- \/ Yoast SEO plugin. -->","yoast_head_json":{"title":"Les meilleures offres Prime Day pour la rentr\u00e9e scolaire | Vie Associative","robots":{"index":"index","follow":"follow","max-snippet":"max-snippet:-1","max-image-preview":"max-image-preview:large","max-video-preview":"max-video-preview:-1"},"canonical":"https:\/\/vieassociative.be\/actualites\/les-meilleures-offres-prime-day-pour-la-rentree-scolaire\/","og_locale":"fr_FR","og_type":"article","og_title":"Les meilleures offres Prime Day pour la rentr\u00e9e scolaire | Vie Associative","og_description":"Il existe des offres sur les \u00e9couteurs Sony, les imprimantes HP et les Kindle Scribes avec jusqu&rsquo;\u00e0 55 % de r\u00e9duction. Le Prime Day d\u00e9bute","og_url":"https:\/\/vieassociative.be\/actualites\/les-meilleures-offres-prime-day-pour-la-rentree-scolaire\/","og_site_name":"Vie Associative","article_published_time":"2024-09-21T09:40:40+00:00","og_image":[{"width":279,"height":92,"url":"https:\/\/vieassociative.be\/actualites\/wp-content\/uploads\/2024\/09\/header_backgroundk-01-e1726694325946.png","type":"image\/png"}],"author":"Julien","twitter_card":"summary_large_image","twitter_misc":{"\u00c9crit par":"Julien","Dur\u00e9e de lecture est.":"3 minutes"},"schema":{"@context":"https:\/\/schema.org","@graph":[{"@type":"Article","@id":"https:\/\/vieassociative.be\/actualites\/les-meilleures-offres-prime-day-pour-la-rentree-scolaire\/#article","isPartOf":{"@id":"https:\/\/vieassociative.be\/actualites\/les-meilleures-offres-prime-day-pour-la-rentree-scolaire\/"},"author":{"name":"Julien","@id":"https:\/\/vieassociative.be\/actualites\/#\/schema\/person\/b87ac4f82f9d4e7b7cec7395b679edc4"},"headline":"Les meilleures offres Prime Day pour la rentr\u00e9e scolaire","datePublished":"2024-09-21T09:40:40+00:00","dateModified":"2024-09-21T09:40:40+00:00","mainEntityOfPage":{"@id":"https:\/\/vieassociative.be\/actualites\/les-meilleures-offres-prime-day-pour-la-rentree-scolaire\/"},"wordCount":602,"publisher":{"@id":"https:\/\/vieassociative.be\/actualites\/#organization"},"image":{"@id":"https:\/\/vieassociative.be\/actualites\/les-meilleures-offres-prime-day-pour-la-rentree-scolaire\/#primaryimage"},"thumbnailUrl":"https:\/\/vieassociative.be\/actualites\/wp-content\/uploads\/2024\/09\/Les-meilleures-offres-Prime-Day-pour-la-rentree-scolaire.png","keywords":["Day","Les","meilleures","offres","pour","Prime","rentr\u00e9e","scolaire"],"articleSection":["Famille"],"inLanguage":"fr-BE"},{"@type":"WebPage","@id":"https:\/\/vieassociative.be\/actualites\/les-meilleures-offres-prime-day-pour-la-rentree-scolaire\/","url":"https:\/\/vieassociative.be\/actualites\/les-meilleures-offres-prime-day-pour-la-rentree-scolaire\/","name":"Les meilleures offres Prime Day pour la rentr\u00e9e scolaire | Vie Associative","isPartOf":{"@id":"https:\/\/vieassociative.be\/actualites\/#website"},"primaryImageOfPage":{"@id":"https:\/\/vieassociative.be\/actualites\/les-meilleures-offres-prime-day-pour-la-rentree-scolaire\/#primaryimage"},"image":{"@id":"https:\/\/vieassociative.be\/actualites\/les-meilleures-offres-prime-day-pour-la-rentree-scolaire\/#primaryimage"},"thumbnailUrl":"https:\/\/vieassociative.be\/actualites\/wp-content\/uploads\/2024\/09\/Les-meilleures-offres-Prime-Day-pour-la-rentree-scolaire.png","datePublished":"2024-09-21T09:40:40+00:00","dateModified":"2024-09-21T09:40:40+00:00","breadcrumb":{"@id":"https:\/\/vieassociative.be\/actualites\/les-meilleures-offres-prime-day-pour-la-rentree-scolaire\/#breadcrumb"},"inLanguage":"fr-BE","potentialAction":[{"@type":"ReadAction","target":["https:\/\/vieassociative.be\/actualites\/les-meilleures-offres-prime-day-pour-la-rentree-scolaire\/"]}]},{"@type":"ImageObject","inLanguage":"fr-BE","@id":"https:\/\/vieassociative.be\/actualites\/les-meilleures-offres-prime-day-pour-la-rentree-scolaire\/#primaryimage","url":"https:\/\/vieassociative.be\/actualites\/wp-content\/uploads\/2024\/09\/Les-meilleures-offres-Prime-Day-pour-la-rentree-scolaire.png","contentUrl":"https:\/\/vieassociative.be\/actualites\/wp-content\/uploads\/2024\/09\/Les-meilleures-offres-Prime-Day-pour-la-rentree-scolaire.png","width":1200,"height":675,"caption":"Les meilleures offres Prime Day pour la rentr\u00e9e scolaire"},{"@type":"BreadcrumbList","@id":"https:\/\/vieassociative.be\/actualites\/les-meilleures-offres-prime-day-pour-la-rentree-scolaire\/#breadcrumb","itemListElement":[{"@type":"ListItem","position":1,"name":"Accueil","item":"https:\/\/vieassociative.be\/actualites\/"},{"@type":"ListItem","position":2,"name":"Les meilleures offres Prime Day pour la rentr\u00e9e scolaire"}]},{"@type":"WebSite","@id":"https:\/\/vieassociative.be\/actualites\/#website","url":"https:\/\/vieassociative.be\/actualites\/","name":"Vie Associative","description":"","publisher":{"@id":"https:\/\/vieassociative.be\/actualites\/#organization"},"potentialAction":[{"@type":"SearchAction","target":{"@type":"EntryPoint","urlTemplate":"https:\/\/vieassociative.be\/actualites\/?s={search_term_string}"},"query-input":{"@type":"PropertyValueSpecification","valueRequired":true,"valueName":"search_term_string"}}],"inLanguage":"fr-BE"},{"@type":"Organization","@id":"https:\/\/vieassociative.be\/actualites\/#organization","name":"Vie Associative","url":"https:\/\/vieassociative.be\/actualites\/","logo":{"@type":"ImageObject","inLanguage":"fr-BE","@id":"https:\/\/vieassociative.be\/actualites\/#\/schema\/logo\/image\/","url":"https:\/\/vieassociative.be\/actualites\/wp-content\/uploads\/2024\/09\/cropped-vieassociative_favicon.ico.png","contentUrl":"https:\/\/vieassociative.be\/actualites\/wp-content\/uploads\/2024\/09\/cropped-vieassociative_favicon.ico.png","width":512,"height":512,"caption":"Vie Associative"},"image":{"@id":"https:\/\/vieassociative.be\/actualites\/#\/schema\/logo\/image\/"}},{"@type":"Person","@id":"https:\/\/vieassociative.be\/actualites\/#\/schema\/person\/b87ac4f82f9d4e7b7cec7395b679edc4","name":"Julien","image":{"@type":"ImageObject","inLanguage":"fr-BE","@id":"https:\/\/vieassociative.be\/actualites\/#\/schema\/person\/image\/","url":"https:\/\/vieassociative.be\/actualites\/wp-content\/uploads\/2024\/09\/vie-associative-1-150x150.jpg","contentUrl":"https:\/\/vieassociative.be\/actualites\/wp-content\/uploads\/2024\/09\/vie-associative-1-150x150.jpg","caption":"Julien"},"description":"Je suis Julien, r\u00e9dacteur pour Vie Associative. Passionn\u00e9 par le monde associatif depuis plus de 10 ans, j'ai \u00e0 c\u0153ur de partager des histoires inspirantes et de mettre en lumi\u00e8re les initiatives locales. Mon objectif est de sensibiliser et d'encourager l'engagement communautaire \u00e0 travers mes articles.","sameAs":["https:\/\/vieassociative.be\/"]}]}},"_links":{"self":[{"href":"https:\/\/vieassociative.be\/actualites\/wp-json\/wp\/v2\/posts\/197"}],"collection":[{"href":"https:\/\/vieassociative.be\/actualites\/wp-json\/wp\/v2\/posts"}],"about":[{"href":"https:\/\/vieassociative.be\/actualites\/wp-json\/wp\/v2\/types\/post"}],"author":[{"embeddable":true,"href":"https:\/\/vieassociative.be\/actualites\/wp-json\/wp\/v2\/users\/1"}],"replies":[{"embeddable":true,"href":"https:\/\/vieassociative.be\/actualites\/wp-json\/wp\/v2\/comments?post=197"}],"version-history":[{"count":0,"href":"https:\/\/vieassociative.be\/actualites\/wp-json\/wp\/v2\/posts\/197\/revisions"}],"wp:featuredmedia":[{"embeddable":true,"href":"https:\/\/vieassociative.be\/actualites\/wp-json\/wp\/v2\/media\/198"}],"wp:attachment":[{"href":"https:\/\/vieassociative.be\/actualites\/wp-json\/wp\/v2\/media?parent=197"}],"wp:term":[{"taxonomy":"category","embeddable":true,"href":"https:\/\/vieassociative.be\/actualites\/wp-json\/wp\/v2\/categories?post=197"},{"taxonomy":"post_tag","embeddable":true,"href":"https:\/\/vieassociative.be\/actualites\/wp-json\/wp\/v2\/tags?post=197"}],"curies":[{"name":"wp","href":"https:\/\/api.w.org\/{rel}","templated":true}]}}