{"id":1969,"date":"2024-11-03T06:16:56","date_gmt":"2024-11-03T05:16:56","guid":{"rendered":"https:\/\/vieassociative.be\/actualites\/comment-reperer-un-retard-moteur-global-chez-votre-enfant\/"},"modified":"2024-11-03T06:16:56","modified_gmt":"2024-11-03T05:16:56","slug":"comment-reperer-un-retard-moteur-global-chez-votre-enfant","status":"publish","type":"post","link":"https:\/\/vieassociative.be\/actualites\/comment-reperer-un-retard-moteur-global-chez-votre-enfant\/","title":{"rendered":"Comment rep\u00e9rer un retard moteur global chez votre enfant"},"content":{"rendered":"<div class=\"mt-4 leading-6 md:mb-8\">Et comment les aider \u00e0 d\u00e9velopper les comp\u00e9tences dont ils ont besoin s\u2019ils accusent un retard.<\/div>\n<p><\/p>\n<p>Lorsqu&rsquo;un enfant ne parvient pas \u00e0 atteindre ses \u00e9tapes de d\u00e9veloppement en ce qui concerne les grands groupes musculaires, cela peut \u00eatre une source d&rsquo;inqui\u00e9tude et indiquer que votre enfant peut avoir un retard moteur global. La plupart des enfants d\u00e9veloppent ces comp\u00e9tences gr\u00e2ce \u00e0 des jeux habituels, comme grimper sur des oreillers ou passer et \u00e9ventuellement lancer une balle. \u00c9quilibrer, franchir la ligne m\u00e9diane (comme faire une vigne) et \u00eatre capable de sauter sur une jambe sont autant d&rsquo;activit\u00e9s qui int\u00e8grent la motricit\u00e9 globale. Mais des comp\u00e9tences simples comme s\u2019asseoir dans une bonne posture, se retourner dans les deux sens et \u00eatre capable de se lever sans tomber font \u00e9galement appel \u00e0 la motricit\u00e9 globale. <\/p>\n<h2 id=\"how-do-you-know-if-your-child-has-a-gross-motor-delay\">Comment savoir si votre enfant a un retard moteur global ?<\/h2>\n<p>Les enfants \u00e9voluent \u00e0 leur rythme. Certains enfants qui ne rampent jamais marchent t\u00f4t et n\u2019ont jamais de probl\u00e8mes de motricit\u00e9 globale. Certains enfants se retournent plus tard que d&rsquo;autres et certains enfants font leurs premiers pas \u00e0 dix mois dans la baignoire (hum, mon enfant). <\/p>\n<p>Alors qu\u2019un nouveau-n\u00e9 ne peut faire que des mouvements saccad\u00e9s et tourner la t\u00eate, entre trois et six mois, les b\u00e9b\u00e9s devraient :<\/p>\n<ul>\n<li>\n<p>Rouler du ventre vers le dos<\/p>\n<\/li>\n<li>\n<p>Asseyez-vous avec du soutien<\/p>\n<\/li>\n<li>\n<p>Soulevez la t\u00eate et la poitrine en \u00e9tant allong\u00e9 sur le ventre<\/p>\n<\/li>\n<\/ul>\n<p>Au fur et \u00e0 mesure qu\u2019ils progressent dans leur position assise et roulante, d\u2019ici un an, ils devraient\u00a0:<\/p>\n<ul>\n<li>\n<p>Crawl<\/p>\n<\/li>\n<li>\n<p>Asseyez-vous sans support<\/p>\n<\/li>\n<li>\n<p>Tirez pour rester debout<\/p>\n<\/li>\n<\/ul>\n<p>\u00c0 quinze mois, les b\u00e9b\u00e9s devraient commencer \u00e0 marcher. Les enfants plus \u00e2g\u00e9s ont un d\u00e9veloppement un peu plus variable, mais certains signes pouvant indiquer un retard moteur global chez les enfants sont\u00a0: <\/p>\n<ul>\n<li>\n<p>Faiblesse g\u00e9n\u00e9rale ou faible tonus musculaire <\/p>\n<\/li>\n<li>\n<p>Mauvais \u00e9quilibre ou chutes fr\u00e9quentes <\/p>\n<\/li>\n<li>\n<p>Difficult\u00e9 \u00e0 lancer ou \u00e0 attraper une balle <\/p>\n<\/li>\n<li>\n<p>Besoin de soutien pour s&rsquo;asseoir ou avoir une mauvaise posture assise<\/p>\n<\/li>\n<li>\n<p>Difficult\u00e9 \u00e0 sauter, \u00e0 sauter ou \u00e0 sauter<\/p>\n<\/li>\n<\/ul>\n<p>Il existe diff\u00e9rents types de retard moteur global. L\u2019une d\u2019elles concerne la coordination bilat\u00e9rale, l\u2019utilisation simultan\u00e9e des deux c\u00f4t\u00e9s du corps de mani\u00e8re coordonn\u00e9e, comme faire du v\u00e9lo. Un autre probl\u00e8me est le manque de force de base ou d\u2019endurance posturale, et un autre probl\u00e8me concerne la coordination des membres sup\u00e9rieurs, comme frapper une balle de baseball. <\/p>\n<p>\u00abParlez toujours \u00e0 votre p\u00e9diatre de toute pr\u00e9occupation que vous pourriez avoir concernant la croissance et le d\u00e9veloppement de votre enfant, car son expertise en mati\u00e8re de diagnostic diff\u00e9rentiel est importante\u00bb, explique Caitlin Sanschagrin, ergoth\u00e9rapeute et co-fondatrice et propri\u00e9taire de Bright SpOT Pediatric Therapy. Ils peuvent s&rsquo;assurer que rien d&rsquo;autre n&rsquo;est \u00e0 l&rsquo;origine du retard et vous rassurer si le retard n&rsquo;est pas pr\u00e9occupant. De nombreux retards disparaissent d\u2019eux-m\u00eames ou gr\u00e2ce \u00e0 une pratique cibl\u00e9e, et certains sont associ\u00e9s \u00e0 d\u2019autres conditions telles que la dyspraxie, un trouble courant de la coordination du d\u00e9veloppement. <\/p>\n<h2 id=\"how-to-help-your-child-manage-a-gross-motor-delay\">Comment aider votre enfant \u00e0 g\u00e9rer un retard moteur global<\/h2>\n<p>Si vous soup\u00e7onnez ou si votre p\u00e9diatre pense que votre enfant a un retard moteur global, Sanschagrin sugg\u00e8re de rechercher des services gratuits d&rsquo;ergoth\u00e9rapie ou de physioth\u00e9rapie par le biais du programme d&rsquo;intervention pr\u00e9coce de votre \u00c9tat ou de l&rsquo;\u00e9cole de votre enfant. \u00abVous \u00eates toujours invit\u00e9s \u00e0 demander une \u00e9valuation th\u00e9rapeutique individuelle et priv\u00e9e aupr\u00e8s d&rsquo;un ergoth\u00e9rapeute ou d&rsquo;un physioth\u00e9rapeute\u00bb, dit-elle. Consultez toujours votre assurance avant d\u2019entamer un processus d\u2019\u00e9valuation. Certains r\u00e9gimes d&rsquo;assurance couvrent une partie ou la totalit\u00e9 des \u00e9valuations, tandis que d&rsquo;autres ne le font pas. De nombreuses assurances couvrent l&rsquo;ergoth\u00e9rapie ou la physioth\u00e9rapie, mais certaines limitent le nombre de visites que vous pouvez effectuer au cours d&rsquo;une ann\u00e9e civile. <\/p>\n<p>Vous pouvez \u00e9galement travailler vos comp\u00e9tences \u00e0 la maison. Sanschagrin d\u00e9clare : \u00ab Le jeu est la modalit\u00e9 la plus efficace pour apprendre et d\u00e9velopper la motricit\u00e9 globale. \u00bb En gardant cela amusant et engageant pour votre enfant, cela ressemblera \u00e0 un jeu. Elle sugg\u00e8re : \u00ab Les parents peuvent encourager leurs enfants \u00e0 participer \u00e0 des activit\u00e9s physiques adapt\u00e9es \u00e0 leur \u00e2ge et \u00e0 leur niveau de d\u00e9veloppement. Cela peut inclure des activit\u00e9s telles que passer du temps sur le ventre, ramper, marcher, courir, sauter et grimper.<\/p>\n<p>Vous pouvez choisir d&rsquo;apporter des ajustements \u00e0 votre maison afin de r\u00e9pondre aux besoins de votre enfant. \u00ab Les parents doivent cr\u00e9er un environnement s\u00fbr et stimulant qui encourage l&rsquo;exploration et le mouvement de leur enfant \u00bb, explique Sanschagrin. \u00ab\u00a0Cela peut inclure la fourniture de jouets et d&rsquo;\u00e9quipements favorisant le d\u00e9veloppement de la motricit\u00e9 globale, tels que des ballons, des structures d&rsquo;escalade et des jouets \u00e0 pousser.\u00a0\u00bb De nombreuses familles, en r\u00e9action \u00e0 la pand\u00e9mie, ont \u00e9quip\u00e9 leur garage, leur cour ou leur sous-sol de murs d&rsquo;escalade, de maisons gonflables ou d&rsquo;autres \u00e9quipements de gymnastique pour enfants. Pour les familles qui n\u2019ont pas l\u2019espace ni l\u2019int\u00e9r\u00eat de transformer leur maison en salle de jeux, des visites plus fr\u00e9quentes aux terrains de jeux int\u00e9rieurs ou ext\u00e9rieurs peuvent convenir \u00e0 un enfant qui a besoin de d\u00e9veloppement de la motricit\u00e9 globale. <\/p>\n<h2 id=\"how-to-talk-to-school-about-a-gross-motor-delay\">Comment parler \u00e0 l&rsquo;\u00e9cole d&rsquo;un retard moteur global<\/h2>\n<p>Un enfant pr\u00e9sentant un retard moteur global peut para\u00eetre maladroit ou peu sportif et il peut \u00eatre judicieux d&rsquo;avertir les enseignants ou les autres membres du personnel scolaire pour les aider \u00e0 \u00e9viter l&rsquo;intimidation ou toute autre discrimination. \u00ab Expliquez la situation \u00bb, dit Sanschagrin. \u00ab\u00a0Fournissez des informations factuelles sur le retard moteur global de l&rsquo;enfant, y compris tout diagnostic ou \u00e9valuation m\u00e9dicale pertinente. Soyez clair sur la mani\u00e8re dont le retard moteur global affecte la vie quotidienne de l&rsquo;enfant et sur les d\u00e9fis sp\u00e9cifiques auxquels il peut \u00eatre confront\u00e9.<\/p>\n<p>\u00c0 partir de l\u00e0, \u00e9laborez un plan pour r\u00e9pondre aux besoins de votre enfant. En fonction du diagnostic de votre enfant et des lois particuli\u00e8res de votre \u00e9tat, il peut \u00eatre admissible \u00e0 un programme d&rsquo;enseignement individualis\u00e9 (IEP) ou \u00e0 un plan 504. Lors de cette r\u00e9union ou lors d&rsquo;une r\u00e9union informelle avec votre \u00e9cole, Sanschagrin conseille de \u00ab discuter des am\u00e9nagements ou modifications sp\u00e9cifiques dont votre enfant pourrait avoir besoin pour r\u00e9ussir. Par exemple, votre enfant peut avoir besoin de plus de temps pour passer d\u2019une activit\u00e9 \u00e0 une autre ou d\u2019une disposition diff\u00e9rente des si\u00e8ges pour mieux soutenir sa posture.<\/p>\n<p>Elle dit de ne pas oublier de partager les forces de votre enfant. \u00ab S&rsquo;il est essentiel de discuter du retard moteur global de votre enfant, il est \u00e9galement essentiel de mettre en valeur ses forces et ses capacit\u00e9s. Partagez ce que votre enfant aime et dans lequel il excelle pour aider l&rsquo;enseignant, le parent ou l&rsquo;ami \u00e0 comprendre que le retard moteur global n&rsquo;est qu&rsquo;un aspect du d\u00e9veloppement de votre enfant. De nombreux \u00e9ducateurs qualifi\u00e9s auront d\u2019excellentes id\u00e9es pour aider votre enfant. \u00ab\u00a0Insistez sur le fait que vous \u00eates ouvert \u00e0 leurs suggestions et contributions et que vous appr\u00e9ciez leur collaboration\u00a0\u00bb, explique Sanschagrin. <\/p>\n<h2 id=\"other-conditions\">Autres conditions <\/h2>\n<p>De nombreux enfants souffrant d\u2019autres pathologies pr\u00e9sentent des retards moteurs globals. Les enfants n\u00e9s pr\u00e9matur\u00e9ment qui souffrent de maladies g\u00e9n\u00e9tiques telles que le syndrome de Down, de maladies nerveuses telles que la paralysie c\u00e9r\u00e9brale ou de diagnostics de d\u00e9veloppement tels que l&rsquo;autisme pr\u00e9sentent des retards moteurs bruts. Certains enfants atteints d\u2019hypothyro\u00efdie pr\u00e9sentent \u00e9galement des retards moteurs globals. <\/p>\n<p>Cependant, si votre enfant ne souffre d\u2019aucune maladie connue auparavant, il n\u2019y a peut-\u00eatre pas lieu de s\u2019inqui\u00e9ter. Sanschagrin dit : \u00ab La corr\u00e9lation n\u2019\u00e9quivaut en aucun cas \u00e0 la causalit\u00e9. J\u2019ai vu de nombreux enfants qui avaient simplement besoin d\u2019am\u00e9liorer leur motricit\u00e9 globale, m\u00eame s\u2019ils excellaient verbalement ou cognitivement. Quelle que soit la raison du retard moteur global de votre enfant, y rem\u00e9dier t\u00f4t et avec des interventions cibl\u00e9es l&rsquo;aidera \u00e0 avoir confiance en son corps \u00e0 mesure qu&rsquo;il grandit. <\/p>\n","protected":false},"excerpt":{"rendered":"<p>Et comment les aider \u00e0 d\u00e9velopper les comp\u00e9tences dont ils ont besoin s\u2019ils accusent un retard. Lorsqu&rsquo;un enfant ne parvient pas \u00e0 atteindre ses \u00e9tapes<\/p>\n","protected":false},"author":1,"featured_media":1970,"comment_status":"","ping_status":"","sticky":false,"template":"","format":"standard","meta":{"footnotes":""},"categories":[37],"tags":[1287,44,295,2689,2688,604,801,8],"class_list":["post-1969","post","type-post","status-publish","format-standard","has-post-thumbnail","hentry","category-famille","tag-chez","tag-comment","tag-enfant","tag-global","tag-moteur","tag-reperer","tag-retard","tag-votre","generate-columns","tablet-grid-50","mobile-grid-100","grid-parent","grid-33"],"yoast_head":"<!-- This site is optimized with the Yoast SEO plugin v24.0 - https:\/\/yoast.com\/wordpress\/plugins\/seo\/ -->\n<title>Comment rep\u00e9rer un retard moteur global chez votre enfant | Vie Associative<\/title>\n<meta name=\"robots\" content=\"index, follow, max-snippet:-1, max-image-preview:large, max-video-preview:-1\" \/>\n<link rel=\"canonical\" href=\"https:\/\/vieassociative.be\/actualites\/comment-reperer-un-retard-moteur-global-chez-votre-enfant\/\" \/>\n<meta property=\"og:locale\" content=\"fr_FR\" \/>\n<meta property=\"og:type\" content=\"article\" \/>\n<meta property=\"og:title\" content=\"Comment rep\u00e9rer un retard moteur global chez votre enfant | Vie Associative\" \/>\n<meta property=\"og:description\" content=\"Et comment les aider \u00e0 d\u00e9velopper les comp\u00e9tences dont ils ont besoin s\u2019ils accusent un retard. Lorsqu&rsquo;un enfant ne parvient pas \u00e0 atteindre ses \u00e9tapes\" \/>\n<meta property=\"og:url\" content=\"https:\/\/vieassociative.be\/actualites\/comment-reperer-un-retard-moteur-global-chez-votre-enfant\/\" \/>\n<meta property=\"og:site_name\" content=\"Vie Associative\" \/>\n<meta property=\"article:published_time\" content=\"2024-11-03T05:16:56+00:00\" \/>\n<meta property=\"og:image\" content=\"https:\/\/vieassociative.be\/actualites\/wp-content\/uploads\/2024\/09\/header_backgroundk-01-e1726694325946.png\" \/>\n\t<meta property=\"og:image:width\" content=\"279\" \/>\n\t<meta property=\"og:image:height\" content=\"92\" \/>\n\t<meta property=\"og:image:type\" content=\"image\/png\" \/>\n<meta name=\"author\" content=\"Julien\" \/>\n<meta name=\"twitter:card\" content=\"summary_large_image\" \/>\n<meta name=\"twitter:label1\" content=\"\u00c9crit par\" \/>\n\t<meta name=\"twitter:data1\" content=\"Julien\" \/>\n\t<meta name=\"twitter:label2\" content=\"Dur\u00e9e de lecture est.\" \/>\n\t<meta name=\"twitter:data2\" content=\"7 minutes\" \/>\n<script type=\"application\/ld+json\" class=\"yoast-schema-graph\">{\"@context\":\"https:\/\/schema.org\",\"@graph\":[{\"@type\":\"Article\",\"@id\":\"https:\/\/vieassociative.be\/actualites\/comment-reperer-un-retard-moteur-global-chez-votre-enfant\/#article\",\"isPartOf\":{\"@id\":\"https:\/\/vieassociative.be\/actualites\/comment-reperer-un-retard-moteur-global-chez-votre-enfant\/\"},\"author\":{\"name\":\"Julien\",\"@id\":\"https:\/\/vieassociative.be\/actualites\/#\/schema\/person\/b87ac4f82f9d4e7b7cec7395b679edc4\"},\"headline\":\"Comment rep\u00e9rer un retard moteur global chez votre enfant\",\"datePublished\":\"2024-11-03T05:16:56+00:00\",\"dateModified\":\"2024-11-03T05:16:56+00:00\",\"mainEntityOfPage\":{\"@id\":\"https:\/\/vieassociative.be\/actualites\/comment-reperer-un-retard-moteur-global-chez-votre-enfant\/\"},\"wordCount\":1425,\"publisher\":{\"@id\":\"https:\/\/vieassociative.be\/actualites\/#organization\"},\"image\":{\"@id\":\"https:\/\/vieassociative.be\/actualites\/comment-reperer-un-retard-moteur-global-chez-votre-enfant\/#primaryimage\"},\"thumbnailUrl\":\"https:\/\/vieassociative.be\/actualites\/wp-content\/uploads\/2024\/11\/Comment-reperer-un-retard-moteur-global-chez-votre-enfant.jpg\",\"keywords\":[\"chez\",\"Comment\",\"enfant\",\"global\",\"moteur\",\"rep\u00e9rer\",\"retard\",\"votre\"],\"articleSection\":[\"Famille\"],\"inLanguage\":\"fr-BE\"},{\"@type\":\"WebPage\",\"@id\":\"https:\/\/vieassociative.be\/actualites\/comment-reperer-un-retard-moteur-global-chez-votre-enfant\/\",\"url\":\"https:\/\/vieassociative.be\/actualites\/comment-reperer-un-retard-moteur-global-chez-votre-enfant\/\",\"name\":\"Comment rep\u00e9rer un retard moteur global chez votre enfant | Vie Associative\",\"isPartOf\":{\"@id\":\"https:\/\/vieassociative.be\/actualites\/#website\"},\"primaryImageOfPage\":{\"@id\":\"https:\/\/vieassociative.be\/actualites\/comment-reperer-un-retard-moteur-global-chez-votre-enfant\/#primaryimage\"},\"image\":{\"@id\":\"https:\/\/vieassociative.be\/actualites\/comment-reperer-un-retard-moteur-global-chez-votre-enfant\/#primaryimage\"},\"thumbnailUrl\":\"https:\/\/vieassociative.be\/actualites\/wp-content\/uploads\/2024\/11\/Comment-reperer-un-retard-moteur-global-chez-votre-enfant.jpg\",\"datePublished\":\"2024-11-03T05:16:56+00:00\",\"dateModified\":\"2024-11-03T05:16:56+00:00\",\"breadcrumb\":{\"@id\":\"https:\/\/vieassociative.be\/actualites\/comment-reperer-un-retard-moteur-global-chez-votre-enfant\/#breadcrumb\"},\"inLanguage\":\"fr-BE\",\"potentialAction\":[{\"@type\":\"ReadAction\",\"target\":[\"https:\/\/vieassociative.be\/actualites\/comment-reperer-un-retard-moteur-global-chez-votre-enfant\/\"]}]},{\"@type\":\"ImageObject\",\"inLanguage\":\"fr-BE\",\"@id\":\"https:\/\/vieassociative.be\/actualites\/comment-reperer-un-retard-moteur-global-chez-votre-enfant\/#primaryimage\",\"url\":\"https:\/\/vieassociative.be\/actualites\/wp-content\/uploads\/2024\/11\/Comment-reperer-un-retard-moteur-global-chez-votre-enfant.jpg\",\"contentUrl\":\"https:\/\/vieassociative.be\/actualites\/wp-content\/uploads\/2024\/11\/Comment-reperer-un-retard-moteur-global-chez-votre-enfant.jpg\",\"width\":1200,\"height\":675,\"caption\":\"Comment rep\u00e9rer un retard moteur global chez votre enfant\"},{\"@type\":\"BreadcrumbList\",\"@id\":\"https:\/\/vieassociative.be\/actualites\/comment-reperer-un-retard-moteur-global-chez-votre-enfant\/#breadcrumb\",\"itemListElement\":[{\"@type\":\"ListItem\",\"position\":1,\"name\":\"Accueil\",\"item\":\"https:\/\/vieassociative.be\/actualites\/\"},{\"@type\":\"ListItem\",\"position\":2,\"name\":\"Comment rep\u00e9rer un retard moteur global chez votre enfant\"}]},{\"@type\":\"WebSite\",\"@id\":\"https:\/\/vieassociative.be\/actualites\/#website\",\"url\":\"https:\/\/vieassociative.be\/actualites\/\",\"name\":\"Vie Associative\",\"description\":\"\",\"publisher\":{\"@id\":\"https:\/\/vieassociative.be\/actualites\/#organization\"},\"potentialAction\":[{\"@type\":\"SearchAction\",\"target\":{\"@type\":\"EntryPoint\",\"urlTemplate\":\"https:\/\/vieassociative.be\/actualites\/?s={search_term_string}\"},\"query-input\":{\"@type\":\"PropertyValueSpecification\",\"valueRequired\":true,\"valueName\":\"search_term_string\"}}],\"inLanguage\":\"fr-BE\"},{\"@type\":\"Organization\",\"@id\":\"https:\/\/vieassociative.be\/actualites\/#organization\",\"name\":\"Vie Associative\",\"url\":\"https:\/\/vieassociative.be\/actualites\/\",\"logo\":{\"@type\":\"ImageObject\",\"inLanguage\":\"fr-BE\",\"@id\":\"https:\/\/vieassociative.be\/actualites\/#\/schema\/logo\/image\/\",\"url\":\"https:\/\/vieassociative.be\/actualites\/wp-content\/uploads\/2024\/09\/cropped-vieassociative_favicon.ico.png\",\"contentUrl\":\"https:\/\/vieassociative.be\/actualites\/wp-content\/uploads\/2024\/09\/cropped-vieassociative_favicon.ico.png\",\"width\":512,\"height\":512,\"caption\":\"Vie Associative\"},\"image\":{\"@id\":\"https:\/\/vieassociative.be\/actualites\/#\/schema\/logo\/image\/\"}},{\"@type\":\"Person\",\"@id\":\"https:\/\/vieassociative.be\/actualites\/#\/schema\/person\/b87ac4f82f9d4e7b7cec7395b679edc4\",\"name\":\"Julien\",\"image\":{\"@type\":\"ImageObject\",\"inLanguage\":\"fr-BE\",\"@id\":\"https:\/\/vieassociative.be\/actualites\/#\/schema\/person\/image\/\",\"url\":\"https:\/\/vieassociative.be\/actualites\/wp-content\/uploads\/2024\/09\/vie-associative-1-150x150.jpg\",\"contentUrl\":\"https:\/\/vieassociative.be\/actualites\/wp-content\/uploads\/2024\/09\/vie-associative-1-150x150.jpg\",\"caption\":\"Julien\"},\"description\":\"Je suis Julien, r\u00e9dacteur pour Vie Associative. Passionn\u00e9 par le monde associatif depuis plus de 10 ans, j'ai \u00e0 c\u0153ur de partager des histoires inspirantes et de mettre en lumi\u00e8re les initiatives locales. Mon objectif est de sensibiliser et d'encourager l'engagement communautaire \u00e0 travers mes articles.\",\"sameAs\":[\"https:\/\/vieassociative.be\/\"]}]}<\/script>\n<!-- \/ Yoast SEO plugin. -->","yoast_head_json":{"title":"Comment rep\u00e9rer un retard moteur global chez votre enfant | Vie Associative","robots":{"index":"index","follow":"follow","max-snippet":"max-snippet:-1","max-image-preview":"max-image-preview:large","max-video-preview":"max-video-preview:-1"},"canonical":"https:\/\/vieassociative.be\/actualites\/comment-reperer-un-retard-moteur-global-chez-votre-enfant\/","og_locale":"fr_FR","og_type":"article","og_title":"Comment rep\u00e9rer un retard moteur global chez votre enfant | Vie Associative","og_description":"Et comment les aider \u00e0 d\u00e9velopper les comp\u00e9tences dont ils ont besoin s\u2019ils accusent un retard. Lorsqu&rsquo;un enfant ne parvient pas \u00e0 atteindre ses \u00e9tapes","og_url":"https:\/\/vieassociative.be\/actualites\/comment-reperer-un-retard-moteur-global-chez-votre-enfant\/","og_site_name":"Vie Associative","article_published_time":"2024-11-03T05:16:56+00:00","og_image":[{"width":279,"height":92,"url":"https:\/\/vieassociative.be\/actualites\/wp-content\/uploads\/2024\/09\/header_backgroundk-01-e1726694325946.png","type":"image\/png"}],"author":"Julien","twitter_card":"summary_large_image","twitter_misc":{"\u00c9crit par":"Julien","Dur\u00e9e de lecture est.":"7 minutes"},"schema":{"@context":"https:\/\/schema.org","@graph":[{"@type":"Article","@id":"https:\/\/vieassociative.be\/actualites\/comment-reperer-un-retard-moteur-global-chez-votre-enfant\/#article","isPartOf":{"@id":"https:\/\/vieassociative.be\/actualites\/comment-reperer-un-retard-moteur-global-chez-votre-enfant\/"},"author":{"name":"Julien","@id":"https:\/\/vieassociative.be\/actualites\/#\/schema\/person\/b87ac4f82f9d4e7b7cec7395b679edc4"},"headline":"Comment rep\u00e9rer un retard moteur global chez votre enfant","datePublished":"2024-11-03T05:16:56+00:00","dateModified":"2024-11-03T05:16:56+00:00","mainEntityOfPage":{"@id":"https:\/\/vieassociative.be\/actualites\/comment-reperer-un-retard-moteur-global-chez-votre-enfant\/"},"wordCount":1425,"publisher":{"@id":"https:\/\/vieassociative.be\/actualites\/#organization"},"image":{"@id":"https:\/\/vieassociative.be\/actualites\/comment-reperer-un-retard-moteur-global-chez-votre-enfant\/#primaryimage"},"thumbnailUrl":"https:\/\/vieassociative.be\/actualites\/wp-content\/uploads\/2024\/11\/Comment-reperer-un-retard-moteur-global-chez-votre-enfant.jpg","keywords":["chez","Comment","enfant","global","moteur","rep\u00e9rer","retard","votre"],"articleSection":["Famille"],"inLanguage":"fr-BE"},{"@type":"WebPage","@id":"https:\/\/vieassociative.be\/actualites\/comment-reperer-un-retard-moteur-global-chez-votre-enfant\/","url":"https:\/\/vieassociative.be\/actualites\/comment-reperer-un-retard-moteur-global-chez-votre-enfant\/","name":"Comment rep\u00e9rer un retard moteur global chez votre enfant | Vie Associative","isPartOf":{"@id":"https:\/\/vieassociative.be\/actualites\/#website"},"primaryImageOfPage":{"@id":"https:\/\/vieassociative.be\/actualites\/comment-reperer-un-retard-moteur-global-chez-votre-enfant\/#primaryimage"},"image":{"@id":"https:\/\/vieassociative.be\/actualites\/comment-reperer-un-retard-moteur-global-chez-votre-enfant\/#primaryimage"},"thumbnailUrl":"https:\/\/vieassociative.be\/actualites\/wp-content\/uploads\/2024\/11\/Comment-reperer-un-retard-moteur-global-chez-votre-enfant.jpg","datePublished":"2024-11-03T05:16:56+00:00","dateModified":"2024-11-03T05:16:56+00:00","breadcrumb":{"@id":"https:\/\/vieassociative.be\/actualites\/comment-reperer-un-retard-moteur-global-chez-votre-enfant\/#breadcrumb"},"inLanguage":"fr-BE","potentialAction":[{"@type":"ReadAction","target":["https:\/\/vieassociative.be\/actualites\/comment-reperer-un-retard-moteur-global-chez-votre-enfant\/"]}]},{"@type":"ImageObject","inLanguage":"fr-BE","@id":"https:\/\/vieassociative.be\/actualites\/comment-reperer-un-retard-moteur-global-chez-votre-enfant\/#primaryimage","url":"https:\/\/vieassociative.be\/actualites\/wp-content\/uploads\/2024\/11\/Comment-reperer-un-retard-moteur-global-chez-votre-enfant.jpg","contentUrl":"https:\/\/vieassociative.be\/actualites\/wp-content\/uploads\/2024\/11\/Comment-reperer-un-retard-moteur-global-chez-votre-enfant.jpg","width":1200,"height":675,"caption":"Comment rep\u00e9rer un retard moteur global chez votre enfant"},{"@type":"BreadcrumbList","@id":"https:\/\/vieassociative.be\/actualites\/comment-reperer-un-retard-moteur-global-chez-votre-enfant\/#breadcrumb","itemListElement":[{"@type":"ListItem","position":1,"name":"Accueil","item":"https:\/\/vieassociative.be\/actualites\/"},{"@type":"ListItem","position":2,"name":"Comment rep\u00e9rer un retard moteur global chez votre enfant"}]},{"@type":"WebSite","@id":"https:\/\/vieassociative.be\/actualites\/#website","url":"https:\/\/vieassociative.be\/actualites\/","name":"Vie Associative","description":"","publisher":{"@id":"https:\/\/vieassociative.be\/actualites\/#organization"},"potentialAction":[{"@type":"SearchAction","target":{"@type":"EntryPoint","urlTemplate":"https:\/\/vieassociative.be\/actualites\/?s={search_term_string}"},"query-input":{"@type":"PropertyValueSpecification","valueRequired":true,"valueName":"search_term_string"}}],"inLanguage":"fr-BE"},{"@type":"Organization","@id":"https:\/\/vieassociative.be\/actualites\/#organization","name":"Vie Associative","url":"https:\/\/vieassociative.be\/actualites\/","logo":{"@type":"ImageObject","inLanguage":"fr-BE","@id":"https:\/\/vieassociative.be\/actualites\/#\/schema\/logo\/image\/","url":"https:\/\/vieassociative.be\/actualites\/wp-content\/uploads\/2024\/09\/cropped-vieassociative_favicon.ico.png","contentUrl":"https:\/\/vieassociative.be\/actualites\/wp-content\/uploads\/2024\/09\/cropped-vieassociative_favicon.ico.png","width":512,"height":512,"caption":"Vie Associative"},"image":{"@id":"https:\/\/vieassociative.be\/actualites\/#\/schema\/logo\/image\/"}},{"@type":"Person","@id":"https:\/\/vieassociative.be\/actualites\/#\/schema\/person\/b87ac4f82f9d4e7b7cec7395b679edc4","name":"Julien","image":{"@type":"ImageObject","inLanguage":"fr-BE","@id":"https:\/\/vieassociative.be\/actualites\/#\/schema\/person\/image\/","url":"https:\/\/vieassociative.be\/actualites\/wp-content\/uploads\/2024\/09\/vie-associative-1-150x150.jpg","contentUrl":"https:\/\/vieassociative.be\/actualites\/wp-content\/uploads\/2024\/09\/vie-associative-1-150x150.jpg","caption":"Julien"},"description":"Je suis Julien, r\u00e9dacteur pour Vie Associative. Passionn\u00e9 par le monde associatif depuis plus de 10 ans, j'ai \u00e0 c\u0153ur de partager des histoires inspirantes et de mettre en lumi\u00e8re les initiatives locales. Mon objectif est de sensibiliser et d'encourager l'engagement communautaire \u00e0 travers mes articles.","sameAs":["https:\/\/vieassociative.be\/"]}]}},"_links":{"self":[{"href":"https:\/\/vieassociative.be\/actualites\/wp-json\/wp\/v2\/posts\/1969"}],"collection":[{"href":"https:\/\/vieassociative.be\/actualites\/wp-json\/wp\/v2\/posts"}],"about":[{"href":"https:\/\/vieassociative.be\/actualites\/wp-json\/wp\/v2\/types\/post"}],"author":[{"embeddable":true,"href":"https:\/\/vieassociative.be\/actualites\/wp-json\/wp\/v2\/users\/1"}],"replies":[{"embeddable":true,"href":"https:\/\/vieassociative.be\/actualites\/wp-json\/wp\/v2\/comments?post=1969"}],"version-history":[{"count":0,"href":"https:\/\/vieassociative.be\/actualites\/wp-json\/wp\/v2\/posts\/1969\/revisions"}],"wp:featuredmedia":[{"embeddable":true,"href":"https:\/\/vieassociative.be\/actualites\/wp-json\/wp\/v2\/media\/1970"}],"wp:attachment":[{"href":"https:\/\/vieassociative.be\/actualites\/wp-json\/wp\/v2\/media?parent=1969"}],"wp:term":[{"taxonomy":"category","embeddable":true,"href":"https:\/\/vieassociative.be\/actualites\/wp-json\/wp\/v2\/categories?post=1969"},{"taxonomy":"post_tag","embeddable":true,"href":"https:\/\/vieassociative.be\/actualites\/wp-json\/wp\/v2\/tags?post=1969"}],"curies":[{"name":"wp","href":"https:\/\/api.w.org\/{rel}","templated":true}]}}