{"id":1961,"date":"2024-11-03T01:20:30","date_gmt":"2024-11-03T00:20:30","guid":{"rendered":"https:\/\/vieassociative.be\/actualites\/faut-il-arreter-de-fumer-pour-une-relation\/"},"modified":"2024-11-03T01:20:30","modified_gmt":"2024-11-03T00:20:30","slug":"faut-il-arreter-de-fumer-pour-une-relation","status":"publish","type":"post","link":"https:\/\/vieassociative.be\/actualites\/faut-il-arreter-de-fumer-pour-une-relation\/","title":{"rendered":"Faut-il arr\u00eater de fumer pour une relation ?"},"content":{"rendered":"<div class=\"mt-4 leading-6 md:mb-8\">Vous savez que c&rsquo;est malsain, mais vous le faites quand m\u00eame, mais que se passe-t-il si votre partenaire n&rsquo;est pas d&rsquo;accord avec \u00e7a ?<\/div>\n<p><\/p>\n<p>Vous savez d\u00e9j\u00e0 que fumer est mauvais pour vous. Il y a des panneaux d&rsquo;affichage, des publicit\u00e9s et des photos de cr\u00e2nes sur des bo\u00eetes de cigarettes pour vous le dire, comme si vous n&rsquo;entendiez pas \u00e9galement des commentaires laconiques d&rsquo;\u00e9trangers offens\u00e9s par vos bouff\u00e9es de fum\u00e9e lorsque vous les croisez dans la rue. \u00c0 ce stade, quiconque fume le fait en sachant que ce n\u2019est pas une habitude saine, ce qui signifie qu\u2019il s\u2019agit d\u2019un choix actif de donner la priorit\u00e9 au plaisir.<\/p>\n<p>Si vous fumez, c&rsquo;est enti\u00e8rement \u00e0 vous de d\u00e9cider, et m\u00eame si ce n&rsquo;est pas bon pour votre corps, vous pouvez prendre vos propres d\u00e9cisions ! Mais que se passe-t-il si un partenaire d\u00e9teste vraiment \u00e7a ? Faut-il arr\u00eater de fumer pour eux ? Comme tant d\u2019autres choses dans les relations, cela d\u00e9pend vraiment d\u2019un certain nombre de facteurs.<\/p>\n<h2 id=\"is-smoking-a-dealbreaker\">Est-ce que fumer est un facteur d\u00e9cisif\u00a0?<\/h2>\n<p>Dans les situations romantiques, il y a des ruptures, mais il y a aussi des \u00ab \u00e9checs \u00bb. Les non-starters, selon Laurel House, experte en relations chez eharmony, \u00absont des valeurs fermes et inflexibles qui ne vous permettent pas de d\u00e9marrer une relation. Ils sont individuels et bas\u00e9s sur vos propres exp\u00e9riences et besoins de vie. Par exemple, ils peuvent parler de religion, de politique, de drogue, d\u2019alcool, d\u2019une mauvaise relation avec leur ex, de n\u00e9gativit\u00e9 ou de finances.<\/p>\n<p>Si fumer n\u2019est pas une bonne chose pour quelqu\u2019un, vous ne le saurez peut-\u00eatre m\u00eame jamais. De nombreuses applications de rencontres, comme OKCupid, vous offrent un espace sur votre profil pour indiquer si vous fumez ou non et, si vous le faites, s&rsquo;il s&rsquo;agit plut\u00f4t d&rsquo;un \u00e9v\u00e9nement social ou habituel. Sur Hinge, les utilisateurs peuvent m\u00eame filtrer les correspondances potentielles selon qu&rsquo;ils fument ou non et \u00e9viter les profils des personnes qui fument. Pour quelqu&rsquo;un qui s&rsquo;oppose cat\u00e9goriquement \u00e0 un partenaire qui fume, ce sont des moyens faciles d&rsquo;\u00e9liminer les partenaires qui bouffent &#8211; et vous, le fumeur, n&rsquo;en seriez pas plus sage si quelqu&rsquo;un vous glissait vers la gauche \u00e0 cause de votre histoire d&rsquo;amour existante avec Newports.<\/p>\n<p>Si fumer est plus un obstacle qu&rsquo;un \u00e9chec, vous pourriez avoir quelques rendez-vous dans un nouveau partenariat avant que l&rsquo;autre personne ne vous signale qu&rsquo;elle n&rsquo;est pas fan de votre habitude. Si cela se produit, \u00e9coutez-les, ne soyez pas imm\u00e9diatement sur la d\u00e9fensive et demandez-vous si c&rsquo;est une bonne occasion de faire des choix plus sains.<\/p>\n<h2 id=\"consider-why-they-want-you-to-quit\"><strong>R\u00e9fl\u00e9chissez pourquoi ils veulent que vous arr\u00eatiez<\/strong><\/h2>\n<p>L\u2019\u00e9coute de votre partenaire est ici essentielle. Dans le cas o\u00f9 votre habitude n&rsquo;est pas suffisamment catastrophique pour qu&rsquo;elle puisse les amener \u00e0 mettre fin compl\u00e8tement \u00e0 la relation si vous ne vous y conformez pas imm\u00e9diatement, il existe une chance d&rsquo;avoir un dialogue solide qui peut vous aider \u00e0 mieux les comprendre. <em>et <\/em>mieux se comprendre.<\/p>\n<p>Un mannequin ind\u00e9pendant de 26 ans a d\u00e9clar\u00e9 \u00e0 Vie Associative qu&rsquo;ils pr\u00e9f\u00e9raient ne pas sortir avec des fumeurs parce que cela les incitait \u00e0 fumer, une habitude qu&rsquo;ils ont r\u00e9cemment abandonn\u00e9e. Ils ont mentionn\u00e9 qu&rsquo;ils n&rsquo;excluraient pas n\u00e9cessairement de sortir avec quelqu&rsquo;un qui a particip\u00e9, mais la \u00ab compr\u00e9hension \u00bb d&rsquo;un partenaire de sa d\u00e9pendance pass\u00e9e \u2013 et son int\u00e9r\u00eat \u00e0 \u00e9viter d&rsquo;en \u00eatre proche \u2013 sont fondamentaux pour l&rsquo;avenir d&rsquo;une relation.<\/p>\n<p>Passez du temps \u00e0 travailler sur cette compr\u00e9hension. L&rsquo;aversion de l&rsquo;autre personne pour le tabac peut provenir de diverses sources. Ils peuvent d\u00e9tester l&rsquo;odeur ou le go\u00fbt que vous avez lorsque vous les embrassez. Il se peut qu&rsquo;un membre de leur famille soit tomb\u00e9 malade ou soit m\u00eame d\u00e9c\u00e9d\u00e9 des suites d&rsquo;une maladie li\u00e9e au tabagisme. Ils peuvent s&rsquo;inqui\u00e9ter <em>ton <\/em>sant\u00e9. Ce sont toutes des pr\u00e9occupations tout \u00e0 fait valables, mais chacune est \u00e9galement unique. Il est important de les \u00e9couter et de respecter le fait qu&rsquo;ils s&rsquo;adressent \u00e0 vous avec ce probl\u00e8me, m\u00eame si vous finissez par rompre \u00e0 cause de cela.<\/p>\n<h2 id=\"is-it-worth-it-to-change-yourself-for-someone-else\"><strong>Est-ce que \u00e7a vaut le coup de se changer pour quelqu&rsquo;un d&rsquo;autre ?<\/strong><\/h2>\n<p>C&rsquo;est ce qu&rsquo;il faut se demander. Les raisons avanc\u00e9es par votre partenaire pour ne pas vouloir que vous fumiez peuvent \u00eatre l\u00e9gitimes et provenir de bonnes raisons, mais en fin de compte, ce que vous faites de votre corps, de votre argent et de votre temps d\u00e9pend de vous.<\/p>\n<p>Changer quelque chose chez vous pour quelqu&rsquo;un d&rsquo;autre, m\u00eame si cela semble \u00eatre un changement bon et sain, n&rsquo;est pas toujours la meilleure id\u00e9e. Comme mentionn\u00e9 pr\u00e9c\u00e9demment, ce n\u2019est pas comme si vous ne connaissiez pas les risques de fumer \u00e0 chaque fois que vous allumez. Vous \u00eates un adulte qui prend vos propres d\u00e9cisions. M\u00eame lorsque ces d\u00e9cisions peuvent vous nuire, l\u2019autod\u00e9termination a une valeur.<\/p>\n<p>De la m\u00eame mani\u00e8re, vous devriez \u00e9couter votre partenaire lorsqu&rsquo;il explique pourquoi il n&rsquo;est pas d&rsquo;accord avec votre choix, prendre le temps de r\u00e9fl\u00e9chir \u00e0 vos propres raisons de fumer et d\u00e9cider si cela vaut la peine d&rsquo;attendre quelqu&rsquo;un qui ne s&rsquo;en souciera pas. vous illuminez le soir. Fumez-vous parce que c&rsquo;est quelque chose que vous pouvez avoir en commun avec vos amis ? Vous fumez parce que vous suivez un programme en 12 \u00e9tapes pour une autre substance, la nicotine est l&rsquo;une des seules substances encore autoris\u00e9es dans votre nouvelle routine, et elle vous \u00e9loigne de quelque chose que vous consid\u00e9rez encore plus nocif ? Le faites-vous parce que c&rsquo;est agr\u00e9able de prendre une petite pause dans votre travail ou parce que vous aimez la fiabilit\u00e9 d&rsquo;une habitude ? Quelle que soit votre raison, c&rsquo;est votre raison, et m\u00eame si fumer peut \u00eatre un petit vice dans le grand sch\u00e9ma des choses, vous avez le droit de faire ce que vous voulez tant que vous \u00eates bien inform\u00e9 de votre choix et que cela ne fait de mal \u00e0 personne. autre. Si vous arr\u00eatez de fumer pour un partenaire, oui, vous ferez un pas positif vers une meilleure sant\u00e9 globale, mais vous compromettrez \u00e9galement une partie de qui vous \u00eates pour une autre personne. Et comme fumer, cela peut aussi cr\u00e9er une d\u00e9pendance. Est-ce un pr\u00e9c\u00e9dent que vous souhaitez cr\u00e9er avant de perdre d\u2019autres parties encore plus substantielles de qui vous \u00eates ?<\/p>\n<p>Fumer n\u2019est pas non plus la chose la plus facile sur laquelle faire des compromis. Bien s\u00fbr, vous pouvez le faire loin de votre partenaire, mais l&rsquo;odeur persiste. De plus, le faire de temps en temps au lieu de constamment ne r\u00e9pond probablement pas vraiment \u00e0 leurs pr\u00e9occupations, quelles qu&rsquo;elles soient, ni n&rsquo;efface compl\u00e8tement leur inqui\u00e9tude ou leur contrari\u00e9t\u00e9. Si vous n&rsquo;\u00eates pas pr\u00eat ou dispos\u00e9 \u00e0 arr\u00eater, cela pourrait \u00eatre l&rsquo;un de ces cas o\u00f9 vous devez vraiment rompre, mais assurez-vous d&rsquo;abord de tout dire, de comprendre d&rsquo;o\u00f9 vient l&rsquo;autre et d&rsquo;enqu\u00eater sur tout. vos options. <\/p>\n<p><\/p>\n","protected":false},"excerpt":{"rendered":"<p>Vous savez que c&rsquo;est malsain, mais vous le faites quand m\u00eame, mais que se passe-t-il si votre partenaire n&rsquo;est pas d&rsquo;accord avec \u00e7a ? Vous<\/p>\n","protected":false},"author":1,"featured_media":1962,"comment_status":"","ping_status":"","sticky":false,"template":"","format":"standard","meta":{"footnotes":""},"categories":[42],"tags":[1575,2680,2681,81,69,110],"class_list":["post-1961","post","type-post","status-publish","format-standard","has-post-thumbnail","hentry","category-relations","tag-arreter","tag-fautil","tag-fumer","tag-pour","tag-relation","tag-une","generate-columns","tablet-grid-50","mobile-grid-100","grid-parent","grid-33"],"yoast_head":"<!-- This site is optimized with the Yoast SEO plugin v24.0 - https:\/\/yoast.com\/wordpress\/plugins\/seo\/ -->\n<title>Faut-il arr\u00eater de fumer pour une relation ? | Vie Associative<\/title>\n<meta name=\"robots\" content=\"index, follow, max-snippet:-1, max-image-preview:large, max-video-preview:-1\" \/>\n<link rel=\"canonical\" href=\"https:\/\/vieassociative.be\/actualites\/faut-il-arreter-de-fumer-pour-une-relation\/\" \/>\n<meta property=\"og:locale\" content=\"fr_FR\" \/>\n<meta property=\"og:type\" content=\"article\" \/>\n<meta property=\"og:title\" content=\"Faut-il arr\u00eater de fumer pour une relation ? | Vie Associative\" \/>\n<meta property=\"og:description\" content=\"Vous savez que c&rsquo;est malsain, mais vous le faites quand m\u00eame, mais que se passe-t-il si votre partenaire n&rsquo;est pas d&rsquo;accord avec \u00e7a ? Vous\" \/>\n<meta property=\"og:url\" content=\"https:\/\/vieassociative.be\/actualites\/faut-il-arreter-de-fumer-pour-une-relation\/\" \/>\n<meta property=\"og:site_name\" content=\"Vie Associative\" \/>\n<meta property=\"article:published_time\" content=\"2024-11-03T00:20:30+00:00\" \/>\n<meta property=\"og:image\" content=\"https:\/\/vieassociative.be\/actualites\/wp-content\/uploads\/2024\/09\/header_backgroundk-01-e1726694325946.png\" \/>\n\t<meta property=\"og:image:width\" content=\"279\" \/>\n\t<meta property=\"og:image:height\" content=\"92\" \/>\n\t<meta property=\"og:image:type\" content=\"image\/png\" \/>\n<meta name=\"author\" content=\"Julien\" \/>\n<meta name=\"twitter:card\" content=\"summary_large_image\" \/>\n<meta name=\"twitter:label1\" content=\"\u00c9crit par\" \/>\n\t<meta name=\"twitter:data1\" content=\"Julien\" \/>\n\t<meta name=\"twitter:label2\" content=\"Dur\u00e9e de lecture est.\" \/>\n\t<meta name=\"twitter:data2\" content=\"6 minutes\" \/>\n<script type=\"application\/ld+json\" class=\"yoast-schema-graph\">{\"@context\":\"https:\/\/schema.org\",\"@graph\":[{\"@type\":\"Article\",\"@id\":\"https:\/\/vieassociative.be\/actualites\/faut-il-arreter-de-fumer-pour-une-relation\/#article\",\"isPartOf\":{\"@id\":\"https:\/\/vieassociative.be\/actualites\/faut-il-arreter-de-fumer-pour-une-relation\/\"},\"author\":{\"name\":\"Julien\",\"@id\":\"https:\/\/vieassociative.be\/actualites\/#\/schema\/person\/b87ac4f82f9d4e7b7cec7395b679edc4\"},\"headline\":\"Faut-il arr\u00eater de fumer pour une relation ?\",\"datePublished\":\"2024-11-03T00:20:30+00:00\",\"dateModified\":\"2024-11-03T00:20:30+00:00\",\"mainEntityOfPage\":{\"@id\":\"https:\/\/vieassociative.be\/actualites\/faut-il-arreter-de-fumer-pour-une-relation\/\"},\"wordCount\":1286,\"publisher\":{\"@id\":\"https:\/\/vieassociative.be\/actualites\/#organization\"},\"image\":{\"@id\":\"https:\/\/vieassociative.be\/actualites\/faut-il-arreter-de-fumer-pour-une-relation\/#primaryimage\"},\"thumbnailUrl\":\"https:\/\/vieassociative.be\/actualites\/wp-content\/uploads\/2024\/11\/Faut-il-arreter-de-fumer-pour-une-relation.jpg\",\"keywords\":[\"arr\u00eater\",\"Fautil\",\"fumer\",\"pour\",\"relation\",\"une\"],\"articleSection\":[\"Relations\"],\"inLanguage\":\"fr-BE\"},{\"@type\":\"WebPage\",\"@id\":\"https:\/\/vieassociative.be\/actualites\/faut-il-arreter-de-fumer-pour-une-relation\/\",\"url\":\"https:\/\/vieassociative.be\/actualites\/faut-il-arreter-de-fumer-pour-une-relation\/\",\"name\":\"Faut-il arr\u00eater de fumer pour une relation ? | Vie Associative\",\"isPartOf\":{\"@id\":\"https:\/\/vieassociative.be\/actualites\/#website\"},\"primaryImageOfPage\":{\"@id\":\"https:\/\/vieassociative.be\/actualites\/faut-il-arreter-de-fumer-pour-une-relation\/#primaryimage\"},\"image\":{\"@id\":\"https:\/\/vieassociative.be\/actualites\/faut-il-arreter-de-fumer-pour-une-relation\/#primaryimage\"},\"thumbnailUrl\":\"https:\/\/vieassociative.be\/actualites\/wp-content\/uploads\/2024\/11\/Faut-il-arreter-de-fumer-pour-une-relation.jpg\",\"datePublished\":\"2024-11-03T00:20:30+00:00\",\"dateModified\":\"2024-11-03T00:20:30+00:00\",\"breadcrumb\":{\"@id\":\"https:\/\/vieassociative.be\/actualites\/faut-il-arreter-de-fumer-pour-une-relation\/#breadcrumb\"},\"inLanguage\":\"fr-BE\",\"potentialAction\":[{\"@type\":\"ReadAction\",\"target\":[\"https:\/\/vieassociative.be\/actualites\/faut-il-arreter-de-fumer-pour-une-relation\/\"]}]},{\"@type\":\"ImageObject\",\"inLanguage\":\"fr-BE\",\"@id\":\"https:\/\/vieassociative.be\/actualites\/faut-il-arreter-de-fumer-pour-une-relation\/#primaryimage\",\"url\":\"https:\/\/vieassociative.be\/actualites\/wp-content\/uploads\/2024\/11\/Faut-il-arreter-de-fumer-pour-une-relation.jpg\",\"contentUrl\":\"https:\/\/vieassociative.be\/actualites\/wp-content\/uploads\/2024\/11\/Faut-il-arreter-de-fumer-pour-une-relation.jpg\",\"width\":1200,\"height\":675,\"caption\":\"Faut-il arr\u00eater de fumer pour une relation ?\"},{\"@type\":\"BreadcrumbList\",\"@id\":\"https:\/\/vieassociative.be\/actualites\/faut-il-arreter-de-fumer-pour-une-relation\/#breadcrumb\",\"itemListElement\":[{\"@type\":\"ListItem\",\"position\":1,\"name\":\"Accueil\",\"item\":\"https:\/\/vieassociative.be\/actualites\/\"},{\"@type\":\"ListItem\",\"position\":2,\"name\":\"Faut-il arr\u00eater de fumer pour une relation ?\"}]},{\"@type\":\"WebSite\",\"@id\":\"https:\/\/vieassociative.be\/actualites\/#website\",\"url\":\"https:\/\/vieassociative.be\/actualites\/\",\"name\":\"Vie Associative\",\"description\":\"\",\"publisher\":{\"@id\":\"https:\/\/vieassociative.be\/actualites\/#organization\"},\"potentialAction\":[{\"@type\":\"SearchAction\",\"target\":{\"@type\":\"EntryPoint\",\"urlTemplate\":\"https:\/\/vieassociative.be\/actualites\/?s={search_term_string}\"},\"query-input\":{\"@type\":\"PropertyValueSpecification\",\"valueRequired\":true,\"valueName\":\"search_term_string\"}}],\"inLanguage\":\"fr-BE\"},{\"@type\":\"Organization\",\"@id\":\"https:\/\/vieassociative.be\/actualites\/#organization\",\"name\":\"Vie Associative\",\"url\":\"https:\/\/vieassociative.be\/actualites\/\",\"logo\":{\"@type\":\"ImageObject\",\"inLanguage\":\"fr-BE\",\"@id\":\"https:\/\/vieassociative.be\/actualites\/#\/schema\/logo\/image\/\",\"url\":\"https:\/\/vieassociative.be\/actualites\/wp-content\/uploads\/2024\/09\/cropped-vieassociative_favicon.ico.png\",\"contentUrl\":\"https:\/\/vieassociative.be\/actualites\/wp-content\/uploads\/2024\/09\/cropped-vieassociative_favicon.ico.png\",\"width\":512,\"height\":512,\"caption\":\"Vie Associative\"},\"image\":{\"@id\":\"https:\/\/vieassociative.be\/actualites\/#\/schema\/logo\/image\/\"}},{\"@type\":\"Person\",\"@id\":\"https:\/\/vieassociative.be\/actualites\/#\/schema\/person\/b87ac4f82f9d4e7b7cec7395b679edc4\",\"name\":\"Julien\",\"image\":{\"@type\":\"ImageObject\",\"inLanguage\":\"fr-BE\",\"@id\":\"https:\/\/vieassociative.be\/actualites\/#\/schema\/person\/image\/\",\"url\":\"https:\/\/vieassociative.be\/actualites\/wp-content\/uploads\/2024\/09\/vie-associative-1-150x150.jpg\",\"contentUrl\":\"https:\/\/vieassociative.be\/actualites\/wp-content\/uploads\/2024\/09\/vie-associative-1-150x150.jpg\",\"caption\":\"Julien\"},\"description\":\"Je suis Julien, r\u00e9dacteur pour Vie Associative. Passionn\u00e9 par le monde associatif depuis plus de 10 ans, j'ai \u00e0 c\u0153ur de partager des histoires inspirantes et de mettre en lumi\u00e8re les initiatives locales. Mon objectif est de sensibiliser et d'encourager l'engagement communautaire \u00e0 travers mes articles.\",\"sameAs\":[\"https:\/\/vieassociative.be\/\"]}]}<\/script>\n<!-- \/ Yoast SEO plugin. -->","yoast_head_json":{"title":"Faut-il arr\u00eater de fumer pour une relation ? | Vie Associative","robots":{"index":"index","follow":"follow","max-snippet":"max-snippet:-1","max-image-preview":"max-image-preview:large","max-video-preview":"max-video-preview:-1"},"canonical":"https:\/\/vieassociative.be\/actualites\/faut-il-arreter-de-fumer-pour-une-relation\/","og_locale":"fr_FR","og_type":"article","og_title":"Faut-il arr\u00eater de fumer pour une relation ? | Vie Associative","og_description":"Vous savez que c&rsquo;est malsain, mais vous le faites quand m\u00eame, mais que se passe-t-il si votre partenaire n&rsquo;est pas d&rsquo;accord avec \u00e7a ? Vous","og_url":"https:\/\/vieassociative.be\/actualites\/faut-il-arreter-de-fumer-pour-une-relation\/","og_site_name":"Vie Associative","article_published_time":"2024-11-03T00:20:30+00:00","og_image":[{"width":279,"height":92,"url":"https:\/\/vieassociative.be\/actualites\/wp-content\/uploads\/2024\/09\/header_backgroundk-01-e1726694325946.png","type":"image\/png"}],"author":"Julien","twitter_card":"summary_large_image","twitter_misc":{"\u00c9crit par":"Julien","Dur\u00e9e de lecture est.":"6 minutes"},"schema":{"@context":"https:\/\/schema.org","@graph":[{"@type":"Article","@id":"https:\/\/vieassociative.be\/actualites\/faut-il-arreter-de-fumer-pour-une-relation\/#article","isPartOf":{"@id":"https:\/\/vieassociative.be\/actualites\/faut-il-arreter-de-fumer-pour-une-relation\/"},"author":{"name":"Julien","@id":"https:\/\/vieassociative.be\/actualites\/#\/schema\/person\/b87ac4f82f9d4e7b7cec7395b679edc4"},"headline":"Faut-il arr\u00eater de fumer pour une relation ?","datePublished":"2024-11-03T00:20:30+00:00","dateModified":"2024-11-03T00:20:30+00:00","mainEntityOfPage":{"@id":"https:\/\/vieassociative.be\/actualites\/faut-il-arreter-de-fumer-pour-une-relation\/"},"wordCount":1286,"publisher":{"@id":"https:\/\/vieassociative.be\/actualites\/#organization"},"image":{"@id":"https:\/\/vieassociative.be\/actualites\/faut-il-arreter-de-fumer-pour-une-relation\/#primaryimage"},"thumbnailUrl":"https:\/\/vieassociative.be\/actualites\/wp-content\/uploads\/2024\/11\/Faut-il-arreter-de-fumer-pour-une-relation.jpg","keywords":["arr\u00eater","Fautil","fumer","pour","relation","une"],"articleSection":["Relations"],"inLanguage":"fr-BE"},{"@type":"WebPage","@id":"https:\/\/vieassociative.be\/actualites\/faut-il-arreter-de-fumer-pour-une-relation\/","url":"https:\/\/vieassociative.be\/actualites\/faut-il-arreter-de-fumer-pour-une-relation\/","name":"Faut-il arr\u00eater de fumer pour une relation ? | Vie Associative","isPartOf":{"@id":"https:\/\/vieassociative.be\/actualites\/#website"},"primaryImageOfPage":{"@id":"https:\/\/vieassociative.be\/actualites\/faut-il-arreter-de-fumer-pour-une-relation\/#primaryimage"},"image":{"@id":"https:\/\/vieassociative.be\/actualites\/faut-il-arreter-de-fumer-pour-une-relation\/#primaryimage"},"thumbnailUrl":"https:\/\/vieassociative.be\/actualites\/wp-content\/uploads\/2024\/11\/Faut-il-arreter-de-fumer-pour-une-relation.jpg","datePublished":"2024-11-03T00:20:30+00:00","dateModified":"2024-11-03T00:20:30+00:00","breadcrumb":{"@id":"https:\/\/vieassociative.be\/actualites\/faut-il-arreter-de-fumer-pour-une-relation\/#breadcrumb"},"inLanguage":"fr-BE","potentialAction":[{"@type":"ReadAction","target":["https:\/\/vieassociative.be\/actualites\/faut-il-arreter-de-fumer-pour-une-relation\/"]}]},{"@type":"ImageObject","inLanguage":"fr-BE","@id":"https:\/\/vieassociative.be\/actualites\/faut-il-arreter-de-fumer-pour-une-relation\/#primaryimage","url":"https:\/\/vieassociative.be\/actualites\/wp-content\/uploads\/2024\/11\/Faut-il-arreter-de-fumer-pour-une-relation.jpg","contentUrl":"https:\/\/vieassociative.be\/actualites\/wp-content\/uploads\/2024\/11\/Faut-il-arreter-de-fumer-pour-une-relation.jpg","width":1200,"height":675,"caption":"Faut-il arr\u00eater de fumer pour une relation ?"},{"@type":"BreadcrumbList","@id":"https:\/\/vieassociative.be\/actualites\/faut-il-arreter-de-fumer-pour-une-relation\/#breadcrumb","itemListElement":[{"@type":"ListItem","position":1,"name":"Accueil","item":"https:\/\/vieassociative.be\/actualites\/"},{"@type":"ListItem","position":2,"name":"Faut-il arr\u00eater de fumer pour une relation ?"}]},{"@type":"WebSite","@id":"https:\/\/vieassociative.be\/actualites\/#website","url":"https:\/\/vieassociative.be\/actualites\/","name":"Vie Associative","description":"","publisher":{"@id":"https:\/\/vieassociative.be\/actualites\/#organization"},"potentialAction":[{"@type":"SearchAction","target":{"@type":"EntryPoint","urlTemplate":"https:\/\/vieassociative.be\/actualites\/?s={search_term_string}"},"query-input":{"@type":"PropertyValueSpecification","valueRequired":true,"valueName":"search_term_string"}}],"inLanguage":"fr-BE"},{"@type":"Organization","@id":"https:\/\/vieassociative.be\/actualites\/#organization","name":"Vie Associative","url":"https:\/\/vieassociative.be\/actualites\/","logo":{"@type":"ImageObject","inLanguage":"fr-BE","@id":"https:\/\/vieassociative.be\/actualites\/#\/schema\/logo\/image\/","url":"https:\/\/vieassociative.be\/actualites\/wp-content\/uploads\/2024\/09\/cropped-vieassociative_favicon.ico.png","contentUrl":"https:\/\/vieassociative.be\/actualites\/wp-content\/uploads\/2024\/09\/cropped-vieassociative_favicon.ico.png","width":512,"height":512,"caption":"Vie Associative"},"image":{"@id":"https:\/\/vieassociative.be\/actualites\/#\/schema\/logo\/image\/"}},{"@type":"Person","@id":"https:\/\/vieassociative.be\/actualites\/#\/schema\/person\/b87ac4f82f9d4e7b7cec7395b679edc4","name":"Julien","image":{"@type":"ImageObject","inLanguage":"fr-BE","@id":"https:\/\/vieassociative.be\/actualites\/#\/schema\/person\/image\/","url":"https:\/\/vieassociative.be\/actualites\/wp-content\/uploads\/2024\/09\/vie-associative-1-150x150.jpg","contentUrl":"https:\/\/vieassociative.be\/actualites\/wp-content\/uploads\/2024\/09\/vie-associative-1-150x150.jpg","caption":"Julien"},"description":"Je suis Julien, r\u00e9dacteur pour Vie Associative. Passionn\u00e9 par le monde associatif depuis plus de 10 ans, j'ai \u00e0 c\u0153ur de partager des histoires inspirantes et de mettre en lumi\u00e8re les initiatives locales. Mon objectif est de sensibiliser et d'encourager l'engagement communautaire \u00e0 travers mes articles.","sameAs":["https:\/\/vieassociative.be\/"]}]}},"_links":{"self":[{"href":"https:\/\/vieassociative.be\/actualites\/wp-json\/wp\/v2\/posts\/1961"}],"collection":[{"href":"https:\/\/vieassociative.be\/actualites\/wp-json\/wp\/v2\/posts"}],"about":[{"href":"https:\/\/vieassociative.be\/actualites\/wp-json\/wp\/v2\/types\/post"}],"author":[{"embeddable":true,"href":"https:\/\/vieassociative.be\/actualites\/wp-json\/wp\/v2\/users\/1"}],"replies":[{"embeddable":true,"href":"https:\/\/vieassociative.be\/actualites\/wp-json\/wp\/v2\/comments?post=1961"}],"version-history":[{"count":0,"href":"https:\/\/vieassociative.be\/actualites\/wp-json\/wp\/v2\/posts\/1961\/revisions"}],"wp:featuredmedia":[{"embeddable":true,"href":"https:\/\/vieassociative.be\/actualites\/wp-json\/wp\/v2\/media\/1962"}],"wp:attachment":[{"href":"https:\/\/vieassociative.be\/actualites\/wp-json\/wp\/v2\/media?parent=1961"}],"wp:term":[{"taxonomy":"category","embeddable":true,"href":"https:\/\/vieassociative.be\/actualites\/wp-json\/wp\/v2\/categories?post=1961"},{"taxonomy":"post_tag","embeddable":true,"href":"https:\/\/vieassociative.be\/actualites\/wp-json\/wp\/v2\/tags?post=1961"}],"curies":[{"name":"wp","href":"https:\/\/api.w.org\/{rel}","templated":true}]}}