{"id":1956,"date":"2024-11-02T21:17:30","date_gmt":"2024-11-02T20:17:30","guid":{"rendered":"https:\/\/vieassociative.be\/actualites\/les-baches-de-trois-camions-gares-sur-un-parking-aire-de-repos-a-eynatten-ont-ete-lacerees\/"},"modified":"2024-11-02T21:17:30","modified_gmt":"2024-11-02T20:17:30","slug":"les-baches-de-trois-camions-gares-sur-un-parking-aire-de-repos-a-eynatten-ont-ete-lacerees","status":"publish","type":"post","link":"https:\/\/vieassociative.be\/actualites\/les-baches-de-trois-camions-gares-sur-un-parking-aire-de-repos-a-eynatten-ont-ete-lacerees\/","title":{"rendered":"Les b\u00e2ches de trois camions gar\u00e9s sur un parking\/aire de repos \u00e0 Eynatten ont \u00e9t\u00e9 lac\u00e9r\u00e9es"},"content":{"rendered":"<p><strong>La zone de police de Weser-G\u00f6hl a signal\u00e9 deux incidents dans son rapport du samedi 11 f\u00e9vrier.<\/strong><\/p>\n<p><span id=\"more-400932\"><\/span><strong>\u2013 Cambriolage dans trois camions :<\/strong> Dans le parking\/aire de repos d&rsquo;une station-service de la Aachener Stra\u00dfe \u00e0 Eynatten, les b\u00e2ches de trois camions stationn\u00e9s ont \u00e9t\u00e9 lac\u00e9r\u00e9es vendredi soir. Des jeans ont \u00e9t\u00e9 vol\u00e9s dans l&rsquo;un des v\u00e9hicules. Les chauffeurs des deux autres camions n&rsquo;ont pas \u00e9t\u00e9 localis\u00e9s.<\/p>\n<p><strong>\u2013 Cambriolage :<\/strong> Vers 16h30, quatre hommes couraient sur la route sur\u00e9lev\u00e9e. Peu de temps auparavant, une alarme avait \u00e9t\u00e9 d\u00e9clench\u00e9e dans une entreprise de la Hochstrasse. On a d\u00e9couvert sur place qu&rsquo;il y avait eu une effraction. Une fen\u00eatre a \u00e9t\u00e9 forc\u00e9e et une pi\u00e8ce a apparemment \u00e9t\u00e9 fouill\u00e9e. Reste \u00e0 v\u00e9rifier si quelque chose a \u00e9t\u00e9 vol\u00e9.<\/p>\n","protected":false},"excerpt":{"rendered":"<p>La zone de police de Weser-G\u00f6hl a signal\u00e9 deux incidents dans son rapport du samedi 11 f\u00e9vrier. \u2013 Cambriolage dans trois camions : Dans le<\/p>\n","protected":false},"author":1,"featured_media":1939,"comment_status":"","ping_status":"","sticky":false,"template":"","format":"standard","meta":{"footnotes":""},"categories":[298],"tags":[2670,2671,217,2675,2672,2676,14,1374,2673,2674,33,771],"class_list":["post-1956","post","type-post","status-publish","format-standard","has-post-thumbnail","hentry","category-belgique","tag-baches","tag-camions","tag-ete","tag-eynatten","tag-gares","tag-lacerees","tag-les","tag-ont","tag-parkingaire","tag-repos","tag-sur","tag-trois","generate-columns","tablet-grid-50","mobile-grid-100","grid-parent","grid-33"],"yoast_head":"<!-- This site is optimized with the Yoast SEO plugin v24.0 - https:\/\/yoast.com\/wordpress\/plugins\/seo\/ -->\n<title>Les b\u00e2ches de trois camions gar\u00e9s sur un parking\/aire de repos \u00e0 Eynatten ont \u00e9t\u00e9 lac\u00e9r\u00e9es | Vie Associative<\/title>\n<meta name=\"robots\" content=\"index, follow, max-snippet:-1, max-image-preview:large, max-video-preview:-1\" \/>\n<link rel=\"canonical\" href=\"https:\/\/vieassociative.be\/actualites\/les-baches-de-trois-camions-gares-sur-un-parking-aire-de-repos-a-eynatten-ont-ete-lacerees\/\" \/>\n<meta property=\"og:locale\" content=\"fr_FR\" \/>\n<meta property=\"og:type\" content=\"article\" \/>\n<meta property=\"og:title\" content=\"Les b\u00e2ches de trois camions gar\u00e9s sur un parking\/aire de repos \u00e0 Eynatten ont \u00e9t\u00e9 lac\u00e9r\u00e9es | Vie Associative\" \/>\n<meta property=\"og:description\" content=\"La zone de police de Weser-G\u00f6hl a signal\u00e9 deux incidents dans son rapport du samedi 11 f\u00e9vrier. \u2013 Cambriolage dans trois camions : Dans le\" \/>\n<meta property=\"og:url\" content=\"https:\/\/vieassociative.be\/actualites\/les-baches-de-trois-camions-gares-sur-un-parking-aire-de-repos-a-eynatten-ont-ete-lacerees\/\" \/>\n<meta property=\"og:site_name\" content=\"Vie Associative\" \/>\n<meta property=\"article:published_time\" content=\"2024-11-02T20:17:30+00:00\" \/>\n<meta property=\"og:image\" content=\"https:\/\/vieassociative.be\/actualites\/wp-content\/uploads\/2024\/09\/header_backgroundk-01-e1726694325946.png\" \/>\n\t<meta property=\"og:image:width\" content=\"279\" \/>\n\t<meta property=\"og:image:height\" content=\"92\" \/>\n\t<meta property=\"og:image:type\" content=\"image\/png\" \/>\n<meta name=\"author\" content=\"Julien\" \/>\n<meta name=\"twitter:card\" content=\"summary_large_image\" \/>\n<meta name=\"twitter:label1\" content=\"\u00c9crit par\" \/>\n\t<meta name=\"twitter:data1\" content=\"Julien\" \/>\n\t<meta name=\"twitter:label2\" content=\"Dur\u00e9e de lecture est.\" \/>\n\t<meta name=\"twitter:data2\" content=\"1 minute\" \/>\n<script type=\"application\/ld+json\" class=\"yoast-schema-graph\">{\"@context\":\"https:\/\/schema.org\",\"@graph\":[{\"@type\":\"Article\",\"@id\":\"https:\/\/vieassociative.be\/actualites\/les-baches-de-trois-camions-gares-sur-un-parking-aire-de-repos-a-eynatten-ont-ete-lacerees\/#article\",\"isPartOf\":{\"@id\":\"https:\/\/vieassociative.be\/actualites\/les-baches-de-trois-camions-gares-sur-un-parking-aire-de-repos-a-eynatten-ont-ete-lacerees\/\"},\"author\":{\"name\":\"Julien\",\"@id\":\"https:\/\/vieassociative.be\/actualites\/#\/schema\/person\/b87ac4f82f9d4e7b7cec7395b679edc4\"},\"headline\":\"Les b\u00e2ches de trois camions gar\u00e9s sur un parking\/aire de repos \u00e0 Eynatten ont \u00e9t\u00e9 lac\u00e9r\u00e9es\",\"datePublished\":\"2024-11-02T20:17:30+00:00\",\"dateModified\":\"2024-11-02T20:17:30+00:00\",\"mainEntityOfPage\":{\"@id\":\"https:\/\/vieassociative.be\/actualites\/les-baches-de-trois-camions-gares-sur-un-parking-aire-de-repos-a-eynatten-ont-ete-lacerees\/\"},\"wordCount\":163,\"publisher\":{\"@id\":\"https:\/\/vieassociative.be\/actualites\/#organization\"},\"image\":{\"@id\":\"https:\/\/vieassociative.be\/actualites\/les-baches-de-trois-camions-gares-sur-un-parking-aire-de-repos-a-eynatten-ont-ete-lacerees\/#primaryimage\"},\"thumbnailUrl\":\"https:\/\/vieassociative.be\/actualites\/wp-content\/uploads\/2024\/11\/Raeren-Le-conducteur-tombe-dans-un-micro-sommeil-a-midi.jpeg\",\"keywords\":[\"b\u00e2ches\",\"camions\",\"\u00e9t\u00e9\",\"Eynatten\",\"gar\u00e9s\",\"lac\u00e9r\u00e9es\",\"Les\",\"ont\",\"parkingaire\",\"repos\",\"sur\",\"trois\"],\"articleSection\":[\"Belgique\"],\"inLanguage\":\"fr-BE\"},{\"@type\":\"WebPage\",\"@id\":\"https:\/\/vieassociative.be\/actualites\/les-baches-de-trois-camions-gares-sur-un-parking-aire-de-repos-a-eynatten-ont-ete-lacerees\/\",\"url\":\"https:\/\/vieassociative.be\/actualites\/les-baches-de-trois-camions-gares-sur-un-parking-aire-de-repos-a-eynatten-ont-ete-lacerees\/\",\"name\":\"Les b\u00e2ches de trois camions gar\u00e9s sur un parking\/aire de repos \u00e0 Eynatten ont \u00e9t\u00e9 lac\u00e9r\u00e9es | Vie Associative\",\"isPartOf\":{\"@id\":\"https:\/\/vieassociative.be\/actualites\/#website\"},\"primaryImageOfPage\":{\"@id\":\"https:\/\/vieassociative.be\/actualites\/les-baches-de-trois-camions-gares-sur-un-parking-aire-de-repos-a-eynatten-ont-ete-lacerees\/#primaryimage\"},\"image\":{\"@id\":\"https:\/\/vieassociative.be\/actualites\/les-baches-de-trois-camions-gares-sur-un-parking-aire-de-repos-a-eynatten-ont-ete-lacerees\/#primaryimage\"},\"thumbnailUrl\":\"https:\/\/vieassociative.be\/actualites\/wp-content\/uploads\/2024\/11\/Raeren-Le-conducteur-tombe-dans-un-micro-sommeil-a-midi.jpeg\",\"datePublished\":\"2024-11-02T20:17:30+00:00\",\"dateModified\":\"2024-11-02T20:17:30+00:00\",\"breadcrumb\":{\"@id\":\"https:\/\/vieassociative.be\/actualites\/les-baches-de-trois-camions-gares-sur-un-parking-aire-de-repos-a-eynatten-ont-ete-lacerees\/#breadcrumb\"},\"inLanguage\":\"fr-BE\",\"potentialAction\":[{\"@type\":\"ReadAction\",\"target\":[\"https:\/\/vieassociative.be\/actualites\/les-baches-de-trois-camions-gares-sur-un-parking-aire-de-repos-a-eynatten-ont-ete-lacerees\/\"]}]},{\"@type\":\"ImageObject\",\"inLanguage\":\"fr-BE\",\"@id\":\"https:\/\/vieassociative.be\/actualites\/les-baches-de-trois-camions-gares-sur-un-parking-aire-de-repos-a-eynatten-ont-ete-lacerees\/#primaryimage\",\"url\":\"https:\/\/vieassociative.be\/actualites\/wp-content\/uploads\/2024\/11\/Raeren-Le-conducteur-tombe-dans-un-micro-sommeil-a-midi.jpeg\",\"contentUrl\":\"https:\/\/vieassociative.be\/actualites\/wp-content\/uploads\/2024\/11\/Raeren-Le-conducteur-tombe-dans-un-micro-sommeil-a-midi.jpeg\",\"width\":1200,\"height\":800,\"caption\":\"Raeren : Le conducteur tombe dans un micro-sommeil \u00e0 midi\"},{\"@type\":\"BreadcrumbList\",\"@id\":\"https:\/\/vieassociative.be\/actualites\/les-baches-de-trois-camions-gares-sur-un-parking-aire-de-repos-a-eynatten-ont-ete-lacerees\/#breadcrumb\",\"itemListElement\":[{\"@type\":\"ListItem\",\"position\":1,\"name\":\"Accueil\",\"item\":\"https:\/\/vieassociative.be\/actualites\/\"},{\"@type\":\"ListItem\",\"position\":2,\"name\":\"Les b\u00e2ches de trois camions gar\u00e9s sur un parking\/aire de repos \u00e0 Eynatten ont \u00e9t\u00e9 lac\u00e9r\u00e9es\"}]},{\"@type\":\"WebSite\",\"@id\":\"https:\/\/vieassociative.be\/actualites\/#website\",\"url\":\"https:\/\/vieassociative.be\/actualites\/\",\"name\":\"Vie Associative\",\"description\":\"\",\"publisher\":{\"@id\":\"https:\/\/vieassociative.be\/actualites\/#organization\"},\"potentialAction\":[{\"@type\":\"SearchAction\",\"target\":{\"@type\":\"EntryPoint\",\"urlTemplate\":\"https:\/\/vieassociative.be\/actualites\/?s={search_term_string}\"},\"query-input\":{\"@type\":\"PropertyValueSpecification\",\"valueRequired\":true,\"valueName\":\"search_term_string\"}}],\"inLanguage\":\"fr-BE\"},{\"@type\":\"Organization\",\"@id\":\"https:\/\/vieassociative.be\/actualites\/#organization\",\"name\":\"Vie Associative\",\"url\":\"https:\/\/vieassociative.be\/actualites\/\",\"logo\":{\"@type\":\"ImageObject\",\"inLanguage\":\"fr-BE\",\"@id\":\"https:\/\/vieassociative.be\/actualites\/#\/schema\/logo\/image\/\",\"url\":\"https:\/\/vieassociative.be\/actualites\/wp-content\/uploads\/2024\/09\/cropped-vieassociative_favicon.ico.png\",\"contentUrl\":\"https:\/\/vieassociative.be\/actualites\/wp-content\/uploads\/2024\/09\/cropped-vieassociative_favicon.ico.png\",\"width\":512,\"height\":512,\"caption\":\"Vie Associative\"},\"image\":{\"@id\":\"https:\/\/vieassociative.be\/actualites\/#\/schema\/logo\/image\/\"}},{\"@type\":\"Person\",\"@id\":\"https:\/\/vieassociative.be\/actualites\/#\/schema\/person\/b87ac4f82f9d4e7b7cec7395b679edc4\",\"name\":\"Julien\",\"image\":{\"@type\":\"ImageObject\",\"inLanguage\":\"fr-BE\",\"@id\":\"https:\/\/vieassociative.be\/actualites\/#\/schema\/person\/image\/\",\"url\":\"https:\/\/vieassociative.be\/actualites\/wp-content\/uploads\/2024\/09\/vie-associative-1-150x150.jpg\",\"contentUrl\":\"https:\/\/vieassociative.be\/actualites\/wp-content\/uploads\/2024\/09\/vie-associative-1-150x150.jpg\",\"caption\":\"Julien\"},\"description\":\"Je suis Julien, r\u00e9dacteur pour Vie Associative. Passionn\u00e9 par le monde associatif depuis plus de 10 ans, j'ai \u00e0 c\u0153ur de partager des histoires inspirantes et de mettre en lumi\u00e8re les initiatives locales. Mon objectif est de sensibiliser et d'encourager l'engagement communautaire \u00e0 travers mes articles.\",\"sameAs\":[\"https:\/\/vieassociative.be\/\"]}]}<\/script>\n<!-- \/ Yoast SEO plugin. -->","yoast_head_json":{"title":"Les b\u00e2ches de trois camions gar\u00e9s sur un parking\/aire de repos \u00e0 Eynatten ont \u00e9t\u00e9 lac\u00e9r\u00e9es | Vie Associative","robots":{"index":"index","follow":"follow","max-snippet":"max-snippet:-1","max-image-preview":"max-image-preview:large","max-video-preview":"max-video-preview:-1"},"canonical":"https:\/\/vieassociative.be\/actualites\/les-baches-de-trois-camions-gares-sur-un-parking-aire-de-repos-a-eynatten-ont-ete-lacerees\/","og_locale":"fr_FR","og_type":"article","og_title":"Les b\u00e2ches de trois camions gar\u00e9s sur un parking\/aire de repos \u00e0 Eynatten ont \u00e9t\u00e9 lac\u00e9r\u00e9es | Vie Associative","og_description":"La zone de police de Weser-G\u00f6hl a signal\u00e9 deux incidents dans son rapport du samedi 11 f\u00e9vrier. \u2013 Cambriolage dans trois camions : Dans le","og_url":"https:\/\/vieassociative.be\/actualites\/les-baches-de-trois-camions-gares-sur-un-parking-aire-de-repos-a-eynatten-ont-ete-lacerees\/","og_site_name":"Vie Associative","article_published_time":"2024-11-02T20:17:30+00:00","og_image":[{"width":279,"height":92,"url":"https:\/\/vieassociative.be\/actualites\/wp-content\/uploads\/2024\/09\/header_backgroundk-01-e1726694325946.png","type":"image\/png"}],"author":"Julien","twitter_card":"summary_large_image","twitter_misc":{"\u00c9crit par":"Julien","Dur\u00e9e de lecture est.":"1 minute"},"schema":{"@context":"https:\/\/schema.org","@graph":[{"@type":"Article","@id":"https:\/\/vieassociative.be\/actualites\/les-baches-de-trois-camions-gares-sur-un-parking-aire-de-repos-a-eynatten-ont-ete-lacerees\/#article","isPartOf":{"@id":"https:\/\/vieassociative.be\/actualites\/les-baches-de-trois-camions-gares-sur-un-parking-aire-de-repos-a-eynatten-ont-ete-lacerees\/"},"author":{"name":"Julien","@id":"https:\/\/vieassociative.be\/actualites\/#\/schema\/person\/b87ac4f82f9d4e7b7cec7395b679edc4"},"headline":"Les b\u00e2ches de trois camions gar\u00e9s sur un parking\/aire de repos \u00e0 Eynatten ont \u00e9t\u00e9 lac\u00e9r\u00e9es","datePublished":"2024-11-02T20:17:30+00:00","dateModified":"2024-11-02T20:17:30+00:00","mainEntityOfPage":{"@id":"https:\/\/vieassociative.be\/actualites\/les-baches-de-trois-camions-gares-sur-un-parking-aire-de-repos-a-eynatten-ont-ete-lacerees\/"},"wordCount":163,"publisher":{"@id":"https:\/\/vieassociative.be\/actualites\/#organization"},"image":{"@id":"https:\/\/vieassociative.be\/actualites\/les-baches-de-trois-camions-gares-sur-un-parking-aire-de-repos-a-eynatten-ont-ete-lacerees\/#primaryimage"},"thumbnailUrl":"https:\/\/vieassociative.be\/actualites\/wp-content\/uploads\/2024\/11\/Raeren-Le-conducteur-tombe-dans-un-micro-sommeil-a-midi.jpeg","keywords":["b\u00e2ches","camions","\u00e9t\u00e9","Eynatten","gar\u00e9s","lac\u00e9r\u00e9es","Les","ont","parkingaire","repos","sur","trois"],"articleSection":["Belgique"],"inLanguage":"fr-BE"},{"@type":"WebPage","@id":"https:\/\/vieassociative.be\/actualites\/les-baches-de-trois-camions-gares-sur-un-parking-aire-de-repos-a-eynatten-ont-ete-lacerees\/","url":"https:\/\/vieassociative.be\/actualites\/les-baches-de-trois-camions-gares-sur-un-parking-aire-de-repos-a-eynatten-ont-ete-lacerees\/","name":"Les b\u00e2ches de trois camions gar\u00e9s sur un parking\/aire de repos \u00e0 Eynatten ont \u00e9t\u00e9 lac\u00e9r\u00e9es | Vie Associative","isPartOf":{"@id":"https:\/\/vieassociative.be\/actualites\/#website"},"primaryImageOfPage":{"@id":"https:\/\/vieassociative.be\/actualites\/les-baches-de-trois-camions-gares-sur-un-parking-aire-de-repos-a-eynatten-ont-ete-lacerees\/#primaryimage"},"image":{"@id":"https:\/\/vieassociative.be\/actualites\/les-baches-de-trois-camions-gares-sur-un-parking-aire-de-repos-a-eynatten-ont-ete-lacerees\/#primaryimage"},"thumbnailUrl":"https:\/\/vieassociative.be\/actualites\/wp-content\/uploads\/2024\/11\/Raeren-Le-conducteur-tombe-dans-un-micro-sommeil-a-midi.jpeg","datePublished":"2024-11-02T20:17:30+00:00","dateModified":"2024-11-02T20:17:30+00:00","breadcrumb":{"@id":"https:\/\/vieassociative.be\/actualites\/les-baches-de-trois-camions-gares-sur-un-parking-aire-de-repos-a-eynatten-ont-ete-lacerees\/#breadcrumb"},"inLanguage":"fr-BE","potentialAction":[{"@type":"ReadAction","target":["https:\/\/vieassociative.be\/actualites\/les-baches-de-trois-camions-gares-sur-un-parking-aire-de-repos-a-eynatten-ont-ete-lacerees\/"]}]},{"@type":"ImageObject","inLanguage":"fr-BE","@id":"https:\/\/vieassociative.be\/actualites\/les-baches-de-trois-camions-gares-sur-un-parking-aire-de-repos-a-eynatten-ont-ete-lacerees\/#primaryimage","url":"https:\/\/vieassociative.be\/actualites\/wp-content\/uploads\/2024\/11\/Raeren-Le-conducteur-tombe-dans-un-micro-sommeil-a-midi.jpeg","contentUrl":"https:\/\/vieassociative.be\/actualites\/wp-content\/uploads\/2024\/11\/Raeren-Le-conducteur-tombe-dans-un-micro-sommeil-a-midi.jpeg","width":1200,"height":800,"caption":"Raeren : Le conducteur tombe dans un micro-sommeil \u00e0 midi"},{"@type":"BreadcrumbList","@id":"https:\/\/vieassociative.be\/actualites\/les-baches-de-trois-camions-gares-sur-un-parking-aire-de-repos-a-eynatten-ont-ete-lacerees\/#breadcrumb","itemListElement":[{"@type":"ListItem","position":1,"name":"Accueil","item":"https:\/\/vieassociative.be\/actualites\/"},{"@type":"ListItem","position":2,"name":"Les b\u00e2ches de trois camions gar\u00e9s sur un parking\/aire de repos \u00e0 Eynatten ont \u00e9t\u00e9 lac\u00e9r\u00e9es"}]},{"@type":"WebSite","@id":"https:\/\/vieassociative.be\/actualites\/#website","url":"https:\/\/vieassociative.be\/actualites\/","name":"Vie Associative","description":"","publisher":{"@id":"https:\/\/vieassociative.be\/actualites\/#organization"},"potentialAction":[{"@type":"SearchAction","target":{"@type":"EntryPoint","urlTemplate":"https:\/\/vieassociative.be\/actualites\/?s={search_term_string}"},"query-input":{"@type":"PropertyValueSpecification","valueRequired":true,"valueName":"search_term_string"}}],"inLanguage":"fr-BE"},{"@type":"Organization","@id":"https:\/\/vieassociative.be\/actualites\/#organization","name":"Vie Associative","url":"https:\/\/vieassociative.be\/actualites\/","logo":{"@type":"ImageObject","inLanguage":"fr-BE","@id":"https:\/\/vieassociative.be\/actualites\/#\/schema\/logo\/image\/","url":"https:\/\/vieassociative.be\/actualites\/wp-content\/uploads\/2024\/09\/cropped-vieassociative_favicon.ico.png","contentUrl":"https:\/\/vieassociative.be\/actualites\/wp-content\/uploads\/2024\/09\/cropped-vieassociative_favicon.ico.png","width":512,"height":512,"caption":"Vie Associative"},"image":{"@id":"https:\/\/vieassociative.be\/actualites\/#\/schema\/logo\/image\/"}},{"@type":"Person","@id":"https:\/\/vieassociative.be\/actualites\/#\/schema\/person\/b87ac4f82f9d4e7b7cec7395b679edc4","name":"Julien","image":{"@type":"ImageObject","inLanguage":"fr-BE","@id":"https:\/\/vieassociative.be\/actualites\/#\/schema\/person\/image\/","url":"https:\/\/vieassociative.be\/actualites\/wp-content\/uploads\/2024\/09\/vie-associative-1-150x150.jpg","contentUrl":"https:\/\/vieassociative.be\/actualites\/wp-content\/uploads\/2024\/09\/vie-associative-1-150x150.jpg","caption":"Julien"},"description":"Je suis Julien, r\u00e9dacteur pour Vie Associative. Passionn\u00e9 par le monde associatif depuis plus de 10 ans, j'ai \u00e0 c\u0153ur de partager des histoires inspirantes et de mettre en lumi\u00e8re les initiatives locales. Mon objectif est de sensibiliser et d'encourager l'engagement communautaire \u00e0 travers mes articles.","sameAs":["https:\/\/vieassociative.be\/"]}]}},"_links":{"self":[{"href":"https:\/\/vieassociative.be\/actualites\/wp-json\/wp\/v2\/posts\/1956"}],"collection":[{"href":"https:\/\/vieassociative.be\/actualites\/wp-json\/wp\/v2\/posts"}],"about":[{"href":"https:\/\/vieassociative.be\/actualites\/wp-json\/wp\/v2\/types\/post"}],"author":[{"embeddable":true,"href":"https:\/\/vieassociative.be\/actualites\/wp-json\/wp\/v2\/users\/1"}],"replies":[{"embeddable":true,"href":"https:\/\/vieassociative.be\/actualites\/wp-json\/wp\/v2\/comments?post=1956"}],"version-history":[{"count":0,"href":"https:\/\/vieassociative.be\/actualites\/wp-json\/wp\/v2\/posts\/1956\/revisions"}],"wp:featuredmedia":[{"embeddable":true,"href":"https:\/\/vieassociative.be\/actualites\/wp-json\/wp\/v2\/media\/1939"}],"wp:attachment":[{"href":"https:\/\/vieassociative.be\/actualites\/wp-json\/wp\/v2\/media?parent=1956"}],"wp:term":[{"taxonomy":"category","embeddable":true,"href":"https:\/\/vieassociative.be\/actualites\/wp-json\/wp\/v2\/categories?post=1956"},{"taxonomy":"post_tag","embeddable":true,"href":"https:\/\/vieassociative.be\/actualites\/wp-json\/wp\/v2\/tags?post=1956"}],"curies":[{"name":"wp","href":"https:\/\/api.w.org\/{rel}","templated":true}]}}