{"id":1952,"date":"2024-11-02T18:17:08","date_gmt":"2024-11-02T17:17:08","guid":{"rendered":"https:\/\/vieassociative.be\/actualites\/vous-devez-a-nouveau-avertir-vos-adolescents-du-defi-benadryl\/"},"modified":"2024-11-02T18:17:08","modified_gmt":"2024-11-02T17:17:08","slug":"vous-devez-a-nouveau-avertir-vos-adolescents-du-defi-benadryl","status":"publish","type":"post","link":"https:\/\/vieassociative.be\/actualites\/vous-devez-a-nouveau-avertir-vos-adolescents-du-defi-benadryl\/","title":{"rendered":"Vous devez \u00e0 nouveau avertir vos adolescents du d\u00e9fi Benadryl"},"content":{"rendered":"<div class=\"mt-4 leading-6 md:mb-8\">Ce d\u00e9fi mortel de TikTok est malheureusement de retour dans l\u2019actualit\u00e9.<\/div>\n<p><\/p>\n<p>Plus de deux ans apr\u00e8s avoir entendu parler pour la premi\u00e8re fois du \u00ab\u00a0Benadryl Challenge\u00a0\u00bb sur TikTok, il est malheureusement de retour dans l&rsquo;actualit\u00e9, cette fois \u00e0 cause du d\u00e9c\u00e8s d&rsquo;un gar\u00e7on de 13\u00a0ans de l&rsquo;Ohio, victime d&rsquo;une overdose apr\u00e8s avoir pris plus d&rsquo;une douzaine de pilules de Benadryl. une partie du d\u00e9fi. Ses amis l&rsquo;ont film\u00e9 en train de tenter le d\u00e9fi jusqu&rsquo;\u00e0 ce que son corps commence \u00e0 se contracter ; il est d\u00e9c\u00e9d\u00e9 apr\u00e8s six jours sous respirateur.<\/p>\n<p>D\u00e8s 2020, les jeunes sur TikTok s\u2019encouragent mutuellement \u00e0 prendre une douzaine ou plus de pilules contre les allergies afin de planer et d\u2019halluciner. Dans un article de blog de juillet 2020, le Cook Children&rsquo;s Health Care System de Fort Worth a d\u00e9clar\u00e9 avoir trait\u00e9 trois adolescents pour des surdoses de Benadryl\u00a0:<\/p>\n<blockquote>\n<p>Ce qui m&rsquo;a frapp\u00e9, c&rsquo;est que trois adolescents sont venus pour la m\u00eame chose en une semaine \u00bb, a d\u00e9clar\u00e9 Amber Jewison, infirmi\u00e8re praticienne hospitali\u00e8re au Cook Children&rsquo;s Medical Center. \u00ab Aucun de ces patients n\u2019essayait de se faire du mal. Ils ont tous dit avoir vu des vid\u00e9os sur TikTok et qu\u2019ils \u00e9taient curieux de l\u2019essayer.<\/p>\n<\/blockquote>\n<blockquote>\n<p>Ce que ces patients ne r\u00e9alisent pas, c&rsquo;est que non seulement une surdose de Benadryl peut \u00eatre nocive pour la sant\u00e9, mais qu&rsquo;elle peut aussi \u00eatre mortelle.<\/p>\n<\/blockquote>\n<p>Participer au d\u00e9fi a \u00e9galement \u00e9t\u00e9 mortel pour un adolescent de 15 ans de l&rsquo;Oklahoma \u00e0 l&rsquo;\u00e9t\u00e9 2020, selon la cha\u00eene de t\u00e9l\u00e9vision KFOR. Scott Schaeffer, directeur du Centre de contr\u00f4le antipoison et d&rsquo;information sur les m\u00e9dicaments de l&rsquo;Oklahoma, a d\u00e9clar\u00e9 aux journalistes que \u00ab de fortes doses de Benadryl peuvent provoquer des convulsions et, en particulier, des probl\u00e8mes cardiaques. Le c\u0153ur a tendance \u00e0 perdre son rythme et \u00e0 ne pas pomper le sang efficacement.<\/p>\n<p>Voici un exemple de personne marquant sa vid\u00e9o TikTok avec #benadryl. Il y a aussi des messages avertissant les autres <em>pas<\/em> relever ce d\u00e9fi, ce qui est bien, mais m\u00eame certains de ces avertissements peuvent inciter les adolescents \u00e0 \u00eatre curieux de l&rsquo;essayer.<\/p>\n<p>Les adolescents sont connus pour penser qu&rsquo;ils sont invincibles, et ils peuvent penser \u00e0 tort qu&rsquo;un m\u00e9dicament en vente libre ne peut pas \u00eatre administr\u00e9. <em>que<\/em> dangereux. Si vos enfants sont sur les r\u00e9seaux sociaux, et sur TikTok en particulier, demandez-leur s&rsquo;ils ont entendu parler du d\u00e9fi Benadryl et partagez avec eux les actualit\u00e9s ci-dessus afin qu&rsquo;ils comprennent qu&rsquo;il est dangereux de prendre plus que la dose recommand\u00e9e, si n\u00e9cessaire.<\/p>\n<p>Le p\u00e8re de Jacob Stevens, 13 ans, a d\u00e9clar\u00e9 \u00e0 un m\u00e9dia local ABC que l&rsquo;objectif de sa vie \u00e9tait d\u00e9sormais d&rsquo;amener les l\u00e9gislateurs \u00e0 adopter des restrictions d&rsquo;\u00e2ge pour l&rsquo;achat de m\u00e9dicaments comme Benadryl afin d&rsquo;\u00e9viter que cela n&rsquo;arrive \u00e0 un autre enfant.<\/p>\n<hr>\n<p><em>Cet article a \u00e9t\u00e9 initialement publi\u00e9 le 2 septembre 2020. Il a \u00e9t\u00e9 mis \u00e0 jour le 21 avril 2023.<\/em><\/p>\n<p><script async src=\"\/\/www.tiktok.com\/embed.js\"><\/script><\/p>\n","protected":false},"excerpt":{"rendered":"<p>Ce d\u00e9fi mortel de TikTok est malheureusement de retour dans l\u2019actualit\u00e9. Plus de deux ans apr\u00e8s avoir entendu parler pour la premi\u00e8re fois du \u00ab\u00a0Benadryl<\/p>\n","protected":false},"author":1,"featured_media":1953,"comment_status":"","ping_status":"","sticky":false,"template":"","format":"standard","meta":{"footnotes":""},"categories":[37],"tags":[869,2667,2669,2668,1086,553,27,4],"class_list":["post-1952","post","type-post","status-publish","format-standard","has-post-thumbnail","hentry","category-famille","tag-adolescents","tag-avertir","tag-benadryl","tag-defi","tag-devez","tag-nouveau","tag-vos","tag-vous","generate-columns","tablet-grid-50","mobile-grid-100","grid-parent","grid-33"],"yoast_head":"<!-- This site is optimized with the Yoast SEO plugin v24.0 - https:\/\/yoast.com\/wordpress\/plugins\/seo\/ -->\n<title>Vous devez \u00e0 nouveau avertir vos adolescents du d\u00e9fi Benadryl | Vie Associative<\/title>\n<meta name=\"robots\" content=\"index, follow, max-snippet:-1, max-image-preview:large, max-video-preview:-1\" \/>\n<link rel=\"canonical\" href=\"https:\/\/vieassociative.be\/actualites\/vous-devez-a-nouveau-avertir-vos-adolescents-du-defi-benadryl\/\" \/>\n<meta property=\"og:locale\" content=\"fr_FR\" \/>\n<meta property=\"og:type\" content=\"article\" \/>\n<meta property=\"og:title\" content=\"Vous devez \u00e0 nouveau avertir vos adolescents du d\u00e9fi Benadryl | Vie Associative\" \/>\n<meta property=\"og:description\" content=\"Ce d\u00e9fi mortel de TikTok est malheureusement de retour dans l\u2019actualit\u00e9. Plus de deux ans apr\u00e8s avoir entendu parler pour la premi\u00e8re fois du \u00ab\u00a0Benadryl\" \/>\n<meta property=\"og:url\" content=\"https:\/\/vieassociative.be\/actualites\/vous-devez-a-nouveau-avertir-vos-adolescents-du-defi-benadryl\/\" \/>\n<meta property=\"og:site_name\" content=\"Vie Associative\" \/>\n<meta property=\"article:published_time\" content=\"2024-11-02T17:17:08+00:00\" \/>\n<meta property=\"og:image\" content=\"https:\/\/vieassociative.be\/actualites\/wp-content\/uploads\/2024\/09\/header_backgroundk-01-e1726694325946.png\" \/>\n\t<meta property=\"og:image:width\" content=\"279\" \/>\n\t<meta property=\"og:image:height\" content=\"92\" \/>\n\t<meta property=\"og:image:type\" content=\"image\/png\" \/>\n<meta name=\"author\" content=\"Julien\" \/>\n<meta name=\"twitter:card\" content=\"summary_large_image\" \/>\n<meta name=\"twitter:label1\" content=\"\u00c9crit par\" \/>\n\t<meta name=\"twitter:data1\" content=\"Julien\" \/>\n\t<meta name=\"twitter:label2\" content=\"Dur\u00e9e de lecture est.\" \/>\n\t<meta name=\"twitter:data2\" content=\"3 minutes\" \/>\n<script type=\"application\/ld+json\" class=\"yoast-schema-graph\">{\"@context\":\"https:\/\/schema.org\",\"@graph\":[{\"@type\":\"Article\",\"@id\":\"https:\/\/vieassociative.be\/actualites\/vous-devez-a-nouveau-avertir-vos-adolescents-du-defi-benadryl\/#article\",\"isPartOf\":{\"@id\":\"https:\/\/vieassociative.be\/actualites\/vous-devez-a-nouveau-avertir-vos-adolescents-du-defi-benadryl\/\"},\"author\":{\"name\":\"Julien\",\"@id\":\"https:\/\/vieassociative.be\/actualites\/#\/schema\/person\/b87ac4f82f9d4e7b7cec7395b679edc4\"},\"headline\":\"Vous devez \u00e0 nouveau avertir vos adolescents du d\u00e9fi Benadryl\",\"datePublished\":\"2024-11-02T17:17:08+00:00\",\"dateModified\":\"2024-11-02T17:17:08+00:00\",\"mainEntityOfPage\":{\"@id\":\"https:\/\/vieassociative.be\/actualites\/vous-devez-a-nouveau-avertir-vos-adolescents-du-defi-benadryl\/\"},\"wordCount\":544,\"publisher\":{\"@id\":\"https:\/\/vieassociative.be\/actualites\/#organization\"},\"image\":{\"@id\":\"https:\/\/vieassociative.be\/actualites\/vous-devez-a-nouveau-avertir-vos-adolescents-du-defi-benadryl\/#primaryimage\"},\"thumbnailUrl\":\"https:\/\/vieassociative.be\/actualites\/wp-content\/uploads\/2024\/11\/Vous-devez-a-nouveau-avertir-vos-adolescents-du-defi-Benadryl.jpg\",\"keywords\":[\"adolescents\",\"avertir\",\"Benadryl\",\"d\u00e9fi\",\"devez\",\"nouveau\",\"vos\",\"Vous\"],\"articleSection\":[\"Famille\"],\"inLanguage\":\"fr-BE\"},{\"@type\":\"WebPage\",\"@id\":\"https:\/\/vieassociative.be\/actualites\/vous-devez-a-nouveau-avertir-vos-adolescents-du-defi-benadryl\/\",\"url\":\"https:\/\/vieassociative.be\/actualites\/vous-devez-a-nouveau-avertir-vos-adolescents-du-defi-benadryl\/\",\"name\":\"Vous devez \u00e0 nouveau avertir vos adolescents du d\u00e9fi Benadryl | Vie Associative\",\"isPartOf\":{\"@id\":\"https:\/\/vieassociative.be\/actualites\/#website\"},\"primaryImageOfPage\":{\"@id\":\"https:\/\/vieassociative.be\/actualites\/vous-devez-a-nouveau-avertir-vos-adolescents-du-defi-benadryl\/#primaryimage\"},\"image\":{\"@id\":\"https:\/\/vieassociative.be\/actualites\/vous-devez-a-nouveau-avertir-vos-adolescents-du-defi-benadryl\/#primaryimage\"},\"thumbnailUrl\":\"https:\/\/vieassociative.be\/actualites\/wp-content\/uploads\/2024\/11\/Vous-devez-a-nouveau-avertir-vos-adolescents-du-defi-Benadryl.jpg\",\"datePublished\":\"2024-11-02T17:17:08+00:00\",\"dateModified\":\"2024-11-02T17:17:08+00:00\",\"breadcrumb\":{\"@id\":\"https:\/\/vieassociative.be\/actualites\/vous-devez-a-nouveau-avertir-vos-adolescents-du-defi-benadryl\/#breadcrumb\"},\"inLanguage\":\"fr-BE\",\"potentialAction\":[{\"@type\":\"ReadAction\",\"target\":[\"https:\/\/vieassociative.be\/actualites\/vous-devez-a-nouveau-avertir-vos-adolescents-du-defi-benadryl\/\"]}]},{\"@type\":\"ImageObject\",\"inLanguage\":\"fr-BE\",\"@id\":\"https:\/\/vieassociative.be\/actualites\/vous-devez-a-nouveau-avertir-vos-adolescents-du-defi-benadryl\/#primaryimage\",\"url\":\"https:\/\/vieassociative.be\/actualites\/wp-content\/uploads\/2024\/11\/Vous-devez-a-nouveau-avertir-vos-adolescents-du-defi-Benadryl.jpg\",\"contentUrl\":\"https:\/\/vieassociative.be\/actualites\/wp-content\/uploads\/2024\/11\/Vous-devez-a-nouveau-avertir-vos-adolescents-du-defi-Benadryl.jpg\",\"width\":1200,\"height\":675,\"caption\":\"Vous devez \u00e0 nouveau avertir vos adolescents du d\u00e9fi Benadryl\"},{\"@type\":\"BreadcrumbList\",\"@id\":\"https:\/\/vieassociative.be\/actualites\/vous-devez-a-nouveau-avertir-vos-adolescents-du-defi-benadryl\/#breadcrumb\",\"itemListElement\":[{\"@type\":\"ListItem\",\"position\":1,\"name\":\"Accueil\",\"item\":\"https:\/\/vieassociative.be\/actualites\/\"},{\"@type\":\"ListItem\",\"position\":2,\"name\":\"Vous devez \u00e0 nouveau avertir vos adolescents du d\u00e9fi Benadryl\"}]},{\"@type\":\"WebSite\",\"@id\":\"https:\/\/vieassociative.be\/actualites\/#website\",\"url\":\"https:\/\/vieassociative.be\/actualites\/\",\"name\":\"Vie Associative\",\"description\":\"\",\"publisher\":{\"@id\":\"https:\/\/vieassociative.be\/actualites\/#organization\"},\"potentialAction\":[{\"@type\":\"SearchAction\",\"target\":{\"@type\":\"EntryPoint\",\"urlTemplate\":\"https:\/\/vieassociative.be\/actualites\/?s={search_term_string}\"},\"query-input\":{\"@type\":\"PropertyValueSpecification\",\"valueRequired\":true,\"valueName\":\"search_term_string\"}}],\"inLanguage\":\"fr-BE\"},{\"@type\":\"Organization\",\"@id\":\"https:\/\/vieassociative.be\/actualites\/#organization\",\"name\":\"Vie Associative\",\"url\":\"https:\/\/vieassociative.be\/actualites\/\",\"logo\":{\"@type\":\"ImageObject\",\"inLanguage\":\"fr-BE\",\"@id\":\"https:\/\/vieassociative.be\/actualites\/#\/schema\/logo\/image\/\",\"url\":\"https:\/\/vieassociative.be\/actualites\/wp-content\/uploads\/2024\/09\/cropped-vieassociative_favicon.ico.png\",\"contentUrl\":\"https:\/\/vieassociative.be\/actualites\/wp-content\/uploads\/2024\/09\/cropped-vieassociative_favicon.ico.png\",\"width\":512,\"height\":512,\"caption\":\"Vie Associative\"},\"image\":{\"@id\":\"https:\/\/vieassociative.be\/actualites\/#\/schema\/logo\/image\/\"}},{\"@type\":\"Person\",\"@id\":\"https:\/\/vieassociative.be\/actualites\/#\/schema\/person\/b87ac4f82f9d4e7b7cec7395b679edc4\",\"name\":\"Julien\",\"image\":{\"@type\":\"ImageObject\",\"inLanguage\":\"fr-BE\",\"@id\":\"https:\/\/vieassociative.be\/actualites\/#\/schema\/person\/image\/\",\"url\":\"https:\/\/vieassociative.be\/actualites\/wp-content\/uploads\/2024\/09\/vie-associative-1-150x150.jpg\",\"contentUrl\":\"https:\/\/vieassociative.be\/actualites\/wp-content\/uploads\/2024\/09\/vie-associative-1-150x150.jpg\",\"caption\":\"Julien\"},\"description\":\"Je suis Julien, r\u00e9dacteur pour Vie Associative. Passionn\u00e9 par le monde associatif depuis plus de 10 ans, j'ai \u00e0 c\u0153ur de partager des histoires inspirantes et de mettre en lumi\u00e8re les initiatives locales. Mon objectif est de sensibiliser et d'encourager l'engagement communautaire \u00e0 travers mes articles.\",\"sameAs\":[\"https:\/\/vieassociative.be\/\"]}]}<\/script>\n<!-- \/ Yoast SEO plugin. -->","yoast_head_json":{"title":"Vous devez \u00e0 nouveau avertir vos adolescents du d\u00e9fi Benadryl | Vie Associative","robots":{"index":"index","follow":"follow","max-snippet":"max-snippet:-1","max-image-preview":"max-image-preview:large","max-video-preview":"max-video-preview:-1"},"canonical":"https:\/\/vieassociative.be\/actualites\/vous-devez-a-nouveau-avertir-vos-adolescents-du-defi-benadryl\/","og_locale":"fr_FR","og_type":"article","og_title":"Vous devez \u00e0 nouveau avertir vos adolescents du d\u00e9fi Benadryl | Vie Associative","og_description":"Ce d\u00e9fi mortel de TikTok est malheureusement de retour dans l\u2019actualit\u00e9. Plus de deux ans apr\u00e8s avoir entendu parler pour la premi\u00e8re fois du \u00ab\u00a0Benadryl","og_url":"https:\/\/vieassociative.be\/actualites\/vous-devez-a-nouveau-avertir-vos-adolescents-du-defi-benadryl\/","og_site_name":"Vie Associative","article_published_time":"2024-11-02T17:17:08+00:00","og_image":[{"width":279,"height":92,"url":"https:\/\/vieassociative.be\/actualites\/wp-content\/uploads\/2024\/09\/header_backgroundk-01-e1726694325946.png","type":"image\/png"}],"author":"Julien","twitter_card":"summary_large_image","twitter_misc":{"\u00c9crit par":"Julien","Dur\u00e9e de lecture est.":"3 minutes"},"schema":{"@context":"https:\/\/schema.org","@graph":[{"@type":"Article","@id":"https:\/\/vieassociative.be\/actualites\/vous-devez-a-nouveau-avertir-vos-adolescents-du-defi-benadryl\/#article","isPartOf":{"@id":"https:\/\/vieassociative.be\/actualites\/vous-devez-a-nouveau-avertir-vos-adolescents-du-defi-benadryl\/"},"author":{"name":"Julien","@id":"https:\/\/vieassociative.be\/actualites\/#\/schema\/person\/b87ac4f82f9d4e7b7cec7395b679edc4"},"headline":"Vous devez \u00e0 nouveau avertir vos adolescents du d\u00e9fi Benadryl","datePublished":"2024-11-02T17:17:08+00:00","dateModified":"2024-11-02T17:17:08+00:00","mainEntityOfPage":{"@id":"https:\/\/vieassociative.be\/actualites\/vous-devez-a-nouveau-avertir-vos-adolescents-du-defi-benadryl\/"},"wordCount":544,"publisher":{"@id":"https:\/\/vieassociative.be\/actualites\/#organization"},"image":{"@id":"https:\/\/vieassociative.be\/actualites\/vous-devez-a-nouveau-avertir-vos-adolescents-du-defi-benadryl\/#primaryimage"},"thumbnailUrl":"https:\/\/vieassociative.be\/actualites\/wp-content\/uploads\/2024\/11\/Vous-devez-a-nouveau-avertir-vos-adolescents-du-defi-Benadryl.jpg","keywords":["adolescents","avertir","Benadryl","d\u00e9fi","devez","nouveau","vos","Vous"],"articleSection":["Famille"],"inLanguage":"fr-BE"},{"@type":"WebPage","@id":"https:\/\/vieassociative.be\/actualites\/vous-devez-a-nouveau-avertir-vos-adolescents-du-defi-benadryl\/","url":"https:\/\/vieassociative.be\/actualites\/vous-devez-a-nouveau-avertir-vos-adolescents-du-defi-benadryl\/","name":"Vous devez \u00e0 nouveau avertir vos adolescents du d\u00e9fi Benadryl | Vie Associative","isPartOf":{"@id":"https:\/\/vieassociative.be\/actualites\/#website"},"primaryImageOfPage":{"@id":"https:\/\/vieassociative.be\/actualites\/vous-devez-a-nouveau-avertir-vos-adolescents-du-defi-benadryl\/#primaryimage"},"image":{"@id":"https:\/\/vieassociative.be\/actualites\/vous-devez-a-nouveau-avertir-vos-adolescents-du-defi-benadryl\/#primaryimage"},"thumbnailUrl":"https:\/\/vieassociative.be\/actualites\/wp-content\/uploads\/2024\/11\/Vous-devez-a-nouveau-avertir-vos-adolescents-du-defi-Benadryl.jpg","datePublished":"2024-11-02T17:17:08+00:00","dateModified":"2024-11-02T17:17:08+00:00","breadcrumb":{"@id":"https:\/\/vieassociative.be\/actualites\/vous-devez-a-nouveau-avertir-vos-adolescents-du-defi-benadryl\/#breadcrumb"},"inLanguage":"fr-BE","potentialAction":[{"@type":"ReadAction","target":["https:\/\/vieassociative.be\/actualites\/vous-devez-a-nouveau-avertir-vos-adolescents-du-defi-benadryl\/"]}]},{"@type":"ImageObject","inLanguage":"fr-BE","@id":"https:\/\/vieassociative.be\/actualites\/vous-devez-a-nouveau-avertir-vos-adolescents-du-defi-benadryl\/#primaryimage","url":"https:\/\/vieassociative.be\/actualites\/wp-content\/uploads\/2024\/11\/Vous-devez-a-nouveau-avertir-vos-adolescents-du-defi-Benadryl.jpg","contentUrl":"https:\/\/vieassociative.be\/actualites\/wp-content\/uploads\/2024\/11\/Vous-devez-a-nouveau-avertir-vos-adolescents-du-defi-Benadryl.jpg","width":1200,"height":675,"caption":"Vous devez \u00e0 nouveau avertir vos adolescents du d\u00e9fi Benadryl"},{"@type":"BreadcrumbList","@id":"https:\/\/vieassociative.be\/actualites\/vous-devez-a-nouveau-avertir-vos-adolescents-du-defi-benadryl\/#breadcrumb","itemListElement":[{"@type":"ListItem","position":1,"name":"Accueil","item":"https:\/\/vieassociative.be\/actualites\/"},{"@type":"ListItem","position":2,"name":"Vous devez \u00e0 nouveau avertir vos adolescents du d\u00e9fi Benadryl"}]},{"@type":"WebSite","@id":"https:\/\/vieassociative.be\/actualites\/#website","url":"https:\/\/vieassociative.be\/actualites\/","name":"Vie Associative","description":"","publisher":{"@id":"https:\/\/vieassociative.be\/actualites\/#organization"},"potentialAction":[{"@type":"SearchAction","target":{"@type":"EntryPoint","urlTemplate":"https:\/\/vieassociative.be\/actualites\/?s={search_term_string}"},"query-input":{"@type":"PropertyValueSpecification","valueRequired":true,"valueName":"search_term_string"}}],"inLanguage":"fr-BE"},{"@type":"Organization","@id":"https:\/\/vieassociative.be\/actualites\/#organization","name":"Vie Associative","url":"https:\/\/vieassociative.be\/actualites\/","logo":{"@type":"ImageObject","inLanguage":"fr-BE","@id":"https:\/\/vieassociative.be\/actualites\/#\/schema\/logo\/image\/","url":"https:\/\/vieassociative.be\/actualites\/wp-content\/uploads\/2024\/09\/cropped-vieassociative_favicon.ico.png","contentUrl":"https:\/\/vieassociative.be\/actualites\/wp-content\/uploads\/2024\/09\/cropped-vieassociative_favicon.ico.png","width":512,"height":512,"caption":"Vie Associative"},"image":{"@id":"https:\/\/vieassociative.be\/actualites\/#\/schema\/logo\/image\/"}},{"@type":"Person","@id":"https:\/\/vieassociative.be\/actualites\/#\/schema\/person\/b87ac4f82f9d4e7b7cec7395b679edc4","name":"Julien","image":{"@type":"ImageObject","inLanguage":"fr-BE","@id":"https:\/\/vieassociative.be\/actualites\/#\/schema\/person\/image\/","url":"https:\/\/vieassociative.be\/actualites\/wp-content\/uploads\/2024\/09\/vie-associative-1-150x150.jpg","contentUrl":"https:\/\/vieassociative.be\/actualites\/wp-content\/uploads\/2024\/09\/vie-associative-1-150x150.jpg","caption":"Julien"},"description":"Je suis Julien, r\u00e9dacteur pour Vie Associative. Passionn\u00e9 par le monde associatif depuis plus de 10 ans, j'ai \u00e0 c\u0153ur de partager des histoires inspirantes et de mettre en lumi\u00e8re les initiatives locales. Mon objectif est de sensibiliser et d'encourager l'engagement communautaire \u00e0 travers mes articles.","sameAs":["https:\/\/vieassociative.be\/"]}]}},"_links":{"self":[{"href":"https:\/\/vieassociative.be\/actualites\/wp-json\/wp\/v2\/posts\/1952"}],"collection":[{"href":"https:\/\/vieassociative.be\/actualites\/wp-json\/wp\/v2\/posts"}],"about":[{"href":"https:\/\/vieassociative.be\/actualites\/wp-json\/wp\/v2\/types\/post"}],"author":[{"embeddable":true,"href":"https:\/\/vieassociative.be\/actualites\/wp-json\/wp\/v2\/users\/1"}],"replies":[{"embeddable":true,"href":"https:\/\/vieassociative.be\/actualites\/wp-json\/wp\/v2\/comments?post=1952"}],"version-history":[{"count":0,"href":"https:\/\/vieassociative.be\/actualites\/wp-json\/wp\/v2\/posts\/1952\/revisions"}],"wp:featuredmedia":[{"embeddable":true,"href":"https:\/\/vieassociative.be\/actualites\/wp-json\/wp\/v2\/media\/1953"}],"wp:attachment":[{"href":"https:\/\/vieassociative.be\/actualites\/wp-json\/wp\/v2\/media?parent=1952"}],"wp:term":[{"taxonomy":"category","embeddable":true,"href":"https:\/\/vieassociative.be\/actualites\/wp-json\/wp\/v2\/categories?post=1952"},{"taxonomy":"post_tag","embeddable":true,"href":"https:\/\/vieassociative.be\/actualites\/wp-json\/wp\/v2\/tags?post=1952"}],"curies":[{"name":"wp","href":"https:\/\/api.w.org\/{rel}","templated":true}]}}