{"id":1942,"date":"2024-11-02T12:18:02","date_gmt":"2024-11-02T11:18:02","guid":{"rendered":"https:\/\/vieassociative.be\/actualites\/que-faire-lorsquun-enfant-pense-quil-est-le-mechant-enfant\/"},"modified":"2024-11-02T12:18:02","modified_gmt":"2024-11-02T11:18:02","slug":"que-faire-lorsquun-enfant-pense-quil-est-le-mechant-enfant","status":"publish","type":"post","link":"https:\/\/vieassociative.be\/actualites\/que-faire-lorsquun-enfant-pense-quil-est-le-mechant-enfant\/","title":{"rendered":"Que faire lorsqu&rsquo;un enfant pense qu&rsquo;il est le \u00ab m\u00e9chant enfant \u00bb"},"content":{"rendered":"<div class=\"mt-4 leading-6 md:mb-8\">Un \u00e9tiquetage n\u00e9gatif involontaire est mauvais pour la sant\u00e9 mentale d&rsquo;un enfant et pour sa dynamique fraternelle \u00e0 long terme.<\/div>\n<p><\/p>\n<p>Cela peut arriver assez innocemment. Un enfant est un adepte d\u00e9termin\u00e9 des r\u00e8gles, l\u2019autre est un preneur de risques. L&rsquo;a\u00een\u00e9 est un leader, le plus jeune est un clown et l&rsquo;enfant du milieu n&rsquo;est pas en s\u00e9curit\u00e9. Vous qualifiez sournoisement l\u2019une de \u00ab princesse \u00bb et l\u2019autre de \u00ab casse-cou \u00bb. Avant que vous vous en rendiez compte, les st\u00e9r\u00e9otypes et les \u00e9tiquettes se sont impos\u00e9s, ce qui a eu un impact sur les attentes des adultes et sur l&rsquo;estime de soi des enfants.<\/p>\n<p>Donner aux enfants des \u00e9tiquettes de \u00ab\u00a0bons\u00a0\u00bb et de \u00ab\u00a0mauvais\u00a0\u00bb conduit \u00e0 des attentes irr\u00e9alistes envers un \u00ab\u00a0enfant en or\u00a0\u00bb qui doit tout faire correctement et ne jamais faire d&rsquo;erreurs\u00a0; ils peuvent devenir tr\u00e8s performants, plaire aux gens et anxieux. Lorsqu\u2019un enfant semble recevoir tous les \u00e9loges et que l\u2019autre re\u00e7oit davantage de critiques, un conflit entre fr\u00e8res et s\u0153urs se d\u00e9veloppe.<\/p>\n<p>\u00ab\u00a0D&rsquo;autres \u00e9tiquettes probl\u00e9matiques peuvent inclure tout attribut positif indiquant qu&rsquo;un enfant est meilleur qu&rsquo;un autre, comme\u00a0\u00bb l&rsquo;enfant intelligent \u00ab\u00a0, \u00a0\u00bb celui qui se comporte bien \u00a0\u00bb ou \u00a0\u00bb l&rsquo;enfant facile \u00a0\u00bb \u00ab\u00a0, a d\u00e9clar\u00e9 le Dr Tish Taylor, enfant psychologue et auteur de <em>Favoriser les liens\u00a0:\u00a0d\u00e9velopper la sant\u00e9 sociale et \u00e9motionnelle des enfants et des adolescents<\/em>.<\/p>\n<p>Taylor a d\u00e9clar\u00e9 que coller des st\u00e9r\u00e9otypes aux enfants peut avoir un impact sur le d\u00e9veloppement de leur ego, les faisant se sentir indignes ou sup\u00e9rieurs.<\/p>\n<p>\u00ab Quoi qu\u2019il en soit, il existe un d\u00e9s\u00e9quilibre dans la perception et la formation potentielle de l\u2019identit\u00e9 \u00bb, a-t-elle d\u00e9clar\u00e9. \u00ab De plus, la relation fraternelle est affect\u00e9e n\u00e9gativement pendant l\u2019enfance et souvent \u00e0 l\u2019\u00e2ge adulte. \u00bb En fin de compte, il peut \u00eatre difficile pour les fr\u00e8res et s\u0153urs de d\u00e9velopper des relations durables et solidaires les uns avec les autres.<\/p>\n<h2 id=\"how-to-tell-if-labels-are-negatively-impacting-your-children\">Comment savoir si les \u00e9tiquettes ont un impact n\u00e9gatif sur vos enfants<\/h2>\n<p>Il existe plusieurs raisons pour lesquelles les parents peuvent involontairement signaler qu&rsquo;ils favorisent un enfant plut\u00f4t qu&rsquo;un autre\u00a0:<\/p>\n<ul>\n<li>\n<p>Un enfant particuli\u00e8rement bon enfant peut sembler plus facile \u00e0 \u00e9lever \u00e0 travers des \u00e9tapes de d\u00e9veloppement difficiles.<\/p>\n<\/li>\n<li>\n<p>Il peut \u00eatre plus facile de s&rsquo;identifier \u00e0 un enfant dont la personnalit\u00e9 est similaire \u00e0 celle de son parent.<\/p>\n<\/li>\n<li>\n<p>Un enfant qui excelle dans un domaine que valorisent ses parents (comme le sport, les arts ou les \u00e9tudes) peut recevoir plus d&rsquo;\u00e9loges que celui qui ne le fait pas.<\/p>\n<\/li>\n<li>\n<p>Si un enfant a des besoins de d\u00e9veloppement diff\u00e9rents, il peut n\u00e9cessiter plus de temps et d\u2019attention de la part d\u2019un parent, ce qui fera que les autres enfants se sentiront moins favoris\u00e9s.<\/p>\n<\/li>\n<\/ul>\n<p>\u00ab\u00a0Une autre raison du favoritisme per\u00e7u comprend les interactions positives observables qui se produisent entre un parent et un enfant\u00a0\u00bb, a d\u00e9clar\u00e9 Taylor. \u00ab En d\u2019autres termes, si un parent a plus de facilit\u00e9 \u00e0 s\u2019entendre ou \u00e0 \u00e9lever un enfant plut\u00f4t qu\u2019un autre, ses interactions sont probablement globalement plus positives par rapport \u00e0 une dynamique parent-enfant lorsqu\u2019il y a une tension et un conflit accrus. L\u2019enfant peut percevoir que son fr\u00e8re ou sa s\u0153ur est favoris\u00e9 en raison du conflit et de la tension accrus qu\u2019il ressent entre lui et son parent.<\/p>\n<p>Si un enfant montre des signes d&rsquo;agressivit\u00e9 ou de jalousie envers un fr\u00e8re ou une s\u0153ur, ou fait un commentaire direct sur le fait de se sentir per\u00e7u comme le \u00ab mauvais \u00bb, il est temps de r\u00e9parer et de d\u00e9coller les \u00e9tiquettes qu&rsquo;il a ramass\u00e9es.<\/p>\n<h2 id=\"how-to-address-negative-labels\">Comment r\u00e9pondre aux \u00e9tiquettes n\u00e9gatives<\/h2>\n<p>La premi\u00e8re \u00e9tape pour corriger une dynamique bonne-mauvaise entre fr\u00e8res et s\u0153urs est de remarquer le temps et l\u2019attention que vous accordez \u00e0 chaque enfant.<\/p>\n<p>\u00abEfforcez-vous de donner \u00e0 chaque enfant \u00e0 peu pr\u00e8s le m\u00eame temps et la m\u00eame attention pour participer \u00e0 des activit\u00e9s qu&rsquo;il aime chacun, en particulier celles qu&rsquo;il aime faire avec vous. Deuxi\u00e8mement, augmentez les interactions positives avec l&rsquo;enfant qui est per\u00e7u comme \u00ab mauvais \u00bb \u00bb, a d\u00e9clar\u00e9 Taylor. <\/p>\n<p>Essayez ces conseils d\u2019interaction positive\u00a0:<\/p>\n<ul>\n<li>\n<p>Entamez des conversations avec votre enfant.<\/p>\n<\/li>\n<li>\n<p>Montrez de l&rsquo;int\u00e9r\u00eat pour ce qu&rsquo;ils font.<\/p>\n<\/li>\n<li>\n<p>Planifiez une soir\u00e9e parent-enfant coh\u00e9rente ou un moment sp\u00e9cial o\u00f9 les conflits sont \u00e9vit\u00e9s.<\/p>\n<\/li>\n<li>\n<p>Dites \u00e0 votre enfant les sentiments positifs que vous ressentez pour lui.<\/p>\n<\/li>\n<li>\n<p>Les reconna\u00eetre devant la famille pour leurs actions positives et leurs traits positifs.<\/p>\n<\/li>\n<\/ul>\n<h2 id=\"prevent-unintentionally-labeling-kids\">Emp\u00eacher d\u2019\u00e9tiqueter involontairement les enfants<\/h2>\n<p>Avez-vous d\u00e9j\u00e0 remarqu\u00e9 des pens\u00e9es secr\u00e8tes et fugaces selon lesquelles un enfant est \u00ab plus facile \u00bb que l\u2019autre, ou que votre relation avec l\u2019un de vos enfants est plus douce ? Vous laissez peut-\u00eatre ces sentiments se manifester sans m\u00eame vous en rendre compte. Demandez-vous pourquoi les choses sont plus faciles avec un seul enfant et comment ce sentiment pourrait influencer vos interactions avec lui.<\/p>\n<p>Notez \u00e9galement comment vous parlez de chaque enfant et si vous utilisez plus souvent des mots positifs ou n\u00e9gatifs. <\/p>\n<p>\u00ab Plus nous parlons d&rsquo;une personne, y compris des enfants, de mani\u00e8re st\u00e9r\u00e9otyp\u00e9e \u2013 en soulignant le \u00ab bon \u00bb par rapport au \u00ab mauvais \u00bb \u2013 augmente nos sentiments et nos pens\u00e9es dans la direction respective. Assurez-vous d\u2019\u00e9quilibrer vos pens\u00e9es et vos commentaires lorsqu\u2019un enfant pr\u00e9sente des comportements ou des traits difficiles et reconnaissez \u00e9galement ses traits et ses comportements positifs \u00bb, a d\u00e9clar\u00e9 Taylor.<\/p>\n","protected":false},"excerpt":{"rendered":"<p>Un \u00e9tiquetage n\u00e9gatif involontaire est mauvais pour la sant\u00e9 mentale d&rsquo;un enfant et pour sa dynamique fraternelle \u00e0 long terme. Cela peut arriver assez innocemment.<\/p>\n","protected":false},"author":1,"featured_media":1943,"comment_status":"","ping_status":"","sticky":false,"template":"","format":"standard","meta":{"footnotes":""},"categories":[37],"tags":[295,76,127,2653,2655,2654,1855],"class_list":["post-1942","post","type-post","status-publish","format-standard","has-post-thumbnail","hentry","category-famille","tag-enfant","tag-est","tag-faire","tag-lorsquun","tag-mechant","tag-pense","tag-quil","generate-columns","tablet-grid-50","mobile-grid-100","grid-parent","grid-33"],"yoast_head":"<!-- This site is optimized with the Yoast SEO plugin v24.0 - https:\/\/yoast.com\/wordpress\/plugins\/seo\/ -->\n<title>Que faire lorsqu&#039;un enfant pense qu&#039;il est le \u00ab m\u00e9chant enfant \u00bb | Vie Associative<\/title>\n<meta name=\"robots\" content=\"index, follow, max-snippet:-1, max-image-preview:large, max-video-preview:-1\" \/>\n<link rel=\"canonical\" href=\"https:\/\/vieassociative.be\/actualites\/que-faire-lorsquun-enfant-pense-quil-est-le-mechant-enfant\/\" \/>\n<meta property=\"og:locale\" content=\"fr_FR\" \/>\n<meta property=\"og:type\" content=\"article\" \/>\n<meta property=\"og:title\" content=\"Que faire lorsqu&#039;un enfant pense qu&#039;il est le \u00ab m\u00e9chant enfant \u00bb | Vie Associative\" \/>\n<meta property=\"og:description\" content=\"Un \u00e9tiquetage n\u00e9gatif involontaire est mauvais pour la sant\u00e9 mentale d&rsquo;un enfant et pour sa dynamique fraternelle \u00e0 long terme. Cela peut arriver assez innocemment.\" \/>\n<meta property=\"og:url\" content=\"https:\/\/vieassociative.be\/actualites\/que-faire-lorsquun-enfant-pense-quil-est-le-mechant-enfant\/\" \/>\n<meta property=\"og:site_name\" content=\"Vie Associative\" \/>\n<meta property=\"article:published_time\" content=\"2024-11-02T11:18:02+00:00\" \/>\n<meta property=\"og:image\" content=\"https:\/\/vieassociative.be\/actualites\/wp-content\/uploads\/2024\/09\/header_backgroundk-01-e1726694325946.png\" \/>\n\t<meta property=\"og:image:width\" content=\"279\" \/>\n\t<meta property=\"og:image:height\" content=\"92\" \/>\n\t<meta property=\"og:image:type\" content=\"image\/png\" \/>\n<meta name=\"author\" content=\"Julien\" \/>\n<meta name=\"twitter:card\" content=\"summary_large_image\" \/>\n<meta name=\"twitter:label1\" content=\"\u00c9crit par\" \/>\n\t<meta name=\"twitter:data1\" content=\"Julien\" \/>\n\t<meta name=\"twitter:label2\" content=\"Dur\u00e9e de lecture est.\" \/>\n\t<meta name=\"twitter:data2\" content=\"5 minutes\" \/>\n<script type=\"application\/ld+json\" class=\"yoast-schema-graph\">{\"@context\":\"https:\/\/schema.org\",\"@graph\":[{\"@type\":\"Article\",\"@id\":\"https:\/\/vieassociative.be\/actualites\/que-faire-lorsquun-enfant-pense-quil-est-le-mechant-enfant\/#article\",\"isPartOf\":{\"@id\":\"https:\/\/vieassociative.be\/actualites\/que-faire-lorsquun-enfant-pense-quil-est-le-mechant-enfant\/\"},\"author\":{\"name\":\"Julien\",\"@id\":\"https:\/\/vieassociative.be\/actualites\/#\/schema\/person\/b87ac4f82f9d4e7b7cec7395b679edc4\"},\"headline\":\"Que faire lorsqu&rsquo;un enfant pense qu&rsquo;il est le \u00ab m\u00e9chant enfant \u00bb\",\"datePublished\":\"2024-11-02T11:18:02+00:00\",\"dateModified\":\"2024-11-02T11:18:02+00:00\",\"mainEntityOfPage\":{\"@id\":\"https:\/\/vieassociative.be\/actualites\/que-faire-lorsquun-enfant-pense-quil-est-le-mechant-enfant\/\"},\"wordCount\":972,\"publisher\":{\"@id\":\"https:\/\/vieassociative.be\/actualites\/#organization\"},\"image\":{\"@id\":\"https:\/\/vieassociative.be\/actualites\/que-faire-lorsquun-enfant-pense-quil-est-le-mechant-enfant\/#primaryimage\"},\"thumbnailUrl\":\"https:\/\/vieassociative.be\/actualites\/wp-content\/uploads\/2024\/11\/Que-faire-lorsquun-enfant-pense-quil-est-le-mechant.jpg\",\"keywords\":[\"enfant\",\"est\",\"faire\",\"lorsquun\",\"m\u00e9chant\",\"pense\",\"quil\"],\"articleSection\":[\"Famille\"],\"inLanguage\":\"fr-BE\"},{\"@type\":\"WebPage\",\"@id\":\"https:\/\/vieassociative.be\/actualites\/que-faire-lorsquun-enfant-pense-quil-est-le-mechant-enfant\/\",\"url\":\"https:\/\/vieassociative.be\/actualites\/que-faire-lorsquun-enfant-pense-quil-est-le-mechant-enfant\/\",\"name\":\"Que faire lorsqu'un enfant pense qu'il est le \u00ab m\u00e9chant enfant \u00bb | Vie Associative\",\"isPartOf\":{\"@id\":\"https:\/\/vieassociative.be\/actualites\/#website\"},\"primaryImageOfPage\":{\"@id\":\"https:\/\/vieassociative.be\/actualites\/que-faire-lorsquun-enfant-pense-quil-est-le-mechant-enfant\/#primaryimage\"},\"image\":{\"@id\":\"https:\/\/vieassociative.be\/actualites\/que-faire-lorsquun-enfant-pense-quil-est-le-mechant-enfant\/#primaryimage\"},\"thumbnailUrl\":\"https:\/\/vieassociative.be\/actualites\/wp-content\/uploads\/2024\/11\/Que-faire-lorsquun-enfant-pense-quil-est-le-mechant.jpg\",\"datePublished\":\"2024-11-02T11:18:02+00:00\",\"dateModified\":\"2024-11-02T11:18:02+00:00\",\"breadcrumb\":{\"@id\":\"https:\/\/vieassociative.be\/actualites\/que-faire-lorsquun-enfant-pense-quil-est-le-mechant-enfant\/#breadcrumb\"},\"inLanguage\":\"fr-BE\",\"potentialAction\":[{\"@type\":\"ReadAction\",\"target\":[\"https:\/\/vieassociative.be\/actualites\/que-faire-lorsquun-enfant-pense-quil-est-le-mechant-enfant\/\"]}]},{\"@type\":\"ImageObject\",\"inLanguage\":\"fr-BE\",\"@id\":\"https:\/\/vieassociative.be\/actualites\/que-faire-lorsquun-enfant-pense-quil-est-le-mechant-enfant\/#primaryimage\",\"url\":\"https:\/\/vieassociative.be\/actualites\/wp-content\/uploads\/2024\/11\/Que-faire-lorsquun-enfant-pense-quil-est-le-mechant.jpg\",\"contentUrl\":\"https:\/\/vieassociative.be\/actualites\/wp-content\/uploads\/2024\/11\/Que-faire-lorsquun-enfant-pense-quil-est-le-mechant.jpg\",\"width\":1200,\"height\":675,\"caption\":\"Que faire lorsqu'un enfant pense qu'il est le \u00ab m\u00e9chant enfant \u00bb\"},{\"@type\":\"BreadcrumbList\",\"@id\":\"https:\/\/vieassociative.be\/actualites\/que-faire-lorsquun-enfant-pense-quil-est-le-mechant-enfant\/#breadcrumb\",\"itemListElement\":[{\"@type\":\"ListItem\",\"position\":1,\"name\":\"Accueil\",\"item\":\"https:\/\/vieassociative.be\/actualites\/\"},{\"@type\":\"ListItem\",\"position\":2,\"name\":\"Que faire lorsqu&rsquo;un enfant pense qu&rsquo;il est le \u00ab m\u00e9chant enfant \u00bb\"}]},{\"@type\":\"WebSite\",\"@id\":\"https:\/\/vieassociative.be\/actualites\/#website\",\"url\":\"https:\/\/vieassociative.be\/actualites\/\",\"name\":\"Vie Associative\",\"description\":\"\",\"publisher\":{\"@id\":\"https:\/\/vieassociative.be\/actualites\/#organization\"},\"potentialAction\":[{\"@type\":\"SearchAction\",\"target\":{\"@type\":\"EntryPoint\",\"urlTemplate\":\"https:\/\/vieassociative.be\/actualites\/?s={search_term_string}\"},\"query-input\":{\"@type\":\"PropertyValueSpecification\",\"valueRequired\":true,\"valueName\":\"search_term_string\"}}],\"inLanguage\":\"fr-BE\"},{\"@type\":\"Organization\",\"@id\":\"https:\/\/vieassociative.be\/actualites\/#organization\",\"name\":\"Vie Associative\",\"url\":\"https:\/\/vieassociative.be\/actualites\/\",\"logo\":{\"@type\":\"ImageObject\",\"inLanguage\":\"fr-BE\",\"@id\":\"https:\/\/vieassociative.be\/actualites\/#\/schema\/logo\/image\/\",\"url\":\"https:\/\/vieassociative.be\/actualites\/wp-content\/uploads\/2024\/09\/cropped-vieassociative_favicon.ico.png\",\"contentUrl\":\"https:\/\/vieassociative.be\/actualites\/wp-content\/uploads\/2024\/09\/cropped-vieassociative_favicon.ico.png\",\"width\":512,\"height\":512,\"caption\":\"Vie Associative\"},\"image\":{\"@id\":\"https:\/\/vieassociative.be\/actualites\/#\/schema\/logo\/image\/\"}},{\"@type\":\"Person\",\"@id\":\"https:\/\/vieassociative.be\/actualites\/#\/schema\/person\/b87ac4f82f9d4e7b7cec7395b679edc4\",\"name\":\"Julien\",\"image\":{\"@type\":\"ImageObject\",\"inLanguage\":\"fr-BE\",\"@id\":\"https:\/\/vieassociative.be\/actualites\/#\/schema\/person\/image\/\",\"url\":\"https:\/\/vieassociative.be\/actualites\/wp-content\/uploads\/2024\/09\/vie-associative-1-150x150.jpg\",\"contentUrl\":\"https:\/\/vieassociative.be\/actualites\/wp-content\/uploads\/2024\/09\/vie-associative-1-150x150.jpg\",\"caption\":\"Julien\"},\"description\":\"Je suis Julien, r\u00e9dacteur pour Vie Associative. Passionn\u00e9 par le monde associatif depuis plus de 10 ans, j'ai \u00e0 c\u0153ur de partager des histoires inspirantes et de mettre en lumi\u00e8re les initiatives locales. Mon objectif est de sensibiliser et d'encourager l'engagement communautaire \u00e0 travers mes articles.\",\"sameAs\":[\"https:\/\/vieassociative.be\/\"]}]}<\/script>\n<!-- \/ Yoast SEO plugin. -->","yoast_head_json":{"title":"Que faire lorsqu'un enfant pense qu'il est le \u00ab m\u00e9chant enfant \u00bb | Vie Associative","robots":{"index":"index","follow":"follow","max-snippet":"max-snippet:-1","max-image-preview":"max-image-preview:large","max-video-preview":"max-video-preview:-1"},"canonical":"https:\/\/vieassociative.be\/actualites\/que-faire-lorsquun-enfant-pense-quil-est-le-mechant-enfant\/","og_locale":"fr_FR","og_type":"article","og_title":"Que faire lorsqu'un enfant pense qu'il est le \u00ab m\u00e9chant enfant \u00bb | Vie Associative","og_description":"Un \u00e9tiquetage n\u00e9gatif involontaire est mauvais pour la sant\u00e9 mentale d&rsquo;un enfant et pour sa dynamique fraternelle \u00e0 long terme. Cela peut arriver assez innocemment.","og_url":"https:\/\/vieassociative.be\/actualites\/que-faire-lorsquun-enfant-pense-quil-est-le-mechant-enfant\/","og_site_name":"Vie Associative","article_published_time":"2024-11-02T11:18:02+00:00","og_image":[{"width":279,"height":92,"url":"https:\/\/vieassociative.be\/actualites\/wp-content\/uploads\/2024\/09\/header_backgroundk-01-e1726694325946.png","type":"image\/png"}],"author":"Julien","twitter_card":"summary_large_image","twitter_misc":{"\u00c9crit par":"Julien","Dur\u00e9e de lecture est.":"5 minutes"},"schema":{"@context":"https:\/\/schema.org","@graph":[{"@type":"Article","@id":"https:\/\/vieassociative.be\/actualites\/que-faire-lorsquun-enfant-pense-quil-est-le-mechant-enfant\/#article","isPartOf":{"@id":"https:\/\/vieassociative.be\/actualites\/que-faire-lorsquun-enfant-pense-quil-est-le-mechant-enfant\/"},"author":{"name":"Julien","@id":"https:\/\/vieassociative.be\/actualites\/#\/schema\/person\/b87ac4f82f9d4e7b7cec7395b679edc4"},"headline":"Que faire lorsqu&rsquo;un enfant pense qu&rsquo;il est le \u00ab m\u00e9chant enfant \u00bb","datePublished":"2024-11-02T11:18:02+00:00","dateModified":"2024-11-02T11:18:02+00:00","mainEntityOfPage":{"@id":"https:\/\/vieassociative.be\/actualites\/que-faire-lorsquun-enfant-pense-quil-est-le-mechant-enfant\/"},"wordCount":972,"publisher":{"@id":"https:\/\/vieassociative.be\/actualites\/#organization"},"image":{"@id":"https:\/\/vieassociative.be\/actualites\/que-faire-lorsquun-enfant-pense-quil-est-le-mechant-enfant\/#primaryimage"},"thumbnailUrl":"https:\/\/vieassociative.be\/actualites\/wp-content\/uploads\/2024\/11\/Que-faire-lorsquun-enfant-pense-quil-est-le-mechant.jpg","keywords":["enfant","est","faire","lorsquun","m\u00e9chant","pense","quil"],"articleSection":["Famille"],"inLanguage":"fr-BE"},{"@type":"WebPage","@id":"https:\/\/vieassociative.be\/actualites\/que-faire-lorsquun-enfant-pense-quil-est-le-mechant-enfant\/","url":"https:\/\/vieassociative.be\/actualites\/que-faire-lorsquun-enfant-pense-quil-est-le-mechant-enfant\/","name":"Que faire lorsqu'un enfant pense qu'il est le \u00ab m\u00e9chant enfant \u00bb | Vie Associative","isPartOf":{"@id":"https:\/\/vieassociative.be\/actualites\/#website"},"primaryImageOfPage":{"@id":"https:\/\/vieassociative.be\/actualites\/que-faire-lorsquun-enfant-pense-quil-est-le-mechant-enfant\/#primaryimage"},"image":{"@id":"https:\/\/vieassociative.be\/actualites\/que-faire-lorsquun-enfant-pense-quil-est-le-mechant-enfant\/#primaryimage"},"thumbnailUrl":"https:\/\/vieassociative.be\/actualites\/wp-content\/uploads\/2024\/11\/Que-faire-lorsquun-enfant-pense-quil-est-le-mechant.jpg","datePublished":"2024-11-02T11:18:02+00:00","dateModified":"2024-11-02T11:18:02+00:00","breadcrumb":{"@id":"https:\/\/vieassociative.be\/actualites\/que-faire-lorsquun-enfant-pense-quil-est-le-mechant-enfant\/#breadcrumb"},"inLanguage":"fr-BE","potentialAction":[{"@type":"ReadAction","target":["https:\/\/vieassociative.be\/actualites\/que-faire-lorsquun-enfant-pense-quil-est-le-mechant-enfant\/"]}]},{"@type":"ImageObject","inLanguage":"fr-BE","@id":"https:\/\/vieassociative.be\/actualites\/que-faire-lorsquun-enfant-pense-quil-est-le-mechant-enfant\/#primaryimage","url":"https:\/\/vieassociative.be\/actualites\/wp-content\/uploads\/2024\/11\/Que-faire-lorsquun-enfant-pense-quil-est-le-mechant.jpg","contentUrl":"https:\/\/vieassociative.be\/actualites\/wp-content\/uploads\/2024\/11\/Que-faire-lorsquun-enfant-pense-quil-est-le-mechant.jpg","width":1200,"height":675,"caption":"Que faire lorsqu'un enfant pense qu'il est le \u00ab m\u00e9chant enfant \u00bb"},{"@type":"BreadcrumbList","@id":"https:\/\/vieassociative.be\/actualites\/que-faire-lorsquun-enfant-pense-quil-est-le-mechant-enfant\/#breadcrumb","itemListElement":[{"@type":"ListItem","position":1,"name":"Accueil","item":"https:\/\/vieassociative.be\/actualites\/"},{"@type":"ListItem","position":2,"name":"Que faire lorsqu&rsquo;un enfant pense qu&rsquo;il est le \u00ab m\u00e9chant enfant \u00bb"}]},{"@type":"WebSite","@id":"https:\/\/vieassociative.be\/actualites\/#website","url":"https:\/\/vieassociative.be\/actualites\/","name":"Vie Associative","description":"","publisher":{"@id":"https:\/\/vieassociative.be\/actualites\/#organization"},"potentialAction":[{"@type":"SearchAction","target":{"@type":"EntryPoint","urlTemplate":"https:\/\/vieassociative.be\/actualites\/?s={search_term_string}"},"query-input":{"@type":"PropertyValueSpecification","valueRequired":true,"valueName":"search_term_string"}}],"inLanguage":"fr-BE"},{"@type":"Organization","@id":"https:\/\/vieassociative.be\/actualites\/#organization","name":"Vie Associative","url":"https:\/\/vieassociative.be\/actualites\/","logo":{"@type":"ImageObject","inLanguage":"fr-BE","@id":"https:\/\/vieassociative.be\/actualites\/#\/schema\/logo\/image\/","url":"https:\/\/vieassociative.be\/actualites\/wp-content\/uploads\/2024\/09\/cropped-vieassociative_favicon.ico.png","contentUrl":"https:\/\/vieassociative.be\/actualites\/wp-content\/uploads\/2024\/09\/cropped-vieassociative_favicon.ico.png","width":512,"height":512,"caption":"Vie Associative"},"image":{"@id":"https:\/\/vieassociative.be\/actualites\/#\/schema\/logo\/image\/"}},{"@type":"Person","@id":"https:\/\/vieassociative.be\/actualites\/#\/schema\/person\/b87ac4f82f9d4e7b7cec7395b679edc4","name":"Julien","image":{"@type":"ImageObject","inLanguage":"fr-BE","@id":"https:\/\/vieassociative.be\/actualites\/#\/schema\/person\/image\/","url":"https:\/\/vieassociative.be\/actualites\/wp-content\/uploads\/2024\/09\/vie-associative-1-150x150.jpg","contentUrl":"https:\/\/vieassociative.be\/actualites\/wp-content\/uploads\/2024\/09\/vie-associative-1-150x150.jpg","caption":"Julien"},"description":"Je suis Julien, r\u00e9dacteur pour Vie Associative. Passionn\u00e9 par le monde associatif depuis plus de 10 ans, j'ai \u00e0 c\u0153ur de partager des histoires inspirantes et de mettre en lumi\u00e8re les initiatives locales. Mon objectif est de sensibiliser et d'encourager l'engagement communautaire \u00e0 travers mes articles.","sameAs":["https:\/\/vieassociative.be\/"]}]}},"_links":{"self":[{"href":"https:\/\/vieassociative.be\/actualites\/wp-json\/wp\/v2\/posts\/1942"}],"collection":[{"href":"https:\/\/vieassociative.be\/actualites\/wp-json\/wp\/v2\/posts"}],"about":[{"href":"https:\/\/vieassociative.be\/actualites\/wp-json\/wp\/v2\/types\/post"}],"author":[{"embeddable":true,"href":"https:\/\/vieassociative.be\/actualites\/wp-json\/wp\/v2\/users\/1"}],"replies":[{"embeddable":true,"href":"https:\/\/vieassociative.be\/actualites\/wp-json\/wp\/v2\/comments?post=1942"}],"version-history":[{"count":0,"href":"https:\/\/vieassociative.be\/actualites\/wp-json\/wp\/v2\/posts\/1942\/revisions"}],"wp:featuredmedia":[{"embeddable":true,"href":"https:\/\/vieassociative.be\/actualites\/wp-json\/wp\/v2\/media\/1943"}],"wp:attachment":[{"href":"https:\/\/vieassociative.be\/actualites\/wp-json\/wp\/v2\/media?parent=1942"}],"wp:term":[{"taxonomy":"category","embeddable":true,"href":"https:\/\/vieassociative.be\/actualites\/wp-json\/wp\/v2\/categories?post=1942"},{"taxonomy":"post_tag","embeddable":true,"href":"https:\/\/vieassociative.be\/actualites\/wp-json\/wp\/v2\/tags?post=1942"}],"curies":[{"name":"wp","href":"https:\/\/api.w.org\/{rel}","templated":true}]}}