{"id":1926,"date":"2024-11-02T02:20:42","date_gmt":"2024-11-02T01:20:42","guid":{"rendered":"https:\/\/vieassociative.be\/actualites\/vous-pouvez-obtenir-ce-crayon-apple-usb-c-en-vente-pour-50-jusqua-epuisement-des-stocks\/"},"modified":"2024-11-02T02:20:42","modified_gmt":"2024-11-02T01:20:42","slug":"vous-pouvez-obtenir-ce-crayon-apple-usb-c-en-vente-pour-50-jusqua-epuisement-des-stocks","status":"publish","type":"post","link":"https:\/\/vieassociative.be\/actualites\/vous-pouvez-obtenir-ce-crayon-apple-usb-c-en-vente-pour-50-jusqua-epuisement-des-stocks\/","title":{"rendered":"Vous pouvez obtenir ce crayon Apple USB-C en vente pour 50 $ jusqu&rsquo;\u00e0 \u00e9puisement des stocks"},"content":{"rendered":"<div class=\"mt-4 leading-6 md:mb-8\">Il fonctionne avec les derni\u00e8res versions de l&rsquo;iPad, de l&rsquo;iPad Pro, de l&rsquo;iPad Air, de l&rsquo;iPad mini et de certains mod\u00e8les plus anciens.<\/div>\n<p><\/p>\n<p>Vous pouvez obtenir cet Apple Pencil USB-C en vente au prix de 49,99 $ d\u00e8s maintenant avec la livraison gratuite (r\u00e9g. 79 $) jusqu&rsquo;\u00e0 \u00e9puisement des stocks, et il en reste moins de 40 en stock. Le stylet a une faible latence, une fixation magn\u00e9tique, un survol pour pr\u00e9visualiser vos marques et une sensibilit\u00e9 \u00e0 l&rsquo;inclinaison pour \u00e9crire, dessiner et annoter, mais il n&rsquo;a pas de sensibilit\u00e9 \u00e0 la pression ni de charge magn\u00e9tique. Il fonctionne avec les derni\u00e8res versions de l&rsquo;iPad, de l&rsquo;iPad Pro, de l&rsquo;iPad Air, de l&rsquo;iPad mini et de certains mod\u00e8les plus anciens. C&rsquo;est moins cher que d&rsquo;acheter sur le site Web d&rsquo;Apple car il s&rsquo;agit d&rsquo;un mod\u00e8le ouvert (inventaire exc\u00e9dentaire provenant des \u00e9tag\u00e8res des magasins ou retours des clients), mais il a \u00e9t\u00e9 reconditionn\u00e9 et v\u00e9rifi\u00e9 comme \u00e9tant \u00e0 l&rsquo;\u00e9tat neuf. <\/p>\n<p>Vous pouvez obtenir cet Apple Pencil USB-C en vente au prix de 49,99 $ d\u00e8s maintenant avec la livraison gratuite (r\u00e9g. 79 $) jusqu&rsquo;\u00e0 \u00e9puisement des stocks, bien que les prix puissent changer \u00e0 tout moment.<\/p>\n","protected":false},"excerpt":{"rendered":"<p>Il fonctionne avec les derni\u00e8res versions de l&rsquo;iPad, de l&rsquo;iPad Pro, de l&rsquo;iPad Air, de l&rsquo;iPad mini et de certains mod\u00e8les plus anciens. Vous pouvez<\/p>\n","protected":false},"author":1,"featured_media":1927,"comment_status":"","ping_status":"","sticky":false,"template":"","format":"standard","meta":{"footnotes":""},"categories":[13],"tags":[54,2555,29,2631,1269,227,81,5,2632,2630,223,4],"class_list":["post-1926","post","type-post","status-publish","format-standard","has-post-thumbnail","hentry","category-technologie","tag-apple","tag-crayon","tag-des","tag-epuisement","tag-jusqua","tag-obtenir","tag-pour","tag-pouvez","tag-stocks","tag-usbc","tag-vente","tag-vous","generate-columns","tablet-grid-50","mobile-grid-100","grid-parent","grid-33"],"yoast_head":"<!-- This site is optimized with the Yoast SEO plugin v24.0 - https:\/\/yoast.com\/wordpress\/plugins\/seo\/ -->\n<title>Vous pouvez obtenir ce crayon Apple USB-C en vente pour 50 $ jusqu&#039;\u00e0 \u00e9puisement des stocks | Vie Associative<\/title>\n<meta name=\"robots\" content=\"index, follow, max-snippet:-1, max-image-preview:large, max-video-preview:-1\" \/>\n<link rel=\"canonical\" href=\"https:\/\/vieassociative.be\/actualites\/vous-pouvez-obtenir-ce-crayon-apple-usb-c-en-vente-pour-50-jusqua-epuisement-des-stocks\/\" \/>\n<meta property=\"og:locale\" content=\"fr_FR\" \/>\n<meta property=\"og:type\" content=\"article\" \/>\n<meta property=\"og:title\" content=\"Vous pouvez obtenir ce crayon Apple USB-C en vente pour 50 $ jusqu&#039;\u00e0 \u00e9puisement des stocks | Vie Associative\" \/>\n<meta property=\"og:description\" content=\"Il fonctionne avec les derni\u00e8res versions de l&rsquo;iPad, de l&rsquo;iPad Pro, de l&rsquo;iPad Air, de l&rsquo;iPad mini et de certains mod\u00e8les plus anciens. Vous pouvez\" \/>\n<meta property=\"og:url\" content=\"https:\/\/vieassociative.be\/actualites\/vous-pouvez-obtenir-ce-crayon-apple-usb-c-en-vente-pour-50-jusqua-epuisement-des-stocks\/\" \/>\n<meta property=\"og:site_name\" content=\"Vie Associative\" \/>\n<meta property=\"article:published_time\" content=\"2024-11-02T01:20:42+00:00\" \/>\n<meta property=\"og:image\" content=\"https:\/\/vieassociative.be\/actualites\/wp-content\/uploads\/2024\/09\/header_backgroundk-01-e1726694325946.png\" \/>\n\t<meta property=\"og:image:width\" content=\"279\" \/>\n\t<meta property=\"og:image:height\" content=\"92\" \/>\n\t<meta property=\"og:image:type\" content=\"image\/png\" \/>\n<meta name=\"author\" content=\"Julien\" \/>\n<meta name=\"twitter:card\" content=\"summary_large_image\" \/>\n<meta name=\"twitter:label1\" content=\"\u00c9crit par\" \/>\n\t<meta name=\"twitter:data1\" content=\"Julien\" \/>\n\t<meta name=\"twitter:label2\" content=\"Dur\u00e9e de lecture est.\" \/>\n\t<meta name=\"twitter:data2\" content=\"1 minute\" \/>\n<script type=\"application\/ld+json\" class=\"yoast-schema-graph\">{\"@context\":\"https:\/\/schema.org\",\"@graph\":[{\"@type\":\"Article\",\"@id\":\"https:\/\/vieassociative.be\/actualites\/vous-pouvez-obtenir-ce-crayon-apple-usb-c-en-vente-pour-50-jusqua-epuisement-des-stocks\/#article\",\"isPartOf\":{\"@id\":\"https:\/\/vieassociative.be\/actualites\/vous-pouvez-obtenir-ce-crayon-apple-usb-c-en-vente-pour-50-jusqua-epuisement-des-stocks\/\"},\"author\":{\"name\":\"Julien\",\"@id\":\"https:\/\/vieassociative.be\/actualites\/#\/schema\/person\/b87ac4f82f9d4e7b7cec7395b679edc4\"},\"headline\":\"Vous pouvez obtenir ce crayon Apple USB-C en vente pour 50 $ jusqu&rsquo;\u00e0 \u00e9puisement des stocks\",\"datePublished\":\"2024-11-02T01:20:42+00:00\",\"dateModified\":\"2024-11-02T01:20:42+00:00\",\"mainEntityOfPage\":{\"@id\":\"https:\/\/vieassociative.be\/actualites\/vous-pouvez-obtenir-ce-crayon-apple-usb-c-en-vente-pour-50-jusqua-epuisement-des-stocks\/\"},\"wordCount\":227,\"publisher\":{\"@id\":\"https:\/\/vieassociative.be\/actualites\/#organization\"},\"image\":{\"@id\":\"https:\/\/vieassociative.be\/actualites\/vous-pouvez-obtenir-ce-crayon-apple-usb-c-en-vente-pour-50-jusqua-epuisement-des-stocks\/#primaryimage\"},\"thumbnailUrl\":\"https:\/\/vieassociative.be\/actualites\/wp-content\/uploads\/2024\/11\/Vous-pouvez-obtenir-ce-crayon-Apple-USB-C-en-vente-pour.png\",\"keywords\":[\"Apple\",\"crayon\",\"Des\",\"\u00e9puisement\",\"jusqu\u00e0\",\"obtenir\",\"pour\",\"pouvez\",\"stocks\",\"USBC\",\"vente\",\"Vous\"],\"articleSection\":[\"Technologie\"],\"inLanguage\":\"fr-BE\"},{\"@type\":\"WebPage\",\"@id\":\"https:\/\/vieassociative.be\/actualites\/vous-pouvez-obtenir-ce-crayon-apple-usb-c-en-vente-pour-50-jusqua-epuisement-des-stocks\/\",\"url\":\"https:\/\/vieassociative.be\/actualites\/vous-pouvez-obtenir-ce-crayon-apple-usb-c-en-vente-pour-50-jusqua-epuisement-des-stocks\/\",\"name\":\"Vous pouvez obtenir ce crayon Apple USB-C en vente pour 50 $ jusqu'\u00e0 \u00e9puisement des stocks | Vie Associative\",\"isPartOf\":{\"@id\":\"https:\/\/vieassociative.be\/actualites\/#website\"},\"primaryImageOfPage\":{\"@id\":\"https:\/\/vieassociative.be\/actualites\/vous-pouvez-obtenir-ce-crayon-apple-usb-c-en-vente-pour-50-jusqua-epuisement-des-stocks\/#primaryimage\"},\"image\":{\"@id\":\"https:\/\/vieassociative.be\/actualites\/vous-pouvez-obtenir-ce-crayon-apple-usb-c-en-vente-pour-50-jusqua-epuisement-des-stocks\/#primaryimage\"},\"thumbnailUrl\":\"https:\/\/vieassociative.be\/actualites\/wp-content\/uploads\/2024\/11\/Vous-pouvez-obtenir-ce-crayon-Apple-USB-C-en-vente-pour.png\",\"datePublished\":\"2024-11-02T01:20:42+00:00\",\"dateModified\":\"2024-11-02T01:20:42+00:00\",\"breadcrumb\":{\"@id\":\"https:\/\/vieassociative.be\/actualites\/vous-pouvez-obtenir-ce-crayon-apple-usb-c-en-vente-pour-50-jusqua-epuisement-des-stocks\/#breadcrumb\"},\"inLanguage\":\"fr-BE\",\"potentialAction\":[{\"@type\":\"ReadAction\",\"target\":[\"https:\/\/vieassociative.be\/actualites\/vous-pouvez-obtenir-ce-crayon-apple-usb-c-en-vente-pour-50-jusqua-epuisement-des-stocks\/\"]}]},{\"@type\":\"ImageObject\",\"inLanguage\":\"fr-BE\",\"@id\":\"https:\/\/vieassociative.be\/actualites\/vous-pouvez-obtenir-ce-crayon-apple-usb-c-en-vente-pour-50-jusqua-epuisement-des-stocks\/#primaryimage\",\"url\":\"https:\/\/vieassociative.be\/actualites\/wp-content\/uploads\/2024\/11\/Vous-pouvez-obtenir-ce-crayon-Apple-USB-C-en-vente-pour.png\",\"contentUrl\":\"https:\/\/vieassociative.be\/actualites\/wp-content\/uploads\/2024\/11\/Vous-pouvez-obtenir-ce-crayon-Apple-USB-C-en-vente-pour.png\",\"width\":1200,\"height\":675,\"caption\":\"Vous pouvez obtenir ce crayon Apple USB-C en vente pour 50 $ jusqu'\u00e0 \u00e9puisement des stocks\"},{\"@type\":\"BreadcrumbList\",\"@id\":\"https:\/\/vieassociative.be\/actualites\/vous-pouvez-obtenir-ce-crayon-apple-usb-c-en-vente-pour-50-jusqua-epuisement-des-stocks\/#breadcrumb\",\"itemListElement\":[{\"@type\":\"ListItem\",\"position\":1,\"name\":\"Accueil\",\"item\":\"https:\/\/vieassociative.be\/actualites\/\"},{\"@type\":\"ListItem\",\"position\":2,\"name\":\"Vous pouvez obtenir ce crayon Apple USB-C en vente pour 50 $ jusqu&rsquo;\u00e0 \u00e9puisement des stocks\"}]},{\"@type\":\"WebSite\",\"@id\":\"https:\/\/vieassociative.be\/actualites\/#website\",\"url\":\"https:\/\/vieassociative.be\/actualites\/\",\"name\":\"Vie Associative\",\"description\":\"\",\"publisher\":{\"@id\":\"https:\/\/vieassociative.be\/actualites\/#organization\"},\"potentialAction\":[{\"@type\":\"SearchAction\",\"target\":{\"@type\":\"EntryPoint\",\"urlTemplate\":\"https:\/\/vieassociative.be\/actualites\/?s={search_term_string}\"},\"query-input\":{\"@type\":\"PropertyValueSpecification\",\"valueRequired\":true,\"valueName\":\"search_term_string\"}}],\"inLanguage\":\"fr-BE\"},{\"@type\":\"Organization\",\"@id\":\"https:\/\/vieassociative.be\/actualites\/#organization\",\"name\":\"Vie Associative\",\"url\":\"https:\/\/vieassociative.be\/actualites\/\",\"logo\":{\"@type\":\"ImageObject\",\"inLanguage\":\"fr-BE\",\"@id\":\"https:\/\/vieassociative.be\/actualites\/#\/schema\/logo\/image\/\",\"url\":\"https:\/\/vieassociative.be\/actualites\/wp-content\/uploads\/2024\/09\/cropped-vieassociative_favicon.ico.png\",\"contentUrl\":\"https:\/\/vieassociative.be\/actualites\/wp-content\/uploads\/2024\/09\/cropped-vieassociative_favicon.ico.png\",\"width\":512,\"height\":512,\"caption\":\"Vie Associative\"},\"image\":{\"@id\":\"https:\/\/vieassociative.be\/actualites\/#\/schema\/logo\/image\/\"}},{\"@type\":\"Person\",\"@id\":\"https:\/\/vieassociative.be\/actualites\/#\/schema\/person\/b87ac4f82f9d4e7b7cec7395b679edc4\",\"name\":\"Julien\",\"image\":{\"@type\":\"ImageObject\",\"inLanguage\":\"fr-BE\",\"@id\":\"https:\/\/vieassociative.be\/actualites\/#\/schema\/person\/image\/\",\"url\":\"https:\/\/vieassociative.be\/actualites\/wp-content\/uploads\/2024\/09\/vie-associative-1-150x150.jpg\",\"contentUrl\":\"https:\/\/vieassociative.be\/actualites\/wp-content\/uploads\/2024\/09\/vie-associative-1-150x150.jpg\",\"caption\":\"Julien\"},\"description\":\"Je suis Julien, r\u00e9dacteur pour Vie Associative. Passionn\u00e9 par le monde associatif depuis plus de 10 ans, j'ai \u00e0 c\u0153ur de partager des histoires inspirantes et de mettre en lumi\u00e8re les initiatives locales. Mon objectif est de sensibiliser et d'encourager l'engagement communautaire \u00e0 travers mes articles.\",\"sameAs\":[\"https:\/\/vieassociative.be\/\"]}]}<\/script>\n<!-- \/ Yoast SEO plugin. -->","yoast_head_json":{"title":"Vous pouvez obtenir ce crayon Apple USB-C en vente pour 50 $ jusqu'\u00e0 \u00e9puisement des stocks | Vie Associative","robots":{"index":"index","follow":"follow","max-snippet":"max-snippet:-1","max-image-preview":"max-image-preview:large","max-video-preview":"max-video-preview:-1"},"canonical":"https:\/\/vieassociative.be\/actualites\/vous-pouvez-obtenir-ce-crayon-apple-usb-c-en-vente-pour-50-jusqua-epuisement-des-stocks\/","og_locale":"fr_FR","og_type":"article","og_title":"Vous pouvez obtenir ce crayon Apple USB-C en vente pour 50 $ jusqu'\u00e0 \u00e9puisement des stocks | Vie Associative","og_description":"Il fonctionne avec les derni\u00e8res versions de l&rsquo;iPad, de l&rsquo;iPad Pro, de l&rsquo;iPad Air, de l&rsquo;iPad mini et de certains mod\u00e8les plus anciens. Vous pouvez","og_url":"https:\/\/vieassociative.be\/actualites\/vous-pouvez-obtenir-ce-crayon-apple-usb-c-en-vente-pour-50-jusqua-epuisement-des-stocks\/","og_site_name":"Vie Associative","article_published_time":"2024-11-02T01:20:42+00:00","og_image":[{"width":279,"height":92,"url":"https:\/\/vieassociative.be\/actualites\/wp-content\/uploads\/2024\/09\/header_backgroundk-01-e1726694325946.png","type":"image\/png"}],"author":"Julien","twitter_card":"summary_large_image","twitter_misc":{"\u00c9crit par":"Julien","Dur\u00e9e de lecture est.":"1 minute"},"schema":{"@context":"https:\/\/schema.org","@graph":[{"@type":"Article","@id":"https:\/\/vieassociative.be\/actualites\/vous-pouvez-obtenir-ce-crayon-apple-usb-c-en-vente-pour-50-jusqua-epuisement-des-stocks\/#article","isPartOf":{"@id":"https:\/\/vieassociative.be\/actualites\/vous-pouvez-obtenir-ce-crayon-apple-usb-c-en-vente-pour-50-jusqua-epuisement-des-stocks\/"},"author":{"name":"Julien","@id":"https:\/\/vieassociative.be\/actualites\/#\/schema\/person\/b87ac4f82f9d4e7b7cec7395b679edc4"},"headline":"Vous pouvez obtenir ce crayon Apple USB-C en vente pour 50 $ jusqu&rsquo;\u00e0 \u00e9puisement des stocks","datePublished":"2024-11-02T01:20:42+00:00","dateModified":"2024-11-02T01:20:42+00:00","mainEntityOfPage":{"@id":"https:\/\/vieassociative.be\/actualites\/vous-pouvez-obtenir-ce-crayon-apple-usb-c-en-vente-pour-50-jusqua-epuisement-des-stocks\/"},"wordCount":227,"publisher":{"@id":"https:\/\/vieassociative.be\/actualites\/#organization"},"image":{"@id":"https:\/\/vieassociative.be\/actualites\/vous-pouvez-obtenir-ce-crayon-apple-usb-c-en-vente-pour-50-jusqua-epuisement-des-stocks\/#primaryimage"},"thumbnailUrl":"https:\/\/vieassociative.be\/actualites\/wp-content\/uploads\/2024\/11\/Vous-pouvez-obtenir-ce-crayon-Apple-USB-C-en-vente-pour.png","keywords":["Apple","crayon","Des","\u00e9puisement","jusqu\u00e0","obtenir","pour","pouvez","stocks","USBC","vente","Vous"],"articleSection":["Technologie"],"inLanguage":"fr-BE"},{"@type":"WebPage","@id":"https:\/\/vieassociative.be\/actualites\/vous-pouvez-obtenir-ce-crayon-apple-usb-c-en-vente-pour-50-jusqua-epuisement-des-stocks\/","url":"https:\/\/vieassociative.be\/actualites\/vous-pouvez-obtenir-ce-crayon-apple-usb-c-en-vente-pour-50-jusqua-epuisement-des-stocks\/","name":"Vous pouvez obtenir ce crayon Apple USB-C en vente pour 50 $ jusqu'\u00e0 \u00e9puisement des stocks | Vie Associative","isPartOf":{"@id":"https:\/\/vieassociative.be\/actualites\/#website"},"primaryImageOfPage":{"@id":"https:\/\/vieassociative.be\/actualites\/vous-pouvez-obtenir-ce-crayon-apple-usb-c-en-vente-pour-50-jusqua-epuisement-des-stocks\/#primaryimage"},"image":{"@id":"https:\/\/vieassociative.be\/actualites\/vous-pouvez-obtenir-ce-crayon-apple-usb-c-en-vente-pour-50-jusqua-epuisement-des-stocks\/#primaryimage"},"thumbnailUrl":"https:\/\/vieassociative.be\/actualites\/wp-content\/uploads\/2024\/11\/Vous-pouvez-obtenir-ce-crayon-Apple-USB-C-en-vente-pour.png","datePublished":"2024-11-02T01:20:42+00:00","dateModified":"2024-11-02T01:20:42+00:00","breadcrumb":{"@id":"https:\/\/vieassociative.be\/actualites\/vous-pouvez-obtenir-ce-crayon-apple-usb-c-en-vente-pour-50-jusqua-epuisement-des-stocks\/#breadcrumb"},"inLanguage":"fr-BE","potentialAction":[{"@type":"ReadAction","target":["https:\/\/vieassociative.be\/actualites\/vous-pouvez-obtenir-ce-crayon-apple-usb-c-en-vente-pour-50-jusqua-epuisement-des-stocks\/"]}]},{"@type":"ImageObject","inLanguage":"fr-BE","@id":"https:\/\/vieassociative.be\/actualites\/vous-pouvez-obtenir-ce-crayon-apple-usb-c-en-vente-pour-50-jusqua-epuisement-des-stocks\/#primaryimage","url":"https:\/\/vieassociative.be\/actualites\/wp-content\/uploads\/2024\/11\/Vous-pouvez-obtenir-ce-crayon-Apple-USB-C-en-vente-pour.png","contentUrl":"https:\/\/vieassociative.be\/actualites\/wp-content\/uploads\/2024\/11\/Vous-pouvez-obtenir-ce-crayon-Apple-USB-C-en-vente-pour.png","width":1200,"height":675,"caption":"Vous pouvez obtenir ce crayon Apple USB-C en vente pour 50 $ jusqu'\u00e0 \u00e9puisement des stocks"},{"@type":"BreadcrumbList","@id":"https:\/\/vieassociative.be\/actualites\/vous-pouvez-obtenir-ce-crayon-apple-usb-c-en-vente-pour-50-jusqua-epuisement-des-stocks\/#breadcrumb","itemListElement":[{"@type":"ListItem","position":1,"name":"Accueil","item":"https:\/\/vieassociative.be\/actualites\/"},{"@type":"ListItem","position":2,"name":"Vous pouvez obtenir ce crayon Apple USB-C en vente pour 50 $ jusqu&rsquo;\u00e0 \u00e9puisement des stocks"}]},{"@type":"WebSite","@id":"https:\/\/vieassociative.be\/actualites\/#website","url":"https:\/\/vieassociative.be\/actualites\/","name":"Vie Associative","description":"","publisher":{"@id":"https:\/\/vieassociative.be\/actualites\/#organization"},"potentialAction":[{"@type":"SearchAction","target":{"@type":"EntryPoint","urlTemplate":"https:\/\/vieassociative.be\/actualites\/?s={search_term_string}"},"query-input":{"@type":"PropertyValueSpecification","valueRequired":true,"valueName":"search_term_string"}}],"inLanguage":"fr-BE"},{"@type":"Organization","@id":"https:\/\/vieassociative.be\/actualites\/#organization","name":"Vie Associative","url":"https:\/\/vieassociative.be\/actualites\/","logo":{"@type":"ImageObject","inLanguage":"fr-BE","@id":"https:\/\/vieassociative.be\/actualites\/#\/schema\/logo\/image\/","url":"https:\/\/vieassociative.be\/actualites\/wp-content\/uploads\/2024\/09\/cropped-vieassociative_favicon.ico.png","contentUrl":"https:\/\/vieassociative.be\/actualites\/wp-content\/uploads\/2024\/09\/cropped-vieassociative_favicon.ico.png","width":512,"height":512,"caption":"Vie Associative"},"image":{"@id":"https:\/\/vieassociative.be\/actualites\/#\/schema\/logo\/image\/"}},{"@type":"Person","@id":"https:\/\/vieassociative.be\/actualites\/#\/schema\/person\/b87ac4f82f9d4e7b7cec7395b679edc4","name":"Julien","image":{"@type":"ImageObject","inLanguage":"fr-BE","@id":"https:\/\/vieassociative.be\/actualites\/#\/schema\/person\/image\/","url":"https:\/\/vieassociative.be\/actualites\/wp-content\/uploads\/2024\/09\/vie-associative-1-150x150.jpg","contentUrl":"https:\/\/vieassociative.be\/actualites\/wp-content\/uploads\/2024\/09\/vie-associative-1-150x150.jpg","caption":"Julien"},"description":"Je suis Julien, r\u00e9dacteur pour Vie Associative. Passionn\u00e9 par le monde associatif depuis plus de 10 ans, j'ai \u00e0 c\u0153ur de partager des histoires inspirantes et de mettre en lumi\u00e8re les initiatives locales. Mon objectif est de sensibiliser et d'encourager l'engagement communautaire \u00e0 travers mes articles.","sameAs":["https:\/\/vieassociative.be\/"]}]}},"_links":{"self":[{"href":"https:\/\/vieassociative.be\/actualites\/wp-json\/wp\/v2\/posts\/1926"}],"collection":[{"href":"https:\/\/vieassociative.be\/actualites\/wp-json\/wp\/v2\/posts"}],"about":[{"href":"https:\/\/vieassociative.be\/actualites\/wp-json\/wp\/v2\/types\/post"}],"author":[{"embeddable":true,"href":"https:\/\/vieassociative.be\/actualites\/wp-json\/wp\/v2\/users\/1"}],"replies":[{"embeddable":true,"href":"https:\/\/vieassociative.be\/actualites\/wp-json\/wp\/v2\/comments?post=1926"}],"version-history":[{"count":0,"href":"https:\/\/vieassociative.be\/actualites\/wp-json\/wp\/v2\/posts\/1926\/revisions"}],"wp:featuredmedia":[{"embeddable":true,"href":"https:\/\/vieassociative.be\/actualites\/wp-json\/wp\/v2\/media\/1927"}],"wp:attachment":[{"href":"https:\/\/vieassociative.be\/actualites\/wp-json\/wp\/v2\/media?parent=1926"}],"wp:term":[{"taxonomy":"category","embeddable":true,"href":"https:\/\/vieassociative.be\/actualites\/wp-json\/wp\/v2\/categories?post=1926"},{"taxonomy":"post_tag","embeddable":true,"href":"https:\/\/vieassociative.be\/actualites\/wp-json\/wp\/v2\/tags?post=1926"}],"curies":[{"name":"wp","href":"https:\/\/api.w.org\/{rel}","templated":true}]}}