{"id":1924,"date":"2024-11-02T01:22:20","date_gmt":"2024-11-02T00:22:20","guid":{"rendered":"https:\/\/vieassociative.be\/actualites\/comment-rediger-la-lettre-personnelle-parfaite\/"},"modified":"2024-11-02T01:22:20","modified_gmt":"2024-11-02T00:22:20","slug":"comment-rediger-la-lettre-personnelle-parfaite","status":"publish","type":"post","link":"https:\/\/vieassociative.be\/actualites\/comment-rediger-la-lettre-personnelle-parfaite\/","title":{"rendered":"Comment r\u00e9diger la lettre personnelle parfaite"},"content":{"rendered":"<div class=\"mt-4 leading-6 md:mb-8\">Les lettres de motivation que vous envoyez avec vos candidatures ne comptent pas.<\/div>\n<p><\/p>\n<p>C&rsquo;est clich\u00e9 de dire que l&rsquo;\u00e9criture de lettres est un \u00ab art perdu \u00bb, mais essayez de penser \u00e0 la derni\u00e8re fois o\u00f9 vous vous \u00eates assis et avez \u00e9crit une lettre personnelle. Rien \u00e0 voir avec les affaires ou le r\u00e9seautage\u00a0: une v\u00e9ritable lettre \u00e0 une autre personne dans votre vie dans le but de communiquer des informations, des messages et de vous enregistrer. Pour la plupart d&rsquo;entre nous, cela fait un certain temps.<\/p>\n<p>Si vous avez d\u00e9cid\u00e9 que cette longue p\u00e9riode hivernale est le moment id\u00e9al pour prendre la plume et rattraper votre correspondance, vous vous demandez peut-\u00eatre par o\u00f9 commencer, ni m\u00eame quoi dire. Voici quelques conseils d\u2019experts pour vous mettre sur la bonne voie.<\/p>\n<h2 id=\"the-format-of-a-personal-letter\">Le format d&rsquo;une lettre personnelle<\/h2>\n<p>Tout d&rsquo;abord, vous devez d\u00e9cider comment vous allez r\u00e9diger la lettre : \u00e0 la main ou par voie \u00e9lectronique (en tapant ou en utilisant la dict\u00e9e vocale). Il y a aussi une machine \u00e0 \u00e9crire, mais nous allons la laisser de c\u00f4t\u00e9 aujourd&rsquo;hui. <\/p>\n<p>Le m\u00e9dium d\u00e9pend enti\u00e8rement de vous\u00a0; sachez simplement qu\u2019\u00e9crire une lettre (ou quoi que ce soit) \u00e0 la main est beaucoup plus difficile que vous ne vous en souvenez. Non seulement il n&rsquo;y a aucun moyen de supprimer ce que vous avez \u00e9crit (autre que Wite-Out, rayer des sections ou simplement supprimer le tout), mais vous n&rsquo;avez aucun moyen de modifier ou de d\u00e9placer le texte sans que cela ne devienne confus ou devienne illisible. <\/p>\n<p>En ce qui concerne sa structure, l&rsquo;Emily Post Institute propose un article utile qui d\u00e9compose les trois parties fondamentales d&rsquo;une lettre personnelle : l&rsquo;ouverture (adresse et date), le corps et la fin de la lettre. Mais encore une fois, c&rsquo;est \u00e0 vous de d\u00e9cider dans quelle mesure vous souhaitez rendre votre lettre formelle.<\/p>\n<h2 id=\"how-to-write-the-body-of-a-personal-letter\">Comment r\u00e9diger le corps d&rsquo;une lettre personnelle<\/h2>\n<p>Une fois que vous avez r\u00e9dig\u00e9 le message de bienvenue (c&rsquo;est-\u00e0-dire \u00ab Ch\u00e8re personne \u00bb ou tout ce que vous avez choisi pour commencer), il est temps de s&rsquo;attaquer \u00e0 la partie la plus d\u00e9licate : le corps. Selon l&rsquo;Emily Post Institute, le corps d&rsquo;une lettre personnelle est l&rsquo;endroit id\u00e9al pour \u00ab partager des nouvelles et des informations, m\u00e9langer les bonnes et les mauvaises nouvelles, r\u00e9pondre aux questions pos\u00e9es ou aux nouvelles partag\u00e9es dans une lettre pr\u00e9c\u00e9dente et poser des questions sur le destinataire \u00bb.<\/p>\n<p>S&rsquo;adressant \u00e0 NPR en ao\u00fbt 2021, Courtney Taylor, r\u00e9dactrice principale chez Hallmark Cards, a partag\u00e9 quelques conseils pour r\u00e9diger le corps d&rsquo;une lettre personnelle, dont ces trois\u00a0:<\/p>\n<h3>Soyez vuln\u00e9rable et curieux<\/h3>\n<p>Dirigez avec \u00e0 la fois vuln\u00e9rabilit\u00e9 et curiosit\u00e9. Plus pr\u00e9cis\u00e9ment, Taylor dit que vous devez vous engager dans l&rsquo;histoire que vous racontez \u00e0 quelqu&rsquo;un en lui donnant non seulement les faits d&rsquo;un \u00e9v\u00e9nement ou d&rsquo;une situation sp\u00e9cifique de votre vie, mais \u00e9galement en fournissant au lecteur un aper\u00e7u de ce qu&rsquo;il vous a fait ressentir. Ensuite, posez \u00e0 la personne des questions ouvertes pour en savoir plus sur ses propres exp\u00e9riences et exprimer son int\u00e9r\u00eat pour sa vie.<\/p>\n<h3>Inclure les \u00ab\u00a0sp\u00e9cificit\u00e9s universelles\u00a0\u00bb<\/h3>\n<p>Selon Taylor, inclure des \u00ab d\u00e9tails universels \u00bb dans une lettre personnelle signifie \u00e9crire sur des sc\u00e9narios auxquels la plupart des gens peuvent s&rsquo;identifier, mais fournir des d\u00e9tails sp\u00e9cifiques sur votre propre exp\u00e9rience. Par exemple, si vous avez r\u00e9cemment voyag\u00e9 quelque part et que vous avez rencontr\u00e9 des probl\u00e8mes et des ennuis en chemin, vous pouvez d\u00e9crire ce qui vous est arriv\u00e9, sachant qu&rsquo;ils ont probablement v\u00e9cu quelque chose de similaire. <\/p>\n<h3>Soyez authentique<\/h3>\n<p>Lorsque vous r\u00e9digez des lettres de motivation ou d\u2019autres types de communications li\u00e9es au travail, il est logique de pr\u00e9senter la meilleure version de vous-m\u00eame. Mais Taylor dit qu&rsquo;\u00e9crire des lettres personnelles est une chance de montrer davantage de soi (au sens figur\u00e9). \u00abM\u00eame si c&rsquo;est professionnel, je dirais que vous voulez toujours \u00eatre fid\u00e8le \u00e0 vous-m\u00eame et \u00e0 tout ce que vous \u00e9crivez, quelle que soit la forme et quel que soit le public, si l&rsquo;intention est qu&rsquo;il sache qui est le public. vous l\u2019\u00eates \u00bb, a-t-elle d\u00e9clar\u00e9 \u00e0 NPR.<\/p>\n","protected":false},"excerpt":{"rendered":"<p>Les lettres de motivation que vous envoyez avec vos candidatures ne comptent pas. C&rsquo;est clich\u00e9 de dire que l&rsquo;\u00e9criture de lettres est un \u00ab art<\/p>\n","protected":false},"author":1,"featured_media":1925,"comment_status":"","ping_status":"","sticky":false,"template":"","format":"standard","meta":{"footnotes":""},"categories":[42],"tags":[44,2628,245,2629,1178],"class_list":["post-1924","post","type-post","status-publish","format-standard","has-post-thumbnail","hentry","category-relations","tag-comment","tag-lettre","tag-parfaite","tag-personnelle","tag-rediger","generate-columns","tablet-grid-50","mobile-grid-100","grid-parent","grid-33"],"yoast_head":"<!-- This site is optimized with the Yoast SEO plugin v24.0 - https:\/\/yoast.com\/wordpress\/plugins\/seo\/ -->\n<title>Comment r\u00e9diger la lettre personnelle parfaite | Vie Associative<\/title>\n<meta name=\"robots\" content=\"index, follow, max-snippet:-1, max-image-preview:large, max-video-preview:-1\" \/>\n<link rel=\"canonical\" href=\"https:\/\/vieassociative.be\/actualites\/comment-rediger-la-lettre-personnelle-parfaite\/\" \/>\n<meta property=\"og:locale\" content=\"fr_FR\" \/>\n<meta property=\"og:type\" content=\"article\" \/>\n<meta property=\"og:title\" content=\"Comment r\u00e9diger la lettre personnelle parfaite | Vie Associative\" \/>\n<meta property=\"og:description\" content=\"Les lettres de motivation que vous envoyez avec vos candidatures ne comptent pas. C&rsquo;est clich\u00e9 de dire que l&rsquo;\u00e9criture de lettres est un \u00ab art\" \/>\n<meta property=\"og:url\" content=\"https:\/\/vieassociative.be\/actualites\/comment-rediger-la-lettre-personnelle-parfaite\/\" \/>\n<meta property=\"og:site_name\" content=\"Vie Associative\" \/>\n<meta property=\"article:published_time\" content=\"2024-11-02T00:22:20+00:00\" \/>\n<meta property=\"og:image\" content=\"https:\/\/vieassociative.be\/actualites\/wp-content\/uploads\/2024\/09\/header_backgroundk-01-e1726694325946.png\" \/>\n\t<meta property=\"og:image:width\" content=\"279\" \/>\n\t<meta property=\"og:image:height\" content=\"92\" \/>\n\t<meta property=\"og:image:type\" content=\"image\/png\" \/>\n<meta name=\"author\" content=\"Julien\" \/>\n<meta name=\"twitter:card\" content=\"summary_large_image\" \/>\n<meta name=\"twitter:label1\" content=\"\u00c9crit par\" \/>\n\t<meta name=\"twitter:data1\" content=\"Julien\" \/>\n\t<meta name=\"twitter:label2\" content=\"Dur\u00e9e de lecture est.\" \/>\n\t<meta name=\"twitter:data2\" content=\"4 minutes\" \/>\n<script type=\"application\/ld+json\" class=\"yoast-schema-graph\">{\"@context\":\"https:\/\/schema.org\",\"@graph\":[{\"@type\":\"Article\",\"@id\":\"https:\/\/vieassociative.be\/actualites\/comment-rediger-la-lettre-personnelle-parfaite\/#article\",\"isPartOf\":{\"@id\":\"https:\/\/vieassociative.be\/actualites\/comment-rediger-la-lettre-personnelle-parfaite\/\"},\"author\":{\"name\":\"Julien\",\"@id\":\"https:\/\/vieassociative.be\/actualites\/#\/schema\/person\/b87ac4f82f9d4e7b7cec7395b679edc4\"},\"headline\":\"Comment r\u00e9diger la lettre personnelle parfaite\",\"datePublished\":\"2024-11-02T00:22:20+00:00\",\"dateModified\":\"2024-11-02T00:22:20+00:00\",\"mainEntityOfPage\":{\"@id\":\"https:\/\/vieassociative.be\/actualites\/comment-rediger-la-lettre-personnelle-parfaite\/\"},\"wordCount\":752,\"publisher\":{\"@id\":\"https:\/\/vieassociative.be\/actualites\/#organization\"},\"image\":{\"@id\":\"https:\/\/vieassociative.be\/actualites\/comment-rediger-la-lettre-personnelle-parfaite\/#primaryimage\"},\"thumbnailUrl\":\"https:\/\/vieassociative.be\/actualites\/wp-content\/uploads\/2024\/11\/Comment-rediger-la-lettre-personnelle-parfaite.jpg\",\"keywords\":[\"Comment\",\"lettre\",\"parfaite\",\"personnelle\",\"r\u00e9diger\"],\"articleSection\":[\"Relations\"],\"inLanguage\":\"fr-BE\"},{\"@type\":\"WebPage\",\"@id\":\"https:\/\/vieassociative.be\/actualites\/comment-rediger-la-lettre-personnelle-parfaite\/\",\"url\":\"https:\/\/vieassociative.be\/actualites\/comment-rediger-la-lettre-personnelle-parfaite\/\",\"name\":\"Comment r\u00e9diger la lettre personnelle parfaite | Vie Associative\",\"isPartOf\":{\"@id\":\"https:\/\/vieassociative.be\/actualites\/#website\"},\"primaryImageOfPage\":{\"@id\":\"https:\/\/vieassociative.be\/actualites\/comment-rediger-la-lettre-personnelle-parfaite\/#primaryimage\"},\"image\":{\"@id\":\"https:\/\/vieassociative.be\/actualites\/comment-rediger-la-lettre-personnelle-parfaite\/#primaryimage\"},\"thumbnailUrl\":\"https:\/\/vieassociative.be\/actualites\/wp-content\/uploads\/2024\/11\/Comment-rediger-la-lettre-personnelle-parfaite.jpg\",\"datePublished\":\"2024-11-02T00:22:20+00:00\",\"dateModified\":\"2024-11-02T00:22:20+00:00\",\"breadcrumb\":{\"@id\":\"https:\/\/vieassociative.be\/actualites\/comment-rediger-la-lettre-personnelle-parfaite\/#breadcrumb\"},\"inLanguage\":\"fr-BE\",\"potentialAction\":[{\"@type\":\"ReadAction\",\"target\":[\"https:\/\/vieassociative.be\/actualites\/comment-rediger-la-lettre-personnelle-parfaite\/\"]}]},{\"@type\":\"ImageObject\",\"inLanguage\":\"fr-BE\",\"@id\":\"https:\/\/vieassociative.be\/actualites\/comment-rediger-la-lettre-personnelle-parfaite\/#primaryimage\",\"url\":\"https:\/\/vieassociative.be\/actualites\/wp-content\/uploads\/2024\/11\/Comment-rediger-la-lettre-personnelle-parfaite.jpg\",\"contentUrl\":\"https:\/\/vieassociative.be\/actualites\/wp-content\/uploads\/2024\/11\/Comment-rediger-la-lettre-personnelle-parfaite.jpg\",\"width\":1200,\"height\":675,\"caption\":\"Comment r\u00e9diger la lettre personnelle parfaite\"},{\"@type\":\"BreadcrumbList\",\"@id\":\"https:\/\/vieassociative.be\/actualites\/comment-rediger-la-lettre-personnelle-parfaite\/#breadcrumb\",\"itemListElement\":[{\"@type\":\"ListItem\",\"position\":1,\"name\":\"Accueil\",\"item\":\"https:\/\/vieassociative.be\/actualites\/\"},{\"@type\":\"ListItem\",\"position\":2,\"name\":\"Comment r\u00e9diger la lettre personnelle parfaite\"}]},{\"@type\":\"WebSite\",\"@id\":\"https:\/\/vieassociative.be\/actualites\/#website\",\"url\":\"https:\/\/vieassociative.be\/actualites\/\",\"name\":\"Vie Associative\",\"description\":\"\",\"publisher\":{\"@id\":\"https:\/\/vieassociative.be\/actualites\/#organization\"},\"potentialAction\":[{\"@type\":\"SearchAction\",\"target\":{\"@type\":\"EntryPoint\",\"urlTemplate\":\"https:\/\/vieassociative.be\/actualites\/?s={search_term_string}\"},\"query-input\":{\"@type\":\"PropertyValueSpecification\",\"valueRequired\":true,\"valueName\":\"search_term_string\"}}],\"inLanguage\":\"fr-BE\"},{\"@type\":\"Organization\",\"@id\":\"https:\/\/vieassociative.be\/actualites\/#organization\",\"name\":\"Vie Associative\",\"url\":\"https:\/\/vieassociative.be\/actualites\/\",\"logo\":{\"@type\":\"ImageObject\",\"inLanguage\":\"fr-BE\",\"@id\":\"https:\/\/vieassociative.be\/actualites\/#\/schema\/logo\/image\/\",\"url\":\"https:\/\/vieassociative.be\/actualites\/wp-content\/uploads\/2024\/09\/cropped-vieassociative_favicon.ico.png\",\"contentUrl\":\"https:\/\/vieassociative.be\/actualites\/wp-content\/uploads\/2024\/09\/cropped-vieassociative_favicon.ico.png\",\"width\":512,\"height\":512,\"caption\":\"Vie Associative\"},\"image\":{\"@id\":\"https:\/\/vieassociative.be\/actualites\/#\/schema\/logo\/image\/\"}},{\"@type\":\"Person\",\"@id\":\"https:\/\/vieassociative.be\/actualites\/#\/schema\/person\/b87ac4f82f9d4e7b7cec7395b679edc4\",\"name\":\"Julien\",\"image\":{\"@type\":\"ImageObject\",\"inLanguage\":\"fr-BE\",\"@id\":\"https:\/\/vieassociative.be\/actualites\/#\/schema\/person\/image\/\",\"url\":\"https:\/\/vieassociative.be\/actualites\/wp-content\/uploads\/2024\/09\/vie-associative-1-150x150.jpg\",\"contentUrl\":\"https:\/\/vieassociative.be\/actualites\/wp-content\/uploads\/2024\/09\/vie-associative-1-150x150.jpg\",\"caption\":\"Julien\"},\"description\":\"Je suis Julien, r\u00e9dacteur pour Vie Associative. Passionn\u00e9 par le monde associatif depuis plus de 10 ans, j'ai \u00e0 c\u0153ur de partager des histoires inspirantes et de mettre en lumi\u00e8re les initiatives locales. Mon objectif est de sensibiliser et d'encourager l'engagement communautaire \u00e0 travers mes articles.\",\"sameAs\":[\"https:\/\/vieassociative.be\/\"]}]}<\/script>\n<!-- \/ Yoast SEO plugin. -->","yoast_head_json":{"title":"Comment r\u00e9diger la lettre personnelle parfaite | Vie Associative","robots":{"index":"index","follow":"follow","max-snippet":"max-snippet:-1","max-image-preview":"max-image-preview:large","max-video-preview":"max-video-preview:-1"},"canonical":"https:\/\/vieassociative.be\/actualites\/comment-rediger-la-lettre-personnelle-parfaite\/","og_locale":"fr_FR","og_type":"article","og_title":"Comment r\u00e9diger la lettre personnelle parfaite | Vie Associative","og_description":"Les lettres de motivation que vous envoyez avec vos candidatures ne comptent pas. C&rsquo;est clich\u00e9 de dire que l&rsquo;\u00e9criture de lettres est un \u00ab art","og_url":"https:\/\/vieassociative.be\/actualites\/comment-rediger-la-lettre-personnelle-parfaite\/","og_site_name":"Vie Associative","article_published_time":"2024-11-02T00:22:20+00:00","og_image":[{"width":279,"height":92,"url":"https:\/\/vieassociative.be\/actualites\/wp-content\/uploads\/2024\/09\/header_backgroundk-01-e1726694325946.png","type":"image\/png"}],"author":"Julien","twitter_card":"summary_large_image","twitter_misc":{"\u00c9crit par":"Julien","Dur\u00e9e de lecture est.":"4 minutes"},"schema":{"@context":"https:\/\/schema.org","@graph":[{"@type":"Article","@id":"https:\/\/vieassociative.be\/actualites\/comment-rediger-la-lettre-personnelle-parfaite\/#article","isPartOf":{"@id":"https:\/\/vieassociative.be\/actualites\/comment-rediger-la-lettre-personnelle-parfaite\/"},"author":{"name":"Julien","@id":"https:\/\/vieassociative.be\/actualites\/#\/schema\/person\/b87ac4f82f9d4e7b7cec7395b679edc4"},"headline":"Comment r\u00e9diger la lettre personnelle parfaite","datePublished":"2024-11-02T00:22:20+00:00","dateModified":"2024-11-02T00:22:20+00:00","mainEntityOfPage":{"@id":"https:\/\/vieassociative.be\/actualites\/comment-rediger-la-lettre-personnelle-parfaite\/"},"wordCount":752,"publisher":{"@id":"https:\/\/vieassociative.be\/actualites\/#organization"},"image":{"@id":"https:\/\/vieassociative.be\/actualites\/comment-rediger-la-lettre-personnelle-parfaite\/#primaryimage"},"thumbnailUrl":"https:\/\/vieassociative.be\/actualites\/wp-content\/uploads\/2024\/11\/Comment-rediger-la-lettre-personnelle-parfaite.jpg","keywords":["Comment","lettre","parfaite","personnelle","r\u00e9diger"],"articleSection":["Relations"],"inLanguage":"fr-BE"},{"@type":"WebPage","@id":"https:\/\/vieassociative.be\/actualites\/comment-rediger-la-lettre-personnelle-parfaite\/","url":"https:\/\/vieassociative.be\/actualites\/comment-rediger-la-lettre-personnelle-parfaite\/","name":"Comment r\u00e9diger la lettre personnelle parfaite | Vie Associative","isPartOf":{"@id":"https:\/\/vieassociative.be\/actualites\/#website"},"primaryImageOfPage":{"@id":"https:\/\/vieassociative.be\/actualites\/comment-rediger-la-lettre-personnelle-parfaite\/#primaryimage"},"image":{"@id":"https:\/\/vieassociative.be\/actualites\/comment-rediger-la-lettre-personnelle-parfaite\/#primaryimage"},"thumbnailUrl":"https:\/\/vieassociative.be\/actualites\/wp-content\/uploads\/2024\/11\/Comment-rediger-la-lettre-personnelle-parfaite.jpg","datePublished":"2024-11-02T00:22:20+00:00","dateModified":"2024-11-02T00:22:20+00:00","breadcrumb":{"@id":"https:\/\/vieassociative.be\/actualites\/comment-rediger-la-lettre-personnelle-parfaite\/#breadcrumb"},"inLanguage":"fr-BE","potentialAction":[{"@type":"ReadAction","target":["https:\/\/vieassociative.be\/actualites\/comment-rediger-la-lettre-personnelle-parfaite\/"]}]},{"@type":"ImageObject","inLanguage":"fr-BE","@id":"https:\/\/vieassociative.be\/actualites\/comment-rediger-la-lettre-personnelle-parfaite\/#primaryimage","url":"https:\/\/vieassociative.be\/actualites\/wp-content\/uploads\/2024\/11\/Comment-rediger-la-lettre-personnelle-parfaite.jpg","contentUrl":"https:\/\/vieassociative.be\/actualites\/wp-content\/uploads\/2024\/11\/Comment-rediger-la-lettre-personnelle-parfaite.jpg","width":1200,"height":675,"caption":"Comment r\u00e9diger la lettre personnelle parfaite"},{"@type":"BreadcrumbList","@id":"https:\/\/vieassociative.be\/actualites\/comment-rediger-la-lettre-personnelle-parfaite\/#breadcrumb","itemListElement":[{"@type":"ListItem","position":1,"name":"Accueil","item":"https:\/\/vieassociative.be\/actualites\/"},{"@type":"ListItem","position":2,"name":"Comment r\u00e9diger la lettre personnelle parfaite"}]},{"@type":"WebSite","@id":"https:\/\/vieassociative.be\/actualites\/#website","url":"https:\/\/vieassociative.be\/actualites\/","name":"Vie Associative","description":"","publisher":{"@id":"https:\/\/vieassociative.be\/actualites\/#organization"},"potentialAction":[{"@type":"SearchAction","target":{"@type":"EntryPoint","urlTemplate":"https:\/\/vieassociative.be\/actualites\/?s={search_term_string}"},"query-input":{"@type":"PropertyValueSpecification","valueRequired":true,"valueName":"search_term_string"}}],"inLanguage":"fr-BE"},{"@type":"Organization","@id":"https:\/\/vieassociative.be\/actualites\/#organization","name":"Vie Associative","url":"https:\/\/vieassociative.be\/actualites\/","logo":{"@type":"ImageObject","inLanguage":"fr-BE","@id":"https:\/\/vieassociative.be\/actualites\/#\/schema\/logo\/image\/","url":"https:\/\/vieassociative.be\/actualites\/wp-content\/uploads\/2024\/09\/cropped-vieassociative_favicon.ico.png","contentUrl":"https:\/\/vieassociative.be\/actualites\/wp-content\/uploads\/2024\/09\/cropped-vieassociative_favicon.ico.png","width":512,"height":512,"caption":"Vie Associative"},"image":{"@id":"https:\/\/vieassociative.be\/actualites\/#\/schema\/logo\/image\/"}},{"@type":"Person","@id":"https:\/\/vieassociative.be\/actualites\/#\/schema\/person\/b87ac4f82f9d4e7b7cec7395b679edc4","name":"Julien","image":{"@type":"ImageObject","inLanguage":"fr-BE","@id":"https:\/\/vieassociative.be\/actualites\/#\/schema\/person\/image\/","url":"https:\/\/vieassociative.be\/actualites\/wp-content\/uploads\/2024\/09\/vie-associative-1-150x150.jpg","contentUrl":"https:\/\/vieassociative.be\/actualites\/wp-content\/uploads\/2024\/09\/vie-associative-1-150x150.jpg","caption":"Julien"},"description":"Je suis Julien, r\u00e9dacteur pour Vie Associative. Passionn\u00e9 par le monde associatif depuis plus de 10 ans, j'ai \u00e0 c\u0153ur de partager des histoires inspirantes et de mettre en lumi\u00e8re les initiatives locales. Mon objectif est de sensibiliser et d'encourager l'engagement communautaire \u00e0 travers mes articles.","sameAs":["https:\/\/vieassociative.be\/"]}]}},"_links":{"self":[{"href":"https:\/\/vieassociative.be\/actualites\/wp-json\/wp\/v2\/posts\/1924"}],"collection":[{"href":"https:\/\/vieassociative.be\/actualites\/wp-json\/wp\/v2\/posts"}],"about":[{"href":"https:\/\/vieassociative.be\/actualites\/wp-json\/wp\/v2\/types\/post"}],"author":[{"embeddable":true,"href":"https:\/\/vieassociative.be\/actualites\/wp-json\/wp\/v2\/users\/1"}],"replies":[{"embeddable":true,"href":"https:\/\/vieassociative.be\/actualites\/wp-json\/wp\/v2\/comments?post=1924"}],"version-history":[{"count":0,"href":"https:\/\/vieassociative.be\/actualites\/wp-json\/wp\/v2\/posts\/1924\/revisions"}],"wp:featuredmedia":[{"embeddable":true,"href":"https:\/\/vieassociative.be\/actualites\/wp-json\/wp\/v2\/media\/1925"}],"wp:attachment":[{"href":"https:\/\/vieassociative.be\/actualites\/wp-json\/wp\/v2\/media?parent=1924"}],"wp:term":[{"taxonomy":"category","embeddable":true,"href":"https:\/\/vieassociative.be\/actualites\/wp-json\/wp\/v2\/categories?post=1924"},{"taxonomy":"post_tag","embeddable":true,"href":"https:\/\/vieassociative.be\/actualites\/wp-json\/wp\/v2\/tags?post=1924"}],"curies":[{"name":"wp","href":"https:\/\/api.w.org\/{rel}","templated":true}]}}