{"id":191,"date":"2024-09-21T05:18:32","date_gmt":"2024-09-21T03:18:32","guid":{"rendered":"https:\/\/vieassociative.be\/actualites\/comment-sortir-avec-quelquun-de-maniere-decontractee-a-lapproche-de-la-saint-valentin\/"},"modified":"2024-09-21T05:18:32","modified_gmt":"2024-09-21T03:18:32","slug":"comment-sortir-avec-quelquun-de-maniere-decontractee-a-lapproche-de-la-saint-valentin","status":"publish","type":"post","link":"https:\/\/vieassociative.be\/actualites\/comment-sortir-avec-quelquun-de-maniere-decontractee-a-lapproche-de-la-saint-valentin\/","title":{"rendered":"Comment sortir avec quelqu&rsquo;un de mani\u00e8re d\u00e9contract\u00e9e \u00e0 l&rsquo;approche de la Saint-Valentin"},"content":{"rendered":"<div class=\"mt-4 leading-6 md:mb-8\">Que vous aimiez la Saint-Valentin ou que vous la d\u00e9testiez, vous devrez g\u00e9rer certaines attentes.<\/div>\n<p><\/p>\n<p>\u00ab Sortir avec quelqu\u2019un, c\u2019est d\u00e9routant et bizarre \u00bb, c\u2019est un message que mon amie a envoy\u00e9 hier soir \u00e0 un homme avec qui elle est sortie r\u00e9cemment. C\u2019est vrai toute l\u2019ann\u00e9e, mais surtout juste avant la Saint-Valentin. Sortir avec quelqu\u2019un de mani\u00e8re d\u00e9contract\u00e9e dans les jours qui pr\u00e9c\u00e8dent la grande f\u00eate romantique peut \u00eatre stressant. L\u2019autre personne pense-t-elle que vous \u00eates tous les deux des \u00ab valentines \u00bb ? Veut-elle l\u2019\u00eatre ? <em>toi<\/em> Comment pouvez-vous communiquer ce que vous voulez et comprendre ce qu&rsquo;ils veulent sans rendre cela, comme l&rsquo;a dit mon ami, confus et \u00e9trange ?<\/p>\n<p>La r\u00e9alit\u00e9 est que vous n&rsquo;\u00eates peut-\u00eatre pas pr\u00eat (ou int\u00e9ress\u00e9 par) les cartes mielleuses, les d\u00eeners co\u00fbteux, les p\u00e9tales de rose, les d\u00e9clarations d&rsquo;amour \u00e9ternel ou l&rsquo;officialisation de la relation sur Instagram, si tant est qu&rsquo;il s&rsquo;agisse d&rsquo;une relation. Des vacances imminentes <em>d\u00e9di\u00e9<\/em> Les relations amoureuses peuvent vous donner un sentiment d&rsquo;urgence que vous n&rsquo;auriez peut-\u00eatre pas ressenti si vous aviez rencontr\u00e9 cette personne en juin, par exemple. Bien qu&rsquo;il n&rsquo;y ait aucune raison d&rsquo;acc\u00e9l\u00e9rer les choses ou d&rsquo;ajouter du stress \u00e0 quelque chose de nouveau, si vous voulez faire des projets pour la Saint-Valentin avec la personne avec laquelle vous sortez plus ou moins, tant mieux pour vous. Mais d&rsquo;abord, vous devez comprendre ce que vous ressentez et quelle est votre approche.<\/p>\n<h2 id=\"assess-your-feelings-on-valentines-day-first\">\u00c9valuez d\u2019abord vos sentiments \u00e0 la Saint-Valentin<\/h2>\n<p>Avant m\u00eame de penser \u00e0 ce que les vacances imminentes signifient pour la personne (ou les personnes) que vous voyez en ce moment, prenez le temps de r\u00e9fl\u00e9chir \u00e0 ce que cela signifie pour vous. <em>toi<\/em>. Par le pass\u00e9, avez-vous pens\u00e9 au jour o\u00f9 vous \u00e9tiez en couple ? Est-ce que ce sera votre premi\u00e8re Saint-Valentin en tant que c\u00e9libataire ou y \u00eates-vous un peu plus habitu\u00e9 ? Si le fait d&rsquo;\u00eatre sans partenaire le 14 f\u00e9vrier est relativement nouveau pour vous, cela peut \u00eatre une source de stress, mais vous ne voulez pas g\u00e2cher ce qui pourrait \u00eatre une bonne chose avec quelqu&rsquo;un d&rsquo;autre en projetant vos propres batailles internes sur une nouvelle aventure. <\/p>\n<p>Ari, une femme c\u00e9libataire de 28 ans \u00e0 Philadelphie, me dit qu&rsquo;elle a un premier rendez-vous <em>ce soir<\/em>mais ne s&rsquo;inqui\u00e8te pas : \u00ab La Saint-Valentin est un concept invent\u00e9 par le capitalisme. Au diable ce bruit. Il n&rsquo;y a aucune cons\u00e9quence (\u00e0 sortir avec quelqu&rsquo;un avant la f\u00eate). Qui s&rsquo;en soucie ? \u00bb<\/p>\n<p>Que vous soyez un romantique qui r\u00eave d&rsquo;une journ\u00e9e au cours de laquelle quelqu&rsquo;un devra exprimer ses sentiments mielleux \u00e0 votre \u00e9gard avec des cadeaux et des cartes, ou que vous soyez plut\u00f4t du genre cynique, prenez le temps de comprendre ce que vous ressentez \u00e0 propos de cette journ\u00e9e, puis un peu plus de temps pour \u00e9valuer la relation que vous entretenez avec votre valentin. Aimez-vous vraiment cette personne ou votre stress vient-il de la perspective d&rsquo;\u00eatre seul le jour J ? Pensez-vous qu&rsquo;elle vous aimera plus que vous ne l&rsquo;aimerez et, par cons\u00e9quent, qu&rsquo;elle voudra passer cette f\u00eate avec vous de mani\u00e8re sinc\u00e8re ?<\/p>\n<h2 id=\"be-a-clear-communicator\">Soyez un communicateur clair<\/h2>\n<p>Si vous ressentez quelque chose d&rsquo;inattendu \u00e0 l&rsquo;approche de la Saint-Valentin, mieux vaut \u00eatre honn\u00eate avec l&rsquo;autre personne. Abordez le sujet et fixez-lui des attentes r\u00e9alistes. Si vous souhaitez c\u00e9l\u00e9brer la Saint-Valentin avec un partenaire occasionnel ou nouveau, vous ne voulez pas \u00eatre d\u00e9\u00e7u si cela ne se concr\u00e9tise pas. D&rsquo;un autre c\u00f4t\u00e9, vous ne voulez pas qu&rsquo;il soit d\u00e9\u00e7u si vous n&rsquo;\u00eates pas int\u00e9ress\u00e9 par cette f\u00eate. <\/p>\n<p>Quelle que soit votre position, assurez-vous que vous \u00eates sur la m\u00eame longueur d&rsquo;onde. Vous pourriez dire : \u00ab H\u00e9, je sais que nous venons de commencer \u00e0 nous voir, mais j&rsquo;adore la Saint-Valentin et ce serait amusant de faire quelque chose pour elle. \u00bb Ou bien : \u00ab Je n&rsquo;aime pas vraiment la Saint-Valentin, mais faites-moi savoir si c&rsquo;est quelque chose qui est important pour vous. \u00bb M\u00eame si cela peut sembler un peu g\u00eanant au d\u00e9but, c&rsquo;est toujours mieux que de planifier une grosse surprise et qu&rsquo;elle tombe \u00e0 plat.<\/p>\n<p>Rose, une trentenaire de New York, discute depuis quelques semaines avec une femme d&rsquo;une autre r\u00e9gion du pays et elle lui pla\u00eet beaucoup. La femme a pr\u00e9vu un voyage \u00e0 New York pour rencontrer Rose et lorsqu&rsquo;elles ont discut\u00e9 de dates, elle a sugg\u00e9r\u00e9 f\u00e9vrier. Rose a demand\u00e9 : \u00ab Alors, tu veux \u00eatre ma valentine, hein ? \u00bb La femme a r\u00e9pondu qu&rsquo;elle voulait en effet \u00eatre la valentine de Rose, et la conversation s&rsquo;est d\u00e9roul\u00e9e facilement et rapidement, tout cela par SMS. M\u00eame quelque chose d&rsquo;aussi simple qu&rsquo;un message doux et mignon peut vous aider \u00e0 vous mettre sur la m\u00eame longueur d&rsquo;onde.<\/p>\n<p>\u00ab J&rsquo;\u00e9tais en train de commencer \u00e0 sortir avec quelqu&rsquo;un l&rsquo;ann\u00e9e derni\u00e8re pendant la Saint-Valentin, et comme il ne voulait pas discuter de la direction que prenaient nos relations amoureuses, il a fini par ignorer la Saint-Valentin jusqu&rsquo;\u00e0 ce que j&rsquo;en parle parce qu&rsquo;il ne voulait pas mettre la pression \u00bb, se souvient Rose. \u00ab Je pense donc que l&rsquo;\u00e9tranget\u00e9 des f\u00eates est le sympt\u00f4me d&rsquo;un probl\u00e8me de communication plus vaste. \u00bb<\/p>\n<p>Si quelqu\u2019un \u00e9vite compl\u00e8tement de vous en parler, il est peut-\u00eatre temps d\u2019accepter que cette personne n\u2019est pas votre Valentin, ni un bon partenaire potentiel pour les 364 autres jours de l\u2019ann\u00e9e. <\/p>\n<h2 id=\"make-other-plans-for-valentines-day\">Faites d\u2019autres projets pour la Saint-Valentin<\/h2>\n<p>Cela dit, si vous n&rsquo;avez que deux ou trois rendez-vous avec quelqu&rsquo;un, il peut \u00eatre judicieux de sauter compl\u00e8tement les vacances. Si les choses fonctionnent bien entre vous, il y aura toujours l&rsquo;ann\u00e9e prochaine, et toutes les vacances et anniversaires entre-temps. Mettre la pression sur quelque chose d&rsquo;aussi nouveau pourrait faire paniquer l&rsquo;autre personne ou vous entra\u00eener tous les deux dans un territoire plus s\u00e9rieux avant que vous ne soyez pr\u00eats ou m\u00eame que vous ne sachiez si la relation va se d\u00e9rouler de cette fa\u00e7on. <\/p>\n<p>Si vous vous sentez mal \u00e0 l&rsquo;aise \u00e0 ce sujet, faites d&rsquo;autres projets, de pr\u00e9f\u00e9rence quelque chose d&rsquo;amusant avec des amis. Cela vous donne quelque chose de concret sur lequel vous pouvez pointer si l&rsquo;autre personne vous demande ce que vous faites ce soir-l\u00e0 et, si elle semble vraiment d\u00e9\u00e7ue, vous pouvez avoir une meilleure id\u00e9e de ses intentions \u00e0 votre \u00e9gard (et laissez tomber vos amis, si c&rsquo;est si s\u00e9rieux, mais seulement si vous pensez que cette personne est l&rsquo;amour de votre vie). Steph, une autre c\u00e9libataire de New York, dit que quelques-unes de ses amies ont une r\u00e9servation permanente pour d\u00eener ensemble tous les 14 f\u00e9vrier pour s&rsquo;assurer qu&rsquo;elles ont toutes quelque chose \u00e0 faire, quel que soit leur statut relationnel au cours d&rsquo;une ann\u00e9e donn\u00e9e.  <\/p>\n<h2 id=\"go-for-it\">Allez-y <\/h2>\n<p>Si vous avez envie de faire quelque chose, allez-y ! Mais en cas de doute, renoncez peut-\u00eatre aux d\u00eeners raffin\u00e9s et aux cadeaux co\u00fbteux. Un grand geste n&rsquo;est probablement pas la meilleure solution, mais quelque chose de petit, attentionn\u00e9, voire humoristique, pourrait \u00eatre gentil. Vous pourriez proposer d&rsquo;aller voir un film ensemble, de prendre un verre ou m\u00eame de rester \u00e0 la maison et de commander des plats \u00e0 emporter. Si vous voulez rendre les choses plus mignonnes, n&rsquo;h\u00e9sitez pas \u00e0 leur offrir quelque chose de petit comme le classique bouquet de fleurs ou une bo\u00eete de bonbons. C&rsquo;est simple et mignon et cela leur fait comprendre que vous \u00eates heureux de sortir avec eux. Si les bonbons en forme de c\u0153ur sont un peu excessifs, essayez ces solutions de contournement faciles de Target :<\/p>\n<ul>\n<li>\n<p>Une jolie tasse rouge (5 $) \u00e0 r\u00e9aliser\u2026<\/p>\n<\/li>\n<li>\n<p>\u2026chocolat chaud avec ces bombes \u00e0 boisson au cacao (4 $)<\/p>\n<\/li>\n<li>\n<p>Et un kit de trempage aux fraises (9 $)<\/p>\n<\/li>\n<\/ul>\n<p>\u00ab Ne laissez pas Big Romance vous emp\u00eacher de passer un bon moment \u00bb, d\u00e9clare Ben, un Californien de 32 ans qui adore la Saint-Valentin et l&rsquo;a m\u00eame utilis\u00e9e comme <em>d&rsquo;abord <\/em>Si vous aimez l&rsquo;amour ou les vacances, ne vous laissez pas envahir par le stress ou la g\u00eane. Acceptez-le et montrez \u00e0 l&rsquo;autre personne ce qui compte pour vous. C&rsquo;est \u00e0 cela que servent les premi\u00e8res \u00e9tapes d&rsquo;une relation amoureuse. La pression, dit Ben, \u00ab est enti\u00e8rement auto-impos\u00e9e \u00bb.<\/p>\n","protected":false},"excerpt":{"rendered":"<p>Que vous aimiez la Saint-Valentin ou que vous la d\u00e9testiez, vous devrez g\u00e9rer certaines attentes. \u00ab Sortir avec quelqu\u2019un, c\u2019est d\u00e9routant et bizarre \u00bb, c\u2019est<\/p>\n","protected":false},"author":1,"featured_media":192,"comment_status":"","ping_status":"","sticky":false,"template":"","format":"standard","meta":{"footnotes":""},"categories":[42],"tags":[61,44,328,329,327,326,201,325],"class_list":["post-191","post","type-post","status-publish","format-standard","has-post-thumbnail","hentry","category-relations","tag-avec","tag-comment","tag-decontractee","tag-lapproche","tag-maniere","tag-quelquun","tag-saintvalentin","tag-sortir","generate-columns","tablet-grid-50","mobile-grid-100","grid-parent","grid-33"],"yoast_head":"<!-- This site is optimized with the Yoast SEO plugin v24.0 - https:\/\/yoast.com\/wordpress\/plugins\/seo\/ -->\n<title>Comment sortir avec quelqu&#039;un de mani\u00e8re d\u00e9contract\u00e9e \u00e0 l&#039;approche de la Saint-Valentin | Vie Associative<\/title>\n<meta name=\"robots\" content=\"index, follow, max-snippet:-1, max-image-preview:large, max-video-preview:-1\" \/>\n<link rel=\"canonical\" href=\"https:\/\/vieassociative.be\/actualites\/comment-sortir-avec-quelquun-de-maniere-decontractee-a-lapproche-de-la-saint-valentin\/\" \/>\n<meta property=\"og:locale\" content=\"fr_FR\" \/>\n<meta property=\"og:type\" content=\"article\" \/>\n<meta property=\"og:title\" content=\"Comment sortir avec quelqu&#039;un de mani\u00e8re d\u00e9contract\u00e9e \u00e0 l&#039;approche de la Saint-Valentin | Vie Associative\" \/>\n<meta property=\"og:description\" content=\"Que vous aimiez la Saint-Valentin ou que vous la d\u00e9testiez, vous devrez g\u00e9rer certaines attentes. \u00ab Sortir avec quelqu\u2019un, c\u2019est d\u00e9routant et bizarre \u00bb, c\u2019est\" \/>\n<meta property=\"og:url\" content=\"https:\/\/vieassociative.be\/actualites\/comment-sortir-avec-quelquun-de-maniere-decontractee-a-lapproche-de-la-saint-valentin\/\" \/>\n<meta property=\"og:site_name\" content=\"Vie Associative\" \/>\n<meta property=\"article:published_time\" content=\"2024-09-21T03:18:32+00:00\" \/>\n<meta property=\"og:image\" content=\"https:\/\/vieassociative.be\/actualites\/wp-content\/uploads\/2024\/09\/header_backgroundk-01-e1726694325946.png\" \/>\n\t<meta property=\"og:image:width\" content=\"279\" \/>\n\t<meta property=\"og:image:height\" content=\"92\" \/>\n\t<meta property=\"og:image:type\" content=\"image\/png\" \/>\n<meta name=\"author\" content=\"Julien\" \/>\n<meta name=\"twitter:card\" content=\"summary_large_image\" \/>\n<meta name=\"twitter:label1\" content=\"\u00c9crit par\" \/>\n\t<meta name=\"twitter:data1\" content=\"Julien\" \/>\n\t<meta name=\"twitter:label2\" content=\"Dur\u00e9e de lecture est.\" \/>\n\t<meta name=\"twitter:data2\" content=\"7 minutes\" \/>\n<script type=\"application\/ld+json\" class=\"yoast-schema-graph\">{\"@context\":\"https:\/\/schema.org\",\"@graph\":[{\"@type\":\"Article\",\"@id\":\"https:\/\/vieassociative.be\/actualites\/comment-sortir-avec-quelquun-de-maniere-decontractee-a-lapproche-de-la-saint-valentin\/#article\",\"isPartOf\":{\"@id\":\"https:\/\/vieassociative.be\/actualites\/comment-sortir-avec-quelquun-de-maniere-decontractee-a-lapproche-de-la-saint-valentin\/\"},\"author\":{\"name\":\"Julien\",\"@id\":\"https:\/\/vieassociative.be\/actualites\/#\/schema\/person\/b87ac4f82f9d4e7b7cec7395b679edc4\"},\"headline\":\"Comment sortir avec quelqu&rsquo;un de mani\u00e8re d\u00e9contract\u00e9e \u00e0 l&rsquo;approche de la Saint-Valentin\",\"datePublished\":\"2024-09-21T03:18:32+00:00\",\"dateModified\":\"2024-09-21T03:18:32+00:00\",\"mainEntityOfPage\":{\"@id\":\"https:\/\/vieassociative.be\/actualites\/comment-sortir-avec-quelquun-de-maniere-decontractee-a-lapproche-de-la-saint-valentin\/\"},\"wordCount\":1502,\"publisher\":{\"@id\":\"https:\/\/vieassociative.be\/actualites\/#organization\"},\"image\":{\"@id\":\"https:\/\/vieassociative.be\/actualites\/comment-sortir-avec-quelquun-de-maniere-decontractee-a-lapproche-de-la-saint-valentin\/#primaryimage\"},\"thumbnailUrl\":\"https:\/\/vieassociative.be\/actualites\/wp-content\/uploads\/2024\/09\/Comment-sortir-avec-quelquun-de-maniere-decontractee-a-lapproche-de.jpg\",\"keywords\":[\"avec\",\"Comment\",\"d\u00e9contract\u00e9e\",\"lapproche\",\"mani\u00e8re\",\"quelquun\",\"SaintValentin\",\"sortir\"],\"articleSection\":[\"Relations\"],\"inLanguage\":\"fr-BE\"},{\"@type\":\"WebPage\",\"@id\":\"https:\/\/vieassociative.be\/actualites\/comment-sortir-avec-quelquun-de-maniere-decontractee-a-lapproche-de-la-saint-valentin\/\",\"url\":\"https:\/\/vieassociative.be\/actualites\/comment-sortir-avec-quelquun-de-maniere-decontractee-a-lapproche-de-la-saint-valentin\/\",\"name\":\"Comment sortir avec quelqu'un de mani\u00e8re d\u00e9contract\u00e9e \u00e0 l'approche de la Saint-Valentin | Vie Associative\",\"isPartOf\":{\"@id\":\"https:\/\/vieassociative.be\/actualites\/#website\"},\"primaryImageOfPage\":{\"@id\":\"https:\/\/vieassociative.be\/actualites\/comment-sortir-avec-quelquun-de-maniere-decontractee-a-lapproche-de-la-saint-valentin\/#primaryimage\"},\"image\":{\"@id\":\"https:\/\/vieassociative.be\/actualites\/comment-sortir-avec-quelquun-de-maniere-decontractee-a-lapproche-de-la-saint-valentin\/#primaryimage\"},\"thumbnailUrl\":\"https:\/\/vieassociative.be\/actualites\/wp-content\/uploads\/2024\/09\/Comment-sortir-avec-quelquun-de-maniere-decontractee-a-lapproche-de.jpg\",\"datePublished\":\"2024-09-21T03:18:32+00:00\",\"dateModified\":\"2024-09-21T03:18:32+00:00\",\"breadcrumb\":{\"@id\":\"https:\/\/vieassociative.be\/actualites\/comment-sortir-avec-quelquun-de-maniere-decontractee-a-lapproche-de-la-saint-valentin\/#breadcrumb\"},\"inLanguage\":\"fr-BE\",\"potentialAction\":[{\"@type\":\"ReadAction\",\"target\":[\"https:\/\/vieassociative.be\/actualites\/comment-sortir-avec-quelquun-de-maniere-decontractee-a-lapproche-de-la-saint-valentin\/\"]}]},{\"@type\":\"ImageObject\",\"inLanguage\":\"fr-BE\",\"@id\":\"https:\/\/vieassociative.be\/actualites\/comment-sortir-avec-quelquun-de-maniere-decontractee-a-lapproche-de-la-saint-valentin\/#primaryimage\",\"url\":\"https:\/\/vieassociative.be\/actualites\/wp-content\/uploads\/2024\/09\/Comment-sortir-avec-quelquun-de-maniere-decontractee-a-lapproche-de.jpg\",\"contentUrl\":\"https:\/\/vieassociative.be\/actualites\/wp-content\/uploads\/2024\/09\/Comment-sortir-avec-quelquun-de-maniere-decontractee-a-lapproche-de.jpg\",\"width\":1200,\"height\":675,\"caption\":\"Comment sortir avec quelqu'un de mani\u00e8re d\u00e9contract\u00e9e \u00e0 l'approche de la Saint-Valentin\"},{\"@type\":\"BreadcrumbList\",\"@id\":\"https:\/\/vieassociative.be\/actualites\/comment-sortir-avec-quelquun-de-maniere-decontractee-a-lapproche-de-la-saint-valentin\/#breadcrumb\",\"itemListElement\":[{\"@type\":\"ListItem\",\"position\":1,\"name\":\"Accueil\",\"item\":\"https:\/\/vieassociative.be\/actualites\/\"},{\"@type\":\"ListItem\",\"position\":2,\"name\":\"Comment sortir avec quelqu&rsquo;un de mani\u00e8re d\u00e9contract\u00e9e \u00e0 l&rsquo;approche de la Saint-Valentin\"}]},{\"@type\":\"WebSite\",\"@id\":\"https:\/\/vieassociative.be\/actualites\/#website\",\"url\":\"https:\/\/vieassociative.be\/actualites\/\",\"name\":\"Vie Associative\",\"description\":\"\",\"publisher\":{\"@id\":\"https:\/\/vieassociative.be\/actualites\/#organization\"},\"potentialAction\":[{\"@type\":\"SearchAction\",\"target\":{\"@type\":\"EntryPoint\",\"urlTemplate\":\"https:\/\/vieassociative.be\/actualites\/?s={search_term_string}\"},\"query-input\":{\"@type\":\"PropertyValueSpecification\",\"valueRequired\":true,\"valueName\":\"search_term_string\"}}],\"inLanguage\":\"fr-BE\"},{\"@type\":\"Organization\",\"@id\":\"https:\/\/vieassociative.be\/actualites\/#organization\",\"name\":\"Vie Associative\",\"url\":\"https:\/\/vieassociative.be\/actualites\/\",\"logo\":{\"@type\":\"ImageObject\",\"inLanguage\":\"fr-BE\",\"@id\":\"https:\/\/vieassociative.be\/actualites\/#\/schema\/logo\/image\/\",\"url\":\"https:\/\/vieassociative.be\/actualites\/wp-content\/uploads\/2024\/09\/cropped-vieassociative_favicon.ico.png\",\"contentUrl\":\"https:\/\/vieassociative.be\/actualites\/wp-content\/uploads\/2024\/09\/cropped-vieassociative_favicon.ico.png\",\"width\":512,\"height\":512,\"caption\":\"Vie Associative\"},\"image\":{\"@id\":\"https:\/\/vieassociative.be\/actualites\/#\/schema\/logo\/image\/\"}},{\"@type\":\"Person\",\"@id\":\"https:\/\/vieassociative.be\/actualites\/#\/schema\/person\/b87ac4f82f9d4e7b7cec7395b679edc4\",\"name\":\"Julien\",\"image\":{\"@type\":\"ImageObject\",\"inLanguage\":\"fr-BE\",\"@id\":\"https:\/\/vieassociative.be\/actualites\/#\/schema\/person\/image\/\",\"url\":\"https:\/\/vieassociative.be\/actualites\/wp-content\/uploads\/2024\/09\/vie-associative-1-150x150.jpg\",\"contentUrl\":\"https:\/\/vieassociative.be\/actualites\/wp-content\/uploads\/2024\/09\/vie-associative-1-150x150.jpg\",\"caption\":\"Julien\"},\"description\":\"Je suis Julien, r\u00e9dacteur pour Vie Associative. Passionn\u00e9 par le monde associatif depuis plus de 10 ans, j'ai \u00e0 c\u0153ur de partager des histoires inspirantes et de mettre en lumi\u00e8re les initiatives locales. Mon objectif est de sensibiliser et d'encourager l'engagement communautaire \u00e0 travers mes articles.\",\"sameAs\":[\"https:\/\/vieassociative.be\/\"]}]}<\/script>\n<!-- \/ Yoast SEO plugin. -->","yoast_head_json":{"title":"Comment sortir avec quelqu'un de mani\u00e8re d\u00e9contract\u00e9e \u00e0 l'approche de la Saint-Valentin | Vie Associative","robots":{"index":"index","follow":"follow","max-snippet":"max-snippet:-1","max-image-preview":"max-image-preview:large","max-video-preview":"max-video-preview:-1"},"canonical":"https:\/\/vieassociative.be\/actualites\/comment-sortir-avec-quelquun-de-maniere-decontractee-a-lapproche-de-la-saint-valentin\/","og_locale":"fr_FR","og_type":"article","og_title":"Comment sortir avec quelqu'un de mani\u00e8re d\u00e9contract\u00e9e \u00e0 l'approche de la Saint-Valentin | Vie Associative","og_description":"Que vous aimiez la Saint-Valentin ou que vous la d\u00e9testiez, vous devrez g\u00e9rer certaines attentes. \u00ab Sortir avec quelqu\u2019un, c\u2019est d\u00e9routant et bizarre \u00bb, c\u2019est","og_url":"https:\/\/vieassociative.be\/actualites\/comment-sortir-avec-quelquun-de-maniere-decontractee-a-lapproche-de-la-saint-valentin\/","og_site_name":"Vie Associative","article_published_time":"2024-09-21T03:18:32+00:00","og_image":[{"width":279,"height":92,"url":"https:\/\/vieassociative.be\/actualites\/wp-content\/uploads\/2024\/09\/header_backgroundk-01-e1726694325946.png","type":"image\/png"}],"author":"Julien","twitter_card":"summary_large_image","twitter_misc":{"\u00c9crit par":"Julien","Dur\u00e9e de lecture est.":"7 minutes"},"schema":{"@context":"https:\/\/schema.org","@graph":[{"@type":"Article","@id":"https:\/\/vieassociative.be\/actualites\/comment-sortir-avec-quelquun-de-maniere-decontractee-a-lapproche-de-la-saint-valentin\/#article","isPartOf":{"@id":"https:\/\/vieassociative.be\/actualites\/comment-sortir-avec-quelquun-de-maniere-decontractee-a-lapproche-de-la-saint-valentin\/"},"author":{"name":"Julien","@id":"https:\/\/vieassociative.be\/actualites\/#\/schema\/person\/b87ac4f82f9d4e7b7cec7395b679edc4"},"headline":"Comment sortir avec quelqu&rsquo;un de mani\u00e8re d\u00e9contract\u00e9e \u00e0 l&rsquo;approche de la Saint-Valentin","datePublished":"2024-09-21T03:18:32+00:00","dateModified":"2024-09-21T03:18:32+00:00","mainEntityOfPage":{"@id":"https:\/\/vieassociative.be\/actualites\/comment-sortir-avec-quelquun-de-maniere-decontractee-a-lapproche-de-la-saint-valentin\/"},"wordCount":1502,"publisher":{"@id":"https:\/\/vieassociative.be\/actualites\/#organization"},"image":{"@id":"https:\/\/vieassociative.be\/actualites\/comment-sortir-avec-quelquun-de-maniere-decontractee-a-lapproche-de-la-saint-valentin\/#primaryimage"},"thumbnailUrl":"https:\/\/vieassociative.be\/actualites\/wp-content\/uploads\/2024\/09\/Comment-sortir-avec-quelquun-de-maniere-decontractee-a-lapproche-de.jpg","keywords":["avec","Comment","d\u00e9contract\u00e9e","lapproche","mani\u00e8re","quelquun","SaintValentin","sortir"],"articleSection":["Relations"],"inLanguage":"fr-BE"},{"@type":"WebPage","@id":"https:\/\/vieassociative.be\/actualites\/comment-sortir-avec-quelquun-de-maniere-decontractee-a-lapproche-de-la-saint-valentin\/","url":"https:\/\/vieassociative.be\/actualites\/comment-sortir-avec-quelquun-de-maniere-decontractee-a-lapproche-de-la-saint-valentin\/","name":"Comment sortir avec quelqu'un de mani\u00e8re d\u00e9contract\u00e9e \u00e0 l'approche de la Saint-Valentin | Vie Associative","isPartOf":{"@id":"https:\/\/vieassociative.be\/actualites\/#website"},"primaryImageOfPage":{"@id":"https:\/\/vieassociative.be\/actualites\/comment-sortir-avec-quelquun-de-maniere-decontractee-a-lapproche-de-la-saint-valentin\/#primaryimage"},"image":{"@id":"https:\/\/vieassociative.be\/actualites\/comment-sortir-avec-quelquun-de-maniere-decontractee-a-lapproche-de-la-saint-valentin\/#primaryimage"},"thumbnailUrl":"https:\/\/vieassociative.be\/actualites\/wp-content\/uploads\/2024\/09\/Comment-sortir-avec-quelquun-de-maniere-decontractee-a-lapproche-de.jpg","datePublished":"2024-09-21T03:18:32+00:00","dateModified":"2024-09-21T03:18:32+00:00","breadcrumb":{"@id":"https:\/\/vieassociative.be\/actualites\/comment-sortir-avec-quelquun-de-maniere-decontractee-a-lapproche-de-la-saint-valentin\/#breadcrumb"},"inLanguage":"fr-BE","potentialAction":[{"@type":"ReadAction","target":["https:\/\/vieassociative.be\/actualites\/comment-sortir-avec-quelquun-de-maniere-decontractee-a-lapproche-de-la-saint-valentin\/"]}]},{"@type":"ImageObject","inLanguage":"fr-BE","@id":"https:\/\/vieassociative.be\/actualites\/comment-sortir-avec-quelquun-de-maniere-decontractee-a-lapproche-de-la-saint-valentin\/#primaryimage","url":"https:\/\/vieassociative.be\/actualites\/wp-content\/uploads\/2024\/09\/Comment-sortir-avec-quelquun-de-maniere-decontractee-a-lapproche-de.jpg","contentUrl":"https:\/\/vieassociative.be\/actualites\/wp-content\/uploads\/2024\/09\/Comment-sortir-avec-quelquun-de-maniere-decontractee-a-lapproche-de.jpg","width":1200,"height":675,"caption":"Comment sortir avec quelqu'un de mani\u00e8re d\u00e9contract\u00e9e \u00e0 l'approche de la Saint-Valentin"},{"@type":"BreadcrumbList","@id":"https:\/\/vieassociative.be\/actualites\/comment-sortir-avec-quelquun-de-maniere-decontractee-a-lapproche-de-la-saint-valentin\/#breadcrumb","itemListElement":[{"@type":"ListItem","position":1,"name":"Accueil","item":"https:\/\/vieassociative.be\/actualites\/"},{"@type":"ListItem","position":2,"name":"Comment sortir avec quelqu&rsquo;un de mani\u00e8re d\u00e9contract\u00e9e \u00e0 l&rsquo;approche de la Saint-Valentin"}]},{"@type":"WebSite","@id":"https:\/\/vieassociative.be\/actualites\/#website","url":"https:\/\/vieassociative.be\/actualites\/","name":"Vie Associative","description":"","publisher":{"@id":"https:\/\/vieassociative.be\/actualites\/#organization"},"potentialAction":[{"@type":"SearchAction","target":{"@type":"EntryPoint","urlTemplate":"https:\/\/vieassociative.be\/actualites\/?s={search_term_string}"},"query-input":{"@type":"PropertyValueSpecification","valueRequired":true,"valueName":"search_term_string"}}],"inLanguage":"fr-BE"},{"@type":"Organization","@id":"https:\/\/vieassociative.be\/actualites\/#organization","name":"Vie Associative","url":"https:\/\/vieassociative.be\/actualites\/","logo":{"@type":"ImageObject","inLanguage":"fr-BE","@id":"https:\/\/vieassociative.be\/actualites\/#\/schema\/logo\/image\/","url":"https:\/\/vieassociative.be\/actualites\/wp-content\/uploads\/2024\/09\/cropped-vieassociative_favicon.ico.png","contentUrl":"https:\/\/vieassociative.be\/actualites\/wp-content\/uploads\/2024\/09\/cropped-vieassociative_favicon.ico.png","width":512,"height":512,"caption":"Vie Associative"},"image":{"@id":"https:\/\/vieassociative.be\/actualites\/#\/schema\/logo\/image\/"}},{"@type":"Person","@id":"https:\/\/vieassociative.be\/actualites\/#\/schema\/person\/b87ac4f82f9d4e7b7cec7395b679edc4","name":"Julien","image":{"@type":"ImageObject","inLanguage":"fr-BE","@id":"https:\/\/vieassociative.be\/actualites\/#\/schema\/person\/image\/","url":"https:\/\/vieassociative.be\/actualites\/wp-content\/uploads\/2024\/09\/vie-associative-1-150x150.jpg","contentUrl":"https:\/\/vieassociative.be\/actualites\/wp-content\/uploads\/2024\/09\/vie-associative-1-150x150.jpg","caption":"Julien"},"description":"Je suis Julien, r\u00e9dacteur pour Vie Associative. Passionn\u00e9 par le monde associatif depuis plus de 10 ans, j'ai \u00e0 c\u0153ur de partager des histoires inspirantes et de mettre en lumi\u00e8re les initiatives locales. Mon objectif est de sensibiliser et d'encourager l'engagement communautaire \u00e0 travers mes articles.","sameAs":["https:\/\/vieassociative.be\/"]}]}},"_links":{"self":[{"href":"https:\/\/vieassociative.be\/actualites\/wp-json\/wp\/v2\/posts\/191"}],"collection":[{"href":"https:\/\/vieassociative.be\/actualites\/wp-json\/wp\/v2\/posts"}],"about":[{"href":"https:\/\/vieassociative.be\/actualites\/wp-json\/wp\/v2\/types\/post"}],"author":[{"embeddable":true,"href":"https:\/\/vieassociative.be\/actualites\/wp-json\/wp\/v2\/users\/1"}],"replies":[{"embeddable":true,"href":"https:\/\/vieassociative.be\/actualites\/wp-json\/wp\/v2\/comments?post=191"}],"version-history":[{"count":0,"href":"https:\/\/vieassociative.be\/actualites\/wp-json\/wp\/v2\/posts\/191\/revisions"}],"wp:featuredmedia":[{"embeddable":true,"href":"https:\/\/vieassociative.be\/actualites\/wp-json\/wp\/v2\/media\/192"}],"wp:attachment":[{"href":"https:\/\/vieassociative.be\/actualites\/wp-json\/wp\/v2\/media?parent=191"}],"wp:term":[{"taxonomy":"category","embeddable":true,"href":"https:\/\/vieassociative.be\/actualites\/wp-json\/wp\/v2\/categories?post=191"},{"taxonomy":"post_tag","embeddable":true,"href":"https:\/\/vieassociative.be\/actualites\/wp-json\/wp\/v2\/tags?post=191"}],"curies":[{"name":"wp","href":"https:\/\/api.w.org\/{rel}","templated":true}]}}