{"id":1908,"date":"2024-11-01T15:22:57","date_gmt":"2024-11-01T14:22:57","guid":{"rendered":"https:\/\/vieassociative.be\/actualites\/colling-ecolo-une-part-toujours-croissante-de-la-dette-est-causee-par-les-regions-et-les-communautes\/"},"modified":"2024-11-01T15:22:57","modified_gmt":"2024-11-01T14:22:57","slug":"colling-ecolo-une-part-toujours-croissante-de-la-dette-est-causee-par-les-regions-et-les-communautes","status":"publish","type":"post","link":"https:\/\/vieassociative.be\/actualites\/colling-ecolo-une-part-toujours-croissante-de-la-dette-est-causee-par-les-regions-et-les-communautes\/","title":{"rendered":"Colling (Ecolo) : \u00ab Une part toujours croissante de la dette est caus\u00e9e par les r\u00e9gions et les communaut\u00e9s \u00bb"},"content":{"rendered":"<p><strong>Qui est en grande partie responsable du surendettement de la Belgique et du fait que l&rsquo;UE a donc engag\u00e9 une proc\u00e9dure de d\u00e9ficit \u00e0 l&rsquo;encontre de notre pays ? L&rsquo;Etat f\u00e9d\u00e9ral ou les r\u00e9gions et communaut\u00e9s ? Le DG-Premier ministre Oliver Paasch (ProDG) et la porte-parole du groupe parlementaire Ecolo, Fabienne Colling, ont des opinions diff\u00e9rentes. Le politicien des Verts s&rsquo;inqui\u00e8te avant tout de la solvabilit\u00e9 du DG.<\/strong><\/p>\n<p><span id=\"more-400792\"><\/span>Alors que Paasch a d\u00e9clar\u00e9 que la DG ne peut pas \u00eatre tenue responsable du fait que l&rsquo;UE a engag\u00e9 une proc\u00e9dure de d\u00e9ficit excessif \u00e0 l&rsquo;encontre de la Belgique, mais qu&rsquo;elle doit, en tant que partie de l&rsquo;\u00c9tat f\u00e9d\u00e9ral belge, participer \u00e0 ces efforts, tout comme tous les autres membres d\u00e9clare Ecolo, affirme le d\u00e9put\u00e9 Colling dans un communiqu\u00e9 de presse sur l&rsquo;agence de notation Moody&rsquo;s.<\/p>\n<p>Selon Moody&rsquo;s, \u00ab\u00a0une part croissante de la dette en Belgique est g\u00e9n\u00e9r\u00e9e par les r\u00e9gions et les communaut\u00e9s, m\u00eame si le fardeau de la dette est support\u00e9 par l&rsquo;Etat f\u00e9d\u00e9ral\u00a0\u00bb.<\/p>\n<div id=\"attachment_389564\" class=\"wp-caption alignleft\" style=\"max-width: 300px\"><img fetchpriority=\"high\" decoding=\"async\" class=\"wp-image-389564 size-medium\" src=\"https:\/\/vieassociative.be\/actualites\/wp-content\/uploads\/2024\/11\/Colling-Ecolo-Une-part-toujours-croissante-de-la.jpg\" alt=\"\" width=\"300\" height=\"200\"><\/p>\n<p class=\"wp-caption-text\">Les quatre membres du gouvernement Paasch III (de gauche \u00e0 droite) : le Premier ministre Oliver Paasch, J\u00e9r\u00f4me Franssen, Gregor Freches et Lydia Klinkenberg. Photo : Patrick von Staufenberg<\/p>\n<\/div>\n<p>Dans le communiqu\u00e9 de presse, Colling revient en d\u00e9tail sur la situation financi\u00e8re tendue de la DG, qui rend n\u00e9cessaire des mesures d&rsquo;aust\u00e9rit\u00e9 (voir article ailleurs). Il demande entre autres choses de clarifier l&rsquo;impact d&rsquo;une d\u00e9gradation de la notation financi\u00e8re belge sur DG.<\/p>\n<p>\u00ab Je suis choqu\u00e9 par la normalit\u00e9 avec laquelle est accept\u00e9e la part toujours croissante des obligations dans le budget de la DG. Emprunter de l\u2019argent co\u00fbte aussi de l\u2019argent \u00bb, explique Colling. \u00ab La DG du gouvernement finance une partie importante de ses investissements, notamment dans le secteur des infrastructures, par le biais d&rsquo;obligations. Pire encore, le gouvernement a d\u00e9cid\u00e9 de verser diverses subventions et dotations \u00e0 l&rsquo;avance depuis plusieurs ann\u00e9es, par exemple aux centres d&rsquo;h\u00e9bergement et de soins, aux communaut\u00e9s et \u00e0 l&rsquo;\u00d6SHZ. Ces paiements anticip\u00e9s doivent \u00e9galement \u00eatre financ\u00e9s par des obligations co\u00fbteuses. Ce sont des d\u00e9cisions que la DG prend elle-m\u00eame. Personne ne le prescrit sous cette forme. Surtout pas l\u2019UE.\u00bb<\/p>\n<p>Selon la porte-parole du groupe parlementaire Ecolo, ces versements anticip\u00e9s en 2024 garantissent qu&rsquo;au moins sur le papier, c&rsquo;est-\u00e0-dire purement math\u00e9matiquement, vous obtiendrez un budget \u00e9quilibr\u00e9 en 2025. \u00ab En r\u00e9alit\u00e9, ces d\u00e9penses ont \u00e9t\u00e9 simplement avanc\u00e9es. En cons\u00e9quence, la charge d\u2019int\u00e9r\u00eats de DG continue d\u2019augmenter. Une d\u00e9t\u00e9rioration de la solvabilit\u00e9 de la Belgique aggraverait encore davantage la situation financi\u00e8re tendue \u00bb, a d\u00e9clar\u00e9 Colling.<\/p>\n<div id=\"attachment_396486\" class=\"wp-caption alignleft\" style=\"max-width: 300px\"><img decoding=\"async\" class=\"wp-image-396486 size-medium\" src=\"https:\/\/vieassociative.be\/actualites\/wp-content\/uploads\/2024\/11\/1730470977_480_Colling-Ecolo-Une-part-toujours-croissante-de-la.jpg\" alt=\"\" width=\"300\" height=\"200\"><\/p>\n<p class=\"wp-caption-text\">Le d\u00e9put\u00e9 d&rsquo;Ecolo Andreas Jerusalem (\u00e0 gauche) et la chef du groupe parlementaire Ecolo Fabienne Colling lors d&rsquo;une conf\u00e9rence de presse. Photo : Patrick von Staufenberg<\/p>\n<\/div>\n<p>En octobre, l&rsquo;agence de notation Moody&rsquo;s a abaiss\u00e9 la perspective de la dette nationale belge de \u00ab stable \u00bb \u00e0 \u00ab n\u00e9gative \u00bb. La notation elle-m\u00eame, c&rsquo;est-\u00e0-dire l&rsquo;\u00e9valuation de la solvabilit\u00e9 de la Belgique, est rest\u00e9e jusqu&rsquo;\u00e0 pr\u00e9sent inchang\u00e9e \u00e0 \u00ab Aa3 \u00bb.<\/p>\n<p>Colling : \u00ab Une telle notation financi\u00e8re influence les co\u00fbts d\u2019emprunt d\u2019un pays. Lorsque la note baisse, le co\u00fbt de l\u2019emprunt augmente, ce qui entra\u00eene une hausse des taux d\u2019int\u00e9r\u00eat sur les obligations futures et d\u2019autres formes de financement. L&rsquo;agence de notation craint qu&rsquo;il soit plus difficile pour la Belgique de r\u00e9duire structurellement son d\u00e9ficit et le fardeau de sa dette \u00e0 l&rsquo;avenir. \u00bb Cela est \u00e9galement d\u00fb au fait qu&rsquo;il n&rsquo;existe pas en Belgique de m\u00e9canismes permettant aux diff\u00e9rents gouvernements du pays de r\u00e9aliser cet exploit ensemble.<\/p>\n<p>Selon Colling, un abaissement de la note de cr\u00e9dit aurait non seulement un impact sur les co\u00fbts d&#8217;emprunt de la Belgique, mais pourrait \u00e9galement avoir de graves cons\u00e9quences pour les r\u00e9gions et les communaut\u00e9s du pays, y compris la DG.<\/p>\n<p>\u00abPour une \u00e9valuation fiable de la situation financi\u00e8re de la DG, il est important de clarifier les liens entre la solvabilit\u00e9 de l&rsquo;Etat f\u00e9d\u00e9ral et celle des diff\u00e9rents L\u00e4nder. \u00ab\u00a0D&rsquo;autant plus que maintenant que le gouvernement utilise les obligations pour d\u00e9placer des postes budg\u00e9taires d&rsquo;une ann\u00e9e sur l&rsquo;autre, nous devons examiner encore plus attentivement les facteurs de risque\u00a0\u00bb, a conclu le d\u00e9put\u00e9 d&rsquo;Ecolo. (cr\u00e9er)<\/p>\n<p><em><strong>Sur le sujet, voir aussi l&rsquo;article suivant sur l&rsquo;OD :<\/strong><\/em><\/p>\n<div class=\"responsive-embed widescreen\">\n<blockquote class=\"wp-embedded-content\" data-secret=\"uSqIvVSRpp\">\n<p>La DG doit \u00e9conomiser : o\u00f9 Paasch met-il le crayon rouge ?<\/p>\n<\/blockquote>\n<p><iframe loading=\"lazy\" class=\"wp-embedded-content\" sandbox=\"allow-scripts\" security=\"restricted\" style=\"position: absolute; visibility: hidden;\" title=\"\u201eDG muss sparen: Wo setzt Paasch den Rotstift an?\u201c \u2014 Ostbelgien Direkt\" src=\"https:\/\/ostbelgiendirekt.be\/about:blank\" data-secret=\"uSqIvVSRpp\" width=\"500\" height=\"282\" frameborder=\"0\" marginwidth=\"0\" marginheight=\"0\" scrolling=\"no\" data-rocket-lazyload=\"fitvidscompatible\" data-lazy-src=\"https:\/\/ostbelgiendirekt.be\/paasch-setzt-rotstift-an-400658\/embed#?secret=bh5ncD03nB#?secret=uSqIvVSRpp\"><\/iframe><noscript><iframe class=\"wp-embedded-content\" sandbox=\"allow-scripts\" security=\"restricted\" style=\"position: absolute; visibility: hidden;\" title=\"\u201eDG muss sparen: Wo setzt Paasch den Rotstift an?\u201c \u2014 Ostbelgien Direkt\" src=\"https:\/\/ostbelgiendirekt.be\/paasch-setzt-rotstift-an-400658\/embed#?secret=bh5ncD03nB#?secret=uSqIvVSRpp\" data-secret=\"uSqIvVSRpp\" width=\"500\" height=\"282\" frameborder=\"0\" marginwidth=\"0\" marginheight=\"0\" scrolling=\"no\"><\/iframe><\/noscript><\/p>\n<\/div>\n","protected":false},"excerpt":{"rendered":"<p>Qui est en grande partie responsable du surendettement de la Belgique et du fait que l&rsquo;UE a donc engag\u00e9 une proc\u00e9dure de d\u00e9ficit \u00e0 l&rsquo;encontre<\/p>\n","protected":false},"author":1,"featured_media":1909,"comment_status":"","ping_status":"","sticky":false,"template":"","format":"standard","meta":{"footnotes":""},"categories":[298],"tags":[2610,2606,2612,2608,2609,2607,76,14,676,1553,2611,572,110],"class_list":["post-1908","post","type-post","status-publish","format-standard","has-post-thumbnail","hentry","category-belgique","tag-causee","tag-colling","tag-communautes","tag-croissante","tag-dette","tag-ecolo","tag-est","tag-les","tag-par","tag-part","tag-regions","tag-toujours","tag-une","generate-columns","tablet-grid-50","mobile-grid-100","grid-parent","grid-33"],"yoast_head":"<!-- This site is optimized with the Yoast SEO plugin v24.0 - https:\/\/yoast.com\/wordpress\/plugins\/seo\/ -->\n<title>Colling (Ecolo) : \u00ab Une part toujours croissante de la dette est caus\u00e9e par les r\u00e9gions et les communaut\u00e9s \u00bb | Vie Associative<\/title>\n<meta name=\"robots\" content=\"index, follow, max-snippet:-1, max-image-preview:large, max-video-preview:-1\" \/>\n<link rel=\"canonical\" href=\"https:\/\/vieassociative.be\/actualites\/colling-ecolo-une-part-toujours-croissante-de-la-dette-est-causee-par-les-regions-et-les-communautes\/\" \/>\n<meta property=\"og:locale\" content=\"fr_FR\" \/>\n<meta property=\"og:type\" content=\"article\" \/>\n<meta property=\"og:title\" content=\"Colling (Ecolo) : \u00ab Une part toujours croissante de la dette est caus\u00e9e par les r\u00e9gions et les communaut\u00e9s \u00bb | Vie Associative\" \/>\n<meta property=\"og:description\" content=\"Qui est en grande partie responsable du surendettement de la Belgique et du fait que l&rsquo;UE a donc engag\u00e9 une proc\u00e9dure de d\u00e9ficit \u00e0 l&rsquo;encontre\" \/>\n<meta property=\"og:url\" content=\"https:\/\/vieassociative.be\/actualites\/colling-ecolo-une-part-toujours-croissante-de-la-dette-est-causee-par-les-regions-et-les-communautes\/\" \/>\n<meta property=\"og:site_name\" content=\"Vie Associative\" \/>\n<meta property=\"article:published_time\" content=\"2024-11-01T14:22:57+00:00\" \/>\n<meta property=\"og:image\" content=\"https:\/\/vieassociative.be\/actualites\/wp-content\/uploads\/2024\/11\/Colling-Ecolo-Une-part-toujours-croissante-de-la.jpg\" \/>\n<meta name=\"author\" content=\"Julien\" \/>\n<meta name=\"twitter:card\" content=\"summary_large_image\" \/>\n<meta name=\"twitter:label1\" content=\"\u00c9crit par\" \/>\n\t<meta name=\"twitter:data1\" content=\"Julien\" \/>\n\t<meta name=\"twitter:label2\" content=\"Dur\u00e9e de lecture est.\" \/>\n\t<meta name=\"twitter:data2\" content=\"4 minutes\" \/>\n<script type=\"application\/ld+json\" class=\"yoast-schema-graph\">{\"@context\":\"https:\/\/schema.org\",\"@graph\":[{\"@type\":\"Article\",\"@id\":\"https:\/\/vieassociative.be\/actualites\/colling-ecolo-une-part-toujours-croissante-de-la-dette-est-causee-par-les-regions-et-les-communautes\/#article\",\"isPartOf\":{\"@id\":\"https:\/\/vieassociative.be\/actualites\/colling-ecolo-une-part-toujours-croissante-de-la-dette-est-causee-par-les-regions-et-les-communautes\/\"},\"author\":{\"name\":\"Julien\",\"@id\":\"https:\/\/vieassociative.be\/actualites\/#\/schema\/person\/b87ac4f82f9d4e7b7cec7395b679edc4\"},\"headline\":\"Colling (Ecolo) : \u00ab Une part toujours croissante de la dette est caus\u00e9e par les r\u00e9gions et les communaut\u00e9s \u00bb\",\"datePublished\":\"2024-11-01T14:22:57+00:00\",\"dateModified\":\"2024-11-01T14:22:57+00:00\",\"mainEntityOfPage\":{\"@id\":\"https:\/\/vieassociative.be\/actualites\/colling-ecolo-une-part-toujours-croissante-de-la-dette-est-causee-par-les-regions-et-les-communautes\/\"},\"wordCount\":825,\"publisher\":{\"@id\":\"https:\/\/vieassociative.be\/actualites\/#organization\"},\"image\":{\"@id\":\"https:\/\/vieassociative.be\/actualites\/colling-ecolo-une-part-toujours-croissante-de-la-dette-est-causee-par-les-regions-et-les-communautes\/#primaryimage\"},\"thumbnailUrl\":\"https:\/\/vieassociative.be\/actualites\/wp-content\/uploads\/2024\/11\/1730470977_Colling-Ecolo-Une-part-toujours-croissante-de-la.jpg\",\"keywords\":[\"caus\u00e9e\",\"Colling\",\"communaut\u00e9s\",\"croissante\",\"dette\",\"Ecolo\",\"est\",\"Les\",\"par\",\"part\",\"r\u00e9gions\",\"toujours\",\"une\"],\"articleSection\":[\"Belgique\"],\"inLanguage\":\"fr-BE\"},{\"@type\":\"WebPage\",\"@id\":\"https:\/\/vieassociative.be\/actualites\/colling-ecolo-une-part-toujours-croissante-de-la-dette-est-causee-par-les-regions-et-les-communautes\/\",\"url\":\"https:\/\/vieassociative.be\/actualites\/colling-ecolo-une-part-toujours-croissante-de-la-dette-est-causee-par-les-regions-et-les-communautes\/\",\"name\":\"Colling (Ecolo) : \u00ab Une part toujours croissante de la dette est caus\u00e9e par les r\u00e9gions et les communaut\u00e9s \u00bb | Vie Associative\",\"isPartOf\":{\"@id\":\"https:\/\/vieassociative.be\/actualites\/#website\"},\"primaryImageOfPage\":{\"@id\":\"https:\/\/vieassociative.be\/actualites\/colling-ecolo-une-part-toujours-croissante-de-la-dette-est-causee-par-les-regions-et-les-communautes\/#primaryimage\"},\"image\":{\"@id\":\"https:\/\/vieassociative.be\/actualites\/colling-ecolo-une-part-toujours-croissante-de-la-dette-est-causee-par-les-regions-et-les-communautes\/#primaryimage\"},\"thumbnailUrl\":\"https:\/\/vieassociative.be\/actualites\/wp-content\/uploads\/2024\/11\/1730470977_Colling-Ecolo-Une-part-toujours-croissante-de-la.jpg\",\"datePublished\":\"2024-11-01T14:22:57+00:00\",\"dateModified\":\"2024-11-01T14:22:57+00:00\",\"breadcrumb\":{\"@id\":\"https:\/\/vieassociative.be\/actualites\/colling-ecolo-une-part-toujours-croissante-de-la-dette-est-causee-par-les-regions-et-les-communautes\/#breadcrumb\"},\"inLanguage\":\"fr-BE\",\"potentialAction\":[{\"@type\":\"ReadAction\",\"target\":[\"https:\/\/vieassociative.be\/actualites\/colling-ecolo-une-part-toujours-croissante-de-la-dette-est-causee-par-les-regions-et-les-communautes\/\"]}]},{\"@type\":\"ImageObject\",\"inLanguage\":\"fr-BE\",\"@id\":\"https:\/\/vieassociative.be\/actualites\/colling-ecolo-une-part-toujours-croissante-de-la-dette-est-causee-par-les-regions-et-les-communautes\/#primaryimage\",\"url\":\"https:\/\/vieassociative.be\/actualites\/wp-content\/uploads\/2024\/11\/1730470977_Colling-Ecolo-Une-part-toujours-croissante-de-la.jpg\",\"contentUrl\":\"https:\/\/vieassociative.be\/actualites\/wp-content\/uploads\/2024\/11\/1730470977_Colling-Ecolo-Une-part-toujours-croissante-de-la.jpg\",\"width\":2331,\"height\":776,\"caption\":\"Colling (Ecolo) : \u00ab Une part toujours croissante de la dette est caus\u00e9e par les r\u00e9gions et les communaut\u00e9s \u00bb\"},{\"@type\":\"BreadcrumbList\",\"@id\":\"https:\/\/vieassociative.be\/actualites\/colling-ecolo-une-part-toujours-croissante-de-la-dette-est-causee-par-les-regions-et-les-communautes\/#breadcrumb\",\"itemListElement\":[{\"@type\":\"ListItem\",\"position\":1,\"name\":\"Accueil\",\"item\":\"https:\/\/vieassociative.be\/actualites\/\"},{\"@type\":\"ListItem\",\"position\":2,\"name\":\"Colling (Ecolo) : \u00ab Une part toujours croissante de la dette est caus\u00e9e par les r\u00e9gions et les communaut\u00e9s \u00bb\"}]},{\"@type\":\"WebSite\",\"@id\":\"https:\/\/vieassociative.be\/actualites\/#website\",\"url\":\"https:\/\/vieassociative.be\/actualites\/\",\"name\":\"Vie Associative\",\"description\":\"\",\"publisher\":{\"@id\":\"https:\/\/vieassociative.be\/actualites\/#organization\"},\"potentialAction\":[{\"@type\":\"SearchAction\",\"target\":{\"@type\":\"EntryPoint\",\"urlTemplate\":\"https:\/\/vieassociative.be\/actualites\/?s={search_term_string}\"},\"query-input\":{\"@type\":\"PropertyValueSpecification\",\"valueRequired\":true,\"valueName\":\"search_term_string\"}}],\"inLanguage\":\"fr-BE\"},{\"@type\":\"Organization\",\"@id\":\"https:\/\/vieassociative.be\/actualites\/#organization\",\"name\":\"Vie Associative\",\"url\":\"https:\/\/vieassociative.be\/actualites\/\",\"logo\":{\"@type\":\"ImageObject\",\"inLanguage\":\"fr-BE\",\"@id\":\"https:\/\/vieassociative.be\/actualites\/#\/schema\/logo\/image\/\",\"url\":\"https:\/\/vieassociative.be\/actualites\/wp-content\/uploads\/2024\/09\/cropped-vieassociative_favicon.ico.png\",\"contentUrl\":\"https:\/\/vieassociative.be\/actualites\/wp-content\/uploads\/2024\/09\/cropped-vieassociative_favicon.ico.png\",\"width\":512,\"height\":512,\"caption\":\"Vie Associative\"},\"image\":{\"@id\":\"https:\/\/vieassociative.be\/actualites\/#\/schema\/logo\/image\/\"}},{\"@type\":\"Person\",\"@id\":\"https:\/\/vieassociative.be\/actualites\/#\/schema\/person\/b87ac4f82f9d4e7b7cec7395b679edc4\",\"name\":\"Julien\",\"image\":{\"@type\":\"ImageObject\",\"inLanguage\":\"fr-BE\",\"@id\":\"https:\/\/vieassociative.be\/actualites\/#\/schema\/person\/image\/\",\"url\":\"https:\/\/vieassociative.be\/actualites\/wp-content\/uploads\/2024\/09\/vie-associative-1-150x150.jpg\",\"contentUrl\":\"https:\/\/vieassociative.be\/actualites\/wp-content\/uploads\/2024\/09\/vie-associative-1-150x150.jpg\",\"caption\":\"Julien\"},\"description\":\"Je suis Julien, r\u00e9dacteur pour Vie Associative. Passionn\u00e9 par le monde associatif depuis plus de 10 ans, j'ai \u00e0 c\u0153ur de partager des histoires inspirantes et de mettre en lumi\u00e8re les initiatives locales. Mon objectif est de sensibiliser et d'encourager l'engagement communautaire \u00e0 travers mes articles.\",\"sameAs\":[\"https:\/\/vieassociative.be\/\"]}]}<\/script>\n<!-- \/ Yoast SEO plugin. -->","yoast_head_json":{"title":"Colling (Ecolo) : \u00ab Une part toujours croissante de la dette est caus\u00e9e par les r\u00e9gions et les communaut\u00e9s \u00bb | Vie Associative","robots":{"index":"index","follow":"follow","max-snippet":"max-snippet:-1","max-image-preview":"max-image-preview:large","max-video-preview":"max-video-preview:-1"},"canonical":"https:\/\/vieassociative.be\/actualites\/colling-ecolo-une-part-toujours-croissante-de-la-dette-est-causee-par-les-regions-et-les-communautes\/","og_locale":"fr_FR","og_type":"article","og_title":"Colling (Ecolo) : \u00ab Une part toujours croissante de la dette est caus\u00e9e par les r\u00e9gions et les communaut\u00e9s \u00bb | Vie Associative","og_description":"Qui est en grande partie responsable du surendettement de la Belgique et du fait que l&rsquo;UE a donc engag\u00e9 une proc\u00e9dure de d\u00e9ficit \u00e0 l&rsquo;encontre","og_url":"https:\/\/vieassociative.be\/actualites\/colling-ecolo-une-part-toujours-croissante-de-la-dette-est-causee-par-les-regions-et-les-communautes\/","og_site_name":"Vie Associative","article_published_time":"2024-11-01T14:22:57+00:00","og_image":[{"url":"https:\/\/vieassociative.be\/actualites\/wp-content\/uploads\/2024\/11\/Colling-Ecolo-Une-part-toujours-croissante-de-la.jpg","type":"","width":"","height":""}],"author":"Julien","twitter_card":"summary_large_image","twitter_misc":{"\u00c9crit par":"Julien","Dur\u00e9e de lecture est.":"4 minutes"},"schema":{"@context":"https:\/\/schema.org","@graph":[{"@type":"Article","@id":"https:\/\/vieassociative.be\/actualites\/colling-ecolo-une-part-toujours-croissante-de-la-dette-est-causee-par-les-regions-et-les-communautes\/#article","isPartOf":{"@id":"https:\/\/vieassociative.be\/actualites\/colling-ecolo-une-part-toujours-croissante-de-la-dette-est-causee-par-les-regions-et-les-communautes\/"},"author":{"name":"Julien","@id":"https:\/\/vieassociative.be\/actualites\/#\/schema\/person\/b87ac4f82f9d4e7b7cec7395b679edc4"},"headline":"Colling (Ecolo) : \u00ab Une part toujours croissante de la dette est caus\u00e9e par les r\u00e9gions et les communaut\u00e9s \u00bb","datePublished":"2024-11-01T14:22:57+00:00","dateModified":"2024-11-01T14:22:57+00:00","mainEntityOfPage":{"@id":"https:\/\/vieassociative.be\/actualites\/colling-ecolo-une-part-toujours-croissante-de-la-dette-est-causee-par-les-regions-et-les-communautes\/"},"wordCount":825,"publisher":{"@id":"https:\/\/vieassociative.be\/actualites\/#organization"},"image":{"@id":"https:\/\/vieassociative.be\/actualites\/colling-ecolo-une-part-toujours-croissante-de-la-dette-est-causee-par-les-regions-et-les-communautes\/#primaryimage"},"thumbnailUrl":"https:\/\/vieassociative.be\/actualites\/wp-content\/uploads\/2024\/11\/1730470977_Colling-Ecolo-Une-part-toujours-croissante-de-la.jpg","keywords":["caus\u00e9e","Colling","communaut\u00e9s","croissante","dette","Ecolo","est","Les","par","part","r\u00e9gions","toujours","une"],"articleSection":["Belgique"],"inLanguage":"fr-BE"},{"@type":"WebPage","@id":"https:\/\/vieassociative.be\/actualites\/colling-ecolo-une-part-toujours-croissante-de-la-dette-est-causee-par-les-regions-et-les-communautes\/","url":"https:\/\/vieassociative.be\/actualites\/colling-ecolo-une-part-toujours-croissante-de-la-dette-est-causee-par-les-regions-et-les-communautes\/","name":"Colling (Ecolo) : \u00ab Une part toujours croissante de la dette est caus\u00e9e par les r\u00e9gions et les communaut\u00e9s \u00bb | Vie Associative","isPartOf":{"@id":"https:\/\/vieassociative.be\/actualites\/#website"},"primaryImageOfPage":{"@id":"https:\/\/vieassociative.be\/actualites\/colling-ecolo-une-part-toujours-croissante-de-la-dette-est-causee-par-les-regions-et-les-communautes\/#primaryimage"},"image":{"@id":"https:\/\/vieassociative.be\/actualites\/colling-ecolo-une-part-toujours-croissante-de-la-dette-est-causee-par-les-regions-et-les-communautes\/#primaryimage"},"thumbnailUrl":"https:\/\/vieassociative.be\/actualites\/wp-content\/uploads\/2024\/11\/1730470977_Colling-Ecolo-Une-part-toujours-croissante-de-la.jpg","datePublished":"2024-11-01T14:22:57+00:00","dateModified":"2024-11-01T14:22:57+00:00","breadcrumb":{"@id":"https:\/\/vieassociative.be\/actualites\/colling-ecolo-une-part-toujours-croissante-de-la-dette-est-causee-par-les-regions-et-les-communautes\/#breadcrumb"},"inLanguage":"fr-BE","potentialAction":[{"@type":"ReadAction","target":["https:\/\/vieassociative.be\/actualites\/colling-ecolo-une-part-toujours-croissante-de-la-dette-est-causee-par-les-regions-et-les-communautes\/"]}]},{"@type":"ImageObject","inLanguage":"fr-BE","@id":"https:\/\/vieassociative.be\/actualites\/colling-ecolo-une-part-toujours-croissante-de-la-dette-est-causee-par-les-regions-et-les-communautes\/#primaryimage","url":"https:\/\/vieassociative.be\/actualites\/wp-content\/uploads\/2024\/11\/1730470977_Colling-Ecolo-Une-part-toujours-croissante-de-la.jpg","contentUrl":"https:\/\/vieassociative.be\/actualites\/wp-content\/uploads\/2024\/11\/1730470977_Colling-Ecolo-Une-part-toujours-croissante-de-la.jpg","width":2331,"height":776,"caption":"Colling (Ecolo) : \u00ab Une part toujours croissante de la dette est caus\u00e9e par les r\u00e9gions et les communaut\u00e9s \u00bb"},{"@type":"BreadcrumbList","@id":"https:\/\/vieassociative.be\/actualites\/colling-ecolo-une-part-toujours-croissante-de-la-dette-est-causee-par-les-regions-et-les-communautes\/#breadcrumb","itemListElement":[{"@type":"ListItem","position":1,"name":"Accueil","item":"https:\/\/vieassociative.be\/actualites\/"},{"@type":"ListItem","position":2,"name":"Colling (Ecolo) : \u00ab Une part toujours croissante de la dette est caus\u00e9e par les r\u00e9gions et les communaut\u00e9s \u00bb"}]},{"@type":"WebSite","@id":"https:\/\/vieassociative.be\/actualites\/#website","url":"https:\/\/vieassociative.be\/actualites\/","name":"Vie Associative","description":"","publisher":{"@id":"https:\/\/vieassociative.be\/actualites\/#organization"},"potentialAction":[{"@type":"SearchAction","target":{"@type":"EntryPoint","urlTemplate":"https:\/\/vieassociative.be\/actualites\/?s={search_term_string}"},"query-input":{"@type":"PropertyValueSpecification","valueRequired":true,"valueName":"search_term_string"}}],"inLanguage":"fr-BE"},{"@type":"Organization","@id":"https:\/\/vieassociative.be\/actualites\/#organization","name":"Vie Associative","url":"https:\/\/vieassociative.be\/actualites\/","logo":{"@type":"ImageObject","inLanguage":"fr-BE","@id":"https:\/\/vieassociative.be\/actualites\/#\/schema\/logo\/image\/","url":"https:\/\/vieassociative.be\/actualites\/wp-content\/uploads\/2024\/09\/cropped-vieassociative_favicon.ico.png","contentUrl":"https:\/\/vieassociative.be\/actualites\/wp-content\/uploads\/2024\/09\/cropped-vieassociative_favicon.ico.png","width":512,"height":512,"caption":"Vie Associative"},"image":{"@id":"https:\/\/vieassociative.be\/actualites\/#\/schema\/logo\/image\/"}},{"@type":"Person","@id":"https:\/\/vieassociative.be\/actualites\/#\/schema\/person\/b87ac4f82f9d4e7b7cec7395b679edc4","name":"Julien","image":{"@type":"ImageObject","inLanguage":"fr-BE","@id":"https:\/\/vieassociative.be\/actualites\/#\/schema\/person\/image\/","url":"https:\/\/vieassociative.be\/actualites\/wp-content\/uploads\/2024\/09\/vie-associative-1-150x150.jpg","contentUrl":"https:\/\/vieassociative.be\/actualites\/wp-content\/uploads\/2024\/09\/vie-associative-1-150x150.jpg","caption":"Julien"},"description":"Je suis Julien, r\u00e9dacteur pour Vie Associative. Passionn\u00e9 par le monde associatif depuis plus de 10 ans, j'ai \u00e0 c\u0153ur de partager des histoires inspirantes et de mettre en lumi\u00e8re les initiatives locales. Mon objectif est de sensibiliser et d'encourager l'engagement communautaire \u00e0 travers mes articles.","sameAs":["https:\/\/vieassociative.be\/"]}]}},"_links":{"self":[{"href":"https:\/\/vieassociative.be\/actualites\/wp-json\/wp\/v2\/posts\/1908"}],"collection":[{"href":"https:\/\/vieassociative.be\/actualites\/wp-json\/wp\/v2\/posts"}],"about":[{"href":"https:\/\/vieassociative.be\/actualites\/wp-json\/wp\/v2\/types\/post"}],"author":[{"embeddable":true,"href":"https:\/\/vieassociative.be\/actualites\/wp-json\/wp\/v2\/users\/1"}],"replies":[{"embeddable":true,"href":"https:\/\/vieassociative.be\/actualites\/wp-json\/wp\/v2\/comments?post=1908"}],"version-history":[{"count":0,"href":"https:\/\/vieassociative.be\/actualites\/wp-json\/wp\/v2\/posts\/1908\/revisions"}],"wp:featuredmedia":[{"embeddable":true,"href":"https:\/\/vieassociative.be\/actualites\/wp-json\/wp\/v2\/media\/1909"}],"wp:attachment":[{"href":"https:\/\/vieassociative.be\/actualites\/wp-json\/wp\/v2\/media?parent=1908"}],"wp:term":[{"taxonomy":"category","embeddable":true,"href":"https:\/\/vieassociative.be\/actualites\/wp-json\/wp\/v2\/categories?post=1908"},{"taxonomy":"post_tag","embeddable":true,"href":"https:\/\/vieassociative.be\/actualites\/wp-json\/wp\/v2\/tags?post=1908"}],"curies":[{"name":"wp","href":"https:\/\/api.w.org\/{rel}","templated":true}]}}