{"id":1906,"date":"2024-11-01T14:19:10","date_gmt":"2024-11-01T13:19:10","guid":{"rendered":"https:\/\/vieassociative.be\/actualites\/les-meilleurs-films-et-emissions-de-television-a-regarder-sur-prime-ce-mois-ci\/"},"modified":"2024-11-01T14:19:10","modified_gmt":"2024-11-01T13:19:10","slug":"les-meilleurs-films-et-emissions-de-television-a-regarder-sur-prime-ce-mois-ci","status":"publish","type":"post","link":"https:\/\/vieassociative.be\/actualites\/les-meilleurs-films-et-emissions-de-television-a-regarder-sur-prime-ce-mois-ci\/","title":{"rendered":"Les meilleurs films et \u00e9missions de t\u00e9l\u00e9vision \u00e0 regarder sur Prime ce mois-ci"},"content":{"rendered":"<div class=\"mt-4 leading-6 md:mb-8\">Une tonne de nouvelles \u00e9missions et de nouveaux films sont diffus\u00e9s sur Prime ce mois-ci. Voici le meilleur des meilleurs.<\/div>\n<p><\/p>\n<p>J&rsquo;ai parcouru les sorties de novembre sur la plate-forme Prime d&rsquo;Amazon pour trouver les meilleurs films et \u00e9missions nouveaux et nouveaux en streaming. <\/p>\n<p>En novembre, Prime lance un <em>tonne<\/em> de films d\u00e9j\u00e0 sortis\u00a0: plus de 170\u00a0titres, et ce seulement le 1er\u00a0novembre\u00a0! (Consultez la liste compl\u00e8te ici.) Cependant, en termes d&rsquo;originaux et de premi\u00e8res projections, Prime est plus s\u00e9lectif. Il y a une com\u00e9die de haut niveau <em>Mon vieux cul<\/em> avec l&rsquo;incroyable Aubrey Plaza, la s\u00e9rie polici\u00e8re originale de Prime <em>Croix<\/em>un red\u00e9marrage de la fonctionnalit\u00e9 de 1999 <em>Intentions cruelles<\/em>et plus encore. <\/p>\n<h2 id=\"my-old-ass-2024\"><em>Mon vieux cul (2024)<\/em><\/h2>\n<div class=\"mx-auto mt-8 w-full max-w-4xl\">\n<div id=\"video-container-NbkSfO-eqAE\"><\/div>\n<\/div>\n<p>Une tournure sur l&rsquo;histoire du passage \u00e0 l&rsquo;\u00e2ge adulte, <em>Mon vieux cul<\/em> met en vedette Maisy Stella dans le r\u00f4le d&rsquo;Elliott, 18 ans, confus. Elle prend des champignons pendant ses vacances d&rsquo;\u00e9t\u00e9 et, au lieu de simplement voir des couleurs plus vives, elle re\u00e7oit la visite de sa version de 39 ans, interpr\u00e9t\u00e9e par le grand Aubrey Plaza. Plaza est unique en son genre, et <em>Mon vieux cul<\/em> lui donne beaucoup d&rsquo;espace pour fl\u00e9chir sa prestation pince-sans-rire et rouler les yeux, mais c&rsquo;est aussi un film intelligent et sensible. A ne pas manquer.<\/p>\n<p>Commence la diffusion le 7 novembre.<\/p>\n<h2 id=\"every-minute-counts\"><em>Chaque minute compte<\/em><\/h2>\n<p>Cette s\u00e9rie originale d&rsquo;Amazon dramatise le tremblement de terre de 1985 qui a d\u00e9vast\u00e9 la ville de Mexico. Prime Video, la production la plus ch\u00e8re jamais r\u00e9alis\u00e9e en Am\u00e9rique latine, <em>Chaque minute compte<\/em> est un regard intense sur les heures qui ont suivi le s\u00e9isme de 8,1 sur l&rsquo;\u00e9chelle de Richter qui a secou\u00e9 la ville, \u00e0 la suite d&rsquo;un m\u00e9decin et de ses infirmi\u00e8res travaillant pour sauver les \u00e2mes malheureuses pi\u00e9g\u00e9es sous les d\u00e9combres de l&rsquo;h\u00f4pital g\u00e9n\u00e9ral.<\/p>\n<p>Commence la diffusion le 8 novembre.<\/p>\n<h2 id=\"cross\"><em>Croix<\/em><\/h2>\n<div class=\"mx-auto mt-8 w-full max-w-4xl\">\n<div id=\"video-container-GOupIB773tI\"><\/div>\n<\/div>\n<p>Bas\u00e9 sur une s\u00e9rie de romans de James Patterson, <em>Croix<\/em> raconte l&rsquo;histoire du psychologue l\u00e9giste et d\u00e9tective de DC Metro, Alex Cross. Interpr\u00e9t\u00e9 par Aldis Hodge, Cross utilise son gros cerveau, son entra\u00eenement et sa vision unique de l&rsquo;esprit humain pour r\u00e9soudre des cas que personne d&rsquo;autre ne peut r\u00e9soudre. Mais fouiller dans le psychisme des tueurs en s\u00e9rie a des cons\u00e9quences n\u00e9fastes, surtout lorsque sa vie professionnelle commence \u00e0 menacer sa famille. <\/p>\n<p>Commence la diffusion le 14 novembre.<\/p>\n<h2 id=\"cruel-intentions\"><em>Intentions cruelles<\/em><\/h2>\n<div class=\"mx-auto mt-8 w-full max-w-4xl\">\n<div id=\"video-container-qqehRM8-B3o\"><\/div>\n<\/div>\n<p>Le classique culte de 1999 <em>Intentions cruelles<\/em> re\u00e7oit le traitement de red\u00e9marrage. \u00c0 en juger par la bande-annonce, cette s\u00e9rie de huit \u00e9pisodes contient quelques clins d&rsquo;\u0153il \u00e0 l&rsquo;original, comme la chanson th\u00e8me \u00ab\u00a0Bittersweet Symphony\u00a0\u00bb et le mat\u00e9riel source, le roman de Pierre Choderlos de Laclos de 1782. <em>Les Liaisons Dangereuses,<\/em> mais cela ne sortira pas Reese Witherspoon et Ryan Phillippe de la naphtaline. Le nouveau casting d&rsquo;\u00e9tudiants riches et sexy comprend Sara Silva, John Harlan Kim et Khobe Clarke. La s\u00e9rie semble viser la m\u00eame ambiance cynique mais campagnarde que le film original puisqu&rsquo;elle raconte l&rsquo;histoire d&rsquo;un pari ind\u00e9cent entre demi-fr\u00e8res et s\u0153urs, impliquant cette fois la fille du vice-pr\u00e9sident. <\/p>\n<p>Commence la diffusion le 21 novembre.<\/p>\n<h2 id=\"jeff-dunhams-scrooged-up-holiday-special\"><em>Sp\u00e9cial vacances Scrooged-Up de Jeff Dunham <\/em><\/h2>\n<div class=\"mx-auto mt-8 w-full max-w-4xl\">\n<div id=\"video-container-gZFRTJTfUl8\"><\/div>\n<\/div>\n<p>Jeff Dunham et sa collection de copains en bois prennent les vacances dans ce nouveau sp\u00e9cial stand-up. Plus pr\u00e9cis\u00e9ment, il s&rsquo;agit d&rsquo;une version de Dickens <em>Un chant de No\u00ebl<\/em> dans lequel Walter joue Scrooge et se dispute avec Bubba J, Peanut, Little Jeff et Achmed sur les r\u00f4les qui leur sont attribu\u00e9s dans l&rsquo;histoire. La mission de ma vie est de regarder chaque version de <em>Un chant de No\u00ebl<\/em>donc celui-ci figure en bonne place sur ma liste personnelle de surveillance. <\/p>\n<p>Commence la diffusion le 19 novembre.<\/p>\n<h2 id=\"last-months-picks\">Les choix du mois dernier<\/h2>\n<h2 id=\"canary-black\"><em>Canari Noir<\/em><\/h2>\n<div class=\"mx-auto mt-8 w-full max-w-4xl\">\n<div id=\"video-container-tSaw2HTVSsA\"><\/div>\n<\/div>\n<p>Dans <em>Canari Noir<\/em> Kate Beckinsale incarne Avery Graves, un agent de la CIA si infiltr\u00e9 que son propre mari pense qu&rsquo;elle a un travail normal. Lorsqu&rsquo;il est kidnapp\u00e9 par des terroristes, Graves doit choisir entre sauver sa vie ou trahir son pays. Coup\u00e9e de tout le monde, Graves doit compter sur son entra\u00eenement, son intelligence et ses talents de combattante pour d\u00e9livrer la ran\u00e7on et sauver son mari. <\/p>\n<p>Commence la diffusion le 24 octobre. <\/p>\n<h2 id=\"house-of-spoils\"><em>Maison du butin<\/em><\/h2>\n<div class=\"mx-auto mt-8 w-full max-w-4xl\">\n<div id=\"video-container-qPtxADbsUzk\"><\/div>\n<\/div>\n<p>Si <em>L&rsquo;ours<\/em> avait un r\u00f4le principal f\u00e9minin et c&rsquo;\u00e9tait un film d&rsquo;horreur, \u00e7a pourrait \u00eatre quelque chose comme <em>Maison du butin<\/em>. Ariana DeBose incarne une jeune chef affam\u00e9e qui d\u00e9croche un poste potentiellement prometteur : la chance de diriger son propre restaurant haut de gamme. M\u00eame si son restaurant se heurte aux nouveaux obstacles habituels en mati\u00e8re de restauration \u2013 un endroit \u00e9loign\u00e9, un personnel loin d&rsquo;\u00eatre parfait, un investisseur douteux \u2013 le plus gros probl\u00e8me est surnaturel. Il semble que la partie \u00ab ferme \u00bb de son menu, de la ferme \u00e0 la table, vienne d&rsquo;un jardin de sorci\u00e8res, et la nourriture hant\u00e9e rend une \u00e9toile Michelin beaucoup plus difficile \u00e0 obtenir. <\/p>\n<p>Commence la diffusion le 2 octobre. <\/p>\n<h2 id=\"are-you-smarter-than-a-celebrity-season-1\"><em>\u00cates-vous plus intelligent qu\u2019une c\u00e9l\u00e9brit\u00e9 ?<\/em> Saison 1<\/h2>\n<div class=\"mx-auto mt-8 w-full max-w-4xl\">\n<div id=\"video-container-IYMwKldBekY\"><\/div>\n<\/div>\n<p>Ce jeu t\u00e9l\u00e9vis\u00e9 n&rsquo;est pas exactement <em>\u00cates-vous plus intelligent qu\u2019un \u00e9l\u00e8ve de cinqui\u00e8me ?<\/em> mais vous voyez l&rsquo;id\u00e9e. Dans <em>\u00cates-vous plus intelligent qu\u2019une c\u00e9l\u00e9brit\u00e9 ?<\/em>les gens normaux rivalisent d&rsquo;esprit avec des \u00ab stars \u00bb comme la com\u00e9dienne Nikki Glaser, l&rsquo;analyste de football Ryan Fitzpatrick et la star de t\u00e9l\u00e9-r\u00e9alit\u00e9 Lala Kent. J&rsquo;allais dire que j&rsquo;\u00e9tais plus intelligent que tous ces gens et l&rsquo;animateur Travis Kelce r\u00e9unis, mais j&rsquo;ai ensuite r\u00e9alis\u00e9 qu&rsquo;ils \u00e9taient pay\u00e9s pour r\u00e9pondre \u00e0 des questions triviales \u00e0 la t\u00e9l\u00e9vision et j&rsquo;\u00e9cris \u00e0 ce sujet, alors qui est l&rsquo;idiot maintenant ?<\/p>\n<p>Commence la diffusion le 16 octobre.<\/p>\n<h2 id=\"the-pradeeps-of-pittsburgh-season-1\"><em>Les Pradeeps de Pittsburgh<\/em>saison 1<\/h2>\n<div class=\"mx-auto mt-8 w-full max-w-4xl\">\n<div id=\"video-container-g88q1zQEC4U\"><\/div>\n<\/div>\n<p><em>Les Pradeeps de Pittsburgh<\/em> est une com\u00e9die familiale avec un myst\u00e8re en son centre. La famille titulaire vient tout juste de d\u00e9barquer de l&rsquo;avion en provenance d&rsquo;Inde, mais leur nouvelle vie en Am\u00e9rique devient rapidement bizarre alors qu&rsquo;une altercation avec une famille aux antipodes de leur nouveau quartier devient incontr\u00f4lable. Racont\u00e9e en partie \u00e0 travers un flash-back d&rsquo;une salle d&rsquo;interrogatoire, cette com\u00e9die promet une touche de <em>Rashomon<\/em> et une nouvelle tournure dans le genre de la com\u00e9die sur les immigrants. <\/p>\n<p>Commence la diffusion le 17 octobre.<\/p>\n<h2 id=\"brothers\"><em>Fr\u00e8res<\/em><\/h2>\n<div class=\"mx-auto mt-8 w-full max-w-4xl\">\n<div id=\"video-container-XVnfFsMKbMo\"><\/div>\n<\/div>\n<p>Josh Brolin et Peter Dinklage jouent des jumeaux (non identiques) dans une com\u00e9die polici\u00e8re <em>Fr\u00e8res<\/em>. Brolin est un ancien criminel qui essaie d\u00e9sesp\u00e9r\u00e9ment de rester h\u00e9t\u00e9ro, mais son fr\u00e8re r\u00e9prouv\u00e9 l&rsquo;entra\u00eene dans un roadtrip \u00e0 travers le pays \u00e0 la poursuite d&rsquo;un but si important que cela changera la vie de toute la famille, s&rsquo;ils parviennent \u00e0 \u00e9viter de s&rsquo;entre-tuer en cours de route. <\/p>\n<p>Commence la diffusion le 17 octobre.<\/p>\n<h2 id=\"the-legend-of-vox-machina-season-3\"><em>La l\u00e9gende de Vox Machina, <\/em>saison 3<\/h2>\n<div class=\"mx-auto mt-8 w-full max-w-4xl\">\n<div id=\"video-container-3AZj7kLV6IE\"><\/div>\n<\/div>\n<p>Les premi\u00e8re et deuxi\u00e8me saisons de s\u00e9ries anim\u00e9es <em>La l\u00e9gende de Vox Machina<\/em><em> <\/em>a obtenu des scores parfaits pour Rotten Tomatoes pour leurs aventures \u00e9piques et leur com\u00e9die hilarante, et la saison 3 vise \u00e0 apporter davantage aux fans. Bas\u00e9 sur une campagne D&#038;D de la s\u00e9rie YouTube Critical Role, ce spectacle d&rsquo;aventure tapageur est le r\u00e9gal parfait pour les fans de com\u00e9die, d&rsquo;aventure et de jeux de r\u00f4le, et je suis presque s\u00fbr qu&rsquo;il couvre tout le monde. <\/p>\n<p>Commence la diffusion le 1er octobre. <\/p>\n<h2 id=\"citadel-diana-season-1\">Citadelle : Diane, saison 1<\/h2>\n<div class=\"mx-auto mt-8 w-full max-w-4xl\">\n<div id=\"video-container-NX_3jUEvMtU\"><\/div>\n<\/div>\n<p>Dans <em>Citadelle : Diane<\/em><em>,<\/em> Matilda De Angelis incarne Diana Cavalieri, une agente secr\u00e8te sans agence. Citadel, une organisation d&rsquo;espionnage internationale autrefois puissante, a \u00e9t\u00e9 reprise par le mal\u00e9fique Manticore, laissant Cavalieri dans le froid : pi\u00e9g\u00e9 derri\u00e8re les lignes ennemies et travaillant comme une taupe \u00e0 Manticore m\u00eame. Pour s&rsquo;\u00e9chapper, elle devra compter sur des alli\u00e9s improbables et entreprendre des actions dangereuses. Si vous aimez la cape et le poignard, donnez <em>Citadelle : Diane<\/em> un tour. <\/p>\n<p>Commence la diffusion le 10 octobre.<\/p>\n<h2 id=\"the-devils-hour-season-2\"><em>L&rsquo;heure du diable<\/em>saison 2<\/h2>\n<div class=\"mx-auto mt-8 w-full max-w-4xl\">\n<div id=\"video-container-sOifubv9IdY\"><\/div>\n<\/div>\n<p>Jessica Raine et Peter Capaldi reviennent pour une autre saison de cette s\u00e9rie nomin\u00e9e aux Emmy et salu\u00e9e par la critique. Saison 1 de <em>L&rsquo;heure du diable<\/em> est connu pour ses rebondissements hallucinants, son jeu d&rsquo;acteur solide et ses touches d&rsquo;humour noir. La saison 2 voit les anciens adversaires Lucy (Raine) et Gideon (Capaldi) faire \u00e9quipe pour traquer un horrible monstre. Pour aggraver les choses, Lucy est dans la ligne de mire de son ex-mari issu d&rsquo;une vie ant\u00e9rieure. Si vous recherchez une horreur psychologique intelligente, cela devrait faire l&rsquo;affaire. <\/p>\n<p>Commence la diffusion le 18 octobre.<\/p>\n","protected":false},"excerpt":{"rendered":"<p>Une tonne de nouvelles \u00e9missions et de nouveaux films sont diffus\u00e9s sur Prime ce mois-ci. Voici le meilleur des meilleurs. J&rsquo;ai parcouru les sorties de<\/p>\n","protected":false},"author":1,"featured_media":1907,"comment_status":"","ping_status":"","sticky":false,"template":"","format":"standard","meta":{"footnotes":""},"categories":[36],"tags":[1931,102,14,187,2605,346,1924,33,1316],"class_list":["post-1906","post","type-post","status-publish","format-standard","has-post-thumbnail","hentry","category-divertissement","tag-emissions","tag-films","tag-les","tag-meilleurs","tag-moisci","tag-prime","tag-regarder","tag-sur","tag-television","generate-columns","tablet-grid-50","mobile-grid-100","grid-parent","grid-33"],"yoast_head":"<!-- This site is optimized with the Yoast SEO plugin v24.0 - https:\/\/yoast.com\/wordpress\/plugins\/seo\/ -->\n<title>Les meilleurs films et \u00e9missions de t\u00e9l\u00e9vision \u00e0 regarder sur Prime ce mois-ci | Vie Associative<\/title>\n<meta name=\"robots\" content=\"index, follow, max-snippet:-1, max-image-preview:large, max-video-preview:-1\" \/>\n<link rel=\"canonical\" href=\"https:\/\/vieassociative.be\/actualites\/les-meilleurs-films-et-emissions-de-television-a-regarder-sur-prime-ce-mois-ci\/\" \/>\n<meta property=\"og:locale\" content=\"fr_FR\" \/>\n<meta property=\"og:type\" content=\"article\" \/>\n<meta property=\"og:title\" content=\"Les meilleurs films et \u00e9missions de t\u00e9l\u00e9vision \u00e0 regarder sur Prime ce mois-ci | Vie Associative\" \/>\n<meta property=\"og:description\" content=\"Une tonne de nouvelles \u00e9missions et de nouveaux films sont diffus\u00e9s sur Prime ce mois-ci. Voici le meilleur des meilleurs. J&rsquo;ai parcouru les sorties de\" \/>\n<meta property=\"og:url\" content=\"https:\/\/vieassociative.be\/actualites\/les-meilleurs-films-et-emissions-de-television-a-regarder-sur-prime-ce-mois-ci\/\" \/>\n<meta property=\"og:site_name\" content=\"Vie Associative\" \/>\n<meta property=\"article:published_time\" content=\"2024-11-01T13:19:10+00:00\" \/>\n<meta property=\"og:image\" content=\"https:\/\/vieassociative.be\/actualites\/wp-content\/uploads\/2024\/09\/header_backgroundk-01-e1726694325946.png\" \/>\n\t<meta property=\"og:image:width\" content=\"279\" \/>\n\t<meta property=\"og:image:height\" content=\"92\" \/>\n\t<meta property=\"og:image:type\" content=\"image\/png\" \/>\n<meta name=\"author\" content=\"Julien\" \/>\n<meta name=\"twitter:card\" content=\"summary_large_image\" \/>\n<meta name=\"twitter:label1\" content=\"\u00c9crit par\" \/>\n\t<meta name=\"twitter:data1\" content=\"Julien\" \/>\n\t<meta name=\"twitter:label2\" content=\"Dur\u00e9e de lecture est.\" \/>\n\t<meta name=\"twitter:data2\" content=\"7 minutes\" \/>\n<script type=\"application\/ld+json\" class=\"yoast-schema-graph\">{\"@context\":\"https:\/\/schema.org\",\"@graph\":[{\"@type\":\"Article\",\"@id\":\"https:\/\/vieassociative.be\/actualites\/les-meilleurs-films-et-emissions-de-television-a-regarder-sur-prime-ce-mois-ci\/#article\",\"isPartOf\":{\"@id\":\"https:\/\/vieassociative.be\/actualites\/les-meilleurs-films-et-emissions-de-television-a-regarder-sur-prime-ce-mois-ci\/\"},\"author\":{\"name\":\"Julien\",\"@id\":\"https:\/\/vieassociative.be\/actualites\/#\/schema\/person\/b87ac4f82f9d4e7b7cec7395b679edc4\"},\"headline\":\"Les meilleurs films et \u00e9missions de t\u00e9l\u00e9vision \u00e0 regarder sur Prime ce mois-ci\",\"datePublished\":\"2024-11-01T13:19:10+00:00\",\"dateModified\":\"2024-11-01T13:19:10+00:00\",\"mainEntityOfPage\":{\"@id\":\"https:\/\/vieassociative.be\/actualites\/les-meilleurs-films-et-emissions-de-television-a-regarder-sur-prime-ce-mois-ci\/\"},\"wordCount\":1499,\"publisher\":{\"@id\":\"https:\/\/vieassociative.be\/actualites\/#organization\"},\"image\":{\"@id\":\"https:\/\/vieassociative.be\/actualites\/les-meilleurs-films-et-emissions-de-television-a-regarder-sur-prime-ce-mois-ci\/#primaryimage\"},\"thumbnailUrl\":\"https:\/\/vieassociative.be\/actualites\/wp-content\/uploads\/2024\/11\/Les-meilleurs-films-et-emissions-de-television-a-regarder-sur.jpg\",\"keywords\":[\"\u00e9missions\",\"films\",\"Les\",\"meilleurs\",\"moisci\",\"Prime\",\"regarder\",\"sur\",\"t\u00e9l\u00e9vision\"],\"articleSection\":[\"Divertissement\"],\"inLanguage\":\"fr-BE\"},{\"@type\":\"WebPage\",\"@id\":\"https:\/\/vieassociative.be\/actualites\/les-meilleurs-films-et-emissions-de-television-a-regarder-sur-prime-ce-mois-ci\/\",\"url\":\"https:\/\/vieassociative.be\/actualites\/les-meilleurs-films-et-emissions-de-television-a-regarder-sur-prime-ce-mois-ci\/\",\"name\":\"Les meilleurs films et \u00e9missions de t\u00e9l\u00e9vision \u00e0 regarder sur Prime ce mois-ci | Vie Associative\",\"isPartOf\":{\"@id\":\"https:\/\/vieassociative.be\/actualites\/#website\"},\"primaryImageOfPage\":{\"@id\":\"https:\/\/vieassociative.be\/actualites\/les-meilleurs-films-et-emissions-de-television-a-regarder-sur-prime-ce-mois-ci\/#primaryimage\"},\"image\":{\"@id\":\"https:\/\/vieassociative.be\/actualites\/les-meilleurs-films-et-emissions-de-television-a-regarder-sur-prime-ce-mois-ci\/#primaryimage\"},\"thumbnailUrl\":\"https:\/\/vieassociative.be\/actualites\/wp-content\/uploads\/2024\/11\/Les-meilleurs-films-et-emissions-de-television-a-regarder-sur.jpg\",\"datePublished\":\"2024-11-01T13:19:10+00:00\",\"dateModified\":\"2024-11-01T13:19:10+00:00\",\"breadcrumb\":{\"@id\":\"https:\/\/vieassociative.be\/actualites\/les-meilleurs-films-et-emissions-de-television-a-regarder-sur-prime-ce-mois-ci\/#breadcrumb\"},\"inLanguage\":\"fr-BE\",\"potentialAction\":[{\"@type\":\"ReadAction\",\"target\":[\"https:\/\/vieassociative.be\/actualites\/les-meilleurs-films-et-emissions-de-television-a-regarder-sur-prime-ce-mois-ci\/\"]}]},{\"@type\":\"ImageObject\",\"inLanguage\":\"fr-BE\",\"@id\":\"https:\/\/vieassociative.be\/actualites\/les-meilleurs-films-et-emissions-de-television-a-regarder-sur-prime-ce-mois-ci\/#primaryimage\",\"url\":\"https:\/\/vieassociative.be\/actualites\/wp-content\/uploads\/2024\/11\/Les-meilleurs-films-et-emissions-de-television-a-regarder-sur.jpg\",\"contentUrl\":\"https:\/\/vieassociative.be\/actualites\/wp-content\/uploads\/2024\/11\/Les-meilleurs-films-et-emissions-de-television-a-regarder-sur.jpg\",\"width\":1200,\"height\":675,\"caption\":\"Les meilleurs films et \u00e9missions de t\u00e9l\u00e9vision \u00e0 regarder sur Prime ce mois-ci\"},{\"@type\":\"BreadcrumbList\",\"@id\":\"https:\/\/vieassociative.be\/actualites\/les-meilleurs-films-et-emissions-de-television-a-regarder-sur-prime-ce-mois-ci\/#breadcrumb\",\"itemListElement\":[{\"@type\":\"ListItem\",\"position\":1,\"name\":\"Accueil\",\"item\":\"https:\/\/vieassociative.be\/actualites\/\"},{\"@type\":\"ListItem\",\"position\":2,\"name\":\"Les meilleurs films et \u00e9missions de t\u00e9l\u00e9vision \u00e0 regarder sur Prime ce mois-ci\"}]},{\"@type\":\"WebSite\",\"@id\":\"https:\/\/vieassociative.be\/actualites\/#website\",\"url\":\"https:\/\/vieassociative.be\/actualites\/\",\"name\":\"Vie Associative\",\"description\":\"\",\"publisher\":{\"@id\":\"https:\/\/vieassociative.be\/actualites\/#organization\"},\"potentialAction\":[{\"@type\":\"SearchAction\",\"target\":{\"@type\":\"EntryPoint\",\"urlTemplate\":\"https:\/\/vieassociative.be\/actualites\/?s={search_term_string}\"},\"query-input\":{\"@type\":\"PropertyValueSpecification\",\"valueRequired\":true,\"valueName\":\"search_term_string\"}}],\"inLanguage\":\"fr-BE\"},{\"@type\":\"Organization\",\"@id\":\"https:\/\/vieassociative.be\/actualites\/#organization\",\"name\":\"Vie Associative\",\"url\":\"https:\/\/vieassociative.be\/actualites\/\",\"logo\":{\"@type\":\"ImageObject\",\"inLanguage\":\"fr-BE\",\"@id\":\"https:\/\/vieassociative.be\/actualites\/#\/schema\/logo\/image\/\",\"url\":\"https:\/\/vieassociative.be\/actualites\/wp-content\/uploads\/2024\/09\/cropped-vieassociative_favicon.ico.png\",\"contentUrl\":\"https:\/\/vieassociative.be\/actualites\/wp-content\/uploads\/2024\/09\/cropped-vieassociative_favicon.ico.png\",\"width\":512,\"height\":512,\"caption\":\"Vie Associative\"},\"image\":{\"@id\":\"https:\/\/vieassociative.be\/actualites\/#\/schema\/logo\/image\/\"}},{\"@type\":\"Person\",\"@id\":\"https:\/\/vieassociative.be\/actualites\/#\/schema\/person\/b87ac4f82f9d4e7b7cec7395b679edc4\",\"name\":\"Julien\",\"image\":{\"@type\":\"ImageObject\",\"inLanguage\":\"fr-BE\",\"@id\":\"https:\/\/vieassociative.be\/actualites\/#\/schema\/person\/image\/\",\"url\":\"https:\/\/vieassociative.be\/actualites\/wp-content\/uploads\/2024\/09\/vie-associative-1-150x150.jpg\",\"contentUrl\":\"https:\/\/vieassociative.be\/actualites\/wp-content\/uploads\/2024\/09\/vie-associative-1-150x150.jpg\",\"caption\":\"Julien\"},\"description\":\"Je suis Julien, r\u00e9dacteur pour Vie Associative. Passionn\u00e9 par le monde associatif depuis plus de 10 ans, j'ai \u00e0 c\u0153ur de partager des histoires inspirantes et de mettre en lumi\u00e8re les initiatives locales. Mon objectif est de sensibiliser et d'encourager l'engagement communautaire \u00e0 travers mes articles.\",\"sameAs\":[\"https:\/\/vieassociative.be\/\"]}]}<\/script>\n<!-- \/ Yoast SEO plugin. -->","yoast_head_json":{"title":"Les meilleurs films et \u00e9missions de t\u00e9l\u00e9vision \u00e0 regarder sur Prime ce mois-ci | Vie Associative","robots":{"index":"index","follow":"follow","max-snippet":"max-snippet:-1","max-image-preview":"max-image-preview:large","max-video-preview":"max-video-preview:-1"},"canonical":"https:\/\/vieassociative.be\/actualites\/les-meilleurs-films-et-emissions-de-television-a-regarder-sur-prime-ce-mois-ci\/","og_locale":"fr_FR","og_type":"article","og_title":"Les meilleurs films et \u00e9missions de t\u00e9l\u00e9vision \u00e0 regarder sur Prime ce mois-ci | Vie Associative","og_description":"Une tonne de nouvelles \u00e9missions et de nouveaux films sont diffus\u00e9s sur Prime ce mois-ci. Voici le meilleur des meilleurs. J&rsquo;ai parcouru les sorties de","og_url":"https:\/\/vieassociative.be\/actualites\/les-meilleurs-films-et-emissions-de-television-a-regarder-sur-prime-ce-mois-ci\/","og_site_name":"Vie Associative","article_published_time":"2024-11-01T13:19:10+00:00","og_image":[{"width":279,"height":92,"url":"https:\/\/vieassociative.be\/actualites\/wp-content\/uploads\/2024\/09\/header_backgroundk-01-e1726694325946.png","type":"image\/png"}],"author":"Julien","twitter_card":"summary_large_image","twitter_misc":{"\u00c9crit par":"Julien","Dur\u00e9e de lecture est.":"7 minutes"},"schema":{"@context":"https:\/\/schema.org","@graph":[{"@type":"Article","@id":"https:\/\/vieassociative.be\/actualites\/les-meilleurs-films-et-emissions-de-television-a-regarder-sur-prime-ce-mois-ci\/#article","isPartOf":{"@id":"https:\/\/vieassociative.be\/actualites\/les-meilleurs-films-et-emissions-de-television-a-regarder-sur-prime-ce-mois-ci\/"},"author":{"name":"Julien","@id":"https:\/\/vieassociative.be\/actualites\/#\/schema\/person\/b87ac4f82f9d4e7b7cec7395b679edc4"},"headline":"Les meilleurs films et \u00e9missions de t\u00e9l\u00e9vision \u00e0 regarder sur Prime ce mois-ci","datePublished":"2024-11-01T13:19:10+00:00","dateModified":"2024-11-01T13:19:10+00:00","mainEntityOfPage":{"@id":"https:\/\/vieassociative.be\/actualites\/les-meilleurs-films-et-emissions-de-television-a-regarder-sur-prime-ce-mois-ci\/"},"wordCount":1499,"publisher":{"@id":"https:\/\/vieassociative.be\/actualites\/#organization"},"image":{"@id":"https:\/\/vieassociative.be\/actualites\/les-meilleurs-films-et-emissions-de-television-a-regarder-sur-prime-ce-mois-ci\/#primaryimage"},"thumbnailUrl":"https:\/\/vieassociative.be\/actualites\/wp-content\/uploads\/2024\/11\/Les-meilleurs-films-et-emissions-de-television-a-regarder-sur.jpg","keywords":["\u00e9missions","films","Les","meilleurs","moisci","Prime","regarder","sur","t\u00e9l\u00e9vision"],"articleSection":["Divertissement"],"inLanguage":"fr-BE"},{"@type":"WebPage","@id":"https:\/\/vieassociative.be\/actualites\/les-meilleurs-films-et-emissions-de-television-a-regarder-sur-prime-ce-mois-ci\/","url":"https:\/\/vieassociative.be\/actualites\/les-meilleurs-films-et-emissions-de-television-a-regarder-sur-prime-ce-mois-ci\/","name":"Les meilleurs films et \u00e9missions de t\u00e9l\u00e9vision \u00e0 regarder sur Prime ce mois-ci | Vie Associative","isPartOf":{"@id":"https:\/\/vieassociative.be\/actualites\/#website"},"primaryImageOfPage":{"@id":"https:\/\/vieassociative.be\/actualites\/les-meilleurs-films-et-emissions-de-television-a-regarder-sur-prime-ce-mois-ci\/#primaryimage"},"image":{"@id":"https:\/\/vieassociative.be\/actualites\/les-meilleurs-films-et-emissions-de-television-a-regarder-sur-prime-ce-mois-ci\/#primaryimage"},"thumbnailUrl":"https:\/\/vieassociative.be\/actualites\/wp-content\/uploads\/2024\/11\/Les-meilleurs-films-et-emissions-de-television-a-regarder-sur.jpg","datePublished":"2024-11-01T13:19:10+00:00","dateModified":"2024-11-01T13:19:10+00:00","breadcrumb":{"@id":"https:\/\/vieassociative.be\/actualites\/les-meilleurs-films-et-emissions-de-television-a-regarder-sur-prime-ce-mois-ci\/#breadcrumb"},"inLanguage":"fr-BE","potentialAction":[{"@type":"ReadAction","target":["https:\/\/vieassociative.be\/actualites\/les-meilleurs-films-et-emissions-de-television-a-regarder-sur-prime-ce-mois-ci\/"]}]},{"@type":"ImageObject","inLanguage":"fr-BE","@id":"https:\/\/vieassociative.be\/actualites\/les-meilleurs-films-et-emissions-de-television-a-regarder-sur-prime-ce-mois-ci\/#primaryimage","url":"https:\/\/vieassociative.be\/actualites\/wp-content\/uploads\/2024\/11\/Les-meilleurs-films-et-emissions-de-television-a-regarder-sur.jpg","contentUrl":"https:\/\/vieassociative.be\/actualites\/wp-content\/uploads\/2024\/11\/Les-meilleurs-films-et-emissions-de-television-a-regarder-sur.jpg","width":1200,"height":675,"caption":"Les meilleurs films et \u00e9missions de t\u00e9l\u00e9vision \u00e0 regarder sur Prime ce mois-ci"},{"@type":"BreadcrumbList","@id":"https:\/\/vieassociative.be\/actualites\/les-meilleurs-films-et-emissions-de-television-a-regarder-sur-prime-ce-mois-ci\/#breadcrumb","itemListElement":[{"@type":"ListItem","position":1,"name":"Accueil","item":"https:\/\/vieassociative.be\/actualites\/"},{"@type":"ListItem","position":2,"name":"Les meilleurs films et \u00e9missions de t\u00e9l\u00e9vision \u00e0 regarder sur Prime ce mois-ci"}]},{"@type":"WebSite","@id":"https:\/\/vieassociative.be\/actualites\/#website","url":"https:\/\/vieassociative.be\/actualites\/","name":"Vie Associative","description":"","publisher":{"@id":"https:\/\/vieassociative.be\/actualites\/#organization"},"potentialAction":[{"@type":"SearchAction","target":{"@type":"EntryPoint","urlTemplate":"https:\/\/vieassociative.be\/actualites\/?s={search_term_string}"},"query-input":{"@type":"PropertyValueSpecification","valueRequired":true,"valueName":"search_term_string"}}],"inLanguage":"fr-BE"},{"@type":"Organization","@id":"https:\/\/vieassociative.be\/actualites\/#organization","name":"Vie Associative","url":"https:\/\/vieassociative.be\/actualites\/","logo":{"@type":"ImageObject","inLanguage":"fr-BE","@id":"https:\/\/vieassociative.be\/actualites\/#\/schema\/logo\/image\/","url":"https:\/\/vieassociative.be\/actualites\/wp-content\/uploads\/2024\/09\/cropped-vieassociative_favicon.ico.png","contentUrl":"https:\/\/vieassociative.be\/actualites\/wp-content\/uploads\/2024\/09\/cropped-vieassociative_favicon.ico.png","width":512,"height":512,"caption":"Vie Associative"},"image":{"@id":"https:\/\/vieassociative.be\/actualites\/#\/schema\/logo\/image\/"}},{"@type":"Person","@id":"https:\/\/vieassociative.be\/actualites\/#\/schema\/person\/b87ac4f82f9d4e7b7cec7395b679edc4","name":"Julien","image":{"@type":"ImageObject","inLanguage":"fr-BE","@id":"https:\/\/vieassociative.be\/actualites\/#\/schema\/person\/image\/","url":"https:\/\/vieassociative.be\/actualites\/wp-content\/uploads\/2024\/09\/vie-associative-1-150x150.jpg","contentUrl":"https:\/\/vieassociative.be\/actualites\/wp-content\/uploads\/2024\/09\/vie-associative-1-150x150.jpg","caption":"Julien"},"description":"Je suis Julien, r\u00e9dacteur pour Vie Associative. Passionn\u00e9 par le monde associatif depuis plus de 10 ans, j'ai \u00e0 c\u0153ur de partager des histoires inspirantes et de mettre en lumi\u00e8re les initiatives locales. Mon objectif est de sensibiliser et d'encourager l'engagement communautaire \u00e0 travers mes articles.","sameAs":["https:\/\/vieassociative.be\/"]}]}},"_links":{"self":[{"href":"https:\/\/vieassociative.be\/actualites\/wp-json\/wp\/v2\/posts\/1906"}],"collection":[{"href":"https:\/\/vieassociative.be\/actualites\/wp-json\/wp\/v2\/posts"}],"about":[{"href":"https:\/\/vieassociative.be\/actualites\/wp-json\/wp\/v2\/types\/post"}],"author":[{"embeddable":true,"href":"https:\/\/vieassociative.be\/actualites\/wp-json\/wp\/v2\/users\/1"}],"replies":[{"embeddable":true,"href":"https:\/\/vieassociative.be\/actualites\/wp-json\/wp\/v2\/comments?post=1906"}],"version-history":[{"count":0,"href":"https:\/\/vieassociative.be\/actualites\/wp-json\/wp\/v2\/posts\/1906\/revisions"}],"wp:featuredmedia":[{"embeddable":true,"href":"https:\/\/vieassociative.be\/actualites\/wp-json\/wp\/v2\/media\/1907"}],"wp:attachment":[{"href":"https:\/\/vieassociative.be\/actualites\/wp-json\/wp\/v2\/media?parent=1906"}],"wp:term":[{"taxonomy":"category","embeddable":true,"href":"https:\/\/vieassociative.be\/actualites\/wp-json\/wp\/v2\/categories?post=1906"},{"taxonomy":"post_tag","embeddable":true,"href":"https:\/\/vieassociative.be\/actualites\/wp-json\/wp\/v2\/tags?post=1906"}],"curies":[{"name":"wp","href":"https:\/\/api.w.org\/{rel}","templated":true}]}}