{"id":1904,"date":"2024-11-01T13:17:23","date_gmt":"2024-11-01T12:17:23","guid":{"rendered":"https:\/\/vieassociative.be\/actualites\/combien-de-pda-represente-trop-de-pda\/"},"modified":"2024-11-01T13:17:23","modified_gmt":"2024-11-01T12:17:23","slug":"combien-de-pda-represente-trop-de-pda","status":"publish","type":"post","link":"https:\/\/vieassociative.be\/actualites\/combien-de-pda-represente-trop-de-pda\/","title":{"rendered":"Combien de PDA repr\u00e9sente trop de PDA\u00a0?"},"content":{"rendered":"<div class=\"mt-4 leading-6 md:mb-8\">Pour d\u00e9terminer la quantit\u00e9 de PDA avec laquelle vous pouvez vous en sortir, laissez votre environnement vous guider.<\/div>\n<p><\/p>\n<p>Les d\u00e9monstrations publiques d\u2019affection ont longtemps \u00e9t\u00e9 un sujet d\u00e9licat, jeu de mots. Certaines personnes ont simplement des tendances exhibitionnistes, tandis que d&rsquo;autres sont horrifi\u00e9es \u00e0 l&rsquo;id\u00e9e de faire face \u00e0 n&rsquo;importe quel type de sensation en public. Depuis que le monde s\u2019est ouvert apr\u00e8s le confinement \u2013 \u200b\u200bavec quelques d\u00e9marrages et arr\u00eats en cours de route \u2013 et que nous avons r\u00e9apparu dans les restaurants, les lieux de travail et les lieux d\u2019\u00e9v\u00e9nements apr\u00e8s des mois coinc\u00e9s \u00e0 l\u2019int\u00e9rieur, la fronti\u00e8re entre les comportements appropri\u00e9s et inappropri\u00e9s \u00e0 l\u2019ext\u00e9rieur de la maison s\u2019est \u00e9largie. un peu flou.<\/p>\n<p>Alors, combien de PDA repr\u00e9sente trop de PDA\u00a0? Cela d\u00e9pend de l&rsquo;endroit o\u00f9 vous \u00eates.<\/p>\n<h2 id=\"how-much-pda-is-too-much-pda-at-work\"><strong>Combien de PDA repr\u00e9sente trop de PDA au travail\u00a0?<\/strong><\/h2>\n<p>N&rsquo;importe quel PDA est trop de PDA au travail. D\u00e9sol\u00e9, ce sont les r\u00e8gles.<\/p>\n<p>Si votre partenaire s&rsquo;arr\u00eate \u00e0 votre bureau pour d\u00e9jeuner, un petit bisou sera peut-\u00eatre acceptable. Pas de persistance. Pas de langue. Le travail est un lieu professionnel. Si vous sortez avec un coll\u00e8gue, lisez ce guide existant pour savoir comment y parvenir tout en \u00e9bouriffant le moins de plumes possible. L&rsquo;essentiel est le suivant\u00a0: ne faites rien de trop affectueux au travail, pour diverses raisons. Que vos coll\u00e8gues soient au courant ou non de votre histoire d&rsquo;amour entre bureaux, ce n&rsquo;est pas une bonne id\u00e9e.<\/p>\n<p>Bien s\u00fbr, si vous faites partie de ceux qui travaillent encore \u00e0 domicile au milieu de la pand\u00e9mie ou si votre lieu de travail vous donne plus de libert\u00e9 pour choisir vos jours en interne, les d\u00e9monstrations d&rsquo;affection entre vous et votre partenaire pourraient ne pas relever de la cat\u00e9gorie publique. du tout. Vous pouvez vous embrasser toute la journ\u00e9e tant que vous n&rsquo;\u00eates pas en r\u00e9union Zoom, mais essayez de fixer des limites pour faire un peu de travail. Avoir des r\u00e8gles personnelles pour savoir quand et o\u00f9 vous montrez de l&rsquo;affection est utile m\u00eame lorsque vous n&rsquo;essayez pas de traverser ces journ\u00e9es chaudes et lourdes de lune de miel lors de vos premi\u00e8res sorties en couple. Aujourd\u2019hui, peut-\u00eatre plus que jamais, il est essentiel de garder un peu de structure dans votre vie.<\/p>\n<h2 id=\"how-much-pda-is-too-much-pda-in-front-of-family\"><strong>\u00c0 quel point est-ce trop de PDA devant la famille\u00a0?<\/strong><\/h2>\n<p>Vous seul connaissez votre famille et ce qui volera devant eux. Avez-vous d\u00e9j\u00e0 vu un \u00e9pisode de <em>L&rsquo;incroyable famille Kardashian<\/em>? Cette famille parle tout le temps de sa vie sexuelle sans probl\u00e8me. Les s\u0153urs se sont m\u00eame \u00e9pil\u00e9es. Il y a peu d&rsquo;obstacles dans de telles familles, tandis que pour d&rsquo;autres familles, cela peut \u00eatre un scandale si un enfant adulte demande \u00e0 son partenaire adulte de rester dans la m\u00eame pi\u00e8ce qu&rsquo;eux lors d&rsquo;un voyage de retour chez lui pour rendre visite \u00e0 ses parents.<\/p>\n<p>Chaque famille a sa propre tol\u00e9rance en mati\u00e8re d&rsquo;affection et de sexualit\u00e9, alors avant d&rsquo;afficher publiquement la v\u00f4tre, repensez \u00e0 ce que vous avez v\u00e9cu dans le pass\u00e9. Si \u00ab\u00a0la conversation\u00a0\u00bb \u00e9tait mis\u00e9rable \u2013 ou impossible \u2013 pour vos parents, ils pourraient \u00eatre horrifi\u00e9s si vous embrassez votre ch\u00e9ri dans leur maison. Pensez \u00e9galement aux messages que vous essayez de transmettre <em>ton <\/em>les enfants sur le contact physique.<\/p>\n<p>\u00abJ&rsquo;ai grandi l\u00e0 o\u00f9 mes parents ne montraient pas beaucoup de PDA\u00bb, a d\u00e9clar\u00e9 Krista M., coiffeuse de 29 ans dans le Midwest. \u00abJe les ai vus s&#8217;embrasser deux fois au cours de mes 29 ann\u00e9es de vie. Mais mon petit ami et moi nous embrassons et nous embrassons tout le temps \u00e0 la maison devant nos enfants. Je pense qu&rsquo;un peu ici et l\u00e0, c&rsquo;est bien, tant que vous ne vous embrassez pas compl\u00e8tement sur le canap\u00e9 de vos parents \u00e0 30 ans \u00e0 No\u00ebl ou quelque chose du genre.<\/p>\n<p>Pensez \u00e9galement au cadre. Il y a une diff\u00e9rence entre un d\u00eener \u00e0 la maison chez votre m\u00e8re, le mariage de votre cousin et la f\u00eate du 85e anniversaire de votre grand-m\u00e8re. Ne volez la vedette \u00e0 personne et ne provoquez pas de scandale, m\u00eame si vous voulez montrer \u00e0 cette tante curieuse que oui, vous \u00eates enfin <em>a fait <\/em>trouve quelqu&rsquo;un pour qu&rsquo;elle puisse arr\u00eater de te demander quand tu vas le faire.<\/p>\n<h2 id=\"how-much-pda-is-too-much-pda-in-a-public-place\"><strong>Combien de PDA repr\u00e9sente trop de PDA dans un lieu public\u00a0?<\/strong><\/h2>\n<p>C&rsquo;est ici que vous pourrez vous l\u00e2cher un peu\u00a0! Les gens sont tout le temps sensibles au bar. Selon le type de bar dans lequel vous vous trouvez, vous pouvez probablement acc\u00e9der \u00e0 la deuxi\u00e8me base si vous le souhaitez, mais vous ne devriez probablement pas le faire. Le contexte compte ici, bien s\u00fbr. Un bar \u00e0 vin haut de gamme n&rsquo;est pas l&rsquo;endroit id\u00e9al pour faire du canotage, mais un bar de plong\u00e9e pourrait \u00eatre plus appropri\u00e9.<\/p>\n<p>Les salles de cin\u00e9ma ont longtemps \u00e9t\u00e9 la destination privil\u00e9gi\u00e9e des amateurs de PDA, car elles sont sombres et calmes. Revivez vos ann\u00e9es de lyc\u00e9e en faisant un peu d&rsquo;action lors d&rsquo;une matin\u00e9e. Cela semble assez s\u00fbr.<\/p>\n<p>Bien s\u00fbr, mettez-vous \u00e0 la place de quelqu\u2019un d\u2019autre. Vous ne seriez probablement pas offens\u00e9 de voir quelqu&rsquo;un se tenir la main, s&#8217;embrasser un peu ou faire cette chose inconfortable de marcher et de s&#8217;embrasser qui ne fonctionne vraiment que lorsque les deux personnes ont la m\u00eame taille. Tout cela va bien. Vous pourriez cependant \u00eatre alarm\u00e9 de voir quelqu&rsquo;un mettre sa langue dans la gorge d&rsquo;une autre personne dans l&rsquo;aire de restauration du centre commercial. Utilisez votre jugement.<\/p>\n<p>\u00ab\u00a0Trop de PDA dans un espace public, c&rsquo;est un peu subjectif, j&rsquo;ai l&rsquo;impression\u00a0\u00bb, a d\u00e9clar\u00e9 Melissa Porcaro, une Floridienne de 27 ans. \u00abJe m&rsquo;attendrais \u00e0 voir un peu plus de PDA au bar qu&rsquo;au centre commercial ou au restaurant. Je pense qu&rsquo;on s&rsquo;attendrait \u00e9galement davantage \u00e0 voir des PDA de la part de jeunes lyc\u00e9ens au centre commercial, puisque c&rsquo;est probablement l&rsquo;un des seuls endroits o\u00f9 ils sont autoris\u00e9s \u00e0 aller. \u00ab\u00a0Trop\u00a0\u00bb de PDA commence par n&rsquo;importe quoi en pantalon, \u00e0 mon avis. Gardez vos mains visibles et il n&rsquo;y aura aucun probl\u00e8me !<\/p>\n<p>Si vous devez absolument vous faire des bisous, attendez que personne ne vous regarde, que vous reveniez \u00e0 la voiture ou que vous trouviez une zone plus isol\u00e9e du parc, du centre commercial ou du lieu o\u00f9 vous vous trouvez. Une astuce consiste \u00e0 conserver tous vos t\u00e2tonnements pour votre dernier au revoir. Les gens ont tendance \u00e0 \u00eatre plus indulgents envers le PDA si vous et votre partenaire vous s\u00e9parez par la suite. <\/p>\n","protected":false},"excerpt":{"rendered":"<p>Pour d\u00e9terminer la quantit\u00e9 de PDA avec laquelle vous pouvez vous en sortir, laissez votre environnement vous guider. Les d\u00e9monstrations publiques d\u2019affection ont longtemps \u00e9t\u00e9<\/p>\n","protected":false},"author":1,"featured_media":1905,"comment_status":"","ping_status":"","sticky":false,"template":"","format":"standard","meta":{"footnotes":""},"categories":[42],"tags":[2602,2603,2604,656],"class_list":["post-1904","post","type-post","status-publish","format-standard","has-post-thumbnail","hentry","category-relations","tag-combien","tag-pda","tag-represente","tag-trop","generate-columns","tablet-grid-50","mobile-grid-100","grid-parent","grid-33"],"yoast_head":"<!-- This site is optimized with the Yoast SEO plugin v24.0 - https:\/\/yoast.com\/wordpress\/plugins\/seo\/ -->\n<title>Combien de PDA repr\u00e9sente trop de PDA\u00a0? | Vie Associative<\/title>\n<meta name=\"robots\" content=\"index, follow, max-snippet:-1, max-image-preview:large, max-video-preview:-1\" \/>\n<link rel=\"canonical\" href=\"https:\/\/vieassociative.be\/actualites\/combien-de-pda-represente-trop-de-pda\/\" \/>\n<meta property=\"og:locale\" content=\"fr_FR\" \/>\n<meta property=\"og:type\" content=\"article\" \/>\n<meta property=\"og:title\" content=\"Combien de PDA repr\u00e9sente trop de PDA\u00a0? | Vie Associative\" \/>\n<meta property=\"og:description\" content=\"Pour d\u00e9terminer la quantit\u00e9 de PDA avec laquelle vous pouvez vous en sortir, laissez votre environnement vous guider. Les d\u00e9monstrations publiques d\u2019affection ont longtemps \u00e9t\u00e9\" \/>\n<meta property=\"og:url\" content=\"https:\/\/vieassociative.be\/actualites\/combien-de-pda-represente-trop-de-pda\/\" \/>\n<meta property=\"og:site_name\" content=\"Vie Associative\" \/>\n<meta property=\"article:published_time\" content=\"2024-11-01T12:17:23+00:00\" \/>\n<meta property=\"og:image\" content=\"https:\/\/vieassociative.be\/actualites\/wp-content\/uploads\/2024\/09\/header_backgroundk-01-e1726694325946.png\" \/>\n\t<meta property=\"og:image:width\" content=\"279\" \/>\n\t<meta property=\"og:image:height\" content=\"92\" \/>\n\t<meta property=\"og:image:type\" content=\"image\/png\" \/>\n<meta name=\"author\" content=\"Julien\" \/>\n<meta name=\"twitter:card\" content=\"summary_large_image\" \/>\n<meta name=\"twitter:label1\" content=\"\u00c9crit par\" \/>\n\t<meta name=\"twitter:data1\" content=\"Julien\" \/>\n\t<meta name=\"twitter:label2\" content=\"Dur\u00e9e de lecture est.\" \/>\n\t<meta name=\"twitter:data2\" content=\"6 minutes\" \/>\n<script type=\"application\/ld+json\" class=\"yoast-schema-graph\">{\"@context\":\"https:\/\/schema.org\",\"@graph\":[{\"@type\":\"Article\",\"@id\":\"https:\/\/vieassociative.be\/actualites\/combien-de-pda-represente-trop-de-pda\/#article\",\"isPartOf\":{\"@id\":\"https:\/\/vieassociative.be\/actualites\/combien-de-pda-represente-trop-de-pda\/\"},\"author\":{\"name\":\"Julien\",\"@id\":\"https:\/\/vieassociative.be\/actualites\/#\/schema\/person\/b87ac4f82f9d4e7b7cec7395b679edc4\"},\"headline\":\"Combien de PDA repr\u00e9sente trop de PDA\u00a0?\",\"datePublished\":\"2024-11-01T12:17:23+00:00\",\"dateModified\":\"2024-11-01T12:17:23+00:00\",\"mainEntityOfPage\":{\"@id\":\"https:\/\/vieassociative.be\/actualites\/combien-de-pda-represente-trop-de-pda\/\"},\"wordCount\":1193,\"publisher\":{\"@id\":\"https:\/\/vieassociative.be\/actualites\/#organization\"},\"image\":{\"@id\":\"https:\/\/vieassociative.be\/actualites\/combien-de-pda-represente-trop-de-pda\/#primaryimage\"},\"thumbnailUrl\":\"https:\/\/vieassociative.be\/actualites\/wp-content\/uploads\/2024\/11\/Combien-de-PDA-represente-trop-de-PDA.jpg\",\"keywords\":[\"Combien\",\"PDA\",\"repr\u00e9sente\",\"trop\"],\"articleSection\":[\"Relations\"],\"inLanguage\":\"fr-BE\"},{\"@type\":\"WebPage\",\"@id\":\"https:\/\/vieassociative.be\/actualites\/combien-de-pda-represente-trop-de-pda\/\",\"url\":\"https:\/\/vieassociative.be\/actualites\/combien-de-pda-represente-trop-de-pda\/\",\"name\":\"Combien de PDA repr\u00e9sente trop de PDA\u00a0? | Vie Associative\",\"isPartOf\":{\"@id\":\"https:\/\/vieassociative.be\/actualites\/#website\"},\"primaryImageOfPage\":{\"@id\":\"https:\/\/vieassociative.be\/actualites\/combien-de-pda-represente-trop-de-pda\/#primaryimage\"},\"image\":{\"@id\":\"https:\/\/vieassociative.be\/actualites\/combien-de-pda-represente-trop-de-pda\/#primaryimage\"},\"thumbnailUrl\":\"https:\/\/vieassociative.be\/actualites\/wp-content\/uploads\/2024\/11\/Combien-de-PDA-represente-trop-de-PDA.jpg\",\"datePublished\":\"2024-11-01T12:17:23+00:00\",\"dateModified\":\"2024-11-01T12:17:23+00:00\",\"breadcrumb\":{\"@id\":\"https:\/\/vieassociative.be\/actualites\/combien-de-pda-represente-trop-de-pda\/#breadcrumb\"},\"inLanguage\":\"fr-BE\",\"potentialAction\":[{\"@type\":\"ReadAction\",\"target\":[\"https:\/\/vieassociative.be\/actualites\/combien-de-pda-represente-trop-de-pda\/\"]}]},{\"@type\":\"ImageObject\",\"inLanguage\":\"fr-BE\",\"@id\":\"https:\/\/vieassociative.be\/actualites\/combien-de-pda-represente-trop-de-pda\/#primaryimage\",\"url\":\"https:\/\/vieassociative.be\/actualites\/wp-content\/uploads\/2024\/11\/Combien-de-PDA-represente-trop-de-PDA.jpg\",\"contentUrl\":\"https:\/\/vieassociative.be\/actualites\/wp-content\/uploads\/2024\/11\/Combien-de-PDA-represente-trop-de-PDA.jpg\",\"width\":1200,\"height\":675,\"caption\":\"Combien de PDA repr\u00e9sente trop de PDA\u00a0?\"},{\"@type\":\"BreadcrumbList\",\"@id\":\"https:\/\/vieassociative.be\/actualites\/combien-de-pda-represente-trop-de-pda\/#breadcrumb\",\"itemListElement\":[{\"@type\":\"ListItem\",\"position\":1,\"name\":\"Accueil\",\"item\":\"https:\/\/vieassociative.be\/actualites\/\"},{\"@type\":\"ListItem\",\"position\":2,\"name\":\"Combien de PDA repr\u00e9sente trop de PDA\u00a0?\"}]},{\"@type\":\"WebSite\",\"@id\":\"https:\/\/vieassociative.be\/actualites\/#website\",\"url\":\"https:\/\/vieassociative.be\/actualites\/\",\"name\":\"Vie Associative\",\"description\":\"\",\"publisher\":{\"@id\":\"https:\/\/vieassociative.be\/actualites\/#organization\"},\"potentialAction\":[{\"@type\":\"SearchAction\",\"target\":{\"@type\":\"EntryPoint\",\"urlTemplate\":\"https:\/\/vieassociative.be\/actualites\/?s={search_term_string}\"},\"query-input\":{\"@type\":\"PropertyValueSpecification\",\"valueRequired\":true,\"valueName\":\"search_term_string\"}}],\"inLanguage\":\"fr-BE\"},{\"@type\":\"Organization\",\"@id\":\"https:\/\/vieassociative.be\/actualites\/#organization\",\"name\":\"Vie Associative\",\"url\":\"https:\/\/vieassociative.be\/actualites\/\",\"logo\":{\"@type\":\"ImageObject\",\"inLanguage\":\"fr-BE\",\"@id\":\"https:\/\/vieassociative.be\/actualites\/#\/schema\/logo\/image\/\",\"url\":\"https:\/\/vieassociative.be\/actualites\/wp-content\/uploads\/2024\/09\/cropped-vieassociative_favicon.ico.png\",\"contentUrl\":\"https:\/\/vieassociative.be\/actualites\/wp-content\/uploads\/2024\/09\/cropped-vieassociative_favicon.ico.png\",\"width\":512,\"height\":512,\"caption\":\"Vie Associative\"},\"image\":{\"@id\":\"https:\/\/vieassociative.be\/actualites\/#\/schema\/logo\/image\/\"}},{\"@type\":\"Person\",\"@id\":\"https:\/\/vieassociative.be\/actualites\/#\/schema\/person\/b87ac4f82f9d4e7b7cec7395b679edc4\",\"name\":\"Julien\",\"image\":{\"@type\":\"ImageObject\",\"inLanguage\":\"fr-BE\",\"@id\":\"https:\/\/vieassociative.be\/actualites\/#\/schema\/person\/image\/\",\"url\":\"https:\/\/vieassociative.be\/actualites\/wp-content\/uploads\/2024\/09\/vie-associative-1-150x150.jpg\",\"contentUrl\":\"https:\/\/vieassociative.be\/actualites\/wp-content\/uploads\/2024\/09\/vie-associative-1-150x150.jpg\",\"caption\":\"Julien\"},\"description\":\"Je suis Julien, r\u00e9dacteur pour Vie Associative. Passionn\u00e9 par le monde associatif depuis plus de 10 ans, j'ai \u00e0 c\u0153ur de partager des histoires inspirantes et de mettre en lumi\u00e8re les initiatives locales. Mon objectif est de sensibiliser et d'encourager l'engagement communautaire \u00e0 travers mes articles.\",\"sameAs\":[\"https:\/\/vieassociative.be\/\"]}]}<\/script>\n<!-- \/ Yoast SEO plugin. -->","yoast_head_json":{"title":"Combien de PDA repr\u00e9sente trop de PDA\u00a0? | Vie Associative","robots":{"index":"index","follow":"follow","max-snippet":"max-snippet:-1","max-image-preview":"max-image-preview:large","max-video-preview":"max-video-preview:-1"},"canonical":"https:\/\/vieassociative.be\/actualites\/combien-de-pda-represente-trop-de-pda\/","og_locale":"fr_FR","og_type":"article","og_title":"Combien de PDA repr\u00e9sente trop de PDA\u00a0? | Vie Associative","og_description":"Pour d\u00e9terminer la quantit\u00e9 de PDA avec laquelle vous pouvez vous en sortir, laissez votre environnement vous guider. Les d\u00e9monstrations publiques d\u2019affection ont longtemps \u00e9t\u00e9","og_url":"https:\/\/vieassociative.be\/actualites\/combien-de-pda-represente-trop-de-pda\/","og_site_name":"Vie Associative","article_published_time":"2024-11-01T12:17:23+00:00","og_image":[{"width":279,"height":92,"url":"https:\/\/vieassociative.be\/actualites\/wp-content\/uploads\/2024\/09\/header_backgroundk-01-e1726694325946.png","type":"image\/png"}],"author":"Julien","twitter_card":"summary_large_image","twitter_misc":{"\u00c9crit par":"Julien","Dur\u00e9e de lecture est.":"6 minutes"},"schema":{"@context":"https:\/\/schema.org","@graph":[{"@type":"Article","@id":"https:\/\/vieassociative.be\/actualites\/combien-de-pda-represente-trop-de-pda\/#article","isPartOf":{"@id":"https:\/\/vieassociative.be\/actualites\/combien-de-pda-represente-trop-de-pda\/"},"author":{"name":"Julien","@id":"https:\/\/vieassociative.be\/actualites\/#\/schema\/person\/b87ac4f82f9d4e7b7cec7395b679edc4"},"headline":"Combien de PDA repr\u00e9sente trop de PDA\u00a0?","datePublished":"2024-11-01T12:17:23+00:00","dateModified":"2024-11-01T12:17:23+00:00","mainEntityOfPage":{"@id":"https:\/\/vieassociative.be\/actualites\/combien-de-pda-represente-trop-de-pda\/"},"wordCount":1193,"publisher":{"@id":"https:\/\/vieassociative.be\/actualites\/#organization"},"image":{"@id":"https:\/\/vieassociative.be\/actualites\/combien-de-pda-represente-trop-de-pda\/#primaryimage"},"thumbnailUrl":"https:\/\/vieassociative.be\/actualites\/wp-content\/uploads\/2024\/11\/Combien-de-PDA-represente-trop-de-PDA.jpg","keywords":["Combien","PDA","repr\u00e9sente","trop"],"articleSection":["Relations"],"inLanguage":"fr-BE"},{"@type":"WebPage","@id":"https:\/\/vieassociative.be\/actualites\/combien-de-pda-represente-trop-de-pda\/","url":"https:\/\/vieassociative.be\/actualites\/combien-de-pda-represente-trop-de-pda\/","name":"Combien de PDA repr\u00e9sente trop de PDA\u00a0? | Vie Associative","isPartOf":{"@id":"https:\/\/vieassociative.be\/actualites\/#website"},"primaryImageOfPage":{"@id":"https:\/\/vieassociative.be\/actualites\/combien-de-pda-represente-trop-de-pda\/#primaryimage"},"image":{"@id":"https:\/\/vieassociative.be\/actualites\/combien-de-pda-represente-trop-de-pda\/#primaryimage"},"thumbnailUrl":"https:\/\/vieassociative.be\/actualites\/wp-content\/uploads\/2024\/11\/Combien-de-PDA-represente-trop-de-PDA.jpg","datePublished":"2024-11-01T12:17:23+00:00","dateModified":"2024-11-01T12:17:23+00:00","breadcrumb":{"@id":"https:\/\/vieassociative.be\/actualites\/combien-de-pda-represente-trop-de-pda\/#breadcrumb"},"inLanguage":"fr-BE","potentialAction":[{"@type":"ReadAction","target":["https:\/\/vieassociative.be\/actualites\/combien-de-pda-represente-trop-de-pda\/"]}]},{"@type":"ImageObject","inLanguage":"fr-BE","@id":"https:\/\/vieassociative.be\/actualites\/combien-de-pda-represente-trop-de-pda\/#primaryimage","url":"https:\/\/vieassociative.be\/actualites\/wp-content\/uploads\/2024\/11\/Combien-de-PDA-represente-trop-de-PDA.jpg","contentUrl":"https:\/\/vieassociative.be\/actualites\/wp-content\/uploads\/2024\/11\/Combien-de-PDA-represente-trop-de-PDA.jpg","width":1200,"height":675,"caption":"Combien de PDA repr\u00e9sente trop de PDA\u00a0?"},{"@type":"BreadcrumbList","@id":"https:\/\/vieassociative.be\/actualites\/combien-de-pda-represente-trop-de-pda\/#breadcrumb","itemListElement":[{"@type":"ListItem","position":1,"name":"Accueil","item":"https:\/\/vieassociative.be\/actualites\/"},{"@type":"ListItem","position":2,"name":"Combien de PDA repr\u00e9sente trop de PDA\u00a0?"}]},{"@type":"WebSite","@id":"https:\/\/vieassociative.be\/actualites\/#website","url":"https:\/\/vieassociative.be\/actualites\/","name":"Vie Associative","description":"","publisher":{"@id":"https:\/\/vieassociative.be\/actualites\/#organization"},"potentialAction":[{"@type":"SearchAction","target":{"@type":"EntryPoint","urlTemplate":"https:\/\/vieassociative.be\/actualites\/?s={search_term_string}"},"query-input":{"@type":"PropertyValueSpecification","valueRequired":true,"valueName":"search_term_string"}}],"inLanguage":"fr-BE"},{"@type":"Organization","@id":"https:\/\/vieassociative.be\/actualites\/#organization","name":"Vie Associative","url":"https:\/\/vieassociative.be\/actualites\/","logo":{"@type":"ImageObject","inLanguage":"fr-BE","@id":"https:\/\/vieassociative.be\/actualites\/#\/schema\/logo\/image\/","url":"https:\/\/vieassociative.be\/actualites\/wp-content\/uploads\/2024\/09\/cropped-vieassociative_favicon.ico.png","contentUrl":"https:\/\/vieassociative.be\/actualites\/wp-content\/uploads\/2024\/09\/cropped-vieassociative_favicon.ico.png","width":512,"height":512,"caption":"Vie Associative"},"image":{"@id":"https:\/\/vieassociative.be\/actualites\/#\/schema\/logo\/image\/"}},{"@type":"Person","@id":"https:\/\/vieassociative.be\/actualites\/#\/schema\/person\/b87ac4f82f9d4e7b7cec7395b679edc4","name":"Julien","image":{"@type":"ImageObject","inLanguage":"fr-BE","@id":"https:\/\/vieassociative.be\/actualites\/#\/schema\/person\/image\/","url":"https:\/\/vieassociative.be\/actualites\/wp-content\/uploads\/2024\/09\/vie-associative-1-150x150.jpg","contentUrl":"https:\/\/vieassociative.be\/actualites\/wp-content\/uploads\/2024\/09\/vie-associative-1-150x150.jpg","caption":"Julien"},"description":"Je suis Julien, r\u00e9dacteur pour Vie Associative. Passionn\u00e9 par le monde associatif depuis plus de 10 ans, j'ai \u00e0 c\u0153ur de partager des histoires inspirantes et de mettre en lumi\u00e8re les initiatives locales. Mon objectif est de sensibiliser et d'encourager l'engagement communautaire \u00e0 travers mes articles.","sameAs":["https:\/\/vieassociative.be\/"]}]}},"_links":{"self":[{"href":"https:\/\/vieassociative.be\/actualites\/wp-json\/wp\/v2\/posts\/1904"}],"collection":[{"href":"https:\/\/vieassociative.be\/actualites\/wp-json\/wp\/v2\/posts"}],"about":[{"href":"https:\/\/vieassociative.be\/actualites\/wp-json\/wp\/v2\/types\/post"}],"author":[{"embeddable":true,"href":"https:\/\/vieassociative.be\/actualites\/wp-json\/wp\/v2\/users\/1"}],"replies":[{"embeddable":true,"href":"https:\/\/vieassociative.be\/actualites\/wp-json\/wp\/v2\/comments?post=1904"}],"version-history":[{"count":0,"href":"https:\/\/vieassociative.be\/actualites\/wp-json\/wp\/v2\/posts\/1904\/revisions"}],"wp:featuredmedia":[{"embeddable":true,"href":"https:\/\/vieassociative.be\/actualites\/wp-json\/wp\/v2\/media\/1905"}],"wp:attachment":[{"href":"https:\/\/vieassociative.be\/actualites\/wp-json\/wp\/v2\/media?parent=1904"}],"wp:term":[{"taxonomy":"category","embeddable":true,"href":"https:\/\/vieassociative.be\/actualites\/wp-json\/wp\/v2\/categories?post=1904"},{"taxonomy":"post_tag","embeddable":true,"href":"https:\/\/vieassociative.be\/actualites\/wp-json\/wp\/v2\/tags?post=1904"}],"curies":[{"name":"wp","href":"https:\/\/api.w.org\/{rel}","templated":true}]}}