{"id":1884,"date":"2024-11-01T00:18:16","date_gmt":"2024-10-31T23:18:16","guid":{"rendered":"https:\/\/vieassociative.be\/actualites\/huit-signes-indiquant-que-votre-enfant-manque-dattention\/"},"modified":"2024-11-01T00:18:16","modified_gmt":"2024-10-31T23:18:16","slug":"huit-signes-indiquant-que-votre-enfant-manque-dattention","status":"publish","type":"post","link":"https:\/\/vieassociative.be\/actualites\/huit-signes-indiquant-que-votre-enfant-manque-dattention\/","title":{"rendered":"Huit signes indiquant que votre enfant manque d&rsquo;attention"},"content":{"rendered":"<div class=\"mt-4 leading-6 md:mb-8\">Ils proposent toute une gamme d\u2019options, notamment des spectacles de cascades et des drames.<\/div>\n<p><\/p>\n<p>Cela semble toujours arriver au pire moment : nos enfants font des b\u00eatises au moment o\u00f9 les choses deviennent stressantes ou occup\u00e9es. Et parce que nous sommes tellement occup\u00e9s par notre carri\u00e8re, en pr\u00e9parant le d\u00eener ou simplement en essayant de nous d\u00e9tendre apr\u00e8s une journ\u00e9e difficile, nous n\u00e9gligeons la raison de ce mauvais comportement : leur besoin de toute notre attention. <\/p>\n<p>Lorsque nous refusons le d\u00e9sir de notre enfant de s&rsquo;engager, il partage ses sentiments concernant notre rejet de mani\u00e8re \u00e0 garantir qu&rsquo;il soit vu. <em>et<\/em> entendu. Pour vous aider \u00e0 savoir quand vos enfants ont besoin que vous vous concentriez sur eux pendant quelques minutes, il y a certains comportements \u00e0 surveiller. <\/p>\n<h2 id=\"they-get-bold-and-confrontational\">Ils deviennent audacieux et conflictuels<\/h2>\n<p>C\u2019est probablement le comportement le plus facile \u00e0 rep\u00e9rer car il implique des jouets lanc\u00e9s et un comportement casse-cou clairement destin\u00e9 \u00e0 vous inciter \u00e0 y pr\u00eater attention. Mais avant que votre petit Evel Knievel ne se casse un bras \u00e0 cause de sa prochaine plong\u00e9e hors de votre canap\u00e9, pr\u00e9voyez environ 10 \u00e0 20 minutes de temps en t\u00eate-\u00e0-t\u00eate pour cr\u00e9er des liens.<\/p>\n<h2 id=\"moving-in-slow-motion\">Se d\u00e9placer au ralenti<\/h2>\n<p>Les enfants n&rsquo;ont aucune notion du temps, ce que peut vous dire tout parent qui a essay\u00e9 d&rsquo;habiller ses enfants pour l&rsquo;\u00e9cole. Les pr\u00e9parer \u00e0 aller au lit n&rsquo;est pas non plus une partie de plaisir, ce qui peut augmenter leur niveau de stress (et le v\u00f4tre) lorsqu&rsquo;ils sont cens\u00e9s se d\u00e9tendre. Leur ignorance du fonctionnement des minutes et des secondes permet aux enfants de contr\u00f4ler l\u2019horloge et de passer plus de temps avec vous. J&rsquo;ai combattu ce comportement en faisant de ce moment un jeu, la r\u00e9compense \u00e9tant du temps d&rsquo;\u00e9cran suppl\u00e9mentaire ou plus de temps pour lire. Je suis toujours surpris de la rapidit\u00e9 avec laquelle ils bougent lorsqu&rsquo;on leur donne la motivation n\u00e9cessaire.<\/p>\n<h2 id=\"they-want-to-pull-an-all-nighter\">Ils veulent passer une nuit blanche<\/h2>\n<p>C&rsquo;est une r\u00e9currence quotidienne dans notre maison : apr\u00e8s avoir couch\u00e9 nos gar\u00e7ons et commenc\u00e9 \u00e0 d\u00e9compresser, notre plus jeune doit utiliser le pot cinq minutes apr\u00e8s son d\u00e9part. Ensuite, il y a une demande de c\u00e2lins apr\u00e8s qu\u2019il se soit lav\u00e9 les mains. Nous avons trouv\u00e9 la solution : un temps de liaison suppl\u00e9mentaire avant de se coucher ou une m\u00e9ditation guid\u00e9e dirig\u00e9e par l&rsquo;un de nous pour les aider \u00e0 se d\u00e9tendre (et leur accorder l&rsquo;attention dont ils ont besoin).<\/p>\n<h2 id=\"knowingly-interrupting-you\">Vous interrompre sciemment <\/h2>\n<p>Les discussions \u00e0 l\u2019heure du d\u00eener peuvent \u00eatre amusantes chez nous. Mais lorsque ma femme et moi nous concentrons l&rsquo;un sur l&rsquo;autre, l&rsquo;un de mes fils a soudainement envie de nous raconter une blague, mettant ainsi fin \u00e0 notre conversation. Une fa\u00e7on de lutter contre ce comportement est de se concentrer sur eux pendant quelques minutes suppl\u00e9mentaires et de les amener \u00e0 parler ouvertement de leur journ\u00e9e d&rsquo;\u00e9cole, ce qui a donn\u00e9 lieu \u00e0 de belles conversations.<\/p>\n<h2 id=\"i-need-help\">\u00ab\u00a0J&rsquo;ai besoin d&rsquo;aide!\u00a0\u00bb<\/h2>\n<p>Lorsque les enfants veulent passer plus de temps avec vous, leur esprit a tendance \u00e0 devenir vide, ce qui les am\u00e8ne \u00e0 oublier soudainement comment s&rsquo;habiller, se brosser les dents et effectuer d&rsquo;autres t\u00e2ches simples qu&rsquo;ils effectuent sans aide depuis des mois. La fa\u00e7on de rafra\u00eechir leur m\u00e9moire est de les f\u00e9liciter tout au long de la journ\u00e9e pour avoir agi de mani\u00e8re ind\u00e9pendante, en leur accordant l&rsquo;attention dont ils ont besoin et en leur permettant d&rsquo;accro\u00eetre leur comportement autonome.<\/p>\n<h2 id=\"telling-tall-tales\">Raconter des histoires<\/h2>\n<p>Mon plus jeune enfant est un v\u00e9ritable conteur. Parfois, il invente une fiction \u00e9labor\u00e9e en parlant de sa journ\u00e9e. La bonne nouvelle est que raconter des histoires fait partie du d\u00e9veloppement normal d\u2019un enfant. Ils ne sont pas non plus conscients des cons\u00e9quences du mensonge, car il est difficile de faire la diff\u00e9rence entre ce qui est r\u00e9el et imaginaire \u00e0 un jeune \u00e2ge. Ils veulent vous plaire. N&rsquo;essayez pas de le surprendre en train de mentir, mais essayez plut\u00f4t de comprendre ce qu&rsquo;il ressent. <\/p>\n<h2 id=\"getting-dramatic\">Devenir dramatique<\/h2>\n<p>Pr\u00e9parer mes fils pour les cours de natation peut parfois devenir une pi\u00e8ce nomin\u00e9e aux Tony et remplie de performances \u00e9motionnelles. S\u2019ils ont du mal \u00e0 enfiler leur malle, les travaux d\u2019adduction d\u2019eau commencent. Je les ai rassur\u00e9s en leur disant que je m&rsquo;en soucie et que je travaille dur pour r\u00e9soudre leur probl\u00e8me, ce qui aide g\u00e9n\u00e9ralement les larmes \u00e0 s&rsquo;arr\u00eater. De plus, leur demander ce sur quoi ils veulent travailler pendant leur cours montre que je m&rsquo;int\u00e9resse \u00e0 leur vie et que je me soucie de leurs objectifs. <\/p>\n<h2 id=\"i-hate-you\">\u00ab\u00a0Je te d\u00e9teste!\u00a0\u00bb<\/h2>\n<p>Il y a de fortes chances que vous entendiez beaucoup cette phrase au cours de votre carri\u00e8re parentale. Les enfants disent des choses m\u00e9chantes pour attirer votre attention et vous \u00e9lever, il est donc important de ne pas r\u00e9agir durement. Combattez cela en montrant \u00e0 quel point vous vous souciez de vos enfants avec des c\u00e2lins, des notes dans leur bo\u00eete \u00e0 lunch ou en commen\u00e7ant la journ\u00e9e avec un ou deux mots positifs. <\/p>\n","protected":false},"excerpt":{"rendered":"<p>Ils proposent toute une gamme d\u2019options, notamment des spectacles de cascades et des drames. Cela semble toujours arriver au pire moment : nos enfants font<\/p>\n","protected":false},"author":1,"featured_media":1885,"comment_status":"","ping_status":"","sticky":false,"template":"","format":"standard","meta":{"footnotes":""},"categories":[37],"tags":[739,295,78,2573,2574,1140,8],"class_list":["post-1884","post","type-post","status-publish","format-standard","has-post-thumbnail","hentry","category-famille","tag-dattention","tag-enfant","tag-huit","tag-indiquant","tag-manque","tag-signes","tag-votre","generate-columns","tablet-grid-50","mobile-grid-100","grid-parent","grid-33"],"yoast_head":"<!-- This site is optimized with the Yoast SEO plugin v24.0 - https:\/\/yoast.com\/wordpress\/plugins\/seo\/ -->\n<title>Huit signes indiquant que votre enfant manque d&#039;attention | Vie Associative<\/title>\n<meta name=\"robots\" content=\"index, follow, max-snippet:-1, max-image-preview:large, max-video-preview:-1\" \/>\n<link rel=\"canonical\" href=\"https:\/\/vieassociative.be\/actualites\/huit-signes-indiquant-que-votre-enfant-manque-dattention\/\" \/>\n<meta property=\"og:locale\" content=\"fr_FR\" \/>\n<meta property=\"og:type\" content=\"article\" \/>\n<meta property=\"og:title\" content=\"Huit signes indiquant que votre enfant manque d&#039;attention | Vie Associative\" \/>\n<meta property=\"og:description\" content=\"Ils proposent toute une gamme d\u2019options, notamment des spectacles de cascades et des drames. Cela semble toujours arriver au pire moment : nos enfants font\" \/>\n<meta property=\"og:url\" content=\"https:\/\/vieassociative.be\/actualites\/huit-signes-indiquant-que-votre-enfant-manque-dattention\/\" \/>\n<meta property=\"og:site_name\" content=\"Vie Associative\" \/>\n<meta property=\"article:published_time\" content=\"2024-10-31T23:18:16+00:00\" \/>\n<meta property=\"og:image\" content=\"https:\/\/vieassociative.be\/actualites\/wp-content\/uploads\/2024\/09\/header_backgroundk-01-e1726694325946.png\" \/>\n\t<meta property=\"og:image:width\" content=\"279\" \/>\n\t<meta property=\"og:image:height\" content=\"92\" \/>\n\t<meta property=\"og:image:type\" content=\"image\/png\" \/>\n<meta name=\"author\" content=\"Julien\" \/>\n<meta name=\"twitter:card\" content=\"summary_large_image\" \/>\n<meta name=\"twitter:label1\" content=\"\u00c9crit par\" \/>\n\t<meta name=\"twitter:data1\" content=\"Julien\" \/>\n\t<meta name=\"twitter:label2\" content=\"Dur\u00e9e de lecture est.\" \/>\n\t<meta name=\"twitter:data2\" content=\"4 minutes\" \/>\n<script type=\"application\/ld+json\" class=\"yoast-schema-graph\">{\"@context\":\"https:\/\/schema.org\",\"@graph\":[{\"@type\":\"Article\",\"@id\":\"https:\/\/vieassociative.be\/actualites\/huit-signes-indiquant-que-votre-enfant-manque-dattention\/#article\",\"isPartOf\":{\"@id\":\"https:\/\/vieassociative.be\/actualites\/huit-signes-indiquant-que-votre-enfant-manque-dattention\/\"},\"author\":{\"name\":\"Julien\",\"@id\":\"https:\/\/vieassociative.be\/actualites\/#\/schema\/person\/b87ac4f82f9d4e7b7cec7395b679edc4\"},\"headline\":\"Huit signes indiquant que votre enfant manque d&rsquo;attention\",\"datePublished\":\"2024-10-31T23:18:16+00:00\",\"dateModified\":\"2024-10-31T23:18:16+00:00\",\"mainEntityOfPage\":{\"@id\":\"https:\/\/vieassociative.be\/actualites\/huit-signes-indiquant-que-votre-enfant-manque-dattention\/\"},\"wordCount\":926,\"publisher\":{\"@id\":\"https:\/\/vieassociative.be\/actualites\/#organization\"},\"image\":{\"@id\":\"https:\/\/vieassociative.be\/actualites\/huit-signes-indiquant-que-votre-enfant-manque-dattention\/#primaryimage\"},\"thumbnailUrl\":\"https:\/\/vieassociative.be\/actualites\/wp-content\/uploads\/2024\/11\/Huit-signes-indiquant-que-votre-enfant-manque-dattention.jpg\",\"keywords\":[\"dattention\",\"enfant\",\"Huit\",\"indiquant\",\"manque\",\"signes\",\"votre\"],\"articleSection\":[\"Famille\"],\"inLanguage\":\"fr-BE\"},{\"@type\":\"WebPage\",\"@id\":\"https:\/\/vieassociative.be\/actualites\/huit-signes-indiquant-que-votre-enfant-manque-dattention\/\",\"url\":\"https:\/\/vieassociative.be\/actualites\/huit-signes-indiquant-que-votre-enfant-manque-dattention\/\",\"name\":\"Huit signes indiquant que votre enfant manque d'attention | Vie Associative\",\"isPartOf\":{\"@id\":\"https:\/\/vieassociative.be\/actualites\/#website\"},\"primaryImageOfPage\":{\"@id\":\"https:\/\/vieassociative.be\/actualites\/huit-signes-indiquant-que-votre-enfant-manque-dattention\/#primaryimage\"},\"image\":{\"@id\":\"https:\/\/vieassociative.be\/actualites\/huit-signes-indiquant-que-votre-enfant-manque-dattention\/#primaryimage\"},\"thumbnailUrl\":\"https:\/\/vieassociative.be\/actualites\/wp-content\/uploads\/2024\/11\/Huit-signes-indiquant-que-votre-enfant-manque-dattention.jpg\",\"datePublished\":\"2024-10-31T23:18:16+00:00\",\"dateModified\":\"2024-10-31T23:18:16+00:00\",\"breadcrumb\":{\"@id\":\"https:\/\/vieassociative.be\/actualites\/huit-signes-indiquant-que-votre-enfant-manque-dattention\/#breadcrumb\"},\"inLanguage\":\"fr-BE\",\"potentialAction\":[{\"@type\":\"ReadAction\",\"target\":[\"https:\/\/vieassociative.be\/actualites\/huit-signes-indiquant-que-votre-enfant-manque-dattention\/\"]}]},{\"@type\":\"ImageObject\",\"inLanguage\":\"fr-BE\",\"@id\":\"https:\/\/vieassociative.be\/actualites\/huit-signes-indiquant-que-votre-enfant-manque-dattention\/#primaryimage\",\"url\":\"https:\/\/vieassociative.be\/actualites\/wp-content\/uploads\/2024\/11\/Huit-signes-indiquant-que-votre-enfant-manque-dattention.jpg\",\"contentUrl\":\"https:\/\/vieassociative.be\/actualites\/wp-content\/uploads\/2024\/11\/Huit-signes-indiquant-que-votre-enfant-manque-dattention.jpg\",\"width\":1200,\"height\":675,\"caption\":\"Huit signes indiquant que votre enfant manque d'attention\"},{\"@type\":\"BreadcrumbList\",\"@id\":\"https:\/\/vieassociative.be\/actualites\/huit-signes-indiquant-que-votre-enfant-manque-dattention\/#breadcrumb\",\"itemListElement\":[{\"@type\":\"ListItem\",\"position\":1,\"name\":\"Accueil\",\"item\":\"https:\/\/vieassociative.be\/actualites\/\"},{\"@type\":\"ListItem\",\"position\":2,\"name\":\"Huit signes indiquant que votre enfant manque d&rsquo;attention\"}]},{\"@type\":\"WebSite\",\"@id\":\"https:\/\/vieassociative.be\/actualites\/#website\",\"url\":\"https:\/\/vieassociative.be\/actualites\/\",\"name\":\"Vie Associative\",\"description\":\"\",\"publisher\":{\"@id\":\"https:\/\/vieassociative.be\/actualites\/#organization\"},\"potentialAction\":[{\"@type\":\"SearchAction\",\"target\":{\"@type\":\"EntryPoint\",\"urlTemplate\":\"https:\/\/vieassociative.be\/actualites\/?s={search_term_string}\"},\"query-input\":{\"@type\":\"PropertyValueSpecification\",\"valueRequired\":true,\"valueName\":\"search_term_string\"}}],\"inLanguage\":\"fr-BE\"},{\"@type\":\"Organization\",\"@id\":\"https:\/\/vieassociative.be\/actualites\/#organization\",\"name\":\"Vie Associative\",\"url\":\"https:\/\/vieassociative.be\/actualites\/\",\"logo\":{\"@type\":\"ImageObject\",\"inLanguage\":\"fr-BE\",\"@id\":\"https:\/\/vieassociative.be\/actualites\/#\/schema\/logo\/image\/\",\"url\":\"https:\/\/vieassociative.be\/actualites\/wp-content\/uploads\/2024\/09\/cropped-vieassociative_favicon.ico.png\",\"contentUrl\":\"https:\/\/vieassociative.be\/actualites\/wp-content\/uploads\/2024\/09\/cropped-vieassociative_favicon.ico.png\",\"width\":512,\"height\":512,\"caption\":\"Vie Associative\"},\"image\":{\"@id\":\"https:\/\/vieassociative.be\/actualites\/#\/schema\/logo\/image\/\"}},{\"@type\":\"Person\",\"@id\":\"https:\/\/vieassociative.be\/actualites\/#\/schema\/person\/b87ac4f82f9d4e7b7cec7395b679edc4\",\"name\":\"Julien\",\"image\":{\"@type\":\"ImageObject\",\"inLanguage\":\"fr-BE\",\"@id\":\"https:\/\/vieassociative.be\/actualites\/#\/schema\/person\/image\/\",\"url\":\"https:\/\/vieassociative.be\/actualites\/wp-content\/uploads\/2024\/09\/vie-associative-1-150x150.jpg\",\"contentUrl\":\"https:\/\/vieassociative.be\/actualites\/wp-content\/uploads\/2024\/09\/vie-associative-1-150x150.jpg\",\"caption\":\"Julien\"},\"description\":\"Je suis Julien, r\u00e9dacteur pour Vie Associative. Passionn\u00e9 par le monde associatif depuis plus de 10 ans, j'ai \u00e0 c\u0153ur de partager des histoires inspirantes et de mettre en lumi\u00e8re les initiatives locales. Mon objectif est de sensibiliser et d'encourager l'engagement communautaire \u00e0 travers mes articles.\",\"sameAs\":[\"https:\/\/vieassociative.be\/\"]}]}<\/script>\n<!-- \/ Yoast SEO plugin. -->","yoast_head_json":{"title":"Huit signes indiquant que votre enfant manque d'attention | Vie Associative","robots":{"index":"index","follow":"follow","max-snippet":"max-snippet:-1","max-image-preview":"max-image-preview:large","max-video-preview":"max-video-preview:-1"},"canonical":"https:\/\/vieassociative.be\/actualites\/huit-signes-indiquant-que-votre-enfant-manque-dattention\/","og_locale":"fr_FR","og_type":"article","og_title":"Huit signes indiquant que votre enfant manque d'attention | Vie Associative","og_description":"Ils proposent toute une gamme d\u2019options, notamment des spectacles de cascades et des drames. Cela semble toujours arriver au pire moment : nos enfants font","og_url":"https:\/\/vieassociative.be\/actualites\/huit-signes-indiquant-que-votre-enfant-manque-dattention\/","og_site_name":"Vie Associative","article_published_time":"2024-10-31T23:18:16+00:00","og_image":[{"width":279,"height":92,"url":"https:\/\/vieassociative.be\/actualites\/wp-content\/uploads\/2024\/09\/header_backgroundk-01-e1726694325946.png","type":"image\/png"}],"author":"Julien","twitter_card":"summary_large_image","twitter_misc":{"\u00c9crit par":"Julien","Dur\u00e9e de lecture est.":"4 minutes"},"schema":{"@context":"https:\/\/schema.org","@graph":[{"@type":"Article","@id":"https:\/\/vieassociative.be\/actualites\/huit-signes-indiquant-que-votre-enfant-manque-dattention\/#article","isPartOf":{"@id":"https:\/\/vieassociative.be\/actualites\/huit-signes-indiquant-que-votre-enfant-manque-dattention\/"},"author":{"name":"Julien","@id":"https:\/\/vieassociative.be\/actualites\/#\/schema\/person\/b87ac4f82f9d4e7b7cec7395b679edc4"},"headline":"Huit signes indiquant que votre enfant manque d&rsquo;attention","datePublished":"2024-10-31T23:18:16+00:00","dateModified":"2024-10-31T23:18:16+00:00","mainEntityOfPage":{"@id":"https:\/\/vieassociative.be\/actualites\/huit-signes-indiquant-que-votre-enfant-manque-dattention\/"},"wordCount":926,"publisher":{"@id":"https:\/\/vieassociative.be\/actualites\/#organization"},"image":{"@id":"https:\/\/vieassociative.be\/actualites\/huit-signes-indiquant-que-votre-enfant-manque-dattention\/#primaryimage"},"thumbnailUrl":"https:\/\/vieassociative.be\/actualites\/wp-content\/uploads\/2024\/11\/Huit-signes-indiquant-que-votre-enfant-manque-dattention.jpg","keywords":["dattention","enfant","Huit","indiquant","manque","signes","votre"],"articleSection":["Famille"],"inLanguage":"fr-BE"},{"@type":"WebPage","@id":"https:\/\/vieassociative.be\/actualites\/huit-signes-indiquant-que-votre-enfant-manque-dattention\/","url":"https:\/\/vieassociative.be\/actualites\/huit-signes-indiquant-que-votre-enfant-manque-dattention\/","name":"Huit signes indiquant que votre enfant manque d'attention | Vie Associative","isPartOf":{"@id":"https:\/\/vieassociative.be\/actualites\/#website"},"primaryImageOfPage":{"@id":"https:\/\/vieassociative.be\/actualites\/huit-signes-indiquant-que-votre-enfant-manque-dattention\/#primaryimage"},"image":{"@id":"https:\/\/vieassociative.be\/actualites\/huit-signes-indiquant-que-votre-enfant-manque-dattention\/#primaryimage"},"thumbnailUrl":"https:\/\/vieassociative.be\/actualites\/wp-content\/uploads\/2024\/11\/Huit-signes-indiquant-que-votre-enfant-manque-dattention.jpg","datePublished":"2024-10-31T23:18:16+00:00","dateModified":"2024-10-31T23:18:16+00:00","breadcrumb":{"@id":"https:\/\/vieassociative.be\/actualites\/huit-signes-indiquant-que-votre-enfant-manque-dattention\/#breadcrumb"},"inLanguage":"fr-BE","potentialAction":[{"@type":"ReadAction","target":["https:\/\/vieassociative.be\/actualites\/huit-signes-indiquant-que-votre-enfant-manque-dattention\/"]}]},{"@type":"ImageObject","inLanguage":"fr-BE","@id":"https:\/\/vieassociative.be\/actualites\/huit-signes-indiquant-que-votre-enfant-manque-dattention\/#primaryimage","url":"https:\/\/vieassociative.be\/actualites\/wp-content\/uploads\/2024\/11\/Huit-signes-indiquant-que-votre-enfant-manque-dattention.jpg","contentUrl":"https:\/\/vieassociative.be\/actualites\/wp-content\/uploads\/2024\/11\/Huit-signes-indiquant-que-votre-enfant-manque-dattention.jpg","width":1200,"height":675,"caption":"Huit signes indiquant que votre enfant manque d'attention"},{"@type":"BreadcrumbList","@id":"https:\/\/vieassociative.be\/actualites\/huit-signes-indiquant-que-votre-enfant-manque-dattention\/#breadcrumb","itemListElement":[{"@type":"ListItem","position":1,"name":"Accueil","item":"https:\/\/vieassociative.be\/actualites\/"},{"@type":"ListItem","position":2,"name":"Huit signes indiquant que votre enfant manque d&rsquo;attention"}]},{"@type":"WebSite","@id":"https:\/\/vieassociative.be\/actualites\/#website","url":"https:\/\/vieassociative.be\/actualites\/","name":"Vie Associative","description":"","publisher":{"@id":"https:\/\/vieassociative.be\/actualites\/#organization"},"potentialAction":[{"@type":"SearchAction","target":{"@type":"EntryPoint","urlTemplate":"https:\/\/vieassociative.be\/actualites\/?s={search_term_string}"},"query-input":{"@type":"PropertyValueSpecification","valueRequired":true,"valueName":"search_term_string"}}],"inLanguage":"fr-BE"},{"@type":"Organization","@id":"https:\/\/vieassociative.be\/actualites\/#organization","name":"Vie Associative","url":"https:\/\/vieassociative.be\/actualites\/","logo":{"@type":"ImageObject","inLanguage":"fr-BE","@id":"https:\/\/vieassociative.be\/actualites\/#\/schema\/logo\/image\/","url":"https:\/\/vieassociative.be\/actualites\/wp-content\/uploads\/2024\/09\/cropped-vieassociative_favicon.ico.png","contentUrl":"https:\/\/vieassociative.be\/actualites\/wp-content\/uploads\/2024\/09\/cropped-vieassociative_favicon.ico.png","width":512,"height":512,"caption":"Vie Associative"},"image":{"@id":"https:\/\/vieassociative.be\/actualites\/#\/schema\/logo\/image\/"}},{"@type":"Person","@id":"https:\/\/vieassociative.be\/actualites\/#\/schema\/person\/b87ac4f82f9d4e7b7cec7395b679edc4","name":"Julien","image":{"@type":"ImageObject","inLanguage":"fr-BE","@id":"https:\/\/vieassociative.be\/actualites\/#\/schema\/person\/image\/","url":"https:\/\/vieassociative.be\/actualites\/wp-content\/uploads\/2024\/09\/vie-associative-1-150x150.jpg","contentUrl":"https:\/\/vieassociative.be\/actualites\/wp-content\/uploads\/2024\/09\/vie-associative-1-150x150.jpg","caption":"Julien"},"description":"Je suis Julien, r\u00e9dacteur pour Vie Associative. Passionn\u00e9 par le monde associatif depuis plus de 10 ans, j'ai \u00e0 c\u0153ur de partager des histoires inspirantes et de mettre en lumi\u00e8re les initiatives locales. Mon objectif est de sensibiliser et d'encourager l'engagement communautaire \u00e0 travers mes articles.","sameAs":["https:\/\/vieassociative.be\/"]}]}},"_links":{"self":[{"href":"https:\/\/vieassociative.be\/actualites\/wp-json\/wp\/v2\/posts\/1884"}],"collection":[{"href":"https:\/\/vieassociative.be\/actualites\/wp-json\/wp\/v2\/posts"}],"about":[{"href":"https:\/\/vieassociative.be\/actualites\/wp-json\/wp\/v2\/types\/post"}],"author":[{"embeddable":true,"href":"https:\/\/vieassociative.be\/actualites\/wp-json\/wp\/v2\/users\/1"}],"replies":[{"embeddable":true,"href":"https:\/\/vieassociative.be\/actualites\/wp-json\/wp\/v2\/comments?post=1884"}],"version-history":[{"count":0,"href":"https:\/\/vieassociative.be\/actualites\/wp-json\/wp\/v2\/posts\/1884\/revisions"}],"wp:featuredmedia":[{"embeddable":true,"href":"https:\/\/vieassociative.be\/actualites\/wp-json\/wp\/v2\/media\/1885"}],"wp:attachment":[{"href":"https:\/\/vieassociative.be\/actualites\/wp-json\/wp\/v2\/media?parent=1884"}],"wp:term":[{"taxonomy":"category","embeddable":true,"href":"https:\/\/vieassociative.be\/actualites\/wp-json\/wp\/v2\/categories?post=1884"},{"taxonomy":"post_tag","embeddable":true,"href":"https:\/\/vieassociative.be\/actualites\/wp-json\/wp\/v2\/tags?post=1884"}],"curies":[{"name":"wp","href":"https:\/\/api.w.org\/{rel}","templated":true}]}}