{"id":1880,"date":"2024-10-31T21:28:50","date_gmt":"2024-10-31T20:28:50","guid":{"rendered":"https:\/\/vieassociative.be\/actualites\/le-prix-de-lor-atteint-un-nouveau-record-avant-les-elections-americaines\/"},"modified":"2024-10-31T21:28:50","modified_gmt":"2024-10-31T20:28:50","slug":"le-prix-de-lor-atteint-un-nouveau-record-avant-les-elections-americaines","status":"publish","type":"post","link":"https:\/\/vieassociative.be\/actualites\/le-prix-de-lor-atteint-un-nouveau-record-avant-les-elections-americaines\/","title":{"rendered":"Le prix de l\u2019or atteint un nouveau record avant les \u00e9lections am\u00e9ricaines"},"content":{"rendered":"<p><strong>La valeur a augment\u00e9 d&rsquo;un tiers depuis le d\u00e9but de l&rsquo;ann\u00e9e. Les experts \u00e9voquent l&rsquo;\u00e9lection pr\u00e9sidentielle aux \u00c9tats-Unis. L\u2019incertitude quant \u00e0 l\u2019issue pousse les investisseurs \u00e0 se tourner vers l\u2019or comme refuge d\u2019investissement.<\/strong><\/p>\n<p><span id=\"more-400778\"><\/span>La chasse aux records du prix de l\u2019or se poursuit. T\u00f4t le matin, un niveau record a \u00e9t\u00e9 atteint pour le m\u00e9tal pr\u00e9cieux \u00e0 la Bourse de Londres pour le troisi\u00e8me jour de bourse cons\u00e9cutif, le plus r\u00e9cemment \u00e0 2 790 dollars l&rsquo;once troy (environ 31,1 grammes). Cependant, dans les \u00e9changes de l&rsquo;apr\u00e8s-midi, un contre-mouvement s&rsquo;est produit qui a fait baisser le prix de l&rsquo;or \u00e0 2 741 $.<\/p>\n<p>Les prises de b\u00e9n\u00e9fices ont \u00e9galement \u00e9t\u00e9 \u00e9videntes lorsqu&rsquo;elles sont calcul\u00e9es en euros, apr\u00e8s que les prix ont atteint pour la derni\u00e8re fois mercredi un niveau record de 2 577 euros l&rsquo;once. Au cours des trois derni\u00e8res semaines, le prix de l\u2019or a fortement augment\u00e9, m\u00eame s\u2019il y a eu des baisses significatives \u00e0 plusieurs reprises. La valeur a d\u00e9sormais augment\u00e9 d&rsquo;un tiers depuis le d\u00e9but de l&rsquo;ann\u00e9e.<\/p>\n<p>Comme lors des s\u00e9ances de bourse pr\u00e9c\u00e9dentes, les observateurs du march\u00e9 ont \u00e9voqu\u00e9 la prochaine \u00e9lection pr\u00e9sidentielle aux \u00c9tats-Unis. L\u2019incertitude quant \u00e0 l\u2019issue des \u00e9lections pousse de plus en plus les investisseurs vers l\u2019or, consid\u00e9r\u00e9 par beaucoup comme une valeur refuge pour les investissements. Le r\u00e9sultat des \u00e9lections de la semaine prochaine est consid\u00e9r\u00e9 comme extr\u00eamement serr\u00e9. Les r\u00e9cents sondages d\u2019opinion ne donnent pas une image claire de l\u2019\u00e9tat d\u2019esprit. (dpa)<\/p>\n","protected":false},"excerpt":{"rendered":"<p>La valeur a augment\u00e9 d&rsquo;un tiers depuis le d\u00e9but de l&rsquo;ann\u00e9e. Les experts \u00e9voquent l&rsquo;\u00e9lection pr\u00e9sidentielle aux \u00c9tats-Unis. L\u2019incertitude quant \u00e0 l\u2019issue pousse les investisseurs<\/p>\n","protected":false},"author":1,"featured_media":1881,"comment_status":"","ping_status":"","sticky":false,"template":"","format":"standard","meta":{"footnotes":""},"categories":[298],"tags":[2570,2567,142,2569,14,2566,553,1399,2568],"class_list":["post-1880","post","type-post","status-publish","format-standard","has-post-thumbnail","hentry","category-belgique","tag-americaines","tag-atteint","tag-avant","tag-elections","tag-les","tag-lor","tag-nouveau","tag-prix","tag-record","generate-columns","tablet-grid-50","mobile-grid-100","grid-parent","grid-33"],"yoast_head":"<!-- This site is optimized with the Yoast SEO plugin v24.0 - https:\/\/yoast.com\/wordpress\/plugins\/seo\/ -->\n<title>Le prix de l\u2019or atteint un nouveau record avant les \u00e9lections am\u00e9ricaines | Vie Associative<\/title>\n<meta name=\"robots\" content=\"index, follow, max-snippet:-1, max-image-preview:large, max-video-preview:-1\" \/>\n<link rel=\"canonical\" href=\"https:\/\/vieassociative.be\/actualites\/le-prix-de-lor-atteint-un-nouveau-record-avant-les-elections-americaines\/\" \/>\n<meta property=\"og:locale\" content=\"fr_FR\" \/>\n<meta property=\"og:type\" content=\"article\" \/>\n<meta property=\"og:title\" content=\"Le prix de l\u2019or atteint un nouveau record avant les \u00e9lections am\u00e9ricaines | Vie Associative\" \/>\n<meta property=\"og:description\" content=\"La valeur a augment\u00e9 d&rsquo;un tiers depuis le d\u00e9but de l&rsquo;ann\u00e9e. Les experts \u00e9voquent l&rsquo;\u00e9lection pr\u00e9sidentielle aux \u00c9tats-Unis. L\u2019incertitude quant \u00e0 l\u2019issue pousse les investisseurs\" \/>\n<meta property=\"og:url\" content=\"https:\/\/vieassociative.be\/actualites\/le-prix-de-lor-atteint-un-nouveau-record-avant-les-elections-americaines\/\" \/>\n<meta property=\"og:site_name\" content=\"Vie Associative\" \/>\n<meta property=\"article:published_time\" content=\"2024-10-31T20:28:50+00:00\" \/>\n<meta property=\"og:image\" content=\"https:\/\/vieassociative.be\/actualites\/wp-content\/uploads\/2024\/09\/header_backgroundk-01-e1726694325946.png\" \/>\n\t<meta property=\"og:image:width\" content=\"279\" \/>\n\t<meta property=\"og:image:height\" content=\"92\" \/>\n\t<meta property=\"og:image:type\" content=\"image\/png\" \/>\n<meta name=\"author\" content=\"Julien\" \/>\n<meta name=\"twitter:card\" content=\"summary_large_image\" \/>\n<meta name=\"twitter:label1\" content=\"\u00c9crit par\" \/>\n\t<meta name=\"twitter:data1\" content=\"Julien\" \/>\n\t<meta name=\"twitter:label2\" content=\"Dur\u00e9e de lecture est.\" \/>\n\t<meta name=\"twitter:data2\" content=\"1 minute\" \/>\n<script type=\"application\/ld+json\" class=\"yoast-schema-graph\">{\"@context\":\"https:\/\/schema.org\",\"@graph\":[{\"@type\":\"Article\",\"@id\":\"https:\/\/vieassociative.be\/actualites\/le-prix-de-lor-atteint-un-nouveau-record-avant-les-elections-americaines\/#article\",\"isPartOf\":{\"@id\":\"https:\/\/vieassociative.be\/actualites\/le-prix-de-lor-atteint-un-nouveau-record-avant-les-elections-americaines\/\"},\"author\":{\"name\":\"Julien\",\"@id\":\"https:\/\/vieassociative.be\/actualites\/#\/schema\/person\/b87ac4f82f9d4e7b7cec7395b679edc4\"},\"headline\":\"Le prix de l\u2019or atteint un nouveau record avant les \u00e9lections am\u00e9ricaines\",\"datePublished\":\"2024-10-31T20:28:50+00:00\",\"dateModified\":\"2024-10-31T20:28:50+00:00\",\"mainEntityOfPage\":{\"@id\":\"https:\/\/vieassociative.be\/actualites\/le-prix-de-lor-atteint-un-nouveau-record-avant-les-elections-americaines\/\"},\"wordCount\":293,\"publisher\":{\"@id\":\"https:\/\/vieassociative.be\/actualites\/#organization\"},\"image\":{\"@id\":\"https:\/\/vieassociative.be\/actualites\/le-prix-de-lor-atteint-un-nouveau-record-avant-les-elections-americaines\/#primaryimage\"},\"thumbnailUrl\":\"https:\/\/vieassociative.be\/actualites\/wp-content\/uploads\/2024\/10\/Le-prix-de-lor-atteint-un-nouveau-record-avant-les.jpg\",\"keywords\":[\"am\u00e9ricaines\",\"atteint\",\"avant\",\"\u00e9lections\",\"Les\",\"lor\",\"nouveau\",\"prix\",\"record\"],\"articleSection\":[\"Belgique\"],\"inLanguage\":\"fr-BE\"},{\"@type\":\"WebPage\",\"@id\":\"https:\/\/vieassociative.be\/actualites\/le-prix-de-lor-atteint-un-nouveau-record-avant-les-elections-americaines\/\",\"url\":\"https:\/\/vieassociative.be\/actualites\/le-prix-de-lor-atteint-un-nouveau-record-avant-les-elections-americaines\/\",\"name\":\"Le prix de l\u2019or atteint un nouveau record avant les \u00e9lections am\u00e9ricaines | Vie Associative\",\"isPartOf\":{\"@id\":\"https:\/\/vieassociative.be\/actualites\/#website\"},\"primaryImageOfPage\":{\"@id\":\"https:\/\/vieassociative.be\/actualites\/le-prix-de-lor-atteint-un-nouveau-record-avant-les-elections-americaines\/#primaryimage\"},\"image\":{\"@id\":\"https:\/\/vieassociative.be\/actualites\/le-prix-de-lor-atteint-un-nouveau-record-avant-les-elections-americaines\/#primaryimage\"},\"thumbnailUrl\":\"https:\/\/vieassociative.be\/actualites\/wp-content\/uploads\/2024\/10\/Le-prix-de-lor-atteint-un-nouveau-record-avant-les.jpg\",\"datePublished\":\"2024-10-31T20:28:50+00:00\",\"dateModified\":\"2024-10-31T20:28:50+00:00\",\"breadcrumb\":{\"@id\":\"https:\/\/vieassociative.be\/actualites\/le-prix-de-lor-atteint-un-nouveau-record-avant-les-elections-americaines\/#breadcrumb\"},\"inLanguage\":\"fr-BE\",\"potentialAction\":[{\"@type\":\"ReadAction\",\"target\":[\"https:\/\/vieassociative.be\/actualites\/le-prix-de-lor-atteint-un-nouveau-record-avant-les-elections-americaines\/\"]}]},{\"@type\":\"ImageObject\",\"inLanguage\":\"fr-BE\",\"@id\":\"https:\/\/vieassociative.be\/actualites\/le-prix-de-lor-atteint-un-nouveau-record-avant-les-elections-americaines\/#primaryimage\",\"url\":\"https:\/\/vieassociative.be\/actualites\/wp-content\/uploads\/2024\/10\/Le-prix-de-lor-atteint-un-nouveau-record-avant-les.jpg\",\"contentUrl\":\"https:\/\/vieassociative.be\/actualites\/wp-content\/uploads\/2024\/10\/Le-prix-de-lor-atteint-un-nouveau-record-avant-les.jpg\",\"width\":1200,\"height\":798,\"caption\":\"Le prix de l\u2019or atteint un nouveau record avant les \u00e9lections am\u00e9ricaines\"},{\"@type\":\"BreadcrumbList\",\"@id\":\"https:\/\/vieassociative.be\/actualites\/le-prix-de-lor-atteint-un-nouveau-record-avant-les-elections-americaines\/#breadcrumb\",\"itemListElement\":[{\"@type\":\"ListItem\",\"position\":1,\"name\":\"Accueil\",\"item\":\"https:\/\/vieassociative.be\/actualites\/\"},{\"@type\":\"ListItem\",\"position\":2,\"name\":\"Le prix de l\u2019or atteint un nouveau record avant les \u00e9lections am\u00e9ricaines\"}]},{\"@type\":\"WebSite\",\"@id\":\"https:\/\/vieassociative.be\/actualites\/#website\",\"url\":\"https:\/\/vieassociative.be\/actualites\/\",\"name\":\"Vie Associative\",\"description\":\"\",\"publisher\":{\"@id\":\"https:\/\/vieassociative.be\/actualites\/#organization\"},\"potentialAction\":[{\"@type\":\"SearchAction\",\"target\":{\"@type\":\"EntryPoint\",\"urlTemplate\":\"https:\/\/vieassociative.be\/actualites\/?s={search_term_string}\"},\"query-input\":{\"@type\":\"PropertyValueSpecification\",\"valueRequired\":true,\"valueName\":\"search_term_string\"}}],\"inLanguage\":\"fr-BE\"},{\"@type\":\"Organization\",\"@id\":\"https:\/\/vieassociative.be\/actualites\/#organization\",\"name\":\"Vie Associative\",\"url\":\"https:\/\/vieassociative.be\/actualites\/\",\"logo\":{\"@type\":\"ImageObject\",\"inLanguage\":\"fr-BE\",\"@id\":\"https:\/\/vieassociative.be\/actualites\/#\/schema\/logo\/image\/\",\"url\":\"https:\/\/vieassociative.be\/actualites\/wp-content\/uploads\/2024\/09\/cropped-vieassociative_favicon.ico.png\",\"contentUrl\":\"https:\/\/vieassociative.be\/actualites\/wp-content\/uploads\/2024\/09\/cropped-vieassociative_favicon.ico.png\",\"width\":512,\"height\":512,\"caption\":\"Vie Associative\"},\"image\":{\"@id\":\"https:\/\/vieassociative.be\/actualites\/#\/schema\/logo\/image\/\"}},{\"@type\":\"Person\",\"@id\":\"https:\/\/vieassociative.be\/actualites\/#\/schema\/person\/b87ac4f82f9d4e7b7cec7395b679edc4\",\"name\":\"Julien\",\"image\":{\"@type\":\"ImageObject\",\"inLanguage\":\"fr-BE\",\"@id\":\"https:\/\/vieassociative.be\/actualites\/#\/schema\/person\/image\/\",\"url\":\"https:\/\/vieassociative.be\/actualites\/wp-content\/uploads\/2024\/09\/vie-associative-1-150x150.jpg\",\"contentUrl\":\"https:\/\/vieassociative.be\/actualites\/wp-content\/uploads\/2024\/09\/vie-associative-1-150x150.jpg\",\"caption\":\"Julien\"},\"description\":\"Je suis Julien, r\u00e9dacteur pour Vie Associative. Passionn\u00e9 par le monde associatif depuis plus de 10 ans, j'ai \u00e0 c\u0153ur de partager des histoires inspirantes et de mettre en lumi\u00e8re les initiatives locales. Mon objectif est de sensibiliser et d'encourager l'engagement communautaire \u00e0 travers mes articles.\",\"sameAs\":[\"https:\/\/vieassociative.be\/\"]}]}<\/script>\n<!-- \/ Yoast SEO plugin. -->","yoast_head_json":{"title":"Le prix de l\u2019or atteint un nouveau record avant les \u00e9lections am\u00e9ricaines | Vie Associative","robots":{"index":"index","follow":"follow","max-snippet":"max-snippet:-1","max-image-preview":"max-image-preview:large","max-video-preview":"max-video-preview:-1"},"canonical":"https:\/\/vieassociative.be\/actualites\/le-prix-de-lor-atteint-un-nouveau-record-avant-les-elections-americaines\/","og_locale":"fr_FR","og_type":"article","og_title":"Le prix de l\u2019or atteint un nouveau record avant les \u00e9lections am\u00e9ricaines | Vie Associative","og_description":"La valeur a augment\u00e9 d&rsquo;un tiers depuis le d\u00e9but de l&rsquo;ann\u00e9e. Les experts \u00e9voquent l&rsquo;\u00e9lection pr\u00e9sidentielle aux \u00c9tats-Unis. L\u2019incertitude quant \u00e0 l\u2019issue pousse les investisseurs","og_url":"https:\/\/vieassociative.be\/actualites\/le-prix-de-lor-atteint-un-nouveau-record-avant-les-elections-americaines\/","og_site_name":"Vie Associative","article_published_time":"2024-10-31T20:28:50+00:00","og_image":[{"width":279,"height":92,"url":"https:\/\/vieassociative.be\/actualites\/wp-content\/uploads\/2024\/09\/header_backgroundk-01-e1726694325946.png","type":"image\/png"}],"author":"Julien","twitter_card":"summary_large_image","twitter_misc":{"\u00c9crit par":"Julien","Dur\u00e9e de lecture est.":"1 minute"},"schema":{"@context":"https:\/\/schema.org","@graph":[{"@type":"Article","@id":"https:\/\/vieassociative.be\/actualites\/le-prix-de-lor-atteint-un-nouveau-record-avant-les-elections-americaines\/#article","isPartOf":{"@id":"https:\/\/vieassociative.be\/actualites\/le-prix-de-lor-atteint-un-nouveau-record-avant-les-elections-americaines\/"},"author":{"name":"Julien","@id":"https:\/\/vieassociative.be\/actualites\/#\/schema\/person\/b87ac4f82f9d4e7b7cec7395b679edc4"},"headline":"Le prix de l\u2019or atteint un nouveau record avant les \u00e9lections am\u00e9ricaines","datePublished":"2024-10-31T20:28:50+00:00","dateModified":"2024-10-31T20:28:50+00:00","mainEntityOfPage":{"@id":"https:\/\/vieassociative.be\/actualites\/le-prix-de-lor-atteint-un-nouveau-record-avant-les-elections-americaines\/"},"wordCount":293,"publisher":{"@id":"https:\/\/vieassociative.be\/actualites\/#organization"},"image":{"@id":"https:\/\/vieassociative.be\/actualites\/le-prix-de-lor-atteint-un-nouveau-record-avant-les-elections-americaines\/#primaryimage"},"thumbnailUrl":"https:\/\/vieassociative.be\/actualites\/wp-content\/uploads\/2024\/10\/Le-prix-de-lor-atteint-un-nouveau-record-avant-les.jpg","keywords":["am\u00e9ricaines","atteint","avant","\u00e9lections","Les","lor","nouveau","prix","record"],"articleSection":["Belgique"],"inLanguage":"fr-BE"},{"@type":"WebPage","@id":"https:\/\/vieassociative.be\/actualites\/le-prix-de-lor-atteint-un-nouveau-record-avant-les-elections-americaines\/","url":"https:\/\/vieassociative.be\/actualites\/le-prix-de-lor-atteint-un-nouveau-record-avant-les-elections-americaines\/","name":"Le prix de l\u2019or atteint un nouveau record avant les \u00e9lections am\u00e9ricaines | Vie Associative","isPartOf":{"@id":"https:\/\/vieassociative.be\/actualites\/#website"},"primaryImageOfPage":{"@id":"https:\/\/vieassociative.be\/actualites\/le-prix-de-lor-atteint-un-nouveau-record-avant-les-elections-americaines\/#primaryimage"},"image":{"@id":"https:\/\/vieassociative.be\/actualites\/le-prix-de-lor-atteint-un-nouveau-record-avant-les-elections-americaines\/#primaryimage"},"thumbnailUrl":"https:\/\/vieassociative.be\/actualites\/wp-content\/uploads\/2024\/10\/Le-prix-de-lor-atteint-un-nouveau-record-avant-les.jpg","datePublished":"2024-10-31T20:28:50+00:00","dateModified":"2024-10-31T20:28:50+00:00","breadcrumb":{"@id":"https:\/\/vieassociative.be\/actualites\/le-prix-de-lor-atteint-un-nouveau-record-avant-les-elections-americaines\/#breadcrumb"},"inLanguage":"fr-BE","potentialAction":[{"@type":"ReadAction","target":["https:\/\/vieassociative.be\/actualites\/le-prix-de-lor-atteint-un-nouveau-record-avant-les-elections-americaines\/"]}]},{"@type":"ImageObject","inLanguage":"fr-BE","@id":"https:\/\/vieassociative.be\/actualites\/le-prix-de-lor-atteint-un-nouveau-record-avant-les-elections-americaines\/#primaryimage","url":"https:\/\/vieassociative.be\/actualites\/wp-content\/uploads\/2024\/10\/Le-prix-de-lor-atteint-un-nouveau-record-avant-les.jpg","contentUrl":"https:\/\/vieassociative.be\/actualites\/wp-content\/uploads\/2024\/10\/Le-prix-de-lor-atteint-un-nouveau-record-avant-les.jpg","width":1200,"height":798,"caption":"Le prix de l\u2019or atteint un nouveau record avant les \u00e9lections am\u00e9ricaines"},{"@type":"BreadcrumbList","@id":"https:\/\/vieassociative.be\/actualites\/le-prix-de-lor-atteint-un-nouveau-record-avant-les-elections-americaines\/#breadcrumb","itemListElement":[{"@type":"ListItem","position":1,"name":"Accueil","item":"https:\/\/vieassociative.be\/actualites\/"},{"@type":"ListItem","position":2,"name":"Le prix de l\u2019or atteint un nouveau record avant les \u00e9lections am\u00e9ricaines"}]},{"@type":"WebSite","@id":"https:\/\/vieassociative.be\/actualites\/#website","url":"https:\/\/vieassociative.be\/actualites\/","name":"Vie Associative","description":"","publisher":{"@id":"https:\/\/vieassociative.be\/actualites\/#organization"},"potentialAction":[{"@type":"SearchAction","target":{"@type":"EntryPoint","urlTemplate":"https:\/\/vieassociative.be\/actualites\/?s={search_term_string}"},"query-input":{"@type":"PropertyValueSpecification","valueRequired":true,"valueName":"search_term_string"}}],"inLanguage":"fr-BE"},{"@type":"Organization","@id":"https:\/\/vieassociative.be\/actualites\/#organization","name":"Vie Associative","url":"https:\/\/vieassociative.be\/actualites\/","logo":{"@type":"ImageObject","inLanguage":"fr-BE","@id":"https:\/\/vieassociative.be\/actualites\/#\/schema\/logo\/image\/","url":"https:\/\/vieassociative.be\/actualites\/wp-content\/uploads\/2024\/09\/cropped-vieassociative_favicon.ico.png","contentUrl":"https:\/\/vieassociative.be\/actualites\/wp-content\/uploads\/2024\/09\/cropped-vieassociative_favicon.ico.png","width":512,"height":512,"caption":"Vie Associative"},"image":{"@id":"https:\/\/vieassociative.be\/actualites\/#\/schema\/logo\/image\/"}},{"@type":"Person","@id":"https:\/\/vieassociative.be\/actualites\/#\/schema\/person\/b87ac4f82f9d4e7b7cec7395b679edc4","name":"Julien","image":{"@type":"ImageObject","inLanguage":"fr-BE","@id":"https:\/\/vieassociative.be\/actualites\/#\/schema\/person\/image\/","url":"https:\/\/vieassociative.be\/actualites\/wp-content\/uploads\/2024\/09\/vie-associative-1-150x150.jpg","contentUrl":"https:\/\/vieassociative.be\/actualites\/wp-content\/uploads\/2024\/09\/vie-associative-1-150x150.jpg","caption":"Julien"},"description":"Je suis Julien, r\u00e9dacteur pour Vie Associative. Passionn\u00e9 par le monde associatif depuis plus de 10 ans, j'ai \u00e0 c\u0153ur de partager des histoires inspirantes et de mettre en lumi\u00e8re les initiatives locales. Mon objectif est de sensibiliser et d'encourager l'engagement communautaire \u00e0 travers mes articles.","sameAs":["https:\/\/vieassociative.be\/"]}]}},"_links":{"self":[{"href":"https:\/\/vieassociative.be\/actualites\/wp-json\/wp\/v2\/posts\/1880"}],"collection":[{"href":"https:\/\/vieassociative.be\/actualites\/wp-json\/wp\/v2\/posts"}],"about":[{"href":"https:\/\/vieassociative.be\/actualites\/wp-json\/wp\/v2\/types\/post"}],"author":[{"embeddable":true,"href":"https:\/\/vieassociative.be\/actualites\/wp-json\/wp\/v2\/users\/1"}],"replies":[{"embeddable":true,"href":"https:\/\/vieassociative.be\/actualites\/wp-json\/wp\/v2\/comments?post=1880"}],"version-history":[{"count":0,"href":"https:\/\/vieassociative.be\/actualites\/wp-json\/wp\/v2\/posts\/1880\/revisions"}],"wp:featuredmedia":[{"embeddable":true,"href":"https:\/\/vieassociative.be\/actualites\/wp-json\/wp\/v2\/media\/1881"}],"wp:attachment":[{"href":"https:\/\/vieassociative.be\/actualites\/wp-json\/wp\/v2\/media?parent=1880"}],"wp:term":[{"taxonomy":"category","embeddable":true,"href":"https:\/\/vieassociative.be\/actualites\/wp-json\/wp\/v2\/categories?post=1880"},{"taxonomy":"post_tag","embeddable":true,"href":"https:\/\/vieassociative.be\/actualites\/wp-json\/wp\/v2\/tags?post=1880"}],"curies":[{"name":"wp","href":"https:\/\/api.w.org\/{rel}","templated":true}]}}